{"id":25173,"date":"2020-07-27T21:42:45","date_gmt":"2020-07-27T19:42:45","guid":{"rendered":"https:\/\/hijascaridad.sjdigitaldemo.ovh\/laudato-si-awareness-raising-while-social-distancing-5-2\/"},"modified":"2024-03-17T18:28:12","modified_gmt":"2024-03-17T17:28:12","slug":"laudato-si-awareness-raising-while-social-distancing-5-2","status":"publish","type":"post","link":"https:\/\/filles-de-la-charite.org\/pt-pt\/laudato-si-awareness-raising-while-social-distancing-5-2\/","title":{"rendered":"Laudato Si\u2019 \u2013 sensibiliza\u00e7\u00e3o ao mesmo tempo que \u201cdistanciamento social\u201d"},"content":{"rendered":"\n<div class=\"wp-block-image\"><figure class=\"alignleft\"><img decoding=\"async\" src=\"https:\/\/filles-de-la-charite.org\/wp-content\/uploads\/2023\/06\/0726-Laudato-Si-thmb.jpg\" alt=\"\" class=\"wp-image-41205\" \/><\/figure><\/div>\n\n\n\n<p><strong><span style=\"color: #929292\"><\/span><\/strong>Diz-se que a for\u00e7a e a estabilidade est\u00e3o entre as qualidades a celebrar num quinto anivers\u00e1rio&#8221;. Ao designar 2020 como o in\u00edcio de um &#8220;plano plurianual de lan\u00e7amento do Laudato Si&#8221;, o Papa Francisco convida-nos a refor\u00e7ar e estabilizar a nossa f\u00e9 de uma nova forma.&nbsp; O subt\u00edtulo &#8220;sobre os cuidados com a nossa casa comum&#8221;, n\u00e3o \u00e9 o que normalmente se espera num documento do Vaticano &#8211; para muitos n\u00e3o \u00e9 &#8220;santo&#8221; o suficiente &#8211; na compreens\u00e3o convencional dessa palavra. Embora seja uma letra longa, compreendendo 246 par\u00e1grafos, o conte\u00fado \u00e9 acess\u00edvel e est\u00e1 escrito num estilo f\u00e1cil e prontamente dispon\u00edvel e uma leitura muito v\u00e1lida.<\/p>\n\n\n\n<p>Em Junho de 2020, um grupo ad hoc &#8220;zoom&#8221; de 12 homens e mulheres formou-se em Belfast para ler e partilhar em &#8220;Laudato Si&#8221; &#8211; durante um per\u00edodo de quatro semanas. Este meio contempor\u00e2neo ofereceu a oportunidade a cada participante de encontrar uma voz. Foi uma experi\u00eancia enriquecedora e valiosa para todos os interessados. Alguns nunca tinham ouvido falar do documento! Outros conheciam-no mas, uma vez que a sua import\u00e2ncia n\u00e3o foi real\u00e7ada na Igreja, deixou rapidamente a sua mem\u00f3ria. Um participante comentou: &#8220;Nunca pensei que iria gostar de ler uma carta de um Papa! \u00c9 maravilhoso&#8221;. Foi de facto, durante essas quatro semanas, uma forma agrad\u00e1vel de fortalecer a nossa f\u00e9. Foram solicitadas mais conversas para construir sobre a aprendizagem rec\u00e9m-descoberta.<\/p>\n\n\n\n<div class=\"wp-block-image\"><figure class=\"aligncenter\"><img decoding=\"async\" src=\"https:\/\/filles-de-la-charite.org\/wp-content\/uploads\/2023\/06\/0726-Laudato-Si-1.jpg\" alt=\"\" class=\"wp-image-41203\" \/><\/figure><\/div>\n\n\n\n<p>A fim de agu\u00e7ar a vontade e gerar discuss\u00e3o, foram seleccionados quatro temas, a <strong>nossa casa comum<\/strong>, <strong>ecologia integral, amor social &#8211; um di\u00e1logo e a alegria da nossa esperan\u00e7a.&nbsp; <\/strong>Estes tra\u00e7aram uma viagem pessoal atrav\u00e9s do documento.&nbsp; Os par\u00e1grafos de &#8220;Laudato Si&#8221; foram escolhidos para estimular o maior n\u00famero de pontos de vista poss\u00edvel, uma amostra \u00e9 inclu\u00edda abaixo. Todas as semanas foi enviado um e-mail aos participantes antes do nosso &#8220;zooming&#8221;. O bloqueio causado pelo coronav\u00edrus tem muito poucos ou nenhuns impactos valiosos &#8211; mas este empreendimento valeu muito a pena e poderia servir de modelo para outros grupos interessados.<\/p>\n\n\n\n<p id=\"block-51796293-ebff-495e-864e-d22fe748ea0c\"><strong>O amor \u00e9 a chave para um desenvolvimento aut\u00eantico&#8230; para encorajar uma &#8220;cultura de cuidados&#8221; que permeia toda a sociedade. 231<\/strong><\/p>\n\n\n\n<p><strong>Amor Social &#8211; o di\u00e1logo<\/strong><\/p>\n\n\n\n<p>Hoje, por\u00e9m, temos de perceber que uma verdadeira abordagem ecol\u00f3gica torna-se sempre uma abordagem social; deve integrar as quest\u00f5es de justi\u00e7a nos debates sobre o ambiente, de modo a ouvir tanto o grito da terra como o grito dos pobres. 49, 74, 93,162, 165, 170,171<\/p>\n\n\n\n<p>Inter-generational solidarity is not optional, but rather a basic question of justice, since the world we have received also belongs to those who will followus. 159,161,162, 166, 168, 172, 173, 174, 175&nbsp;&nbsp;<\/p>\n\n\n\n<p class=\"has-text-align-right\"><span style=\"color: #0000ff\"><i>Ir. Anna Byrne, Filha da Caridade<\/i><\/span><\/p>\n","protected":false},"excerpt":{"rendered":"<p>Diz-se que a for\u00e7a e a estabilidade est\u00e3o entre as qualidades a celebrar num quinto anivers\u00e1rio&#8221;. Ao designar 2020 como o in\u00edcio de um &#8220;plano plurianual de lan\u00e7amento do Laudato Si&#8221;, o Papa Francisco convida-nos a refor\u00e7ar e estabilizar a nossa f\u00e9 de uma nova forma.&nbsp; O subt\u00edtulo &#8220;sobre os cuidados com a nossa casa [&hellip;]<\/p>\n","protected":false},"author":1,"featured_media":14931,"comment_status":"closed","ping_status":"closed","sticky":false,"template":"","format":"standard","meta":{"_acf_changed":false,"_et_pb_use_builder":"","_et_pb_old_content":"","_et_gb_content_width":"","footnotes":"","_links_to":"","_links_to_target":""},"categories":[606],"tags":[],"class_list":["post-25173","post","type-post","status-publish","format-standard","has-post-thumbnail","hentry","category-irlanda-pt-pt"],"acf":[],"yoast_head":"<!-- This site is optimized with the Yoast SEO plugin v27.5 - https:\/\/yoast.com\/product\/yoast-seo-wordpress\/ -->\n<title>Laudato Si\u2019 \u2013 sensibiliza\u00e7\u00e3o ao mesmo tempo que \u201cdistanciamento social\u201d - Filles de la Charit\u00e9<\/title>\n<meta name=\"robots\" content=\"index, follow, max-snippet:-1, max-image-preview:large, max-video-preview:-1\" \/>\n<link rel=\"canonical\" href=\"https:\/\/filles-de-la-charite.org\/pt-pt\/laudato-si-awareness-raising-while-social-distancing-5-2\/\" \/>\n<meta property=\"og:locale\" content=\"pt_PT\" \/>\n<meta property=\"og:type\" content=\"article\" \/>\n<meta property=\"og:title\" content=\"Laudato Si\u2019 \u2013 sensibiliza\u00e7\u00e3o ao mesmo tempo que \u201cdistanciamento social\u201d - Filles de la Charit\u00e9\" \/>\n<meta property=\"og:description\" content=\"Diz-se que a for\u00e7a e a estabilidade est\u00e3o entre as qualidades a celebrar num quinto anivers\u00e1rio&#8221;. Ao designar 2020 como o in\u00edcio de um &#8220;plano plurianual de lan\u00e7amento do Laudato Si&#8221;, o Papa Francisco convida-nos a refor\u00e7ar e estabilizar a nossa f\u00e9 de uma nova forma.&nbsp; O subt\u00edtulo &#8220;sobre os cuidados com a nossa casa [&hellip;]\" \/>\n<meta property=\"og:url\" content=\"https:\/\/filles-de-la-charite.org\/pt-pt\/laudato-si-awareness-raising-while-social-distancing-5-2\/\" \/>\n<meta property=\"og:site_name\" content=\"Filles de la Charit\u00e9\" \/>\n<meta property=\"article:published_time\" content=\"2020-07-27T19:42:45+00:00\" \/>\n<meta property=\"article:modified_time\" content=\"2024-03-17T17:28:12+00:00\" \/>\n<meta property=\"og:image\" content=\"https:\/\/filles-de-la-charite.org\/wp-content\/uploads\/2023\/06\/0726-Laudato-Si-FTD.jpg\" \/>\n\t<meta property=\"og:image:width\" content=\"1200\" \/>\n\t<meta property=\"og:image:height\" content=\"630\" \/>\n\t<meta property=\"og:image:type\" content=\"image\/jpeg\" \/>\n<meta name=\"author\" content=\"admin\" \/>\n<meta name=\"twitter:card\" content=\"summary_large_image\" \/>\n<meta name=\"twitter:label1\" content=\"Escrito por\" \/>\n\t<meta name=\"twitter:data1\" content=\"admin\" \/>\n\t<meta name=\"twitter:label2\" content=\"Tempo estimado de leitura\" \/>\n\t<meta name=\"twitter:data2\" content=\"2 minutos\" \/>\n<script type=\"application\/ld+json\" class=\"yoast-schema-graph\">{\"@context\":\"https:\\\/\\\/schema.org\",\"@graph\":[{\"@type\":\"Article\",\"@id\":\"https:\\\/\\\/filles-de-la-charite.org\\\/pt-pt\\\/laudato-si-awareness-raising-while-social-distancing-5-2\\\/#article\",\"isPartOf\":{\"@id\":\"https:\\\/\\\/filles-de-la-charite.org\\\/pt-pt\\\/laudato-si-awareness-raising-while-social-distancing-5-2\\\/\"},\"author\":{\"name\":\"admin\",\"@id\":\"https:\\\/\\\/filles-de-la-charite.org\\\/pt-pt\\\/#\\\/schema\\\/person\\\/427567b2eccfc2dd7d206da186a1f438\"},\"headline\":\"Laudato Si\u2019 \u2013 sensibiliza\u00e7\u00e3o ao mesmo tempo que \u201cdistanciamento social\u201d\",\"datePublished\":\"2020-07-27T19:42:45+00:00\",\"dateModified\":\"2024-03-17T17:28:12+00:00\",\"mainEntityOfPage\":{\"@id\":\"https:\\\/\\\/filles-de-la-charite.org\\\/pt-pt\\\/laudato-si-awareness-raising-while-social-distancing-5-2\\\/\"},\"wordCount\":474,\"publisher\":{\"@id\":\"https:\\\/\\\/filles-de-la-charite.org\\\/pt-pt\\\/#organization\"},\"image\":{\"@id\":\"https:\\\/\\\/filles-de-la-charite.org\\\/pt-pt\\\/laudato-si-awareness-raising-while-social-distancing-5-2\\\/#primaryimage\"},\"thumbnailUrl\":\"https:\\\/\\\/filles-de-la-charite.org\\\/wp-content\\\/uploads\\\/2023\\\/06\\\/0726-Laudato-Si-FTD.jpg\",\"articleSection\":[\"Irlanda\"],\"inLanguage\":\"pt-PT\"},{\"@type\":\"WebPage\",\"@id\":\"https:\\\/\\\/filles-de-la-charite.org\\\/pt-pt\\\/laudato-si-awareness-raising-while-social-distancing-5-2\\\/\",\"url\":\"https:\\\/\\\/filles-de-la-charite.org\\\/pt-pt\\\/laudato-si-awareness-raising-while-social-distancing-5-2\\\/\",\"name\":\"Laudato Si\u2019 \u2013 sensibiliza\u00e7\u00e3o ao mesmo tempo que \u201cdistanciamento social\u201d - Filles de la Charit\u00e9\",\"isPartOf\":{\"@id\":\"https:\\\/\\\/filles-de-la-charite.org\\\/pt-pt\\\/#website\"},\"primaryImageOfPage\":{\"@id\":\"https:\\\/\\\/filles-de-la-charite.org\\\/pt-pt\\\/laudato-si-awareness-raising-while-social-distancing-5-2\\\/#primaryimage\"},\"image\":{\"@id\":\"https:\\\/\\\/filles-de-la-charite.org\\\/pt-pt\\\/laudato-si-awareness-raising-while-social-distancing-5-2\\\/#primaryimage\"},\"thumbnailUrl\":\"https:\\\/\\\/filles-de-la-charite.org\\\/wp-content\\\/uploads\\\/2023\\\/06\\\/0726-Laudato-Si-FTD.jpg\",\"datePublished\":\"2020-07-27T19:42:45+00:00\",\"dateModified\":\"2024-03-17T17:28:12+00:00\",\"breadcrumb\":{\"@id\":\"https:\\\/\\\/filles-de-la-charite.org\\\/pt-pt\\\/laudato-si-awareness-raising-while-social-distancing-5-2\\\/#breadcrumb\"},\"inLanguage\":\"pt-PT\",\"potentialAction\":[{\"@type\":\"ReadAction\",\"target\":[\"https:\\\/\\\/filles-de-la-charite.org\\\/pt-pt\\\/laudato-si-awareness-raising-while-social-distancing-5-2\\\/\"]}]},{\"@type\":\"ImageObject\",\"inLanguage\":\"pt-PT\",\"@id\":\"https:\\\/\\\/filles-de-la-charite.org\\\/pt-pt\\\/laudato-si-awareness-raising-while-social-distancing-5-2\\\/#primaryimage\",\"url\":\"https:\\\/\\\/filles-de-la-charite.org\\\/wp-content\\\/uploads\\\/2023\\\/06\\\/0726-Laudato-Si-FTD.jpg\",\"contentUrl\":\"https:\\\/\\\/filles-de-la-charite.org\\\/wp-content\\\/uploads\\\/2023\\\/06\\\/0726-Laudato-Si-FTD.jpg\",\"width\":1200,\"height\":630},{\"@type\":\"BreadcrumbList\",\"@id\":\"https:\\\/\\\/filles-de-la-charite.org\\\/pt-pt\\\/laudato-si-awareness-raising-while-social-distancing-5-2\\\/#breadcrumb\",\"itemListElement\":[{\"@type\":\"ListItem\",\"position\":1,\"name\":\"Espa\u00f1a-Norte\",\"item\":\"https:\\\/\\\/filles-de-la-charite.org\\\/pt-pt\\\/category\\\/espana-norte-pt-pt\\\/\"},{\"@type\":\"ListItem\",\"position\":2,\"name\":\"Laudato Si\u2019 \u2013 sensibiliza\u00e7\u00e3o ao mesmo tempo que \u201cdistanciamento social\u201d\"}]},{\"@type\":\"WebSite\",\"@id\":\"https:\\\/\\\/filles-de-la-charite.org\\\/pt-pt\\\/#website\",\"url\":\"https:\\\/\\\/filles-de-la-charite.org\\\/pt-pt\\\/\",\"name\":\"Hijas de la Caridad\",\"description\":\"L\u2019amour de J\u00e9sus nous presse \u00e0 prendre soin des personnes les plus d\u00e9munies\",\"publisher\":{\"@id\":\"https:\\\/\\\/filles-de-la-charite.org\\\/pt-pt\\\/#organization\"},\"potentialAction\":[{\"@type\":\"SearchAction\",\"target\":{\"@type\":\"EntryPoint\",\"urlTemplate\":\"https:\\\/\\\/filles-de-la-charite.org\\\/pt-pt\\\/?s={search_term_string}\"},\"query-input\":{\"@type\":\"PropertyValueSpecification\",\"valueRequired\":true,\"valueName\":\"search_term_string\"}}],\"inLanguage\":\"pt-PT\"},{\"@type\":\"Organization\",\"@id\":\"https:\\\/\\\/filles-de-la-charite.org\\\/pt-pt\\\/#organization\",\"name\":\"Hijas de la Caridad\",\"url\":\"https:\\\/\\\/filles-de-la-charite.org\\\/pt-pt\\\/\",\"logo\":{\"@type\":\"ImageObject\",\"inLanguage\":\"pt-PT\",\"@id\":\"https:\\\/\\\/filles-de-la-charite.org\\\/pt-pt\\\/#\\\/schema\\\/logo\\\/image\\\/\",\"url\":\"https:\\\/\\\/filles-de-la-charite.org\\\/wp-content\\\/uploads\\\/2023\\\/03\\\/isotipo-Hijas-de-la-Caridad.png\",\"contentUrl\":\"https:\\\/\\\/filles-de-la-charite.org\\\/wp-content\\\/uploads\\\/2023\\\/03\\\/isotipo-Hijas-de-la-Caridad.png\",\"width\":1417,\"height\":1417,\"caption\":\"Hijas de la Caridad\"},\"image\":{\"@id\":\"https:\\\/\\\/filles-de-la-charite.org\\\/pt-pt\\\/#\\\/schema\\\/logo\\\/image\\\/\"}},{\"@type\":\"Person\",\"@id\":\"https:\\\/\\\/filles-de-la-charite.org\\\/pt-pt\\\/#\\\/schema\\\/person\\\/427567b2eccfc2dd7d206da186a1f438\",\"name\":\"admin\",\"image\":{\"@type\":\"ImageObject\",\"inLanguage\":\"pt-PT\",\"@id\":\"https:\\\/\\\/secure.gravatar.com\\\/avatar\\\/948b492cce32b586ac2db0eaa926ee87024f7afe218d73b397ea5ddfc5f43ea1?s=96&d=mm&r=g\",\"url\":\"https:\\\/\\\/secure.gravatar.com\\\/avatar\\\/948b492cce32b586ac2db0eaa926ee87024f7afe218d73b397ea5ddfc5f43ea1?s=96&d=mm&r=g\",\"contentUrl\":\"https:\\\/\\\/secure.gravatar.com\\\/avatar\\\/948b492cce32b586ac2db0eaa926ee87024f7afe218d73b397ea5ddfc5f43ea1?s=96&d=mm&r=g\",\"caption\":\"admin\"},\"sameAs\":[\"https:\\\/\\\/filles-de-la-charite.org\"],\"url\":\"https:\\\/\\\/filles-de-la-charite.org\\\/pt-pt\\\/author\\\/caridad\\\/\"}]}<\/script>\n<!-- \/ Yoast SEO plugin. -->","yoast_head_json":{"title":"Laudato Si\u2019 \u2013 sensibiliza\u00e7\u00e3o ao mesmo tempo que \u201cdistanciamento social\u201d - Filles de la Charit\u00e9","robots":{"index":"index","follow":"follow","max-snippet":"max-snippet:-1","max-image-preview":"max-image-preview:large","max-video-preview":"max-video-preview:-1"},"canonical":"https:\/\/filles-de-la-charite.org\/pt-pt\/laudato-si-awareness-raising-while-social-distancing-5-2\/","og_locale":"pt_PT","og_type":"article","og_title":"Laudato Si\u2019 \u2013 sensibiliza\u00e7\u00e3o ao mesmo tempo que \u201cdistanciamento social\u201d - Filles de la Charit\u00e9","og_description":"Diz-se que a for\u00e7a e a estabilidade est\u00e3o entre as qualidades a celebrar num quinto anivers\u00e1rio&#8221;. Ao designar 2020 como o in\u00edcio de um &#8220;plano plurianual de lan\u00e7amento do Laudato Si&#8221;, o Papa Francisco convida-nos a refor\u00e7ar e estabilizar a nossa f\u00e9 de uma nova forma.&nbsp; O subt\u00edtulo &#8220;sobre os cuidados com a nossa casa [&hellip;]","og_url":"https:\/\/filles-de-la-charite.org\/pt-pt\/laudato-si-awareness-raising-while-social-distancing-5-2\/","og_site_name":"Filles de la Charit\u00e9","article_published_time":"2020-07-27T19:42:45+00:00","article_modified_time":"2024-03-17T17:28:12+00:00","og_image":[{"width":1200,"height":630,"url":"https:\/\/filles-de-la-charite.org\/wp-content\/uploads\/2023\/06\/0726-Laudato-Si-FTD.jpg","type":"image\/jpeg"}],"author":"admin","twitter_card":"summary_large_image","twitter_misc":{"Escrito por":"admin","Tempo estimado de leitura":"2 minutos"},"schema":{"@context":"https:\/\/schema.org","@graph":[{"@type":"Article","@id":"https:\/\/filles-de-la-charite.org\/pt-pt\/laudato-si-awareness-raising-while-social-distancing-5-2\/#article","isPartOf":{"@id":"https:\/\/filles-de-la-charite.org\/pt-pt\/laudato-si-awareness-raising-while-social-distancing-5-2\/"},"author":{"name":"admin","@id":"https:\/\/filles-de-la-charite.org\/pt-pt\/#\/schema\/person\/427567b2eccfc2dd7d206da186a1f438"},"headline":"Laudato Si\u2019 \u2013 sensibiliza\u00e7\u00e3o ao mesmo tempo que \u201cdistanciamento social\u201d","datePublished":"2020-07-27T19:42:45+00:00","dateModified":"2024-03-17T17:28:12+00:00","mainEntityOfPage":{"@id":"https:\/\/filles-de-la-charite.org\/pt-pt\/laudato-si-awareness-raising-while-social-distancing-5-2\/"},"wordCount":474,"publisher":{"@id":"https:\/\/filles-de-la-charite.org\/pt-pt\/#organization"},"image":{"@id":"https:\/\/filles-de-la-charite.org\/pt-pt\/laudato-si-awareness-raising-while-social-distancing-5-2\/#primaryimage"},"thumbnailUrl":"https:\/\/filles-de-la-charite.org\/wp-content\/uploads\/2023\/06\/0726-Laudato-Si-FTD.jpg","articleSection":["Irlanda"],"inLanguage":"pt-PT"},{"@type":"WebPage","@id":"https:\/\/filles-de-la-charite.org\/pt-pt\/laudato-si-awareness-raising-while-social-distancing-5-2\/","url":"https:\/\/filles-de-la-charite.org\/pt-pt\/laudato-si-awareness-raising-while-social-distancing-5-2\/","name":"Laudato Si\u2019 \u2013 sensibiliza\u00e7\u00e3o ao mesmo tempo que \u201cdistanciamento social\u201d - Filles de la Charit\u00e9","isPartOf":{"@id":"https:\/\/filles-de-la-charite.org\/pt-pt\/#website"},"primaryImageOfPage":{"@id":"https:\/\/filles-de-la-charite.org\/pt-pt\/laudato-si-awareness-raising-while-social-distancing-5-2\/#primaryimage"},"image":{"@id":"https:\/\/filles-de-la-charite.org\/pt-pt\/laudato-si-awareness-raising-while-social-distancing-5-2\/#primaryimage"},"thumbnailUrl":"https:\/\/filles-de-la-charite.org\/wp-content\/uploads\/2023\/06\/0726-Laudato-Si-FTD.jpg","datePublished":"2020-07-27T19:42:45+00:00","dateModified":"2024-03-17T17:28:12+00:00","breadcrumb":{"@id":"https:\/\/filles-de-la-charite.org\/pt-pt\/laudato-si-awareness-raising-while-social-distancing-5-2\/#breadcrumb"},"inLanguage":"pt-PT","potentialAction":[{"@type":"ReadAction","target":["https:\/\/filles-de-la-charite.org\/pt-pt\/laudato-si-awareness-raising-while-social-distancing-5-2\/"]}]},{"@type":"ImageObject","inLanguage":"pt-PT","@id":"https:\/\/filles-de-la-charite.org\/pt-pt\/laudato-si-awareness-raising-while-social-distancing-5-2\/#primaryimage","url":"https:\/\/filles-de-la-charite.org\/wp-content\/uploads\/2023\/06\/0726-Laudato-Si-FTD.jpg","contentUrl":"https:\/\/filles-de-la-charite.org\/wp-content\/uploads\/2023\/06\/0726-Laudato-Si-FTD.jpg","width":1200,"height":630},{"@type":"BreadcrumbList","@id":"https:\/\/filles-de-la-charite.org\/pt-pt\/laudato-si-awareness-raising-while-social-distancing-5-2\/#breadcrumb","itemListElement":[{"@type":"ListItem","position":1,"name":"Espa\u00f1a-Norte","item":"https:\/\/filles-de-la-charite.org\/pt-pt\/category\/espana-norte-pt-pt\/"},{"@type":"ListItem","position":2,"name":"Laudato Si\u2019 \u2013 sensibiliza\u00e7\u00e3o ao mesmo tempo que \u201cdistanciamento social\u201d"}]},{"@type":"WebSite","@id":"https:\/\/filles-de-la-charite.org\/pt-pt\/#website","url":"https:\/\/filles-de-la-charite.org\/pt-pt\/","name":"Hijas de la Caridad","description":"L\u2019amour de J\u00e9sus nous presse \u00e0 prendre soin des personnes les plus d\u00e9munies","publisher":{"@id":"https:\/\/filles-de-la-charite.org\/pt-pt\/#organization"},"potentialAction":[{"@type":"SearchAction","target":{"@type":"EntryPoint","urlTemplate":"https:\/\/filles-de-la-charite.org\/pt-pt\/?s={search_term_string}"},"query-input":{"@type":"PropertyValueSpecification","valueRequired":true,"valueName":"search_term_string"}}],"inLanguage":"pt-PT"},{"@type":"Organization","@id":"https:\/\/filles-de-la-charite.org\/pt-pt\/#organization","name":"Hijas de la Caridad","url":"https:\/\/filles-de-la-charite.org\/pt-pt\/","logo":{"@type":"ImageObject","inLanguage":"pt-PT","@id":"https:\/\/filles-de-la-charite.org\/pt-pt\/#\/schema\/logo\/image\/","url":"https:\/\/filles-de-la-charite.org\/wp-content\/uploads\/2023\/03\/isotipo-Hijas-de-la-Caridad.png","contentUrl":"https:\/\/filles-de-la-charite.org\/wp-content\/uploads\/2023\/03\/isotipo-Hijas-de-la-Caridad.png","width":1417,"height":1417,"caption":"Hijas de la Caridad"},"image":{"@id":"https:\/\/filles-de-la-charite.org\/pt-pt\/#\/schema\/logo\/image\/"}},{"@type":"Person","@id":"https:\/\/filles-de-la-charite.org\/pt-pt\/#\/schema\/person\/427567b2eccfc2dd7d206da186a1f438","name":"admin","image":{"@type":"ImageObject","inLanguage":"pt-PT","@id":"https:\/\/secure.gravatar.com\/avatar\/948b492cce32b586ac2db0eaa926ee87024f7afe218d73b397ea5ddfc5f43ea1?s=96&d=mm&r=g","url":"https:\/\/secure.gravatar.com\/avatar\/948b492cce32b586ac2db0eaa926ee87024f7afe218d73b397ea5ddfc5f43ea1?s=96&d=mm&r=g","contentUrl":"https:\/\/secure.gravatar.com\/avatar\/948b492cce32b586ac2db0eaa926ee87024f7afe218d73b397ea5ddfc5f43ea1?s=96&d=mm&r=g","caption":"admin"},"sameAs":["https:\/\/filles-de-la-charite.org"],"url":"https:\/\/filles-de-la-charite.org\/pt-pt\/author\/caridad\/"}]}},"_links":{"self":[{"href":"https:\/\/filles-de-la-charite.org\/pt-pt\/wp-json\/wp\/v2\/posts\/25173","targetHints":{"allow":["GET"]}}],"collection":[{"href":"https:\/\/filles-de-la-charite.org\/pt-pt\/wp-json\/wp\/v2\/posts"}],"about":[{"href":"https:\/\/filles-de-la-charite.org\/pt-pt\/wp-json\/wp\/v2\/types\/post"}],"author":[{"embeddable":true,"href":"https:\/\/filles-de-la-charite.org\/pt-pt\/wp-json\/wp\/v2\/users\/1"}],"replies":[{"embeddable":true,"href":"https:\/\/filles-de-la-charite.org\/pt-pt\/wp-json\/wp\/v2\/comments?post=25173"}],"version-history":[{"count":1,"href":"https:\/\/filles-de-la-charite.org\/pt-pt\/wp-json\/wp\/v2\/posts\/25173\/revisions"}],"predecessor-version":[{"id":25174,"href":"https:\/\/filles-de-la-charite.org\/pt-pt\/wp-json\/wp\/v2\/posts\/25173\/revisions\/25174"}],"wp:featuredmedia":[{"embeddable":true,"href":"https:\/\/filles-de-la-charite.org\/pt-pt\/wp-json\/wp\/v2\/media\/14931"}],"wp:attachment":[{"href":"https:\/\/filles-de-la-charite.org\/pt-pt\/wp-json\/wp\/v2\/media?parent=25173"}],"wp:term":[{"taxonomy":"category","embeddable":true,"href":"https:\/\/filles-de-la-charite.org\/pt-pt\/wp-json\/wp\/v2\/categories?post=25173"},{"taxonomy":"post_tag","embeddable":true,"href":"https:\/\/filles-de-la-charite.org\/pt-pt\/wp-json\/wp\/v2\/tags?post=25173"}],"curies":[{"name":"wp","href":"https:\/\/api.w.org\/{rel}","templated":true}]}}