{"id":25185,"date":"2020-11-06T22:59:40","date_gmt":"2020-11-06T21:59:40","guid":{"rendered":"https:\/\/hijascaridad.sjdigitaldemo.ovh\/saint-vincent-in-haiti-5-2\/"},"modified":"2024-03-17T18:27:13","modified_gmt":"2024-03-17T17:27:13","slug":"saint-vincent-in-haiti-5-2","status":"publish","type":"post","link":"https:\/\/filles-de-la-charite.org\/pt-pt\/saint-vincent-in-haiti-5-2\/","title":{"rendered":"S\u00e3o Vicente no Haiti"},"content":{"rendered":"\n<p>Nos dias 18-25 de Outubro celebramos outra Semana Mission\u00e1ria. Estivemos rodeadas daquelas que deixaram sua p\u00e1tria para a Miss\u00e3o <em>Ad Gentes<\/em>com ora\u00e7\u00f5es e lembran\u00e7as carinhosas!<\/p>\n\n\n\n<p>Ir. Weronika, uma Irm\u00e3 polonesa que pertence \u00e0 Prov\u00edncia do Caribe e serve ao povo pobre do Haiti, compartilha conosco como sua Comunidade homenageou S\u00e3o Vicente de Paulo, fundador da Companhia das Filhas da Caridade, em seu dia de festa este ano.&nbsp;<\/p>\n\n\n\n<div class=\"wp-block-image\"><figure class=\"alignright\"><img decoding=\"async\" src=\"https:\/\/filles-de-la-charite.org\/wp-content\/uploads\/2023\/06\/201106-Haiti-4.jpg\" alt=\"\" class=\"wp-image-41517\"\/><\/figure><\/div>\n\n\n\n<p><\/p>\n\n\n\n<p>O Haiti \u00e9 uma pequena parte ocidental da segunda ilha do arquip\u00e9lago das Grandes Antilhas (Am\u00e9rica Central) que faz fronteira com a Rep\u00fablica Dominicana, cercada pelo Mar do Caribe e pelo Oceano Atl\u00e2ntico. Em 2008, houve uma enorme inunda\u00e7\u00e3o na cidade de Gona\u00efves. As fam\u00edlias perderam suas casas e durante tr\u00eas meses as crian\u00e7as dessas fam\u00edlias viveram com as Irm\u00e3s at\u00e9 que seus pais arranjaram um apartamento, constru\u00edram uma casa ou fizeram alguns aposentos improvisados. Seus pais tamb\u00e9m ficaram com as Irm\u00e3s por mais de uma semana. Cerca de 200 crian\u00e7as, por\u00e9m, continuaram a vir \u00e0s Irm\u00e3s toda semana; as Irm\u00e3s tentaram atender suas necessidades espirituais e materiais.<\/p>\n\n\n\n<p>Este ano, antes da Festa de S\u00e3o Vicente de Paulo, as Irm\u00e3s e as crian\u00e7as prepararam um Tr\u00edduo de Ora\u00e7\u00e3o onde o ter\u00e7o era rezado em comum \u00e0s 15h; can\u00e7\u00f5es tamb\u00e9m eram cantadas. Al\u00e9m disso, as Irm\u00e3s apresentaram S\u00e3o Vicente: sua vida e obras de caridade foram compartilhadas no primeiro dia; as Companhias que S\u00e3o Vicente fundou foram ent\u00e3o apresentadas e, no terceiro dia, o foco foi sua espiritualidade. As Irm\u00e3s tamb\u00e9m tentaram preparar espiritualmente aqueles que colaboram com as Irm\u00e3s e est\u00e3o com elas no dia-a-dia.<\/p>\n\n\n\n<div class=\"wp-block-image\"><figure class=\"aligncenter\"><img decoding=\"async\" src=\"https:\/\/filles-de-la-charite.org\/wp-content\/uploads\/2023\/06\/201106-Haiti-5.jpg\" alt=\"\" class=\"wp-image-41518\"\/><\/figure><\/div>\n\n\n\n<p>Em 27 de Setembro, festa de S\u00e3o Vicente de Paulo, as Irm\u00e3s prepararam uma celebra\u00e7\u00e3o para-lit\u00fargica, uma vez que o padre n\u00e3o p\u00f4de estar presente. No entanto, a cerim\u00f4nia foi muito solene. A Irm\u00e3 Weronika compartilha: &#8220;Estou certa de que Jesus estava presente porque Ele mesmo disse &#8220;onde dois ou tr\u00eas se re\u00fanem em meu nome, eu estou l\u00e1 com eles&#8221; (Mt 18,20). Quatrocentas crian\u00e7as e mais de 30 membros do pessoal se juntaram a n\u00f3s.<\/p>\n\n\n\n<p>Para a celebra\u00e7\u00e3o, as crian\u00e7as usavam trajes especialmente confeccionados, uma tradi\u00e7\u00e3o realizada a cada ano quando as crian\u00e7as vestem roupas diferentes em ocasi\u00f5es especiais. Elas as compram com seu pr\u00f3prio dinheiro para que possam se apresentar belamente diante de Deus e do povo.<\/p>\n\n\n\n<div class=\"wp-block-image\"><figure class=\"aligncenter\"><img decoding=\"async\" src=\"https:\/\/filles-de-la-charite.org\/wp-content\/uploads\/2023\/06\/201106-Haiti-1.jpg\" alt=\"\" class=\"wp-image-41514\"\/><\/figure><\/div>\n\n\n\n<p>Todos os Domingos, as crian\u00e7as se re\u00fanem na casa das Irm\u00e3s para rezar, cantar e dan\u00e7ar; A Ir. Natasza \u00e9 a respons\u00e1vel por sua forma\u00e7\u00e3o. Elas conhecem S\u00e3o Vicente, sua vida e suas obras de caridade. Estamos felizes por podermos, como S\u00e3o Vicente, servir as crian\u00e7as.<\/p>\n\n\n\n<p class=\"has-text-align-center\"><span style=\"color: #0432ff\">S\u00e3o Vicente, rogai por n\u00f3s!<\/span><\/p>\n\n\n\n<p class=\"has-text-align-center\"><span style=\"color: #0432ff\">Ir. Weronika, Prov\u00edncia do Caribe<\/span><\/p>\n\n\n\n<div class=\"wp-block-image\"><figure class=\"aligncenter\"><img decoding=\"async\" src=\"https:\/\/filles-de-la-charite.org\/wp-content\/uploads\/2023\/06\/201106-Haiti-3.jpg\" alt=\"\" class=\"wp-image-41516\"\/><\/figure><\/div>\n","protected":false},"excerpt":{"rendered":"<p>Nos dias 18-25 de Outubro celebramos outra Semana Mission\u00e1ria. Estivemos rodeadas daquelas que deixaram sua p\u00e1tria para a Miss\u00e3o Ad Gentescom ora\u00e7\u00f5es e lembran\u00e7as carinhosas! Ir. Weronika, uma Irm\u00e3 polonesa que pertence \u00e0 Prov\u00edncia do Caribe e serve ao povo pobre do Haiti, compartilha conosco como sua Comunidade homenageou S\u00e3o Vicente de Paulo, fundador da [&hellip;]<\/p>\n","protected":false},"author":1,"featured_media":15147,"comment_status":"closed","ping_status":"closed","sticky":false,"template":"","format":"standard","meta":{"_acf_changed":false,"_et_pb_use_builder":"","_et_pb_old_content":"","_et_gb_content_width":"","footnotes":"","_links_to":"","_links_to_target":""},"categories":[758],"tags":[],"class_list":["post-25185","post","type-post","status-publish","format-standard","has-post-thumbnail","hentry","category-caribe-pt-pt"],"acf":[],"yoast_head":"<!-- This site is optimized with the Yoast SEO plugin v27.5 - https:\/\/yoast.com\/product\/yoast-seo-wordpress\/ -->\n<title>S\u00e3o Vicente no Haiti - Filles de la Charit\u00e9<\/title>\n<meta name=\"robots\" content=\"index, follow, max-snippet:-1, max-image-preview:large, max-video-preview:-1\" \/>\n<link rel=\"canonical\" href=\"https:\/\/filles-de-la-charite.org\/pt-pt\/saint-vincent-in-haiti-5-2\/\" \/>\n<meta property=\"og:locale\" content=\"pt_PT\" \/>\n<meta property=\"og:type\" content=\"article\" \/>\n<meta property=\"og:title\" content=\"S\u00e3o Vicente no Haiti - Filles de la Charit\u00e9\" \/>\n<meta property=\"og:description\" content=\"Nos dias 18-25 de Outubro celebramos outra Semana Mission\u00e1ria. Estivemos rodeadas daquelas que deixaram sua p\u00e1tria para a Miss\u00e3o Ad Gentescom ora\u00e7\u00f5es e lembran\u00e7as carinhosas! Ir. Weronika, uma Irm\u00e3 polonesa que pertence \u00e0 Prov\u00edncia do Caribe e serve ao povo pobre do Haiti, compartilha conosco como sua Comunidade homenageou S\u00e3o Vicente de Paulo, fundador da [&hellip;]\" \/>\n<meta property=\"og:url\" content=\"https:\/\/filles-de-la-charite.org\/pt-pt\/saint-vincent-in-haiti-5-2\/\" \/>\n<meta property=\"og:site_name\" content=\"Filles de la Charit\u00e9\" \/>\n<meta property=\"article:published_time\" content=\"2020-11-06T21:59:40+00:00\" \/>\n<meta property=\"article:modified_time\" content=\"2024-03-17T17:27:13+00:00\" \/>\n<meta property=\"og:image\" content=\"https:\/\/filles-de-la-charite.org\/wp-content\/uploads\/2023\/06\/201106-Haiti-FTD.jpg\" \/>\n\t<meta property=\"og:image:width\" content=\"1200\" \/>\n\t<meta property=\"og:image:height\" content=\"630\" \/>\n\t<meta property=\"og:image:type\" content=\"image\/jpeg\" \/>\n<meta name=\"author\" content=\"admin\" \/>\n<meta name=\"twitter:card\" content=\"summary_large_image\" \/>\n<meta name=\"twitter:label1\" content=\"Escrito por\" \/>\n\t<meta name=\"twitter:data1\" content=\"admin\" \/>\n\t<meta name=\"twitter:label2\" content=\"Tempo estimado de leitura\" \/>\n\t<meta name=\"twitter:data2\" content=\"3 minutos\" \/>\n<script type=\"application\/ld+json\" class=\"yoast-schema-graph\">{\"@context\":\"https:\\\/\\\/schema.org\",\"@graph\":[{\"@type\":\"Article\",\"@id\":\"https:\\\/\\\/filles-de-la-charite.org\\\/pt-pt\\\/saint-vincent-in-haiti-5-2\\\/#article\",\"isPartOf\":{\"@id\":\"https:\\\/\\\/filles-de-la-charite.org\\\/pt-pt\\\/saint-vincent-in-haiti-5-2\\\/\"},\"author\":{\"name\":\"admin\",\"@id\":\"https:\\\/\\\/filles-de-la-charite.org\\\/pt-pt\\\/#\\\/schema\\\/person\\\/427567b2eccfc2dd7d206da186a1f438\"},\"headline\":\"S\u00e3o Vicente no Haiti\",\"datePublished\":\"2020-11-06T21:59:40+00:00\",\"dateModified\":\"2024-03-17T17:27:13+00:00\",\"mainEntityOfPage\":{\"@id\":\"https:\\\/\\\/filles-de-la-charite.org\\\/pt-pt\\\/saint-vincent-in-haiti-5-2\\\/\"},\"wordCount\":506,\"publisher\":{\"@id\":\"https:\\\/\\\/filles-de-la-charite.org\\\/pt-pt\\\/#organization\"},\"image\":{\"@id\":\"https:\\\/\\\/filles-de-la-charite.org\\\/pt-pt\\\/saint-vincent-in-haiti-5-2\\\/#primaryimage\"},\"thumbnailUrl\":\"https:\\\/\\\/filles-de-la-charite.org\\\/wp-content\\\/uploads\\\/2023\\\/06\\\/201106-Haiti-FTD.jpg\",\"articleSection\":[\"Caribe\"],\"inLanguage\":\"pt-PT\"},{\"@type\":\"WebPage\",\"@id\":\"https:\\\/\\\/filles-de-la-charite.org\\\/pt-pt\\\/saint-vincent-in-haiti-5-2\\\/\",\"url\":\"https:\\\/\\\/filles-de-la-charite.org\\\/pt-pt\\\/saint-vincent-in-haiti-5-2\\\/\",\"name\":\"S\u00e3o Vicente no Haiti - Filles de la Charit\u00e9\",\"isPartOf\":{\"@id\":\"https:\\\/\\\/filles-de-la-charite.org\\\/pt-pt\\\/#website\"},\"primaryImageOfPage\":{\"@id\":\"https:\\\/\\\/filles-de-la-charite.org\\\/pt-pt\\\/saint-vincent-in-haiti-5-2\\\/#primaryimage\"},\"image\":{\"@id\":\"https:\\\/\\\/filles-de-la-charite.org\\\/pt-pt\\\/saint-vincent-in-haiti-5-2\\\/#primaryimage\"},\"thumbnailUrl\":\"https:\\\/\\\/filles-de-la-charite.org\\\/wp-content\\\/uploads\\\/2023\\\/06\\\/201106-Haiti-FTD.jpg\",\"datePublished\":\"2020-11-06T21:59:40+00:00\",\"dateModified\":\"2024-03-17T17:27:13+00:00\",\"breadcrumb\":{\"@id\":\"https:\\\/\\\/filles-de-la-charite.org\\\/pt-pt\\\/saint-vincent-in-haiti-5-2\\\/#breadcrumb\"},\"inLanguage\":\"pt-PT\",\"potentialAction\":[{\"@type\":\"ReadAction\",\"target\":[\"https:\\\/\\\/filles-de-la-charite.org\\\/pt-pt\\\/saint-vincent-in-haiti-5-2\\\/\"]}]},{\"@type\":\"ImageObject\",\"inLanguage\":\"pt-PT\",\"@id\":\"https:\\\/\\\/filles-de-la-charite.org\\\/pt-pt\\\/saint-vincent-in-haiti-5-2\\\/#primaryimage\",\"url\":\"https:\\\/\\\/filles-de-la-charite.org\\\/wp-content\\\/uploads\\\/2023\\\/06\\\/201106-Haiti-FTD.jpg\",\"contentUrl\":\"https:\\\/\\\/filles-de-la-charite.org\\\/wp-content\\\/uploads\\\/2023\\\/06\\\/201106-Haiti-FTD.jpg\",\"width\":1200,\"height\":630},{\"@type\":\"BreadcrumbList\",\"@id\":\"https:\\\/\\\/filles-de-la-charite.org\\\/pt-pt\\\/saint-vincent-in-haiti-5-2\\\/#breadcrumb\",\"itemListElement\":[{\"@type\":\"ListItem\",\"position\":1,\"name\":\"Caribe\",\"item\":\"https:\\\/\\\/filles-de-la-charite.org\\\/pt-pt\\\/category\\\/caribe-pt-pt\\\/\"},{\"@type\":\"ListItem\",\"position\":2,\"name\":\"S\u00e3o Vicente no Haiti\"}]},{\"@type\":\"WebSite\",\"@id\":\"https:\\\/\\\/filles-de-la-charite.org\\\/pt-pt\\\/#website\",\"url\":\"https:\\\/\\\/filles-de-la-charite.org\\\/pt-pt\\\/\",\"name\":\"Hijas de la Caridad\",\"description\":\"L\u2019amour de J\u00e9sus nous presse \u00e0 prendre soin des personnes les plus d\u00e9munies\",\"publisher\":{\"@id\":\"https:\\\/\\\/filles-de-la-charite.org\\\/pt-pt\\\/#organization\"},\"potentialAction\":[{\"@type\":\"SearchAction\",\"target\":{\"@type\":\"EntryPoint\",\"urlTemplate\":\"https:\\\/\\\/filles-de-la-charite.org\\\/pt-pt\\\/?s={search_term_string}\"},\"query-input\":{\"@type\":\"PropertyValueSpecification\",\"valueRequired\":true,\"valueName\":\"search_term_string\"}}],\"inLanguage\":\"pt-PT\"},{\"@type\":\"Organization\",\"@id\":\"https:\\\/\\\/filles-de-la-charite.org\\\/pt-pt\\\/#organization\",\"name\":\"Hijas de la Caridad\",\"url\":\"https:\\\/\\\/filles-de-la-charite.org\\\/pt-pt\\\/\",\"logo\":{\"@type\":\"ImageObject\",\"inLanguage\":\"pt-PT\",\"@id\":\"https:\\\/\\\/filles-de-la-charite.org\\\/pt-pt\\\/#\\\/schema\\\/logo\\\/image\\\/\",\"url\":\"https:\\\/\\\/filles-de-la-charite.org\\\/wp-content\\\/uploads\\\/2023\\\/03\\\/isotipo-Hijas-de-la-Caridad.png\",\"contentUrl\":\"https:\\\/\\\/filles-de-la-charite.org\\\/wp-content\\\/uploads\\\/2023\\\/03\\\/isotipo-Hijas-de-la-Caridad.png\",\"width\":1417,\"height\":1417,\"caption\":\"Hijas de la Caridad\"},\"image\":{\"@id\":\"https:\\\/\\\/filles-de-la-charite.org\\\/pt-pt\\\/#\\\/schema\\\/logo\\\/image\\\/\"}},{\"@type\":\"Person\",\"@id\":\"https:\\\/\\\/filles-de-la-charite.org\\\/pt-pt\\\/#\\\/schema\\\/person\\\/427567b2eccfc2dd7d206da186a1f438\",\"name\":\"admin\",\"image\":{\"@type\":\"ImageObject\",\"inLanguage\":\"pt-PT\",\"@id\":\"https:\\\/\\\/secure.gravatar.com\\\/avatar\\\/948b492cce32b586ac2db0eaa926ee87024f7afe218d73b397ea5ddfc5f43ea1?s=96&d=mm&r=g\",\"url\":\"https:\\\/\\\/secure.gravatar.com\\\/avatar\\\/948b492cce32b586ac2db0eaa926ee87024f7afe218d73b397ea5ddfc5f43ea1?s=96&d=mm&r=g\",\"contentUrl\":\"https:\\\/\\\/secure.gravatar.com\\\/avatar\\\/948b492cce32b586ac2db0eaa926ee87024f7afe218d73b397ea5ddfc5f43ea1?s=96&d=mm&r=g\",\"caption\":\"admin\"},\"sameAs\":[\"https:\\\/\\\/filles-de-la-charite.org\"],\"url\":\"https:\\\/\\\/filles-de-la-charite.org\\\/pt-pt\\\/author\\\/caridad\\\/\"}]}<\/script>\n<!-- \/ Yoast SEO plugin. -->","yoast_head_json":{"title":"S\u00e3o Vicente no Haiti - Filles de la Charit\u00e9","robots":{"index":"index","follow":"follow","max-snippet":"max-snippet:-1","max-image-preview":"max-image-preview:large","max-video-preview":"max-video-preview:-1"},"canonical":"https:\/\/filles-de-la-charite.org\/pt-pt\/saint-vincent-in-haiti-5-2\/","og_locale":"pt_PT","og_type":"article","og_title":"S\u00e3o Vicente no Haiti - Filles de la Charit\u00e9","og_description":"Nos dias 18-25 de Outubro celebramos outra Semana Mission\u00e1ria. Estivemos rodeadas daquelas que deixaram sua p\u00e1tria para a Miss\u00e3o Ad Gentescom ora\u00e7\u00f5es e lembran\u00e7as carinhosas! Ir. Weronika, uma Irm\u00e3 polonesa que pertence \u00e0 Prov\u00edncia do Caribe e serve ao povo pobre do Haiti, compartilha conosco como sua Comunidade homenageou S\u00e3o Vicente de Paulo, fundador da [&hellip;]","og_url":"https:\/\/filles-de-la-charite.org\/pt-pt\/saint-vincent-in-haiti-5-2\/","og_site_name":"Filles de la Charit\u00e9","article_published_time":"2020-11-06T21:59:40+00:00","article_modified_time":"2024-03-17T17:27:13+00:00","og_image":[{"width":1200,"height":630,"url":"https:\/\/filles-de-la-charite.org\/wp-content\/uploads\/2023\/06\/201106-Haiti-FTD.jpg","type":"image\/jpeg"}],"author":"admin","twitter_card":"summary_large_image","twitter_misc":{"Escrito por":"admin","Tempo estimado de leitura":"3 minutos"},"schema":{"@context":"https:\/\/schema.org","@graph":[{"@type":"Article","@id":"https:\/\/filles-de-la-charite.org\/pt-pt\/saint-vincent-in-haiti-5-2\/#article","isPartOf":{"@id":"https:\/\/filles-de-la-charite.org\/pt-pt\/saint-vincent-in-haiti-5-2\/"},"author":{"name":"admin","@id":"https:\/\/filles-de-la-charite.org\/pt-pt\/#\/schema\/person\/427567b2eccfc2dd7d206da186a1f438"},"headline":"S\u00e3o Vicente no Haiti","datePublished":"2020-11-06T21:59:40+00:00","dateModified":"2024-03-17T17:27:13+00:00","mainEntityOfPage":{"@id":"https:\/\/filles-de-la-charite.org\/pt-pt\/saint-vincent-in-haiti-5-2\/"},"wordCount":506,"publisher":{"@id":"https:\/\/filles-de-la-charite.org\/pt-pt\/#organization"},"image":{"@id":"https:\/\/filles-de-la-charite.org\/pt-pt\/saint-vincent-in-haiti-5-2\/#primaryimage"},"thumbnailUrl":"https:\/\/filles-de-la-charite.org\/wp-content\/uploads\/2023\/06\/201106-Haiti-FTD.jpg","articleSection":["Caribe"],"inLanguage":"pt-PT"},{"@type":"WebPage","@id":"https:\/\/filles-de-la-charite.org\/pt-pt\/saint-vincent-in-haiti-5-2\/","url":"https:\/\/filles-de-la-charite.org\/pt-pt\/saint-vincent-in-haiti-5-2\/","name":"S\u00e3o Vicente no Haiti - Filles de la Charit\u00e9","isPartOf":{"@id":"https:\/\/filles-de-la-charite.org\/pt-pt\/#website"},"primaryImageOfPage":{"@id":"https:\/\/filles-de-la-charite.org\/pt-pt\/saint-vincent-in-haiti-5-2\/#primaryimage"},"image":{"@id":"https:\/\/filles-de-la-charite.org\/pt-pt\/saint-vincent-in-haiti-5-2\/#primaryimage"},"thumbnailUrl":"https:\/\/filles-de-la-charite.org\/wp-content\/uploads\/2023\/06\/201106-Haiti-FTD.jpg","datePublished":"2020-11-06T21:59:40+00:00","dateModified":"2024-03-17T17:27:13+00:00","breadcrumb":{"@id":"https:\/\/filles-de-la-charite.org\/pt-pt\/saint-vincent-in-haiti-5-2\/#breadcrumb"},"inLanguage":"pt-PT","potentialAction":[{"@type":"ReadAction","target":["https:\/\/filles-de-la-charite.org\/pt-pt\/saint-vincent-in-haiti-5-2\/"]}]},{"@type":"ImageObject","inLanguage":"pt-PT","@id":"https:\/\/filles-de-la-charite.org\/pt-pt\/saint-vincent-in-haiti-5-2\/#primaryimage","url":"https:\/\/filles-de-la-charite.org\/wp-content\/uploads\/2023\/06\/201106-Haiti-FTD.jpg","contentUrl":"https:\/\/filles-de-la-charite.org\/wp-content\/uploads\/2023\/06\/201106-Haiti-FTD.jpg","width":1200,"height":630},{"@type":"BreadcrumbList","@id":"https:\/\/filles-de-la-charite.org\/pt-pt\/saint-vincent-in-haiti-5-2\/#breadcrumb","itemListElement":[{"@type":"ListItem","position":1,"name":"Caribe","item":"https:\/\/filles-de-la-charite.org\/pt-pt\/category\/caribe-pt-pt\/"},{"@type":"ListItem","position":2,"name":"S\u00e3o Vicente no Haiti"}]},{"@type":"WebSite","@id":"https:\/\/filles-de-la-charite.org\/pt-pt\/#website","url":"https:\/\/filles-de-la-charite.org\/pt-pt\/","name":"Hijas de la Caridad","description":"L\u2019amour de J\u00e9sus nous presse \u00e0 prendre soin des personnes les plus d\u00e9munies","publisher":{"@id":"https:\/\/filles-de-la-charite.org\/pt-pt\/#organization"},"potentialAction":[{"@type":"SearchAction","target":{"@type":"EntryPoint","urlTemplate":"https:\/\/filles-de-la-charite.org\/pt-pt\/?s={search_term_string}"},"query-input":{"@type":"PropertyValueSpecification","valueRequired":true,"valueName":"search_term_string"}}],"inLanguage":"pt-PT"},{"@type":"Organization","@id":"https:\/\/filles-de-la-charite.org\/pt-pt\/#organization","name":"Hijas de la Caridad","url":"https:\/\/filles-de-la-charite.org\/pt-pt\/","logo":{"@type":"ImageObject","inLanguage":"pt-PT","@id":"https:\/\/filles-de-la-charite.org\/pt-pt\/#\/schema\/logo\/image\/","url":"https:\/\/filles-de-la-charite.org\/wp-content\/uploads\/2023\/03\/isotipo-Hijas-de-la-Caridad.png","contentUrl":"https:\/\/filles-de-la-charite.org\/wp-content\/uploads\/2023\/03\/isotipo-Hijas-de-la-Caridad.png","width":1417,"height":1417,"caption":"Hijas de la Caridad"},"image":{"@id":"https:\/\/filles-de-la-charite.org\/pt-pt\/#\/schema\/logo\/image\/"}},{"@type":"Person","@id":"https:\/\/filles-de-la-charite.org\/pt-pt\/#\/schema\/person\/427567b2eccfc2dd7d206da186a1f438","name":"admin","image":{"@type":"ImageObject","inLanguage":"pt-PT","@id":"https:\/\/secure.gravatar.com\/avatar\/948b492cce32b586ac2db0eaa926ee87024f7afe218d73b397ea5ddfc5f43ea1?s=96&d=mm&r=g","url":"https:\/\/secure.gravatar.com\/avatar\/948b492cce32b586ac2db0eaa926ee87024f7afe218d73b397ea5ddfc5f43ea1?s=96&d=mm&r=g","contentUrl":"https:\/\/secure.gravatar.com\/avatar\/948b492cce32b586ac2db0eaa926ee87024f7afe218d73b397ea5ddfc5f43ea1?s=96&d=mm&r=g","caption":"admin"},"sameAs":["https:\/\/filles-de-la-charite.org"],"url":"https:\/\/filles-de-la-charite.org\/pt-pt\/author\/caridad\/"}]}},"_links":{"self":[{"href":"https:\/\/filles-de-la-charite.org\/pt-pt\/wp-json\/wp\/v2\/posts\/25185","targetHints":{"allow":["GET"]}}],"collection":[{"href":"https:\/\/filles-de-la-charite.org\/pt-pt\/wp-json\/wp\/v2\/posts"}],"about":[{"href":"https:\/\/filles-de-la-charite.org\/pt-pt\/wp-json\/wp\/v2\/types\/post"}],"author":[{"embeddable":true,"href":"https:\/\/filles-de-la-charite.org\/pt-pt\/wp-json\/wp\/v2\/users\/1"}],"replies":[{"embeddable":true,"href":"https:\/\/filles-de-la-charite.org\/pt-pt\/wp-json\/wp\/v2\/comments?post=25185"}],"version-history":[{"count":1,"href":"https:\/\/filles-de-la-charite.org\/pt-pt\/wp-json\/wp\/v2\/posts\/25185\/revisions"}],"predecessor-version":[{"id":25186,"href":"https:\/\/filles-de-la-charite.org\/pt-pt\/wp-json\/wp\/v2\/posts\/25185\/revisions\/25186"}],"wp:featuredmedia":[{"embeddable":true,"href":"https:\/\/filles-de-la-charite.org\/pt-pt\/wp-json\/wp\/v2\/media\/15147"}],"wp:attachment":[{"href":"https:\/\/filles-de-la-charite.org\/pt-pt\/wp-json\/wp\/v2\/media?parent=25185"}],"wp:term":[{"taxonomy":"category","embeddable":true,"href":"https:\/\/filles-de-la-charite.org\/pt-pt\/wp-json\/wp\/v2\/categories?post=25185"},{"taxonomy":"post_tag","embeddable":true,"href":"https:\/\/filles-de-la-charite.org\/pt-pt\/wp-json\/wp\/v2\/tags?post=25185"}],"curies":[{"name":"wp","href":"https:\/\/api.w.org\/{rel}","templated":true}]}}