{"id":25191,"date":"2020-12-01T10:30:43","date_gmt":"2020-12-01T09:30:43","guid":{"rendered":"https:\/\/hijascaridad.sjdigitaldemo.ovh\/peregrinos-com-maria-aos-190-anos-das-aparicoes-da-virgem-maria-a-santa-catarina-laboure-2\/"},"modified":"2024-03-17T18:26:48","modified_gmt":"2024-03-17T17:26:48","slug":"peregrinos-com-maria-aos-190-anos-das-aparicoes-da-virgem-maria-a-santa-catarina-laboure-2","status":"publish","type":"post","link":"https:\/\/filles-de-la-charite.org\/pt-pt\/peregrinos-com-maria-aos-190-anos-das-aparicoes-da-virgem-maria-a-santa-catarina-laboure-2\/","title":{"rendered":"Peregrinos com Maria: Aos 190 anos das apari\u00e7\u00f5es da Virgem Maria a Santa Catarina Labour\u00e9"},"content":{"rendered":"\n<div class=\"wp-block-image\"><figure class=\"aligncenter size-large\"><img decoding=\"async\" src=\"https:\/\/filles-de-la-charite.org\/wp-content\/uploads\/2023\/06\/5-3-1024x819.png\" alt=\"\" class=\"wp-image-59616\" \/><\/figure><\/div>\n\n\n\n<p>O Santo Padre Francisco aben\u00e7oou a Sagrada Ef\u00edgie da Sant\u00edssima Virgem Maria da Medalha Milagrosa na quarta-feira, 11 de Novembro no Vaticano, na presen\u00e7a do Superior Geral da Congrega\u00e7\u00e3o da Miss\u00e3o, Pe. Tomaz Mavri\u010d e de uma pequena delega\u00e7\u00e3o organizando a Peregrina\u00e7\u00e3o de Maria visitando as Comunidades na It\u00e1lia por ocasi\u00e3o do 190\u00ba anivers\u00e1rio das apari\u00e7\u00f5es a Santa Catarina Labour\u00e9.<\/p>\n\n\n\n<p>Na dif\u00edcil situa\u00e7\u00e3o que o mundo inteiro vive devido \u00e0 pandemia da Covid-19, em uma sociedade marcada por fortes tens\u00f5es em todos os continentes, os filhos espirituais de S\u00e3o Vicente de Paulo come\u00e7am, com a peregrina\u00e7\u00e3o mariana, uma jornada de proclama\u00e7\u00e3o do amor misericordioso de Deus.<\/p>\n\n\n\n<div class=\"wp-block-image\"><figure class=\"aligncenter size-large\"><img decoding=\"async\" src=\"https:\/\/filles-de-la-charite.org\/wp-content\/uploads\/2023\/06\/4-4-1.jpg\" alt=\"\" class=\"wp-image-59617\" \/><\/figure><\/div>\n\n\n\n<p>Foi na noite entre 18 e 19 de julho de 1830 quando Catarina Labour\u00e9, uma jovem Filha da Caridade de S\u00e3o Vicente de Paulo, viu a Sant\u00edssima Virgem com quem teve um longo encontro. Entre as palavras da Sant\u00edssima Virgem: <em>Os tempos s\u00e3o p\u00e9ssimos&#8221;. As desgra\u00e7as cair\u00e3o sobre a Fran\u00e7a. O mundo inteiro ser\u00e1 abalado por calamidades de todo tipo. Mas vinde aos p\u00e9s deste altar, aqui as gra\u00e7as ser\u00e3o abundantes sobre todas as pessoas que as pedirem com&nbsp; confian\u00e7a e fervor&#8230; Eu sempre o tenho vigiado. <\/em>Mais uma vez em 27 de novembro de 1830 Catarina Labour\u00e9 viu a Virgem com um pequeno globo (representando a humanidade) em suas m\u00e3os; contemplou sua beleza e aceitou a miss\u00e3o de cunhar uma Medalha: <em>As pessoas que a levar\u00e1m receber\u00e3o muitas gra\u00e7as!<\/em><\/p>\n\n\n\n<figure class=\"wp-block-gallery aligncenter columns-3 is-cropped wp-block-gallery-1 is-layout-flex wp-block-gallery-is-layout-flex\"><ul class=\"blocks-gallery-grid\"><li class=\"blocks-gallery-item\"><figure><img decoding=\"async\" src=\"https:\/\/filles-de-la-charite.org\/wp-content\/uploads\/2023\/06\/2-7-1-683x1024.jpg\" alt=\"\" data-id=\"59619\" data-full-url=\"https:\/\/filles-de-la-charite.org\/wp-content\/uploads\/2023\/06\/2-7-1.jpg\" data-link=\"https:\/\/www.filles-de-la-charite.org\/?attachment_id=59619\" class=\"wp-image-59619\" \/><\/figure><\/li><li class=\"blocks-gallery-item\"><figure><img decoding=\"async\" src=\"https:\/\/filles-de-la-charite.org\/wp-content\/uploads\/2023\/06\/5-7-1-768x1024.jpg\" alt=\"\" data-id=\"59618\" data-full-url=\"https:\/\/filles-de-la-charite.org\/wp-content\/uploads\/2023\/06\/5-7-1.jpg\" data-link=\"https:\/\/www.filles-de-la-charite.org\/?attachment_id=59618\" class=\"wp-image-59618\" \/><\/figure><\/li><li class=\"blocks-gallery-item\"><figure><img decoding=\"async\" src=\"https:\/\/filles-de-la-charite.org\/wp-content\/uploads\/2023\/06\/3-6.png\" alt=\"\" data-id=\"59620\" data-full-url=\"https:\/\/filles-de-la-charite.org\/wp-content\/uploads\/2023\/06\/3-6.png\" data-link=\"https:\/\/www.filles-de-la-charite.org\/?attachment_id=59620\" class=\"wp-image-59620\" \/><\/figure><\/li><\/ul><\/figure>\n\n\n\n<p>Os vicentinos com a iniciativa de Maria Peregrina desejam lembrar que ainda hoje a Virgem nos convida ao p\u00e9 do altar. A Virgem da Medalha Milagrosa continua hoje, depois de 190 anos, a velar por toda a humanidade e vem como peregrina para visitar e encontrar as comunidades eclesiais espalhadas pela It\u00e1lia, cumprindo assim a promessa de amor contida em sua Mensagem: <em>Eu mesmo estarei sempre com voc\u00eas&#8230; tenham confian\u00e7a&#8230; n\u00e3o se desencorajem.<\/em> Maria come\u00e7ar\u00e1 sua peregrina\u00e7\u00e3o na ter\u00e7a-feira 1\u00ba de Dezembro e continuar\u00e1 at\u00e9 22 de Novembro de 2021.<\/p>\n\n\n\n<p>Os muitos ramos da Fam\u00edlia Vicentina, as par\u00f3quias e outras realidades eclesiais s\u00e3o convidados a promover e realizar a peregrina\u00e7\u00e3o mariana, que durar\u00e1 tr\u00eas dias, atentos \u00e0s disposi\u00e7\u00f5es para enfrentar a emerg\u00eancia epidemiol\u00f3gica da COVID-19: a celebra\u00e7\u00e3o da recep\u00e7\u00e3o da est\u00e1tua da Virgem Maria; celebra\u00e7\u00e3o eucar\u00edstica; celebra\u00e7\u00e3o da Miseric\u00f3rdia; catequese mariano-vicentina; encontro com crian\u00e7as, jovens e adultos; ora\u00e7\u00e3o vocacional; cen\u00e1culos marianos nos lares dos pobres, dos doentes (asilos, centros de acolhida); iniciativas de apoio econ\u00f4mico \u00e0s obras mission\u00e1rias vicentinas.<\/p>\n\n\n\n<p><em>Elena Grazini<\/em><\/p>\n\n\n\n<p><em>Ufficio Stampa Famiglia Vincenziana <\/em><a href=\"mailto:elena@elenagrazini.it\"><em>elena@elenagrazini.it<\/em><\/a><em><\/em><\/p>\n","protected":false},"excerpt":{"rendered":"<p>O Santo Padre Francisco aben\u00e7oou a Sagrada Ef\u00edgie da Sant\u00edssima Virgem Maria da Medalha Milagrosa na quarta-feira, 11 de Novembro no Vaticano, na presen\u00e7a do Superior Geral da Congrega\u00e7\u00e3o da Miss\u00e3o, Pe. Tomaz Mavri\u010d e de uma pequena delega\u00e7\u00e3o organizando a Peregrina\u00e7\u00e3o de Maria visitando as Comunidades na It\u00e1lia por ocasi\u00e3o do 190\u00ba anivers\u00e1rio das [&hellip;]<\/p>\n","protected":false},"author":1,"featured_media":15237,"comment_status":"closed","ping_status":"closed","sticky":false,"template":"","format":"standard","meta":{"_acf_changed":false,"_et_pb_use_builder":"","_et_pb_old_content":"","_et_gb_content_width":"","footnotes":"","_links_to":"","_links_to_target":""},"categories":[743],"tags":[],"class_list":["post-25191","post","type-post","status-publish","format-standard","has-post-thumbnail","hentry","category-san-vincenzo-italia-pt-pt"],"acf":[],"yoast_head":"<!-- This site is optimized with the Yoast SEO plugin v27.5 - https:\/\/yoast.com\/product\/yoast-seo-wordpress\/ -->\n<title>Peregrinos com Maria: Aos 190 anos das apari\u00e7\u00f5es da Virgem Maria a Santa Catarina Labour\u00e9 - Filles de la Charit\u00e9<\/title>\n<meta name=\"robots\" content=\"index, follow, max-snippet:-1, max-image-preview:large, max-video-preview:-1\" \/>\n<link rel=\"canonical\" href=\"https:\/\/filles-de-la-charite.org\/pt-pt\/peregrinos-com-maria-aos-190-anos-das-aparicoes-da-virgem-maria-a-santa-catarina-laboure-2\/\" \/>\n<meta property=\"og:locale\" content=\"pt_PT\" \/>\n<meta property=\"og:type\" content=\"article\" \/>\n<meta property=\"og:title\" content=\"Peregrinos com Maria: Aos 190 anos das apari\u00e7\u00f5es da Virgem Maria a Santa Catarina Labour\u00e9 - Filles de la Charit\u00e9\" \/>\n<meta property=\"og:description\" content=\"O Santo Padre Francisco aben\u00e7oou a Sagrada Ef\u00edgie da Sant\u00edssima Virgem Maria da Medalha Milagrosa na quarta-feira, 11 de Novembro no Vaticano, na presen\u00e7a do Superior Geral da Congrega\u00e7\u00e3o da Miss\u00e3o, Pe. Tomaz Mavri\u010d e de uma pequena delega\u00e7\u00e3o organizando a Peregrina\u00e7\u00e3o de Maria visitando as Comunidades na It\u00e1lia por ocasi\u00e3o do 190\u00ba anivers\u00e1rio das [&hellip;]\" \/>\n<meta property=\"og:url\" content=\"https:\/\/filles-de-la-charite.org\/pt-pt\/peregrinos-com-maria-aos-190-anos-das-aparicoes-da-virgem-maria-a-santa-catarina-laboure-2\/\" \/>\n<meta property=\"og:site_name\" content=\"Filles de la Charit\u00e9\" \/>\n<meta property=\"article:published_time\" content=\"2020-12-01T09:30:43+00:00\" \/>\n<meta property=\"article:modified_time\" content=\"2024-03-17T17:26:48+00:00\" \/>\n<meta property=\"og:image\" content=\"https:\/\/filles-de-la-charite.org\/wp-content\/uploads\/2023\/06\/1-1024x683.png\" \/>\n\t<meta property=\"og:image:width\" content=\"1024\" \/>\n\t<meta property=\"og:image:height\" content=\"683\" \/>\n\t<meta property=\"og:image:type\" content=\"image\/png\" \/>\n<meta name=\"author\" content=\"admin\" \/>\n<meta name=\"twitter:card\" content=\"summary_large_image\" \/>\n<meta name=\"twitter:label1\" content=\"Escrito por\" \/>\n\t<meta name=\"twitter:data1\" content=\"admin\" \/>\n\t<meta name=\"twitter:label2\" content=\"Tempo estimado de leitura\" \/>\n\t<meta name=\"twitter:data2\" content=\"2 minutos\" \/>\n<script type=\"application\/ld+json\" class=\"yoast-schema-graph\">{\"@context\":\"https:\\\/\\\/schema.org\",\"@graph\":[{\"@type\":\"Article\",\"@id\":\"https:\\\/\\\/filles-de-la-charite.org\\\/pt-pt\\\/peregrinos-com-maria-aos-190-anos-das-aparicoes-da-virgem-maria-a-santa-catarina-laboure-2\\\/#article\",\"isPartOf\":{\"@id\":\"https:\\\/\\\/filles-de-la-charite.org\\\/pt-pt\\\/peregrinos-com-maria-aos-190-anos-das-aparicoes-da-virgem-maria-a-santa-catarina-laboure-2\\\/\"},\"author\":{\"name\":\"admin\",\"@id\":\"https:\\\/\\\/filles-de-la-charite.org\\\/pt-pt\\\/#\\\/schema\\\/person\\\/427567b2eccfc2dd7d206da186a1f438\"},\"headline\":\"Peregrinos com Maria: Aos 190 anos das apari\u00e7\u00f5es da Virgem Maria a Santa Catarina Labour\u00e9\",\"datePublished\":\"2020-12-01T09:30:43+00:00\",\"dateModified\":\"2024-03-17T17:26:48+00:00\",\"mainEntityOfPage\":{\"@id\":\"https:\\\/\\\/filles-de-la-charite.org\\\/pt-pt\\\/peregrinos-com-maria-aos-190-anos-das-aparicoes-da-virgem-maria-a-santa-catarina-laboure-2\\\/\"},\"wordCount\":481,\"publisher\":{\"@id\":\"https:\\\/\\\/filles-de-la-charite.org\\\/pt-pt\\\/#organization\"},\"image\":{\"@id\":\"https:\\\/\\\/filles-de-la-charite.org\\\/pt-pt\\\/peregrinos-com-maria-aos-190-anos-das-aparicoes-da-virgem-maria-a-santa-catarina-laboure-2\\\/#primaryimage\"},\"thumbnailUrl\":\"https:\\\/\\\/filles-de-la-charite.org\\\/wp-content\\\/uploads\\\/2023\\\/06\\\/1.png\",\"articleSection\":[\"San Vincenzo &#8211; Italia\"],\"inLanguage\":\"pt-PT\"},{\"@type\":\"WebPage\",\"@id\":\"https:\\\/\\\/filles-de-la-charite.org\\\/pt-pt\\\/peregrinos-com-maria-aos-190-anos-das-aparicoes-da-virgem-maria-a-santa-catarina-laboure-2\\\/\",\"url\":\"https:\\\/\\\/filles-de-la-charite.org\\\/pt-pt\\\/peregrinos-com-maria-aos-190-anos-das-aparicoes-da-virgem-maria-a-santa-catarina-laboure-2\\\/\",\"name\":\"Peregrinos com Maria: Aos 190 anos das apari\u00e7\u00f5es da Virgem Maria a Santa Catarina Labour\u00e9 - Filles de la Charit\u00e9\",\"isPartOf\":{\"@id\":\"https:\\\/\\\/filles-de-la-charite.org\\\/pt-pt\\\/#website\"},\"primaryImageOfPage\":{\"@id\":\"https:\\\/\\\/filles-de-la-charite.org\\\/pt-pt\\\/peregrinos-com-maria-aos-190-anos-das-aparicoes-da-virgem-maria-a-santa-catarina-laboure-2\\\/#primaryimage\"},\"image\":{\"@id\":\"https:\\\/\\\/filles-de-la-charite.org\\\/pt-pt\\\/peregrinos-com-maria-aos-190-anos-das-aparicoes-da-virgem-maria-a-santa-catarina-laboure-2\\\/#primaryimage\"},\"thumbnailUrl\":\"https:\\\/\\\/filles-de-la-charite.org\\\/wp-content\\\/uploads\\\/2023\\\/06\\\/1.png\",\"datePublished\":\"2020-12-01T09:30:43+00:00\",\"dateModified\":\"2024-03-17T17:26:48+00:00\",\"breadcrumb\":{\"@id\":\"https:\\\/\\\/filles-de-la-charite.org\\\/pt-pt\\\/peregrinos-com-maria-aos-190-anos-das-aparicoes-da-virgem-maria-a-santa-catarina-laboure-2\\\/#breadcrumb\"},\"inLanguage\":\"pt-PT\",\"potentialAction\":[{\"@type\":\"ReadAction\",\"target\":[\"https:\\\/\\\/filles-de-la-charite.org\\\/pt-pt\\\/peregrinos-com-maria-aos-190-anos-das-aparicoes-da-virgem-maria-a-santa-catarina-laboure-2\\\/\"]}]},{\"@type\":\"ImageObject\",\"inLanguage\":\"pt-PT\",\"@id\":\"https:\\\/\\\/filles-de-la-charite.org\\\/pt-pt\\\/peregrinos-com-maria-aos-190-anos-das-aparicoes-da-virgem-maria-a-santa-catarina-laboure-2\\\/#primaryimage\",\"url\":\"https:\\\/\\\/filles-de-la-charite.org\\\/wp-content\\\/uploads\\\/2023\\\/06\\\/1.png\",\"contentUrl\":\"https:\\\/\\\/filles-de-la-charite.org\\\/wp-content\\\/uploads\\\/2023\\\/06\\\/1.png\",\"width\":1771,\"height\":1181},{\"@type\":\"BreadcrumbList\",\"@id\":\"https:\\\/\\\/filles-de-la-charite.org\\\/pt-pt\\\/peregrinos-com-maria-aos-190-anos-das-aparicoes-da-virgem-maria-a-santa-catarina-laboure-2\\\/#breadcrumb\",\"itemListElement\":[{\"@type\":\"ListItem\",\"position\":1,\"name\":\"San Vincenzo &#8211; Italia\",\"item\":\"https:\\\/\\\/filles-de-la-charite.org\\\/pt-pt\\\/category\\\/san-vincenzo-italia-pt-pt\\\/\"},{\"@type\":\"ListItem\",\"position\":2,\"name\":\"Peregrinos com Maria: Aos 190 anos das apari\u00e7\u00f5es da Virgem Maria a Santa Catarina Labour\u00e9\"}]},{\"@type\":\"WebSite\",\"@id\":\"https:\\\/\\\/filles-de-la-charite.org\\\/pt-pt\\\/#website\",\"url\":\"https:\\\/\\\/filles-de-la-charite.org\\\/pt-pt\\\/\",\"name\":\"Hijas de la Caridad\",\"description\":\"L\u2019amour de J\u00e9sus nous presse \u00e0 prendre soin des personnes les plus d\u00e9munies\",\"publisher\":{\"@id\":\"https:\\\/\\\/filles-de-la-charite.org\\\/pt-pt\\\/#organization\"},\"potentialAction\":[{\"@type\":\"SearchAction\",\"target\":{\"@type\":\"EntryPoint\",\"urlTemplate\":\"https:\\\/\\\/filles-de-la-charite.org\\\/pt-pt\\\/?s={search_term_string}\"},\"query-input\":{\"@type\":\"PropertyValueSpecification\",\"valueRequired\":true,\"valueName\":\"search_term_string\"}}],\"inLanguage\":\"pt-PT\"},{\"@type\":\"Organization\",\"@id\":\"https:\\\/\\\/filles-de-la-charite.org\\\/pt-pt\\\/#organization\",\"name\":\"Hijas de la Caridad\",\"url\":\"https:\\\/\\\/filles-de-la-charite.org\\\/pt-pt\\\/\",\"logo\":{\"@type\":\"ImageObject\",\"inLanguage\":\"pt-PT\",\"@id\":\"https:\\\/\\\/filles-de-la-charite.org\\\/pt-pt\\\/#\\\/schema\\\/logo\\\/image\\\/\",\"url\":\"https:\\\/\\\/filles-de-la-charite.org\\\/wp-content\\\/uploads\\\/2023\\\/03\\\/isotipo-Hijas-de-la-Caridad.png\",\"contentUrl\":\"https:\\\/\\\/filles-de-la-charite.org\\\/wp-content\\\/uploads\\\/2023\\\/03\\\/isotipo-Hijas-de-la-Caridad.png\",\"width\":1417,\"height\":1417,\"caption\":\"Hijas de la Caridad\"},\"image\":{\"@id\":\"https:\\\/\\\/filles-de-la-charite.org\\\/pt-pt\\\/#\\\/schema\\\/logo\\\/image\\\/\"}},{\"@type\":\"Person\",\"@id\":\"https:\\\/\\\/filles-de-la-charite.org\\\/pt-pt\\\/#\\\/schema\\\/person\\\/427567b2eccfc2dd7d206da186a1f438\",\"name\":\"admin\",\"image\":{\"@type\":\"ImageObject\",\"inLanguage\":\"pt-PT\",\"@id\":\"https:\\\/\\\/secure.gravatar.com\\\/avatar\\\/948b492cce32b586ac2db0eaa926ee87024f7afe218d73b397ea5ddfc5f43ea1?s=96&d=mm&r=g\",\"url\":\"https:\\\/\\\/secure.gravatar.com\\\/avatar\\\/948b492cce32b586ac2db0eaa926ee87024f7afe218d73b397ea5ddfc5f43ea1?s=96&d=mm&r=g\",\"contentUrl\":\"https:\\\/\\\/secure.gravatar.com\\\/avatar\\\/948b492cce32b586ac2db0eaa926ee87024f7afe218d73b397ea5ddfc5f43ea1?s=96&d=mm&r=g\",\"caption\":\"admin\"},\"sameAs\":[\"https:\\\/\\\/filles-de-la-charite.org\"],\"url\":\"https:\\\/\\\/filles-de-la-charite.org\\\/pt-pt\\\/author\\\/caridad\\\/\"}]}<\/script>\n<!-- \/ Yoast SEO plugin. -->","yoast_head_json":{"title":"Peregrinos com Maria: Aos 190 anos das apari\u00e7\u00f5es da Virgem Maria a Santa Catarina Labour\u00e9 - Filles de la Charit\u00e9","robots":{"index":"index","follow":"follow","max-snippet":"max-snippet:-1","max-image-preview":"max-image-preview:large","max-video-preview":"max-video-preview:-1"},"canonical":"https:\/\/filles-de-la-charite.org\/pt-pt\/peregrinos-com-maria-aos-190-anos-das-aparicoes-da-virgem-maria-a-santa-catarina-laboure-2\/","og_locale":"pt_PT","og_type":"article","og_title":"Peregrinos com Maria: Aos 190 anos das apari\u00e7\u00f5es da Virgem Maria a Santa Catarina Labour\u00e9 - Filles de la Charit\u00e9","og_description":"O Santo Padre Francisco aben\u00e7oou a Sagrada Ef\u00edgie da Sant\u00edssima Virgem Maria da Medalha Milagrosa na quarta-feira, 11 de Novembro no Vaticano, na presen\u00e7a do Superior Geral da Congrega\u00e7\u00e3o da Miss\u00e3o, Pe. Tomaz Mavri\u010d e de uma pequena delega\u00e7\u00e3o organizando a Peregrina\u00e7\u00e3o de Maria visitando as Comunidades na It\u00e1lia por ocasi\u00e3o do 190\u00ba anivers\u00e1rio das [&hellip;]","og_url":"https:\/\/filles-de-la-charite.org\/pt-pt\/peregrinos-com-maria-aos-190-anos-das-aparicoes-da-virgem-maria-a-santa-catarina-laboure-2\/","og_site_name":"Filles de la Charit\u00e9","article_published_time":"2020-12-01T09:30:43+00:00","article_modified_time":"2024-03-17T17:26:48+00:00","og_image":[{"width":1024,"height":683,"url":"https:\/\/filles-de-la-charite.org\/wp-content\/uploads\/2023\/06\/1-1024x683.png","type":"image\/png"}],"author":"admin","twitter_card":"summary_large_image","twitter_misc":{"Escrito por":"admin","Tempo estimado de leitura":"2 minutos"},"schema":{"@context":"https:\/\/schema.org","@graph":[{"@type":"Article","@id":"https:\/\/filles-de-la-charite.org\/pt-pt\/peregrinos-com-maria-aos-190-anos-das-aparicoes-da-virgem-maria-a-santa-catarina-laboure-2\/#article","isPartOf":{"@id":"https:\/\/filles-de-la-charite.org\/pt-pt\/peregrinos-com-maria-aos-190-anos-das-aparicoes-da-virgem-maria-a-santa-catarina-laboure-2\/"},"author":{"name":"admin","@id":"https:\/\/filles-de-la-charite.org\/pt-pt\/#\/schema\/person\/427567b2eccfc2dd7d206da186a1f438"},"headline":"Peregrinos com Maria: Aos 190 anos das apari\u00e7\u00f5es da Virgem Maria a Santa Catarina Labour\u00e9","datePublished":"2020-12-01T09:30:43+00:00","dateModified":"2024-03-17T17:26:48+00:00","mainEntityOfPage":{"@id":"https:\/\/filles-de-la-charite.org\/pt-pt\/peregrinos-com-maria-aos-190-anos-das-aparicoes-da-virgem-maria-a-santa-catarina-laboure-2\/"},"wordCount":481,"publisher":{"@id":"https:\/\/filles-de-la-charite.org\/pt-pt\/#organization"},"image":{"@id":"https:\/\/filles-de-la-charite.org\/pt-pt\/peregrinos-com-maria-aos-190-anos-das-aparicoes-da-virgem-maria-a-santa-catarina-laboure-2\/#primaryimage"},"thumbnailUrl":"https:\/\/filles-de-la-charite.org\/wp-content\/uploads\/2023\/06\/1.png","articleSection":["San Vincenzo &#8211; Italia"],"inLanguage":"pt-PT"},{"@type":"WebPage","@id":"https:\/\/filles-de-la-charite.org\/pt-pt\/peregrinos-com-maria-aos-190-anos-das-aparicoes-da-virgem-maria-a-santa-catarina-laboure-2\/","url":"https:\/\/filles-de-la-charite.org\/pt-pt\/peregrinos-com-maria-aos-190-anos-das-aparicoes-da-virgem-maria-a-santa-catarina-laboure-2\/","name":"Peregrinos com Maria: Aos 190 anos das apari\u00e7\u00f5es da Virgem Maria a Santa Catarina Labour\u00e9 - Filles de la Charit\u00e9","isPartOf":{"@id":"https:\/\/filles-de-la-charite.org\/pt-pt\/#website"},"primaryImageOfPage":{"@id":"https:\/\/filles-de-la-charite.org\/pt-pt\/peregrinos-com-maria-aos-190-anos-das-aparicoes-da-virgem-maria-a-santa-catarina-laboure-2\/#primaryimage"},"image":{"@id":"https:\/\/filles-de-la-charite.org\/pt-pt\/peregrinos-com-maria-aos-190-anos-das-aparicoes-da-virgem-maria-a-santa-catarina-laboure-2\/#primaryimage"},"thumbnailUrl":"https:\/\/filles-de-la-charite.org\/wp-content\/uploads\/2023\/06\/1.png","datePublished":"2020-12-01T09:30:43+00:00","dateModified":"2024-03-17T17:26:48+00:00","breadcrumb":{"@id":"https:\/\/filles-de-la-charite.org\/pt-pt\/peregrinos-com-maria-aos-190-anos-das-aparicoes-da-virgem-maria-a-santa-catarina-laboure-2\/#breadcrumb"},"inLanguage":"pt-PT","potentialAction":[{"@type":"ReadAction","target":["https:\/\/filles-de-la-charite.org\/pt-pt\/peregrinos-com-maria-aos-190-anos-das-aparicoes-da-virgem-maria-a-santa-catarina-laboure-2\/"]}]},{"@type":"ImageObject","inLanguage":"pt-PT","@id":"https:\/\/filles-de-la-charite.org\/pt-pt\/peregrinos-com-maria-aos-190-anos-das-aparicoes-da-virgem-maria-a-santa-catarina-laboure-2\/#primaryimage","url":"https:\/\/filles-de-la-charite.org\/wp-content\/uploads\/2023\/06\/1.png","contentUrl":"https:\/\/filles-de-la-charite.org\/wp-content\/uploads\/2023\/06\/1.png","width":1771,"height":1181},{"@type":"BreadcrumbList","@id":"https:\/\/filles-de-la-charite.org\/pt-pt\/peregrinos-com-maria-aos-190-anos-das-aparicoes-da-virgem-maria-a-santa-catarina-laboure-2\/#breadcrumb","itemListElement":[{"@type":"ListItem","position":1,"name":"San Vincenzo &#8211; Italia","item":"https:\/\/filles-de-la-charite.org\/pt-pt\/category\/san-vincenzo-italia-pt-pt\/"},{"@type":"ListItem","position":2,"name":"Peregrinos com Maria: Aos 190 anos das apari\u00e7\u00f5es da Virgem Maria a Santa Catarina Labour\u00e9"}]},{"@type":"WebSite","@id":"https:\/\/filles-de-la-charite.org\/pt-pt\/#website","url":"https:\/\/filles-de-la-charite.org\/pt-pt\/","name":"Hijas de la Caridad","description":"L\u2019amour de J\u00e9sus nous presse \u00e0 prendre soin des personnes les plus d\u00e9munies","publisher":{"@id":"https:\/\/filles-de-la-charite.org\/pt-pt\/#organization"},"potentialAction":[{"@type":"SearchAction","target":{"@type":"EntryPoint","urlTemplate":"https:\/\/filles-de-la-charite.org\/pt-pt\/?s={search_term_string}"},"query-input":{"@type":"PropertyValueSpecification","valueRequired":true,"valueName":"search_term_string"}}],"inLanguage":"pt-PT"},{"@type":"Organization","@id":"https:\/\/filles-de-la-charite.org\/pt-pt\/#organization","name":"Hijas de la Caridad","url":"https:\/\/filles-de-la-charite.org\/pt-pt\/","logo":{"@type":"ImageObject","inLanguage":"pt-PT","@id":"https:\/\/filles-de-la-charite.org\/pt-pt\/#\/schema\/logo\/image\/","url":"https:\/\/filles-de-la-charite.org\/wp-content\/uploads\/2023\/03\/isotipo-Hijas-de-la-Caridad.png","contentUrl":"https:\/\/filles-de-la-charite.org\/wp-content\/uploads\/2023\/03\/isotipo-Hijas-de-la-Caridad.png","width":1417,"height":1417,"caption":"Hijas de la Caridad"},"image":{"@id":"https:\/\/filles-de-la-charite.org\/pt-pt\/#\/schema\/logo\/image\/"}},{"@type":"Person","@id":"https:\/\/filles-de-la-charite.org\/pt-pt\/#\/schema\/person\/427567b2eccfc2dd7d206da186a1f438","name":"admin","image":{"@type":"ImageObject","inLanguage":"pt-PT","@id":"https:\/\/secure.gravatar.com\/avatar\/948b492cce32b586ac2db0eaa926ee87024f7afe218d73b397ea5ddfc5f43ea1?s=96&d=mm&r=g","url":"https:\/\/secure.gravatar.com\/avatar\/948b492cce32b586ac2db0eaa926ee87024f7afe218d73b397ea5ddfc5f43ea1?s=96&d=mm&r=g","contentUrl":"https:\/\/secure.gravatar.com\/avatar\/948b492cce32b586ac2db0eaa926ee87024f7afe218d73b397ea5ddfc5f43ea1?s=96&d=mm&r=g","caption":"admin"},"sameAs":["https:\/\/filles-de-la-charite.org"],"url":"https:\/\/filles-de-la-charite.org\/pt-pt\/author\/caridad\/"}]}},"_links":{"self":[{"href":"https:\/\/filles-de-la-charite.org\/pt-pt\/wp-json\/wp\/v2\/posts\/25191","targetHints":{"allow":["GET"]}}],"collection":[{"href":"https:\/\/filles-de-la-charite.org\/pt-pt\/wp-json\/wp\/v2\/posts"}],"about":[{"href":"https:\/\/filles-de-la-charite.org\/pt-pt\/wp-json\/wp\/v2\/types\/post"}],"author":[{"embeddable":true,"href":"https:\/\/filles-de-la-charite.org\/pt-pt\/wp-json\/wp\/v2\/users\/1"}],"replies":[{"embeddable":true,"href":"https:\/\/filles-de-la-charite.org\/pt-pt\/wp-json\/wp\/v2\/comments?post=25191"}],"version-history":[{"count":1,"href":"https:\/\/filles-de-la-charite.org\/pt-pt\/wp-json\/wp\/v2\/posts\/25191\/revisions"}],"predecessor-version":[{"id":25192,"href":"https:\/\/filles-de-la-charite.org\/pt-pt\/wp-json\/wp\/v2\/posts\/25191\/revisions\/25192"}],"wp:featuredmedia":[{"embeddable":true,"href":"https:\/\/filles-de-la-charite.org\/pt-pt\/wp-json\/wp\/v2\/media\/15237"}],"wp:attachment":[{"href":"https:\/\/filles-de-la-charite.org\/pt-pt\/wp-json\/wp\/v2\/media?parent=25191"}],"wp:term":[{"taxonomy":"category","embeddable":true,"href":"https:\/\/filles-de-la-charite.org\/pt-pt\/wp-json\/wp\/v2\/categories?post=25191"},{"taxonomy":"post_tag","embeddable":true,"href":"https:\/\/filles-de-la-charite.org\/pt-pt\/wp-json\/wp\/v2\/tags?post=25191"}],"curies":[{"name":"wp","href":"https:\/\/api.w.org\/{rel}","templated":true}]}}