{"id":25194,"date":"2020-12-17T13:28:21","date_gmt":"2020-12-17T12:28:21","guid":{"rendered":"https:\/\/hijascaridad.sjdigitaldemo.ovh\/diouroup-senegal-historia-de-uma-nova-missao-2\/"},"modified":"2024-03-17T17:59:04","modified_gmt":"2024-03-17T16:59:04","slug":"diouroup-senegal-historia-de-uma-nova-missao-2","status":"publish","type":"post","link":"https:\/\/filles-de-la-charite.org\/pt-pt\/diouroup-senegal-historia-de-uma-nova-missao-2\/","title":{"rendered":"Diouroup, Senegal: hist\u00f3ria de uma nova miss\u00e3o"},"content":{"rendered":"\n<figure class=\"wp-block-image alignwide size-large\"><img decoding=\"async\" src=\"https:\/\/filles-de-la-charite.org\/wp-content\/uploads\/2023\/06\/2-12-1-1024x768.jpg\" alt=\"\" class=\"wp-image-60007\"\/><\/figure>\n\n\n\n<p>Por volta do 387\u00ba anivers\u00e1rio da funda\u00e7\u00e3o da Companhia das Filhas da Caridade, a Comunidade de cinco Irm\u00e3s em Nouakchott, Maurit\u00e2nia, de quatro nacionalidades diferentes, tornou real o desejo de muitas outras que queriam ir um pouco mais longe no seu encontro com Cristo nos pobres. A Divina Provid\u00eancia acompanhou a viagem e deu a este lugar a sua localiza\u00e7\u00e3o actual: Diouroup, Senegal.<\/p>\n\n\n\n<p>Ap\u00f3s um processo de discernimento que durou pouco mais de um ano, o Conselho Geral acolheu o novo local com alegria e esperan\u00e7a, e os primeiros passos foram dados a partir da Prov\u00edncia de Espanha-Sul.<\/p>\n\n\n\n<div class=\"wp-block-image\"><figure class=\"aligncenter size-large\"><img decoding=\"async\" src=\"https:\/\/filles-de-la-charite.org\/wp-content\/uploads\/2023\/06\/3-4-1.jpg\" alt=\"\" class=\"wp-image-60008\"\/><\/figure><\/div>\n\n\n\n<p>O Senegal \u00e9 um Estado secular com uma popula\u00e7\u00e3o mu\u00e7ulmana de 94% e 6% de cat\u00f3licos. Este pa\u00eds \u00e9 reconhecido pela sua toler\u00e2ncia religiosa. A Igreja Cat\u00f3lica tem 7 dioceses; Diouroup pertence \u00e0 de Dakar. Nesta cidade n\u00e3o existe uma Comunidade religiosa.<\/p>\n\n\n\n<p>O Papa Francisco, na sua mensagem para DOMUND 2020, disse: &#8220;Na miss\u00e3o de anunciar o Evangelho, tu moves-te porque o Esp\u00edrito te empurra e te traz&#8221;.&nbsp; No dia 6 de Dezembro, tr\u00eas Irm\u00e3s simples foram recebidas pela Comunidade paroquial com alegria, esperan\u00e7a e a certeza de que tinham sido enviadas por Deus. O Esp\u00edrito levou-as a Diouroup. Com elas, toda a Companhia das Filhas da Caridade est\u00e1 presente nesta aldeia e a presen\u00e7a da Igreja Cat\u00f3lica \u00e9 enriquecida por um novo carisma.<\/p>\n\n\n\n<div class=\"wp-block-image\"><figure class=\"aligncenter size-large\"><img decoding=\"async\" src=\"https:\/\/filles-de-la-charite.org\/wp-content\/uploads\/2023\/06\/7-3-1.jpg\" alt=\"\" class=\"wp-image-60009\"\/><\/figure><\/div>\n\n\n\n<p>H\u00e1 um detalhe importante a destacar: A devo\u00e7\u00e3o e a imagem da Virgem da Medalha Milagrosa existiam neste lugar antes da chegada das Irm\u00e3s. \u00c9 claro quem vai velar por esta Comunidade e miss\u00e3o.<\/p>\n\n\n\n<p>Agradecemos a Deus pelo seu encorajamento, acompanhamento e prote\u00e7\u00e3o e \u00e0 Sant\u00edssima Virgem pela sua media\u00e7\u00e3o.<\/p>\n\n\n\n<figure class=\"wp-block-gallery aligncenter columns-3 is-cropped wp-block-gallery-1 is-layout-flex wp-block-gallery-is-layout-flex\"><ul class=\"blocks-gallery-grid\"><li class=\"blocks-gallery-item\"><figure><img decoding=\"async\" src=\"https:\/\/filles-de-la-charite.org\/wp-content\/uploads\/2023\/06\/8-4-1.jpg\" alt=\"\" data-id=\"60010\" data-full-url=\"https:\/\/filles-de-la-charite.org\/wp-content\/uploads\/2023\/06\/8-4-1.jpg\" data-link=\"https:\/\/www.filles-de-la-charite.org\/?attachment_id=60010\" class=\"wp-image-60010\"\/><\/figure><\/li><li class=\"blocks-gallery-item\"><figure><img decoding=\"async\" src=\"https:\/\/filles-de-la-charite.org\/wp-content\/uploads\/2023\/06\/6-4-1.jpg\" alt=\"\" data-id=\"60013\" data-full-url=\"https:\/\/filles-de-la-charite.org\/wp-content\/uploads\/2023\/06\/6-4-1.jpg\" data-link=\"https:\/\/www.filles-de-la-charite.org\/?attachment_id=60013\" class=\"wp-image-60013\"\/><\/figure><\/li><li class=\"blocks-gallery-item\"><figure><img decoding=\"async\" src=\"https:\/\/filles-de-la-charite.org\/wp-content\/uploads\/2023\/06\/5-13-1-768x1024.jpg\" alt=\"\" data-id=\"60012\" data-full-url=\"https:\/\/filles-de-la-charite.org\/wp-content\/uploads\/2023\/06\/5-13-1.jpg\" data-link=\"https:\/\/www.filles-de-la-charite.org\/?attachment_id=60012\" class=\"wp-image-60012\"\/><\/figure><\/li><li class=\"blocks-gallery-item\"><figure><img decoding=\"async\" src=\"https:\/\/filles-de-la-charite.org\/wp-content\/uploads\/2023\/06\/4-11-1-1024x576.jpg\" alt=\"\" data-id=\"60011\" data-full-url=\"https:\/\/filles-de-la-charite.org\/wp-content\/uploads\/2023\/06\/4-11-1.jpg\" data-link=\"https:\/\/www.filles-de-la-charite.org\/?attachment_id=60011\" class=\"wp-image-60011\"\/><\/figure><\/li><\/ul><\/figure>\n","protected":false},"excerpt":{"rendered":"<p>Por volta do 387\u00ba anivers\u00e1rio da funda\u00e7\u00e3o da Companhia das Filhas da Caridade, a Comunidade de cinco Irm\u00e3s em Nouakchott, Maurit\u00e2nia, de quatro nacionalidades diferentes, tornou real o desejo de muitas outras que queriam ir um pouco mais longe no seu encontro com Cristo nos pobres. A Divina Provid\u00eancia acompanhou a viagem e deu a [&hellip;]<\/p>\n","protected":false},"author":1,"featured_media":15312,"comment_status":"closed","ping_status":"closed","sticky":false,"template":"","format":"standard","meta":{"_acf_changed":false,"_et_pb_use_builder":"","_et_pb_old_content":"","_et_gb_content_width":"","footnotes":"","_links_to":"","_links_to_target":""},"categories":[807],"tags":[],"class_list":["post-25194","post","type-post","status-publish","format-standard","has-post-thumbnail","hentry","category-espana-sur-pt-pt"],"acf":[],"yoast_head":"<!-- This site is optimized with the Yoast SEO plugin v27.5 - https:\/\/yoast.com\/product\/yoast-seo-wordpress\/ -->\n<title>Diouroup, Senegal: hist\u00f3ria de uma nova miss\u00e3o - Filles de la Charit\u00e9<\/title>\n<meta name=\"robots\" content=\"index, follow, max-snippet:-1, max-image-preview:large, max-video-preview:-1\" \/>\n<link rel=\"canonical\" href=\"https:\/\/filles-de-la-charite.org\/pt-pt\/diouroup-senegal-historia-de-uma-nova-missao-2\/\" \/>\n<meta property=\"og:locale\" content=\"pt_PT\" \/>\n<meta property=\"og:type\" content=\"article\" \/>\n<meta property=\"og:title\" content=\"Diouroup, Senegal: hist\u00f3ria de uma nova miss\u00e3o - Filles de la Charit\u00e9\" \/>\n<meta property=\"og:description\" content=\"Por volta do 387\u00ba anivers\u00e1rio da funda\u00e7\u00e3o da Companhia das Filhas da Caridade, a Comunidade de cinco Irm\u00e3s em Nouakchott, Maurit\u00e2nia, de quatro nacionalidades diferentes, tornou real o desejo de muitas outras que queriam ir um pouco mais longe no seu encontro com Cristo nos pobres. A Divina Provid\u00eancia acompanhou a viagem e deu a [&hellip;]\" \/>\n<meta property=\"og:url\" content=\"https:\/\/filles-de-la-charite.org\/pt-pt\/diouroup-senegal-historia-de-uma-nova-missao-2\/\" \/>\n<meta property=\"og:site_name\" content=\"Filles de la Charit\u00e9\" \/>\n<meta property=\"article:published_time\" content=\"2020-12-17T12:28:21+00:00\" \/>\n<meta property=\"article:modified_time\" content=\"2024-03-17T16:59:04+00:00\" \/>\n<meta property=\"og:image\" content=\"https:\/\/filles-de-la-charite.org\/wp-content\/uploads\/2023\/06\/1-1.jpg\" \/>\n\t<meta property=\"og:image:width\" content=\"810\" \/>\n\t<meta property=\"og:image:height\" content=\"1080\" \/>\n\t<meta property=\"og:image:type\" content=\"image\/jpeg\" \/>\n<meta name=\"author\" content=\"admin\" \/>\n<meta name=\"twitter:card\" content=\"summary_large_image\" \/>\n<meta name=\"twitter:label1\" content=\"Escrito por\" \/>\n\t<meta name=\"twitter:data1\" content=\"admin\" \/>\n\t<meta name=\"twitter:label2\" content=\"Tempo estimado de leitura\" \/>\n\t<meta name=\"twitter:data2\" content=\"1 minuto\" \/>\n<script type=\"application\/ld+json\" class=\"yoast-schema-graph\">{\"@context\":\"https:\\\/\\\/schema.org\",\"@graph\":[{\"@type\":\"Article\",\"@id\":\"https:\\\/\\\/filles-de-la-charite.org\\\/pt-pt\\\/diouroup-senegal-historia-de-uma-nova-missao-2\\\/#article\",\"isPartOf\":{\"@id\":\"https:\\\/\\\/filles-de-la-charite.org\\\/pt-pt\\\/diouroup-senegal-historia-de-uma-nova-missao-2\\\/\"},\"author\":{\"name\":\"admin\",\"@id\":\"https:\\\/\\\/filles-de-la-charite.org\\\/pt-pt\\\/#\\\/schema\\\/person\\\/427567b2eccfc2dd7d206da186a1f438\"},\"headline\":\"Diouroup, Senegal: hist\u00f3ria de uma nova miss\u00e3o\",\"datePublished\":\"2020-12-17T12:28:21+00:00\",\"dateModified\":\"2024-03-17T16:59:04+00:00\",\"mainEntityOfPage\":{\"@id\":\"https:\\\/\\\/filles-de-la-charite.org\\\/pt-pt\\\/diouroup-senegal-historia-de-uma-nova-missao-2\\\/\"},\"wordCount\":300,\"publisher\":{\"@id\":\"https:\\\/\\\/filles-de-la-charite.org\\\/pt-pt\\\/#organization\"},\"image\":{\"@id\":\"https:\\\/\\\/filles-de-la-charite.org\\\/pt-pt\\\/diouroup-senegal-historia-de-uma-nova-missao-2\\\/#primaryimage\"},\"thumbnailUrl\":\"https:\\\/\\\/filles-de-la-charite.org\\\/wp-content\\\/uploads\\\/2023\\\/06\\\/1-1.jpg\",\"articleSection\":[\"Espa\u00f1a-Sur\"],\"inLanguage\":\"pt-PT\"},{\"@type\":\"WebPage\",\"@id\":\"https:\\\/\\\/filles-de-la-charite.org\\\/pt-pt\\\/diouroup-senegal-historia-de-uma-nova-missao-2\\\/\",\"url\":\"https:\\\/\\\/filles-de-la-charite.org\\\/pt-pt\\\/diouroup-senegal-historia-de-uma-nova-missao-2\\\/\",\"name\":\"Diouroup, Senegal: hist\u00f3ria de uma nova miss\u00e3o - Filles de la Charit\u00e9\",\"isPartOf\":{\"@id\":\"https:\\\/\\\/filles-de-la-charite.org\\\/pt-pt\\\/#website\"},\"primaryImageOfPage\":{\"@id\":\"https:\\\/\\\/filles-de-la-charite.org\\\/pt-pt\\\/diouroup-senegal-historia-de-uma-nova-missao-2\\\/#primaryimage\"},\"image\":{\"@id\":\"https:\\\/\\\/filles-de-la-charite.org\\\/pt-pt\\\/diouroup-senegal-historia-de-uma-nova-missao-2\\\/#primaryimage\"},\"thumbnailUrl\":\"https:\\\/\\\/filles-de-la-charite.org\\\/wp-content\\\/uploads\\\/2023\\\/06\\\/1-1.jpg\",\"datePublished\":\"2020-12-17T12:28:21+00:00\",\"dateModified\":\"2024-03-17T16:59:04+00:00\",\"breadcrumb\":{\"@id\":\"https:\\\/\\\/filles-de-la-charite.org\\\/pt-pt\\\/diouroup-senegal-historia-de-uma-nova-missao-2\\\/#breadcrumb\"},\"inLanguage\":\"pt-PT\",\"potentialAction\":[{\"@type\":\"ReadAction\",\"target\":[\"https:\\\/\\\/filles-de-la-charite.org\\\/pt-pt\\\/diouroup-senegal-historia-de-uma-nova-missao-2\\\/\"]}]},{\"@type\":\"ImageObject\",\"inLanguage\":\"pt-PT\",\"@id\":\"https:\\\/\\\/filles-de-la-charite.org\\\/pt-pt\\\/diouroup-senegal-historia-de-uma-nova-missao-2\\\/#primaryimage\",\"url\":\"https:\\\/\\\/filles-de-la-charite.org\\\/wp-content\\\/uploads\\\/2023\\\/06\\\/1-1.jpg\",\"contentUrl\":\"https:\\\/\\\/filles-de-la-charite.org\\\/wp-content\\\/uploads\\\/2023\\\/06\\\/1-1.jpg\",\"width\":810,\"height\":1080},{\"@type\":\"BreadcrumbList\",\"@id\":\"https:\\\/\\\/filles-de-la-charite.org\\\/pt-pt\\\/diouroup-senegal-historia-de-uma-nova-missao-2\\\/#breadcrumb\",\"itemListElement\":[{\"@type\":\"ListItem\",\"position\":1,\"name\":\"Rio de Janeiro - Brasil\",\"item\":\"https:\\\/\\\/filles-de-la-charite.org\\\/pt-pt\\\/category\\\/rio-de-janeiro-brasil-pt-pt\\\/\"},{\"@type\":\"ListItem\",\"position\":2,\"name\":\"Diouroup, Senegal: hist\u00f3ria de uma nova miss\u00e3o\"}]},{\"@type\":\"WebSite\",\"@id\":\"https:\\\/\\\/filles-de-la-charite.org\\\/pt-pt\\\/#website\",\"url\":\"https:\\\/\\\/filles-de-la-charite.org\\\/pt-pt\\\/\",\"name\":\"Hijas de la Caridad\",\"description\":\"L\u2019amour de J\u00e9sus nous presse \u00e0 prendre soin des personnes les plus d\u00e9munies\",\"publisher\":{\"@id\":\"https:\\\/\\\/filles-de-la-charite.org\\\/pt-pt\\\/#organization\"},\"potentialAction\":[{\"@type\":\"SearchAction\",\"target\":{\"@type\":\"EntryPoint\",\"urlTemplate\":\"https:\\\/\\\/filles-de-la-charite.org\\\/pt-pt\\\/?s={search_term_string}\"},\"query-input\":{\"@type\":\"PropertyValueSpecification\",\"valueRequired\":true,\"valueName\":\"search_term_string\"}}],\"inLanguage\":\"pt-PT\"},{\"@type\":\"Organization\",\"@id\":\"https:\\\/\\\/filles-de-la-charite.org\\\/pt-pt\\\/#organization\",\"name\":\"Hijas de la Caridad\",\"url\":\"https:\\\/\\\/filles-de-la-charite.org\\\/pt-pt\\\/\",\"logo\":{\"@type\":\"ImageObject\",\"inLanguage\":\"pt-PT\",\"@id\":\"https:\\\/\\\/filles-de-la-charite.org\\\/pt-pt\\\/#\\\/schema\\\/logo\\\/image\\\/\",\"url\":\"https:\\\/\\\/filles-de-la-charite.org\\\/wp-content\\\/uploads\\\/2023\\\/03\\\/isotipo-Hijas-de-la-Caridad.png\",\"contentUrl\":\"https:\\\/\\\/filles-de-la-charite.org\\\/wp-content\\\/uploads\\\/2023\\\/03\\\/isotipo-Hijas-de-la-Caridad.png\",\"width\":1417,\"height\":1417,\"caption\":\"Hijas de la Caridad\"},\"image\":{\"@id\":\"https:\\\/\\\/filles-de-la-charite.org\\\/pt-pt\\\/#\\\/schema\\\/logo\\\/image\\\/\"}},{\"@type\":\"Person\",\"@id\":\"https:\\\/\\\/filles-de-la-charite.org\\\/pt-pt\\\/#\\\/schema\\\/person\\\/427567b2eccfc2dd7d206da186a1f438\",\"name\":\"admin\",\"image\":{\"@type\":\"ImageObject\",\"inLanguage\":\"pt-PT\",\"@id\":\"https:\\\/\\\/secure.gravatar.com\\\/avatar\\\/948b492cce32b586ac2db0eaa926ee87024f7afe218d73b397ea5ddfc5f43ea1?s=96&d=mm&r=g\",\"url\":\"https:\\\/\\\/secure.gravatar.com\\\/avatar\\\/948b492cce32b586ac2db0eaa926ee87024f7afe218d73b397ea5ddfc5f43ea1?s=96&d=mm&r=g\",\"contentUrl\":\"https:\\\/\\\/secure.gravatar.com\\\/avatar\\\/948b492cce32b586ac2db0eaa926ee87024f7afe218d73b397ea5ddfc5f43ea1?s=96&d=mm&r=g\",\"caption\":\"admin\"},\"sameAs\":[\"https:\\\/\\\/filles-de-la-charite.org\"],\"url\":\"https:\\\/\\\/filles-de-la-charite.org\\\/pt-pt\\\/author\\\/caridad\\\/\"}]}<\/script>\n<!-- \/ Yoast SEO plugin. -->","yoast_head_json":{"title":"Diouroup, Senegal: hist\u00f3ria de uma nova miss\u00e3o - Filles de la Charit\u00e9","robots":{"index":"index","follow":"follow","max-snippet":"max-snippet:-1","max-image-preview":"max-image-preview:large","max-video-preview":"max-video-preview:-1"},"canonical":"https:\/\/filles-de-la-charite.org\/pt-pt\/diouroup-senegal-historia-de-uma-nova-missao-2\/","og_locale":"pt_PT","og_type":"article","og_title":"Diouroup, Senegal: hist\u00f3ria de uma nova miss\u00e3o - Filles de la Charit\u00e9","og_description":"Por volta do 387\u00ba anivers\u00e1rio da funda\u00e7\u00e3o da Companhia das Filhas da Caridade, a Comunidade de cinco Irm\u00e3s em Nouakchott, Maurit\u00e2nia, de quatro nacionalidades diferentes, tornou real o desejo de muitas outras que queriam ir um pouco mais longe no seu encontro com Cristo nos pobres. A Divina Provid\u00eancia acompanhou a viagem e deu a [&hellip;]","og_url":"https:\/\/filles-de-la-charite.org\/pt-pt\/diouroup-senegal-historia-de-uma-nova-missao-2\/","og_site_name":"Filles de la Charit\u00e9","article_published_time":"2020-12-17T12:28:21+00:00","article_modified_time":"2024-03-17T16:59:04+00:00","og_image":[{"width":810,"height":1080,"url":"https:\/\/filles-de-la-charite.org\/wp-content\/uploads\/2023\/06\/1-1.jpg","type":"image\/jpeg"}],"author":"admin","twitter_card":"summary_large_image","twitter_misc":{"Escrito por":"admin","Tempo estimado de leitura":"1 minuto"},"schema":{"@context":"https:\/\/schema.org","@graph":[{"@type":"Article","@id":"https:\/\/filles-de-la-charite.org\/pt-pt\/diouroup-senegal-historia-de-uma-nova-missao-2\/#article","isPartOf":{"@id":"https:\/\/filles-de-la-charite.org\/pt-pt\/diouroup-senegal-historia-de-uma-nova-missao-2\/"},"author":{"name":"admin","@id":"https:\/\/filles-de-la-charite.org\/pt-pt\/#\/schema\/person\/427567b2eccfc2dd7d206da186a1f438"},"headline":"Diouroup, Senegal: hist\u00f3ria de uma nova miss\u00e3o","datePublished":"2020-12-17T12:28:21+00:00","dateModified":"2024-03-17T16:59:04+00:00","mainEntityOfPage":{"@id":"https:\/\/filles-de-la-charite.org\/pt-pt\/diouroup-senegal-historia-de-uma-nova-missao-2\/"},"wordCount":300,"publisher":{"@id":"https:\/\/filles-de-la-charite.org\/pt-pt\/#organization"},"image":{"@id":"https:\/\/filles-de-la-charite.org\/pt-pt\/diouroup-senegal-historia-de-uma-nova-missao-2\/#primaryimage"},"thumbnailUrl":"https:\/\/filles-de-la-charite.org\/wp-content\/uploads\/2023\/06\/1-1.jpg","articleSection":["Espa\u00f1a-Sur"],"inLanguage":"pt-PT"},{"@type":"WebPage","@id":"https:\/\/filles-de-la-charite.org\/pt-pt\/diouroup-senegal-historia-de-uma-nova-missao-2\/","url":"https:\/\/filles-de-la-charite.org\/pt-pt\/diouroup-senegal-historia-de-uma-nova-missao-2\/","name":"Diouroup, Senegal: hist\u00f3ria de uma nova miss\u00e3o - Filles de la Charit\u00e9","isPartOf":{"@id":"https:\/\/filles-de-la-charite.org\/pt-pt\/#website"},"primaryImageOfPage":{"@id":"https:\/\/filles-de-la-charite.org\/pt-pt\/diouroup-senegal-historia-de-uma-nova-missao-2\/#primaryimage"},"image":{"@id":"https:\/\/filles-de-la-charite.org\/pt-pt\/diouroup-senegal-historia-de-uma-nova-missao-2\/#primaryimage"},"thumbnailUrl":"https:\/\/filles-de-la-charite.org\/wp-content\/uploads\/2023\/06\/1-1.jpg","datePublished":"2020-12-17T12:28:21+00:00","dateModified":"2024-03-17T16:59:04+00:00","breadcrumb":{"@id":"https:\/\/filles-de-la-charite.org\/pt-pt\/diouroup-senegal-historia-de-uma-nova-missao-2\/#breadcrumb"},"inLanguage":"pt-PT","potentialAction":[{"@type":"ReadAction","target":["https:\/\/filles-de-la-charite.org\/pt-pt\/diouroup-senegal-historia-de-uma-nova-missao-2\/"]}]},{"@type":"ImageObject","inLanguage":"pt-PT","@id":"https:\/\/filles-de-la-charite.org\/pt-pt\/diouroup-senegal-historia-de-uma-nova-missao-2\/#primaryimage","url":"https:\/\/filles-de-la-charite.org\/wp-content\/uploads\/2023\/06\/1-1.jpg","contentUrl":"https:\/\/filles-de-la-charite.org\/wp-content\/uploads\/2023\/06\/1-1.jpg","width":810,"height":1080},{"@type":"BreadcrumbList","@id":"https:\/\/filles-de-la-charite.org\/pt-pt\/diouroup-senegal-historia-de-uma-nova-missao-2\/#breadcrumb","itemListElement":[{"@type":"ListItem","position":1,"name":"Rio de Janeiro - Brasil","item":"https:\/\/filles-de-la-charite.org\/pt-pt\/category\/rio-de-janeiro-brasil-pt-pt\/"},{"@type":"ListItem","position":2,"name":"Diouroup, Senegal: hist\u00f3ria de uma nova miss\u00e3o"}]},{"@type":"WebSite","@id":"https:\/\/filles-de-la-charite.org\/pt-pt\/#website","url":"https:\/\/filles-de-la-charite.org\/pt-pt\/","name":"Hijas de la Caridad","description":"L\u2019amour de J\u00e9sus nous presse \u00e0 prendre soin des personnes les plus d\u00e9munies","publisher":{"@id":"https:\/\/filles-de-la-charite.org\/pt-pt\/#organization"},"potentialAction":[{"@type":"SearchAction","target":{"@type":"EntryPoint","urlTemplate":"https:\/\/filles-de-la-charite.org\/pt-pt\/?s={search_term_string}"},"query-input":{"@type":"PropertyValueSpecification","valueRequired":true,"valueName":"search_term_string"}}],"inLanguage":"pt-PT"},{"@type":"Organization","@id":"https:\/\/filles-de-la-charite.org\/pt-pt\/#organization","name":"Hijas de la Caridad","url":"https:\/\/filles-de-la-charite.org\/pt-pt\/","logo":{"@type":"ImageObject","inLanguage":"pt-PT","@id":"https:\/\/filles-de-la-charite.org\/pt-pt\/#\/schema\/logo\/image\/","url":"https:\/\/filles-de-la-charite.org\/wp-content\/uploads\/2023\/03\/isotipo-Hijas-de-la-Caridad.png","contentUrl":"https:\/\/filles-de-la-charite.org\/wp-content\/uploads\/2023\/03\/isotipo-Hijas-de-la-Caridad.png","width":1417,"height":1417,"caption":"Hijas de la Caridad"},"image":{"@id":"https:\/\/filles-de-la-charite.org\/pt-pt\/#\/schema\/logo\/image\/"}},{"@type":"Person","@id":"https:\/\/filles-de-la-charite.org\/pt-pt\/#\/schema\/person\/427567b2eccfc2dd7d206da186a1f438","name":"admin","image":{"@type":"ImageObject","inLanguage":"pt-PT","@id":"https:\/\/secure.gravatar.com\/avatar\/948b492cce32b586ac2db0eaa926ee87024f7afe218d73b397ea5ddfc5f43ea1?s=96&d=mm&r=g","url":"https:\/\/secure.gravatar.com\/avatar\/948b492cce32b586ac2db0eaa926ee87024f7afe218d73b397ea5ddfc5f43ea1?s=96&d=mm&r=g","contentUrl":"https:\/\/secure.gravatar.com\/avatar\/948b492cce32b586ac2db0eaa926ee87024f7afe218d73b397ea5ddfc5f43ea1?s=96&d=mm&r=g","caption":"admin"},"sameAs":["https:\/\/filles-de-la-charite.org"],"url":"https:\/\/filles-de-la-charite.org\/pt-pt\/author\/caridad\/"}]}},"_links":{"self":[{"href":"https:\/\/filles-de-la-charite.org\/pt-pt\/wp-json\/wp\/v2\/posts\/25194","targetHints":{"allow":["GET"]}}],"collection":[{"href":"https:\/\/filles-de-la-charite.org\/pt-pt\/wp-json\/wp\/v2\/posts"}],"about":[{"href":"https:\/\/filles-de-la-charite.org\/pt-pt\/wp-json\/wp\/v2\/types\/post"}],"author":[{"embeddable":true,"href":"https:\/\/filles-de-la-charite.org\/pt-pt\/wp-json\/wp\/v2\/users\/1"}],"replies":[{"embeddable":true,"href":"https:\/\/filles-de-la-charite.org\/pt-pt\/wp-json\/wp\/v2\/comments?post=25194"}],"version-history":[{"count":1,"href":"https:\/\/filles-de-la-charite.org\/pt-pt\/wp-json\/wp\/v2\/posts\/25194\/revisions"}],"predecessor-version":[{"id":25195,"href":"https:\/\/filles-de-la-charite.org\/pt-pt\/wp-json\/wp\/v2\/posts\/25194\/revisions\/25195"}],"wp:featuredmedia":[{"embeddable":true,"href":"https:\/\/filles-de-la-charite.org\/pt-pt\/wp-json\/wp\/v2\/media\/15312"}],"wp:attachment":[{"href":"https:\/\/filles-de-la-charite.org\/pt-pt\/wp-json\/wp\/v2\/media?parent=25194"}],"wp:term":[{"taxonomy":"category","embeddable":true,"href":"https:\/\/filles-de-la-charite.org\/pt-pt\/wp-json\/wp\/v2\/categories?post=25194"},{"taxonomy":"post_tag","embeddable":true,"href":"https:\/\/filles-de-la-charite.org\/pt-pt\/wp-json\/wp\/v2\/tags?post=25194"}],"curies":[{"name":"wp","href":"https:\/\/api.w.org\/{rel}","templated":true}]}}