{"id":25198,"date":"2021-01-01T19:16:26","date_gmt":"2021-01-01T18:16:26","guid":{"rendered":"https:\/\/hijascaridad.sjdigitaldemo.ovh\/assemblea-provinciale-fdc-31-luglio-10-agosto-2020-provincia-di-sardegna-2\/"},"modified":"2024-03-17T17:58:46","modified_gmt":"2024-03-17T16:58:46","slug":"assemblea-provinciale-fdc-31-luglio-10-agosto-2020-provincia-di-sardegna-2","status":"publish","type":"post","link":"https:\/\/filles-de-la-charite.org\/pt-pt\/assemblea-provinciale-fdc-31-luglio-10-agosto-2020-provincia-di-sardegna-2\/","title":{"rendered":"Assemblea Provinciale Fdc 31 luglio\/10 agosto 2020 Provincia di Sardegna"},"content":{"rendered":"\n<div class=\"wp-block-image\"><figure class=\"aligncenter size-large\"><img decoding=\"async\" src=\"https:\/\/filles-de-la-charite.org\/wp-content\/uploads\/2023\/06\/Assemblea-5-7-1024x769.jpg\" alt=\"\" class=\"wp-image-60449\" \/><\/figure><\/div>\n\n\n\n<p>Dal 31 luglio al 10 Agosto a Cagliari, presso la Casa provinciale <em>Mater nostra,<\/em> si \u00e8 svolta l\u2019Assemblea provinciale delle FdC&nbsp; della Sardegna, guidata e animata dalla Visitatrice&nbsp; Sr Caterina Bua, e da P. Italo Zedde, Direttore provinciale. Il tema e il logo sono state di grande ricchezza e attualit\u00e0 sia perch\u00e9&nbsp; perfettamente in sintonia col cammino della Chiesa sia in vista della prossima Assemblea generale del 2021 che dar\u00e0 al tema respiro internazionale.<\/p>\n\n\n\n<p>I lavori delle 56 partecipanti provenienti dalle diverse Comunit\u00e0 locali sono iniziati all\u2019insegna del <em>Grazie a Dio<\/em> per i doni elargiti e compiuti in questi ultimi sei anni come Compagnia in Sardegna il cui Carisma, <em>Caritas Christi urget nos,<\/em> consegnatoci da San Vincenzo de Paoli (1581- 1660), \u00e8 ancora di <em>bruciante attualit\u00e0. <\/em>Ed \u00e8 a partire da questo \u201cgrazie\u201d che, rilanciando la priorit\u00e0 della evangelizzazione, abbiamo tratteggiato in vista dell\u2019unificazione della nostra Provincia con altre Province, seppure con tante \u201cpaure\u201d ma anche con tanta fiducia nella divina Provvidenza, cammini nuovi di condivisione e fraternit\u00e0, di Carit\u00e0 e servizio al Povero.<\/p>\n\n\n\n<div class=\"wp-block-image\"><figure class=\"aligncenter size-large\"><img decoding=\"async\" src=\"https:\/\/filles-de-la-charite.org\/wp-content\/uploads\/2023\/06\/Assemblea2-1-5-1024x769.jpg\" alt=\"\" class=\"wp-image-60450\" \/><\/figure><\/div>\n\n\n\n<p>La nostra Assemblea ha cos\u00ec assunto maggiore entusiasmo, un volto pi\u00f9 lieto speranzoso di vedere rinnovarsi e rifiorire&nbsp; seppure nel piccolo servizi tradizionali e nuovi, sempre coraggiosamente in cammino nonostante la povert\u00e0 di risorse umane e totalmente confidenti nell\u2019Amore di un Padre che, come afferma San Vincenzo De Paoli<em>, ama&nbsp;i&nbsp;poveri e, per conseguenza,&nbsp;ama&nbsp;quelli&nbsp;che&nbsp;amano i&nbsp;poveri.<\/em><\/p>\n\n\n\n<p>Ed \u00e8 stato illuminante immergerci, anche solo a grandi linee, nella gigante tematica della <em>Laudato s\u00ec<\/em> di Papa Francesco che mobilita ad uscire da s\u00e9, ad accogliere i pi\u00f9 deboli<em>, ad assumere<\/em><em> il compito di avere cura del creato con piccole azioni quotidiane \u2026 che l\u2019educazione \u00e8 capace di motivarle fino a dar forma ad uno stile di vita (Cfr. LS 211). <\/em>\u00c8 stato questo lo spirito che ha guidato e animato le nostre giornate con scambi e riflessioni stimolanti a varcare \u201cporte\u201dtalvolta inusuali <em>per la missione, per le relazioni, per la vita spiritual<\/em>e.<\/p>\n\n\n\n<div class=\"wp-block-image\"><figure class=\"aligncenter size-large\"><img decoding=\"async\" src=\"https:\/\/filles-de-la-charite.org\/wp-content\/uploads\/2023\/06\/Assemblea-3-6-1024x769.jpg\" alt=\"\" class=\"wp-image-60451\" \/><\/figure><\/div>\n\n\n\n<p>&nbsp;Un invito per tutte noi Figlie della Carit\u00e0 ad immergerci in Dio continuando ad entrare nel mondo in cui viviamo aprendoci&nbsp; al <em>volto dell\u2019Altro, <\/em>proseguendo con fiducia<em> e pregando la divina bont\u00e0 di dare impulso e vita a tutte le nostre azioni e di animarle sempre pi\u00f9 col suo spirito. <\/em>(Cfr. S. Vincenzo 6 dicembre 1658, VII, 389, trad. it. XIV, 614)<\/p>\n\n\n\n<p>Attraverso un breve video, proiettato in un dopo cena, ciascuna delle intervistate ha parlato&nbsp; semplicemente e in maniera efficace quella che \u00e8 la sua vita oggi. Testimonianze tutte diverse eppure capaci di trasfondere dal tesoro del Carisma un comune sentire spirituale che non invecchia con gli anni e che ancora si fa tutt\u2019uno con l\u2019offerta di s\u00e9 e la preghiera a favore dei Poveri, della Compagnia, della Chiesa, della Comunit\u00e0 parrocchiale; presenza preziosa desiderata anche nei piccoli paesi della nostra terra come segno tangibile che rimanda alla totale consacrazione a Dio. I nostri interventi in Sala hanno sottolineato la loro preziosit\u00e0, l\u2019importanza di andarle a visitare, di avere nei loro riguardi affettuosa attenzione, mantenere costanti le relazioni fraterne, vie maestre per conservare nel tempo, viva e attiva, la loro risposta alla vocazione, coltivare interessi, coinvolgerle in qualche lavoro, grande o piccolo non importa\u2026 e continuare a spendersi nella gioia fino all\u2019ultimo istante.<\/p>\n\n\n\n<figure class=\"wp-block-image alignwide size-large\"><img decoding=\"async\" src=\"https:\/\/filles-de-la-charite.org\/wp-content\/uploads\/2023\/06\/Bez_tytulu_1-7.jpg\" alt=\"\" class=\"wp-image-60452\" \/><\/figure>\n\n\n\n<p>Altra attenzione \u00e8 stata riservata ad alcune Case di Comunit\u00e0 del nord- Sardegna riconvertite e ampliate ad uso di&nbsp; centri polivalenti. &nbsp;Il 9 Agosto, col canto del <em>Magnificat,<\/em> grate a Dio per le meraviglie del Suo Amore, abbiamo concluso i nostri lavori assembleari.<\/p>\n\n\n\n<p><em>Suor Rita Columbano FdC, Provincia di Sardegna<\/em><\/p>\n","protected":false},"excerpt":{"rendered":"<p>Dal 31 luglio al 10 Agosto a Cagliari, presso la Casa provinciale Mater nostra, si \u00e8 svolta l\u2019Assemblea provinciale delle FdC&nbsp; della Sardegna, guidata e animata dalla Visitatrice&nbsp; Sr Caterina Bua, e da P. Italo Zedde, Direttore provinciale. Il tema e il logo sono state di grande ricchezza e attualit\u00e0 sia perch\u00e9&nbsp; perfettamente in sintonia [&hellip;]<\/p>\n","protected":false},"author":1,"featured_media":15400,"comment_status":"closed","ping_status":"closed","sticky":false,"template":"","format":"standard","meta":{"_acf_changed":false,"footnotes":"","_links_to":"","_links_to_target":""},"categories":[686],"tags":[],"class_list":["post-25198","post","type-post","status-publish","format-standard","has-post-thumbnail","hentry","category-sardenha-italia-pt-pt"],"acf":[],"yoast_head":"<!-- This site is optimized with the Yoast SEO plugin v27.5 - https:\/\/yoast.com\/product\/yoast-seo-wordpress\/ -->\n<title>Assemblea Provinciale Fdc 31 luglio\/10 agosto 2020 Provincia di Sardegna - Filles de la Charit\u00e9<\/title>\n<meta name=\"robots\" content=\"index, follow, max-snippet:-1, max-image-preview:large, max-video-preview:-1\" \/>\n<link rel=\"canonical\" href=\"https:\/\/filles-de-la-charite.org\/pt-pt\/assemblea-provinciale-fdc-31-luglio-10-agosto-2020-provincia-di-sardegna-2\/\" \/>\n<meta property=\"og:locale\" content=\"pt_PT\" \/>\n<meta property=\"og:type\" content=\"article\" \/>\n<meta property=\"og:title\" content=\"Assemblea Provinciale Fdc 31 luglio\/10 agosto 2020 Provincia di Sardegna - Filles de la Charit\u00e9\" \/>\n<meta property=\"og:description\" content=\"Dal 31 luglio al 10 Agosto a Cagliari, presso la Casa provinciale Mater nostra, si \u00e8 svolta l\u2019Assemblea provinciale delle FdC&nbsp; della Sardegna, guidata e animata dalla Visitatrice&nbsp; Sr Caterina Bua, e da P. Italo Zedde, Direttore provinciale. Il tema e il logo sono state di grande ricchezza e attualit\u00e0 sia perch\u00e9&nbsp; perfettamente in sintonia [&hellip;]\" \/>\n<meta property=\"og:url\" content=\"https:\/\/filles-de-la-charite.org\/pt-pt\/assemblea-provinciale-fdc-31-luglio-10-agosto-2020-provincia-di-sardegna-2\/\" \/>\n<meta property=\"og:site_name\" content=\"Filles de la Charit\u00e9\" \/>\n<meta property=\"article:published_time\" content=\"2021-01-01T18:16:26+00:00\" \/>\n<meta property=\"article:modified_time\" content=\"2024-03-17T16:58:46+00:00\" \/>\n<meta property=\"og:image\" content=\"https:\/\/filles-de-la-charite.org\/wp-content\/uploads\/2023\/06\/Bez_tytulu_1-1.jpg\" \/>\n\t<meta property=\"og:image:width\" content=\"634\" \/>\n\t<meta property=\"og:image:height\" content=\"331\" \/>\n\t<meta property=\"og:image:type\" content=\"image\/jpeg\" \/>\n<meta name=\"author\" content=\"admin\" \/>\n<meta name=\"twitter:card\" content=\"summary_large_image\" \/>\n<meta name=\"twitter:label1\" content=\"Escrito por\" \/>\n\t<meta name=\"twitter:data1\" content=\"admin\" \/>\n\t<meta name=\"twitter:label2\" content=\"Tempo estimado de leitura\" \/>\n\t<meta name=\"twitter:data2\" content=\"3 minutos\" \/>\n<script type=\"application\/ld+json\" class=\"yoast-schema-graph\">{\"@context\":\"https:\\\/\\\/schema.org\",\"@graph\":[{\"@type\":\"Article\",\"@id\":\"https:\\\/\\\/filles-de-la-charite.org\\\/pt-pt\\\/assemblea-provinciale-fdc-31-luglio-10-agosto-2020-provincia-di-sardegna-2\\\/#article\",\"isPartOf\":{\"@id\":\"https:\\\/\\\/filles-de-la-charite.org\\\/pt-pt\\\/assemblea-provinciale-fdc-31-luglio-10-agosto-2020-provincia-di-sardegna-2\\\/\"},\"author\":{\"name\":\"admin\",\"@id\":\"https:\\\/\\\/filles-de-la-charite.org\\\/pt-pt\\\/#\\\/schema\\\/person\\\/427567b2eccfc2dd7d206da186a1f438\"},\"headline\":\"Assemblea Provinciale Fdc 31 luglio\\\/10 agosto 2020 Provincia di Sardegna\",\"datePublished\":\"2021-01-01T18:16:26+00:00\",\"dateModified\":\"2024-03-17T16:58:46+00:00\",\"mainEntityOfPage\":{\"@id\":\"https:\\\/\\\/filles-de-la-charite.org\\\/pt-pt\\\/assemblea-provinciale-fdc-31-luglio-10-agosto-2020-provincia-di-sardegna-2\\\/\"},\"wordCount\":608,\"publisher\":{\"@id\":\"https:\\\/\\\/filles-de-la-charite.org\\\/pt-pt\\\/#organization\"},\"image\":{\"@id\":\"https:\\\/\\\/filles-de-la-charite.org\\\/pt-pt\\\/assemblea-provinciale-fdc-31-luglio-10-agosto-2020-provincia-di-sardegna-2\\\/#primaryimage\"},\"thumbnailUrl\":\"https:\\\/\\\/filles-de-la-charite.org\\\/wp-content\\\/uploads\\\/2023\\\/06\\\/Bez_tytulu_1-1.jpg\",\"articleSection\":[\"Sardenha - It\u00e1lia\"],\"inLanguage\":\"pt-PT\"},{\"@type\":\"WebPage\",\"@id\":\"https:\\\/\\\/filles-de-la-charite.org\\\/pt-pt\\\/assemblea-provinciale-fdc-31-luglio-10-agosto-2020-provincia-di-sardegna-2\\\/\",\"url\":\"https:\\\/\\\/filles-de-la-charite.org\\\/pt-pt\\\/assemblea-provinciale-fdc-31-luglio-10-agosto-2020-provincia-di-sardegna-2\\\/\",\"name\":\"Assemblea Provinciale Fdc 31 luglio\\\/10 agosto 2020 Provincia di Sardegna - Filles de la Charit\u00e9\",\"isPartOf\":{\"@id\":\"https:\\\/\\\/filles-de-la-charite.org\\\/pt-pt\\\/#website\"},\"primaryImageOfPage\":{\"@id\":\"https:\\\/\\\/filles-de-la-charite.org\\\/pt-pt\\\/assemblea-provinciale-fdc-31-luglio-10-agosto-2020-provincia-di-sardegna-2\\\/#primaryimage\"},\"image\":{\"@id\":\"https:\\\/\\\/filles-de-la-charite.org\\\/pt-pt\\\/assemblea-provinciale-fdc-31-luglio-10-agosto-2020-provincia-di-sardegna-2\\\/#primaryimage\"},\"thumbnailUrl\":\"https:\\\/\\\/filles-de-la-charite.org\\\/wp-content\\\/uploads\\\/2023\\\/06\\\/Bez_tytulu_1-1.jpg\",\"datePublished\":\"2021-01-01T18:16:26+00:00\",\"dateModified\":\"2024-03-17T16:58:46+00:00\",\"breadcrumb\":{\"@id\":\"https:\\\/\\\/filles-de-la-charite.org\\\/pt-pt\\\/assemblea-provinciale-fdc-31-luglio-10-agosto-2020-provincia-di-sardegna-2\\\/#breadcrumb\"},\"inLanguage\":\"pt-PT\",\"potentialAction\":[{\"@type\":\"ReadAction\",\"target\":[\"https:\\\/\\\/filles-de-la-charite.org\\\/pt-pt\\\/assemblea-provinciale-fdc-31-luglio-10-agosto-2020-provincia-di-sardegna-2\\\/\"]}]},{\"@type\":\"ImageObject\",\"inLanguage\":\"pt-PT\",\"@id\":\"https:\\\/\\\/filles-de-la-charite.org\\\/pt-pt\\\/assemblea-provinciale-fdc-31-luglio-10-agosto-2020-provincia-di-sardegna-2\\\/#primaryimage\",\"url\":\"https:\\\/\\\/filles-de-la-charite.org\\\/wp-content\\\/uploads\\\/2023\\\/06\\\/Bez_tytulu_1-1.jpg\",\"contentUrl\":\"https:\\\/\\\/filles-de-la-charite.org\\\/wp-content\\\/uploads\\\/2023\\\/06\\\/Bez_tytulu_1-1.jpg\",\"width\":634,\"height\":331},{\"@type\":\"BreadcrumbList\",\"@id\":\"https:\\\/\\\/filles-de-la-charite.org\\\/pt-pt\\\/assemblea-provinciale-fdc-31-luglio-10-agosto-2020-provincia-di-sardegna-2\\\/#breadcrumb\",\"itemListElement\":[{\"@type\":\"ListItem\",\"position\":1,\"name\":\"San Vincenzo &#8211; Italia\",\"item\":\"https:\\\/\\\/filles-de-la-charite.org\\\/pt-pt\\\/category\\\/san-vincenzo-italia-pt-pt\\\/\"},{\"@type\":\"ListItem\",\"position\":2,\"name\":\"Assemblea Provinciale Fdc 31 luglio\\\/10 agosto 2020 Provincia di Sardegna\"}]},{\"@type\":\"WebSite\",\"@id\":\"https:\\\/\\\/filles-de-la-charite.org\\\/pt-pt\\\/#website\",\"url\":\"https:\\\/\\\/filles-de-la-charite.org\\\/pt-pt\\\/\",\"name\":\"Hijas de la Caridad\",\"description\":\"L\u2019amour de J\u00e9sus nous presse \u00e0 prendre soin des personnes les plus d\u00e9munies\",\"publisher\":{\"@id\":\"https:\\\/\\\/filles-de-la-charite.org\\\/pt-pt\\\/#organization\"},\"potentialAction\":[{\"@type\":\"SearchAction\",\"target\":{\"@type\":\"EntryPoint\",\"urlTemplate\":\"https:\\\/\\\/filles-de-la-charite.org\\\/pt-pt\\\/?s={search_term_string}\"},\"query-input\":{\"@type\":\"PropertyValueSpecification\",\"valueRequired\":true,\"valueName\":\"search_term_string\"}}],\"inLanguage\":\"pt-PT\"},{\"@type\":\"Organization\",\"@id\":\"https:\\\/\\\/filles-de-la-charite.org\\\/pt-pt\\\/#organization\",\"name\":\"Hijas de la Caridad\",\"url\":\"https:\\\/\\\/filles-de-la-charite.org\\\/pt-pt\\\/\",\"logo\":{\"@type\":\"ImageObject\",\"inLanguage\":\"pt-PT\",\"@id\":\"https:\\\/\\\/filles-de-la-charite.org\\\/pt-pt\\\/#\\\/schema\\\/logo\\\/image\\\/\",\"url\":\"https:\\\/\\\/filles-de-la-charite.org\\\/wp-content\\\/uploads\\\/2023\\\/03\\\/isotipo-Hijas-de-la-Caridad.png\",\"contentUrl\":\"https:\\\/\\\/filles-de-la-charite.org\\\/wp-content\\\/uploads\\\/2023\\\/03\\\/isotipo-Hijas-de-la-Caridad.png\",\"width\":1417,\"height\":1417,\"caption\":\"Hijas de la Caridad\"},\"image\":{\"@id\":\"https:\\\/\\\/filles-de-la-charite.org\\\/pt-pt\\\/#\\\/schema\\\/logo\\\/image\\\/\"}},{\"@type\":\"Person\",\"@id\":\"https:\\\/\\\/filles-de-la-charite.org\\\/pt-pt\\\/#\\\/schema\\\/person\\\/427567b2eccfc2dd7d206da186a1f438\",\"name\":\"admin\",\"image\":{\"@type\":\"ImageObject\",\"inLanguage\":\"pt-PT\",\"@id\":\"https:\\\/\\\/secure.gravatar.com\\\/avatar\\\/948b492cce32b586ac2db0eaa926ee87024f7afe218d73b397ea5ddfc5f43ea1?s=96&d=mm&r=g\",\"url\":\"https:\\\/\\\/secure.gravatar.com\\\/avatar\\\/948b492cce32b586ac2db0eaa926ee87024f7afe218d73b397ea5ddfc5f43ea1?s=96&d=mm&r=g\",\"contentUrl\":\"https:\\\/\\\/secure.gravatar.com\\\/avatar\\\/948b492cce32b586ac2db0eaa926ee87024f7afe218d73b397ea5ddfc5f43ea1?s=96&d=mm&r=g\",\"caption\":\"admin\"},\"sameAs\":[\"https:\\\/\\\/filles-de-la-charite.org\"],\"url\":\"https:\\\/\\\/filles-de-la-charite.org\\\/pt-pt\\\/author\\\/caridad\\\/\"}]}<\/script>\n<!-- \/ Yoast SEO plugin. -->","yoast_head_json":{"title":"Assemblea Provinciale Fdc 31 luglio\/10 agosto 2020 Provincia di Sardegna - Filles de la Charit\u00e9","robots":{"index":"index","follow":"follow","max-snippet":"max-snippet:-1","max-image-preview":"max-image-preview:large","max-video-preview":"max-video-preview:-1"},"canonical":"https:\/\/filles-de-la-charite.org\/pt-pt\/assemblea-provinciale-fdc-31-luglio-10-agosto-2020-provincia-di-sardegna-2\/","og_locale":"pt_PT","og_type":"article","og_title":"Assemblea Provinciale Fdc 31 luglio\/10 agosto 2020 Provincia di Sardegna - Filles de la Charit\u00e9","og_description":"Dal 31 luglio al 10 Agosto a Cagliari, presso la Casa provinciale Mater nostra, si \u00e8 svolta l\u2019Assemblea provinciale delle FdC&nbsp; della Sardegna, guidata e animata dalla Visitatrice&nbsp; Sr Caterina Bua, e da P. Italo Zedde, Direttore provinciale. Il tema e il logo sono state di grande ricchezza e attualit\u00e0 sia perch\u00e9&nbsp; perfettamente in sintonia [&hellip;]","og_url":"https:\/\/filles-de-la-charite.org\/pt-pt\/assemblea-provinciale-fdc-31-luglio-10-agosto-2020-provincia-di-sardegna-2\/","og_site_name":"Filles de la Charit\u00e9","article_published_time":"2021-01-01T18:16:26+00:00","article_modified_time":"2024-03-17T16:58:46+00:00","og_image":[{"width":634,"height":331,"url":"https:\/\/filles-de-la-charite.org\/wp-content\/uploads\/2023\/06\/Bez_tytulu_1-1.jpg","type":"image\/jpeg"}],"author":"admin","twitter_card":"summary_large_image","twitter_misc":{"Escrito por":"admin","Tempo estimado de leitura":"3 minutos"},"schema":{"@context":"https:\/\/schema.org","@graph":[{"@type":"Article","@id":"https:\/\/filles-de-la-charite.org\/pt-pt\/assemblea-provinciale-fdc-31-luglio-10-agosto-2020-provincia-di-sardegna-2\/#article","isPartOf":{"@id":"https:\/\/filles-de-la-charite.org\/pt-pt\/assemblea-provinciale-fdc-31-luglio-10-agosto-2020-provincia-di-sardegna-2\/"},"author":{"name":"admin","@id":"https:\/\/filles-de-la-charite.org\/pt-pt\/#\/schema\/person\/427567b2eccfc2dd7d206da186a1f438"},"headline":"Assemblea Provinciale Fdc 31 luglio\/10 agosto 2020 Provincia di Sardegna","datePublished":"2021-01-01T18:16:26+00:00","dateModified":"2024-03-17T16:58:46+00:00","mainEntityOfPage":{"@id":"https:\/\/filles-de-la-charite.org\/pt-pt\/assemblea-provinciale-fdc-31-luglio-10-agosto-2020-provincia-di-sardegna-2\/"},"wordCount":608,"publisher":{"@id":"https:\/\/filles-de-la-charite.org\/pt-pt\/#organization"},"image":{"@id":"https:\/\/filles-de-la-charite.org\/pt-pt\/assemblea-provinciale-fdc-31-luglio-10-agosto-2020-provincia-di-sardegna-2\/#primaryimage"},"thumbnailUrl":"https:\/\/filles-de-la-charite.org\/wp-content\/uploads\/2023\/06\/Bez_tytulu_1-1.jpg","articleSection":["Sardenha - It\u00e1lia"],"inLanguage":"pt-PT"},{"@type":"WebPage","@id":"https:\/\/filles-de-la-charite.org\/pt-pt\/assemblea-provinciale-fdc-31-luglio-10-agosto-2020-provincia-di-sardegna-2\/","url":"https:\/\/filles-de-la-charite.org\/pt-pt\/assemblea-provinciale-fdc-31-luglio-10-agosto-2020-provincia-di-sardegna-2\/","name":"Assemblea Provinciale Fdc 31 luglio\/10 agosto 2020 Provincia di Sardegna - Filles de la Charit\u00e9","isPartOf":{"@id":"https:\/\/filles-de-la-charite.org\/pt-pt\/#website"},"primaryImageOfPage":{"@id":"https:\/\/filles-de-la-charite.org\/pt-pt\/assemblea-provinciale-fdc-31-luglio-10-agosto-2020-provincia-di-sardegna-2\/#primaryimage"},"image":{"@id":"https:\/\/filles-de-la-charite.org\/pt-pt\/assemblea-provinciale-fdc-31-luglio-10-agosto-2020-provincia-di-sardegna-2\/#primaryimage"},"thumbnailUrl":"https:\/\/filles-de-la-charite.org\/wp-content\/uploads\/2023\/06\/Bez_tytulu_1-1.jpg","datePublished":"2021-01-01T18:16:26+00:00","dateModified":"2024-03-17T16:58:46+00:00","breadcrumb":{"@id":"https:\/\/filles-de-la-charite.org\/pt-pt\/assemblea-provinciale-fdc-31-luglio-10-agosto-2020-provincia-di-sardegna-2\/#breadcrumb"},"inLanguage":"pt-PT","potentialAction":[{"@type":"ReadAction","target":["https:\/\/filles-de-la-charite.org\/pt-pt\/assemblea-provinciale-fdc-31-luglio-10-agosto-2020-provincia-di-sardegna-2\/"]}]},{"@type":"ImageObject","inLanguage":"pt-PT","@id":"https:\/\/filles-de-la-charite.org\/pt-pt\/assemblea-provinciale-fdc-31-luglio-10-agosto-2020-provincia-di-sardegna-2\/#primaryimage","url":"https:\/\/filles-de-la-charite.org\/wp-content\/uploads\/2023\/06\/Bez_tytulu_1-1.jpg","contentUrl":"https:\/\/filles-de-la-charite.org\/wp-content\/uploads\/2023\/06\/Bez_tytulu_1-1.jpg","width":634,"height":331},{"@type":"BreadcrumbList","@id":"https:\/\/filles-de-la-charite.org\/pt-pt\/assemblea-provinciale-fdc-31-luglio-10-agosto-2020-provincia-di-sardegna-2\/#breadcrumb","itemListElement":[{"@type":"ListItem","position":1,"name":"San Vincenzo &#8211; Italia","item":"https:\/\/filles-de-la-charite.org\/pt-pt\/category\/san-vincenzo-italia-pt-pt\/"},{"@type":"ListItem","position":2,"name":"Assemblea Provinciale Fdc 31 luglio\/10 agosto 2020 Provincia di Sardegna"}]},{"@type":"WebSite","@id":"https:\/\/filles-de-la-charite.org\/pt-pt\/#website","url":"https:\/\/filles-de-la-charite.org\/pt-pt\/","name":"Hijas de la Caridad","description":"L\u2019amour de J\u00e9sus nous presse \u00e0 prendre soin des personnes les plus d\u00e9munies","publisher":{"@id":"https:\/\/filles-de-la-charite.org\/pt-pt\/#organization"},"potentialAction":[{"@type":"SearchAction","target":{"@type":"EntryPoint","urlTemplate":"https:\/\/filles-de-la-charite.org\/pt-pt\/?s={search_term_string}"},"query-input":{"@type":"PropertyValueSpecification","valueRequired":true,"valueName":"search_term_string"}}],"inLanguage":"pt-PT"},{"@type":"Organization","@id":"https:\/\/filles-de-la-charite.org\/pt-pt\/#organization","name":"Hijas de la Caridad","url":"https:\/\/filles-de-la-charite.org\/pt-pt\/","logo":{"@type":"ImageObject","inLanguage":"pt-PT","@id":"https:\/\/filles-de-la-charite.org\/pt-pt\/#\/schema\/logo\/image\/","url":"https:\/\/filles-de-la-charite.org\/wp-content\/uploads\/2023\/03\/isotipo-Hijas-de-la-Caridad.png","contentUrl":"https:\/\/filles-de-la-charite.org\/wp-content\/uploads\/2023\/03\/isotipo-Hijas-de-la-Caridad.png","width":1417,"height":1417,"caption":"Hijas de la Caridad"},"image":{"@id":"https:\/\/filles-de-la-charite.org\/pt-pt\/#\/schema\/logo\/image\/"}},{"@type":"Person","@id":"https:\/\/filles-de-la-charite.org\/pt-pt\/#\/schema\/person\/427567b2eccfc2dd7d206da186a1f438","name":"admin","image":{"@type":"ImageObject","inLanguage":"pt-PT","@id":"https:\/\/secure.gravatar.com\/avatar\/948b492cce32b586ac2db0eaa926ee87024f7afe218d73b397ea5ddfc5f43ea1?s=96&d=mm&r=g","url":"https:\/\/secure.gravatar.com\/avatar\/948b492cce32b586ac2db0eaa926ee87024f7afe218d73b397ea5ddfc5f43ea1?s=96&d=mm&r=g","contentUrl":"https:\/\/secure.gravatar.com\/avatar\/948b492cce32b586ac2db0eaa926ee87024f7afe218d73b397ea5ddfc5f43ea1?s=96&d=mm&r=g","caption":"admin"},"sameAs":["https:\/\/filles-de-la-charite.org"],"url":"https:\/\/filles-de-la-charite.org\/pt-pt\/author\/caridad\/"}]}},"_links":{"self":[{"href":"https:\/\/filles-de-la-charite.org\/pt-pt\/wp-json\/wp\/v2\/posts\/25198","targetHints":{"allow":["GET"]}}],"collection":[{"href":"https:\/\/filles-de-la-charite.org\/pt-pt\/wp-json\/wp\/v2\/posts"}],"about":[{"href":"https:\/\/filles-de-la-charite.org\/pt-pt\/wp-json\/wp\/v2\/types\/post"}],"author":[{"embeddable":true,"href":"https:\/\/filles-de-la-charite.org\/pt-pt\/wp-json\/wp\/v2\/users\/1"}],"replies":[{"embeddable":true,"href":"https:\/\/filles-de-la-charite.org\/pt-pt\/wp-json\/wp\/v2\/comments?post=25198"}],"version-history":[{"count":1,"href":"https:\/\/filles-de-la-charite.org\/pt-pt\/wp-json\/wp\/v2\/posts\/25198\/revisions"}],"predecessor-version":[{"id":25199,"href":"https:\/\/filles-de-la-charite.org\/pt-pt\/wp-json\/wp\/v2\/posts\/25198\/revisions\/25199"}],"wp:featuredmedia":[{"embeddable":true,"href":"https:\/\/filles-de-la-charite.org\/pt-pt\/wp-json\/wp\/v2\/media\/15400"}],"wp:attachment":[{"href":"https:\/\/filles-de-la-charite.org\/pt-pt\/wp-json\/wp\/v2\/media?parent=25198"}],"wp:term":[{"taxonomy":"category","embeddable":true,"href":"https:\/\/filles-de-la-charite.org\/pt-pt\/wp-json\/wp\/v2\/categories?post=25198"},{"taxonomy":"post_tag","embeddable":true,"href":"https:\/\/filles-de-la-charite.org\/pt-pt\/wp-json\/wp\/v2\/tags?post=25198"}],"curies":[{"name":"wp","href":"https:\/\/api.w.org\/{rel}","templated":true}]}}