{"id":25202,"date":"2021-02-01T13:44:32","date_gmt":"2021-02-01T12:44:32","guid":{"rendered":"https:\/\/hijascaridad.sjdigitaldemo.ovh\/resolucao-do-problema-das-mulheres-dos-sem-abrigo-2\/"},"modified":"2024-03-17T17:58:29","modified_gmt":"2024-03-17T16:58:29","slug":"resolucao-do-problema-das-mulheres-dos-sem-abrigo-2","status":"publish","type":"post","link":"https:\/\/filles-de-la-charite.org\/pt-pt\/resolucao-do-problema-das-mulheres-dos-sem-abrigo-2\/","title":{"rendered":"Resolu\u00e7\u00e3o do Problema das Mulheres dos Sem-Abrigo"},"content":{"rendered":"\n<div class=\"wp-block-image\"><figure class=\"alignleft size-large is-resized\"><img loading=\"lazy\" decoding=\"async\" src=\"https:\/\/filles-de-la-charite.org\/wp-content\/uploads\/2023\/06\/2-logo.jpeg\" alt=\"\" class=\"wp-image-60947\" width=\"188\" height=\"187\" \/><figcaption><em>Logotipo da Associa\u00e7\u00e3o<\/em><\/figcaption><\/figure><\/div>\n\n\n\n<p>A parceria entre a equipe de S\u00e3o Vicente (FFESV), a Sociedade de S\u00e3o Vicente de Paulo(SSVP) e a Congrega\u00e7\u00e3o da Miss\u00e3o (CM) deu origem a cria\u00e7\u00e3o de um centro dia em Paris para vinte mulheres, na rua de S\u00e8vres 97, Paris. Foi nomeada centro Louise e Rosalie, com aud\u00e1cia pode iniciar a 12 de Novembro2020 em pleno confinamento devido a Covid 19.<\/p>\n\n\n\n<p>Com o lema &#8220;indo para as periferias&#8221; todos os parceiros trabalharam arduamente durante tr\u00eas anos para ultrapassar muitos obst\u00e1culos, cada um tocando a sua &#8220;pe\u00e7a&#8221;:<\/p>\n\n\n\n<p>&#8211; a Congrega\u00e7\u00e3o da Miss\u00e3o por providenciar o lugar;<\/p>\n\n\n\n<p>&#8211; as Equipas de S\u00e3o Vicente e a Sociedade de S\u00e3o Vicente de Paulo para encontrar fontes de financiamento e procurar um designer de interiores para transformar uma \u00e1rea de 160 m2 num espa\u00e7o pr\u00e1tico que satisfa\u00e7a todos os padr\u00f5es, que s\u00e3o numerosos em Fran\u00e7a. (Foi necess\u00e1rio instalar um elevador de carga para a pequena eleva\u00e7\u00e3o entre o p\u00e1tio e o local; permitindo o acesso de uma cadeira de rodas \u00e0 pequena cozinha de 10 m2 , etc.). As fotos com este artigo oferecem-lhe um vislumbre do empreendimento de sucesso.<\/p>\n\n\n\n<p>Certamente, as medidas de sa\u00fade restringem os dias, as horas de recep\u00e7\u00e3o, o n\u00famero de pessoas acolhidas e as refei\u00e7\u00f5es servidas, mas n\u00e3o as mulheres volunt\u00e1rias que est\u00e3o todas presentes para o encontro!<\/p>\n\n\n\n<p>Pela manh\u00e3, as mulheres encontram-se com o coordenador do dia que prepara uma ora\u00e7\u00e3o relacionada com o servi\u00e7o; segue-se um di\u00e1logo. Beneficiam tamb\u00e9m de encontros com profissionais que servem no centro, de momentos de alimenta\u00e7\u00e3o espiritual, e de &#8220;releituras&#8221; regulares, uma reflex\u00e3o e partilha sobre eventos passados, a fim de melhor viver o presente.<\/p>\n\n\n\n<p>A Associa\u00e7\u00e3o escolheu um arranjo flex\u00edvel, considerando que &#8220;acontecimento, que \u00e9 Deus&#8221; (Ir Suzanne Guillemin). Tudo \u00e9 uma possibilidade&#8230;<\/p>\n\n\n\n<p>Uma Filha da Caridade ofereceu-se para realizar servi\u00e7os de \u201cpedicure\u201d.<\/p>\n\n\n\n<figure class=\"wp-block-gallery aligncenter columns-3 is-cropped wp-block-gallery-1 is-layout-flex wp-block-gallery-is-layout-flex\"><ul class=\"blocks-gallery-grid\"><li class=\"blocks-gallery-item\"><figure><img decoding=\"async\" src=\"https:\/\/filles-de-la-charite.org\/wp-content\/uploads\/2023\/06\/3-768x1024-1.jpeg\" alt=\"\" data-id=\"60948\" data-full-url=\"https:\/\/www.filles-de-la-charite.org\/wp-content\/uploads\/news\/February 2021\/3-.jpeg\" data-link=\"https:\/\/www.filles-de-la-charite.org\/en\/belgique-france-suisse-en\/addressing-the-problem-of-womens-homelessness\/attachment\/3-13\/\" class=\"wp-image-60948\" \/><figcaption class=\"blocks-gallery-item__caption\">\u00c1rea de recep\u00e7\u00e3o e, na parte de tr\u00e1s, a cozinha<\/figcaption><\/figure><\/li><li class=\"blocks-gallery-item\"><figure><img decoding=\"async\" src=\"https:\/\/filles-de-la-charite.org\/wp-content\/uploads\/2023\/06\/4-1024x768-1.jpeg\" alt=\"\" data-id=\"60949\" data-full-url=\"https:\/\/www.filles-de-la-charite.org\/wp-content\/uploads\/news\/February 2021\/4.jpeg\" data-link=\"https:\/\/www.filles-de-la-charite.org\/en\/belgique-france-suisse-en\/addressing-the-problem-of-womens-homelessness\/attachment\/4-21\/\" class=\"wp-image-60949\" \/><figcaption class=\"blocks-gallery-item__caption\">Lavandaria<\/figcaption><\/figure><\/li><li class=\"blocks-gallery-item\"><figure><img decoding=\"async\" src=\"https:\/\/filles-de-la-charite.org\/wp-content\/uploads\/2023\/06\/5-768x1024-1.jpeg\" alt=\"\" data-id=\"60945\" data-full-url=\"https:\/\/www.filles-de-la-charite.org\/wp-content\/uploads\/news\/February 2021\/5-.jpeg\" data-link=\"https:\/\/www.filles-de-la-charite.org\/en\/belgique-france-suisse-en\/addressing-the-problem-of-womens-homelessness\/attachment\/5-22\/\" class=\"wp-image-60945\" \/><figcaption class=\"blocks-gallery-item__caption\">Banheiros<\/figcaption><\/figure><\/li><\/ul><\/figure>\n\n\n\n<p>Assim, as mulheres familiarizadas com os &#8220;sem abrigo&#8221; encontram no Centro um acolhimento caloroso e incondicional e um quarto bem aquecido; h\u00e1 chuveiros, m\u00e1quinas de lavar roupa, secadores, um computador, um pequeno lugar para dormir ou simplesmente para se deitar, e uma refei\u00e7\u00e3o servida de acordo com os regulamentos sanit\u00e1rios. J\u00e1 foram organizados workshops durante os quais, por exemplo, foram feitas as decora\u00e7\u00f5es de Natal. Estas mulheres que atualmente frequentam o local t\u00eam contatos com assistentes sociais, foram enviadas por outras associa\u00e7\u00f5es, ligaram para o SAMU Social (n\u00famero de telefone para o servi\u00e7o de emerg\u00eancia m\u00e9dica e social para os sem abrigo), puderam consultar um &#8220;Guia de Solidariedade&#8221;, ou chegaram ao centro por &#8220;palavra de boca em boca&#8221;.<\/p>\n\n\n\n<p>Desejamos a esta nova Associa\u00e7\u00e3o o melhor da jornada, marchando nas pegadas da Provid\u00eancia! <\/p>\n\n\n\n<div class=\"wp-block-image\"><figure class=\"aligncenter size-large\"><img decoding=\"async\" src=\"https:\/\/filles-de-la-charite.org\/wp-content\/uploads\/2023\/06\/1-1024x768-1.jpeg\" alt=\"\" class=\"wp-image-60946\" \/><figcaption><em>Madame de Villeneuve, Chefe de ACCUEIL LOUISE ET ROSALIE<\/em><\/figcaption><\/figure><\/div>\n\n\n\n<p>Entrevista com Madame de Villeneuve, Chefe Do Centro Louise e Rosalie.<\/p>\n","protected":false},"excerpt":{"rendered":"<p>A parceria entre a equipe de S\u00e3o Vicente (FFESV), a Sociedade de S\u00e3o Vicente de Paulo(SSVP) e a Congrega\u00e7\u00e3o da Miss\u00e3o (CM) deu origem a cria\u00e7\u00e3o de um centro dia em Paris para vinte mulheres, na rua de S\u00e8vres 97, Paris. Foi nomeada centro Louise e Rosalie, com aud\u00e1cia pode iniciar a 12 de Novembro2020 [&hellip;]<\/p>\n","protected":false},"author":1,"featured_media":15488,"comment_status":"closed","ping_status":"closed","sticky":false,"template":"","format":"standard","meta":{"_acf_changed":false,"_et_pb_use_builder":"","_et_pb_old_content":"","_et_gb_content_width":"","footnotes":"","_links_to":"","_links_to_target":""},"categories":[566],"tags":[],"class_list":["post-25202","post","type-post","status-publish","format-standard","has-post-thumbnail","hentry","category-belgica-franca-suica-pt-pt"],"acf":[],"yoast_head":"<!-- This site is optimized with the Yoast SEO plugin v27.5 - https:\/\/yoast.com\/product\/yoast-seo-wordpress\/ -->\n<title>Resolu\u00e7\u00e3o do Problema das Mulheres dos Sem-Abrigo - Filles de la Charit\u00e9<\/title>\n<meta name=\"robots\" content=\"index, follow, max-snippet:-1, max-image-preview:large, max-video-preview:-1\" \/>\n<link rel=\"canonical\" href=\"https:\/\/filles-de-la-charite.org\/pt-pt\/resolucao-do-problema-das-mulheres-dos-sem-abrigo-2\/\" \/>\n<meta property=\"og:locale\" content=\"pt_PT\" \/>\n<meta property=\"og:type\" content=\"article\" \/>\n<meta property=\"og:title\" content=\"Resolu\u00e7\u00e3o do Problema das Mulheres dos Sem-Abrigo - Filles de la Charit\u00e9\" \/>\n<meta property=\"og:description\" content=\"A parceria entre a equipe de S\u00e3o Vicente (FFESV), a Sociedade de S\u00e3o Vicente de Paulo(SSVP) e a Congrega\u00e7\u00e3o da Miss\u00e3o (CM) deu origem a cria\u00e7\u00e3o de um centro dia em Paris para vinte mulheres, na rua de S\u00e8vres 97, Paris. Foi nomeada centro Louise e Rosalie, com aud\u00e1cia pode iniciar a 12 de Novembro2020 [&hellip;]\" \/>\n<meta property=\"og:url\" content=\"https:\/\/filles-de-la-charite.org\/pt-pt\/resolucao-do-problema-das-mulheres-dos-sem-abrigo-2\/\" \/>\n<meta property=\"og:site_name\" content=\"Filles de la Charit\u00e9\" \/>\n<meta property=\"article:published_time\" content=\"2021-02-01T12:44:32+00:00\" \/>\n<meta property=\"article:modified_time\" content=\"2024-03-17T16:58:29+00:00\" \/>\n<meta property=\"og:image\" content=\"https:\/\/filles-de-la-charite.org\/wp-content\/uploads\/2023\/06\/1.jpeg\" \/>\n\t<meta property=\"og:image:width\" content=\"1280\" \/>\n\t<meta property=\"og:image:height\" content=\"960\" \/>\n\t<meta property=\"og:image:type\" content=\"image\/jpeg\" \/>\n<meta name=\"author\" content=\"admin\" \/>\n<meta name=\"twitter:card\" content=\"summary_large_image\" \/>\n<meta name=\"twitter:label1\" content=\"Escrito por\" \/>\n\t<meta name=\"twitter:data1\" content=\"admin\" \/>\n\t<meta name=\"twitter:label2\" content=\"Tempo estimado de leitura\" \/>\n\t<meta name=\"twitter:data2\" content=\"4 minutos\" \/>\n<script type=\"application\/ld+json\" class=\"yoast-schema-graph\">{\"@context\":\"https:\\\/\\\/schema.org\",\"@graph\":[{\"@type\":\"Article\",\"@id\":\"https:\\\/\\\/filles-de-la-charite.org\\\/pt-pt\\\/resolucao-do-problema-das-mulheres-dos-sem-abrigo-2\\\/#article\",\"isPartOf\":{\"@id\":\"https:\\\/\\\/filles-de-la-charite.org\\\/pt-pt\\\/resolucao-do-problema-das-mulheres-dos-sem-abrigo-2\\\/\"},\"author\":{\"name\":\"admin\",\"@id\":\"https:\\\/\\\/filles-de-la-charite.org\\\/pt-pt\\\/#\\\/schema\\\/person\\\/427567b2eccfc2dd7d206da186a1f438\"},\"headline\":\"Resolu\u00e7\u00e3o do Problema das Mulheres dos Sem-Abrigo\",\"datePublished\":\"2021-02-01T12:44:32+00:00\",\"dateModified\":\"2024-03-17T16:58:29+00:00\",\"mainEntityOfPage\":{\"@id\":\"https:\\\/\\\/filles-de-la-charite.org\\\/pt-pt\\\/resolucao-do-problema-das-mulheres-dos-sem-abrigo-2\\\/\"},\"wordCount\":523,\"publisher\":{\"@id\":\"https:\\\/\\\/filles-de-la-charite.org\\\/pt-pt\\\/#organization\"},\"image\":{\"@id\":\"https:\\\/\\\/filles-de-la-charite.org\\\/pt-pt\\\/resolucao-do-problema-das-mulheres-dos-sem-abrigo-2\\\/#primaryimage\"},\"thumbnailUrl\":\"https:\\\/\\\/filles-de-la-charite.org\\\/wp-content\\\/uploads\\\/2023\\\/06\\\/1.jpeg\",\"articleSection\":[\"B\u00e9lgica-Fran\u00e7a-Su\u00ed\u00e7a\"],\"inLanguage\":\"pt-PT\"},{\"@type\":\"WebPage\",\"@id\":\"https:\\\/\\\/filles-de-la-charite.org\\\/pt-pt\\\/resolucao-do-problema-das-mulheres-dos-sem-abrigo-2\\\/\",\"url\":\"https:\\\/\\\/filles-de-la-charite.org\\\/pt-pt\\\/resolucao-do-problema-das-mulheres-dos-sem-abrigo-2\\\/\",\"name\":\"Resolu\u00e7\u00e3o do Problema das Mulheres dos Sem-Abrigo - Filles de la Charit\u00e9\",\"isPartOf\":{\"@id\":\"https:\\\/\\\/filles-de-la-charite.org\\\/pt-pt\\\/#website\"},\"primaryImageOfPage\":{\"@id\":\"https:\\\/\\\/filles-de-la-charite.org\\\/pt-pt\\\/resolucao-do-problema-das-mulheres-dos-sem-abrigo-2\\\/#primaryimage\"},\"image\":{\"@id\":\"https:\\\/\\\/filles-de-la-charite.org\\\/pt-pt\\\/resolucao-do-problema-das-mulheres-dos-sem-abrigo-2\\\/#primaryimage\"},\"thumbnailUrl\":\"https:\\\/\\\/filles-de-la-charite.org\\\/wp-content\\\/uploads\\\/2023\\\/06\\\/1.jpeg\",\"datePublished\":\"2021-02-01T12:44:32+00:00\",\"dateModified\":\"2024-03-17T16:58:29+00:00\",\"breadcrumb\":{\"@id\":\"https:\\\/\\\/filles-de-la-charite.org\\\/pt-pt\\\/resolucao-do-problema-das-mulheres-dos-sem-abrigo-2\\\/#breadcrumb\"},\"inLanguage\":\"pt-PT\",\"potentialAction\":[{\"@type\":\"ReadAction\",\"target\":[\"https:\\\/\\\/filles-de-la-charite.org\\\/pt-pt\\\/resolucao-do-problema-das-mulheres-dos-sem-abrigo-2\\\/\"]}]},{\"@type\":\"ImageObject\",\"inLanguage\":\"pt-PT\",\"@id\":\"https:\\\/\\\/filles-de-la-charite.org\\\/pt-pt\\\/resolucao-do-problema-das-mulheres-dos-sem-abrigo-2\\\/#primaryimage\",\"url\":\"https:\\\/\\\/filles-de-la-charite.org\\\/wp-content\\\/uploads\\\/2023\\\/06\\\/1.jpeg\",\"contentUrl\":\"https:\\\/\\\/filles-de-la-charite.org\\\/wp-content\\\/uploads\\\/2023\\\/06\\\/1.jpeg\",\"width\":1280,\"height\":960},{\"@type\":\"BreadcrumbList\",\"@id\":\"https:\\\/\\\/filles-de-la-charite.org\\\/pt-pt\\\/resolucao-do-problema-das-mulheres-dos-sem-abrigo-2\\\/#breadcrumb\",\"itemListElement\":[{\"@type\":\"ListItem\",\"position\":1,\"name\":\"B\u00e9lgica-Fran\u00e7a-Su\u00ed\u00e7a\",\"item\":\"https:\\\/\\\/filles-de-la-charite.org\\\/pt-pt\\\/category\\\/belgica-franca-suica-pt-pt\\\/\"},{\"@type\":\"ListItem\",\"position\":2,\"name\":\"Resolu\u00e7\u00e3o do Problema das Mulheres dos Sem-Abrigo\"}]},{\"@type\":\"WebSite\",\"@id\":\"https:\\\/\\\/filles-de-la-charite.org\\\/pt-pt\\\/#website\",\"url\":\"https:\\\/\\\/filles-de-la-charite.org\\\/pt-pt\\\/\",\"name\":\"Hijas de la Caridad\",\"description\":\"L\u2019amour de J\u00e9sus nous presse \u00e0 prendre soin des personnes les plus d\u00e9munies\",\"publisher\":{\"@id\":\"https:\\\/\\\/filles-de-la-charite.org\\\/pt-pt\\\/#organization\"},\"potentialAction\":[{\"@type\":\"SearchAction\",\"target\":{\"@type\":\"EntryPoint\",\"urlTemplate\":\"https:\\\/\\\/filles-de-la-charite.org\\\/pt-pt\\\/?s={search_term_string}\"},\"query-input\":{\"@type\":\"PropertyValueSpecification\",\"valueRequired\":true,\"valueName\":\"search_term_string\"}}],\"inLanguage\":\"pt-PT\"},{\"@type\":\"Organization\",\"@id\":\"https:\\\/\\\/filles-de-la-charite.org\\\/pt-pt\\\/#organization\",\"name\":\"Hijas de la Caridad\",\"url\":\"https:\\\/\\\/filles-de-la-charite.org\\\/pt-pt\\\/\",\"logo\":{\"@type\":\"ImageObject\",\"inLanguage\":\"pt-PT\",\"@id\":\"https:\\\/\\\/filles-de-la-charite.org\\\/pt-pt\\\/#\\\/schema\\\/logo\\\/image\\\/\",\"url\":\"https:\\\/\\\/filles-de-la-charite.org\\\/wp-content\\\/uploads\\\/2023\\\/03\\\/isotipo-Hijas-de-la-Caridad.png\",\"contentUrl\":\"https:\\\/\\\/filles-de-la-charite.org\\\/wp-content\\\/uploads\\\/2023\\\/03\\\/isotipo-Hijas-de-la-Caridad.png\",\"width\":1417,\"height\":1417,\"caption\":\"Hijas de la Caridad\"},\"image\":{\"@id\":\"https:\\\/\\\/filles-de-la-charite.org\\\/pt-pt\\\/#\\\/schema\\\/logo\\\/image\\\/\"}},{\"@type\":\"Person\",\"@id\":\"https:\\\/\\\/filles-de-la-charite.org\\\/pt-pt\\\/#\\\/schema\\\/person\\\/427567b2eccfc2dd7d206da186a1f438\",\"name\":\"admin\",\"image\":{\"@type\":\"ImageObject\",\"inLanguage\":\"pt-PT\",\"@id\":\"https:\\\/\\\/secure.gravatar.com\\\/avatar\\\/948b492cce32b586ac2db0eaa926ee87024f7afe218d73b397ea5ddfc5f43ea1?s=96&d=mm&r=g\",\"url\":\"https:\\\/\\\/secure.gravatar.com\\\/avatar\\\/948b492cce32b586ac2db0eaa926ee87024f7afe218d73b397ea5ddfc5f43ea1?s=96&d=mm&r=g\",\"contentUrl\":\"https:\\\/\\\/secure.gravatar.com\\\/avatar\\\/948b492cce32b586ac2db0eaa926ee87024f7afe218d73b397ea5ddfc5f43ea1?s=96&d=mm&r=g\",\"caption\":\"admin\"},\"sameAs\":[\"https:\\\/\\\/filles-de-la-charite.org\"],\"url\":\"https:\\\/\\\/filles-de-la-charite.org\\\/pt-pt\\\/author\\\/caridad\\\/\"}]}<\/script>\n<!-- \/ Yoast SEO plugin. -->","yoast_head_json":{"title":"Resolu\u00e7\u00e3o do Problema das Mulheres dos Sem-Abrigo - Filles de la Charit\u00e9","robots":{"index":"index","follow":"follow","max-snippet":"max-snippet:-1","max-image-preview":"max-image-preview:large","max-video-preview":"max-video-preview:-1"},"canonical":"https:\/\/filles-de-la-charite.org\/pt-pt\/resolucao-do-problema-das-mulheres-dos-sem-abrigo-2\/","og_locale":"pt_PT","og_type":"article","og_title":"Resolu\u00e7\u00e3o do Problema das Mulheres dos Sem-Abrigo - Filles de la Charit\u00e9","og_description":"A parceria entre a equipe de S\u00e3o Vicente (FFESV), a Sociedade de S\u00e3o Vicente de Paulo(SSVP) e a Congrega\u00e7\u00e3o da Miss\u00e3o (CM) deu origem a cria\u00e7\u00e3o de um centro dia em Paris para vinte mulheres, na rua de S\u00e8vres 97, Paris. Foi nomeada centro Louise e Rosalie, com aud\u00e1cia pode iniciar a 12 de Novembro2020 [&hellip;]","og_url":"https:\/\/filles-de-la-charite.org\/pt-pt\/resolucao-do-problema-das-mulheres-dos-sem-abrigo-2\/","og_site_name":"Filles de la Charit\u00e9","article_published_time":"2021-02-01T12:44:32+00:00","article_modified_time":"2024-03-17T16:58:29+00:00","og_image":[{"width":1280,"height":960,"url":"https:\/\/filles-de-la-charite.org\/wp-content\/uploads\/2023\/06\/1.jpeg","type":"image\/jpeg"}],"author":"admin","twitter_card":"summary_large_image","twitter_misc":{"Escrito por":"admin","Tempo estimado de leitura":"4 minutos"},"schema":{"@context":"https:\/\/schema.org","@graph":[{"@type":"Article","@id":"https:\/\/filles-de-la-charite.org\/pt-pt\/resolucao-do-problema-das-mulheres-dos-sem-abrigo-2\/#article","isPartOf":{"@id":"https:\/\/filles-de-la-charite.org\/pt-pt\/resolucao-do-problema-das-mulheres-dos-sem-abrigo-2\/"},"author":{"name":"admin","@id":"https:\/\/filles-de-la-charite.org\/pt-pt\/#\/schema\/person\/427567b2eccfc2dd7d206da186a1f438"},"headline":"Resolu\u00e7\u00e3o do Problema das Mulheres dos Sem-Abrigo","datePublished":"2021-02-01T12:44:32+00:00","dateModified":"2024-03-17T16:58:29+00:00","mainEntityOfPage":{"@id":"https:\/\/filles-de-la-charite.org\/pt-pt\/resolucao-do-problema-das-mulheres-dos-sem-abrigo-2\/"},"wordCount":523,"publisher":{"@id":"https:\/\/filles-de-la-charite.org\/pt-pt\/#organization"},"image":{"@id":"https:\/\/filles-de-la-charite.org\/pt-pt\/resolucao-do-problema-das-mulheres-dos-sem-abrigo-2\/#primaryimage"},"thumbnailUrl":"https:\/\/filles-de-la-charite.org\/wp-content\/uploads\/2023\/06\/1.jpeg","articleSection":["B\u00e9lgica-Fran\u00e7a-Su\u00ed\u00e7a"],"inLanguage":"pt-PT"},{"@type":"WebPage","@id":"https:\/\/filles-de-la-charite.org\/pt-pt\/resolucao-do-problema-das-mulheres-dos-sem-abrigo-2\/","url":"https:\/\/filles-de-la-charite.org\/pt-pt\/resolucao-do-problema-das-mulheres-dos-sem-abrigo-2\/","name":"Resolu\u00e7\u00e3o do Problema das Mulheres dos Sem-Abrigo - Filles de la Charit\u00e9","isPartOf":{"@id":"https:\/\/filles-de-la-charite.org\/pt-pt\/#website"},"primaryImageOfPage":{"@id":"https:\/\/filles-de-la-charite.org\/pt-pt\/resolucao-do-problema-das-mulheres-dos-sem-abrigo-2\/#primaryimage"},"image":{"@id":"https:\/\/filles-de-la-charite.org\/pt-pt\/resolucao-do-problema-das-mulheres-dos-sem-abrigo-2\/#primaryimage"},"thumbnailUrl":"https:\/\/filles-de-la-charite.org\/wp-content\/uploads\/2023\/06\/1.jpeg","datePublished":"2021-02-01T12:44:32+00:00","dateModified":"2024-03-17T16:58:29+00:00","breadcrumb":{"@id":"https:\/\/filles-de-la-charite.org\/pt-pt\/resolucao-do-problema-das-mulheres-dos-sem-abrigo-2\/#breadcrumb"},"inLanguage":"pt-PT","potentialAction":[{"@type":"ReadAction","target":["https:\/\/filles-de-la-charite.org\/pt-pt\/resolucao-do-problema-das-mulheres-dos-sem-abrigo-2\/"]}]},{"@type":"ImageObject","inLanguage":"pt-PT","@id":"https:\/\/filles-de-la-charite.org\/pt-pt\/resolucao-do-problema-das-mulheres-dos-sem-abrigo-2\/#primaryimage","url":"https:\/\/filles-de-la-charite.org\/wp-content\/uploads\/2023\/06\/1.jpeg","contentUrl":"https:\/\/filles-de-la-charite.org\/wp-content\/uploads\/2023\/06\/1.jpeg","width":1280,"height":960},{"@type":"BreadcrumbList","@id":"https:\/\/filles-de-la-charite.org\/pt-pt\/resolucao-do-problema-das-mulheres-dos-sem-abrigo-2\/#breadcrumb","itemListElement":[{"@type":"ListItem","position":1,"name":"B\u00e9lgica-Fran\u00e7a-Su\u00ed\u00e7a","item":"https:\/\/filles-de-la-charite.org\/pt-pt\/category\/belgica-franca-suica-pt-pt\/"},{"@type":"ListItem","position":2,"name":"Resolu\u00e7\u00e3o do Problema das Mulheres dos Sem-Abrigo"}]},{"@type":"WebSite","@id":"https:\/\/filles-de-la-charite.org\/pt-pt\/#website","url":"https:\/\/filles-de-la-charite.org\/pt-pt\/","name":"Hijas de la Caridad","description":"L\u2019amour de J\u00e9sus nous presse \u00e0 prendre soin des personnes les plus d\u00e9munies","publisher":{"@id":"https:\/\/filles-de-la-charite.org\/pt-pt\/#organization"},"potentialAction":[{"@type":"SearchAction","target":{"@type":"EntryPoint","urlTemplate":"https:\/\/filles-de-la-charite.org\/pt-pt\/?s={search_term_string}"},"query-input":{"@type":"PropertyValueSpecification","valueRequired":true,"valueName":"search_term_string"}}],"inLanguage":"pt-PT"},{"@type":"Organization","@id":"https:\/\/filles-de-la-charite.org\/pt-pt\/#organization","name":"Hijas de la Caridad","url":"https:\/\/filles-de-la-charite.org\/pt-pt\/","logo":{"@type":"ImageObject","inLanguage":"pt-PT","@id":"https:\/\/filles-de-la-charite.org\/pt-pt\/#\/schema\/logo\/image\/","url":"https:\/\/filles-de-la-charite.org\/wp-content\/uploads\/2023\/03\/isotipo-Hijas-de-la-Caridad.png","contentUrl":"https:\/\/filles-de-la-charite.org\/wp-content\/uploads\/2023\/03\/isotipo-Hijas-de-la-Caridad.png","width":1417,"height":1417,"caption":"Hijas de la Caridad"},"image":{"@id":"https:\/\/filles-de-la-charite.org\/pt-pt\/#\/schema\/logo\/image\/"}},{"@type":"Person","@id":"https:\/\/filles-de-la-charite.org\/pt-pt\/#\/schema\/person\/427567b2eccfc2dd7d206da186a1f438","name":"admin","image":{"@type":"ImageObject","inLanguage":"pt-PT","@id":"https:\/\/secure.gravatar.com\/avatar\/948b492cce32b586ac2db0eaa926ee87024f7afe218d73b397ea5ddfc5f43ea1?s=96&d=mm&r=g","url":"https:\/\/secure.gravatar.com\/avatar\/948b492cce32b586ac2db0eaa926ee87024f7afe218d73b397ea5ddfc5f43ea1?s=96&d=mm&r=g","contentUrl":"https:\/\/secure.gravatar.com\/avatar\/948b492cce32b586ac2db0eaa926ee87024f7afe218d73b397ea5ddfc5f43ea1?s=96&d=mm&r=g","caption":"admin"},"sameAs":["https:\/\/filles-de-la-charite.org"],"url":"https:\/\/filles-de-la-charite.org\/pt-pt\/author\/caridad\/"}]}},"_links":{"self":[{"href":"https:\/\/filles-de-la-charite.org\/pt-pt\/wp-json\/wp\/v2\/posts\/25202","targetHints":{"allow":["GET"]}}],"collection":[{"href":"https:\/\/filles-de-la-charite.org\/pt-pt\/wp-json\/wp\/v2\/posts"}],"about":[{"href":"https:\/\/filles-de-la-charite.org\/pt-pt\/wp-json\/wp\/v2\/types\/post"}],"author":[{"embeddable":true,"href":"https:\/\/filles-de-la-charite.org\/pt-pt\/wp-json\/wp\/v2\/users\/1"}],"replies":[{"embeddable":true,"href":"https:\/\/filles-de-la-charite.org\/pt-pt\/wp-json\/wp\/v2\/comments?post=25202"}],"version-history":[{"count":1,"href":"https:\/\/filles-de-la-charite.org\/pt-pt\/wp-json\/wp\/v2\/posts\/25202\/revisions"}],"predecessor-version":[{"id":25203,"href":"https:\/\/filles-de-la-charite.org\/pt-pt\/wp-json\/wp\/v2\/posts\/25202\/revisions\/25203"}],"wp:featuredmedia":[{"embeddable":true,"href":"https:\/\/filles-de-la-charite.org\/pt-pt\/wp-json\/wp\/v2\/media\/15488"}],"wp:attachment":[{"href":"https:\/\/filles-de-la-charite.org\/pt-pt\/wp-json\/wp\/v2\/media?parent=25202"}],"wp:term":[{"taxonomy":"category","embeddable":true,"href":"https:\/\/filles-de-la-charite.org\/pt-pt\/wp-json\/wp\/v2\/categories?post=25202"},{"taxonomy":"post_tag","embeddable":true,"href":"https:\/\/filles-de-la-charite.org\/pt-pt\/wp-json\/wp\/v2\/tags?post=25202"}],"curies":[{"name":"wp","href":"https:\/\/api.w.org\/{rel}","templated":true}]}}