{"id":25204,"date":"2021-02-28T23:00:00","date_gmt":"2021-02-28T22:00:00","guid":{"rendered":"https:\/\/hijascaridad.sjdigitaldemo.ovh\/a-provincia-que-nunca-dorme-2\/"},"modified":"2024-03-17T17:58:22","modified_gmt":"2024-03-17T16:58:22","slug":"a-provincia-que-nunca-dorme-2","status":"publish","type":"post","link":"https:\/\/filles-de-la-charite.org\/pt-pt\/a-provincia-que-nunca-dorme-2\/","title":{"rendered":"A Prov\u00edncia que nunca dorme"},"content":{"rendered":"\n<p>Ao final de um longo per\u00edodo de discuss\u00e3o e discernimento entre as Prov\u00edncias da Austr\u00e1lia e Gr\u00e3-Bretanha, e quando foi tomada a decis\u00e3o de integrar essas duas Prov\u00edncias, as Irm\u00e3s foram consultadas sobre um nome para a nova Prov\u00edncia.&nbsp; Ir. Marie Raw, Conselheira Geral, esteve presente conosco no dia 11 de mar\u00e7o de 2020 em Londres e comentou: &#8220;Uma das coisas mais emocionantes desta integra\u00e7\u00e3o foi a ado\u00e7\u00e3o de um novo nome. Escolher uma pessoa como patrono significa e anuncia toda uma nova identidade e \u00edmpeto&#8221;. Ent\u00e3o, que pessoa foi escolhida? Nossa Irm\u00e3 &#8211; Rosalie Rendu, uma Filha da Caridade ardentede amor pelos pobres.<\/p>\n\n\n\n<div class=\"wp-block-image\"><figure class=\"aligncenter size-large\"><img decoding=\"async\" src=\"https:\/\/filles-de-la-charite.org\/wp-content\/uploads\/2023\/06\/Figure-4.-The-Integration-Cake-Kopia.jpg\" alt=\"\" class=\"wp-image-61343\" \/><figcaption>O Bolo de Integra\u00e7\u00e3o<\/figcaption><\/figure><\/div>\n\n\n\n<p>Antes disso, Ir Marie Raw, Ir Ellen Flynn, Visitadora, Pe. Paul Roche CM, Diretor, juntamente com quatro Irm\u00e3s da Gr\u00e3-Bretanha partiram para a Austr\u00e1lia em Fevereiro de 2020, onde o processo de integra\u00e7\u00e3o come\u00e7ou em Sydney. Durante uma reuni\u00e3o de dois dias com todas as Irm\u00e3s, houve tempo para celebrar o passado, olhar para o futuro e plantar uma \u00e1rvore de Eucalipto no terreno em Marsfield. Logo ap\u00f3s este grupo retornar a Londres, cinco Irm\u00e3s australianas, acompanhadas pelo Pe. Phil Robson CM, chegaram \u00e0 Casa Provincial, Mill Hill. Dois dias de celebra\u00e7\u00f5es culminaram com a integra\u00e7\u00e3o oficial que foi vivenciada em torno da Prov\u00edncia da par\u00f3quia vicentina em Mill Hill. Ap\u00f3s uma refei\u00e7\u00e3o comemorativa, todos retornaram ao jardim da Casa Provincial, onde foi plantada uma segunda \u00e1rvore de eucalipto.<\/p>\n\n\n\n<figure class=\"wp-block-gallery aligncenter columns-3 is-cropped wp-block-gallery-1 is-layout-flex wp-block-gallery-is-layout-flex\"><ul class=\"blocks-gallery-grid\"><li class=\"blocks-gallery-item\"><figure><img decoding=\"async\" src=\"https:\/\/filles-de-la-charite.org\/wp-content\/uploads\/2023\/06\/Figure-1.-The-first-Eucalyptus-tree-planted-in-the-grounds-at-Marsfield-Copy.png\" alt=\"\" data-id=\"61341\" data-full-url=\"https:\/\/filles-de-la-charite.org\/wp-content\/uploads\/2023\/06\/Figure-1.-The-first-Eucalyptus-tree-planted-in-the-grounds-at-Marsfield-Copy.png\" data-link=\"https:\/\/www.filles-de-la-charite.org\/?attachment_id=61341\" class=\"wp-image-61341\" \/><figcaption class=\"blocks-gallery-item__caption\">A primeira \u00e1rvore de Eucalipto, foi plantada um ano depois no terreno de Marsfield<\/figcaption><\/figure><\/li><li class=\"blocks-gallery-item\"><figure><img decoding=\"async\" src=\"https:\/\/filles-de-la-charite.org\/wp-content\/uploads\/2023\/06\/Figure-2.-Planting-of-a-Eucalyptus-tree-at-Mill-Hill.-Copy.png\" alt=\"\" data-id=\"61342\" data-full-url=\"https:\/\/filles-de-la-charite.org\/wp-content\/uploads\/2023\/06\/Figure-2.-Planting-of-a-Eucalyptus-tree-at-Mill-Hill.-Copy.png\" data-link=\"https:\/\/www.filles-de-la-charite.org\/?attachment_id=61342\" class=\"wp-image-61342\" \/><figcaption class=\"blocks-gallery-item__caption\">Plantio de uma \u00e1rvore de Eucalipto em Mill Hill<\/figcaption><\/figure><\/li><li class=\"blocks-gallery-item\"><figure><img decoding=\"async\" src=\"https:\/\/filles-de-la-charite.org\/wp-content\/uploads\/2023\/06\/Figure-3.-The-second-Eucalyptus-tree-at-Mill-Hill-2021-768x1024-1.jpg\" alt=\"\" data-id=\"61340\" data-full-url=\"https:\/\/www.filles-de-la-charite.org\/wp-content\/uploads\/news\/March 2021\/Figure-3.-The-second-Eucalyptus-tree-at-Mill-Hill-2021-scaled.jpg\" data-link=\"https:\/\/www.filles-de-la-charite.org\/?attachment_id=61340\" class=\"wp-image-61340\" \/><figcaption class=\"blocks-gallery-item__caption\"> A segunda \u00e1rvore de Eucalipto em Mill Hill, um ano depois (2021)<\/figcaption><\/figure><\/li><\/ul><\/figure>\n\n\n\n<p>Todas n\u00f3s aguard\u00e1vamos ansiosamente pela Assembleia Provincial dentro de alguns meses, que daria a primeira oportunidade de nos conhecermos uma as outras. Entretanto, todos n\u00f3s sabemos o que aconteceu em seguida! O v\u00edrus Covid 19 que n\u00e3o conhece fronteiras, e que nos afetou a todos, nos manteve e nos est\u00e1 mantendo fisicamente separados em ambas as \u00e1reas da Prov\u00edncia.<\/p>\n\n\n\n<p>Com o grande esfor\u00e7o e engenhosidade de Ir. Ellen, do Conselho e de tr\u00eas facilitadores, nossa Assembleia Provincial foi rapidamente reorganizada para nos permitir participar do ZOOM. Tivemos treinamento pr\u00e9vio, \u00e0s vezes nos desesper\u00e1vamos com nossos erros cont\u00ednuos, mas quando, como delegados, nos sent\u00e1vamos diante de nossos aparelhos individuais, n\u00e3o havia grandes problemas! Ficamos surpresos com a sinergia e a conex\u00e3o. Viver em dois hemisf\u00e9rios diferentes com uma diferen\u00e7a de tempo, dependendo da esta\u00e7\u00e3o do ano, de 9 ou 11 horas, \u00e9 um desafio!<\/p>\n\n\n\n<div class=\"wp-block-image\"><figure class=\"aligncenter size-large\"><img decoding=\"async\" src=\"https:\/\/filles-de-la-charite.org\/wp-content\/uploads\/2023\/06\/Figure-5.-Display-Provincial-Assembly-Kopia.jpg\" alt=\"\" class=\"wp-image-61344\" \/><figcaption>Exposi\u00e7\u00e3o, Assembleia Provincial<\/figcaption><\/figure><\/div>\n\n\n\n<p>Continuamos a utilizar este meio do Zoom para reuni\u00f5es, para compartilhar informa\u00e7\u00f5es, apresentar nossas Comunidades e servi\u00e7os umas \u00e0s outras, bem como para celebrar e se divertir juntos. Nossa nova equipe de comunica\u00e7\u00e3o nos mant\u00e9m bem informadas com not\u00edcias e eventos, campanhas nas quais podemos nos envolver a partir de nossas poltronas e usa plataformas de m\u00eddia social para compartilhar nossa hist\u00f3ria de forma mais ampla.<\/p>\n\n\n\n<p>Nosso \u00faltimo Encontro Provincial sobre zoom foi para a instala\u00e7\u00e3o de uma nova Conselheira, em 21 de janeiro. Ir Marie Raw esteve presente de seu Gabinete na Casa M\u00e3e, Comunidades na Gr\u00e3-Bretanha e Austr\u00e1lia se juntaram online e a Comunidade da Casa Provincial, junto com Ir Ellen, Visitadora, Ir Kathleen Kennedy, Conselheira cessante, se reuniram para acolher Ir Maureen Tinkler.<\/p>\n\n\n\n<div class=\"wp-block-image\"><figure class=\"aligncenter size-large\"><img decoding=\"async\" src=\"https:\/\/filles-de-la-charite.org\/wp-content\/uploads\/2023\/06\/Figure-6.-L-R.-Sr.-Maureen-Tinkler-Sr.-Ellen-Flynn-Sr.-Kathleen-Kennedy-1024x644-1.jpg\" alt=\"\" class=\"wp-image-61345\" \/><figcaption>(Esquerda a Direita) Ir. Maureen TINKLER, Ir. Ellen FLYNN, Ir. Kathleen KENNEDY<\/figcaption><\/figure><\/div>\n\n\n\n<p>Em breve chegaremos ao nosso primeiro anivers\u00e1rio. Um ano que nunca poder\u00edamos ter previsto. No pr\u00f3logo de um livro recente escrito pelo Papa Francisco &#8220;LET US DREAM&#8221;: O Caminho para um Futuro Melhor&#8221;, ele diz, <em>&#8220;Esta crise tem exigido alguma nova coragem e compaix\u00e3o. Alguns foram peneirados e responderam com o desejo de re-imaginar nosso mundo; outros vieram em aux\u00edlio dos necessitados de maneiras concretas que podem transformar o sofrimento de nosso pr\u00f3ximo. Isso me enche de esperan\u00e7a de que possamos sair melhor desta crise. Mas temos que ver claramente, escolher bem e agir corretamente&#8221;.<\/em><\/p>\n\n\n\n<p>Juntos vamos adiante na esperan\u00e7a, para ousar sonhar com um futuro melhor &#8211; algo novo para toda a humanidade e a nossa Casa Comum.<\/p>\n\n\n\n<p class=\"has-text-align-left\">Ir. Liz Ferrie, <em>Filha da Caridade<\/em><\/p>\n","protected":false},"excerpt":{"rendered":"<p>Ao final de um longo per\u00edodo de discuss\u00e3o e discernimento entre as Prov\u00edncias da Austr\u00e1lia e Gr\u00e3-Bretanha, e quando foi tomada a decis\u00e3o de integrar essas duas Prov\u00edncias, as Irm\u00e3s foram consultadas sobre um nome para a nova Prov\u00edncia.&nbsp; Ir. Marie Raw, Conselheira Geral, esteve presente conosco no dia 11 de mar\u00e7o de 2020 em [&hellip;]<\/p>\n","protected":false},"author":1,"featured_media":15532,"comment_status":"closed","ping_status":"closed","sticky":false,"template":"","format":"standard","meta":{"_acf_changed":false,"_et_pb_use_builder":"","_et_pb_old_content":"","_et_gb_content_width":"","footnotes":"","_links_to":"","_links_to_target":""},"categories":[670],"tags":[],"class_list":["post-25204","post","type-post","status-publish","format-standard","has-post-thumbnail","hentry","category-rosalie-rendu-ru-e-australia-pt-pt"],"acf":[],"yoast_head":"<!-- This site is optimized with the Yoast SEO plugin v27.5 - https:\/\/yoast.com\/product\/yoast-seo-wordpress\/ -->\n<title>A Prov\u00edncia que nunca dorme - Filles de la Charit\u00e9<\/title>\n<meta name=\"robots\" content=\"index, follow, max-snippet:-1, max-image-preview:large, max-video-preview:-1\" \/>\n<link rel=\"canonical\" href=\"https:\/\/filles-de-la-charite.org\/pt-pt\/a-provincia-que-nunca-dorme-2\/\" \/>\n<meta property=\"og:locale\" content=\"pt_PT\" \/>\n<meta property=\"og:type\" content=\"article\" \/>\n<meta property=\"og:title\" content=\"A Prov\u00edncia que nunca dorme - Filles de la Charit\u00e9\" \/>\n<meta property=\"og:description\" content=\"Ao final de um longo per\u00edodo de discuss\u00e3o e discernimento entre as Prov\u00edncias da Austr\u00e1lia e Gr\u00e3-Bretanha, e quando foi tomada a decis\u00e3o de integrar essas duas Prov\u00edncias, as Irm\u00e3s foram consultadas sobre um nome para a nova Prov\u00edncia.&nbsp; Ir. Marie Raw, Conselheira Geral, esteve presente conosco no dia 11 de mar\u00e7o de 2020 em [&hellip;]\" \/>\n<meta property=\"og:url\" content=\"https:\/\/filles-de-la-charite.org\/pt-pt\/a-provincia-que-nunca-dorme-2\/\" \/>\n<meta property=\"og:site_name\" content=\"Filles de la Charit\u00e9\" \/>\n<meta property=\"article:published_time\" content=\"2021-02-28T22:00:00+00:00\" \/>\n<meta property=\"article:modified_time\" content=\"2024-03-17T16:58:22+00:00\" \/>\n<meta property=\"og:image\" content=\"https:\/\/filles-de-la-charite.org\/wp-content\/uploads\/2023\/06\/Figure-6.-L-R.-Sr.-Maureen-Tinkler-Sr.-Ellen-Flynn-Sr.-Kathleen-Kennedy.jpg\" \/>\n\t<meta property=\"og:image:width\" content=\"2374\" \/>\n\t<meta property=\"og:image:height\" content=\"1494\" \/>\n\t<meta property=\"og:image:type\" content=\"image\/jpeg\" \/>\n<meta name=\"author\" content=\"admin\" \/>\n<meta name=\"twitter:card\" content=\"summary_large_image\" \/>\n<meta name=\"twitter:label1\" content=\"Escrito por\" \/>\n\t<meta name=\"twitter:data1\" content=\"admin\" \/>\n\t<meta name=\"twitter:label2\" content=\"Tempo estimado de leitura\" \/>\n\t<meta name=\"twitter:data2\" content=\"5 minutos\" \/>\n<script type=\"application\/ld+json\" class=\"yoast-schema-graph\">{\"@context\":\"https:\\\/\\\/schema.org\",\"@graph\":[{\"@type\":\"Article\",\"@id\":\"https:\\\/\\\/filles-de-la-charite.org\\\/pt-pt\\\/a-provincia-que-nunca-dorme-2\\\/#article\",\"isPartOf\":{\"@id\":\"https:\\\/\\\/filles-de-la-charite.org\\\/pt-pt\\\/a-provincia-que-nunca-dorme-2\\\/\"},\"author\":{\"name\":\"admin\",\"@id\":\"https:\\\/\\\/filles-de-la-charite.org\\\/pt-pt\\\/#\\\/schema\\\/person\\\/427567b2eccfc2dd7d206da186a1f438\"},\"headline\":\"A Prov\u00edncia que nunca dorme\",\"datePublished\":\"2021-02-28T22:00:00+00:00\",\"dateModified\":\"2024-03-17T16:58:22+00:00\",\"mainEntityOfPage\":{\"@id\":\"https:\\\/\\\/filles-de-la-charite.org\\\/pt-pt\\\/a-provincia-que-nunca-dorme-2\\\/\"},\"wordCount\":745,\"publisher\":{\"@id\":\"https:\\\/\\\/filles-de-la-charite.org\\\/pt-pt\\\/#organization\"},\"image\":{\"@id\":\"https:\\\/\\\/filles-de-la-charite.org\\\/pt-pt\\\/a-provincia-que-nunca-dorme-2\\\/#primaryimage\"},\"thumbnailUrl\":\"https:\\\/\\\/filles-de-la-charite.org\\\/wp-content\\\/uploads\\\/2023\\\/06\\\/Figure-6.-L-R.-Sr.-Maureen-Tinkler-Sr.-Ellen-Flynn-Sr.-Kathleen-Kennedy.jpg\",\"articleSection\":[\"Rosalie Rendu - RU e Austr\u00e1lia\"],\"inLanguage\":\"pt-PT\"},{\"@type\":\"WebPage\",\"@id\":\"https:\\\/\\\/filles-de-la-charite.org\\\/pt-pt\\\/a-provincia-que-nunca-dorme-2\\\/\",\"url\":\"https:\\\/\\\/filles-de-la-charite.org\\\/pt-pt\\\/a-provincia-que-nunca-dorme-2\\\/\",\"name\":\"A Prov\u00edncia que nunca dorme - Filles de la Charit\u00e9\",\"isPartOf\":{\"@id\":\"https:\\\/\\\/filles-de-la-charite.org\\\/pt-pt\\\/#website\"},\"primaryImageOfPage\":{\"@id\":\"https:\\\/\\\/filles-de-la-charite.org\\\/pt-pt\\\/a-provincia-que-nunca-dorme-2\\\/#primaryimage\"},\"image\":{\"@id\":\"https:\\\/\\\/filles-de-la-charite.org\\\/pt-pt\\\/a-provincia-que-nunca-dorme-2\\\/#primaryimage\"},\"thumbnailUrl\":\"https:\\\/\\\/filles-de-la-charite.org\\\/wp-content\\\/uploads\\\/2023\\\/06\\\/Figure-6.-L-R.-Sr.-Maureen-Tinkler-Sr.-Ellen-Flynn-Sr.-Kathleen-Kennedy.jpg\",\"datePublished\":\"2021-02-28T22:00:00+00:00\",\"dateModified\":\"2024-03-17T16:58:22+00:00\",\"breadcrumb\":{\"@id\":\"https:\\\/\\\/filles-de-la-charite.org\\\/pt-pt\\\/a-provincia-que-nunca-dorme-2\\\/#breadcrumb\"},\"inLanguage\":\"pt-PT\",\"potentialAction\":[{\"@type\":\"ReadAction\",\"target\":[\"https:\\\/\\\/filles-de-la-charite.org\\\/pt-pt\\\/a-provincia-que-nunca-dorme-2\\\/\"]}]},{\"@type\":\"ImageObject\",\"inLanguage\":\"pt-PT\",\"@id\":\"https:\\\/\\\/filles-de-la-charite.org\\\/pt-pt\\\/a-provincia-que-nunca-dorme-2\\\/#primaryimage\",\"url\":\"https:\\\/\\\/filles-de-la-charite.org\\\/wp-content\\\/uploads\\\/2023\\\/06\\\/Figure-6.-L-R.-Sr.-Maureen-Tinkler-Sr.-Ellen-Flynn-Sr.-Kathleen-Kennedy.jpg\",\"contentUrl\":\"https:\\\/\\\/filles-de-la-charite.org\\\/wp-content\\\/uploads\\\/2023\\\/06\\\/Figure-6.-L-R.-Sr.-Maureen-Tinkler-Sr.-Ellen-Flynn-Sr.-Kathleen-Kennedy.jpg\",\"width\":2374,\"height\":1494},{\"@type\":\"BreadcrumbList\",\"@id\":\"https:\\\/\\\/filles-de-la-charite.org\\\/pt-pt\\\/a-provincia-que-nunca-dorme-2\\\/#breadcrumb\",\"itemListElement\":[{\"@type\":\"ListItem\",\"position\":1,\"name\":\"Santa Lu\u00edsa - \u00c1sia\",\"item\":\"https:\\\/\\\/filles-de-la-charite.org\\\/pt-pt\\\/category\\\/santa-luisa-asia-pt-pt\\\/\"},{\"@type\":\"ListItem\",\"position\":2,\"name\":\"A Prov\u00edncia que nunca dorme\"}]},{\"@type\":\"WebSite\",\"@id\":\"https:\\\/\\\/filles-de-la-charite.org\\\/pt-pt\\\/#website\",\"url\":\"https:\\\/\\\/filles-de-la-charite.org\\\/pt-pt\\\/\",\"name\":\"Hijas de la Caridad\",\"description\":\"L\u2019amour de J\u00e9sus nous presse \u00e0 prendre soin des personnes les plus d\u00e9munies\",\"publisher\":{\"@id\":\"https:\\\/\\\/filles-de-la-charite.org\\\/pt-pt\\\/#organization\"},\"potentialAction\":[{\"@type\":\"SearchAction\",\"target\":{\"@type\":\"EntryPoint\",\"urlTemplate\":\"https:\\\/\\\/filles-de-la-charite.org\\\/pt-pt\\\/?s={search_term_string}\"},\"query-input\":{\"@type\":\"PropertyValueSpecification\",\"valueRequired\":true,\"valueName\":\"search_term_string\"}}],\"inLanguage\":\"pt-PT\"},{\"@type\":\"Organization\",\"@id\":\"https:\\\/\\\/filles-de-la-charite.org\\\/pt-pt\\\/#organization\",\"name\":\"Hijas de la Caridad\",\"url\":\"https:\\\/\\\/filles-de-la-charite.org\\\/pt-pt\\\/\",\"logo\":{\"@type\":\"ImageObject\",\"inLanguage\":\"pt-PT\",\"@id\":\"https:\\\/\\\/filles-de-la-charite.org\\\/pt-pt\\\/#\\\/schema\\\/logo\\\/image\\\/\",\"url\":\"https:\\\/\\\/filles-de-la-charite.org\\\/wp-content\\\/uploads\\\/2023\\\/03\\\/isotipo-Hijas-de-la-Caridad.png\",\"contentUrl\":\"https:\\\/\\\/filles-de-la-charite.org\\\/wp-content\\\/uploads\\\/2023\\\/03\\\/isotipo-Hijas-de-la-Caridad.png\",\"width\":1417,\"height\":1417,\"caption\":\"Hijas de la Caridad\"},\"image\":{\"@id\":\"https:\\\/\\\/filles-de-la-charite.org\\\/pt-pt\\\/#\\\/schema\\\/logo\\\/image\\\/\"}},{\"@type\":\"Person\",\"@id\":\"https:\\\/\\\/filles-de-la-charite.org\\\/pt-pt\\\/#\\\/schema\\\/person\\\/427567b2eccfc2dd7d206da186a1f438\",\"name\":\"admin\",\"image\":{\"@type\":\"ImageObject\",\"inLanguage\":\"pt-PT\",\"@id\":\"https:\\\/\\\/secure.gravatar.com\\\/avatar\\\/948b492cce32b586ac2db0eaa926ee87024f7afe218d73b397ea5ddfc5f43ea1?s=96&d=mm&r=g\",\"url\":\"https:\\\/\\\/secure.gravatar.com\\\/avatar\\\/948b492cce32b586ac2db0eaa926ee87024f7afe218d73b397ea5ddfc5f43ea1?s=96&d=mm&r=g\",\"contentUrl\":\"https:\\\/\\\/secure.gravatar.com\\\/avatar\\\/948b492cce32b586ac2db0eaa926ee87024f7afe218d73b397ea5ddfc5f43ea1?s=96&d=mm&r=g\",\"caption\":\"admin\"},\"sameAs\":[\"https:\\\/\\\/filles-de-la-charite.org\"],\"url\":\"https:\\\/\\\/filles-de-la-charite.org\\\/pt-pt\\\/author\\\/caridad\\\/\"}]}<\/script>\n<!-- \/ Yoast SEO plugin. -->","yoast_head_json":{"title":"A Prov\u00edncia que nunca dorme - Filles de la Charit\u00e9","robots":{"index":"index","follow":"follow","max-snippet":"max-snippet:-1","max-image-preview":"max-image-preview:large","max-video-preview":"max-video-preview:-1"},"canonical":"https:\/\/filles-de-la-charite.org\/pt-pt\/a-provincia-que-nunca-dorme-2\/","og_locale":"pt_PT","og_type":"article","og_title":"A Prov\u00edncia que nunca dorme - Filles de la Charit\u00e9","og_description":"Ao final de um longo per\u00edodo de discuss\u00e3o e discernimento entre as Prov\u00edncias da Austr\u00e1lia e Gr\u00e3-Bretanha, e quando foi tomada a decis\u00e3o de integrar essas duas Prov\u00edncias, as Irm\u00e3s foram consultadas sobre um nome para a nova Prov\u00edncia.&nbsp; Ir. Marie Raw, Conselheira Geral, esteve presente conosco no dia 11 de mar\u00e7o de 2020 em [&hellip;]","og_url":"https:\/\/filles-de-la-charite.org\/pt-pt\/a-provincia-que-nunca-dorme-2\/","og_site_name":"Filles de la Charit\u00e9","article_published_time":"2021-02-28T22:00:00+00:00","article_modified_time":"2024-03-17T16:58:22+00:00","og_image":[{"width":2374,"height":1494,"url":"https:\/\/filles-de-la-charite.org\/wp-content\/uploads\/2023\/06\/Figure-6.-L-R.-Sr.-Maureen-Tinkler-Sr.-Ellen-Flynn-Sr.-Kathleen-Kennedy.jpg","type":"image\/jpeg"}],"author":"admin","twitter_card":"summary_large_image","twitter_misc":{"Escrito por":"admin","Tempo estimado de leitura":"5 minutos"},"schema":{"@context":"https:\/\/schema.org","@graph":[{"@type":"Article","@id":"https:\/\/filles-de-la-charite.org\/pt-pt\/a-provincia-que-nunca-dorme-2\/#article","isPartOf":{"@id":"https:\/\/filles-de-la-charite.org\/pt-pt\/a-provincia-que-nunca-dorme-2\/"},"author":{"name":"admin","@id":"https:\/\/filles-de-la-charite.org\/pt-pt\/#\/schema\/person\/427567b2eccfc2dd7d206da186a1f438"},"headline":"A Prov\u00edncia que nunca dorme","datePublished":"2021-02-28T22:00:00+00:00","dateModified":"2024-03-17T16:58:22+00:00","mainEntityOfPage":{"@id":"https:\/\/filles-de-la-charite.org\/pt-pt\/a-provincia-que-nunca-dorme-2\/"},"wordCount":745,"publisher":{"@id":"https:\/\/filles-de-la-charite.org\/pt-pt\/#organization"},"image":{"@id":"https:\/\/filles-de-la-charite.org\/pt-pt\/a-provincia-que-nunca-dorme-2\/#primaryimage"},"thumbnailUrl":"https:\/\/filles-de-la-charite.org\/wp-content\/uploads\/2023\/06\/Figure-6.-L-R.-Sr.-Maureen-Tinkler-Sr.-Ellen-Flynn-Sr.-Kathleen-Kennedy.jpg","articleSection":["Rosalie Rendu - RU e Austr\u00e1lia"],"inLanguage":"pt-PT"},{"@type":"WebPage","@id":"https:\/\/filles-de-la-charite.org\/pt-pt\/a-provincia-que-nunca-dorme-2\/","url":"https:\/\/filles-de-la-charite.org\/pt-pt\/a-provincia-que-nunca-dorme-2\/","name":"A Prov\u00edncia que nunca dorme - Filles de la Charit\u00e9","isPartOf":{"@id":"https:\/\/filles-de-la-charite.org\/pt-pt\/#website"},"primaryImageOfPage":{"@id":"https:\/\/filles-de-la-charite.org\/pt-pt\/a-provincia-que-nunca-dorme-2\/#primaryimage"},"image":{"@id":"https:\/\/filles-de-la-charite.org\/pt-pt\/a-provincia-que-nunca-dorme-2\/#primaryimage"},"thumbnailUrl":"https:\/\/filles-de-la-charite.org\/wp-content\/uploads\/2023\/06\/Figure-6.-L-R.-Sr.-Maureen-Tinkler-Sr.-Ellen-Flynn-Sr.-Kathleen-Kennedy.jpg","datePublished":"2021-02-28T22:00:00+00:00","dateModified":"2024-03-17T16:58:22+00:00","breadcrumb":{"@id":"https:\/\/filles-de-la-charite.org\/pt-pt\/a-provincia-que-nunca-dorme-2\/#breadcrumb"},"inLanguage":"pt-PT","potentialAction":[{"@type":"ReadAction","target":["https:\/\/filles-de-la-charite.org\/pt-pt\/a-provincia-que-nunca-dorme-2\/"]}]},{"@type":"ImageObject","inLanguage":"pt-PT","@id":"https:\/\/filles-de-la-charite.org\/pt-pt\/a-provincia-que-nunca-dorme-2\/#primaryimage","url":"https:\/\/filles-de-la-charite.org\/wp-content\/uploads\/2023\/06\/Figure-6.-L-R.-Sr.-Maureen-Tinkler-Sr.-Ellen-Flynn-Sr.-Kathleen-Kennedy.jpg","contentUrl":"https:\/\/filles-de-la-charite.org\/wp-content\/uploads\/2023\/06\/Figure-6.-L-R.-Sr.-Maureen-Tinkler-Sr.-Ellen-Flynn-Sr.-Kathleen-Kennedy.jpg","width":2374,"height":1494},{"@type":"BreadcrumbList","@id":"https:\/\/filles-de-la-charite.org\/pt-pt\/a-provincia-que-nunca-dorme-2\/#breadcrumb","itemListElement":[{"@type":"ListItem","position":1,"name":"Santa Lu\u00edsa - \u00c1sia","item":"https:\/\/filles-de-la-charite.org\/pt-pt\/category\/santa-luisa-asia-pt-pt\/"},{"@type":"ListItem","position":2,"name":"A Prov\u00edncia que nunca dorme"}]},{"@type":"WebSite","@id":"https:\/\/filles-de-la-charite.org\/pt-pt\/#website","url":"https:\/\/filles-de-la-charite.org\/pt-pt\/","name":"Hijas de la Caridad","description":"L\u2019amour de J\u00e9sus nous presse \u00e0 prendre soin des personnes les plus d\u00e9munies","publisher":{"@id":"https:\/\/filles-de-la-charite.org\/pt-pt\/#organization"},"potentialAction":[{"@type":"SearchAction","target":{"@type":"EntryPoint","urlTemplate":"https:\/\/filles-de-la-charite.org\/pt-pt\/?s={search_term_string}"},"query-input":{"@type":"PropertyValueSpecification","valueRequired":true,"valueName":"search_term_string"}}],"inLanguage":"pt-PT"},{"@type":"Organization","@id":"https:\/\/filles-de-la-charite.org\/pt-pt\/#organization","name":"Hijas de la Caridad","url":"https:\/\/filles-de-la-charite.org\/pt-pt\/","logo":{"@type":"ImageObject","inLanguage":"pt-PT","@id":"https:\/\/filles-de-la-charite.org\/pt-pt\/#\/schema\/logo\/image\/","url":"https:\/\/filles-de-la-charite.org\/wp-content\/uploads\/2023\/03\/isotipo-Hijas-de-la-Caridad.png","contentUrl":"https:\/\/filles-de-la-charite.org\/wp-content\/uploads\/2023\/03\/isotipo-Hijas-de-la-Caridad.png","width":1417,"height":1417,"caption":"Hijas de la Caridad"},"image":{"@id":"https:\/\/filles-de-la-charite.org\/pt-pt\/#\/schema\/logo\/image\/"}},{"@type":"Person","@id":"https:\/\/filles-de-la-charite.org\/pt-pt\/#\/schema\/person\/427567b2eccfc2dd7d206da186a1f438","name":"admin","image":{"@type":"ImageObject","inLanguage":"pt-PT","@id":"https:\/\/secure.gravatar.com\/avatar\/948b492cce32b586ac2db0eaa926ee87024f7afe218d73b397ea5ddfc5f43ea1?s=96&d=mm&r=g","url":"https:\/\/secure.gravatar.com\/avatar\/948b492cce32b586ac2db0eaa926ee87024f7afe218d73b397ea5ddfc5f43ea1?s=96&d=mm&r=g","contentUrl":"https:\/\/secure.gravatar.com\/avatar\/948b492cce32b586ac2db0eaa926ee87024f7afe218d73b397ea5ddfc5f43ea1?s=96&d=mm&r=g","caption":"admin"},"sameAs":["https:\/\/filles-de-la-charite.org"],"url":"https:\/\/filles-de-la-charite.org\/pt-pt\/author\/caridad\/"}]}},"_links":{"self":[{"href":"https:\/\/filles-de-la-charite.org\/pt-pt\/wp-json\/wp\/v2\/posts\/25204","targetHints":{"allow":["GET"]}}],"collection":[{"href":"https:\/\/filles-de-la-charite.org\/pt-pt\/wp-json\/wp\/v2\/posts"}],"about":[{"href":"https:\/\/filles-de-la-charite.org\/pt-pt\/wp-json\/wp\/v2\/types\/post"}],"author":[{"embeddable":true,"href":"https:\/\/filles-de-la-charite.org\/pt-pt\/wp-json\/wp\/v2\/users\/1"}],"replies":[{"embeddable":true,"href":"https:\/\/filles-de-la-charite.org\/pt-pt\/wp-json\/wp\/v2\/comments?post=25204"}],"version-history":[{"count":1,"href":"https:\/\/filles-de-la-charite.org\/pt-pt\/wp-json\/wp\/v2\/posts\/25204\/revisions"}],"predecessor-version":[{"id":25205,"href":"https:\/\/filles-de-la-charite.org\/pt-pt\/wp-json\/wp\/v2\/posts\/25204\/revisions\/25205"}],"wp:featuredmedia":[{"embeddable":true,"href":"https:\/\/filles-de-la-charite.org\/pt-pt\/wp-json\/wp\/v2\/media\/15532"}],"wp:attachment":[{"href":"https:\/\/filles-de-la-charite.org\/pt-pt\/wp-json\/wp\/v2\/media?parent=25204"}],"wp:term":[{"taxonomy":"category","embeddable":true,"href":"https:\/\/filles-de-la-charite.org\/pt-pt\/wp-json\/wp\/v2\/categories?post=25204"},{"taxonomy":"post_tag","embeddable":true,"href":"https:\/\/filles-de-la-charite.org\/pt-pt\/wp-json\/wp\/v2\/tags?post=25204"}],"curies":[{"name":"wp","href":"https:\/\/api.w.org\/{rel}","templated":true}]}}