{"id":25208,"date":"2021-03-03T11:55:33","date_gmt":"2021-03-03T10:55:33","guid":{"rendered":"https:\/\/hijascaridad.sjdigitaldemo.ovh\/familia-procura-salvar-a-vida-2-2\/"},"modified":"2024-03-17T17:58:02","modified_gmt":"2024-03-17T16:58:02","slug":"familia-procura-salvar-a-vida-2-2","status":"publish","type":"post","link":"https:\/\/filles-de-la-charite.org\/pt-pt\/familia-procura-salvar-a-vida-2-2\/","title":{"rendered":"Fam\u00edlia procura salvar a vida"},"content":{"rendered":"\n<p>Fam\u00edlia de migrantes, oriundos da S\u00edria, que devido \u00e0 guerra assistiram \u00e0 morte cruel de seus pais e de mais familiares. A casa e oficina de material de toda a esp\u00e9cie de material de eletr\u00f3nica foram incendiados. A fam\u00edlia vivia com elevado n\u00edvel de vida. Toda a sua riqueza foi destru\u00edda. Aterrorizados fugiram, estando num campo de refugiados durante 9 meses. A esposa estava gr\u00e1vida, o filho nasceu durante este tempo. Chegados a Portugal no 28 de setembro de 2016, com quatro filhos.<\/p>\n\n\n\n<p>A Fam\u00edlia chegou at\u00e9 n\u00f3s, atrav\u00e9s da Plataforma de Apoio a Refugiados na presente crise humanit\u00e1ria. Acedendo ao convite \u00e0s institui\u00e7\u00f5es religiosas e civis, p\u00fablicas e privadas para acolher refugiados, as Filhas da Caridade acolheram, a fam\u00edlia. Preparamos uma casa T3 da Prov\u00edncia, com tudo o que era necess\u00e1rio para receber a fam\u00edlia, assegurar tudo o que precisavam. Desde ent\u00e3o, a fam\u00edlia tem sido acompanhada, pelas nossas Irm\u00e3s da Comunidade a\u00ed presentes.<\/p>\n\n\n\n<p>Tratar da integra\u00e7\u00e3o: dar apoio material, financeiro, psicol\u00f3gico, social, acompanhar aos m\u00e9dicos, colaborar no crescimento e desenvolvimento das crian\u00e7as, acompanh\u00e1-las \u00e0 escola, ao m\u00e9dico, aos benef\u00edcios de sa\u00fade, \u00e0 certifica\u00e7\u00e3o da resid\u00eancia, equival\u00eancia da carta de condu\u00e7\u00e3o de ve\u00edculos do pai, assegurar uma assistente social para as burocracias e refor\u00e7ar o ensino da escola. Foi um grande desafio de desinstala\u00e7\u00e3o da comunidade para se disponibilizar a acompanhar a fam\u00edlia. Colabora connosco uma religiosa natural da Jord\u00e2nia, ajuda na tradu\u00e7\u00e3o das necessidades e busca apoios financeiros.<\/p>\n\n\n\n<p>Apesar das dificuldades, a fam\u00edlia revelou capacidade de incultura\u00e7\u00e3o, organiza\u00e7\u00e3o e vontade de superar a dureza da vida. Conseguiu-se emprego para o pai, na \u00e1rea do seu conhecimento, a pouco e pouco ganham a sua autonomia. Oferecemos um carro da comunidade, para a desloca\u00e7\u00e3o ao trabalho e outros afazeres. As crian\u00e7as bem cedo aprenderam muito bem a l\u00edngua portuguesa e s\u00e3o bem classificados.&nbsp;<\/p>\n\n\n\n<p>Esta oportunidade, da comunidade local favorecer o progresso da fam\u00edlia e a proporcionar-lhes bem-estar de forma a colmatar as ruturas ps\u00edquicas, a perda e a dor do exilio e a separa\u00e7\u00e3o da restante fam\u00edlia, aliviando o seu sofrimento, atrav\u00e9s da aten\u00e7\u00e3o permanente, a escuta, o interesse, os est\u00edmulos, na disponibilidade total, la\u00e7os fraternos que se foram criando. Foi uma aventura! Um grande desafio! Era tudo t\u00e3o estranho! Para eles e para n\u00f3s: a linguagem a cultura a religi\u00e3o, tudo levou muito tempo num esfor\u00e7o comum. Quase h\u00e1 5 anos!<\/p>\n\n\n\n<div class=\"wp-block-image\"><figure class=\"aligncenter size-large\"><img decoding=\"async\" src=\"https:\/\/filles-de-la-charite.org\/wp-content\/uploads\/2023\/06\/4-1-1.jpg\" alt=\"\" class=\"wp-image-61466\" \/><\/figure><\/div>\n\n\n\n<p>E\u2026durante este tempo de Pandemia, o apoio humano, psicol\u00f3gico e financeiro, providenciamos um computador, port\u00e1til, para as crian\u00e7as manterem as aulas on-line. \u00c9 imposs\u00edvel a fam\u00edlia ser totalmente aut\u00f3noma com 6 pessoas no agregado familiar, sendo apenas o pai que trabalha na profiss\u00e3o. A M\u00e3e sofre muito de doen\u00e7a \u00f3ssea. Um dos filhos, com dificuldade de concentra\u00e7\u00e3o \u00e9 problema aos pais, que superam com muita f\u00e9.<\/p>\n\n\n\n<p>Valeu a pena arriscar em acolher esta fam\u00edlia, que est\u00e1 bem integrada em Portugal. Consideramos esta experi\u00eancia para n\u00f3s, muito positiva, de m\u00faltiplas partilhas e permutas, tendo por base o respeito mutuo das culturas. \u00c9 uma fam\u00edlia que reza e expressa a sua f\u00e9, sendo fiel \u00e0 sua religi\u00e3o.<\/p>\n\n\n\n<p>S\u00e3o gestos que continuam a marcar a vida desta fam\u00edlia, e a n\u00f3s, Filhas da Caridade nos abriu ao EPHATA, <em>\u201cTudo o que fizerdes a um dos meus irm\u00e3os mais pequeninos a Mim o fizestes\u201d<\/em> (Mt.<em>25<\/em>:<em>40).&nbsp; <\/em>Os nossos Fundadores nos enraizaram nesta paix\u00e3o pelo pobre, vendo nele o rosto de Cristo. \u201cA Caridade de Jesus Crucificado nos impele\u201d a desprendermo-nos do sup\u00e9rfluo, a sair da nossa zona de conforto, beneficiando os irm\u00e3os que mais precisam, como insiste o Papa Francisco.<\/p>\n\n\n\n<figure class=\"wp-block-image alignwide size-large\"><img decoding=\"async\" src=\"https:\/\/filles-de-la-charite.org\/wp-content\/uploads\/2023\/06\/3-1-1.jpg\" alt=\"\" class=\"wp-image-61469\" \/><\/figure>\n","protected":false},"excerpt":{"rendered":"<p>Fam\u00edlia de migrantes, oriundos da S\u00edria, que devido \u00e0 guerra assistiram \u00e0 morte cruel de seus pais e de mais familiares. A casa e oficina de material de toda a esp\u00e9cie de material de eletr\u00f3nica foram incendiados. A fam\u00edlia vivia com elevado n\u00edvel de vida. Toda a sua riqueza foi destru\u00edda. Aterrorizados fugiram, estando num [&hellip;]<\/p>\n","protected":false},"author":1,"featured_media":15602,"comment_status":"closed","ping_status":"closed","sticky":false,"template":"","format":"standard","meta":{"_acf_changed":false,"footnotes":"","_links_to":"","_links_to_target":""},"categories":[639],"tags":[],"class_list":["post-25208","post","type-post","status-publish","format-standard","has-post-thumbnail","hentry","category-portugal-pt-pt"],"acf":[],"yoast_head":"<!-- This site is optimized with the Yoast SEO plugin v27.5 - https:\/\/yoast.com\/product\/yoast-seo-wordpress\/ -->\n<title>Fam\u00edlia procura salvar a vida - Filles de la Charit\u00e9<\/title>\n<meta name=\"robots\" content=\"index, follow, max-snippet:-1, max-image-preview:large, max-video-preview:-1\" \/>\n<link rel=\"canonical\" href=\"https:\/\/filles-de-la-charite.org\/pt-pt\/familia-procura-salvar-a-vida-2-2\/\" \/>\n<meta property=\"og:locale\" content=\"pt_PT\" \/>\n<meta property=\"og:type\" content=\"article\" \/>\n<meta property=\"og:title\" content=\"Fam\u00edlia procura salvar a vida - Filles de la Charit\u00e9\" \/>\n<meta property=\"og:description\" content=\"Fam\u00edlia de migrantes, oriundos da S\u00edria, que devido \u00e0 guerra assistiram \u00e0 morte cruel de seus pais e de mais familiares. A casa e oficina de material de toda a esp\u00e9cie de material de eletr\u00f3nica foram incendiados. A fam\u00edlia vivia com elevado n\u00edvel de vida. Toda a sua riqueza foi destru\u00edda. Aterrorizados fugiram, estando num [&hellip;]\" \/>\n<meta property=\"og:url\" content=\"https:\/\/filles-de-la-charite.org\/pt-pt\/familia-procura-salvar-a-vida-2-2\/\" \/>\n<meta property=\"og:site_name\" content=\"Filles de la Charit\u00e9\" \/>\n<meta property=\"article:published_time\" content=\"2021-03-03T10:55:33+00:00\" \/>\n<meta property=\"article:modified_time\" content=\"2024-03-17T16:58:02+00:00\" \/>\n<meta property=\"og:image\" content=\"https:\/\/filles-de-la-charite.org\/wp-content\/uploads\/2023\/06\/1-1-1.jpg\" \/>\n\t<meta property=\"og:image:width\" content=\"751\" \/>\n\t<meta property=\"og:image:height\" content=\"447\" \/>\n\t<meta property=\"og:image:type\" content=\"image\/jpeg\" \/>\n<meta name=\"author\" content=\"admin\" \/>\n<meta name=\"twitter:card\" content=\"summary_large_image\" \/>\n<meta name=\"twitter:label1\" content=\"Escrito por\" \/>\n\t<meta name=\"twitter:data1\" content=\"admin\" \/>\n\t<meta name=\"twitter:label2\" content=\"Tempo estimado de leitura\" \/>\n\t<meta name=\"twitter:data2\" content=\"3 minutos\" \/>\n<script type=\"application\/ld+json\" class=\"yoast-schema-graph\">{\"@context\":\"https:\\\/\\\/schema.org\",\"@graph\":[{\"@type\":\"Article\",\"@id\":\"https:\\\/\\\/filles-de-la-charite.org\\\/pt-pt\\\/familia-procura-salvar-a-vida-2-2\\\/#article\",\"isPartOf\":{\"@id\":\"https:\\\/\\\/filles-de-la-charite.org\\\/pt-pt\\\/familia-procura-salvar-a-vida-2-2\\\/\"},\"author\":{\"name\":\"admin\",\"@id\":\"https:\\\/\\\/filles-de-la-charite.org\\\/pt-pt\\\/#\\\/schema\\\/person\\\/427567b2eccfc2dd7d206da186a1f438\"},\"headline\":\"Fam\u00edlia procura salvar a vida\",\"datePublished\":\"2021-03-03T10:55:33+00:00\",\"dateModified\":\"2024-03-17T16:58:02+00:00\",\"mainEntityOfPage\":{\"@id\":\"https:\\\/\\\/filles-de-la-charite.org\\\/pt-pt\\\/familia-procura-salvar-a-vida-2-2\\\/\"},\"wordCount\":664,\"publisher\":{\"@id\":\"https:\\\/\\\/filles-de-la-charite.org\\\/pt-pt\\\/#organization\"},\"image\":{\"@id\":\"https:\\\/\\\/filles-de-la-charite.org\\\/pt-pt\\\/familia-procura-salvar-a-vida-2-2\\\/#primaryimage\"},\"thumbnailUrl\":\"https:\\\/\\\/filles-de-la-charite.org\\\/wp-content\\\/uploads\\\/2023\\\/06\\\/1-1-1.jpg\",\"articleSection\":[\"Portugal\"],\"inLanguage\":\"pt-PT\"},{\"@type\":\"WebPage\",\"@id\":\"https:\\\/\\\/filles-de-la-charite.org\\\/pt-pt\\\/familia-procura-salvar-a-vida-2-2\\\/\",\"url\":\"https:\\\/\\\/filles-de-la-charite.org\\\/pt-pt\\\/familia-procura-salvar-a-vida-2-2\\\/\",\"name\":\"Fam\u00edlia procura salvar a vida - Filles de la Charit\u00e9\",\"isPartOf\":{\"@id\":\"https:\\\/\\\/filles-de-la-charite.org\\\/pt-pt\\\/#website\"},\"primaryImageOfPage\":{\"@id\":\"https:\\\/\\\/filles-de-la-charite.org\\\/pt-pt\\\/familia-procura-salvar-a-vida-2-2\\\/#primaryimage\"},\"image\":{\"@id\":\"https:\\\/\\\/filles-de-la-charite.org\\\/pt-pt\\\/familia-procura-salvar-a-vida-2-2\\\/#primaryimage\"},\"thumbnailUrl\":\"https:\\\/\\\/filles-de-la-charite.org\\\/wp-content\\\/uploads\\\/2023\\\/06\\\/1-1-1.jpg\",\"datePublished\":\"2021-03-03T10:55:33+00:00\",\"dateModified\":\"2024-03-17T16:58:02+00:00\",\"breadcrumb\":{\"@id\":\"https:\\\/\\\/filles-de-la-charite.org\\\/pt-pt\\\/familia-procura-salvar-a-vida-2-2\\\/#breadcrumb\"},\"inLanguage\":\"pt-PT\",\"potentialAction\":[{\"@type\":\"ReadAction\",\"target\":[\"https:\\\/\\\/filles-de-la-charite.org\\\/pt-pt\\\/familia-procura-salvar-a-vida-2-2\\\/\"]}]},{\"@type\":\"ImageObject\",\"inLanguage\":\"pt-PT\",\"@id\":\"https:\\\/\\\/filles-de-la-charite.org\\\/pt-pt\\\/familia-procura-salvar-a-vida-2-2\\\/#primaryimage\",\"url\":\"https:\\\/\\\/filles-de-la-charite.org\\\/wp-content\\\/uploads\\\/2023\\\/06\\\/1-1-1.jpg\",\"contentUrl\":\"https:\\\/\\\/filles-de-la-charite.org\\\/wp-content\\\/uploads\\\/2023\\\/06\\\/1-1-1.jpg\",\"width\":751,\"height\":447},{\"@type\":\"BreadcrumbList\",\"@id\":\"https:\\\/\\\/filles-de-la-charite.org\\\/pt-pt\\\/familia-procura-salvar-a-vida-2-2\\\/#breadcrumb\",\"itemListElement\":[{\"@type\":\"ListItem\",\"position\":1,\"name\":\"Portugal\",\"item\":\"https:\\\/\\\/filles-de-la-charite.org\\\/pt-pt\\\/category\\\/portugal-pt-pt\\\/\"},{\"@type\":\"ListItem\",\"position\":2,\"name\":\"Fam\u00edlia procura salvar a vida\"}]},{\"@type\":\"WebSite\",\"@id\":\"https:\\\/\\\/filles-de-la-charite.org\\\/pt-pt\\\/#website\",\"url\":\"https:\\\/\\\/filles-de-la-charite.org\\\/pt-pt\\\/\",\"name\":\"Hijas de la Caridad\",\"description\":\"L\u2019amour de J\u00e9sus nous presse \u00e0 prendre soin des personnes les plus d\u00e9munies\",\"publisher\":{\"@id\":\"https:\\\/\\\/filles-de-la-charite.org\\\/pt-pt\\\/#organization\"},\"potentialAction\":[{\"@type\":\"SearchAction\",\"target\":{\"@type\":\"EntryPoint\",\"urlTemplate\":\"https:\\\/\\\/filles-de-la-charite.org\\\/pt-pt\\\/?s={search_term_string}\"},\"query-input\":{\"@type\":\"PropertyValueSpecification\",\"valueRequired\":true,\"valueName\":\"search_term_string\"}}],\"inLanguage\":\"pt-PT\"},{\"@type\":\"Organization\",\"@id\":\"https:\\\/\\\/filles-de-la-charite.org\\\/pt-pt\\\/#organization\",\"name\":\"Hijas de la Caridad\",\"url\":\"https:\\\/\\\/filles-de-la-charite.org\\\/pt-pt\\\/\",\"logo\":{\"@type\":\"ImageObject\",\"inLanguage\":\"pt-PT\",\"@id\":\"https:\\\/\\\/filles-de-la-charite.org\\\/pt-pt\\\/#\\\/schema\\\/logo\\\/image\\\/\",\"url\":\"https:\\\/\\\/filles-de-la-charite.org\\\/wp-content\\\/uploads\\\/2023\\\/03\\\/isotipo-Hijas-de-la-Caridad.png\",\"contentUrl\":\"https:\\\/\\\/filles-de-la-charite.org\\\/wp-content\\\/uploads\\\/2023\\\/03\\\/isotipo-Hijas-de-la-Caridad.png\",\"width\":1417,\"height\":1417,\"caption\":\"Hijas de la Caridad\"},\"image\":{\"@id\":\"https:\\\/\\\/filles-de-la-charite.org\\\/pt-pt\\\/#\\\/schema\\\/logo\\\/image\\\/\"}},{\"@type\":\"Person\",\"@id\":\"https:\\\/\\\/filles-de-la-charite.org\\\/pt-pt\\\/#\\\/schema\\\/person\\\/427567b2eccfc2dd7d206da186a1f438\",\"name\":\"admin\",\"image\":{\"@type\":\"ImageObject\",\"inLanguage\":\"pt-PT\",\"@id\":\"https:\\\/\\\/secure.gravatar.com\\\/avatar\\\/948b492cce32b586ac2db0eaa926ee87024f7afe218d73b397ea5ddfc5f43ea1?s=96&d=mm&r=g\",\"url\":\"https:\\\/\\\/secure.gravatar.com\\\/avatar\\\/948b492cce32b586ac2db0eaa926ee87024f7afe218d73b397ea5ddfc5f43ea1?s=96&d=mm&r=g\",\"contentUrl\":\"https:\\\/\\\/secure.gravatar.com\\\/avatar\\\/948b492cce32b586ac2db0eaa926ee87024f7afe218d73b397ea5ddfc5f43ea1?s=96&d=mm&r=g\",\"caption\":\"admin\"},\"sameAs\":[\"https:\\\/\\\/filles-de-la-charite.org\"],\"url\":\"https:\\\/\\\/filles-de-la-charite.org\\\/pt-pt\\\/author\\\/caridad\\\/\"}]}<\/script>\n<!-- \/ Yoast SEO plugin. -->","yoast_head_json":{"title":"Fam\u00edlia procura salvar a vida - Filles de la Charit\u00e9","robots":{"index":"index","follow":"follow","max-snippet":"max-snippet:-1","max-image-preview":"max-image-preview:large","max-video-preview":"max-video-preview:-1"},"canonical":"https:\/\/filles-de-la-charite.org\/pt-pt\/familia-procura-salvar-a-vida-2-2\/","og_locale":"pt_PT","og_type":"article","og_title":"Fam\u00edlia procura salvar a vida - Filles de la Charit\u00e9","og_description":"Fam\u00edlia de migrantes, oriundos da S\u00edria, que devido \u00e0 guerra assistiram \u00e0 morte cruel de seus pais e de mais familiares. A casa e oficina de material de toda a esp\u00e9cie de material de eletr\u00f3nica foram incendiados. A fam\u00edlia vivia com elevado n\u00edvel de vida. Toda a sua riqueza foi destru\u00edda. Aterrorizados fugiram, estando num [&hellip;]","og_url":"https:\/\/filles-de-la-charite.org\/pt-pt\/familia-procura-salvar-a-vida-2-2\/","og_site_name":"Filles de la Charit\u00e9","article_published_time":"2021-03-03T10:55:33+00:00","article_modified_time":"2024-03-17T16:58:02+00:00","og_image":[{"width":751,"height":447,"url":"https:\/\/filles-de-la-charite.org\/wp-content\/uploads\/2023\/06\/1-1-1.jpg","type":"image\/jpeg"}],"author":"admin","twitter_card":"summary_large_image","twitter_misc":{"Escrito por":"admin","Tempo estimado de leitura":"3 minutos"},"schema":{"@context":"https:\/\/schema.org","@graph":[{"@type":"Article","@id":"https:\/\/filles-de-la-charite.org\/pt-pt\/familia-procura-salvar-a-vida-2-2\/#article","isPartOf":{"@id":"https:\/\/filles-de-la-charite.org\/pt-pt\/familia-procura-salvar-a-vida-2-2\/"},"author":{"name":"admin","@id":"https:\/\/filles-de-la-charite.org\/pt-pt\/#\/schema\/person\/427567b2eccfc2dd7d206da186a1f438"},"headline":"Fam\u00edlia procura salvar a vida","datePublished":"2021-03-03T10:55:33+00:00","dateModified":"2024-03-17T16:58:02+00:00","mainEntityOfPage":{"@id":"https:\/\/filles-de-la-charite.org\/pt-pt\/familia-procura-salvar-a-vida-2-2\/"},"wordCount":664,"publisher":{"@id":"https:\/\/filles-de-la-charite.org\/pt-pt\/#organization"},"image":{"@id":"https:\/\/filles-de-la-charite.org\/pt-pt\/familia-procura-salvar-a-vida-2-2\/#primaryimage"},"thumbnailUrl":"https:\/\/filles-de-la-charite.org\/wp-content\/uploads\/2023\/06\/1-1-1.jpg","articleSection":["Portugal"],"inLanguage":"pt-PT"},{"@type":"WebPage","@id":"https:\/\/filles-de-la-charite.org\/pt-pt\/familia-procura-salvar-a-vida-2-2\/","url":"https:\/\/filles-de-la-charite.org\/pt-pt\/familia-procura-salvar-a-vida-2-2\/","name":"Fam\u00edlia procura salvar a vida - Filles de la Charit\u00e9","isPartOf":{"@id":"https:\/\/filles-de-la-charite.org\/pt-pt\/#website"},"primaryImageOfPage":{"@id":"https:\/\/filles-de-la-charite.org\/pt-pt\/familia-procura-salvar-a-vida-2-2\/#primaryimage"},"image":{"@id":"https:\/\/filles-de-la-charite.org\/pt-pt\/familia-procura-salvar-a-vida-2-2\/#primaryimage"},"thumbnailUrl":"https:\/\/filles-de-la-charite.org\/wp-content\/uploads\/2023\/06\/1-1-1.jpg","datePublished":"2021-03-03T10:55:33+00:00","dateModified":"2024-03-17T16:58:02+00:00","breadcrumb":{"@id":"https:\/\/filles-de-la-charite.org\/pt-pt\/familia-procura-salvar-a-vida-2-2\/#breadcrumb"},"inLanguage":"pt-PT","potentialAction":[{"@type":"ReadAction","target":["https:\/\/filles-de-la-charite.org\/pt-pt\/familia-procura-salvar-a-vida-2-2\/"]}]},{"@type":"ImageObject","inLanguage":"pt-PT","@id":"https:\/\/filles-de-la-charite.org\/pt-pt\/familia-procura-salvar-a-vida-2-2\/#primaryimage","url":"https:\/\/filles-de-la-charite.org\/wp-content\/uploads\/2023\/06\/1-1-1.jpg","contentUrl":"https:\/\/filles-de-la-charite.org\/wp-content\/uploads\/2023\/06\/1-1-1.jpg","width":751,"height":447},{"@type":"BreadcrumbList","@id":"https:\/\/filles-de-la-charite.org\/pt-pt\/familia-procura-salvar-a-vida-2-2\/#breadcrumb","itemListElement":[{"@type":"ListItem","position":1,"name":"Portugal","item":"https:\/\/filles-de-la-charite.org\/pt-pt\/category\/portugal-pt-pt\/"},{"@type":"ListItem","position":2,"name":"Fam\u00edlia procura salvar a vida"}]},{"@type":"WebSite","@id":"https:\/\/filles-de-la-charite.org\/pt-pt\/#website","url":"https:\/\/filles-de-la-charite.org\/pt-pt\/","name":"Hijas de la Caridad","description":"L\u2019amour de J\u00e9sus nous presse \u00e0 prendre soin des personnes les plus d\u00e9munies","publisher":{"@id":"https:\/\/filles-de-la-charite.org\/pt-pt\/#organization"},"potentialAction":[{"@type":"SearchAction","target":{"@type":"EntryPoint","urlTemplate":"https:\/\/filles-de-la-charite.org\/pt-pt\/?s={search_term_string}"},"query-input":{"@type":"PropertyValueSpecification","valueRequired":true,"valueName":"search_term_string"}}],"inLanguage":"pt-PT"},{"@type":"Organization","@id":"https:\/\/filles-de-la-charite.org\/pt-pt\/#organization","name":"Hijas de la Caridad","url":"https:\/\/filles-de-la-charite.org\/pt-pt\/","logo":{"@type":"ImageObject","inLanguage":"pt-PT","@id":"https:\/\/filles-de-la-charite.org\/pt-pt\/#\/schema\/logo\/image\/","url":"https:\/\/filles-de-la-charite.org\/wp-content\/uploads\/2023\/03\/isotipo-Hijas-de-la-Caridad.png","contentUrl":"https:\/\/filles-de-la-charite.org\/wp-content\/uploads\/2023\/03\/isotipo-Hijas-de-la-Caridad.png","width":1417,"height":1417,"caption":"Hijas de la Caridad"},"image":{"@id":"https:\/\/filles-de-la-charite.org\/pt-pt\/#\/schema\/logo\/image\/"}},{"@type":"Person","@id":"https:\/\/filles-de-la-charite.org\/pt-pt\/#\/schema\/person\/427567b2eccfc2dd7d206da186a1f438","name":"admin","image":{"@type":"ImageObject","inLanguage":"pt-PT","@id":"https:\/\/secure.gravatar.com\/avatar\/948b492cce32b586ac2db0eaa926ee87024f7afe218d73b397ea5ddfc5f43ea1?s=96&d=mm&r=g","url":"https:\/\/secure.gravatar.com\/avatar\/948b492cce32b586ac2db0eaa926ee87024f7afe218d73b397ea5ddfc5f43ea1?s=96&d=mm&r=g","contentUrl":"https:\/\/secure.gravatar.com\/avatar\/948b492cce32b586ac2db0eaa926ee87024f7afe218d73b397ea5ddfc5f43ea1?s=96&d=mm&r=g","caption":"admin"},"sameAs":["https:\/\/filles-de-la-charite.org"],"url":"https:\/\/filles-de-la-charite.org\/pt-pt\/author\/caridad\/"}]}},"_links":{"self":[{"href":"https:\/\/filles-de-la-charite.org\/pt-pt\/wp-json\/wp\/v2\/posts\/25208","targetHints":{"allow":["GET"]}}],"collection":[{"href":"https:\/\/filles-de-la-charite.org\/pt-pt\/wp-json\/wp\/v2\/posts"}],"about":[{"href":"https:\/\/filles-de-la-charite.org\/pt-pt\/wp-json\/wp\/v2\/types\/post"}],"author":[{"embeddable":true,"href":"https:\/\/filles-de-la-charite.org\/pt-pt\/wp-json\/wp\/v2\/users\/1"}],"replies":[{"embeddable":true,"href":"https:\/\/filles-de-la-charite.org\/pt-pt\/wp-json\/wp\/v2\/comments?post=25208"}],"version-history":[{"count":1,"href":"https:\/\/filles-de-la-charite.org\/pt-pt\/wp-json\/wp\/v2\/posts\/25208\/revisions"}],"predecessor-version":[{"id":25209,"href":"https:\/\/filles-de-la-charite.org\/pt-pt\/wp-json\/wp\/v2\/posts\/25208\/revisions\/25209"}],"wp:featuredmedia":[{"embeddable":true,"href":"https:\/\/filles-de-la-charite.org\/pt-pt\/wp-json\/wp\/v2\/media\/15602"}],"wp:attachment":[{"href":"https:\/\/filles-de-la-charite.org\/pt-pt\/wp-json\/wp\/v2\/media?parent=25208"}],"wp:term":[{"taxonomy":"category","embeddable":true,"href":"https:\/\/filles-de-la-charite.org\/pt-pt\/wp-json\/wp\/v2\/categories?post=25208"},{"taxonomy":"post_tag","embeddable":true,"href":"https:\/\/filles-de-la-charite.org\/pt-pt\/wp-json\/wp\/v2\/tags?post=25208"}],"curies":[{"name":"wp","href":"https:\/\/api.w.org\/{rel}","templated":true}]}}