{"id":25213,"date":"2021-03-31T22:00:00","date_gmt":"2021-03-31T20:00:00","guid":{"rendered":"https:\/\/hijascaridad.sjdigitaldemo.ovh\/projecto-de-prevencao-sou-um-defensor-2\/"},"modified":"2024-03-17T17:57:32","modified_gmt":"2024-03-17T16:57:32","slug":"projecto-de-prevencao-sou-um-defensor-2","status":"publish","type":"post","link":"https:\/\/filles-de-la-charite.org\/pt-pt\/projecto-de-prevencao-sou-um-defensor-2\/","title":{"rendered":"PROJECTO DE PREVEN\u00c7AO: \u201cSou um Defensor\u201d"},"content":{"rendered":"\n<h6 class=\"has-text-align-center wp-block-heading\"><strong><strong>As Filhas da Caridade, da Prov\u00edncia de Bogot\u00e1 engajadas na Defesa da vida.<\/strong><\/strong><\/h6>\n\n\n\n<p><\/p>\n\n\n\n<p>Faz dez anos que se criou na Prov\u00edncia, um novo servi\u00e7o pastoral que busca fazer frente as m\u00faltiplas formas de viol\u00eancias que se exercem sobre as crian\u00e7as, meninos e adolescentes, especialmente o tr\u00e1fico de pessoas, com a cria\u00e7\u00e3o da rede <strong>\"Defensores de vidas\"<\/strong>, \u00c9 constru\u00edda sobre tr\u00eas eixos de interven\u00e7\u00e3o: <strong>Investiga\u00e7\u00e3o, Comunica\u00e7\u00e3o, e Pedagogia<\/strong>.<\/p>\n\n\n\n<p>A Rede visa minimizar o impacto do fen\u00f3meno da viol\u00eancia com o lema:<\/p>\n\n\n\n<div class=\"wp-block-image\"><figure class=\"aligncenter size-large\"><img decoding=\"async\" src=\"https:\/\/filles-de-la-charite.org\/wp-content\/uploads\/2023\/06\/2-1024x822-1.png\" alt=\"\" class=\"wp-image-61951\"\/><figcaption>\"Mais uma m\u00e3o, menos uma v\u00edtima\"<\/figcaption><\/figure><\/div>\n\n\n\n<p>O Projecto chega nos \u00e2mbitos escolares, Comunit\u00e1rios e Par\u00f3quias atrav\u00e9s de um processo pedag\u00f3gico concebido para crian\u00e7as, adolescentes, pais, professores, e animadores juvenis. Chamado: <strong>\"Uma viajem em favor da vida\" <\/strong>procura capacitar os participantes e convida cada um a utilizar o lema: <em><strong>Sou um Defensor<\/strong>.<\/em><\/p>\n\n\n\n<figure class=\"wp-block-gallery alignfull columns-2 is-cropped wp-block-gallery-1 is-layout-flex wp-block-gallery-is-layout-flex\"><ul class=\"blocks-gallery-grid\"><li class=\"blocks-gallery-item\"><figure><img decoding=\"async\" src=\"https:\/\/filles-de-la-charite.org\/wp-content\/uploads\/2023\/06\/3-1024x735-1.png\" alt=\"\" data-id=\"61952\" data-full-url=\"https:\/\/www.filles-de-la-charite.org\/wp-content\/uploads\/news\/September 2021\/Poland\/April 2021\/COLOMBIA\/3.png\" data-link=\"https:\/\/www.filles-de-la-charite.org\/3-16\/\" class=\"wp-image-61952\"\/><figcaption class=\"blocks-gallery-item__caption\">Uma viajem em favor da vida<\/figcaption><\/figure><\/li><li class=\"blocks-gallery-item\"><figure><img decoding=\"async\" src=\"https:\/\/filles-de-la-charite.org\/wp-content\/uploads\/2023\/06\/7-1024x576-1.jpg\" alt=\"\" data-id=\"61956\" data-full-url=\"https:\/\/www.filles-de-la-charite.org\/wp-content\/uploads\/news\/April 2021\/COLOMBIA\/7.jpg\" data-link=\"https:\/\/www.filles-de-la-charite.org\/7-14\/\" class=\"wp-image-61956\"\/><\/figure><\/li><\/ul><\/figure>\n\n\n\n<figure class=\"wp-block-gallery alignfull columns-2 is-cropped wp-block-gallery-2 is-layout-flex wp-block-gallery-is-layout-flex\"><ul class=\"blocks-gallery-grid\"><li class=\"blocks-gallery-item\"><figure><img decoding=\"async\" src=\"https:\/\/filles-de-la-charite.org\/wp-content\/uploads\/2023\/06\/4-1024x683-1.jpg\" alt=\"\" data-id=\"61953\" data-full-url=\"https:\/\/www.filles-de-la-charite.org\/wp-content\/uploads\/news\/September 2021\/Poland\/April 2021\/COLOMBIA\/4-scaled.jpg\" data-link=\"https:\/\/www.filles-de-la-charite.org\/4-24\/\" class=\"wp-image-61953\"\/><\/figure><\/li><li class=\"blocks-gallery-item\"><figure><img decoding=\"async\" src=\"https:\/\/filles-de-la-charite.org\/wp-content\/uploads\/2023\/06\/8-1024x683-1.jpg\" alt=\"\" data-id=\"61957\" data-full-url=\"https:\/\/www.filles-de-la-charite.org\/wp-content\/uploads\/news\/April 2021\/COLOMBIA\/8-scaled.jpg\" data-link=\"https:\/\/www.filles-de-la-charite.org\/8-9\/\" class=\"wp-image-61957\"\/><\/figure><\/li><\/ul><\/figure>\n\n\n\n<p>A nossa rede \u00e9 constitu\u00edda por uma equipa de Filhas da Caridade e leigos de v\u00e1rias disciplinas que, com base na sua per\u00edcia, se organizam para tornar poss\u00edvel este compromisso pedag\u00f3gico.<\/p>\n\n\n\n<figure class=\"wp-block-image alignfull size-large\"><img decoding=\"async\" src=\"https:\/\/filles-de-la-charite.org\/wp-content\/uploads\/2023\/06\/5-1.jpg\" alt=\"\" class=\"wp-image-61954\"\/><\/figure>\n\n\n\n<p>Sonhamos com uma sociedade livre de viol\u00eancia, onde a vida e a dignidade cheguem antes de mais nada, onde sejam proporcionados espa\u00e7os de prote\u00e7\u00e3o \u00e0s crian\u00e7as e adolescentes para que possam crescer e desenvolver-se, livres de amea\u00e7as e traumas. Estamos a colocar as nossas vidas neste sonho, assistidos pelos recursos humanos e log\u00edsticos da Prov\u00edncia, bem como pelo seu sol\u00edcito apoio.<\/p>\n\n\n\n<figure class=\"wp-block-image alignfull size-large\"><img decoding=\"async\" src=\"https:\/\/filles-de-la-charite.org\/wp-content\/uploads\/2023\/06\/1-1024x190-1.png\" alt=\"\" class=\"wp-image-61958\"\/><\/figure>\n","protected":false},"excerpt":{"rendered":"<p>As Filhas da Caridade, da Prov\u00edncia de Bogot\u00e1 engajadas na Defesa da vida. Faz dez anos que se criou na Prov\u00edncia, um novo servi\u00e7o pastoral que busca fazer frente as m\u00faltiplas formas de viol\u00eancias que se exercem sobre as crian\u00e7as, meninos e adolescentes, especialmente o tr\u00e1fico de pessoas, com a cria\u00e7\u00e3o da rede &#8220;Defensores de [&hellip;]<\/p>\n","protected":false},"author":1,"featured_media":15673,"comment_status":"closed","ping_status":"closed","sticky":false,"template":"","format":"standard","meta":{"_acf_changed":false,"footnotes":"","_links_to":"","_links_to_target":""},"categories":[618],"tags":[],"class_list":["post-25213","post","type-post","status-publish","format-standard","has-post-thumbnail","hentry","category-la-milagrosa-venezuela-pt-pt"],"acf":[],"yoast_head":"<!-- This site is optimized with the Yoast SEO plugin v27.5 - https:\/\/yoast.com\/product\/yoast-seo-wordpress\/ -->\n<title>PROJECTO DE PREVEN\u00c7AO: \u201cSou um Defensor\u201d - Filles de la Charit\u00e9<\/title>\n<meta name=\"robots\" content=\"index, follow, max-snippet:-1, max-image-preview:large, max-video-preview:-1\" \/>\n<link rel=\"canonical\" href=\"https:\/\/filles-de-la-charite.org\/pt-pt\/projecto-de-prevencao-sou-um-defensor-2\/\" \/>\n<meta property=\"og:locale\" content=\"pt_PT\" \/>\n<meta property=\"og:type\" content=\"article\" \/>\n<meta property=\"og:title\" content=\"PROJECTO DE PREVEN\u00c7AO: \u201cSou um Defensor\u201d - Filles de la Charit\u00e9\" \/>\n<meta property=\"og:description\" content=\"As Filhas da Caridade, da Prov\u00edncia de Bogot\u00e1 engajadas na Defesa da vida. Faz dez anos que se criou na Prov\u00edncia, um novo servi\u00e7o pastoral que busca fazer frente as m\u00faltiplas formas de viol\u00eancias que se exercem sobre as crian\u00e7as, meninos e adolescentes, especialmente o tr\u00e1fico de pessoas, com a cria\u00e7\u00e3o da rede &#8220;Defensores de [&hellip;]\" \/>\n<meta property=\"og:url\" content=\"https:\/\/filles-de-la-charite.org\/pt-pt\/projecto-de-prevencao-sou-um-defensor-2\/\" \/>\n<meta property=\"og:site_name\" content=\"Filles de la Charit\u00e9\" \/>\n<meta property=\"article:published_time\" content=\"2021-03-31T20:00:00+00:00\" \/>\n<meta property=\"article:modified_time\" content=\"2024-03-17T16:57:32+00:00\" \/>\n<meta property=\"og:image\" content=\"https:\/\/filles-de-la-charite.org\/wp-content\/uploads\/2023\/06\/6-scaled-1.jpg\" \/>\n\t<meta property=\"og:image:width\" content=\"2560\" \/>\n\t<meta property=\"og:image:height\" content=\"1707\" \/>\n\t<meta property=\"og:image:type\" content=\"image\/jpeg\" \/>\n<meta name=\"author\" content=\"admin\" \/>\n<meta name=\"twitter:card\" content=\"summary_large_image\" \/>\n<meta name=\"twitter:label1\" content=\"Escrito por\" \/>\n\t<meta name=\"twitter:data1\" content=\"admin\" \/>\n\t<meta name=\"twitter:label2\" content=\"Tempo estimado de leitura\" \/>\n\t<meta name=\"twitter:data2\" content=\"3 minutos\" \/>\n<script type=\"application\/ld+json\" class=\"yoast-schema-graph\">{\"@context\":\"https:\\\/\\\/schema.org\",\"@graph\":[{\"@type\":\"Article\",\"@id\":\"https:\\\/\\\/filles-de-la-charite.org\\\/pt-pt\\\/projecto-de-prevencao-sou-um-defensor-2\\\/#article\",\"isPartOf\":{\"@id\":\"https:\\\/\\\/filles-de-la-charite.org\\\/pt-pt\\\/projecto-de-prevencao-sou-um-defensor-2\\\/\"},\"author\":{\"name\":\"admin\",\"@id\":\"https:\\\/\\\/filles-de-la-charite.org\\\/pt-pt\\\/#\\\/schema\\\/person\\\/427567b2eccfc2dd7d206da186a1f438\"},\"headline\":\"PROJECTO DE PREVEN\u00c7AO: \u201cSou um Defensor\u201d\",\"datePublished\":\"2021-03-31T20:00:00+00:00\",\"dateModified\":\"2024-03-17T16:57:32+00:00\",\"mainEntityOfPage\":{\"@id\":\"https:\\\/\\\/filles-de-la-charite.org\\\/pt-pt\\\/projecto-de-prevencao-sou-um-defensor-2\\\/\"},\"wordCount\":269,\"publisher\":{\"@id\":\"https:\\\/\\\/filles-de-la-charite.org\\\/pt-pt\\\/#organization\"},\"image\":{\"@id\":\"https:\\\/\\\/filles-de-la-charite.org\\\/pt-pt\\\/projecto-de-prevencao-sou-um-defensor-2\\\/#primaryimage\"},\"thumbnailUrl\":\"https:\\\/\\\/filles-de-la-charite.org\\\/wp-content\\\/uploads\\\/2023\\\/06\\\/6-scaled-1.jpg\",\"articleSection\":[\"La Milagrosa - Venezuela\"],\"inLanguage\":\"pt-PT\"},{\"@type\":\"WebPage\",\"@id\":\"https:\\\/\\\/filles-de-la-charite.org\\\/pt-pt\\\/projecto-de-prevencao-sou-um-defensor-2\\\/\",\"url\":\"https:\\\/\\\/filles-de-la-charite.org\\\/pt-pt\\\/projecto-de-prevencao-sou-um-defensor-2\\\/\",\"name\":\"PROJECTO DE PREVEN\u00c7AO: \u201cSou um Defensor\u201d - Filles de la Charit\u00e9\",\"isPartOf\":{\"@id\":\"https:\\\/\\\/filles-de-la-charite.org\\\/pt-pt\\\/#website\"},\"primaryImageOfPage\":{\"@id\":\"https:\\\/\\\/filles-de-la-charite.org\\\/pt-pt\\\/projecto-de-prevencao-sou-um-defensor-2\\\/#primaryimage\"},\"image\":{\"@id\":\"https:\\\/\\\/filles-de-la-charite.org\\\/pt-pt\\\/projecto-de-prevencao-sou-um-defensor-2\\\/#primaryimage\"},\"thumbnailUrl\":\"https:\\\/\\\/filles-de-la-charite.org\\\/wp-content\\\/uploads\\\/2023\\\/06\\\/6-scaled-1.jpg\",\"datePublished\":\"2021-03-31T20:00:00+00:00\",\"dateModified\":\"2024-03-17T16:57:32+00:00\",\"breadcrumb\":{\"@id\":\"https:\\\/\\\/filles-de-la-charite.org\\\/pt-pt\\\/projecto-de-prevencao-sou-um-defensor-2\\\/#breadcrumb\"},\"inLanguage\":\"pt-PT\",\"potentialAction\":[{\"@type\":\"ReadAction\",\"target\":[\"https:\\\/\\\/filles-de-la-charite.org\\\/pt-pt\\\/projecto-de-prevencao-sou-um-defensor-2\\\/\"]}]},{\"@type\":\"ImageObject\",\"inLanguage\":\"pt-PT\",\"@id\":\"https:\\\/\\\/filles-de-la-charite.org\\\/pt-pt\\\/projecto-de-prevencao-sou-um-defensor-2\\\/#primaryimage\",\"url\":\"https:\\\/\\\/filles-de-la-charite.org\\\/wp-content\\\/uploads\\\/2023\\\/06\\\/6-scaled-1.jpg\",\"contentUrl\":\"https:\\\/\\\/filles-de-la-charite.org\\\/wp-content\\\/uploads\\\/2023\\\/06\\\/6-scaled-1.jpg\",\"width\":2560,\"height\":1707},{\"@type\":\"BreadcrumbList\",\"@id\":\"https:\\\/\\\/filles-de-la-charite.org\\\/pt-pt\\\/projecto-de-prevencao-sou-um-defensor-2\\\/#breadcrumb\",\"itemListElement\":[{\"@type\":\"ListItem\",\"position\":1,\"name\":\"Eslov\u00e9nia\",\"item\":\"https:\\\/\\\/filles-de-la-charite.org\\\/pt-pt\\\/category\\\/eslovenia-pt-pt\\\/\"},{\"@type\":\"ListItem\",\"position\":2,\"name\":\"PROJECTO DE PREVEN\u00c7AO: \u201cSou um Defensor\u201d\"}]},{\"@type\":\"WebSite\",\"@id\":\"https:\\\/\\\/filles-de-la-charite.org\\\/pt-pt\\\/#website\",\"url\":\"https:\\\/\\\/filles-de-la-charite.org\\\/pt-pt\\\/\",\"name\":\"Hijas de la Caridad\",\"description\":\"L\u2019amour de J\u00e9sus nous presse \u00e0 prendre soin des personnes les plus d\u00e9munies\",\"publisher\":{\"@id\":\"https:\\\/\\\/filles-de-la-charite.org\\\/pt-pt\\\/#organization\"},\"potentialAction\":[{\"@type\":\"SearchAction\",\"target\":{\"@type\":\"EntryPoint\",\"urlTemplate\":\"https:\\\/\\\/filles-de-la-charite.org\\\/pt-pt\\\/?s={search_term_string}\"},\"query-input\":{\"@type\":\"PropertyValueSpecification\",\"valueRequired\":true,\"valueName\":\"search_term_string\"}}],\"inLanguage\":\"pt-PT\"},{\"@type\":\"Organization\",\"@id\":\"https:\\\/\\\/filles-de-la-charite.org\\\/pt-pt\\\/#organization\",\"name\":\"Hijas de la Caridad\",\"url\":\"https:\\\/\\\/filles-de-la-charite.org\\\/pt-pt\\\/\",\"logo\":{\"@type\":\"ImageObject\",\"inLanguage\":\"pt-PT\",\"@id\":\"https:\\\/\\\/filles-de-la-charite.org\\\/pt-pt\\\/#\\\/schema\\\/logo\\\/image\\\/\",\"url\":\"https:\\\/\\\/filles-de-la-charite.org\\\/wp-content\\\/uploads\\\/2023\\\/03\\\/isotipo-Hijas-de-la-Caridad.png\",\"contentUrl\":\"https:\\\/\\\/filles-de-la-charite.org\\\/wp-content\\\/uploads\\\/2023\\\/03\\\/isotipo-Hijas-de-la-Caridad.png\",\"width\":1417,\"height\":1417,\"caption\":\"Hijas de la Caridad\"},\"image\":{\"@id\":\"https:\\\/\\\/filles-de-la-charite.org\\\/pt-pt\\\/#\\\/schema\\\/logo\\\/image\\\/\"}},{\"@type\":\"Person\",\"@id\":\"https:\\\/\\\/filles-de-la-charite.org\\\/pt-pt\\\/#\\\/schema\\\/person\\\/427567b2eccfc2dd7d206da186a1f438\",\"name\":\"admin\",\"image\":{\"@type\":\"ImageObject\",\"inLanguage\":\"pt-PT\",\"@id\":\"https:\\\/\\\/secure.gravatar.com\\\/avatar\\\/948b492cce32b586ac2db0eaa926ee87024f7afe218d73b397ea5ddfc5f43ea1?s=96&d=mm&r=g\",\"url\":\"https:\\\/\\\/secure.gravatar.com\\\/avatar\\\/948b492cce32b586ac2db0eaa926ee87024f7afe218d73b397ea5ddfc5f43ea1?s=96&d=mm&r=g\",\"contentUrl\":\"https:\\\/\\\/secure.gravatar.com\\\/avatar\\\/948b492cce32b586ac2db0eaa926ee87024f7afe218d73b397ea5ddfc5f43ea1?s=96&d=mm&r=g\",\"caption\":\"admin\"},\"sameAs\":[\"https:\\\/\\\/filles-de-la-charite.org\"],\"url\":\"https:\\\/\\\/filles-de-la-charite.org\\\/pt-pt\\\/author\\\/caridad\\\/\"}]}<\/script>\n<!-- \/ Yoast SEO plugin. -->","yoast_head_json":{"title":"PROJECTO DE PREVEN\u00c7AO: \u201cSou um Defensor\u201d - Filles de la Charit\u00e9","robots":{"index":"index","follow":"follow","max-snippet":"max-snippet:-1","max-image-preview":"max-image-preview:large","max-video-preview":"max-video-preview:-1"},"canonical":"https:\/\/filles-de-la-charite.org\/pt-pt\/projecto-de-prevencao-sou-um-defensor-2\/","og_locale":"pt_PT","og_type":"article","og_title":"PROJECTO DE PREVEN\u00c7AO: \u201cSou um Defensor\u201d - Filles de la Charit\u00e9","og_description":"As Filhas da Caridade, da Prov\u00edncia de Bogot\u00e1 engajadas na Defesa da vida. Faz dez anos que se criou na Prov\u00edncia, um novo servi\u00e7o pastoral que busca fazer frente as m\u00faltiplas formas de viol\u00eancias que se exercem sobre as crian\u00e7as, meninos e adolescentes, especialmente o tr\u00e1fico de pessoas, com a cria\u00e7\u00e3o da rede &#8220;Defensores de [&hellip;]","og_url":"https:\/\/filles-de-la-charite.org\/pt-pt\/projecto-de-prevencao-sou-um-defensor-2\/","og_site_name":"Filles de la Charit\u00e9","article_published_time":"2021-03-31T20:00:00+00:00","article_modified_time":"2024-03-17T16:57:32+00:00","og_image":[{"width":2560,"height":1707,"url":"https:\/\/filles-de-la-charite.org\/wp-content\/uploads\/2023\/06\/6-scaled-1.jpg","type":"image\/jpeg"}],"author":"admin","twitter_card":"summary_large_image","twitter_misc":{"Escrito por":"admin","Tempo estimado de leitura":"3 minutos"},"schema":{"@context":"https:\/\/schema.org","@graph":[{"@type":"Article","@id":"https:\/\/filles-de-la-charite.org\/pt-pt\/projecto-de-prevencao-sou-um-defensor-2\/#article","isPartOf":{"@id":"https:\/\/filles-de-la-charite.org\/pt-pt\/projecto-de-prevencao-sou-um-defensor-2\/"},"author":{"name":"admin","@id":"https:\/\/filles-de-la-charite.org\/pt-pt\/#\/schema\/person\/427567b2eccfc2dd7d206da186a1f438"},"headline":"PROJECTO DE PREVEN\u00c7AO: \u201cSou um Defensor\u201d","datePublished":"2021-03-31T20:00:00+00:00","dateModified":"2024-03-17T16:57:32+00:00","mainEntityOfPage":{"@id":"https:\/\/filles-de-la-charite.org\/pt-pt\/projecto-de-prevencao-sou-um-defensor-2\/"},"wordCount":269,"publisher":{"@id":"https:\/\/filles-de-la-charite.org\/pt-pt\/#organization"},"image":{"@id":"https:\/\/filles-de-la-charite.org\/pt-pt\/projecto-de-prevencao-sou-um-defensor-2\/#primaryimage"},"thumbnailUrl":"https:\/\/filles-de-la-charite.org\/wp-content\/uploads\/2023\/06\/6-scaled-1.jpg","articleSection":["La Milagrosa - Venezuela"],"inLanguage":"pt-PT"},{"@type":"WebPage","@id":"https:\/\/filles-de-la-charite.org\/pt-pt\/projecto-de-prevencao-sou-um-defensor-2\/","url":"https:\/\/filles-de-la-charite.org\/pt-pt\/projecto-de-prevencao-sou-um-defensor-2\/","name":"PROJECTO DE PREVEN\u00c7AO: \u201cSou um Defensor\u201d - Filles de la Charit\u00e9","isPartOf":{"@id":"https:\/\/filles-de-la-charite.org\/pt-pt\/#website"},"primaryImageOfPage":{"@id":"https:\/\/filles-de-la-charite.org\/pt-pt\/projecto-de-prevencao-sou-um-defensor-2\/#primaryimage"},"image":{"@id":"https:\/\/filles-de-la-charite.org\/pt-pt\/projecto-de-prevencao-sou-um-defensor-2\/#primaryimage"},"thumbnailUrl":"https:\/\/filles-de-la-charite.org\/wp-content\/uploads\/2023\/06\/6-scaled-1.jpg","datePublished":"2021-03-31T20:00:00+00:00","dateModified":"2024-03-17T16:57:32+00:00","breadcrumb":{"@id":"https:\/\/filles-de-la-charite.org\/pt-pt\/projecto-de-prevencao-sou-um-defensor-2\/#breadcrumb"},"inLanguage":"pt-PT","potentialAction":[{"@type":"ReadAction","target":["https:\/\/filles-de-la-charite.org\/pt-pt\/projecto-de-prevencao-sou-um-defensor-2\/"]}]},{"@type":"ImageObject","inLanguage":"pt-PT","@id":"https:\/\/filles-de-la-charite.org\/pt-pt\/projecto-de-prevencao-sou-um-defensor-2\/#primaryimage","url":"https:\/\/filles-de-la-charite.org\/wp-content\/uploads\/2023\/06\/6-scaled-1.jpg","contentUrl":"https:\/\/filles-de-la-charite.org\/wp-content\/uploads\/2023\/06\/6-scaled-1.jpg","width":2560,"height":1707},{"@type":"BreadcrumbList","@id":"https:\/\/filles-de-la-charite.org\/pt-pt\/projecto-de-prevencao-sou-um-defensor-2\/#breadcrumb","itemListElement":[{"@type":"ListItem","position":1,"name":"Eslov\u00e9nia","item":"https:\/\/filles-de-la-charite.org\/pt-pt\/category\/eslovenia-pt-pt\/"},{"@type":"ListItem","position":2,"name":"PROJECTO DE PREVEN\u00c7AO: \u201cSou um Defensor\u201d"}]},{"@type":"WebSite","@id":"https:\/\/filles-de-la-charite.org\/pt-pt\/#website","url":"https:\/\/filles-de-la-charite.org\/pt-pt\/","name":"Hijas de la Caridad","description":"L\u2019amour de J\u00e9sus nous presse \u00e0 prendre soin des personnes les plus d\u00e9munies","publisher":{"@id":"https:\/\/filles-de-la-charite.org\/pt-pt\/#organization"},"potentialAction":[{"@type":"SearchAction","target":{"@type":"EntryPoint","urlTemplate":"https:\/\/filles-de-la-charite.org\/pt-pt\/?s={search_term_string}"},"query-input":{"@type":"PropertyValueSpecification","valueRequired":true,"valueName":"search_term_string"}}],"inLanguage":"pt-PT"},{"@type":"Organization","@id":"https:\/\/filles-de-la-charite.org\/pt-pt\/#organization","name":"Hijas de la Caridad","url":"https:\/\/filles-de-la-charite.org\/pt-pt\/","logo":{"@type":"ImageObject","inLanguage":"pt-PT","@id":"https:\/\/filles-de-la-charite.org\/pt-pt\/#\/schema\/logo\/image\/","url":"https:\/\/filles-de-la-charite.org\/wp-content\/uploads\/2023\/03\/isotipo-Hijas-de-la-Caridad.png","contentUrl":"https:\/\/filles-de-la-charite.org\/wp-content\/uploads\/2023\/03\/isotipo-Hijas-de-la-Caridad.png","width":1417,"height":1417,"caption":"Hijas de la Caridad"},"image":{"@id":"https:\/\/filles-de-la-charite.org\/pt-pt\/#\/schema\/logo\/image\/"}},{"@type":"Person","@id":"https:\/\/filles-de-la-charite.org\/pt-pt\/#\/schema\/person\/427567b2eccfc2dd7d206da186a1f438","name":"admin","image":{"@type":"ImageObject","inLanguage":"pt-PT","@id":"https:\/\/secure.gravatar.com\/avatar\/948b492cce32b586ac2db0eaa926ee87024f7afe218d73b397ea5ddfc5f43ea1?s=96&d=mm&r=g","url":"https:\/\/secure.gravatar.com\/avatar\/948b492cce32b586ac2db0eaa926ee87024f7afe218d73b397ea5ddfc5f43ea1?s=96&d=mm&r=g","contentUrl":"https:\/\/secure.gravatar.com\/avatar\/948b492cce32b586ac2db0eaa926ee87024f7afe218d73b397ea5ddfc5f43ea1?s=96&d=mm&r=g","caption":"admin"},"sameAs":["https:\/\/filles-de-la-charite.org"],"url":"https:\/\/filles-de-la-charite.org\/pt-pt\/author\/caridad\/"}]}},"_links":{"self":[{"href":"https:\/\/filles-de-la-charite.org\/pt-pt\/wp-json\/wp\/v2\/posts\/25213","targetHints":{"allow":["GET"]}}],"collection":[{"href":"https:\/\/filles-de-la-charite.org\/pt-pt\/wp-json\/wp\/v2\/posts"}],"about":[{"href":"https:\/\/filles-de-la-charite.org\/pt-pt\/wp-json\/wp\/v2\/types\/post"}],"author":[{"embeddable":true,"href":"https:\/\/filles-de-la-charite.org\/pt-pt\/wp-json\/wp\/v2\/users\/1"}],"replies":[{"embeddable":true,"href":"https:\/\/filles-de-la-charite.org\/pt-pt\/wp-json\/wp\/v2\/comments?post=25213"}],"version-history":[{"count":1,"href":"https:\/\/filles-de-la-charite.org\/pt-pt\/wp-json\/wp\/v2\/posts\/25213\/revisions"}],"predecessor-version":[{"id":25214,"href":"https:\/\/filles-de-la-charite.org\/pt-pt\/wp-json\/wp\/v2\/posts\/25213\/revisions\/25214"}],"wp:featuredmedia":[{"embeddable":true,"href":"https:\/\/filles-de-la-charite.org\/pt-pt\/wp-json\/wp\/v2\/media\/15673"}],"wp:attachment":[{"href":"https:\/\/filles-de-la-charite.org\/pt-pt\/wp-json\/wp\/v2\/media?parent=25213"}],"wp:term":[{"taxonomy":"category","embeddable":true,"href":"https:\/\/filles-de-la-charite.org\/pt-pt\/wp-json\/wp\/v2\/categories?post=25213"},{"taxonomy":"post_tag","embeddable":true,"href":"https:\/\/filles-de-la-charite.org\/pt-pt\/wp-json\/wp\/v2\/tags?post=25213"}],"curies":[{"name":"wp","href":"https:\/\/api.w.org\/{rel}","templated":true}]}}