{"id":25217,"date":"2021-04-13T09:52:18","date_gmt":"2021-04-13T07:52:18","guid":{"rendered":"https:\/\/hijascaridad.sjdigitaldemo.ovh\/missao-de-serawai-gravada-no-meu-coracao-2\/"},"modified":"2024-03-17T17:57:03","modified_gmt":"2024-03-17T16:57:03","slug":"missao-de-serawai-gravada-no-meu-coracao-2","status":"publish","type":"post","link":"https:\/\/filles-de-la-charite.org\/pt-pt\/missao-de-serawai-gravada-no-meu-coracao-2\/","title":{"rendered":"Miss\u00e3o de Serawai \u2026 Gravada no meu Cora\u00e7\u00e3o!"},"content":{"rendered":"\n<div class=\"wp-block-image\"><figure class=\"aligncenter size-large\"><img decoding=\"async\" src=\"https:\/\/filles-de-la-charite.org\/wp-content\/uploads\/2023\/06\/Indonesia-2-1024x768-1.jpg\" alt=\"\" class=\"wp-image-62088\" \/><\/figure><\/div>\n\n\n\n<p>As Irm\u00e3s da Comunidade Yohanes Gabriel vivem numa casa modesta, situada numa pequena floresta, constru\u00edda numa colina ao longo das margens do rio Melawi em Serawai, Kalimantan Ocidental, na ilha de Born\u00e9u. A eletricidade \u00e9 fornecida apenas \u00e0 noite, das 18h \u00e0s 6h da manh\u00e3. Enquanto as Irm\u00e3s ajudam no trabalho de evangeliza\u00e7\u00e3o da Par\u00f3quia indo a aldeias num pequeno barco ao longo do rio ou a p\u00e9 passando pela floresta e subindo colinas, a sua principal miss\u00e3o \u00e9 servir 120 jovens de escola, de 12-16 anos de idade, que s\u00e3o enviadas pelos seus pais para a Escola Secund\u00e1ria dirigida pela Congrega\u00e7\u00e3o da Miss\u00e3o; a maioria s\u00e3o cat\u00f3licas, algumas pertencem a outras denomina\u00e7\u00f5es crist\u00e3s. Estas jovens sonham em ter uma educa\u00e7\u00e3o boa e superior&#8230; e serem capazes de ajudar as suas fam\u00edlias no futuro.\u00a0<\/p>\n\n\n\n<div class=\"wp-block-image\"><figure class=\"aligncenter size-large\"><img decoding=\"async\" src=\"https:\/\/filles-de-la-charite.org\/wp-content\/uploads\/2023\/06\/Indonesia-3-Kopia.jpg\" alt=\"\" class=\"wp-image-62089\" \/><\/figure><\/div>\n\n\n\n<p>Estas jovens mulheres podem ser consideradas pobres, tanto espiritualmente como materialmente. Falta-lhes conhecimento e os seus valores na vida n\u00e3o est\u00e3o bem enraizados. Viajar com elas \u00e9 dif\u00edcil devido \u00e0s diferen\u00e7as culturais &#8211; entre elas e com as Irm\u00e3s; os seus pais s\u00e3o frequentemente tamb\u00e9m fontes de conflito.\u00a0<\/p>\n\n\n\n<div class=\"wp-block-image\"><figure class=\"aligncenter size-large\"><img decoding=\"async\" src=\"https:\/\/filles-de-la-charite.org\/wp-content\/uploads\/2023\/06\/th-n6-1024x576-1.jpg\" alt=\"\" class=\"wp-image-62090\" \/><\/figure><\/div>\n\n\n\n<p>Felizmente, o ambiente \u00e9 saud\u00e1vel: ar fresco e limpo, \u00e1rvores que d\u00e3o sombra, cascatas, sossego e calma &#8211; natureza que n\u00e3o foi violada por empresas em nome do lucro e do neg\u00f3cio. A maioria da popula\u00e7\u00e3o \u00e9 de agricultores e mineiros de ouro e areia; alguns s\u00e3o professores. Cultivam manualmente a terra, trabalhando arduamente &#8220;com a for\u00e7a dos seus bra\u00e7os e o suor do seus rostos&#8221; para ganharem o seu sustento di\u00e1rio; o seu estilo de vida \u00e9 muito simples. Este ambiente ajuda as Irm\u00e3s a criar uma vida Comunit\u00e1ria equilibrada.<\/p>\n\n\n\n<div class=\"wp-block-image\"><figure class=\"aligncenter size-large\"><img decoding=\"async\" src=\"https:\/\/filles-de-la-charite.org\/wp-content\/uploads\/2023\/06\/Indonesia-5-1024x768-1.jpg\" alt=\"\" class=\"wp-image-62091\" \/><\/figure><\/div>\n\n\n\n<p>Mas h\u00e1 trabalho a ser feito! As jovens s\u00e3o muito influenciadas por aquilo que v\u00eaem e ouvem na sociedade. Assim, ensinamo-las compet\u00eancias b\u00e1sicas como cozinhar, plantar vegetais, limpar a casa, higiene pessoal, etc., tamb\u00e9m as treinamos no cuidado da nossa &#8220;Casa Comum&#8221; e, mais importante, partilhamos com elas os valores vicentinos. A nossa miss\u00e3o \u00e9 acompanh\u00e1-las para estarem melhor equipadas para o futuro, n\u00e3o s\u00f3 para uma vida vivida de uma forma saud\u00e1vel e sustent\u00e1vel, mas tamb\u00e9m para uma vida profundamente enraizada nos valores do Evangelho\/Vicentino.<\/p>\n\n\n\n<div class=\"wp-block-image\"><figure class=\"aligncenter size-large\"><img decoding=\"async\" src=\"https:\/\/filles-de-la-charite.org\/wp-content\/uploads\/2023\/06\/Indonesia-6-1024x576-1.jpg\" alt=\"\" class=\"wp-image-62092\" \/><\/figure><\/div>\n\n\n\n<p>Quanto a mim, gostaria de esculpir no meu cora\u00e7\u00e3o todas as coisas valiosas da minha miss\u00e3o. Em Cristo nada \u00e9 imposs\u00edvel! Com a Comunidade e na Comunidade, viverei fiel e alegremente o servi\u00e7o \u00e0queles que s\u00e3o pobres na minha miss\u00e3o em Serawai.<\/p>\n\n\n\n<p>Ir. Irene, FC<\/p>\n\n\n\n<div class=\"wp-block-image\"><figure class=\"aligncenter size-large\"><img decoding=\"async\" src=\"https:\/\/filles-de-la-charite.org\/wp-content\/uploads\/2023\/06\/Indonesia-7-1024x576-1.jpg\" alt=\"\" class=\"wp-image-62096\" \/><\/figure><\/div>\n","protected":false},"excerpt":{"rendered":"<p>As Irm\u00e3s da Comunidade Yohanes Gabriel vivem numa casa modesta, situada numa pequena floresta, constru\u00edda numa colina ao longo das margens do rio Melawi em Serawai, Kalimantan Ocidental, na ilha de Born\u00e9u. A eletricidade \u00e9 fornecida apenas \u00e0 noite, das 18h \u00e0s 6h da manh\u00e3. Enquanto as Irm\u00e3s ajudam no trabalho de evangeliza\u00e7\u00e3o da Par\u00f3quia [&hellip;]<\/p>\n","protected":false},"author":1,"featured_media":15743,"comment_status":"closed","ping_status":"closed","sticky":false,"template":"","format":"standard","meta":{"_acf_changed":false,"_et_pb_use_builder":"","_et_pb_old_content":"","_et_gb_content_width":"","footnotes":"","_links_to":"","_links_to_target":""},"categories":[607],"tags":[],"class_list":["post-25217","post","type-post","status-publish","format-standard","has-post-thumbnail","hentry","category-indonesia-pt-pt"],"acf":[],"yoast_head":"<!-- This site is optimized with the Yoast SEO plugin v27.5 - https:\/\/yoast.com\/product\/yoast-seo-wordpress\/ -->\n<title>Miss\u00e3o de Serawai \u2026 Gravada no meu Cora\u00e7\u00e3o! - Filles de la Charit\u00e9<\/title>\n<meta name=\"robots\" content=\"index, follow, max-snippet:-1, max-image-preview:large, max-video-preview:-1\" \/>\n<link rel=\"canonical\" href=\"https:\/\/filles-de-la-charite.org\/pt-pt\/missao-de-serawai-gravada-no-meu-coracao-2\/\" \/>\n<meta property=\"og:locale\" content=\"pt_PT\" \/>\n<meta property=\"og:type\" content=\"article\" \/>\n<meta property=\"og:title\" content=\"Miss\u00e3o de Serawai \u2026 Gravada no meu Cora\u00e7\u00e3o! - Filles de la Charit\u00e9\" \/>\n<meta property=\"og:description\" content=\"As Irm\u00e3s da Comunidade Yohanes Gabriel vivem numa casa modesta, situada numa pequena floresta, constru\u00edda numa colina ao longo das margens do rio Melawi em Serawai, Kalimantan Ocidental, na ilha de Born\u00e9u. A eletricidade \u00e9 fornecida apenas \u00e0 noite, das 18h \u00e0s 6h da manh\u00e3. Enquanto as Irm\u00e3s ajudam no trabalho de evangeliza\u00e7\u00e3o da Par\u00f3quia [&hellip;]\" \/>\n<meta property=\"og:url\" content=\"https:\/\/filles-de-la-charite.org\/pt-pt\/missao-de-serawai-gravada-no-meu-coracao-2\/\" \/>\n<meta property=\"og:site_name\" content=\"Filles de la Charit\u00e9\" \/>\n<meta property=\"article:published_time\" content=\"2021-04-13T07:52:18+00:00\" \/>\n<meta property=\"article:modified_time\" content=\"2024-03-17T16:57:03+00:00\" \/>\n<meta property=\"og:image\" content=\"https:\/\/filles-de-la-charite.org\/wp-content\/uploads\/2023\/06\/Indonesia-1.jpg\" \/>\n\t<meta property=\"og:image:width\" content=\"1280\" \/>\n\t<meta property=\"og:image:height\" content=\"960\" \/>\n\t<meta property=\"og:image:type\" content=\"image\/jpeg\" \/>\n<meta name=\"author\" content=\"admin\" \/>\n<meta name=\"twitter:card\" content=\"summary_large_image\" \/>\n<meta name=\"twitter:label1\" content=\"Escrito por\" \/>\n\t<meta name=\"twitter:data1\" content=\"admin\" \/>\n\t<meta name=\"twitter:label2\" content=\"Tempo estimado de leitura\" \/>\n\t<meta name=\"twitter:data2\" content=\"3 minutos\" \/>\n<script type=\"application\/ld+json\" class=\"yoast-schema-graph\">{\"@context\":\"https:\\\/\\\/schema.org\",\"@graph\":[{\"@type\":\"Article\",\"@id\":\"https:\\\/\\\/filles-de-la-charite.org\\\/pt-pt\\\/missao-de-serawai-gravada-no-meu-coracao-2\\\/#article\",\"isPartOf\":{\"@id\":\"https:\\\/\\\/filles-de-la-charite.org\\\/pt-pt\\\/missao-de-serawai-gravada-no-meu-coracao-2\\\/\"},\"author\":{\"name\":\"admin\",\"@id\":\"https:\\\/\\\/filles-de-la-charite.org\\\/pt-pt\\\/#\\\/schema\\\/person\\\/427567b2eccfc2dd7d206da186a1f438\"},\"headline\":\"Miss\u00e3o de Serawai \u2026 Gravada no meu Cora\u00e7\u00e3o!\",\"datePublished\":\"2021-04-13T07:52:18+00:00\",\"dateModified\":\"2024-03-17T16:57:03+00:00\",\"mainEntityOfPage\":{\"@id\":\"https:\\\/\\\/filles-de-la-charite.org\\\/pt-pt\\\/missao-de-serawai-gravada-no-meu-coracao-2\\\/\"},\"wordCount\":456,\"publisher\":{\"@id\":\"https:\\\/\\\/filles-de-la-charite.org\\\/pt-pt\\\/#organization\"},\"image\":{\"@id\":\"https:\\\/\\\/filles-de-la-charite.org\\\/pt-pt\\\/missao-de-serawai-gravada-no-meu-coracao-2\\\/#primaryimage\"},\"thumbnailUrl\":\"https:\\\/\\\/filles-de-la-charite.org\\\/wp-content\\\/uploads\\\/2023\\\/06\\\/Indonesia-1.jpg\",\"articleSection\":[\"Indonesia\"],\"inLanguage\":\"pt-PT\"},{\"@type\":\"WebPage\",\"@id\":\"https:\\\/\\\/filles-de-la-charite.org\\\/pt-pt\\\/missao-de-serawai-gravada-no-meu-coracao-2\\\/\",\"url\":\"https:\\\/\\\/filles-de-la-charite.org\\\/pt-pt\\\/missao-de-serawai-gravada-no-meu-coracao-2\\\/\",\"name\":\"Miss\u00e3o de Serawai \u2026 Gravada no meu Cora\u00e7\u00e3o! - Filles de la Charit\u00e9\",\"isPartOf\":{\"@id\":\"https:\\\/\\\/filles-de-la-charite.org\\\/pt-pt\\\/#website\"},\"primaryImageOfPage\":{\"@id\":\"https:\\\/\\\/filles-de-la-charite.org\\\/pt-pt\\\/missao-de-serawai-gravada-no-meu-coracao-2\\\/#primaryimage\"},\"image\":{\"@id\":\"https:\\\/\\\/filles-de-la-charite.org\\\/pt-pt\\\/missao-de-serawai-gravada-no-meu-coracao-2\\\/#primaryimage\"},\"thumbnailUrl\":\"https:\\\/\\\/filles-de-la-charite.org\\\/wp-content\\\/uploads\\\/2023\\\/06\\\/Indonesia-1.jpg\",\"datePublished\":\"2021-04-13T07:52:18+00:00\",\"dateModified\":\"2024-03-17T16:57:03+00:00\",\"breadcrumb\":{\"@id\":\"https:\\\/\\\/filles-de-la-charite.org\\\/pt-pt\\\/missao-de-serawai-gravada-no-meu-coracao-2\\\/#breadcrumb\"},\"inLanguage\":\"pt-PT\",\"potentialAction\":[{\"@type\":\"ReadAction\",\"target\":[\"https:\\\/\\\/filles-de-la-charite.org\\\/pt-pt\\\/missao-de-serawai-gravada-no-meu-coracao-2\\\/\"]}]},{\"@type\":\"ImageObject\",\"inLanguage\":\"pt-PT\",\"@id\":\"https:\\\/\\\/filles-de-la-charite.org\\\/pt-pt\\\/missao-de-serawai-gravada-no-meu-coracao-2\\\/#primaryimage\",\"url\":\"https:\\\/\\\/filles-de-la-charite.org\\\/wp-content\\\/uploads\\\/2023\\\/06\\\/Indonesia-1.jpg\",\"contentUrl\":\"https:\\\/\\\/filles-de-la-charite.org\\\/wp-content\\\/uploads\\\/2023\\\/06\\\/Indonesia-1.jpg\",\"width\":1280,\"height\":960},{\"@type\":\"BreadcrumbList\",\"@id\":\"https:\\\/\\\/filles-de-la-charite.org\\\/pt-pt\\\/missao-de-serawai-gravada-no-meu-coracao-2\\\/#breadcrumb\",\"itemListElement\":[{\"@type\":\"ListItem\",\"position\":1,\"name\":\"Indonesia\",\"item\":\"https:\\\/\\\/filles-de-la-charite.org\\\/pt-pt\\\/category\\\/indonesia-pt-pt\\\/\"},{\"@type\":\"ListItem\",\"position\":2,\"name\":\"Miss\u00e3o de Serawai \u2026 Gravada no meu Cora\u00e7\u00e3o!\"}]},{\"@type\":\"WebSite\",\"@id\":\"https:\\\/\\\/filles-de-la-charite.org\\\/pt-pt\\\/#website\",\"url\":\"https:\\\/\\\/filles-de-la-charite.org\\\/pt-pt\\\/\",\"name\":\"Hijas de la Caridad\",\"description\":\"L\u2019amour de J\u00e9sus nous presse \u00e0 prendre soin des personnes les plus d\u00e9munies\",\"publisher\":{\"@id\":\"https:\\\/\\\/filles-de-la-charite.org\\\/pt-pt\\\/#organization\"},\"potentialAction\":[{\"@type\":\"SearchAction\",\"target\":{\"@type\":\"EntryPoint\",\"urlTemplate\":\"https:\\\/\\\/filles-de-la-charite.org\\\/pt-pt\\\/?s={search_term_string}\"},\"query-input\":{\"@type\":\"PropertyValueSpecification\",\"valueRequired\":true,\"valueName\":\"search_term_string\"}}],\"inLanguage\":\"pt-PT\"},{\"@type\":\"Organization\",\"@id\":\"https:\\\/\\\/filles-de-la-charite.org\\\/pt-pt\\\/#organization\",\"name\":\"Hijas de la Caridad\",\"url\":\"https:\\\/\\\/filles-de-la-charite.org\\\/pt-pt\\\/\",\"logo\":{\"@type\":\"ImageObject\",\"inLanguage\":\"pt-PT\",\"@id\":\"https:\\\/\\\/filles-de-la-charite.org\\\/pt-pt\\\/#\\\/schema\\\/logo\\\/image\\\/\",\"url\":\"https:\\\/\\\/filles-de-la-charite.org\\\/wp-content\\\/uploads\\\/2023\\\/03\\\/isotipo-Hijas-de-la-Caridad.png\",\"contentUrl\":\"https:\\\/\\\/filles-de-la-charite.org\\\/wp-content\\\/uploads\\\/2023\\\/03\\\/isotipo-Hijas-de-la-Caridad.png\",\"width\":1417,\"height\":1417,\"caption\":\"Hijas de la Caridad\"},\"image\":{\"@id\":\"https:\\\/\\\/filles-de-la-charite.org\\\/pt-pt\\\/#\\\/schema\\\/logo\\\/image\\\/\"}},{\"@type\":\"Person\",\"@id\":\"https:\\\/\\\/filles-de-la-charite.org\\\/pt-pt\\\/#\\\/schema\\\/person\\\/427567b2eccfc2dd7d206da186a1f438\",\"name\":\"admin\",\"image\":{\"@type\":\"ImageObject\",\"inLanguage\":\"pt-PT\",\"@id\":\"https:\\\/\\\/secure.gravatar.com\\\/avatar\\\/948b492cce32b586ac2db0eaa926ee87024f7afe218d73b397ea5ddfc5f43ea1?s=96&d=mm&r=g\",\"url\":\"https:\\\/\\\/secure.gravatar.com\\\/avatar\\\/948b492cce32b586ac2db0eaa926ee87024f7afe218d73b397ea5ddfc5f43ea1?s=96&d=mm&r=g\",\"contentUrl\":\"https:\\\/\\\/secure.gravatar.com\\\/avatar\\\/948b492cce32b586ac2db0eaa926ee87024f7afe218d73b397ea5ddfc5f43ea1?s=96&d=mm&r=g\",\"caption\":\"admin\"},\"sameAs\":[\"https:\\\/\\\/filles-de-la-charite.org\"],\"url\":\"https:\\\/\\\/filles-de-la-charite.org\\\/pt-pt\\\/author\\\/caridad\\\/\"}]}<\/script>\n<!-- \/ Yoast SEO plugin. -->","yoast_head_json":{"title":"Miss\u00e3o de Serawai \u2026 Gravada no meu Cora\u00e7\u00e3o! - Filles de la Charit\u00e9","robots":{"index":"index","follow":"follow","max-snippet":"max-snippet:-1","max-image-preview":"max-image-preview:large","max-video-preview":"max-video-preview:-1"},"canonical":"https:\/\/filles-de-la-charite.org\/pt-pt\/missao-de-serawai-gravada-no-meu-coracao-2\/","og_locale":"pt_PT","og_type":"article","og_title":"Miss\u00e3o de Serawai \u2026 Gravada no meu Cora\u00e7\u00e3o! - Filles de la Charit\u00e9","og_description":"As Irm\u00e3s da Comunidade Yohanes Gabriel vivem numa casa modesta, situada numa pequena floresta, constru\u00edda numa colina ao longo das margens do rio Melawi em Serawai, Kalimantan Ocidental, na ilha de Born\u00e9u. A eletricidade \u00e9 fornecida apenas \u00e0 noite, das 18h \u00e0s 6h da manh\u00e3. Enquanto as Irm\u00e3s ajudam no trabalho de evangeliza\u00e7\u00e3o da Par\u00f3quia [&hellip;]","og_url":"https:\/\/filles-de-la-charite.org\/pt-pt\/missao-de-serawai-gravada-no-meu-coracao-2\/","og_site_name":"Filles de la Charit\u00e9","article_published_time":"2021-04-13T07:52:18+00:00","article_modified_time":"2024-03-17T16:57:03+00:00","og_image":[{"width":1280,"height":960,"url":"https:\/\/filles-de-la-charite.org\/wp-content\/uploads\/2023\/06\/Indonesia-1.jpg","type":"image\/jpeg"}],"author":"admin","twitter_card":"summary_large_image","twitter_misc":{"Escrito por":"admin","Tempo estimado de leitura":"3 minutos"},"schema":{"@context":"https:\/\/schema.org","@graph":[{"@type":"Article","@id":"https:\/\/filles-de-la-charite.org\/pt-pt\/missao-de-serawai-gravada-no-meu-coracao-2\/#article","isPartOf":{"@id":"https:\/\/filles-de-la-charite.org\/pt-pt\/missao-de-serawai-gravada-no-meu-coracao-2\/"},"author":{"name":"admin","@id":"https:\/\/filles-de-la-charite.org\/pt-pt\/#\/schema\/person\/427567b2eccfc2dd7d206da186a1f438"},"headline":"Miss\u00e3o de Serawai \u2026 Gravada no meu Cora\u00e7\u00e3o!","datePublished":"2021-04-13T07:52:18+00:00","dateModified":"2024-03-17T16:57:03+00:00","mainEntityOfPage":{"@id":"https:\/\/filles-de-la-charite.org\/pt-pt\/missao-de-serawai-gravada-no-meu-coracao-2\/"},"wordCount":456,"publisher":{"@id":"https:\/\/filles-de-la-charite.org\/pt-pt\/#organization"},"image":{"@id":"https:\/\/filles-de-la-charite.org\/pt-pt\/missao-de-serawai-gravada-no-meu-coracao-2\/#primaryimage"},"thumbnailUrl":"https:\/\/filles-de-la-charite.org\/wp-content\/uploads\/2023\/06\/Indonesia-1.jpg","articleSection":["Indonesia"],"inLanguage":"pt-PT"},{"@type":"WebPage","@id":"https:\/\/filles-de-la-charite.org\/pt-pt\/missao-de-serawai-gravada-no-meu-coracao-2\/","url":"https:\/\/filles-de-la-charite.org\/pt-pt\/missao-de-serawai-gravada-no-meu-coracao-2\/","name":"Miss\u00e3o de Serawai \u2026 Gravada no meu Cora\u00e7\u00e3o! - Filles de la Charit\u00e9","isPartOf":{"@id":"https:\/\/filles-de-la-charite.org\/pt-pt\/#website"},"primaryImageOfPage":{"@id":"https:\/\/filles-de-la-charite.org\/pt-pt\/missao-de-serawai-gravada-no-meu-coracao-2\/#primaryimage"},"image":{"@id":"https:\/\/filles-de-la-charite.org\/pt-pt\/missao-de-serawai-gravada-no-meu-coracao-2\/#primaryimage"},"thumbnailUrl":"https:\/\/filles-de-la-charite.org\/wp-content\/uploads\/2023\/06\/Indonesia-1.jpg","datePublished":"2021-04-13T07:52:18+00:00","dateModified":"2024-03-17T16:57:03+00:00","breadcrumb":{"@id":"https:\/\/filles-de-la-charite.org\/pt-pt\/missao-de-serawai-gravada-no-meu-coracao-2\/#breadcrumb"},"inLanguage":"pt-PT","potentialAction":[{"@type":"ReadAction","target":["https:\/\/filles-de-la-charite.org\/pt-pt\/missao-de-serawai-gravada-no-meu-coracao-2\/"]}]},{"@type":"ImageObject","inLanguage":"pt-PT","@id":"https:\/\/filles-de-la-charite.org\/pt-pt\/missao-de-serawai-gravada-no-meu-coracao-2\/#primaryimage","url":"https:\/\/filles-de-la-charite.org\/wp-content\/uploads\/2023\/06\/Indonesia-1.jpg","contentUrl":"https:\/\/filles-de-la-charite.org\/wp-content\/uploads\/2023\/06\/Indonesia-1.jpg","width":1280,"height":960},{"@type":"BreadcrumbList","@id":"https:\/\/filles-de-la-charite.org\/pt-pt\/missao-de-serawai-gravada-no-meu-coracao-2\/#breadcrumb","itemListElement":[{"@type":"ListItem","position":1,"name":"Indonesia","item":"https:\/\/filles-de-la-charite.org\/pt-pt\/category\/indonesia-pt-pt\/"},{"@type":"ListItem","position":2,"name":"Miss\u00e3o de Serawai \u2026 Gravada no meu Cora\u00e7\u00e3o!"}]},{"@type":"WebSite","@id":"https:\/\/filles-de-la-charite.org\/pt-pt\/#website","url":"https:\/\/filles-de-la-charite.org\/pt-pt\/","name":"Hijas de la Caridad","description":"L\u2019amour de J\u00e9sus nous presse \u00e0 prendre soin des personnes les plus d\u00e9munies","publisher":{"@id":"https:\/\/filles-de-la-charite.org\/pt-pt\/#organization"},"potentialAction":[{"@type":"SearchAction","target":{"@type":"EntryPoint","urlTemplate":"https:\/\/filles-de-la-charite.org\/pt-pt\/?s={search_term_string}"},"query-input":{"@type":"PropertyValueSpecification","valueRequired":true,"valueName":"search_term_string"}}],"inLanguage":"pt-PT"},{"@type":"Organization","@id":"https:\/\/filles-de-la-charite.org\/pt-pt\/#organization","name":"Hijas de la Caridad","url":"https:\/\/filles-de-la-charite.org\/pt-pt\/","logo":{"@type":"ImageObject","inLanguage":"pt-PT","@id":"https:\/\/filles-de-la-charite.org\/pt-pt\/#\/schema\/logo\/image\/","url":"https:\/\/filles-de-la-charite.org\/wp-content\/uploads\/2023\/03\/isotipo-Hijas-de-la-Caridad.png","contentUrl":"https:\/\/filles-de-la-charite.org\/wp-content\/uploads\/2023\/03\/isotipo-Hijas-de-la-Caridad.png","width":1417,"height":1417,"caption":"Hijas de la Caridad"},"image":{"@id":"https:\/\/filles-de-la-charite.org\/pt-pt\/#\/schema\/logo\/image\/"}},{"@type":"Person","@id":"https:\/\/filles-de-la-charite.org\/pt-pt\/#\/schema\/person\/427567b2eccfc2dd7d206da186a1f438","name":"admin","image":{"@type":"ImageObject","inLanguage":"pt-PT","@id":"https:\/\/secure.gravatar.com\/avatar\/948b492cce32b586ac2db0eaa926ee87024f7afe218d73b397ea5ddfc5f43ea1?s=96&d=mm&r=g","url":"https:\/\/secure.gravatar.com\/avatar\/948b492cce32b586ac2db0eaa926ee87024f7afe218d73b397ea5ddfc5f43ea1?s=96&d=mm&r=g","contentUrl":"https:\/\/secure.gravatar.com\/avatar\/948b492cce32b586ac2db0eaa926ee87024f7afe218d73b397ea5ddfc5f43ea1?s=96&d=mm&r=g","caption":"admin"},"sameAs":["https:\/\/filles-de-la-charite.org"],"url":"https:\/\/filles-de-la-charite.org\/pt-pt\/author\/caridad\/"}]}},"_links":{"self":[{"href":"https:\/\/filles-de-la-charite.org\/pt-pt\/wp-json\/wp\/v2\/posts\/25217","targetHints":{"allow":["GET"]}}],"collection":[{"href":"https:\/\/filles-de-la-charite.org\/pt-pt\/wp-json\/wp\/v2\/posts"}],"about":[{"href":"https:\/\/filles-de-la-charite.org\/pt-pt\/wp-json\/wp\/v2\/types\/post"}],"author":[{"embeddable":true,"href":"https:\/\/filles-de-la-charite.org\/pt-pt\/wp-json\/wp\/v2\/users\/1"}],"replies":[{"embeddable":true,"href":"https:\/\/filles-de-la-charite.org\/pt-pt\/wp-json\/wp\/v2\/comments?post=25217"}],"version-history":[{"count":1,"href":"https:\/\/filles-de-la-charite.org\/pt-pt\/wp-json\/wp\/v2\/posts\/25217\/revisions"}],"predecessor-version":[{"id":25218,"href":"https:\/\/filles-de-la-charite.org\/pt-pt\/wp-json\/wp\/v2\/posts\/25217\/revisions\/25218"}],"wp:featuredmedia":[{"embeddable":true,"href":"https:\/\/filles-de-la-charite.org\/pt-pt\/wp-json\/wp\/v2\/media\/15743"}],"wp:attachment":[{"href":"https:\/\/filles-de-la-charite.org\/pt-pt\/wp-json\/wp\/v2\/media?parent=25217"}],"wp:term":[{"taxonomy":"category","embeddable":true,"href":"https:\/\/filles-de-la-charite.org\/pt-pt\/wp-json\/wp\/v2\/categories?post=25217"},{"taxonomy":"post_tag","embeddable":true,"href":"https:\/\/filles-de-la-charite.org\/pt-pt\/wp-json\/wp\/v2\/tags?post=25217"}],"curies":[{"name":"wp","href":"https:\/\/api.w.org\/{rel}","templated":true}]}}