{"id":25219,"date":"2021-04-26T11:31:33","date_gmt":"2021-04-26T09:31:33","guid":{"rendered":"https:\/\/hijascaridad.sjdigitaldemo.ovh\/seminario-vicentino-2021-o-homem-ferido-quem-nos-libertara-do-medo-2\/"},"modified":"2024-03-17T17:56:54","modified_gmt":"2024-03-17T16:56:54","slug":"seminario-vicentino-2021-o-homem-ferido-quem-nos-libertara-do-medo-2","status":"publish","type":"post","link":"https:\/\/filles-de-la-charite.org\/pt-pt\/seminario-vicentino-2021-o-homem-ferido-quem-nos-libertara-do-medo-2\/","title":{"rendered":"Semin\u00e1rio Vicentino 2021 &#8220;O homem ferido&#8230;Quem nos libertar\u00e1 do medo?&#8221;"},"content":{"rendered":"\n<div class=\"wp-block-image\"><figure class=\"aligncenter size-large\"><img decoding=\"async\" src=\"https:\/\/filles-de-la-charite.org\/wp-content\/uploads\/2023\/06\/Poster-Seminario-2021-724x1024-1.jpg\" alt=\"\" class=\"wp-image-62235\" \/><\/figure><\/div>\n\n\n\n<p>A 24 de Janeiro de 2021, pela primeira vez, o Semin\u00e1rio Vicentino foi transmitido na plataforma Zoom, num \u00fanico dia e para toda a Sardenha, em vez de dois dias diferentes, um para o Norte e outro para o Sul da nossa ilha, como sempre foi feito. A transmiss\u00e3o em directo deste Semin\u00e1rio ficar\u00e1 na hist\u00f3ria pela forma como foi vivida, devido \u00e0 pandemia. Um \u00fanico dia, portanto, de forma\u00e7\u00e3o para todos os membros, dedicado ao estudo e aprofundamento da espiritualidade e do ensino de S. Vicente de Paulo.<\/p>\n\n\n\n<p>Os grupos pertencentes \u00e0 Fam\u00edlia Vicentina reuniram-se virtualmente, ligando-se de Sassari, Olbia e Cagliari: leigos e leigas das Confer\u00eancias de S\u00e3o Vicente fundadas pelo Beato Federico Ozanam, as Irm\u00e3s de Santa Jeanne Antida Thouret, as Irm\u00e3s da Congrega\u00e7\u00e3o do Gets\u00e9mani criada pelo Padre Manzella, um mission\u00e1rio Vicentino, o maior grupo de Volunt\u00e1rios Vicentinos, os sacerdotes da Miss\u00e3o que trabalham em Sassari e Cagliari, as Filhas da Caridade que s\u00e3o bem conhecidas em todos os cantos da nossa terra.<\/p>\n\n\n\n<div class=\"wp-block-image\"><figure class=\"aligncenter size-large\"><img decoding=\"async\" src=\"https:\/\/filles-de-la-charite.org\/wp-content\/uploads\/2023\/06\/2-1024x569-1.jpg\" alt=\"\" class=\"wp-image-62237\" \/><\/figure><\/div>\n\n\n\n<p>A introdu\u00e7\u00e3o ao Semin\u00e1rio foi confiada ao Padre Bruno Gonella CM que, sem parar para lamentar n\u00e3o poder realizar o evento em presen\u00e7a, afirmou que tudo tinha sido feito para o realizar atrav\u00e9s da Web, em alegre comunh\u00e3o com toda a fam\u00edlia Vicentina na Sardenha. Ap\u00f3s um breve momento de ora\u00e7\u00e3o orientado pelo Padre Beppe Crobu, Superior da Casa da Miss\u00e3o em Cagliari, o orador do semin\u00e1rio, Padre Nicola Albanesi CM, introduziu o tema do dia de estudo: \"O homem ferido ... quem nos libertar\u00e1 do medo?\u201d O orador sublinhou bem como S\u00e3o Vicente diante do homem ferido (e a Pandemia \u00e9 para todos n\u00f3s uma ferida tamb\u00e9m dif\u00edcil de sarar) viveu o desafio da f\u00e9, ele, o nosso mestre que continua a ensinar-nos a curvar-se sobre as feridas da humanidade sofredora do nosso tempo.<\/p>\n\n\n\n<p>No cerne do relat\u00f3rio est\u00e3o algumas quest\u00f5es que sempre nos desafiaram, relativamente ao amor que n\u00f3s vicentinos temos pelos pobres: o que \u00e9 e de onde vem o nosso amor? Muitas vezes foi-nos dito que devemos fazer um esfor\u00e7o para amar os outros, para superar uma antipatia, para lidar com uma situa\u00e7\u00e3o repugnante, de alguma forma fomos levados a acreditar que o amor ao pr\u00f3ximo depende da nossa boa vontade. Certamente o amor pelos nossos irm\u00e3os e irm\u00e3s, come\u00e7ando pelos mais pequenos, requer a nossa actividade e um certo empenho, mas estes brotam de uma realidade aceite nas profundezas de n\u00f3s pr\u00f3prios, onde o Amor \u00e9 generalizado.<\/p>\n\n\n\n<p>O Padre Nicola esclareceu-nos sobre o que deve ser para n\u00f3s a aut\u00eantica fonte do amor, aquilo que anima a nossa ac\u00e7\u00e3o caritativa: \"A fonte do nosso amor nada mais \u00e9 do que o Amor recebido. Nasce da consci\u00eancia de que Deus nos ama. A caridade \u00e9 sempre o fruto da ac\u00e7\u00e3o de Cristo em n\u00f3s! Compreende-se ent\u00e3o como um cora\u00e7\u00e3o penetrado pelo Amor de Cristo conhece n\u00e3o s\u00f3 o amor ao pr\u00f3ximo, mas tamb\u00e9m o dom da ora\u00e7\u00e3o!\u00a0 O amor pelos pobres requer uma f\u00e9 viva, uma busca incessante e cont\u00ednua do Rosto de Deus. O amor de Deus, manifestado em Cristo e derramado atrav\u00e9s do Esp\u00edrito, nutre o amor pelos pobres, sustenta-o em tempos de prova\u00e7\u00e3o, desperta-o em tempos de crise e protege-o quando corre o risco de falhar. Assim, a comunidade que reza, que contempla o mist\u00e9rio de Cristo, que vive em comunh\u00e3o ajudando uns aos outros \u00e9 o lugar onde tiramos de uma fonte de amor incondicional da qual tiramos a for\u00e7a para amar os n\u00e3o amados, aqueles que acham mais dif\u00edcil acreditar no amor e estar abertos \u00e0 beleza da vida\".<\/p>\n\n\n\n<div class=\"wp-block-image\"><figure class=\"aligncenter size-large\"><img decoding=\"async\" src=\"https:\/\/filles-de-la-charite.org\/wp-content\/uploads\/2023\/06\/5-1024x574-1.jpg\" alt=\"\" class=\"wp-image-62240\" \/><\/figure><\/div>\n\n\n\n<p>Na conclus\u00e3o do Semin\u00e1rio, ouvimos com alegria a breve interven\u00e7\u00e3o do Bispo de Cagliari, Monsenhor Giuseppe Batturi, que nos exortou a sentirmo-nos empenhadas na constru\u00e7\u00e3o da boa face da Igreja que hoje satisfaz as necessidades das pessoas. Desejando que o Semin\u00e1rio Vicentino de 2022 possa ser realizado em presen\u00e7a, fazemos nossas as palavras de S\u00e3o Vicente citadas pelo Padre Nicola no final da reuni\u00e3o:<\/p>\n\n\n\n<div class=\"wp-block-image\"><figure class=\"aligncenter size-large\"><img decoding=\"async\" src=\"https:\/\/filles-de-la-charite.org\/wp-content\/uploads\/2023\/06\/6-1024x568-1.jpg\" alt=\"\" class=\"wp-image-62241\" \/><\/figure><\/div>\n\n\n\n<p><em>\"A melhor maneira de assegurar a nossa felicidade eterna<br>\u00e9 viver e morrer ao servi\u00e7o dos pobres, nos bra\u00e7os da divina provid\u00eancia,<br>na total ren\u00fancia de n\u00f3s mesmas no seguimento a Jesus Cristo\".<\/em><\/p>\n\n\n\n<figure class=\"wp-block-gallery aligncenter columns-2 is-cropped wp-block-gallery-1 is-layout-flex wp-block-gallery-is-layout-flex\"><ul class=\"blocks-gallery-grid\"><li class=\"blocks-gallery-item\"><figure><img decoding=\"async\" src=\"https:\/\/filles-de-la-charite.org\/wp-content\/uploads\/2023\/06\/4-1024x573-1.jpg\" alt=\"\" data-id=\"62239\" data-full-url=\"https:\/\/www.filles-de-la-charite.org\/wp-content\/uploads\/news\/April 2021\/SARDINIA\/4.jpg\" data-link=\"https:\/\/www.filles-de-la-charite.org\/?attachment_id=62239\" class=\"wp-image-62239\" \/><\/figure><\/li><li class=\"blocks-gallery-item\"><figure><img decoding=\"async\" src=\"https:\/\/filles-de-la-charite.org\/wp-content\/uploads\/2023\/06\/3-1024x577-1.jpg\" alt=\"\" data-id=\"62238\" data-full-url=\"https:\/\/www.filles-de-la-charite.org\/wp-content\/uploads\/news\/April 2021\/SARDINIA\/3.jpg\" data-link=\"https:\/\/www.filles-de-la-charite.org\/?attachment_id=62238\" class=\"wp-image-62238\" \/><\/figure><\/li><\/ul><\/figure>\n","protected":false},"excerpt":{"rendered":"<p>A 24 de Janeiro de 2021, pela primeira vez, o Semin\u00e1rio Vicentino foi transmitido na plataforma Zoom, num \u00fanico dia e para toda a Sardenha, em vez de dois dias diferentes, um para o Norte e outro para o Sul da nossa ilha, como sempre foi feito. A transmiss\u00e3o em directo deste Semin\u00e1rio ficar\u00e1 na [&hellip;]<\/p>\n","protected":false},"author":1,"featured_media":15787,"comment_status":"closed","ping_status":"closed","sticky":false,"template":"","format":"standard","meta":{"_acf_changed":false,"footnotes":"","_links_to":"","_links_to_target":""},"categories":[686],"tags":[],"class_list":["post-25219","post","type-post","status-publish","format-standard","has-post-thumbnail","hentry","category-sardenha-italia-pt-pt"],"acf":[],"yoast_head":"<!-- This site is optimized with the Yoast SEO plugin v27.5 - https:\/\/yoast.com\/product\/yoast-seo-wordpress\/ -->\n<title>Semin\u00e1rio Vicentino 2021 &quot;O homem ferido...Quem nos libertar\u00e1 do medo?&quot; - Filles de la Charit\u00e9<\/title>\n<meta name=\"robots\" content=\"index, follow, max-snippet:-1, max-image-preview:large, max-video-preview:-1\" \/>\n<link rel=\"canonical\" href=\"https:\/\/filles-de-la-charite.org\/pt-pt\/seminario-vicentino-2021-o-homem-ferido-quem-nos-libertara-do-medo-2\/\" \/>\n<meta property=\"og:locale\" content=\"pt_PT\" \/>\n<meta property=\"og:type\" content=\"article\" \/>\n<meta property=\"og:title\" content=\"Semin\u00e1rio Vicentino 2021 &quot;O homem ferido...Quem nos libertar\u00e1 do medo?&quot; - Filles de la Charit\u00e9\" \/>\n<meta property=\"og:description\" content=\"A 24 de Janeiro de 2021, pela primeira vez, o Semin\u00e1rio Vicentino foi transmitido na plataforma Zoom, num \u00fanico dia e para toda a Sardenha, em vez de dois dias diferentes, um para o Norte e outro para o Sul da nossa ilha, como sempre foi feito. A transmiss\u00e3o em directo deste Semin\u00e1rio ficar\u00e1 na [&hellip;]\" \/>\n<meta property=\"og:url\" content=\"https:\/\/filles-de-la-charite.org\/pt-pt\/seminario-vicentino-2021-o-homem-ferido-quem-nos-libertara-do-medo-2\/\" \/>\n<meta property=\"og:site_name\" content=\"Filles de la Charit\u00e9\" \/>\n<meta property=\"article:published_time\" content=\"2021-04-26T09:31:33+00:00\" \/>\n<meta property=\"article:modified_time\" content=\"2024-03-17T16:56:54+00:00\" \/>\n<meta property=\"og:image\" content=\"https:\/\/filles-de-la-charite.org\/wp-content\/uploads\/2023\/06\/1-5.jpg\" \/>\n\t<meta property=\"og:image:width\" content=\"1364\" \/>\n\t<meta property=\"og:image:height\" content=\"764\" \/>\n\t<meta property=\"og:image:type\" content=\"image\/jpeg\" \/>\n<meta name=\"author\" content=\"admin\" \/>\n<meta name=\"twitter:card\" content=\"summary_large_image\" \/>\n<meta name=\"twitter:label1\" content=\"Escrito por\" \/>\n\t<meta name=\"twitter:data1\" content=\"admin\" \/>\n\t<meta name=\"twitter:label2\" content=\"Tempo estimado de leitura\" \/>\n\t<meta name=\"twitter:data2\" content=\"5 minutos\" \/>\n<script type=\"application\/ld+json\" class=\"yoast-schema-graph\">{\"@context\":\"https:\\\/\\\/schema.org\",\"@graph\":[{\"@type\":\"Article\",\"@id\":\"https:\\\/\\\/filles-de-la-charite.org\\\/pt-pt\\\/seminario-vicentino-2021-o-homem-ferido-quem-nos-libertara-do-medo-2\\\/#article\",\"isPartOf\":{\"@id\":\"https:\\\/\\\/filles-de-la-charite.org\\\/pt-pt\\\/seminario-vicentino-2021-o-homem-ferido-quem-nos-libertara-do-medo-2\\\/\"},\"author\":{\"name\":\"admin\",\"@id\":\"https:\\\/\\\/filles-de-la-charite.org\\\/pt-pt\\\/#\\\/schema\\\/person\\\/427567b2eccfc2dd7d206da186a1f438\"},\"headline\":\"Semin\u00e1rio Vicentino 2021 &#8220;O homem ferido&#8230;Quem nos libertar\u00e1 do medo?&#8221;\",\"datePublished\":\"2021-04-26T09:31:33+00:00\",\"dateModified\":\"2024-03-17T16:56:54+00:00\",\"mainEntityOfPage\":{\"@id\":\"https:\\\/\\\/filles-de-la-charite.org\\\/pt-pt\\\/seminario-vicentino-2021-o-homem-ferido-quem-nos-libertara-do-medo-2\\\/\"},\"wordCount\":766,\"publisher\":{\"@id\":\"https:\\\/\\\/filles-de-la-charite.org\\\/pt-pt\\\/#organization\"},\"image\":{\"@id\":\"https:\\\/\\\/filles-de-la-charite.org\\\/pt-pt\\\/seminario-vicentino-2021-o-homem-ferido-quem-nos-libertara-do-medo-2\\\/#primaryimage\"},\"thumbnailUrl\":\"https:\\\/\\\/filles-de-la-charite.org\\\/wp-content\\\/uploads\\\/2023\\\/06\\\/1-5.jpg\",\"articleSection\":[\"Sardenha - It\u00e1lia\"],\"inLanguage\":\"pt-PT\"},{\"@type\":\"WebPage\",\"@id\":\"https:\\\/\\\/filles-de-la-charite.org\\\/pt-pt\\\/seminario-vicentino-2021-o-homem-ferido-quem-nos-libertara-do-medo-2\\\/\",\"url\":\"https:\\\/\\\/filles-de-la-charite.org\\\/pt-pt\\\/seminario-vicentino-2021-o-homem-ferido-quem-nos-libertara-do-medo-2\\\/\",\"name\":\"Semin\u00e1rio Vicentino 2021 \\\"O homem ferido...Quem nos libertar\u00e1 do medo?\\\" - Filles de la Charit\u00e9\",\"isPartOf\":{\"@id\":\"https:\\\/\\\/filles-de-la-charite.org\\\/pt-pt\\\/#website\"},\"primaryImageOfPage\":{\"@id\":\"https:\\\/\\\/filles-de-la-charite.org\\\/pt-pt\\\/seminario-vicentino-2021-o-homem-ferido-quem-nos-libertara-do-medo-2\\\/#primaryimage\"},\"image\":{\"@id\":\"https:\\\/\\\/filles-de-la-charite.org\\\/pt-pt\\\/seminario-vicentino-2021-o-homem-ferido-quem-nos-libertara-do-medo-2\\\/#primaryimage\"},\"thumbnailUrl\":\"https:\\\/\\\/filles-de-la-charite.org\\\/wp-content\\\/uploads\\\/2023\\\/06\\\/1-5.jpg\",\"datePublished\":\"2021-04-26T09:31:33+00:00\",\"dateModified\":\"2024-03-17T16:56:54+00:00\",\"breadcrumb\":{\"@id\":\"https:\\\/\\\/filles-de-la-charite.org\\\/pt-pt\\\/seminario-vicentino-2021-o-homem-ferido-quem-nos-libertara-do-medo-2\\\/#breadcrumb\"},\"inLanguage\":\"pt-PT\",\"potentialAction\":[{\"@type\":\"ReadAction\",\"target\":[\"https:\\\/\\\/filles-de-la-charite.org\\\/pt-pt\\\/seminario-vicentino-2021-o-homem-ferido-quem-nos-libertara-do-medo-2\\\/\"]}]},{\"@type\":\"ImageObject\",\"inLanguage\":\"pt-PT\",\"@id\":\"https:\\\/\\\/filles-de-la-charite.org\\\/pt-pt\\\/seminario-vicentino-2021-o-homem-ferido-quem-nos-libertara-do-medo-2\\\/#primaryimage\",\"url\":\"https:\\\/\\\/filles-de-la-charite.org\\\/wp-content\\\/uploads\\\/2023\\\/06\\\/1-5.jpg\",\"contentUrl\":\"https:\\\/\\\/filles-de-la-charite.org\\\/wp-content\\\/uploads\\\/2023\\\/06\\\/1-5.jpg\",\"width\":1364,\"height\":764},{\"@type\":\"BreadcrumbList\",\"@id\":\"https:\\\/\\\/filles-de-la-charite.org\\\/pt-pt\\\/seminario-vicentino-2021-o-homem-ferido-quem-nos-libertara-do-medo-2\\\/#breadcrumb\",\"itemListElement\":[{\"@type\":\"ListItem\",\"position\":1,\"name\":\"San Vincenzo &#8211; Italia\",\"item\":\"https:\\\/\\\/filles-de-la-charite.org\\\/pt-pt\\\/category\\\/san-vincenzo-italia-pt-pt\\\/\"},{\"@type\":\"ListItem\",\"position\":2,\"name\":\"Semin\u00e1rio Vicentino 2021 &#8220;O homem ferido&#8230;Quem nos libertar\u00e1 do medo?&#8221;\"}]},{\"@type\":\"WebSite\",\"@id\":\"https:\\\/\\\/filles-de-la-charite.org\\\/pt-pt\\\/#website\",\"url\":\"https:\\\/\\\/filles-de-la-charite.org\\\/pt-pt\\\/\",\"name\":\"Hijas de la Caridad\",\"description\":\"L\u2019amour de J\u00e9sus nous presse \u00e0 prendre soin des personnes les plus d\u00e9munies\",\"publisher\":{\"@id\":\"https:\\\/\\\/filles-de-la-charite.org\\\/pt-pt\\\/#organization\"},\"potentialAction\":[{\"@type\":\"SearchAction\",\"target\":{\"@type\":\"EntryPoint\",\"urlTemplate\":\"https:\\\/\\\/filles-de-la-charite.org\\\/pt-pt\\\/?s={search_term_string}\"},\"query-input\":{\"@type\":\"PropertyValueSpecification\",\"valueRequired\":true,\"valueName\":\"search_term_string\"}}],\"inLanguage\":\"pt-PT\"},{\"@type\":\"Organization\",\"@id\":\"https:\\\/\\\/filles-de-la-charite.org\\\/pt-pt\\\/#organization\",\"name\":\"Hijas de la Caridad\",\"url\":\"https:\\\/\\\/filles-de-la-charite.org\\\/pt-pt\\\/\",\"logo\":{\"@type\":\"ImageObject\",\"inLanguage\":\"pt-PT\",\"@id\":\"https:\\\/\\\/filles-de-la-charite.org\\\/pt-pt\\\/#\\\/schema\\\/logo\\\/image\\\/\",\"url\":\"https:\\\/\\\/filles-de-la-charite.org\\\/wp-content\\\/uploads\\\/2023\\\/03\\\/isotipo-Hijas-de-la-Caridad.png\",\"contentUrl\":\"https:\\\/\\\/filles-de-la-charite.org\\\/wp-content\\\/uploads\\\/2023\\\/03\\\/isotipo-Hijas-de-la-Caridad.png\",\"width\":1417,\"height\":1417,\"caption\":\"Hijas de la Caridad\"},\"image\":{\"@id\":\"https:\\\/\\\/filles-de-la-charite.org\\\/pt-pt\\\/#\\\/schema\\\/logo\\\/image\\\/\"}},{\"@type\":\"Person\",\"@id\":\"https:\\\/\\\/filles-de-la-charite.org\\\/pt-pt\\\/#\\\/schema\\\/person\\\/427567b2eccfc2dd7d206da186a1f438\",\"name\":\"admin\",\"image\":{\"@type\":\"ImageObject\",\"inLanguage\":\"pt-PT\",\"@id\":\"https:\\\/\\\/secure.gravatar.com\\\/avatar\\\/948b492cce32b586ac2db0eaa926ee87024f7afe218d73b397ea5ddfc5f43ea1?s=96&d=mm&r=g\",\"url\":\"https:\\\/\\\/secure.gravatar.com\\\/avatar\\\/948b492cce32b586ac2db0eaa926ee87024f7afe218d73b397ea5ddfc5f43ea1?s=96&d=mm&r=g\",\"contentUrl\":\"https:\\\/\\\/secure.gravatar.com\\\/avatar\\\/948b492cce32b586ac2db0eaa926ee87024f7afe218d73b397ea5ddfc5f43ea1?s=96&d=mm&r=g\",\"caption\":\"admin\"},\"sameAs\":[\"https:\\\/\\\/filles-de-la-charite.org\"],\"url\":\"https:\\\/\\\/filles-de-la-charite.org\\\/pt-pt\\\/author\\\/caridad\\\/\"}]}<\/script>\n<!-- \/ Yoast SEO plugin. -->","yoast_head_json":{"title":"Semin\u00e1rio Vicentino 2021 \"O homem ferido...Quem nos libertar\u00e1 do medo?\" - Filles de la Charit\u00e9","robots":{"index":"index","follow":"follow","max-snippet":"max-snippet:-1","max-image-preview":"max-image-preview:large","max-video-preview":"max-video-preview:-1"},"canonical":"https:\/\/filles-de-la-charite.org\/pt-pt\/seminario-vicentino-2021-o-homem-ferido-quem-nos-libertara-do-medo-2\/","og_locale":"pt_PT","og_type":"article","og_title":"Semin\u00e1rio Vicentino 2021 \"O homem ferido...Quem nos libertar\u00e1 do medo?\" - Filles de la Charit\u00e9","og_description":"A 24 de Janeiro de 2021, pela primeira vez, o Semin\u00e1rio Vicentino foi transmitido na plataforma Zoom, num \u00fanico dia e para toda a Sardenha, em vez de dois dias diferentes, um para o Norte e outro para o Sul da nossa ilha, como sempre foi feito. A transmiss\u00e3o em directo deste Semin\u00e1rio ficar\u00e1 na [&hellip;]","og_url":"https:\/\/filles-de-la-charite.org\/pt-pt\/seminario-vicentino-2021-o-homem-ferido-quem-nos-libertara-do-medo-2\/","og_site_name":"Filles de la Charit\u00e9","article_published_time":"2021-04-26T09:31:33+00:00","article_modified_time":"2024-03-17T16:56:54+00:00","og_image":[{"width":1364,"height":764,"url":"https:\/\/filles-de-la-charite.org\/wp-content\/uploads\/2023\/06\/1-5.jpg","type":"image\/jpeg"}],"author":"admin","twitter_card":"summary_large_image","twitter_misc":{"Escrito por":"admin","Tempo estimado de leitura":"5 minutos"},"schema":{"@context":"https:\/\/schema.org","@graph":[{"@type":"Article","@id":"https:\/\/filles-de-la-charite.org\/pt-pt\/seminario-vicentino-2021-o-homem-ferido-quem-nos-libertara-do-medo-2\/#article","isPartOf":{"@id":"https:\/\/filles-de-la-charite.org\/pt-pt\/seminario-vicentino-2021-o-homem-ferido-quem-nos-libertara-do-medo-2\/"},"author":{"name":"admin","@id":"https:\/\/filles-de-la-charite.org\/pt-pt\/#\/schema\/person\/427567b2eccfc2dd7d206da186a1f438"},"headline":"Semin\u00e1rio Vicentino 2021 &#8220;O homem ferido&#8230;Quem nos libertar\u00e1 do medo?&#8221;","datePublished":"2021-04-26T09:31:33+00:00","dateModified":"2024-03-17T16:56:54+00:00","mainEntityOfPage":{"@id":"https:\/\/filles-de-la-charite.org\/pt-pt\/seminario-vicentino-2021-o-homem-ferido-quem-nos-libertara-do-medo-2\/"},"wordCount":766,"publisher":{"@id":"https:\/\/filles-de-la-charite.org\/pt-pt\/#organization"},"image":{"@id":"https:\/\/filles-de-la-charite.org\/pt-pt\/seminario-vicentino-2021-o-homem-ferido-quem-nos-libertara-do-medo-2\/#primaryimage"},"thumbnailUrl":"https:\/\/filles-de-la-charite.org\/wp-content\/uploads\/2023\/06\/1-5.jpg","articleSection":["Sardenha - It\u00e1lia"],"inLanguage":"pt-PT"},{"@type":"WebPage","@id":"https:\/\/filles-de-la-charite.org\/pt-pt\/seminario-vicentino-2021-o-homem-ferido-quem-nos-libertara-do-medo-2\/","url":"https:\/\/filles-de-la-charite.org\/pt-pt\/seminario-vicentino-2021-o-homem-ferido-quem-nos-libertara-do-medo-2\/","name":"Semin\u00e1rio Vicentino 2021 \"O homem ferido...Quem nos libertar\u00e1 do medo?\" - Filles de la Charit\u00e9","isPartOf":{"@id":"https:\/\/filles-de-la-charite.org\/pt-pt\/#website"},"primaryImageOfPage":{"@id":"https:\/\/filles-de-la-charite.org\/pt-pt\/seminario-vicentino-2021-o-homem-ferido-quem-nos-libertara-do-medo-2\/#primaryimage"},"image":{"@id":"https:\/\/filles-de-la-charite.org\/pt-pt\/seminario-vicentino-2021-o-homem-ferido-quem-nos-libertara-do-medo-2\/#primaryimage"},"thumbnailUrl":"https:\/\/filles-de-la-charite.org\/wp-content\/uploads\/2023\/06\/1-5.jpg","datePublished":"2021-04-26T09:31:33+00:00","dateModified":"2024-03-17T16:56:54+00:00","breadcrumb":{"@id":"https:\/\/filles-de-la-charite.org\/pt-pt\/seminario-vicentino-2021-o-homem-ferido-quem-nos-libertara-do-medo-2\/#breadcrumb"},"inLanguage":"pt-PT","potentialAction":[{"@type":"ReadAction","target":["https:\/\/filles-de-la-charite.org\/pt-pt\/seminario-vicentino-2021-o-homem-ferido-quem-nos-libertara-do-medo-2\/"]}]},{"@type":"ImageObject","inLanguage":"pt-PT","@id":"https:\/\/filles-de-la-charite.org\/pt-pt\/seminario-vicentino-2021-o-homem-ferido-quem-nos-libertara-do-medo-2\/#primaryimage","url":"https:\/\/filles-de-la-charite.org\/wp-content\/uploads\/2023\/06\/1-5.jpg","contentUrl":"https:\/\/filles-de-la-charite.org\/wp-content\/uploads\/2023\/06\/1-5.jpg","width":1364,"height":764},{"@type":"BreadcrumbList","@id":"https:\/\/filles-de-la-charite.org\/pt-pt\/seminario-vicentino-2021-o-homem-ferido-quem-nos-libertara-do-medo-2\/#breadcrumb","itemListElement":[{"@type":"ListItem","position":1,"name":"San Vincenzo &#8211; Italia","item":"https:\/\/filles-de-la-charite.org\/pt-pt\/category\/san-vincenzo-italia-pt-pt\/"},{"@type":"ListItem","position":2,"name":"Semin\u00e1rio Vicentino 2021 &#8220;O homem ferido&#8230;Quem nos libertar\u00e1 do medo?&#8221;"}]},{"@type":"WebSite","@id":"https:\/\/filles-de-la-charite.org\/pt-pt\/#website","url":"https:\/\/filles-de-la-charite.org\/pt-pt\/","name":"Hijas de la Caridad","description":"L\u2019amour de J\u00e9sus nous presse \u00e0 prendre soin des personnes les plus d\u00e9munies","publisher":{"@id":"https:\/\/filles-de-la-charite.org\/pt-pt\/#organization"},"potentialAction":[{"@type":"SearchAction","target":{"@type":"EntryPoint","urlTemplate":"https:\/\/filles-de-la-charite.org\/pt-pt\/?s={search_term_string}"},"query-input":{"@type":"PropertyValueSpecification","valueRequired":true,"valueName":"search_term_string"}}],"inLanguage":"pt-PT"},{"@type":"Organization","@id":"https:\/\/filles-de-la-charite.org\/pt-pt\/#organization","name":"Hijas de la Caridad","url":"https:\/\/filles-de-la-charite.org\/pt-pt\/","logo":{"@type":"ImageObject","inLanguage":"pt-PT","@id":"https:\/\/filles-de-la-charite.org\/pt-pt\/#\/schema\/logo\/image\/","url":"https:\/\/filles-de-la-charite.org\/wp-content\/uploads\/2023\/03\/isotipo-Hijas-de-la-Caridad.png","contentUrl":"https:\/\/filles-de-la-charite.org\/wp-content\/uploads\/2023\/03\/isotipo-Hijas-de-la-Caridad.png","width":1417,"height":1417,"caption":"Hijas de la Caridad"},"image":{"@id":"https:\/\/filles-de-la-charite.org\/pt-pt\/#\/schema\/logo\/image\/"}},{"@type":"Person","@id":"https:\/\/filles-de-la-charite.org\/pt-pt\/#\/schema\/person\/427567b2eccfc2dd7d206da186a1f438","name":"admin","image":{"@type":"ImageObject","inLanguage":"pt-PT","@id":"https:\/\/secure.gravatar.com\/avatar\/948b492cce32b586ac2db0eaa926ee87024f7afe218d73b397ea5ddfc5f43ea1?s=96&d=mm&r=g","url":"https:\/\/secure.gravatar.com\/avatar\/948b492cce32b586ac2db0eaa926ee87024f7afe218d73b397ea5ddfc5f43ea1?s=96&d=mm&r=g","contentUrl":"https:\/\/secure.gravatar.com\/avatar\/948b492cce32b586ac2db0eaa926ee87024f7afe218d73b397ea5ddfc5f43ea1?s=96&d=mm&r=g","caption":"admin"},"sameAs":["https:\/\/filles-de-la-charite.org"],"url":"https:\/\/filles-de-la-charite.org\/pt-pt\/author\/caridad\/"}]}},"_links":{"self":[{"href":"https:\/\/filles-de-la-charite.org\/pt-pt\/wp-json\/wp\/v2\/posts\/25219","targetHints":{"allow":["GET"]}}],"collection":[{"href":"https:\/\/filles-de-la-charite.org\/pt-pt\/wp-json\/wp\/v2\/posts"}],"about":[{"href":"https:\/\/filles-de-la-charite.org\/pt-pt\/wp-json\/wp\/v2\/types\/post"}],"author":[{"embeddable":true,"href":"https:\/\/filles-de-la-charite.org\/pt-pt\/wp-json\/wp\/v2\/users\/1"}],"replies":[{"embeddable":true,"href":"https:\/\/filles-de-la-charite.org\/pt-pt\/wp-json\/wp\/v2\/comments?post=25219"}],"version-history":[{"count":1,"href":"https:\/\/filles-de-la-charite.org\/pt-pt\/wp-json\/wp\/v2\/posts\/25219\/revisions"}],"predecessor-version":[{"id":25220,"href":"https:\/\/filles-de-la-charite.org\/pt-pt\/wp-json\/wp\/v2\/posts\/25219\/revisions\/25220"}],"wp:featuredmedia":[{"embeddable":true,"href":"https:\/\/filles-de-la-charite.org\/pt-pt\/wp-json\/wp\/v2\/media\/15787"}],"wp:attachment":[{"href":"https:\/\/filles-de-la-charite.org\/pt-pt\/wp-json\/wp\/v2\/media?parent=25219"}],"wp:term":[{"taxonomy":"category","embeddable":true,"href":"https:\/\/filles-de-la-charite.org\/pt-pt\/wp-json\/wp\/v2\/categories?post=25219"},{"taxonomy":"post_tag","embeddable":true,"href":"https:\/\/filles-de-la-charite.org\/pt-pt\/wp-json\/wp\/v2\/tags?post=25219"}],"curies":[{"name":"wp","href":"https:\/\/api.w.org\/{rel}","templated":true}]}}