{"id":25221,"date":"2021-05-01T17:59:40","date_gmt":"2021-05-01T15:59:40","guid":{"rendered":"https:\/\/hijascaridad.sjdigitaldemo.ovh\/comunidade-itinerante-do-cabo-delgado-ao-servico-de-pessoas-deslocadas-pela-guerra\/"},"modified":"2024-03-17T17:56:43","modified_gmt":"2024-03-17T16:56:43","slug":"comunidade-itinerante-do-cabo-delgado-ao-servico-de-pessoas-deslocadas-pela-guerra","status":"publish","type":"post","link":"https:\/\/filles-de-la-charite.org\/pt-pt\/comunidade-itinerante-do-cabo-delgado-ao-servico-de-pessoas-deslocadas-pela-guerra\/","title":{"rendered":"Comunidade Itinerante do Cabo, Delgado ao Servi\u00e7o de Pessoas Deslocadas pela Guerra"},"content":{"rendered":"\n<div class=\"wp-block-image\"><figure class=\"aligncenter size-large\"><img decoding=\"async\" src=\"https:\/\/filles-de-la-charite.org\/wp-content\/uploads\/2023\/06\/2.png\" alt=\"\" class=\"wp-image-62330\" \/><\/figure><\/div>\n\n\n\n<p>A situa\u00e7\u00e3o dos deslocados na regi\u00e3o Norte do Pa\u00eds \u2026 mexeu com a nossa sensibilidade e nosso cora\u00e7\u00e3o; e nossa mente como diz\u2026 \u2026. como nos diz a \u00abC. <em>11na escola do Filho de Deus as Filhas da Caridade aprendem que nenhuma mis\u00e9ria lhes deve ser estranha<\/em>\u2026\u00bb.<\/p>\n\n\n\n<p>Depois de uma reflex\u00e3o, o Conselho Provincial em colabora\u00e7\u00e3o com as irm\u00e3s da Prov\u00edncia e depois de termos falado com o atual Bispo de Pemba Dom Lu\u00eds Lisboa, colocamos a nossa disponibilidade e colabora\u00e7\u00e3o em v\u00e1rios servi\u00e7os com os deslocados naquela regi\u00e3o por um\u00a0 per\u00edodo de 4 meses: Janeiro a Maio 2021.\u00a0 Iniciamos a miss\u00e3o no dia 07 de Janeiro 2021 com 4 irm\u00e3s. E estamos muito\u00a0 felizes em servir naquela regi\u00e3o ajudando os nossos irm\u00e3os necessitados os deslocados devido aos conflitos armados desencadeados pelos terroristas.<\/p>\n\n\n\n<p><strong>\u201c Sempre que fizestes isto a um destes meus Irm\u00e3os mais pequenos, a mim mesmo o fizestes\u201d (Mt 25-40)<\/strong><\/p>\n\n\n\n<figure class=\"wp-block-image alignwide size-large\"><img decoding=\"async\" src=\"https:\/\/filles-de-la-charite.org\/wp-content\/uploads\/2023\/06\/3-825x1024-1.png\" alt=\"\" class=\"wp-image-62331\" \/><\/figure>\n\n\n\n<p>Num primeiro momento o trabalho iniciou em Pemba capital da Prov\u00edncia, onde os deslocados chegavamem embarca\u00e7\u00f5es e eram levados para os acampamentos onde ficavam a espera dos reassentamentos. Esse servi\u00e7o era feito em colabora\u00e7\u00e3o com a Caritas Diocesana de Pemba. Faz\u00edamos a distribui\u00e7\u00e3o de quites alimentares; de cozinha; de higiene; vestu\u00e1rio e de agricultura aos deslocados, e pequenas celebra\u00e7\u00f5es da palavra em grupos pequenos, nos campos grandes n\u00e3o era poss\u00edvel pois a maioria\u00a0 s\u00e3o mu\u00e7ulmanos. Num segundo momento a Comunidade itinerante \/m\u00f3vel passou para o distrito de Montepuez, onde foi acolhida pela equipa mission\u00e1ria da miss\u00e3o S\u00e3o Jos\u00e9 do Santu\u00e1rio de Nossa Senhora de F\u00e1tima, onde residem as Irm\u00e3s da Comunidade Itinerante \/M\u00f3vel. Actualmente ainda \u00e9 composta por quatro Irm\u00e3s e se reveza gra\u00e7as \u00e1 generosidade e disponibilidade das Irm\u00e3s da Prov\u00edncia. De momento tem seis Irm\u00e3s das quais duas s\u00e3o Irm\u00e3s do Semin\u00e1rio em Est\u00e1gio Apost\u00f3lico.<\/p>\n\n\n\n<p>Montepuez \u00e9 a segunda Cidade de Cabo- Delgado - Pemba. Nela, encontram-se quatro campos de reassentamento com cerca de duas mil fam\u00edlias em cada centro. A maior parte dos habitantes destes quatro centros de acomoda\u00e7\u00e3o dos deslocados s\u00e3o mulheres, idosos e crian\u00e7as. Vivem numa pobreza extrema.<\/p>\n\n\n\n<div class=\"wp-block-image\"><figure class=\"aligncenter size-large\"><img decoding=\"async\" src=\"https:\/\/filles-de-la-charite.org\/wp-content\/uploads\/2023\/06\/4.png\" alt=\"\" class=\"wp-image-62332\" \/><\/figure><\/div>\n\n\n\n<p>Este povo sentiu-se obrigado a deixar as suas terras, os seus bens, fugindo do terrorismo, da guerra e da viol\u00eancia que assola a regi\u00e3o Norte da Prov\u00edncia de Cabo-delgado desde 2017. Percorreram longas dist\u00e2ncias a p\u00e9, atravessaram florestas durante muitos dias e chegaram aos centros de acomoda\u00e7\u00e3o baleados, feridos, doentes, desidratados e desfigurados e sem alguns membros da sua fam\u00edlia que andam perdidos nas matas e n\u00e3o sabem se est\u00e3o vivos ou mortos.<\/p>\n\n\n\n<p>O nosso Servi\u00e7o junto dos deslocados consiste em: Visitar as fam\u00edlias nas suas palhotas, sermos pr\u00f3ximos deles acolher e escutar suas hist\u00f3rias carregadas de muita tristeza e dor e encoraja-las a ter esperan\u00e7a e confian\u00e7a em Deus nosso \u00fanico refugio apesar de ser muito dif\u00edcil para eles aceitar a condi\u00e7\u00e3o de extrema pobreza em que se encontram sobretudo, o facto de terem visto seus familiares a serem degolados e decapitados pelos terroristas. Muitas fam\u00edlias quando partilham connosco a triste situa\u00e7\u00e3o que viveram nas suas aldeias choram inconsol\u00e1veis. Eles perderam tudo suas fam\u00edlias e a terra que os viu nascer, s\u00e3o desprovidas de tudo e vivem um ambiente de inseguran\u00e7a; desconfian\u00e7a; medo e incertezas.<\/p>\n\n\n\n<div class=\"wp-block-image\"><figure class=\"aligncenter size-large\"><img decoding=\"async\" src=\"https:\/\/filles-de-la-charite.org\/wp-content\/uploads\/2023\/06\/5.png\" alt=\"\" class=\"wp-image-62327\" \/><\/figure><\/div>\n\n\n\n<p>No nosso servi\u00e7o colaboramos com as Irm\u00e3s Franciscanas Mission\u00e1rias de Maria residentes em Montepuez, com elas incentivamos as fam\u00edlias a construir habita\u00e7\u00f5es dado que n\u00e3o tem onde reclinar a cabe\u00e7a. As casas s\u00e3o feitas com material local, bambu, argila e capim. N\u00f3s apoiamos as Fam\u00edlias comprando lonas para a cobertura das casas, distribu\u00edmos mantas\/ cobertores, esteiras, portas, produtos alimentares em kites, vestu\u00e1rio e outros materiais. Fazemos a assist\u00eancia aos doentes nas doen\u00e7as (mais) leves e nas graves encaminhamos num centro dos m\u00e9dicos sem fronteiras. Fazemos tamb\u00e9m o apoio espiritual nas fam\u00edlias distribu\u00edmos tamb\u00e9m objectos religiosos o ter\u00e7o e ensinamos como reza - lo a alguns que n\u00e3o sabem.<\/p>\n\n\n\n<p><em>Prov\u00edncia de Mo\u00e7ambique<\/em><\/p>\n\n\n\n<div class=\"wp-block-image\"><figure class=\"aligncenter size-large\"><img decoding=\"async\" src=\"https:\/\/filles-de-la-charite.org\/wp-content\/uploads\/2023\/06\/6.png\" alt=\"\" class=\"wp-image-62328\" \/><\/figure><\/div>\n","protected":false},"excerpt":{"rendered":"<p>A situa\u00e7\u00e3o dos deslocados na regi\u00e3o Norte do Pa\u00eds \u2026 mexeu com a nossa sensibilidade e nosso cora\u00e7\u00e3o; e nossa mente como diz\u2026 \u2026. como nos diz a \u00abC. 11na escola do Filho de Deus as Filhas da Caridade aprendem que nenhuma mis\u00e9ria lhes deve ser estranha\u2026\u00bb. Depois de uma reflex\u00e3o, o Conselho Provincial em [&hellip;]<\/p>\n","protected":false},"author":1,"featured_media":15825,"comment_status":"closed","ping_status":"closed","sticky":false,"template":"","format":"standard","meta":{"_acf_changed":false,"footnotes":"","_links_to":"","_links_to_target":""},"categories":[625],"tags":[],"class_list":["post-25221","post","type-post","status-publish","format-standard","has-post-thumbnail","hentry","category-mocambique-pt-pt"],"acf":[],"yoast_head":"<!-- This site is optimized with the Yoast SEO plugin v27.5 - https:\/\/yoast.com\/product\/yoast-seo-wordpress\/ -->\n<title>Comunidade Itinerante do Cabo, Delgado ao Servi\u00e7o de Pessoas Deslocadas pela Guerra - Filles de la Charit\u00e9<\/title>\n<meta name=\"robots\" content=\"index, follow, max-snippet:-1, max-image-preview:large, max-video-preview:-1\" \/>\n<link rel=\"canonical\" href=\"https:\/\/filles-de-la-charite.org\/pt-pt\/comunidade-itinerante-do-cabo-delgado-ao-servico-de-pessoas-deslocadas-pela-guerra\/\" \/>\n<meta property=\"og:locale\" content=\"pt_PT\" \/>\n<meta property=\"og:type\" content=\"article\" \/>\n<meta property=\"og:title\" content=\"Comunidade Itinerante do Cabo, Delgado ao Servi\u00e7o de Pessoas Deslocadas pela Guerra - Filles de la Charit\u00e9\" \/>\n<meta property=\"og:description\" content=\"A situa\u00e7\u00e3o dos deslocados na regi\u00e3o Norte do Pa\u00eds \u2026 mexeu com a nossa sensibilidade e nosso cora\u00e7\u00e3o; e nossa mente como diz\u2026 \u2026. como nos diz a \u00abC. 11na escola do Filho de Deus as Filhas da Caridade aprendem que nenhuma mis\u00e9ria lhes deve ser estranha\u2026\u00bb. Depois de uma reflex\u00e3o, o Conselho Provincial em [&hellip;]\" \/>\n<meta property=\"og:url\" content=\"https:\/\/filles-de-la-charite.org\/pt-pt\/comunidade-itinerante-do-cabo-delgado-ao-servico-de-pessoas-deslocadas-pela-guerra\/\" \/>\n<meta property=\"og:site_name\" content=\"Filles de la Charit\u00e9\" \/>\n<meta property=\"article:published_time\" content=\"2021-05-01T15:59:40+00:00\" \/>\n<meta property=\"article:modified_time\" content=\"2024-03-17T16:56:43+00:00\" \/>\n<meta property=\"og:image\" content=\"https:\/\/filles-de-la-charite.org\/wp-content\/uploads\/2023\/06\/1-1.png\" \/>\n\t<meta property=\"og:image:width\" content=\"964\" \/>\n\t<meta property=\"og:image:height\" content=\"723\" \/>\n\t<meta property=\"og:image:type\" content=\"image\/png\" \/>\n<meta name=\"author\" content=\"admin\" \/>\n<meta name=\"twitter:card\" content=\"summary_large_image\" \/>\n<meta name=\"twitter:label1\" content=\"Escrito por\" \/>\n\t<meta name=\"twitter:data1\" content=\"admin\" \/>\n\t<meta name=\"twitter:label2\" content=\"Tempo estimado de leitura\" \/>\n\t<meta name=\"twitter:data2\" content=\"4 minutos\" \/>\n<script type=\"application\/ld+json\" class=\"yoast-schema-graph\">{\"@context\":\"https:\\\/\\\/schema.org\",\"@graph\":[{\"@type\":\"Article\",\"@id\":\"https:\\\/\\\/filles-de-la-charite.org\\\/pt-pt\\\/comunidade-itinerante-do-cabo-delgado-ao-servico-de-pessoas-deslocadas-pela-guerra\\\/#article\",\"isPartOf\":{\"@id\":\"https:\\\/\\\/filles-de-la-charite.org\\\/pt-pt\\\/comunidade-itinerante-do-cabo-delgado-ao-servico-de-pessoas-deslocadas-pela-guerra\\\/\"},\"author\":{\"name\":\"admin\",\"@id\":\"https:\\\/\\\/filles-de-la-charite.org\\\/pt-pt\\\/#\\\/schema\\\/person\\\/427567b2eccfc2dd7d206da186a1f438\"},\"headline\":\"Comunidade Itinerante do Cabo, Delgado ao Servi\u00e7o de Pessoas Deslocadas pela Guerra\",\"datePublished\":\"2021-05-01T15:59:40+00:00\",\"dateModified\":\"2024-03-17T16:56:43+00:00\",\"mainEntityOfPage\":{\"@id\":\"https:\\\/\\\/filles-de-la-charite.org\\\/pt-pt\\\/comunidade-itinerante-do-cabo-delgado-ao-servico-de-pessoas-deslocadas-pela-guerra\\\/\"},\"wordCount\":743,\"publisher\":{\"@id\":\"https:\\\/\\\/filles-de-la-charite.org\\\/pt-pt\\\/#organization\"},\"image\":{\"@id\":\"https:\\\/\\\/filles-de-la-charite.org\\\/pt-pt\\\/comunidade-itinerante-do-cabo-delgado-ao-servico-de-pessoas-deslocadas-pela-guerra\\\/#primaryimage\"},\"thumbnailUrl\":\"https:\\\/\\\/filles-de-la-charite.org\\\/wp-content\\\/uploads\\\/2023\\\/06\\\/1-1.png\",\"articleSection\":[\"Mo\u00e7ambique\"],\"inLanguage\":\"pt-PT\"},{\"@type\":\"WebPage\",\"@id\":\"https:\\\/\\\/filles-de-la-charite.org\\\/pt-pt\\\/comunidade-itinerante-do-cabo-delgado-ao-servico-de-pessoas-deslocadas-pela-guerra\\\/\",\"url\":\"https:\\\/\\\/filles-de-la-charite.org\\\/pt-pt\\\/comunidade-itinerante-do-cabo-delgado-ao-servico-de-pessoas-deslocadas-pela-guerra\\\/\",\"name\":\"Comunidade Itinerante do Cabo, Delgado ao Servi\u00e7o de Pessoas Deslocadas pela Guerra - Filles de la Charit\u00e9\",\"isPartOf\":{\"@id\":\"https:\\\/\\\/filles-de-la-charite.org\\\/pt-pt\\\/#website\"},\"primaryImageOfPage\":{\"@id\":\"https:\\\/\\\/filles-de-la-charite.org\\\/pt-pt\\\/comunidade-itinerante-do-cabo-delgado-ao-servico-de-pessoas-deslocadas-pela-guerra\\\/#primaryimage\"},\"image\":{\"@id\":\"https:\\\/\\\/filles-de-la-charite.org\\\/pt-pt\\\/comunidade-itinerante-do-cabo-delgado-ao-servico-de-pessoas-deslocadas-pela-guerra\\\/#primaryimage\"},\"thumbnailUrl\":\"https:\\\/\\\/filles-de-la-charite.org\\\/wp-content\\\/uploads\\\/2023\\\/06\\\/1-1.png\",\"datePublished\":\"2021-05-01T15:59:40+00:00\",\"dateModified\":\"2024-03-17T16:56:43+00:00\",\"breadcrumb\":{\"@id\":\"https:\\\/\\\/filles-de-la-charite.org\\\/pt-pt\\\/comunidade-itinerante-do-cabo-delgado-ao-servico-de-pessoas-deslocadas-pela-guerra\\\/#breadcrumb\"},\"inLanguage\":\"pt-PT\",\"potentialAction\":[{\"@type\":\"ReadAction\",\"target\":[\"https:\\\/\\\/filles-de-la-charite.org\\\/pt-pt\\\/comunidade-itinerante-do-cabo-delgado-ao-servico-de-pessoas-deslocadas-pela-guerra\\\/\"]}]},{\"@type\":\"ImageObject\",\"inLanguage\":\"pt-PT\",\"@id\":\"https:\\\/\\\/filles-de-la-charite.org\\\/pt-pt\\\/comunidade-itinerante-do-cabo-delgado-ao-servico-de-pessoas-deslocadas-pela-guerra\\\/#primaryimage\",\"url\":\"https:\\\/\\\/filles-de-la-charite.org\\\/wp-content\\\/uploads\\\/2023\\\/06\\\/1-1.png\",\"contentUrl\":\"https:\\\/\\\/filles-de-la-charite.org\\\/wp-content\\\/uploads\\\/2023\\\/06\\\/1-1.png\",\"width\":964,\"height\":723},{\"@type\":\"BreadcrumbList\",\"@id\":\"https:\\\/\\\/filles-de-la-charite.org\\\/pt-pt\\\/comunidade-itinerante-do-cabo-delgado-ao-servico-de-pessoas-deslocadas-pela-guerra\\\/#breadcrumb\",\"itemListElement\":[{\"@type\":\"ListItem\",\"position\":1,\"name\":\"Fam\u00edlia vicentina\",\"item\":\"https:\\\/\\\/filles-de-la-charite.org\\\/pt-pt\\\/category\\\/familia-vicentina-pt\\\/\"},{\"@type\":\"ListItem\",\"position\":2,\"name\":\"Comunidade Itinerante do Cabo, Delgado ao Servi\u00e7o de Pessoas Deslocadas pela Guerra\"}]},{\"@type\":\"WebSite\",\"@id\":\"https:\\\/\\\/filles-de-la-charite.org\\\/pt-pt\\\/#website\",\"url\":\"https:\\\/\\\/filles-de-la-charite.org\\\/pt-pt\\\/\",\"name\":\"Hijas de la Caridad\",\"description\":\"L\u2019amour de J\u00e9sus nous presse \u00e0 prendre soin des personnes les plus d\u00e9munies\",\"publisher\":{\"@id\":\"https:\\\/\\\/filles-de-la-charite.org\\\/pt-pt\\\/#organization\"},\"potentialAction\":[{\"@type\":\"SearchAction\",\"target\":{\"@type\":\"EntryPoint\",\"urlTemplate\":\"https:\\\/\\\/filles-de-la-charite.org\\\/pt-pt\\\/?s={search_term_string}\"},\"query-input\":{\"@type\":\"PropertyValueSpecification\",\"valueRequired\":true,\"valueName\":\"search_term_string\"}}],\"inLanguage\":\"pt-PT\"},{\"@type\":\"Organization\",\"@id\":\"https:\\\/\\\/filles-de-la-charite.org\\\/pt-pt\\\/#organization\",\"name\":\"Hijas de la Caridad\",\"url\":\"https:\\\/\\\/filles-de-la-charite.org\\\/pt-pt\\\/\",\"logo\":{\"@type\":\"ImageObject\",\"inLanguage\":\"pt-PT\",\"@id\":\"https:\\\/\\\/filles-de-la-charite.org\\\/pt-pt\\\/#\\\/schema\\\/logo\\\/image\\\/\",\"url\":\"https:\\\/\\\/filles-de-la-charite.org\\\/wp-content\\\/uploads\\\/2023\\\/03\\\/isotipo-Hijas-de-la-Caridad.png\",\"contentUrl\":\"https:\\\/\\\/filles-de-la-charite.org\\\/wp-content\\\/uploads\\\/2023\\\/03\\\/isotipo-Hijas-de-la-Caridad.png\",\"width\":1417,\"height\":1417,\"caption\":\"Hijas de la Caridad\"},\"image\":{\"@id\":\"https:\\\/\\\/filles-de-la-charite.org\\\/pt-pt\\\/#\\\/schema\\\/logo\\\/image\\\/\"}},{\"@type\":\"Person\",\"@id\":\"https:\\\/\\\/filles-de-la-charite.org\\\/pt-pt\\\/#\\\/schema\\\/person\\\/427567b2eccfc2dd7d206da186a1f438\",\"name\":\"admin\",\"image\":{\"@type\":\"ImageObject\",\"inLanguage\":\"pt-PT\",\"@id\":\"https:\\\/\\\/secure.gravatar.com\\\/avatar\\\/948b492cce32b586ac2db0eaa926ee87024f7afe218d73b397ea5ddfc5f43ea1?s=96&d=mm&r=g\",\"url\":\"https:\\\/\\\/secure.gravatar.com\\\/avatar\\\/948b492cce32b586ac2db0eaa926ee87024f7afe218d73b397ea5ddfc5f43ea1?s=96&d=mm&r=g\",\"contentUrl\":\"https:\\\/\\\/secure.gravatar.com\\\/avatar\\\/948b492cce32b586ac2db0eaa926ee87024f7afe218d73b397ea5ddfc5f43ea1?s=96&d=mm&r=g\",\"caption\":\"admin\"},\"sameAs\":[\"https:\\\/\\\/filles-de-la-charite.org\"],\"url\":\"https:\\\/\\\/filles-de-la-charite.org\\\/pt-pt\\\/author\\\/caridad\\\/\"}]}<\/script>\n<!-- \/ Yoast SEO plugin. -->","yoast_head_json":{"title":"Comunidade Itinerante do Cabo, Delgado ao Servi\u00e7o de Pessoas Deslocadas pela Guerra - Filles de la Charit\u00e9","robots":{"index":"index","follow":"follow","max-snippet":"max-snippet:-1","max-image-preview":"max-image-preview:large","max-video-preview":"max-video-preview:-1"},"canonical":"https:\/\/filles-de-la-charite.org\/pt-pt\/comunidade-itinerante-do-cabo-delgado-ao-servico-de-pessoas-deslocadas-pela-guerra\/","og_locale":"pt_PT","og_type":"article","og_title":"Comunidade Itinerante do Cabo, Delgado ao Servi\u00e7o de Pessoas Deslocadas pela Guerra - Filles de la Charit\u00e9","og_description":"A situa\u00e7\u00e3o dos deslocados na regi\u00e3o Norte do Pa\u00eds \u2026 mexeu com a nossa sensibilidade e nosso cora\u00e7\u00e3o; e nossa mente como diz\u2026 \u2026. como nos diz a \u00abC. 11na escola do Filho de Deus as Filhas da Caridade aprendem que nenhuma mis\u00e9ria lhes deve ser estranha\u2026\u00bb. Depois de uma reflex\u00e3o, o Conselho Provincial em [&hellip;]","og_url":"https:\/\/filles-de-la-charite.org\/pt-pt\/comunidade-itinerante-do-cabo-delgado-ao-servico-de-pessoas-deslocadas-pela-guerra\/","og_site_name":"Filles de la Charit\u00e9","article_published_time":"2021-05-01T15:59:40+00:00","article_modified_time":"2024-03-17T16:56:43+00:00","og_image":[{"width":964,"height":723,"url":"https:\/\/filles-de-la-charite.org\/wp-content\/uploads\/2023\/06\/1-1.png","type":"image\/png"}],"author":"admin","twitter_card":"summary_large_image","twitter_misc":{"Escrito por":"admin","Tempo estimado de leitura":"4 minutos"},"schema":{"@context":"https:\/\/schema.org","@graph":[{"@type":"Article","@id":"https:\/\/filles-de-la-charite.org\/pt-pt\/comunidade-itinerante-do-cabo-delgado-ao-servico-de-pessoas-deslocadas-pela-guerra\/#article","isPartOf":{"@id":"https:\/\/filles-de-la-charite.org\/pt-pt\/comunidade-itinerante-do-cabo-delgado-ao-servico-de-pessoas-deslocadas-pela-guerra\/"},"author":{"name":"admin","@id":"https:\/\/filles-de-la-charite.org\/pt-pt\/#\/schema\/person\/427567b2eccfc2dd7d206da186a1f438"},"headline":"Comunidade Itinerante do Cabo, Delgado ao Servi\u00e7o de Pessoas Deslocadas pela Guerra","datePublished":"2021-05-01T15:59:40+00:00","dateModified":"2024-03-17T16:56:43+00:00","mainEntityOfPage":{"@id":"https:\/\/filles-de-la-charite.org\/pt-pt\/comunidade-itinerante-do-cabo-delgado-ao-servico-de-pessoas-deslocadas-pela-guerra\/"},"wordCount":743,"publisher":{"@id":"https:\/\/filles-de-la-charite.org\/pt-pt\/#organization"},"image":{"@id":"https:\/\/filles-de-la-charite.org\/pt-pt\/comunidade-itinerante-do-cabo-delgado-ao-servico-de-pessoas-deslocadas-pela-guerra\/#primaryimage"},"thumbnailUrl":"https:\/\/filles-de-la-charite.org\/wp-content\/uploads\/2023\/06\/1-1.png","articleSection":["Mo\u00e7ambique"],"inLanguage":"pt-PT"},{"@type":"WebPage","@id":"https:\/\/filles-de-la-charite.org\/pt-pt\/comunidade-itinerante-do-cabo-delgado-ao-servico-de-pessoas-deslocadas-pela-guerra\/","url":"https:\/\/filles-de-la-charite.org\/pt-pt\/comunidade-itinerante-do-cabo-delgado-ao-servico-de-pessoas-deslocadas-pela-guerra\/","name":"Comunidade Itinerante do Cabo, Delgado ao Servi\u00e7o de Pessoas Deslocadas pela Guerra - Filles de la Charit\u00e9","isPartOf":{"@id":"https:\/\/filles-de-la-charite.org\/pt-pt\/#website"},"primaryImageOfPage":{"@id":"https:\/\/filles-de-la-charite.org\/pt-pt\/comunidade-itinerante-do-cabo-delgado-ao-servico-de-pessoas-deslocadas-pela-guerra\/#primaryimage"},"image":{"@id":"https:\/\/filles-de-la-charite.org\/pt-pt\/comunidade-itinerante-do-cabo-delgado-ao-servico-de-pessoas-deslocadas-pela-guerra\/#primaryimage"},"thumbnailUrl":"https:\/\/filles-de-la-charite.org\/wp-content\/uploads\/2023\/06\/1-1.png","datePublished":"2021-05-01T15:59:40+00:00","dateModified":"2024-03-17T16:56:43+00:00","breadcrumb":{"@id":"https:\/\/filles-de-la-charite.org\/pt-pt\/comunidade-itinerante-do-cabo-delgado-ao-servico-de-pessoas-deslocadas-pela-guerra\/#breadcrumb"},"inLanguage":"pt-PT","potentialAction":[{"@type":"ReadAction","target":["https:\/\/filles-de-la-charite.org\/pt-pt\/comunidade-itinerante-do-cabo-delgado-ao-servico-de-pessoas-deslocadas-pela-guerra\/"]}]},{"@type":"ImageObject","inLanguage":"pt-PT","@id":"https:\/\/filles-de-la-charite.org\/pt-pt\/comunidade-itinerante-do-cabo-delgado-ao-servico-de-pessoas-deslocadas-pela-guerra\/#primaryimage","url":"https:\/\/filles-de-la-charite.org\/wp-content\/uploads\/2023\/06\/1-1.png","contentUrl":"https:\/\/filles-de-la-charite.org\/wp-content\/uploads\/2023\/06\/1-1.png","width":964,"height":723},{"@type":"BreadcrumbList","@id":"https:\/\/filles-de-la-charite.org\/pt-pt\/comunidade-itinerante-do-cabo-delgado-ao-servico-de-pessoas-deslocadas-pela-guerra\/#breadcrumb","itemListElement":[{"@type":"ListItem","position":1,"name":"Fam\u00edlia vicentina","item":"https:\/\/filles-de-la-charite.org\/pt-pt\/category\/familia-vicentina-pt\/"},{"@type":"ListItem","position":2,"name":"Comunidade Itinerante do Cabo, Delgado ao Servi\u00e7o de Pessoas Deslocadas pela Guerra"}]},{"@type":"WebSite","@id":"https:\/\/filles-de-la-charite.org\/pt-pt\/#website","url":"https:\/\/filles-de-la-charite.org\/pt-pt\/","name":"Hijas de la Caridad","description":"L\u2019amour de J\u00e9sus nous presse \u00e0 prendre soin des personnes les plus d\u00e9munies","publisher":{"@id":"https:\/\/filles-de-la-charite.org\/pt-pt\/#organization"},"potentialAction":[{"@type":"SearchAction","target":{"@type":"EntryPoint","urlTemplate":"https:\/\/filles-de-la-charite.org\/pt-pt\/?s={search_term_string}"},"query-input":{"@type":"PropertyValueSpecification","valueRequired":true,"valueName":"search_term_string"}}],"inLanguage":"pt-PT"},{"@type":"Organization","@id":"https:\/\/filles-de-la-charite.org\/pt-pt\/#organization","name":"Hijas de la Caridad","url":"https:\/\/filles-de-la-charite.org\/pt-pt\/","logo":{"@type":"ImageObject","inLanguage":"pt-PT","@id":"https:\/\/filles-de-la-charite.org\/pt-pt\/#\/schema\/logo\/image\/","url":"https:\/\/filles-de-la-charite.org\/wp-content\/uploads\/2023\/03\/isotipo-Hijas-de-la-Caridad.png","contentUrl":"https:\/\/filles-de-la-charite.org\/wp-content\/uploads\/2023\/03\/isotipo-Hijas-de-la-Caridad.png","width":1417,"height":1417,"caption":"Hijas de la Caridad"},"image":{"@id":"https:\/\/filles-de-la-charite.org\/pt-pt\/#\/schema\/logo\/image\/"}},{"@type":"Person","@id":"https:\/\/filles-de-la-charite.org\/pt-pt\/#\/schema\/person\/427567b2eccfc2dd7d206da186a1f438","name":"admin","image":{"@type":"ImageObject","inLanguage":"pt-PT","@id":"https:\/\/secure.gravatar.com\/avatar\/948b492cce32b586ac2db0eaa926ee87024f7afe218d73b397ea5ddfc5f43ea1?s=96&d=mm&r=g","url":"https:\/\/secure.gravatar.com\/avatar\/948b492cce32b586ac2db0eaa926ee87024f7afe218d73b397ea5ddfc5f43ea1?s=96&d=mm&r=g","contentUrl":"https:\/\/secure.gravatar.com\/avatar\/948b492cce32b586ac2db0eaa926ee87024f7afe218d73b397ea5ddfc5f43ea1?s=96&d=mm&r=g","caption":"admin"},"sameAs":["https:\/\/filles-de-la-charite.org"],"url":"https:\/\/filles-de-la-charite.org\/pt-pt\/author\/caridad\/"}]}},"_links":{"self":[{"href":"https:\/\/filles-de-la-charite.org\/pt-pt\/wp-json\/wp\/v2\/posts\/25221","targetHints":{"allow":["GET"]}}],"collection":[{"href":"https:\/\/filles-de-la-charite.org\/pt-pt\/wp-json\/wp\/v2\/posts"}],"about":[{"href":"https:\/\/filles-de-la-charite.org\/pt-pt\/wp-json\/wp\/v2\/types\/post"}],"author":[{"embeddable":true,"href":"https:\/\/filles-de-la-charite.org\/pt-pt\/wp-json\/wp\/v2\/users\/1"}],"replies":[{"embeddable":true,"href":"https:\/\/filles-de-la-charite.org\/pt-pt\/wp-json\/wp\/v2\/comments?post=25221"}],"version-history":[{"count":1,"href":"https:\/\/filles-de-la-charite.org\/pt-pt\/wp-json\/wp\/v2\/posts\/25221\/revisions"}],"predecessor-version":[{"id":25222,"href":"https:\/\/filles-de-la-charite.org\/pt-pt\/wp-json\/wp\/v2\/posts\/25221\/revisions\/25222"}],"wp:featuredmedia":[{"embeddable":true,"href":"https:\/\/filles-de-la-charite.org\/pt-pt\/wp-json\/wp\/v2\/media\/15825"}],"wp:attachment":[{"href":"https:\/\/filles-de-la-charite.org\/pt-pt\/wp-json\/wp\/v2\/media?parent=25221"}],"wp:term":[{"taxonomy":"category","embeddable":true,"href":"https:\/\/filles-de-la-charite.org\/pt-pt\/wp-json\/wp\/v2\/categories?post=25221"},{"taxonomy":"post_tag","embeddable":true,"href":"https:\/\/filles-de-la-charite.org\/pt-pt\/wp-json\/wp\/v2\/tags?post=25221"}],"curies":[{"name":"wp","href":"https:\/\/api.w.org\/{rel}","templated":true}]}}