{"id":25229,"date":"2021-05-31T22:00:00","date_gmt":"2021-05-31T20:00:00","guid":{"rendered":"https:\/\/hijascaridad.sjdigitaldemo.ovh\/lescale-luisa-de-marillac-em-fresnes-uma-experiencia-de-ephata\/"},"modified":"2024-03-17T17:56:22","modified_gmt":"2024-03-17T16:56:22","slug":"lescale-luisa-de-marillac-em-fresnes-uma-experiencia-de-ephata","status":"publish","type":"post","link":"https:\/\/filles-de-la-charite.org\/pt-pt\/lescale-luisa-de-marillac-em-fresnes-uma-experiencia-de-ephata\/","title":{"rendered":"\u00abL\u2019escale\u00bb Lu\u00edsa de Marillac em Fresnes, uma experi\u00eancia de Ephata"},"content":{"rendered":"\n<p>Entre o medo e a confus\u00e3o que frequentemente atingem os parentes dos prisioneiros, as Filhas da Caridade est\u00e3o l\u00e1; quatro irm\u00e3s e alguns volunt\u00e1rios para manter as portas e os cora\u00e7\u00f5es abertos para as fam\u00edlias dos prisioneiros. Desde a chegada das duas primeiras Filhas da Caridade em Fresnes em 1755 para cuidar dos doentes e ensinar as crian\u00e7as, a Companhia, movida pelo Esp\u00edrito, nunca deixou de estar aberta ao chamado cont\u00ednuo de Cristo na pessoa dos pobres. Irm\u00e3 Madeleine nas ambul\u00e2ncias, outra na lavanderia, algumas na porta, no dispens\u00e1rio, na escola feminina&#8230; tudo isso em colabora\u00e7\u00e3o com os habitantes de Fresnes: nada menos que duas comunidades na mesma rua.<\/p>\n\n\n\n<div class=\"wp-block-image\"><figure class=\"aligncenter size-large\"><img decoding=\"async\" src=\"https:\/\/filles-de-la-charite.org\/wp-content\/uploads\/2023\/06\/1.-The-guest-house-for-persons-released-from-prison-1024x600-1.jpg\" alt=\"\" class=\"wp-image-62527\" \/><figcaption><em><strong>A casa de h\u00f3spedes para pessoas libertadas da pris\u00e3o<\/strong><\/em><\/figcaption><\/figure><\/div>\n\n\n\n<p>Em 1904, ap\u00f3s a separa\u00e7\u00e3o da Igreja e do Estado (lei Combes), as irm\u00e3s acolheram cerca de uma centena de meninas. A irm\u00e3 Servente na \u00e9poca, Irm\u00e3 Carola, obteve permiss\u00e3o para manter a casa aberta. Em agradecimento, ela mandou fazer uma chave para simbolizar a abertura, que ela colocou aos p\u00e9s da est\u00e1tua da Virgem, na capela da Comunidade. Desde ent\u00e3o, a &#8220;abertura&#8221; tem permanecido no cora\u00e7\u00e3o dos projetos comunit\u00e1rios das Filhas da Caridade em Fresnes.<\/p>\n\n\n\n<div class=\"wp-block-image\"><figure class=\"aligncenter size-large\"><img decoding=\"async\" src=\"https:\/\/filles-de-la-charite.org\/wp-content\/uploads\/2023\/06\/2.-The-main-house-of-the-Community-and-for-families-of-detainees-1024x768-1.jpg\" alt=\"\" class=\"wp-image-62528\" \/><figcaption><em><strong>A casa principal da Comunidade e para as fam\u00edlias dos presos<\/strong><\/em><\/figcaption><\/figure><\/div>\n\n\n\n<p>Hoje, uma comunidade multicultural de quatro Irm\u00e3s anima o trabalho de <em>L&#8217;Escale Louise de Marillac<\/em> e tenta viver o <em>Ephata<\/em> diariamente. <em>L&#8217;Escale<\/em> \u00e9 um ref\u00fagio e alojamento seguro, um ref\u00fagio de paz para as fam\u00edlias dos prisioneiros encarcerados nas pris\u00f5es de Fresnes, Fleury-M\u00e9rogis ou outros centros de deten\u00e7\u00e3o na regi\u00e3o d\u2019Ile de France. Acolhemos principalmente fam\u00edlias de prov\u00edncias a mais de 200 km de Paris ou de outros pa\u00edses.<\/p>\n\n\n\n<div class=\"wp-block-image\"><figure class=\"alignleft size-large\"><img decoding=\"async\" src=\"https:\/\/filles-de-la-charite.org\/wp-content\/uploads\/2023\/06\/3.-Tania-our-current-guest-768x1024-1.jpg\" alt=\"\" class=\"wp-image-62533\" \/><figcaption><strong><em>Tania, a nossa actual h\u00f3spede<\/em><\/strong><\/figcaption><\/figure><\/div>\n\n\n\n<p><em>L&#8217;Escale<\/em> foi aberta em Agosto de 1989 em resposta a um apelo das fam\u00edlias dos prisioneiros. Desde ent\u00e3o, as portas sempre estiveram abertas; a Comunidade vive ao ritmo das visitas \u00e0 pris\u00e3o a fim de oferecer um lugar onde as fam\u00edlias possam descansar e relaxar antes e\/ou depois de uma dif\u00edcil visita a um membro da fam\u00edlia encarcerado. Acima de tudo, \u00e9 necess\u00e1rio salvaguardar os la\u00e7os emocionais e familiares que podem ser rompidos durante o encarceramento, o julgamento e a liberta\u00e7\u00e3o, pois a pris\u00e3o desestabiliza e enfraquece os la\u00e7os familiares. A id\u00e9ia de abrir a <em>L&#8217;Escale<\/em> foi muito controversa na \u00e9poca porque o ambiente prisional era assustador. Para as Irm\u00e3s, era uma quest\u00e3o de derrubar os muros do medo com a aud\u00e1cia da caridade a fim de se abrir, de ir ao encontro dessas fam\u00edlias.<\/p>\n\n\n\n<p>A Comunidade teve que se adaptar ao longo do tempo e de acordo com os acontecimentos, a fim de responder \u00e0s necessidades do momento, permanecendo atenta e aberta a novos desafios. Durante este per\u00edodo da pandemia, outras chamadas individuais ou chamadas de conselheiros de liberdade condicional e integra\u00e7\u00e3o e associa\u00e7\u00f5es parceiras que trabalham em pris\u00f5es foram recebidas, com pedidos para receber pessoas saindo da pris\u00e3o, pessoas em situa\u00e7\u00f5es muito prec\u00e1rias e migrantes buscando ajuda, a curto ou longo prazo, de acordo com as necessidades.<\/p>\n\n\n\n<div class=\"wp-block-image\"><figure class=\"aligncenter size-large\"><img decoding=\"async\" src=\"https:\/\/filles-de-la-charite.org\/wp-content\/uploads\/2023\/06\/Tania-1024x768-1.jpg\" alt=\"\" class=\"wp-image-62534\" \/><\/figure><\/div>\n\n\n\n<p>Para viver em tal miss\u00e3o \u00e9 necess\u00e1rio um enraizamento na ora\u00e7\u00e3o, um cora\u00e7\u00e3o a cora\u00e7\u00e3o com o Senhor que nos diz incessantemente: <em>\u00abTodas as vezes que fizestes isso a um destes meus irm\u00e3os mais pequeninos, foi a mim\u00bb (Mt 25,40). <\/em>Como Maria, ele nos chama a estar sempre atentos \u00e0s necessidades das pessoas quaisquer que sejam suas cren\u00e7as, ra\u00e7as ou culturas, a escut\u00e1-las e, muitas vezes, a permanecer em sil\u00eancio e falar apenas com um simples gesto ou um sorriso, pois as palavras podem parecer ocas. Devemos ouvi-los, e muitas vezes ficar em sil\u00eancio e falar apenas com um simples gesto ou um sorriso, porque as palavras podem parecer ocas, inintelig\u00edveis e in\u00fateis diante da profundidade de suas trag\u00e9dias familiares: <em>\u201cTranquilizai-vos, sou eu. N\u00e3o tenhais medo!\u201d.Mateus, 14, 27.<\/em><\/p>\n\n\n\n<div class=\"wp-block-image\"><figure class=\"aligncenter size-large\"><img decoding=\"async\" src=\"https:\/\/filles-de-la-charite.org\/wp-content\/uploads\/2023\/06\/4.-The-Garden-1024x768-1.jpg\" alt=\"\" class=\"wp-image-62531\" \/><figcaption><em><strong>O Jardim<\/strong><\/em><\/figcaption><\/figure><\/div>\n","protected":false},"excerpt":{"rendered":"<p>Entre o medo e a confus\u00e3o que frequentemente atingem os parentes dos prisioneiros, as Filhas da Caridade est\u00e3o l\u00e1; quatro irm\u00e3s e alguns volunt\u00e1rios para manter as portas e os cora\u00e7\u00f5es abertos para as fam\u00edlias dos prisioneiros. Desde a chegada das duas primeiras Filhas da Caridade em Fresnes em 1755 para cuidar dos doentes e [&hellip;]<\/p>\n","protected":false},"author":1,"featured_media":15947,"comment_status":"closed","ping_status":"closed","sticky":false,"template":"","format":"standard","meta":{"_acf_changed":false,"_et_pb_use_builder":"","_et_pb_old_content":"","_et_gb_content_width":"","footnotes":"","_links_to":"","_links_to_target":""},"categories":[566],"tags":[],"class_list":["post-25229","post","type-post","status-publish","format-standard","has-post-thumbnail","hentry","category-belgica-franca-suica-pt-pt"],"acf":[],"yoast_head":"<!-- This site is optimized with the Yoast SEO plugin v27.5 - https:\/\/yoast.com\/product\/yoast-seo-wordpress\/ -->\n<title>\u00abL\u2019escale\u00bb Lu\u00edsa de Marillac em Fresnes, uma experi\u00eancia de Ephata - Filles de la Charit\u00e9<\/title>\n<meta name=\"robots\" content=\"index, follow, max-snippet:-1, max-image-preview:large, max-video-preview:-1\" \/>\n<link rel=\"canonical\" href=\"https:\/\/filles-de-la-charite.org\/pt-pt\/lescale-luisa-de-marillac-em-fresnes-uma-experiencia-de-ephata\/\" \/>\n<meta property=\"og:locale\" content=\"pt_PT\" \/>\n<meta property=\"og:type\" content=\"article\" \/>\n<meta property=\"og:title\" content=\"\u00abL\u2019escale\u00bb Lu\u00edsa de Marillac em Fresnes, uma experi\u00eancia de Ephata - Filles de la Charit\u00e9\" \/>\n<meta property=\"og:description\" content=\"Entre o medo e a confus\u00e3o que frequentemente atingem os parentes dos prisioneiros, as Filhas da Caridade est\u00e3o l\u00e1; quatro irm\u00e3s e alguns volunt\u00e1rios para manter as portas e os cora\u00e7\u00f5es abertos para as fam\u00edlias dos prisioneiros. Desde a chegada das duas primeiras Filhas da Caridade em Fresnes em 1755 para cuidar dos doentes e [&hellip;]\" \/>\n<meta property=\"og:url\" content=\"https:\/\/filles-de-la-charite.org\/pt-pt\/lescale-luisa-de-marillac-em-fresnes-uma-experiencia-de-ephata\/\" \/>\n<meta property=\"og:site_name\" content=\"Filles de la Charit\u00e9\" \/>\n<meta property=\"article:published_time\" content=\"2021-05-31T20:00:00+00:00\" \/>\n<meta property=\"article:modified_time\" content=\"2024-03-17T16:56:22+00:00\" \/>\n<meta property=\"og:image\" content=\"https:\/\/filles-de-la-charite.org\/wp-content\/uploads\/2023\/06\/Tania-scaled-1.jpg\" \/>\n\t<meta property=\"og:image:width\" content=\"2560\" \/>\n\t<meta property=\"og:image:height\" content=\"1920\" \/>\n\t<meta property=\"og:image:type\" content=\"image\/jpeg\" \/>\n<meta name=\"author\" content=\"admin\" \/>\n<meta name=\"twitter:card\" content=\"summary_large_image\" \/>\n<meta name=\"twitter:label1\" content=\"Escrito por\" \/>\n\t<meta name=\"twitter:data1\" content=\"admin\" \/>\n\t<meta name=\"twitter:label2\" content=\"Tempo estimado de leitura\" \/>\n\t<meta name=\"twitter:data2\" content=\"4 minutos\" \/>\n<script type=\"application\/ld+json\" class=\"yoast-schema-graph\">{\"@context\":\"https:\\\/\\\/schema.org\",\"@graph\":[{\"@type\":\"Article\",\"@id\":\"https:\\\/\\\/filles-de-la-charite.org\\\/pt-pt\\\/lescale-luisa-de-marillac-em-fresnes-uma-experiencia-de-ephata\\\/#article\",\"isPartOf\":{\"@id\":\"https:\\\/\\\/filles-de-la-charite.org\\\/pt-pt\\\/lescale-luisa-de-marillac-em-fresnes-uma-experiencia-de-ephata\\\/\"},\"author\":{\"name\":\"admin\",\"@id\":\"https:\\\/\\\/filles-de-la-charite.org\\\/pt-pt\\\/#\\\/schema\\\/person\\\/427567b2eccfc2dd7d206da186a1f438\"},\"headline\":\"\u00abL\u2019escale\u00bb Lu\u00edsa de Marillac em Fresnes, uma experi\u00eancia de Ephata\",\"datePublished\":\"2021-05-31T20:00:00+00:00\",\"dateModified\":\"2024-03-17T16:56:22+00:00\",\"mainEntityOfPage\":{\"@id\":\"https:\\\/\\\/filles-de-la-charite.org\\\/pt-pt\\\/lescale-luisa-de-marillac-em-fresnes-uma-experiencia-de-ephata\\\/\"},\"wordCount\":711,\"publisher\":{\"@id\":\"https:\\\/\\\/filles-de-la-charite.org\\\/pt-pt\\\/#organization\"},\"image\":{\"@id\":\"https:\\\/\\\/filles-de-la-charite.org\\\/pt-pt\\\/lescale-luisa-de-marillac-em-fresnes-uma-experiencia-de-ephata\\\/#primaryimage\"},\"thumbnailUrl\":\"https:\\\/\\\/filles-de-la-charite.org\\\/wp-content\\\/uploads\\\/2023\\\/06\\\/Tania-scaled-1.jpg\",\"articleSection\":[\"B\u00e9lgica-Fran\u00e7a-Su\u00ed\u00e7a\"],\"inLanguage\":\"pt-PT\"},{\"@type\":\"WebPage\",\"@id\":\"https:\\\/\\\/filles-de-la-charite.org\\\/pt-pt\\\/lescale-luisa-de-marillac-em-fresnes-uma-experiencia-de-ephata\\\/\",\"url\":\"https:\\\/\\\/filles-de-la-charite.org\\\/pt-pt\\\/lescale-luisa-de-marillac-em-fresnes-uma-experiencia-de-ephata\\\/\",\"name\":\"\u00abL\u2019escale\u00bb Lu\u00edsa de Marillac em Fresnes, uma experi\u00eancia de Ephata - Filles de la Charit\u00e9\",\"isPartOf\":{\"@id\":\"https:\\\/\\\/filles-de-la-charite.org\\\/pt-pt\\\/#website\"},\"primaryImageOfPage\":{\"@id\":\"https:\\\/\\\/filles-de-la-charite.org\\\/pt-pt\\\/lescale-luisa-de-marillac-em-fresnes-uma-experiencia-de-ephata\\\/#primaryimage\"},\"image\":{\"@id\":\"https:\\\/\\\/filles-de-la-charite.org\\\/pt-pt\\\/lescale-luisa-de-marillac-em-fresnes-uma-experiencia-de-ephata\\\/#primaryimage\"},\"thumbnailUrl\":\"https:\\\/\\\/filles-de-la-charite.org\\\/wp-content\\\/uploads\\\/2023\\\/06\\\/Tania-scaled-1.jpg\",\"datePublished\":\"2021-05-31T20:00:00+00:00\",\"dateModified\":\"2024-03-17T16:56:22+00:00\",\"breadcrumb\":{\"@id\":\"https:\\\/\\\/filles-de-la-charite.org\\\/pt-pt\\\/lescale-luisa-de-marillac-em-fresnes-uma-experiencia-de-ephata\\\/#breadcrumb\"},\"inLanguage\":\"pt-PT\",\"potentialAction\":[{\"@type\":\"ReadAction\",\"target\":[\"https:\\\/\\\/filles-de-la-charite.org\\\/pt-pt\\\/lescale-luisa-de-marillac-em-fresnes-uma-experiencia-de-ephata\\\/\"]}]},{\"@type\":\"ImageObject\",\"inLanguage\":\"pt-PT\",\"@id\":\"https:\\\/\\\/filles-de-la-charite.org\\\/pt-pt\\\/lescale-luisa-de-marillac-em-fresnes-uma-experiencia-de-ephata\\\/#primaryimage\",\"url\":\"https:\\\/\\\/filles-de-la-charite.org\\\/wp-content\\\/uploads\\\/2023\\\/06\\\/Tania-scaled-1.jpg\",\"contentUrl\":\"https:\\\/\\\/filles-de-la-charite.org\\\/wp-content\\\/uploads\\\/2023\\\/06\\\/Tania-scaled-1.jpg\",\"width\":2560,\"height\":1920},{\"@type\":\"BreadcrumbList\",\"@id\":\"https:\\\/\\\/filles-de-la-charite.org\\\/pt-pt\\\/lescale-luisa-de-marillac-em-fresnes-uma-experiencia-de-ephata\\\/#breadcrumb\",\"itemListElement\":[{\"@type\":\"ListItem\",\"position\":1,\"name\":\"B\u00e9lgica-Fran\u00e7a-Su\u00ed\u00e7a\",\"item\":\"https:\\\/\\\/filles-de-la-charite.org\\\/pt-pt\\\/category\\\/belgica-franca-suica-pt-pt\\\/\"},{\"@type\":\"ListItem\",\"position\":2,\"name\":\"\u00abL\u2019escale\u00bb Lu\u00edsa de Marillac em Fresnes, uma experi\u00eancia de Ephata\"}]},{\"@type\":\"WebSite\",\"@id\":\"https:\\\/\\\/filles-de-la-charite.org\\\/pt-pt\\\/#website\",\"url\":\"https:\\\/\\\/filles-de-la-charite.org\\\/pt-pt\\\/\",\"name\":\"Hijas de la Caridad\",\"description\":\"L\u2019amour de J\u00e9sus nous presse \u00e0 prendre soin des personnes les plus d\u00e9munies\",\"publisher\":{\"@id\":\"https:\\\/\\\/filles-de-la-charite.org\\\/pt-pt\\\/#organization\"},\"potentialAction\":[{\"@type\":\"SearchAction\",\"target\":{\"@type\":\"EntryPoint\",\"urlTemplate\":\"https:\\\/\\\/filles-de-la-charite.org\\\/pt-pt\\\/?s={search_term_string}\"},\"query-input\":{\"@type\":\"PropertyValueSpecification\",\"valueRequired\":true,\"valueName\":\"search_term_string\"}}],\"inLanguage\":\"pt-PT\"},{\"@type\":\"Organization\",\"@id\":\"https:\\\/\\\/filles-de-la-charite.org\\\/pt-pt\\\/#organization\",\"name\":\"Hijas de la Caridad\",\"url\":\"https:\\\/\\\/filles-de-la-charite.org\\\/pt-pt\\\/\",\"logo\":{\"@type\":\"ImageObject\",\"inLanguage\":\"pt-PT\",\"@id\":\"https:\\\/\\\/filles-de-la-charite.org\\\/pt-pt\\\/#\\\/schema\\\/logo\\\/image\\\/\",\"url\":\"https:\\\/\\\/filles-de-la-charite.org\\\/wp-content\\\/uploads\\\/2023\\\/03\\\/isotipo-Hijas-de-la-Caridad.png\",\"contentUrl\":\"https:\\\/\\\/filles-de-la-charite.org\\\/wp-content\\\/uploads\\\/2023\\\/03\\\/isotipo-Hijas-de-la-Caridad.png\",\"width\":1417,\"height\":1417,\"caption\":\"Hijas de la Caridad\"},\"image\":{\"@id\":\"https:\\\/\\\/filles-de-la-charite.org\\\/pt-pt\\\/#\\\/schema\\\/logo\\\/image\\\/\"}},{\"@type\":\"Person\",\"@id\":\"https:\\\/\\\/filles-de-la-charite.org\\\/pt-pt\\\/#\\\/schema\\\/person\\\/427567b2eccfc2dd7d206da186a1f438\",\"name\":\"admin\",\"image\":{\"@type\":\"ImageObject\",\"inLanguage\":\"pt-PT\",\"@id\":\"https:\\\/\\\/secure.gravatar.com\\\/avatar\\\/948b492cce32b586ac2db0eaa926ee87024f7afe218d73b397ea5ddfc5f43ea1?s=96&d=mm&r=g\",\"url\":\"https:\\\/\\\/secure.gravatar.com\\\/avatar\\\/948b492cce32b586ac2db0eaa926ee87024f7afe218d73b397ea5ddfc5f43ea1?s=96&d=mm&r=g\",\"contentUrl\":\"https:\\\/\\\/secure.gravatar.com\\\/avatar\\\/948b492cce32b586ac2db0eaa926ee87024f7afe218d73b397ea5ddfc5f43ea1?s=96&d=mm&r=g\",\"caption\":\"admin\"},\"sameAs\":[\"https:\\\/\\\/filles-de-la-charite.org\"],\"url\":\"https:\\\/\\\/filles-de-la-charite.org\\\/pt-pt\\\/author\\\/caridad\\\/\"}]}<\/script>\n<!-- \/ Yoast SEO plugin. -->","yoast_head_json":{"title":"\u00abL\u2019escale\u00bb Lu\u00edsa de Marillac em Fresnes, uma experi\u00eancia de Ephata - Filles de la Charit\u00e9","robots":{"index":"index","follow":"follow","max-snippet":"max-snippet:-1","max-image-preview":"max-image-preview:large","max-video-preview":"max-video-preview:-1"},"canonical":"https:\/\/filles-de-la-charite.org\/pt-pt\/lescale-luisa-de-marillac-em-fresnes-uma-experiencia-de-ephata\/","og_locale":"pt_PT","og_type":"article","og_title":"\u00abL\u2019escale\u00bb Lu\u00edsa de Marillac em Fresnes, uma experi\u00eancia de Ephata - Filles de la Charit\u00e9","og_description":"Entre o medo e a confus\u00e3o que frequentemente atingem os parentes dos prisioneiros, as Filhas da Caridade est\u00e3o l\u00e1; quatro irm\u00e3s e alguns volunt\u00e1rios para manter as portas e os cora\u00e7\u00f5es abertos para as fam\u00edlias dos prisioneiros. Desde a chegada das duas primeiras Filhas da Caridade em Fresnes em 1755 para cuidar dos doentes e [&hellip;]","og_url":"https:\/\/filles-de-la-charite.org\/pt-pt\/lescale-luisa-de-marillac-em-fresnes-uma-experiencia-de-ephata\/","og_site_name":"Filles de la Charit\u00e9","article_published_time":"2021-05-31T20:00:00+00:00","article_modified_time":"2024-03-17T16:56:22+00:00","og_image":[{"width":2560,"height":1920,"url":"https:\/\/filles-de-la-charite.org\/wp-content\/uploads\/2023\/06\/Tania-scaled-1.jpg","type":"image\/jpeg"}],"author":"admin","twitter_card":"summary_large_image","twitter_misc":{"Escrito por":"admin","Tempo estimado de leitura":"4 minutos"},"schema":{"@context":"https:\/\/schema.org","@graph":[{"@type":"Article","@id":"https:\/\/filles-de-la-charite.org\/pt-pt\/lescale-luisa-de-marillac-em-fresnes-uma-experiencia-de-ephata\/#article","isPartOf":{"@id":"https:\/\/filles-de-la-charite.org\/pt-pt\/lescale-luisa-de-marillac-em-fresnes-uma-experiencia-de-ephata\/"},"author":{"name":"admin","@id":"https:\/\/filles-de-la-charite.org\/pt-pt\/#\/schema\/person\/427567b2eccfc2dd7d206da186a1f438"},"headline":"\u00abL\u2019escale\u00bb Lu\u00edsa de Marillac em Fresnes, uma experi\u00eancia de Ephata","datePublished":"2021-05-31T20:00:00+00:00","dateModified":"2024-03-17T16:56:22+00:00","mainEntityOfPage":{"@id":"https:\/\/filles-de-la-charite.org\/pt-pt\/lescale-luisa-de-marillac-em-fresnes-uma-experiencia-de-ephata\/"},"wordCount":711,"publisher":{"@id":"https:\/\/filles-de-la-charite.org\/pt-pt\/#organization"},"image":{"@id":"https:\/\/filles-de-la-charite.org\/pt-pt\/lescale-luisa-de-marillac-em-fresnes-uma-experiencia-de-ephata\/#primaryimage"},"thumbnailUrl":"https:\/\/filles-de-la-charite.org\/wp-content\/uploads\/2023\/06\/Tania-scaled-1.jpg","articleSection":["B\u00e9lgica-Fran\u00e7a-Su\u00ed\u00e7a"],"inLanguage":"pt-PT"},{"@type":"WebPage","@id":"https:\/\/filles-de-la-charite.org\/pt-pt\/lescale-luisa-de-marillac-em-fresnes-uma-experiencia-de-ephata\/","url":"https:\/\/filles-de-la-charite.org\/pt-pt\/lescale-luisa-de-marillac-em-fresnes-uma-experiencia-de-ephata\/","name":"\u00abL\u2019escale\u00bb Lu\u00edsa de Marillac em Fresnes, uma experi\u00eancia de Ephata - Filles de la Charit\u00e9","isPartOf":{"@id":"https:\/\/filles-de-la-charite.org\/pt-pt\/#website"},"primaryImageOfPage":{"@id":"https:\/\/filles-de-la-charite.org\/pt-pt\/lescale-luisa-de-marillac-em-fresnes-uma-experiencia-de-ephata\/#primaryimage"},"image":{"@id":"https:\/\/filles-de-la-charite.org\/pt-pt\/lescale-luisa-de-marillac-em-fresnes-uma-experiencia-de-ephata\/#primaryimage"},"thumbnailUrl":"https:\/\/filles-de-la-charite.org\/wp-content\/uploads\/2023\/06\/Tania-scaled-1.jpg","datePublished":"2021-05-31T20:00:00+00:00","dateModified":"2024-03-17T16:56:22+00:00","breadcrumb":{"@id":"https:\/\/filles-de-la-charite.org\/pt-pt\/lescale-luisa-de-marillac-em-fresnes-uma-experiencia-de-ephata\/#breadcrumb"},"inLanguage":"pt-PT","potentialAction":[{"@type":"ReadAction","target":["https:\/\/filles-de-la-charite.org\/pt-pt\/lescale-luisa-de-marillac-em-fresnes-uma-experiencia-de-ephata\/"]}]},{"@type":"ImageObject","inLanguage":"pt-PT","@id":"https:\/\/filles-de-la-charite.org\/pt-pt\/lescale-luisa-de-marillac-em-fresnes-uma-experiencia-de-ephata\/#primaryimage","url":"https:\/\/filles-de-la-charite.org\/wp-content\/uploads\/2023\/06\/Tania-scaled-1.jpg","contentUrl":"https:\/\/filles-de-la-charite.org\/wp-content\/uploads\/2023\/06\/Tania-scaled-1.jpg","width":2560,"height":1920},{"@type":"BreadcrumbList","@id":"https:\/\/filles-de-la-charite.org\/pt-pt\/lescale-luisa-de-marillac-em-fresnes-uma-experiencia-de-ephata\/#breadcrumb","itemListElement":[{"@type":"ListItem","position":1,"name":"B\u00e9lgica-Fran\u00e7a-Su\u00ed\u00e7a","item":"https:\/\/filles-de-la-charite.org\/pt-pt\/category\/belgica-franca-suica-pt-pt\/"},{"@type":"ListItem","position":2,"name":"\u00abL\u2019escale\u00bb Lu\u00edsa de Marillac em Fresnes, uma experi\u00eancia de Ephata"}]},{"@type":"WebSite","@id":"https:\/\/filles-de-la-charite.org\/pt-pt\/#website","url":"https:\/\/filles-de-la-charite.org\/pt-pt\/","name":"Hijas de la Caridad","description":"L\u2019amour de J\u00e9sus nous presse \u00e0 prendre soin des personnes les plus d\u00e9munies","publisher":{"@id":"https:\/\/filles-de-la-charite.org\/pt-pt\/#organization"},"potentialAction":[{"@type":"SearchAction","target":{"@type":"EntryPoint","urlTemplate":"https:\/\/filles-de-la-charite.org\/pt-pt\/?s={search_term_string}"},"query-input":{"@type":"PropertyValueSpecification","valueRequired":true,"valueName":"search_term_string"}}],"inLanguage":"pt-PT"},{"@type":"Organization","@id":"https:\/\/filles-de-la-charite.org\/pt-pt\/#organization","name":"Hijas de la Caridad","url":"https:\/\/filles-de-la-charite.org\/pt-pt\/","logo":{"@type":"ImageObject","inLanguage":"pt-PT","@id":"https:\/\/filles-de-la-charite.org\/pt-pt\/#\/schema\/logo\/image\/","url":"https:\/\/filles-de-la-charite.org\/wp-content\/uploads\/2023\/03\/isotipo-Hijas-de-la-Caridad.png","contentUrl":"https:\/\/filles-de-la-charite.org\/wp-content\/uploads\/2023\/03\/isotipo-Hijas-de-la-Caridad.png","width":1417,"height":1417,"caption":"Hijas de la Caridad"},"image":{"@id":"https:\/\/filles-de-la-charite.org\/pt-pt\/#\/schema\/logo\/image\/"}},{"@type":"Person","@id":"https:\/\/filles-de-la-charite.org\/pt-pt\/#\/schema\/person\/427567b2eccfc2dd7d206da186a1f438","name":"admin","image":{"@type":"ImageObject","inLanguage":"pt-PT","@id":"https:\/\/secure.gravatar.com\/avatar\/948b492cce32b586ac2db0eaa926ee87024f7afe218d73b397ea5ddfc5f43ea1?s=96&d=mm&r=g","url":"https:\/\/secure.gravatar.com\/avatar\/948b492cce32b586ac2db0eaa926ee87024f7afe218d73b397ea5ddfc5f43ea1?s=96&d=mm&r=g","contentUrl":"https:\/\/secure.gravatar.com\/avatar\/948b492cce32b586ac2db0eaa926ee87024f7afe218d73b397ea5ddfc5f43ea1?s=96&d=mm&r=g","caption":"admin"},"sameAs":["https:\/\/filles-de-la-charite.org"],"url":"https:\/\/filles-de-la-charite.org\/pt-pt\/author\/caridad\/"}]}},"_links":{"self":[{"href":"https:\/\/filles-de-la-charite.org\/pt-pt\/wp-json\/wp\/v2\/posts\/25229","targetHints":{"allow":["GET"]}}],"collection":[{"href":"https:\/\/filles-de-la-charite.org\/pt-pt\/wp-json\/wp\/v2\/posts"}],"about":[{"href":"https:\/\/filles-de-la-charite.org\/pt-pt\/wp-json\/wp\/v2\/types\/post"}],"author":[{"embeddable":true,"href":"https:\/\/filles-de-la-charite.org\/pt-pt\/wp-json\/wp\/v2\/users\/1"}],"replies":[{"embeddable":true,"href":"https:\/\/filles-de-la-charite.org\/pt-pt\/wp-json\/wp\/v2\/comments?post=25229"}],"version-history":[{"count":1,"href":"https:\/\/filles-de-la-charite.org\/pt-pt\/wp-json\/wp\/v2\/posts\/25229\/revisions"}],"predecessor-version":[{"id":25230,"href":"https:\/\/filles-de-la-charite.org\/pt-pt\/wp-json\/wp\/v2\/posts\/25229\/revisions\/25230"}],"wp:featuredmedia":[{"embeddable":true,"href":"https:\/\/filles-de-la-charite.org\/pt-pt\/wp-json\/wp\/v2\/media\/15947"}],"wp:attachment":[{"href":"https:\/\/filles-de-la-charite.org\/pt-pt\/wp-json\/wp\/v2\/media?parent=25229"}],"wp:term":[{"taxonomy":"category","embeddable":true,"href":"https:\/\/filles-de-la-charite.org\/pt-pt\/wp-json\/wp\/v2\/categories?post=25229"},{"taxonomy":"post_tag","embeddable":true,"href":"https:\/\/filles-de-la-charite.org\/pt-pt\/wp-json\/wp\/v2\/tags?post=25229"}],"curies":[{"name":"wp","href":"https:\/\/api.w.org\/{rel}","templated":true}]}}