{"id":25235,"date":"2021-07-23T12:02:41","date_gmt":"2021-07-23T10:02:41","guid":{"rendered":"https:\/\/hijascaridad.sjdigitaldemo.ovh\/encontro-da-equipe-do-site-web\/"},"modified":"2024-03-17T17:13:56","modified_gmt":"2024-03-17T16:13:56","slug":"encontro-da-equipe-do-site-web","status":"publish","type":"post","link":"https:\/\/filles-de-la-charite.org\/pt-pt\/encontro-da-equipe-do-site-web\/","title":{"rendered":"ENCONTRO DA EQUIPE DO SITE WEB"},"content":{"rendered":"\n<div class=\"wp-block-image\"><figure class=\"aligncenter size-large\"><img decoding=\"async\" src=\"https:\/\/filles-de-la-charite.org\/wp-content\/uploads\/2023\/06\/a-1.jpg\" alt=\"\" class=\"wp-image-63216\" \/><figcaption><em>Equipa do Website com a Superiora Geral e a Conselheira Geral<\/em><\/figcaption><\/figure><\/div>\n\n\n\n<p>De 19 a 23 de Julho, na Casa M\u00e3e das Filhas da Caridade, em Paris, realizou-se o Encontro anual dos membros do Website da Companhia. Dois membros da Equipa (das Filipinas e de Mo\u00e7ambique) n\u00e3o puderam chegar a Paris devido \u00e0 restri\u00e7\u00e3o da pandemia da coroa, mas puderam trabalhar com os outros membros da Equipa atrav\u00e9s de Video-confer\u00eancia.<\/p>\n\n\n\n<p>O Encontro iniciou com uma ora\u00e7\u00e3o comum (atrav\u00e9s de uma transmiss\u00e3o em directo) e recordou-nos dos pensamentos da Madre Elizondo aquando do in\u00edcio do Website da Companhia: <em>\"Desejamos utilizar o website para promover uma cultura de di\u00e1logo, participa\u00e7\u00e3o e solidariedade ao servi\u00e7o da Companhia... A Internet \u00e9 uma excelente ferramenta para ser a voz dos sem-voz no mundo\".<\/em><\/p>\n\n\n\n<p>Um tema importante da reuni\u00e3o \u00e9 a prepara\u00e7\u00e3o da Assembleia Geral das Filhas da Caridade que ter\u00e1 lugar no m\u00eas de Outubro e Novembro de 2021. A Equipa est\u00e1 a preparar a sec\u00e7\u00e3o p\u00fablica e privada do Website e est\u00e1 a tratar de quest\u00f5es t\u00e9cnicas e organizacionais.<\/p>\n\n\n\n<div class=\"wp-block-image\"><figure class=\"aligncenter size-large\"><img decoding=\"async\" src=\"https:\/\/filles-de-la-charite.org\/wp-content\/uploads\/2023\/06\/2-1024x577-1.jpg\" alt=\"\" class=\"wp-image-63208\" \/><\/figure><\/div>\n\n\n\n<p>Outra quest\u00e3o \u00e9 a calendariza\u00e7\u00e3o das contribui\u00e7\u00f5es mensais de cada membro da Equipe para os pr\u00f3ximos meses.<\/p>\n\n\n\n<p>A Equipe conseguiu esclarecer muitas quest\u00f5es durante uma entrevista com a Superiora Geral, Ir. Fran\u00e7oise Petit e a Conselheira Geral, Ir. Maria Teresa Mueda, no pen\u00faltimo dia.<\/p>\n\n\n\n<p>Apesar de sermos uma pequena equipe de Irm\u00e3s, tentamos fazer o nosso melhor neste servi\u00e7o da nossa \"Pequena Companhia\", como dissemos na ora\u00e7\u00e3o de abertura:<\/p>\n\n\n\n<p>\"Senhor, mostra-nos como conduzir o nosso trabalho com esp\u00edrito de alegria e entusiasmo... Ajuda-nos a trabalhar em equipe e encoraja-nos mutuamente \u00e0 excel\u00eancia... Te pedimos em nome de Jesus Cristo\". \u00c1men\".<\/p>\n\n\n\n<div class=\"wp-block-image\"><figure class=\"aligncenter size-large\"><img decoding=\"async\" src=\"https:\/\/filles-de-la-charite.org\/wp-content\/uploads\/2023\/06\/4-1024x667-1.jpg\" alt=\"\" class=\"wp-image-63206\" \/><\/figure><\/div>\n","protected":false},"excerpt":{"rendered":"<p>De 19 a 23 de Julho, na Casa M\u00e3e das Filhas da Caridade, em Paris, realizou-se o Encontro anual dos membros do Website da Companhia. Dois membros da Equipa (das Filipinas e de Mo\u00e7ambique) n\u00e3o puderam chegar a Paris devido \u00e0 restri\u00e7\u00e3o da pandemia da coroa, mas puderam trabalhar com os outros membros da Equipa [&hellip;]<\/p>\n","protected":false},"author":1,"featured_media":16037,"comment_status":"closed","ping_status":"closed","sticky":false,"template":"","format":"standard","meta":{"_acf_changed":false,"footnotes":"","_links_to":"","_links_to_target":""},"categories":[561],"tags":[],"class_list":["post-25235","post","type-post","status-publish","format-standard","has-post-thumbnail","hentry","category-casa-mae-pt-pt"],"acf":[],"yoast_head":"<!-- This site is optimized with the Yoast SEO plugin v27.5 - https:\/\/yoast.com\/product\/yoast-seo-wordpress\/ -->\n<title>ENCONTRO DA EQUIPE DO SITE WEB - Filles de la Charit\u00e9<\/title>\n<meta name=\"robots\" content=\"index, follow, max-snippet:-1, max-image-preview:large, max-video-preview:-1\" \/>\n<link rel=\"canonical\" href=\"https:\/\/filles-de-la-charite.org\/pt-pt\/encontro-da-equipe-do-site-web\/\" \/>\n<meta property=\"og:locale\" content=\"pt_PT\" \/>\n<meta property=\"og:type\" content=\"article\" \/>\n<meta property=\"og:title\" content=\"ENCONTRO DA EQUIPE DO SITE WEB - Filles de la Charit\u00e9\" \/>\n<meta property=\"og:description\" content=\"De 19 a 23 de Julho, na Casa M\u00e3e das Filhas da Caridade, em Paris, realizou-se o Encontro anual dos membros do Website da Companhia. Dois membros da Equipa (das Filipinas e de Mo\u00e7ambique) n\u00e3o puderam chegar a Paris devido \u00e0 restri\u00e7\u00e3o da pandemia da coroa, mas puderam trabalhar com os outros membros da Equipa [&hellip;]\" \/>\n<meta property=\"og:url\" content=\"https:\/\/filles-de-la-charite.org\/pt-pt\/encontro-da-equipe-do-site-web\/\" \/>\n<meta property=\"og:site_name\" content=\"Filles de la Charit\u00e9\" \/>\n<meta property=\"article:published_time\" content=\"2021-07-23T10:02:41+00:00\" \/>\n<meta property=\"article:modified_time\" content=\"2024-03-17T16:13:56+00:00\" \/>\n<meta property=\"og:image\" content=\"https:\/\/filles-de-la-charite.org\/wp-content\/uploads\/2023\/06\/1-7.jpg\" \/>\n\t<meta property=\"og:image:width\" content=\"1540\" \/>\n\t<meta property=\"og:image:height\" content=\"978\" \/>\n\t<meta property=\"og:image:type\" content=\"image\/jpeg\" \/>\n<meta name=\"author\" content=\"admin\" \/>\n<meta name=\"twitter:card\" content=\"summary_large_image\" \/>\n<meta name=\"twitter:label1\" content=\"Escrito por\" \/>\n\t<meta name=\"twitter:data1\" content=\"admin\" \/>\n\t<meta name=\"twitter:label2\" content=\"Tempo estimado de leitura\" \/>\n\t<meta name=\"twitter:data2\" content=\"2 minutos\" \/>\n<script type=\"application\/ld+json\" class=\"yoast-schema-graph\">{\"@context\":\"https:\\\/\\\/schema.org\",\"@graph\":[{\"@type\":\"Article\",\"@id\":\"https:\\\/\\\/filles-de-la-charite.org\\\/pt-pt\\\/encontro-da-equipe-do-site-web\\\/#article\",\"isPartOf\":{\"@id\":\"https:\\\/\\\/filles-de-la-charite.org\\\/pt-pt\\\/encontro-da-equipe-do-site-web\\\/\"},\"author\":{\"name\":\"admin\",\"@id\":\"https:\\\/\\\/filles-de-la-charite.org\\\/pt-pt\\\/#\\\/schema\\\/person\\\/427567b2eccfc2dd7d206da186a1f438\"},\"headline\":\"ENCONTRO DA EQUIPE DO SITE WEB\",\"datePublished\":\"2021-07-23T10:02:41+00:00\",\"dateModified\":\"2024-03-17T16:13:56+00:00\",\"mainEntityOfPage\":{\"@id\":\"https:\\\/\\\/filles-de-la-charite.org\\\/pt-pt\\\/encontro-da-equipe-do-site-web\\\/\"},\"wordCount\":304,\"publisher\":{\"@id\":\"https:\\\/\\\/filles-de-la-charite.org\\\/pt-pt\\\/#organization\"},\"image\":{\"@id\":\"https:\\\/\\\/filles-de-la-charite.org\\\/pt-pt\\\/encontro-da-equipe-do-site-web\\\/#primaryimage\"},\"thumbnailUrl\":\"https:\\\/\\\/filles-de-la-charite.org\\\/wp-content\\\/uploads\\\/2023\\\/06\\\/1-7.jpg\",\"articleSection\":[\"Casa-M\u00e3e\"],\"inLanguage\":\"pt-PT\"},{\"@type\":\"WebPage\",\"@id\":\"https:\\\/\\\/filles-de-la-charite.org\\\/pt-pt\\\/encontro-da-equipe-do-site-web\\\/\",\"url\":\"https:\\\/\\\/filles-de-la-charite.org\\\/pt-pt\\\/encontro-da-equipe-do-site-web\\\/\",\"name\":\"ENCONTRO DA EQUIPE DO SITE WEB - Filles de la Charit\u00e9\",\"isPartOf\":{\"@id\":\"https:\\\/\\\/filles-de-la-charite.org\\\/pt-pt\\\/#website\"},\"primaryImageOfPage\":{\"@id\":\"https:\\\/\\\/filles-de-la-charite.org\\\/pt-pt\\\/encontro-da-equipe-do-site-web\\\/#primaryimage\"},\"image\":{\"@id\":\"https:\\\/\\\/filles-de-la-charite.org\\\/pt-pt\\\/encontro-da-equipe-do-site-web\\\/#primaryimage\"},\"thumbnailUrl\":\"https:\\\/\\\/filles-de-la-charite.org\\\/wp-content\\\/uploads\\\/2023\\\/06\\\/1-7.jpg\",\"datePublished\":\"2021-07-23T10:02:41+00:00\",\"dateModified\":\"2024-03-17T16:13:56+00:00\",\"breadcrumb\":{\"@id\":\"https:\\\/\\\/filles-de-la-charite.org\\\/pt-pt\\\/encontro-da-equipe-do-site-web\\\/#breadcrumb\"},\"inLanguage\":\"pt-PT\",\"potentialAction\":[{\"@type\":\"ReadAction\",\"target\":[\"https:\\\/\\\/filles-de-la-charite.org\\\/pt-pt\\\/encontro-da-equipe-do-site-web\\\/\"]}]},{\"@type\":\"ImageObject\",\"inLanguage\":\"pt-PT\",\"@id\":\"https:\\\/\\\/filles-de-la-charite.org\\\/pt-pt\\\/encontro-da-equipe-do-site-web\\\/#primaryimage\",\"url\":\"https:\\\/\\\/filles-de-la-charite.org\\\/wp-content\\\/uploads\\\/2023\\\/06\\\/1-7.jpg\",\"contentUrl\":\"https:\\\/\\\/filles-de-la-charite.org\\\/wp-content\\\/uploads\\\/2023\\\/06\\\/1-7.jpg\",\"width\":1540,\"height\":978},{\"@type\":\"BreadcrumbList\",\"@id\":\"https:\\\/\\\/filles-de-la-charite.org\\\/pt-pt\\\/encontro-da-equipe-do-site-web\\\/#breadcrumb\",\"itemListElement\":[{\"@type\":\"ListItem\",\"position\":1,\"name\":\"Vars\u00f3via - Pol\u00f3nia\",\"item\":\"https:\\\/\\\/filles-de-la-charite.org\\\/pt-pt\\\/category\\\/varsovia-polonia-pt-pt\\\/\"},{\"@type\":\"ListItem\",\"position\":2,\"name\":\"ENCONTRO DA EQUIPE DO SITE WEB\"}]},{\"@type\":\"WebSite\",\"@id\":\"https:\\\/\\\/filles-de-la-charite.org\\\/pt-pt\\\/#website\",\"url\":\"https:\\\/\\\/filles-de-la-charite.org\\\/pt-pt\\\/\",\"name\":\"Hijas de la Caridad\",\"description\":\"L\u2019amour de J\u00e9sus nous presse \u00e0 prendre soin des personnes les plus d\u00e9munies\",\"publisher\":{\"@id\":\"https:\\\/\\\/filles-de-la-charite.org\\\/pt-pt\\\/#organization\"},\"potentialAction\":[{\"@type\":\"SearchAction\",\"target\":{\"@type\":\"EntryPoint\",\"urlTemplate\":\"https:\\\/\\\/filles-de-la-charite.org\\\/pt-pt\\\/?s={search_term_string}\"},\"query-input\":{\"@type\":\"PropertyValueSpecification\",\"valueRequired\":true,\"valueName\":\"search_term_string\"}}],\"inLanguage\":\"pt-PT\"},{\"@type\":\"Organization\",\"@id\":\"https:\\\/\\\/filles-de-la-charite.org\\\/pt-pt\\\/#organization\",\"name\":\"Hijas de la Caridad\",\"url\":\"https:\\\/\\\/filles-de-la-charite.org\\\/pt-pt\\\/\",\"logo\":{\"@type\":\"ImageObject\",\"inLanguage\":\"pt-PT\",\"@id\":\"https:\\\/\\\/filles-de-la-charite.org\\\/pt-pt\\\/#\\\/schema\\\/logo\\\/image\\\/\",\"url\":\"https:\\\/\\\/filles-de-la-charite.org\\\/wp-content\\\/uploads\\\/2023\\\/03\\\/isotipo-Hijas-de-la-Caridad.png\",\"contentUrl\":\"https:\\\/\\\/filles-de-la-charite.org\\\/wp-content\\\/uploads\\\/2023\\\/03\\\/isotipo-Hijas-de-la-Caridad.png\",\"width\":1417,\"height\":1417,\"caption\":\"Hijas de la Caridad\"},\"image\":{\"@id\":\"https:\\\/\\\/filles-de-la-charite.org\\\/pt-pt\\\/#\\\/schema\\\/logo\\\/image\\\/\"}},{\"@type\":\"Person\",\"@id\":\"https:\\\/\\\/filles-de-la-charite.org\\\/pt-pt\\\/#\\\/schema\\\/person\\\/427567b2eccfc2dd7d206da186a1f438\",\"name\":\"admin\",\"image\":{\"@type\":\"ImageObject\",\"inLanguage\":\"pt-PT\",\"@id\":\"https:\\\/\\\/secure.gravatar.com\\\/avatar\\\/948b492cce32b586ac2db0eaa926ee87024f7afe218d73b397ea5ddfc5f43ea1?s=96&d=mm&r=g\",\"url\":\"https:\\\/\\\/secure.gravatar.com\\\/avatar\\\/948b492cce32b586ac2db0eaa926ee87024f7afe218d73b397ea5ddfc5f43ea1?s=96&d=mm&r=g\",\"contentUrl\":\"https:\\\/\\\/secure.gravatar.com\\\/avatar\\\/948b492cce32b586ac2db0eaa926ee87024f7afe218d73b397ea5ddfc5f43ea1?s=96&d=mm&r=g\",\"caption\":\"admin\"},\"sameAs\":[\"https:\\\/\\\/filles-de-la-charite.org\"],\"url\":\"https:\\\/\\\/filles-de-la-charite.org\\\/pt-pt\\\/author\\\/caridad\\\/\"}]}<\/script>\n<!-- \/ Yoast SEO plugin. -->","yoast_head_json":{"title":"ENCONTRO DA EQUIPE DO SITE WEB - Filles de la Charit\u00e9","robots":{"index":"index","follow":"follow","max-snippet":"max-snippet:-1","max-image-preview":"max-image-preview:large","max-video-preview":"max-video-preview:-1"},"canonical":"https:\/\/filles-de-la-charite.org\/pt-pt\/encontro-da-equipe-do-site-web\/","og_locale":"pt_PT","og_type":"article","og_title":"ENCONTRO DA EQUIPE DO SITE WEB - Filles de la Charit\u00e9","og_description":"De 19 a 23 de Julho, na Casa M\u00e3e das Filhas da Caridade, em Paris, realizou-se o Encontro anual dos membros do Website da Companhia. Dois membros da Equipa (das Filipinas e de Mo\u00e7ambique) n\u00e3o puderam chegar a Paris devido \u00e0 restri\u00e7\u00e3o da pandemia da coroa, mas puderam trabalhar com os outros membros da Equipa [&hellip;]","og_url":"https:\/\/filles-de-la-charite.org\/pt-pt\/encontro-da-equipe-do-site-web\/","og_site_name":"Filles de la Charit\u00e9","article_published_time":"2021-07-23T10:02:41+00:00","article_modified_time":"2024-03-17T16:13:56+00:00","og_image":[{"width":1540,"height":978,"url":"https:\/\/filles-de-la-charite.org\/wp-content\/uploads\/2023\/06\/1-7.jpg","type":"image\/jpeg"}],"author":"admin","twitter_card":"summary_large_image","twitter_misc":{"Escrito por":"admin","Tempo estimado de leitura":"2 minutos"},"schema":{"@context":"https:\/\/schema.org","@graph":[{"@type":"Article","@id":"https:\/\/filles-de-la-charite.org\/pt-pt\/encontro-da-equipe-do-site-web\/#article","isPartOf":{"@id":"https:\/\/filles-de-la-charite.org\/pt-pt\/encontro-da-equipe-do-site-web\/"},"author":{"name":"admin","@id":"https:\/\/filles-de-la-charite.org\/pt-pt\/#\/schema\/person\/427567b2eccfc2dd7d206da186a1f438"},"headline":"ENCONTRO DA EQUIPE DO SITE WEB","datePublished":"2021-07-23T10:02:41+00:00","dateModified":"2024-03-17T16:13:56+00:00","mainEntityOfPage":{"@id":"https:\/\/filles-de-la-charite.org\/pt-pt\/encontro-da-equipe-do-site-web\/"},"wordCount":304,"publisher":{"@id":"https:\/\/filles-de-la-charite.org\/pt-pt\/#organization"},"image":{"@id":"https:\/\/filles-de-la-charite.org\/pt-pt\/encontro-da-equipe-do-site-web\/#primaryimage"},"thumbnailUrl":"https:\/\/filles-de-la-charite.org\/wp-content\/uploads\/2023\/06\/1-7.jpg","articleSection":["Casa-M\u00e3e"],"inLanguage":"pt-PT"},{"@type":"WebPage","@id":"https:\/\/filles-de-la-charite.org\/pt-pt\/encontro-da-equipe-do-site-web\/","url":"https:\/\/filles-de-la-charite.org\/pt-pt\/encontro-da-equipe-do-site-web\/","name":"ENCONTRO DA EQUIPE DO SITE WEB - Filles de la Charit\u00e9","isPartOf":{"@id":"https:\/\/filles-de-la-charite.org\/pt-pt\/#website"},"primaryImageOfPage":{"@id":"https:\/\/filles-de-la-charite.org\/pt-pt\/encontro-da-equipe-do-site-web\/#primaryimage"},"image":{"@id":"https:\/\/filles-de-la-charite.org\/pt-pt\/encontro-da-equipe-do-site-web\/#primaryimage"},"thumbnailUrl":"https:\/\/filles-de-la-charite.org\/wp-content\/uploads\/2023\/06\/1-7.jpg","datePublished":"2021-07-23T10:02:41+00:00","dateModified":"2024-03-17T16:13:56+00:00","breadcrumb":{"@id":"https:\/\/filles-de-la-charite.org\/pt-pt\/encontro-da-equipe-do-site-web\/#breadcrumb"},"inLanguage":"pt-PT","potentialAction":[{"@type":"ReadAction","target":["https:\/\/filles-de-la-charite.org\/pt-pt\/encontro-da-equipe-do-site-web\/"]}]},{"@type":"ImageObject","inLanguage":"pt-PT","@id":"https:\/\/filles-de-la-charite.org\/pt-pt\/encontro-da-equipe-do-site-web\/#primaryimage","url":"https:\/\/filles-de-la-charite.org\/wp-content\/uploads\/2023\/06\/1-7.jpg","contentUrl":"https:\/\/filles-de-la-charite.org\/wp-content\/uploads\/2023\/06\/1-7.jpg","width":1540,"height":978},{"@type":"BreadcrumbList","@id":"https:\/\/filles-de-la-charite.org\/pt-pt\/encontro-da-equipe-do-site-web\/#breadcrumb","itemListElement":[{"@type":"ListItem","position":1,"name":"Vars\u00f3via - Pol\u00f3nia","item":"https:\/\/filles-de-la-charite.org\/pt-pt\/category\/varsovia-polonia-pt-pt\/"},{"@type":"ListItem","position":2,"name":"ENCONTRO DA EQUIPE DO SITE WEB"}]},{"@type":"WebSite","@id":"https:\/\/filles-de-la-charite.org\/pt-pt\/#website","url":"https:\/\/filles-de-la-charite.org\/pt-pt\/","name":"Hijas de la Caridad","description":"L\u2019amour de J\u00e9sus nous presse \u00e0 prendre soin des personnes les plus d\u00e9munies","publisher":{"@id":"https:\/\/filles-de-la-charite.org\/pt-pt\/#organization"},"potentialAction":[{"@type":"SearchAction","target":{"@type":"EntryPoint","urlTemplate":"https:\/\/filles-de-la-charite.org\/pt-pt\/?s={search_term_string}"},"query-input":{"@type":"PropertyValueSpecification","valueRequired":true,"valueName":"search_term_string"}}],"inLanguage":"pt-PT"},{"@type":"Organization","@id":"https:\/\/filles-de-la-charite.org\/pt-pt\/#organization","name":"Hijas de la Caridad","url":"https:\/\/filles-de-la-charite.org\/pt-pt\/","logo":{"@type":"ImageObject","inLanguage":"pt-PT","@id":"https:\/\/filles-de-la-charite.org\/pt-pt\/#\/schema\/logo\/image\/","url":"https:\/\/filles-de-la-charite.org\/wp-content\/uploads\/2023\/03\/isotipo-Hijas-de-la-Caridad.png","contentUrl":"https:\/\/filles-de-la-charite.org\/wp-content\/uploads\/2023\/03\/isotipo-Hijas-de-la-Caridad.png","width":1417,"height":1417,"caption":"Hijas de la Caridad"},"image":{"@id":"https:\/\/filles-de-la-charite.org\/pt-pt\/#\/schema\/logo\/image\/"}},{"@type":"Person","@id":"https:\/\/filles-de-la-charite.org\/pt-pt\/#\/schema\/person\/427567b2eccfc2dd7d206da186a1f438","name":"admin","image":{"@type":"ImageObject","inLanguage":"pt-PT","@id":"https:\/\/secure.gravatar.com\/avatar\/948b492cce32b586ac2db0eaa926ee87024f7afe218d73b397ea5ddfc5f43ea1?s=96&d=mm&r=g","url":"https:\/\/secure.gravatar.com\/avatar\/948b492cce32b586ac2db0eaa926ee87024f7afe218d73b397ea5ddfc5f43ea1?s=96&d=mm&r=g","contentUrl":"https:\/\/secure.gravatar.com\/avatar\/948b492cce32b586ac2db0eaa926ee87024f7afe218d73b397ea5ddfc5f43ea1?s=96&d=mm&r=g","caption":"admin"},"sameAs":["https:\/\/filles-de-la-charite.org"],"url":"https:\/\/filles-de-la-charite.org\/pt-pt\/author\/caridad\/"}]}},"_links":{"self":[{"href":"https:\/\/filles-de-la-charite.org\/pt-pt\/wp-json\/wp\/v2\/posts\/25235","targetHints":{"allow":["GET"]}}],"collection":[{"href":"https:\/\/filles-de-la-charite.org\/pt-pt\/wp-json\/wp\/v2\/posts"}],"about":[{"href":"https:\/\/filles-de-la-charite.org\/pt-pt\/wp-json\/wp\/v2\/types\/post"}],"author":[{"embeddable":true,"href":"https:\/\/filles-de-la-charite.org\/pt-pt\/wp-json\/wp\/v2\/users\/1"}],"replies":[{"embeddable":true,"href":"https:\/\/filles-de-la-charite.org\/pt-pt\/wp-json\/wp\/v2\/comments?post=25235"}],"version-history":[{"count":1,"href":"https:\/\/filles-de-la-charite.org\/pt-pt\/wp-json\/wp\/v2\/posts\/25235\/revisions"}],"predecessor-version":[{"id":25236,"href":"https:\/\/filles-de-la-charite.org\/pt-pt\/wp-json\/wp\/v2\/posts\/25235\/revisions\/25236"}],"wp:featuredmedia":[{"embeddable":true,"href":"https:\/\/filles-de-la-charite.org\/pt-pt\/wp-json\/wp\/v2\/media\/16037"}],"wp:attachment":[{"href":"https:\/\/filles-de-la-charite.org\/pt-pt\/wp-json\/wp\/v2\/media?parent=25235"}],"wp:term":[{"taxonomy":"category","embeddable":true,"href":"https:\/\/filles-de-la-charite.org\/pt-pt\/wp-json\/wp\/v2\/categories?post=25235"},{"taxonomy":"post_tag","embeddable":true,"href":"https:\/\/filles-de-la-charite.org\/pt-pt\/wp-json\/wp\/v2\/tags?post=25235"}],"curies":[{"name":"wp","href":"https:\/\/api.w.org\/{rel}","templated":true}]}}