{"id":25237,"date":"2021-07-31T22:00:28","date_gmt":"2021-07-31T20:00:28","guid":{"rendered":"https:\/\/hijascaridad.sjdigitaldemo.ovh\/noticias-de-uma-irma-missionaria-na-bahia-blanca-argentina\/"},"modified":"2024-03-17T17:13:48","modified_gmt":"2024-03-17T16:13:48","slug":"noticias-de-uma-irma-missionaria-na-bahia-blanca-argentina","status":"publish","type":"post","link":"https:\/\/filles-de-la-charite.org\/pt-pt\/noticias-de-uma-irma-missionaria-na-bahia-blanca-argentina\/","title":{"rendered":"Not\u00edcias de uma irm\u00e3 mission\u00e1ria na Bahia Blanca (Argentina)"},"content":{"rendered":"\n<div class=\"wp-block-image\"><figure class=\"aligncenter size-large\"><img decoding=\"async\" src=\"https:\/\/filles-de-la-charite.org\/wp-content\/uploads\/2023\/06\/Vincentian-Charity-Association-1024x690-1.jpg\" alt=\"\" class=\"wp-image-63212\" \/><figcaption><em>Associa\u00e7\u00e3o da Caridade Vicentina<\/em><\/figcaption><\/figure><\/div>\n\n\n\n<p>Somos cinco Irm\u00e3s na nossa Comunidade de Bah\u00eda Blanca, com idades compreendidas entre 78 e 88 anos; como Comunidade local temos tr\u00eas objectivos: felicidade, fraternidade e miseric\u00f3rdia.<\/p>\n\n\n\n<p>O nosso servi\u00e7o \u00e9 realizado numa escola na aldeia de &#8220;Villa Miter&#8221;, bem como no servi\u00e7o s\u00f3cio-pastoral chamado &#8220;9 de Novembro&#8221; onde tenho trabalhado desde a minha chegada \u00e0 Bahia em 2013. Com a ajuda incondicional das minhas Comunidades locais e Provinciais e em colabora\u00e7\u00e3o com a Comunidade Educativa onde a Associa\u00e7\u00e3o Internacional Vicentina de Caridade (AIC) foi erguida em 2016, decidimos criar uma Escola de &#8220;disc\u00edpulos mission\u00e1rios&#8221;.<\/p>\n\n\n\n<div class=\"wp-block-image\"><figure class=\"aligncenter size-large\"><img decoding=\"async\" src=\"https:\/\/filles-de-la-charite.org\/wp-content\/uploads\/2023\/06\/second-hand-sale.jpg\" alt=\"\" class=\"wp-image-63211\" \/><figcaption><em>\u00a0VENDA DE SEGUNDA M\u00c3O<\/em><\/figcaption><\/figure><\/div>\n\n\n\n<p>O Projecto inicial do &#8220;9 de Novembro&#8221; baseava-se na visita domicili\u00e1ria e na an\u00e1lise da realidade. Com as pequenas contribui\u00e7\u00f5es dos membros, como uma cadeia de solidariedade, e com o dinheiro recolhido de uma venda de segunda m\u00e3o, fornec\u00edamos os materiais de constru\u00e7\u00e3o para que as fam\u00edlias pudessem mudar as suas barracas de chapa met\u00e1lica para casas de tijolo.<\/p>\n\n\n\n<div class=\"wp-block-image\"><figure class=\"aligncenter size-large\"><img decoding=\"async\" src=\"https:\/\/filles-de-la-charite.org\/wp-content\/uploads\/2023\/06\/9-de-Noviembre-neighbourhood-1024x577-1.png\" alt=\"\" class=\"wp-image-63214\" \/><figcaption><em>Bairro \u201c9 de Novembro\u201d<\/em><\/figcaption><\/figure><\/div>\n\n\n\n<p>O Projecto de constru\u00e7\u00e3o foi realizado de 2013 a 2017 e foram constru\u00eddas 31 casas.<\/p>\n\n\n\n<p>Durante 2017 e 2018 atribu\u00edmos: doa\u00e7\u00f5es, Projectos e reembolso dos empr\u00e9stimos de vizinhan\u00e7a para a constru\u00e7\u00e3o do Centro Social Vicentino, de modo a que este volte ao seu pr\u00f3prio uso. Este Centro pertence \u00e0 Associa\u00e7\u00e3o Internacional Vicentina de Caridade porque o terreno lhes foi concedido como empr\u00e9stimo pelo Munic\u00edpio.<\/p>\n\n\n\n<p>As actividades no Centro Social Vicentino durante 2018-2019 foram educacionais (alfabetiza\u00e7\u00e3o de adultos Prim\u00e1rios e Secund\u00e1rios, apoio escolar prim\u00e1rio e secund\u00e1rio, escola inglesa no Instituto Juan XXIII e Inform\u00e1tica) e sociais (forma\u00e7\u00e3o em manipula\u00e7\u00e3o de alimentos, cozinha saud\u00e1vel, Padaria e doces, oficina de costura, tanques t\u00e9rmicos solares).<\/p>\n\n\n\n<div class=\"wp-block-image\"><figure class=\"aligncenter size-large\"><img decoding=\"async\" src=\"https:\/\/filles-de-la-charite.org\/wp-content\/uploads\/2023\/06\/Vincentian-Social-Center-1024x647-1.jpg\" alt=\"\" class=\"wp-image-63213\" \/><figcaption><em>Centro Social Vicentino<\/em><\/figcaption><\/figure><\/div>\n\n\n\n<p>Em 2020, em toda a pandemia de Covid19, embora n\u00e3o tenha sido poss\u00edvel realizar actividades educativas e de Promo\u00e7\u00e3o Social como nos anos anteriores, o apoio escolar, a escola virtual inglesa e a distribui\u00e7\u00e3o de alimentos a cerca de 100 fam\u00edlias do bairro foram continuados em colabora\u00e7\u00e3o com o Munic\u00edpio.<\/p>\n\n\n\n<p>Em 2021, sete parcelas de terreno foram doadas \u00e0s Filhas da Caridade para construir o Projecto 2020-2025 &#8220;CENTRO DE INTEGRA\u00c7\u00c3O MARILLAC&#8221; constitu\u00eddo por 12 hortas familiares, armaz\u00e9m ou barrac\u00e3o para oficinas de artesanato e um Centro para Crian\u00e7as.<\/p>\n\n\n\n<p>Na minha ora\u00e7\u00e3o sincera pe\u00e7o ao Senhor que chegue at\u00e9 onde n\u00e3o podemos porque &#8220;a seara \u00e9 grande mas os oper\u00e1rios s\u00e3o poucos&#8221; (Lc 10,2) e fr\u00e1geis. Estamos certos de que o Seu tempo n\u00e3o \u00e9 o nosso e que Ele age nas nossas fraquezas.<\/p>\n\n\n\n<div class=\"wp-block-image\"><figure class=\"aligncenter size-large\"><img decoding=\"async\" src=\"https:\/\/filles-de-la-charite.org\/wp-content\/uploads\/2023\/06\/Project-2020-2025-MARILLAC-INTEGRATION-CENTER-1024x465-1.jpg\" alt=\"\" class=\"wp-image-63210\" \/><figcaption><em>Projecto 2020-2025- CENTRO DE INTEGRA\u00c7\u00c3O DE MARILLAC<\/em><\/figcaption><\/figure><\/div>\n","protected":false},"excerpt":{"rendered":"<p>Somos cinco Irm\u00e3s na nossa Comunidade de Bah\u00eda Blanca, com idades compreendidas entre 78 e 88 anos; como Comunidade local temos tr\u00eas objectivos: felicidade, fraternidade e miseric\u00f3rdia. O nosso servi\u00e7o \u00e9 realizado numa escola na aldeia de &#8220;Villa Miter&#8221;, bem como no servi\u00e7o s\u00f3cio-pastoral chamado &#8220;9 de Novembro&#8221; onde tenho trabalhado desde a minha chegada [&hellip;]<\/p>\n","protected":false},"author":1,"featured_media":16075,"comment_status":"closed","ping_status":"closed","sticky":false,"template":"","format":"standard","meta":{"_acf_changed":false,"_et_pb_use_builder":"","_et_pb_old_content":"","_et_gb_content_width":"","footnotes":"","_links_to":"","_links_to_target":""},"categories":[773],"tags":[],"class_list":["post-25237","post","type-post","status-publish","format-standard","has-post-thumbnail","hentry","category-america-del-sur-pt-pt"],"acf":[],"yoast_head":"<!-- This site is optimized with the Yoast SEO plugin v27.5 - https:\/\/yoast.com\/product\/yoast-seo-wordpress\/ -->\n<title>Not\u00edcias de uma irm\u00e3 mission\u00e1ria na Bahia Blanca (Argentina) - Filles de la Charit\u00e9<\/title>\n<meta name=\"robots\" content=\"index, follow, max-snippet:-1, max-image-preview:large, max-video-preview:-1\" \/>\n<link rel=\"canonical\" href=\"https:\/\/filles-de-la-charite.org\/pt-pt\/noticias-de-uma-irma-missionaria-na-bahia-blanca-argentina\/\" \/>\n<meta property=\"og:locale\" content=\"pt_PT\" \/>\n<meta property=\"og:type\" content=\"article\" \/>\n<meta property=\"og:title\" content=\"Not\u00edcias de uma irm\u00e3 mission\u00e1ria na Bahia Blanca (Argentina) - Filles de la Charit\u00e9\" \/>\n<meta property=\"og:description\" content=\"Somos cinco Irm\u00e3s na nossa Comunidade de Bah\u00eda Blanca, com idades compreendidas entre 78 e 88 anos; como Comunidade local temos tr\u00eas objectivos: felicidade, fraternidade e miseric\u00f3rdia. O nosso servi\u00e7o \u00e9 realizado numa escola na aldeia de &#8220;Villa Miter&#8221;, bem como no servi\u00e7o s\u00f3cio-pastoral chamado &#8220;9 de Novembro&#8221; onde tenho trabalhado desde a minha chegada [&hellip;]\" \/>\n<meta property=\"og:url\" content=\"https:\/\/filles-de-la-charite.org\/pt-pt\/noticias-de-uma-irma-missionaria-na-bahia-blanca-argentina\/\" \/>\n<meta property=\"og:site_name\" content=\"Filles de la Charit\u00e9\" \/>\n<meta property=\"article:published_time\" content=\"2021-07-31T20:00:28+00:00\" \/>\n<meta property=\"article:modified_time\" content=\"2024-03-17T16:13:48+00:00\" \/>\n<meta property=\"og:image\" content=\"https:\/\/filles-de-la-charite.org\/wp-content\/uploads\/2023\/06\/1Imagen1.jpg\" \/>\n\t<meta property=\"og:image:width\" content=\"1497\" \/>\n\t<meta property=\"og:image:height\" content=\"855\" \/>\n\t<meta property=\"og:image:type\" content=\"image\/jpeg\" \/>\n<meta name=\"author\" content=\"admin\" \/>\n<meta name=\"twitter:card\" content=\"summary_large_image\" \/>\n<meta name=\"twitter:label1\" content=\"Escrito por\" \/>\n\t<meta name=\"twitter:data1\" content=\"admin\" \/>\n\t<meta name=\"twitter:label2\" content=\"Tempo estimado de leitura\" \/>\n\t<meta name=\"twitter:data2\" content=\"3 minutos\" \/>\n<script type=\"application\/ld+json\" class=\"yoast-schema-graph\">{\"@context\":\"https:\\\/\\\/schema.org\",\"@graph\":[{\"@type\":\"Article\",\"@id\":\"https:\\\/\\\/filles-de-la-charite.org\\\/pt-pt\\\/noticias-de-uma-irma-missionaria-na-bahia-blanca-argentina\\\/#article\",\"isPartOf\":{\"@id\":\"https:\\\/\\\/filles-de-la-charite.org\\\/pt-pt\\\/noticias-de-uma-irma-missionaria-na-bahia-blanca-argentina\\\/\"},\"author\":{\"name\":\"admin\",\"@id\":\"https:\\\/\\\/filles-de-la-charite.org\\\/pt-pt\\\/#\\\/schema\\\/person\\\/427567b2eccfc2dd7d206da186a1f438\"},\"headline\":\"Not\u00edcias de uma irm\u00e3 mission\u00e1ria na Bahia Blanca (Argentina)\",\"datePublished\":\"2021-07-31T20:00:28+00:00\",\"dateModified\":\"2024-03-17T16:13:48+00:00\",\"mainEntityOfPage\":{\"@id\":\"https:\\\/\\\/filles-de-la-charite.org\\\/pt-pt\\\/noticias-de-uma-irma-missionaria-na-bahia-blanca-argentina\\\/\"},\"wordCount\":472,\"publisher\":{\"@id\":\"https:\\\/\\\/filles-de-la-charite.org\\\/pt-pt\\\/#organization\"},\"image\":{\"@id\":\"https:\\\/\\\/filles-de-la-charite.org\\\/pt-pt\\\/noticias-de-uma-irma-missionaria-na-bahia-blanca-argentina\\\/#primaryimage\"},\"thumbnailUrl\":\"https:\\\/\\\/filles-de-la-charite.org\\\/wp-content\\\/uploads\\\/2023\\\/06\\\/1Imagen1.jpg\",\"articleSection\":[\"Am\u00e9rica do Sul\"],\"inLanguage\":\"pt-PT\"},{\"@type\":\"WebPage\",\"@id\":\"https:\\\/\\\/filles-de-la-charite.org\\\/pt-pt\\\/noticias-de-uma-irma-missionaria-na-bahia-blanca-argentina\\\/\",\"url\":\"https:\\\/\\\/filles-de-la-charite.org\\\/pt-pt\\\/noticias-de-uma-irma-missionaria-na-bahia-blanca-argentina\\\/\",\"name\":\"Not\u00edcias de uma irm\u00e3 mission\u00e1ria na Bahia Blanca (Argentina) - Filles de la Charit\u00e9\",\"isPartOf\":{\"@id\":\"https:\\\/\\\/filles-de-la-charite.org\\\/pt-pt\\\/#website\"},\"primaryImageOfPage\":{\"@id\":\"https:\\\/\\\/filles-de-la-charite.org\\\/pt-pt\\\/noticias-de-uma-irma-missionaria-na-bahia-blanca-argentina\\\/#primaryimage\"},\"image\":{\"@id\":\"https:\\\/\\\/filles-de-la-charite.org\\\/pt-pt\\\/noticias-de-uma-irma-missionaria-na-bahia-blanca-argentina\\\/#primaryimage\"},\"thumbnailUrl\":\"https:\\\/\\\/filles-de-la-charite.org\\\/wp-content\\\/uploads\\\/2023\\\/06\\\/1Imagen1.jpg\",\"datePublished\":\"2021-07-31T20:00:28+00:00\",\"dateModified\":\"2024-03-17T16:13:48+00:00\",\"breadcrumb\":{\"@id\":\"https:\\\/\\\/filles-de-la-charite.org\\\/pt-pt\\\/noticias-de-uma-irma-missionaria-na-bahia-blanca-argentina\\\/#breadcrumb\"},\"inLanguage\":\"pt-PT\",\"potentialAction\":[{\"@type\":\"ReadAction\",\"target\":[\"https:\\\/\\\/filles-de-la-charite.org\\\/pt-pt\\\/noticias-de-uma-irma-missionaria-na-bahia-blanca-argentina\\\/\"]}]},{\"@type\":\"ImageObject\",\"inLanguage\":\"pt-PT\",\"@id\":\"https:\\\/\\\/filles-de-la-charite.org\\\/pt-pt\\\/noticias-de-uma-irma-missionaria-na-bahia-blanca-argentina\\\/#primaryimage\",\"url\":\"https:\\\/\\\/filles-de-la-charite.org\\\/wp-content\\\/uploads\\\/2023\\\/06\\\/1Imagen1.jpg\",\"contentUrl\":\"https:\\\/\\\/filles-de-la-charite.org\\\/wp-content\\\/uploads\\\/2023\\\/06\\\/1Imagen1.jpg\",\"width\":1497,\"height\":855},{\"@type\":\"BreadcrumbList\",\"@id\":\"https:\\\/\\\/filles-de-la-charite.org\\\/pt-pt\\\/noticias-de-uma-irma-missionaria-na-bahia-blanca-argentina\\\/#breadcrumb\",\"itemListElement\":[{\"@type\":\"ListItem\",\"position\":1,\"name\":\"S\u00e3o Paulo- Brasil\",\"item\":\"https:\\\/\\\/filles-de-la-charite.org\\\/pt-pt\\\/category\\\/sao-paulo-brasil-pt-pt\\\/\"},{\"@type\":\"ListItem\",\"position\":2,\"name\":\"Not\u00edcias de uma irm\u00e3 mission\u00e1ria na Bahia Blanca (Argentina)\"}]},{\"@type\":\"WebSite\",\"@id\":\"https:\\\/\\\/filles-de-la-charite.org\\\/pt-pt\\\/#website\",\"url\":\"https:\\\/\\\/filles-de-la-charite.org\\\/pt-pt\\\/\",\"name\":\"Hijas de la Caridad\",\"description\":\"L\u2019amour de J\u00e9sus nous presse \u00e0 prendre soin des personnes les plus d\u00e9munies\",\"publisher\":{\"@id\":\"https:\\\/\\\/filles-de-la-charite.org\\\/pt-pt\\\/#organization\"},\"potentialAction\":[{\"@type\":\"SearchAction\",\"target\":{\"@type\":\"EntryPoint\",\"urlTemplate\":\"https:\\\/\\\/filles-de-la-charite.org\\\/pt-pt\\\/?s={search_term_string}\"},\"query-input\":{\"@type\":\"PropertyValueSpecification\",\"valueRequired\":true,\"valueName\":\"search_term_string\"}}],\"inLanguage\":\"pt-PT\"},{\"@type\":\"Organization\",\"@id\":\"https:\\\/\\\/filles-de-la-charite.org\\\/pt-pt\\\/#organization\",\"name\":\"Hijas de la Caridad\",\"url\":\"https:\\\/\\\/filles-de-la-charite.org\\\/pt-pt\\\/\",\"logo\":{\"@type\":\"ImageObject\",\"inLanguage\":\"pt-PT\",\"@id\":\"https:\\\/\\\/filles-de-la-charite.org\\\/pt-pt\\\/#\\\/schema\\\/logo\\\/image\\\/\",\"url\":\"https:\\\/\\\/filles-de-la-charite.org\\\/wp-content\\\/uploads\\\/2023\\\/03\\\/isotipo-Hijas-de-la-Caridad.png\",\"contentUrl\":\"https:\\\/\\\/filles-de-la-charite.org\\\/wp-content\\\/uploads\\\/2023\\\/03\\\/isotipo-Hijas-de-la-Caridad.png\",\"width\":1417,\"height\":1417,\"caption\":\"Hijas de la Caridad\"},\"image\":{\"@id\":\"https:\\\/\\\/filles-de-la-charite.org\\\/pt-pt\\\/#\\\/schema\\\/logo\\\/image\\\/\"}},{\"@type\":\"Person\",\"@id\":\"https:\\\/\\\/filles-de-la-charite.org\\\/pt-pt\\\/#\\\/schema\\\/person\\\/427567b2eccfc2dd7d206da186a1f438\",\"name\":\"admin\",\"image\":{\"@type\":\"ImageObject\",\"inLanguage\":\"pt-PT\",\"@id\":\"https:\\\/\\\/secure.gravatar.com\\\/avatar\\\/948b492cce32b586ac2db0eaa926ee87024f7afe218d73b397ea5ddfc5f43ea1?s=96&d=mm&r=g\",\"url\":\"https:\\\/\\\/secure.gravatar.com\\\/avatar\\\/948b492cce32b586ac2db0eaa926ee87024f7afe218d73b397ea5ddfc5f43ea1?s=96&d=mm&r=g\",\"contentUrl\":\"https:\\\/\\\/secure.gravatar.com\\\/avatar\\\/948b492cce32b586ac2db0eaa926ee87024f7afe218d73b397ea5ddfc5f43ea1?s=96&d=mm&r=g\",\"caption\":\"admin\"},\"sameAs\":[\"https:\\\/\\\/filles-de-la-charite.org\"],\"url\":\"https:\\\/\\\/filles-de-la-charite.org\\\/pt-pt\\\/author\\\/caridad\\\/\"}]}<\/script>\n<!-- \/ Yoast SEO plugin. -->","yoast_head_json":{"title":"Not\u00edcias de uma irm\u00e3 mission\u00e1ria na Bahia Blanca (Argentina) - Filles de la Charit\u00e9","robots":{"index":"index","follow":"follow","max-snippet":"max-snippet:-1","max-image-preview":"max-image-preview:large","max-video-preview":"max-video-preview:-1"},"canonical":"https:\/\/filles-de-la-charite.org\/pt-pt\/noticias-de-uma-irma-missionaria-na-bahia-blanca-argentina\/","og_locale":"pt_PT","og_type":"article","og_title":"Not\u00edcias de uma irm\u00e3 mission\u00e1ria na Bahia Blanca (Argentina) - Filles de la Charit\u00e9","og_description":"Somos cinco Irm\u00e3s na nossa Comunidade de Bah\u00eda Blanca, com idades compreendidas entre 78 e 88 anos; como Comunidade local temos tr\u00eas objectivos: felicidade, fraternidade e miseric\u00f3rdia. O nosso servi\u00e7o \u00e9 realizado numa escola na aldeia de &#8220;Villa Miter&#8221;, bem como no servi\u00e7o s\u00f3cio-pastoral chamado &#8220;9 de Novembro&#8221; onde tenho trabalhado desde a minha chegada [&hellip;]","og_url":"https:\/\/filles-de-la-charite.org\/pt-pt\/noticias-de-uma-irma-missionaria-na-bahia-blanca-argentina\/","og_site_name":"Filles de la Charit\u00e9","article_published_time":"2021-07-31T20:00:28+00:00","article_modified_time":"2024-03-17T16:13:48+00:00","og_image":[{"width":1497,"height":855,"url":"https:\/\/filles-de-la-charite.org\/wp-content\/uploads\/2023\/06\/1Imagen1.jpg","type":"image\/jpeg"}],"author":"admin","twitter_card":"summary_large_image","twitter_misc":{"Escrito por":"admin","Tempo estimado de leitura":"3 minutos"},"schema":{"@context":"https:\/\/schema.org","@graph":[{"@type":"Article","@id":"https:\/\/filles-de-la-charite.org\/pt-pt\/noticias-de-uma-irma-missionaria-na-bahia-blanca-argentina\/#article","isPartOf":{"@id":"https:\/\/filles-de-la-charite.org\/pt-pt\/noticias-de-uma-irma-missionaria-na-bahia-blanca-argentina\/"},"author":{"name":"admin","@id":"https:\/\/filles-de-la-charite.org\/pt-pt\/#\/schema\/person\/427567b2eccfc2dd7d206da186a1f438"},"headline":"Not\u00edcias de uma irm\u00e3 mission\u00e1ria na Bahia Blanca (Argentina)","datePublished":"2021-07-31T20:00:28+00:00","dateModified":"2024-03-17T16:13:48+00:00","mainEntityOfPage":{"@id":"https:\/\/filles-de-la-charite.org\/pt-pt\/noticias-de-uma-irma-missionaria-na-bahia-blanca-argentina\/"},"wordCount":472,"publisher":{"@id":"https:\/\/filles-de-la-charite.org\/pt-pt\/#organization"},"image":{"@id":"https:\/\/filles-de-la-charite.org\/pt-pt\/noticias-de-uma-irma-missionaria-na-bahia-blanca-argentina\/#primaryimage"},"thumbnailUrl":"https:\/\/filles-de-la-charite.org\/wp-content\/uploads\/2023\/06\/1Imagen1.jpg","articleSection":["Am\u00e9rica do Sul"],"inLanguage":"pt-PT"},{"@type":"WebPage","@id":"https:\/\/filles-de-la-charite.org\/pt-pt\/noticias-de-uma-irma-missionaria-na-bahia-blanca-argentina\/","url":"https:\/\/filles-de-la-charite.org\/pt-pt\/noticias-de-uma-irma-missionaria-na-bahia-blanca-argentina\/","name":"Not\u00edcias de uma irm\u00e3 mission\u00e1ria na Bahia Blanca (Argentina) - Filles de la Charit\u00e9","isPartOf":{"@id":"https:\/\/filles-de-la-charite.org\/pt-pt\/#website"},"primaryImageOfPage":{"@id":"https:\/\/filles-de-la-charite.org\/pt-pt\/noticias-de-uma-irma-missionaria-na-bahia-blanca-argentina\/#primaryimage"},"image":{"@id":"https:\/\/filles-de-la-charite.org\/pt-pt\/noticias-de-uma-irma-missionaria-na-bahia-blanca-argentina\/#primaryimage"},"thumbnailUrl":"https:\/\/filles-de-la-charite.org\/wp-content\/uploads\/2023\/06\/1Imagen1.jpg","datePublished":"2021-07-31T20:00:28+00:00","dateModified":"2024-03-17T16:13:48+00:00","breadcrumb":{"@id":"https:\/\/filles-de-la-charite.org\/pt-pt\/noticias-de-uma-irma-missionaria-na-bahia-blanca-argentina\/#breadcrumb"},"inLanguage":"pt-PT","potentialAction":[{"@type":"ReadAction","target":["https:\/\/filles-de-la-charite.org\/pt-pt\/noticias-de-uma-irma-missionaria-na-bahia-blanca-argentina\/"]}]},{"@type":"ImageObject","inLanguage":"pt-PT","@id":"https:\/\/filles-de-la-charite.org\/pt-pt\/noticias-de-uma-irma-missionaria-na-bahia-blanca-argentina\/#primaryimage","url":"https:\/\/filles-de-la-charite.org\/wp-content\/uploads\/2023\/06\/1Imagen1.jpg","contentUrl":"https:\/\/filles-de-la-charite.org\/wp-content\/uploads\/2023\/06\/1Imagen1.jpg","width":1497,"height":855},{"@type":"BreadcrumbList","@id":"https:\/\/filles-de-la-charite.org\/pt-pt\/noticias-de-uma-irma-missionaria-na-bahia-blanca-argentina\/#breadcrumb","itemListElement":[{"@type":"ListItem","position":1,"name":"S\u00e3o Paulo- Brasil","item":"https:\/\/filles-de-la-charite.org\/pt-pt\/category\/sao-paulo-brasil-pt-pt\/"},{"@type":"ListItem","position":2,"name":"Not\u00edcias de uma irm\u00e3 mission\u00e1ria na Bahia Blanca (Argentina)"}]},{"@type":"WebSite","@id":"https:\/\/filles-de-la-charite.org\/pt-pt\/#website","url":"https:\/\/filles-de-la-charite.org\/pt-pt\/","name":"Hijas de la Caridad","description":"L\u2019amour de J\u00e9sus nous presse \u00e0 prendre soin des personnes les plus d\u00e9munies","publisher":{"@id":"https:\/\/filles-de-la-charite.org\/pt-pt\/#organization"},"potentialAction":[{"@type":"SearchAction","target":{"@type":"EntryPoint","urlTemplate":"https:\/\/filles-de-la-charite.org\/pt-pt\/?s={search_term_string}"},"query-input":{"@type":"PropertyValueSpecification","valueRequired":true,"valueName":"search_term_string"}}],"inLanguage":"pt-PT"},{"@type":"Organization","@id":"https:\/\/filles-de-la-charite.org\/pt-pt\/#organization","name":"Hijas de la Caridad","url":"https:\/\/filles-de-la-charite.org\/pt-pt\/","logo":{"@type":"ImageObject","inLanguage":"pt-PT","@id":"https:\/\/filles-de-la-charite.org\/pt-pt\/#\/schema\/logo\/image\/","url":"https:\/\/filles-de-la-charite.org\/wp-content\/uploads\/2023\/03\/isotipo-Hijas-de-la-Caridad.png","contentUrl":"https:\/\/filles-de-la-charite.org\/wp-content\/uploads\/2023\/03\/isotipo-Hijas-de-la-Caridad.png","width":1417,"height":1417,"caption":"Hijas de la Caridad"},"image":{"@id":"https:\/\/filles-de-la-charite.org\/pt-pt\/#\/schema\/logo\/image\/"}},{"@type":"Person","@id":"https:\/\/filles-de-la-charite.org\/pt-pt\/#\/schema\/person\/427567b2eccfc2dd7d206da186a1f438","name":"admin","image":{"@type":"ImageObject","inLanguage":"pt-PT","@id":"https:\/\/secure.gravatar.com\/avatar\/948b492cce32b586ac2db0eaa926ee87024f7afe218d73b397ea5ddfc5f43ea1?s=96&d=mm&r=g","url":"https:\/\/secure.gravatar.com\/avatar\/948b492cce32b586ac2db0eaa926ee87024f7afe218d73b397ea5ddfc5f43ea1?s=96&d=mm&r=g","contentUrl":"https:\/\/secure.gravatar.com\/avatar\/948b492cce32b586ac2db0eaa926ee87024f7afe218d73b397ea5ddfc5f43ea1?s=96&d=mm&r=g","caption":"admin"},"sameAs":["https:\/\/filles-de-la-charite.org"],"url":"https:\/\/filles-de-la-charite.org\/pt-pt\/author\/caridad\/"}]}},"_links":{"self":[{"href":"https:\/\/filles-de-la-charite.org\/pt-pt\/wp-json\/wp\/v2\/posts\/25237","targetHints":{"allow":["GET"]}}],"collection":[{"href":"https:\/\/filles-de-la-charite.org\/pt-pt\/wp-json\/wp\/v2\/posts"}],"about":[{"href":"https:\/\/filles-de-la-charite.org\/pt-pt\/wp-json\/wp\/v2\/types\/post"}],"author":[{"embeddable":true,"href":"https:\/\/filles-de-la-charite.org\/pt-pt\/wp-json\/wp\/v2\/users\/1"}],"replies":[{"embeddable":true,"href":"https:\/\/filles-de-la-charite.org\/pt-pt\/wp-json\/wp\/v2\/comments?post=25237"}],"version-history":[{"count":1,"href":"https:\/\/filles-de-la-charite.org\/pt-pt\/wp-json\/wp\/v2\/posts\/25237\/revisions"}],"predecessor-version":[{"id":25238,"href":"https:\/\/filles-de-la-charite.org\/pt-pt\/wp-json\/wp\/v2\/posts\/25237\/revisions\/25238"}],"wp:featuredmedia":[{"embeddable":true,"href":"https:\/\/filles-de-la-charite.org\/pt-pt\/wp-json\/wp\/v2\/media\/16075"}],"wp:attachment":[{"href":"https:\/\/filles-de-la-charite.org\/pt-pt\/wp-json\/wp\/v2\/media?parent=25237"}],"wp:term":[{"taxonomy":"category","embeddable":true,"href":"https:\/\/filles-de-la-charite.org\/pt-pt\/wp-json\/wp\/v2\/categories?post=25237"},{"taxonomy":"post_tag","embeddable":true,"href":"https:\/\/filles-de-la-charite.org\/pt-pt\/wp-json\/wp\/v2\/tags?post=25237"}],"curies":[{"name":"wp","href":"https:\/\/api.w.org\/{rel}","templated":true}]}}