{"id":25243,"date":"2021-08-31T22:00:00","date_gmt":"2021-08-31T20:00:00","guid":{"rendered":"https:\/\/hijascaridad.sjdigitaldemo.ovh\/63878\/"},"modified":"2024-03-17T17:13:27","modified_gmt":"2024-03-17T16:13:27","slug":"63878","status":"publish","type":"post","link":"https:\/\/filles-de-la-charite.org\/pt-pt\/63878\/","title":{"rendered":"A ternura de Deus"},"content":{"rendered":"\n<p>Os seis pa\u00edses da prov\u00edncia do M\u00e9dio Oriente t\u00eam as suas ra\u00edzes na B\u00edblia: \"Ciro, rei da P\u00e9rsia [IR\u00c3O dos tempos modernos], est\u00e1 encarregado de construir uma casa para o Senhor em Jerusal\u00e9m\". \"E dentro de pouco tempo [L\u00cdBANO] tornar-se-\u00e1 um jardim ... libertado das trevas e da escurid\u00e3o, os olhos dos cegos ver\u00e3o\" ... Nasceu em Bel\u00e9m [PALESTINA]. Ele cresceu em Nazar\u00e9 [Israel]. Fugiu com os seus pais para [EGIPTO] e converteu Paulo na estrada para Damasco [S\u00cdRIA].<\/p>\n\n\n\n<p>As miss\u00f5es das nossas 28 comunidades s\u00e3o diversas: educa\u00e7\u00e3o (no Egipto, S\u00edria e L\u00edbano); sa\u00fade: hospitais e centros m\u00e9dico-sociais (Egipto, L\u00edbano, Israel, Palestina e S\u00edria); lares para idosos (Ir\u00e3o, L\u00edbano, Israel); lares para crian\u00e7as com necessidades especiais (Israel, L\u00edbano). Al\u00e9m disso, em quase todos os 6 pa\u00edses: Movimentos de Jovens (especialmente JMV) e sobretudo visitas domicili\u00e1rias, ajuda a pessoas privadas de necessidades b\u00e1sicas e a promo\u00e7\u00e3o das mulheres.<\/p>\n\n\n\n<h5 class=\"wp-block-heading\"><strong><strong>Centro M\u00e9dico- Social \u00a0KOBAYAT<\/strong><\/strong><\/h5>\n\n\n\n<div class=\"wp-block-image\"><figure class=\"alignleft size-large\"><img decoding=\"async\" src=\"https:\/\/filles-de-la-charite.org\/wp-content\/uploads\/2023\/06\/KOBAYAT-1-Liban-576x1024-1.jpg\" alt=\"\" class=\"wp-image-63855\"\/><\/figure><\/div>\n\n\n\n<p>No centro m\u00e9dico-social da Ordem de Malta em Kobayat, no norte do L\u00edbano, uma regi\u00e3o negligenciada pelas autoridades civis ... um programa permite-nos oferecer medicamentos que actualmente n\u00e3o est\u00e3o dispon\u00edveis nas farm\u00e1cias, especialmente para doen\u00e7as incur\u00e1veis. Fico impressionado com a paci\u00eancia e forte f\u00e9 das pessoas que v\u00eam ao nosso centro e nunca deixam de agradecer a Deus apesar da pobreza e mesmo da mis\u00e9ria de alguns. Ver um homem chorar com dignidade porque j\u00e1 n\u00e3o consegue satisfazer as necessidades mais b\u00e1sicas da sua fam\u00edlia quando tinha um bom sal\u00e1rio e estava a sair-se bem financeiramente, parte-me o cora\u00e7\u00e3o! Quando ou\u00e7o o povo que sirvo dizer-me: \"Minha Irm\u00e3, tu reflectes o rosto de Deus\". Como sinceramente n\u00e3o me reconhe\u00e7o realmente no que dizem, ou\u00e7o como um apelo do Senhor para o amar mais, para viver cada vez mais o carisma dos nossos fundadores e para trazer todas estas pessoas \u00e0 minha ora\u00e7\u00e3o. Que o Senhor tenha piedade do nosso pa\u00eds L\u00edbano e nos ajude a viver as virtudes crist\u00e3s de solidariedade, perd\u00e3o e miseric\u00f3rdia!<\/p>\n\n\n\n<p>Irm\u00e3 Eliane SALHAB FdlC.<\/p>\n\n\n\n<h5 class=\"wp-block-heading\"><strong><strong>Hospital do Sagrado Cora\u00e7\u00e3o - BEIRUTE<\/strong><\/strong><\/h5>\n\n\n\n<p>Hoje, 15 de Agosto de 2021, festa da Assun\u00e7\u00e3o de Maria: A ideia de estar com Maria no fim dos tempos d\u00e1-nos coragem nesta altura, quando por vezes parecemos um pouco perdidos perante as \"cat\u00e1strofes\" que est\u00e3o a acontecer no L\u00edbano. Na noite da explos\u00e3o no porto de Beirute, a 4 de Agosto de 2020, recebemos, quase ao mesmo tempo, cerca de 200 pessoas feridas no Departamento de Emerg\u00eancia que precisavam de pontos, fracturas para serem operadas, traumatismo craniano para serem tratadas. Uma \"multid\u00e3o\" de pessoas sentadas ou deitadas, por vezes no ch\u00e3o, esperando pacientemente pela sua vez, sem pedir nada, sem se queixar, talvez sem saber que j\u00e1 n\u00e3o tinham casa, ou, quase de certeza, de terem perdido um membro da fam\u00edlia. As irm\u00e3s da nossa comunidade, nas nossas v\u00e1rias reuni\u00f5es, partilhando os desafios da noite na Sala de Emerg\u00eancia, ou no hospital, vimos o rosto de Cristo:<\/p>\n\n\n\n<div class=\"wp-block-image\"><figure class=\"alignright size-large\"><img decoding=\"async\" src=\"https:\/\/filles-de-la-charite.org\/wp-content\/uploads\/2023\/06\/Visite-d_une-malade-SI-deux-soeurs-1-Liban-498x1024-1.jpg\" alt=\"\" class=\"wp-image-63854\"\/><\/figure><\/div>\n\n\n\n<p>* No da Irm\u00e3 Sophie, nossa companheira, o seu rosto desfigurado mas ainda consciente. Muito afectada mas consciente, ela sucumbiu \u00e0s suas feridas mais tarde, durante a noite;<\/p>\n\n\n\n<p>&nbsp;* Na de uma jovem, que tinha perdido o marido na explos\u00e3o. Ela continuava a dizer: \"A culpa \u00e9 minha, a culpa \u00e9 minha ... Porque ela lhe tinha pedido que a acompanhasse a uma consulta num hospital perto do porto; o seu marido morreu ao seu lado. Chegando ao nosso hospital com v\u00e1rias feridas profundas, continuou a chorar pelo seu marido e n\u00e3o se preocupou quando o cirurgi\u00e3o curou as suas feridas;<\/p>\n\n\n\n<p>* No rosto de alguns dos pacientes, que partiram depois de receberem os cuidados necess\u00e1rios, expressaram a sua gratid\u00e3o ao pessoal de enfermagem, apesar do seu estado de choque e sofrimento... Uma experi\u00eancia que nunca esqueceremos. Al\u00e9m disso, os gestos de solidariedade demonstrados \u00e0 nossa volta s\u00e3o inesquec\u00edveis. Fomos desafiados pela sua dedica\u00e7\u00e3o e colabora\u00e7\u00e3o espont\u00e2nea, cada um dando o seu melhor.<\/p>\n\n\n\n<p>* Chegaram tr\u00eas m\u00e9dicos, tamb\u00e9m feridos. Lavaram e mudaram de roupa, curaram um deles e depois trataram do outro ferido.<\/p>\n\n\n\n<p>Tr\u00eas novos estagi\u00e1rios, que tinham aderido ao hospital no dia anterior, trataram dezenas de pacientes. Foram assistidos pelo pessoal de dia que permaneceu at\u00e9 ao dia seguinte para ajudar o pessoal da noite.<\/p>\n\n\n\n<p>&nbsp;* As nossas irm\u00e3s enfermeiras ofereceram \u00e1gua \u00e0queles que a pediram; todo o pessoal de lavandaria, manuten\u00e7\u00e3o, admiss\u00e3o, laborat\u00f3rio e raios-X tamb\u00e9m estiveram presentes para satisfazer as necessidades dos pacientes e do pessoal. Alguns soldados do ex\u00e9rcito liban\u00eas ajudaram-nos a manter a ordem em situa\u00e7\u00f5es de emerg\u00eancia. Durante a noite e nos dias seguintes, chegaram mensagens de solidariedade de todo o mundo, assegurando-nos das suas ora\u00e7\u00f5es. Tivemos uma experi\u00eancia dolorosa e dura, mas n\u00e3o est\u00e1vamos sozinhos.<\/p>\n","protected":false},"excerpt":{"rendered":"<p>Os seis pa\u00edses da prov\u00edncia do M\u00e9dio Oriente t\u00eam as suas ra\u00edzes na B\u00edblia: &#8220;Ciro, rei da P\u00e9rsia [IR\u00c3O dos tempos modernos], est\u00e1 encarregado de construir uma casa para o Senhor em Jerusal\u00e9m&#8221;. &#8220;E dentro de pouco tempo [L\u00cdBANO] tornar-se-\u00e1 um jardim &#8230; libertado das trevas e da escurid\u00e3o, os olhos dos cegos ver\u00e3o&#8221; &#8230; [&hellip;]<\/p>\n","protected":false},"author":1,"featured_media":16177,"comment_status":"closed","ping_status":"closed","sticky":false,"template":"","format":"standard","meta":{"_acf_changed":false,"footnotes":"","_links_to":"","_links_to_target":""},"categories":[815],"tags":[],"class_list":["post-25243","post","type-post","status-publish","format-standard","has-post-thumbnail","hentry","category-medio-oriente"],"acf":[],"yoast_head":"<!-- This site is optimized with the Yoast SEO plugin v27.5 - https:\/\/yoast.com\/product\/yoast-seo-wordpress\/ -->\n<title>A ternura de Deus - Filles de la Charit\u00e9<\/title>\n<meta name=\"robots\" content=\"index, follow, max-snippet:-1, max-image-preview:large, max-video-preview:-1\" \/>\n<link rel=\"canonical\" href=\"https:\/\/filles-de-la-charite.org\/pt-pt\/63878\/\" \/>\n<meta property=\"og:locale\" content=\"pt_PT\" \/>\n<meta property=\"og:type\" content=\"article\" \/>\n<meta property=\"og:title\" content=\"A ternura de Deus - Filles de la Charit\u00e9\" \/>\n<meta property=\"og:description\" content=\"Os seis pa\u00edses da prov\u00edncia do M\u00e9dio Oriente t\u00eam as suas ra\u00edzes na B\u00edblia: &#8220;Ciro, rei da P\u00e9rsia [IR\u00c3O dos tempos modernos], est\u00e1 encarregado de construir uma casa para o Senhor em Jerusal\u00e9m&#8221;. &#8220;E dentro de pouco tempo [L\u00cdBANO] tornar-se-\u00e1 um jardim &#8230; libertado das trevas e da escurid\u00e3o, os olhos dos cegos ver\u00e3o&#8221; &#8230; [&hellip;]\" \/>\n<meta property=\"og:url\" content=\"https:\/\/filles-de-la-charite.org\/pt-pt\/63878\/\" \/>\n<meta property=\"og:site_name\" content=\"Filles de la Charit\u00e9\" \/>\n<meta property=\"article:published_time\" content=\"2021-08-31T20:00:00+00:00\" \/>\n<meta property=\"article:modified_time\" content=\"2024-03-17T16:13:27+00:00\" \/>\n<meta property=\"og:image\" content=\"https:\/\/filles-de-la-charite.org\/wp-content\/uploads\/2023\/06\/KOBAYAT-3-Liban.jpg\" \/>\n\t<meta property=\"og:image:width\" content=\"1040\" \/>\n\t<meta property=\"og:image:height\" content=\"780\" \/>\n\t<meta property=\"og:image:type\" content=\"image\/jpeg\" \/>\n<meta name=\"author\" content=\"admin\" \/>\n<meta name=\"twitter:card\" content=\"summary_large_image\" \/>\n<meta name=\"twitter:label1\" content=\"Escrito por\" \/>\n\t<meta name=\"twitter:data1\" content=\"admin\" \/>\n\t<meta name=\"twitter:label2\" content=\"Tempo estimado de leitura\" \/>\n\t<meta name=\"twitter:data2\" content=\"4 minutos\" \/>\n<script type=\"application\/ld+json\" class=\"yoast-schema-graph\">{\"@context\":\"https:\\\/\\\/schema.org\",\"@graph\":[{\"@type\":\"Article\",\"@id\":\"https:\\\/\\\/filles-de-la-charite.org\\\/pt-pt\\\/63878\\\/#article\",\"isPartOf\":{\"@id\":\"https:\\\/\\\/filles-de-la-charite.org\\\/pt-pt\\\/63878\\\/\"},\"author\":{\"name\":\"admin\",\"@id\":\"https:\\\/\\\/filles-de-la-charite.org\\\/pt-pt\\\/#\\\/schema\\\/person\\\/427567b2eccfc2dd7d206da186a1f438\"},\"headline\":\"A ternura de Deus\",\"datePublished\":\"2021-08-31T20:00:00+00:00\",\"dateModified\":\"2024-03-17T16:13:27+00:00\",\"mainEntityOfPage\":{\"@id\":\"https:\\\/\\\/filles-de-la-charite.org\\\/pt-pt\\\/63878\\\/\"},\"wordCount\":869,\"publisher\":{\"@id\":\"https:\\\/\\\/filles-de-la-charite.org\\\/pt-pt\\\/#organization\"},\"image\":{\"@id\":\"https:\\\/\\\/filles-de-la-charite.org\\\/pt-pt\\\/63878\\\/#primaryimage\"},\"thumbnailUrl\":\"https:\\\/\\\/filles-de-la-charite.org\\\/wp-content\\\/uploads\\\/2023\\\/06\\\/KOBAYAT-3-Liban.jpg\",\"articleSection\":[\"M\u00e9dio Oriente\"],\"inLanguage\":\"pt-PT\"},{\"@type\":\"WebPage\",\"@id\":\"https:\\\/\\\/filles-de-la-charite.org\\\/pt-pt\\\/63878\\\/\",\"url\":\"https:\\\/\\\/filles-de-la-charite.org\\\/pt-pt\\\/63878\\\/\",\"name\":\"A ternura de Deus - Filles de la Charit\u00e9\",\"isPartOf\":{\"@id\":\"https:\\\/\\\/filles-de-la-charite.org\\\/pt-pt\\\/#website\"},\"primaryImageOfPage\":{\"@id\":\"https:\\\/\\\/filles-de-la-charite.org\\\/pt-pt\\\/63878\\\/#primaryimage\"},\"image\":{\"@id\":\"https:\\\/\\\/filles-de-la-charite.org\\\/pt-pt\\\/63878\\\/#primaryimage\"},\"thumbnailUrl\":\"https:\\\/\\\/filles-de-la-charite.org\\\/wp-content\\\/uploads\\\/2023\\\/06\\\/KOBAYAT-3-Liban.jpg\",\"datePublished\":\"2021-08-31T20:00:00+00:00\",\"dateModified\":\"2024-03-17T16:13:27+00:00\",\"breadcrumb\":{\"@id\":\"https:\\\/\\\/filles-de-la-charite.org\\\/pt-pt\\\/63878\\\/#breadcrumb\"},\"inLanguage\":\"pt-PT\",\"potentialAction\":[{\"@type\":\"ReadAction\",\"target\":[\"https:\\\/\\\/filles-de-la-charite.org\\\/pt-pt\\\/63878\\\/\"]}]},{\"@type\":\"ImageObject\",\"inLanguage\":\"pt-PT\",\"@id\":\"https:\\\/\\\/filles-de-la-charite.org\\\/pt-pt\\\/63878\\\/#primaryimage\",\"url\":\"https:\\\/\\\/filles-de-la-charite.org\\\/wp-content\\\/uploads\\\/2023\\\/06\\\/KOBAYAT-3-Liban.jpg\",\"contentUrl\":\"https:\\\/\\\/filles-de-la-charite.org\\\/wp-content\\\/uploads\\\/2023\\\/06\\\/KOBAYAT-3-Liban.jpg\",\"width\":1040,\"height\":780},{\"@type\":\"BreadcrumbList\",\"@id\":\"https:\\\/\\\/filles-de-la-charite.org\\\/pt-pt\\\/63878\\\/#breadcrumb\",\"itemListElement\":[{\"@type\":\"ListItem\",\"position\":1,\"name\":\"Hijas de la Caridad\",\"item\":\"https:\\\/\\\/filles-de-la-charite.org\\\/layout_category\\\/hijas-de-la-caridad\\\/\"},{\"@type\":\"ListItem\",\"position\":2,\"name\":\"A ternura de Deus\"}]},{\"@type\":\"WebSite\",\"@id\":\"https:\\\/\\\/filles-de-la-charite.org\\\/pt-pt\\\/#website\",\"url\":\"https:\\\/\\\/filles-de-la-charite.org\\\/pt-pt\\\/\",\"name\":\"Hijas de la Caridad\",\"description\":\"L\u2019amour de J\u00e9sus nous presse \u00e0 prendre soin des personnes les plus d\u00e9munies\",\"publisher\":{\"@id\":\"https:\\\/\\\/filles-de-la-charite.org\\\/pt-pt\\\/#organization\"},\"potentialAction\":[{\"@type\":\"SearchAction\",\"target\":{\"@type\":\"EntryPoint\",\"urlTemplate\":\"https:\\\/\\\/filles-de-la-charite.org\\\/pt-pt\\\/?s={search_term_string}\"},\"query-input\":{\"@type\":\"PropertyValueSpecification\",\"valueRequired\":true,\"valueName\":\"search_term_string\"}}],\"inLanguage\":\"pt-PT\"},{\"@type\":\"Organization\",\"@id\":\"https:\\\/\\\/filles-de-la-charite.org\\\/pt-pt\\\/#organization\",\"name\":\"Hijas de la Caridad\",\"url\":\"https:\\\/\\\/filles-de-la-charite.org\\\/pt-pt\\\/\",\"logo\":{\"@type\":\"ImageObject\",\"inLanguage\":\"pt-PT\",\"@id\":\"https:\\\/\\\/filles-de-la-charite.org\\\/pt-pt\\\/#\\\/schema\\\/logo\\\/image\\\/\",\"url\":\"https:\\\/\\\/filles-de-la-charite.org\\\/wp-content\\\/uploads\\\/2023\\\/03\\\/isotipo-Hijas-de-la-Caridad.png\",\"contentUrl\":\"https:\\\/\\\/filles-de-la-charite.org\\\/wp-content\\\/uploads\\\/2023\\\/03\\\/isotipo-Hijas-de-la-Caridad.png\",\"width\":1417,\"height\":1417,\"caption\":\"Hijas de la Caridad\"},\"image\":{\"@id\":\"https:\\\/\\\/filles-de-la-charite.org\\\/pt-pt\\\/#\\\/schema\\\/logo\\\/image\\\/\"}},{\"@type\":\"Person\",\"@id\":\"https:\\\/\\\/filles-de-la-charite.org\\\/pt-pt\\\/#\\\/schema\\\/person\\\/427567b2eccfc2dd7d206da186a1f438\",\"name\":\"admin\",\"image\":{\"@type\":\"ImageObject\",\"inLanguage\":\"pt-PT\",\"@id\":\"https:\\\/\\\/secure.gravatar.com\\\/avatar\\\/948b492cce32b586ac2db0eaa926ee87024f7afe218d73b397ea5ddfc5f43ea1?s=96&d=mm&r=g\",\"url\":\"https:\\\/\\\/secure.gravatar.com\\\/avatar\\\/948b492cce32b586ac2db0eaa926ee87024f7afe218d73b397ea5ddfc5f43ea1?s=96&d=mm&r=g\",\"contentUrl\":\"https:\\\/\\\/secure.gravatar.com\\\/avatar\\\/948b492cce32b586ac2db0eaa926ee87024f7afe218d73b397ea5ddfc5f43ea1?s=96&d=mm&r=g\",\"caption\":\"admin\"},\"sameAs\":[\"https:\\\/\\\/filles-de-la-charite.org\"],\"url\":\"https:\\\/\\\/filles-de-la-charite.org\\\/pt-pt\\\/author\\\/caridad\\\/\"}]}<\/script>\n<!-- \/ Yoast SEO plugin. -->","yoast_head_json":{"title":"A ternura de Deus - Filles de la Charit\u00e9","robots":{"index":"index","follow":"follow","max-snippet":"max-snippet:-1","max-image-preview":"max-image-preview:large","max-video-preview":"max-video-preview:-1"},"canonical":"https:\/\/filles-de-la-charite.org\/pt-pt\/63878\/","og_locale":"pt_PT","og_type":"article","og_title":"A ternura de Deus - Filles de la Charit\u00e9","og_description":"Os seis pa\u00edses da prov\u00edncia do M\u00e9dio Oriente t\u00eam as suas ra\u00edzes na B\u00edblia: &#8220;Ciro, rei da P\u00e9rsia [IR\u00c3O dos tempos modernos], est\u00e1 encarregado de construir uma casa para o Senhor em Jerusal\u00e9m&#8221;. &#8220;E dentro de pouco tempo [L\u00cdBANO] tornar-se-\u00e1 um jardim &#8230; libertado das trevas e da escurid\u00e3o, os olhos dos cegos ver\u00e3o&#8221; &#8230; [&hellip;]","og_url":"https:\/\/filles-de-la-charite.org\/pt-pt\/63878\/","og_site_name":"Filles de la Charit\u00e9","article_published_time":"2021-08-31T20:00:00+00:00","article_modified_time":"2024-03-17T16:13:27+00:00","og_image":[{"width":1040,"height":780,"url":"https:\/\/filles-de-la-charite.org\/wp-content\/uploads\/2023\/06\/KOBAYAT-3-Liban.jpg","type":"image\/jpeg"}],"author":"admin","twitter_card":"summary_large_image","twitter_misc":{"Escrito por":"admin","Tempo estimado de leitura":"4 minutos"},"schema":{"@context":"https:\/\/schema.org","@graph":[{"@type":"Article","@id":"https:\/\/filles-de-la-charite.org\/pt-pt\/63878\/#article","isPartOf":{"@id":"https:\/\/filles-de-la-charite.org\/pt-pt\/63878\/"},"author":{"name":"admin","@id":"https:\/\/filles-de-la-charite.org\/pt-pt\/#\/schema\/person\/427567b2eccfc2dd7d206da186a1f438"},"headline":"A ternura de Deus","datePublished":"2021-08-31T20:00:00+00:00","dateModified":"2024-03-17T16:13:27+00:00","mainEntityOfPage":{"@id":"https:\/\/filles-de-la-charite.org\/pt-pt\/63878\/"},"wordCount":869,"publisher":{"@id":"https:\/\/filles-de-la-charite.org\/pt-pt\/#organization"},"image":{"@id":"https:\/\/filles-de-la-charite.org\/pt-pt\/63878\/#primaryimage"},"thumbnailUrl":"https:\/\/filles-de-la-charite.org\/wp-content\/uploads\/2023\/06\/KOBAYAT-3-Liban.jpg","articleSection":["M\u00e9dio Oriente"],"inLanguage":"pt-PT"},{"@type":"WebPage","@id":"https:\/\/filles-de-la-charite.org\/pt-pt\/63878\/","url":"https:\/\/filles-de-la-charite.org\/pt-pt\/63878\/","name":"A ternura de Deus - Filles de la Charit\u00e9","isPartOf":{"@id":"https:\/\/filles-de-la-charite.org\/pt-pt\/#website"},"primaryImageOfPage":{"@id":"https:\/\/filles-de-la-charite.org\/pt-pt\/63878\/#primaryimage"},"image":{"@id":"https:\/\/filles-de-la-charite.org\/pt-pt\/63878\/#primaryimage"},"thumbnailUrl":"https:\/\/filles-de-la-charite.org\/wp-content\/uploads\/2023\/06\/KOBAYAT-3-Liban.jpg","datePublished":"2021-08-31T20:00:00+00:00","dateModified":"2024-03-17T16:13:27+00:00","breadcrumb":{"@id":"https:\/\/filles-de-la-charite.org\/pt-pt\/63878\/#breadcrumb"},"inLanguage":"pt-PT","potentialAction":[{"@type":"ReadAction","target":["https:\/\/filles-de-la-charite.org\/pt-pt\/63878\/"]}]},{"@type":"ImageObject","inLanguage":"pt-PT","@id":"https:\/\/filles-de-la-charite.org\/pt-pt\/63878\/#primaryimage","url":"https:\/\/filles-de-la-charite.org\/wp-content\/uploads\/2023\/06\/KOBAYAT-3-Liban.jpg","contentUrl":"https:\/\/filles-de-la-charite.org\/wp-content\/uploads\/2023\/06\/KOBAYAT-3-Liban.jpg","width":1040,"height":780},{"@type":"BreadcrumbList","@id":"https:\/\/filles-de-la-charite.org\/pt-pt\/63878\/#breadcrumb","itemListElement":[{"@type":"ListItem","position":1,"name":"Hijas de la Caridad","item":"https:\/\/filles-de-la-charite.org\/layout_category\/hijas-de-la-caridad\/"},{"@type":"ListItem","position":2,"name":"A ternura de Deus"}]},{"@type":"WebSite","@id":"https:\/\/filles-de-la-charite.org\/pt-pt\/#website","url":"https:\/\/filles-de-la-charite.org\/pt-pt\/","name":"Hijas de la Caridad","description":"L\u2019amour de J\u00e9sus nous presse \u00e0 prendre soin des personnes les plus d\u00e9munies","publisher":{"@id":"https:\/\/filles-de-la-charite.org\/pt-pt\/#organization"},"potentialAction":[{"@type":"SearchAction","target":{"@type":"EntryPoint","urlTemplate":"https:\/\/filles-de-la-charite.org\/pt-pt\/?s={search_term_string}"},"query-input":{"@type":"PropertyValueSpecification","valueRequired":true,"valueName":"search_term_string"}}],"inLanguage":"pt-PT"},{"@type":"Organization","@id":"https:\/\/filles-de-la-charite.org\/pt-pt\/#organization","name":"Hijas de la Caridad","url":"https:\/\/filles-de-la-charite.org\/pt-pt\/","logo":{"@type":"ImageObject","inLanguage":"pt-PT","@id":"https:\/\/filles-de-la-charite.org\/pt-pt\/#\/schema\/logo\/image\/","url":"https:\/\/filles-de-la-charite.org\/wp-content\/uploads\/2023\/03\/isotipo-Hijas-de-la-Caridad.png","contentUrl":"https:\/\/filles-de-la-charite.org\/wp-content\/uploads\/2023\/03\/isotipo-Hijas-de-la-Caridad.png","width":1417,"height":1417,"caption":"Hijas de la Caridad"},"image":{"@id":"https:\/\/filles-de-la-charite.org\/pt-pt\/#\/schema\/logo\/image\/"}},{"@type":"Person","@id":"https:\/\/filles-de-la-charite.org\/pt-pt\/#\/schema\/person\/427567b2eccfc2dd7d206da186a1f438","name":"admin","image":{"@type":"ImageObject","inLanguage":"pt-PT","@id":"https:\/\/secure.gravatar.com\/avatar\/948b492cce32b586ac2db0eaa926ee87024f7afe218d73b397ea5ddfc5f43ea1?s=96&d=mm&r=g","url":"https:\/\/secure.gravatar.com\/avatar\/948b492cce32b586ac2db0eaa926ee87024f7afe218d73b397ea5ddfc5f43ea1?s=96&d=mm&r=g","contentUrl":"https:\/\/secure.gravatar.com\/avatar\/948b492cce32b586ac2db0eaa926ee87024f7afe218d73b397ea5ddfc5f43ea1?s=96&d=mm&r=g","caption":"admin"},"sameAs":["https:\/\/filles-de-la-charite.org"],"url":"https:\/\/filles-de-la-charite.org\/pt-pt\/author\/caridad\/"}]}},"_links":{"self":[{"href":"https:\/\/filles-de-la-charite.org\/pt-pt\/wp-json\/wp\/v2\/posts\/25243","targetHints":{"allow":["GET"]}}],"collection":[{"href":"https:\/\/filles-de-la-charite.org\/pt-pt\/wp-json\/wp\/v2\/posts"}],"about":[{"href":"https:\/\/filles-de-la-charite.org\/pt-pt\/wp-json\/wp\/v2\/types\/post"}],"author":[{"embeddable":true,"href":"https:\/\/filles-de-la-charite.org\/pt-pt\/wp-json\/wp\/v2\/users\/1"}],"replies":[{"embeddable":true,"href":"https:\/\/filles-de-la-charite.org\/pt-pt\/wp-json\/wp\/v2\/comments?post=25243"}],"version-history":[{"count":1,"href":"https:\/\/filles-de-la-charite.org\/pt-pt\/wp-json\/wp\/v2\/posts\/25243\/revisions"}],"predecessor-version":[{"id":25244,"href":"https:\/\/filles-de-la-charite.org\/pt-pt\/wp-json\/wp\/v2\/posts\/25243\/revisions\/25244"}],"wp:featuredmedia":[{"embeddable":true,"href":"https:\/\/filles-de-la-charite.org\/pt-pt\/wp-json\/wp\/v2\/media\/16177"}],"wp:attachment":[{"href":"https:\/\/filles-de-la-charite.org\/pt-pt\/wp-json\/wp\/v2\/media?parent=25243"}],"wp:term":[{"taxonomy":"category","embeddable":true,"href":"https:\/\/filles-de-la-charite.org\/pt-pt\/wp-json\/wp\/v2\/categories?post=25243"},{"taxonomy":"post_tag","embeddable":true,"href":"https:\/\/filles-de-la-charite.org\/pt-pt\/wp-json\/wp\/v2\/tags?post=25243"}],"curies":[{"name":"wp","href":"https:\/\/api.w.org\/{rel}","templated":true}]}}