{"id":25245,"date":"2021-12-01T20:23:54","date_gmt":"2021-12-01T19:23:54","guid":{"rendered":"https:\/\/hijascaridad.sjdigitaldemo.ovh\/reconfiguracao-das-provincias-madrid-santa-luisa-e-madrid-sao-vicente-nascimento-da-nova-provincia-espanha-centro\/"},"modified":"2024-03-17T17:13:07","modified_gmt":"2024-03-17T16:13:07","slug":"reconfiguracao-das-provincias-madrid-santa-luisa-e-madrid-sao-vicente-nascimento-da-nova-provincia-espanha-centro","status":"publish","type":"post","link":"https:\/\/filles-de-la-charite.org\/pt-pt\/reconfiguracao-das-provincias-madrid-santa-luisa-e-madrid-sao-vicente-nascimento-da-nova-provincia-espanha-centro\/","title":{"rendered":"RECONFIGURA\u00c7\u00c3O DAS PROV\u00cdNCIAS &#8220;MADRID SANTA LUISA&#8221; E &#8220;MADRID S\u00c3O VICENTE&#8221;: NASCIMENTO DA NOVA PROV\u00cdNCIA &#8220;ESPANHA CENTRO&#8221;."},"content":{"rendered":"\n<h2 class=\"has-text-align-center wp-block-heading\"><strong><strong>\"VINHO NOVO, EM ODRES NOVOS\"<\/strong><\/strong><\/h2>\n\n\n\n<p>Estas palavras do Senhor, retomadas pelo Evangelista Mateus, foram o impulso do Esp\u00edrito que guiou, dinamizou e alimentou o caminho percorrido pelas Filhas da Caridade de ambas as Prov\u00edncias para a cria\u00e7\u00e3o da nova \"Espanha Centro\".<\/p>\n\n\n\n<p>Com grande interesse, afecto e alegria foi preparado o momento culminante, do qual destacamos brevemente algumas notas, que tiveram lugar no \u00e2mbito das ternas \"celebra\u00e7\u00f5es familiares\":<\/p>\n\n\n\n<p>No dia 26 \u00e0s 19.30h reunimo-nos 220 irm\u00e3s, acompanhadas pelos nossos Superioras Gerais, Conselheiras de Espanha, Visitadoras, Conselheiras Provinciais que terminavam o seu mandato, a nova Visitadora com o seu Conselho, Visitadoras... na Capela de Santa Lu\u00edsa para viver um comovente e significativo encontro de ora\u00e7\u00e3o: \"... nas m\u00e3os do oleiro\".<\/p>\n\n\n\n<figure class=\"wp-block-embed is-type-video is-provider-youtube wp-block-embed-youtube wp-embed-aspect-16-9 wp-has-aspect-ratio\"><div class=\"wp-block-embed__wrapper\">\n<iframe loading=\"lazy\" title=\"Vigilia de oraci\u00f3n-Madrid 26 de noviembre de 2021\" width=\"1080\" height=\"608\" src=\"https:\/\/www.youtube.com\/embed\/Zxdu8iUpMLc?feature=oembed\"  allow=\"accelerometer; autoplay; clipboard-write; encrypted-media; gyroscope; picture-in-picture; web-share\" allowfullscreen><\/iframe>\n<\/div><\/figure>\n\n\n\n<p>Um jantar fraterno e festivo que encerrou o dia.<\/p>\n\n\n\n<p>No dia 27, \u00e0s 10:30 da manh\u00e3, reunimo-nos novamente, desta vez no sal\u00e3o da Casa de S\u00e3o Vicente para o Acto Institucional preparado com grande beleza e simbolismo.<\/p>\n\n\n\n<p>A Irm\u00e3 Fran\u00e7oise Petit, Superiora Geral, Irm\u00e3 Concepci\u00f3n Monjas, a nova Visitadora, e as duas  Visitadoras das antigas Prov\u00edncias , Irm\u00e3 Mar\u00eda Eugenia Gonz\u00e1lez e Irm\u00e3 Antonia Gonz\u00e1lez,  dirigiram-se a n\u00f3s com palavras cheias de sabedoria e impulso vicentino. <\/p>\n\n\n\n<p>Seguiu-se a celebra\u00e7\u00e3o da Eucaristia na Bas\u00edlica da Medalha Milagrosa, presidida pelo Superior Geral, que leu e entregou a patente ao Director Provincial, P. Joaqu\u00edn Gonz\u00e1lez. Outros leigos dos diferentes ramos e Equipas Vicentinas foram tamb\u00e9m convidados.<\/p>\n\n\n\n<figure class=\"wp-block-embed aligncenter is-type-video is-provider-youtube wp-block-embed-youtube wp-embed-aspect-16-9 wp-has-aspect-ratio\"><div class=\"wp-block-embed__wrapper\">\n<iframe loading=\"lazy\" title=\"EUCARISTIA HC CENTRO. INICIO PROVINCIA, DIA 27. HORA 13,30\" width=\"1080\" height=\"608\" src=\"https:\/\/www.youtube.com\/embed\/rmSS7Hp2A7U?feature=oembed\"  allow=\"accelerometer; autoplay; clipboard-write; encrypted-media; gyroscope; picture-in-picture; web-share\" allowfullscreen><\/iframe>\n<\/div><\/figure>\n\n\n\n<p>&nbsp;A Eucaristia foi seguida de uma refei\u00e7\u00e3o fraterna.<\/p>\n\n\n\n<p>Agradecemos ao Senhor por tudo o que temos experimentado e, convencidos de que \"nada do que \u00e9 colocado sob a protec\u00e7\u00e3o da Virgem pode falhar\", colocamos esta nova viagem nas suas m\u00e3os.<\/p>\n\n\n\n<div class=\"wp-block-responsive-lightbox-gallery\"><\/div>\n","protected":false},"excerpt":{"rendered":"<p>&#8220;VINHO NOVO, EM ODRES NOVOS&#8221; Estas palavras do Senhor, retomadas pelo Evangelista Mateus, foram o impulso do Esp\u00edrito que guiou, dinamizou e alimentou o caminho percorrido pelas Filhas da Caridade de ambas as Prov\u00edncias para a cria\u00e7\u00e3o da nova &#8220;Espanha Centro&#8221;. Com grande interesse, afecto e alegria foi preparado o momento culminante, do qual destacamos [&hellip;]<\/p>\n","protected":false},"author":1,"featured_media":16184,"comment_status":"closed","ping_status":"closed","sticky":false,"template":"","format":"standard","meta":{"_acf_changed":false,"footnotes":"","_links_to":"","_links_to_target":""},"categories":[791],"tags":[],"class_list":["post-25245","post","type-post","status-publish","format-standard","has-post-thumbnail","hentry","category-espana-centro-pt-pt"],"acf":[],"yoast_head":"<!-- This site is optimized with the Yoast SEO plugin v27.5 - https:\/\/yoast.com\/product\/yoast-seo-wordpress\/ -->\n<title>RECONFIGURA\u00c7\u00c3O DAS PROV\u00cdNCIAS &quot;MADRID SANTA LUISA&quot; E &quot;MADRID S\u00c3O VICENTE&quot;: NASCIMENTO DA NOVA PROV\u00cdNCIA &quot;ESPANHA CENTRO&quot;. - Filles de la Charit\u00e9<\/title>\n<meta name=\"robots\" content=\"index, follow, max-snippet:-1, max-image-preview:large, max-video-preview:-1\" \/>\n<link rel=\"canonical\" href=\"https:\/\/filles-de-la-charite.org\/pt-pt\/reconfiguracao-das-provincias-madrid-santa-luisa-e-madrid-sao-vicente-nascimento-da-nova-provincia-espanha-centro\/\" \/>\n<meta property=\"og:locale\" content=\"pt_PT\" \/>\n<meta property=\"og:type\" content=\"article\" \/>\n<meta property=\"og:title\" content=\"RECONFIGURA\u00c7\u00c3O DAS PROV\u00cdNCIAS &quot;MADRID SANTA LUISA&quot; E &quot;MADRID S\u00c3O VICENTE&quot;: NASCIMENTO DA NOVA PROV\u00cdNCIA &quot;ESPANHA CENTRO&quot;. - Filles de la Charit\u00e9\" \/>\n<meta property=\"og:description\" content=\"&#8220;VINHO NOVO, EM ODRES NOVOS&#8221; Estas palavras do Senhor, retomadas pelo Evangelista Mateus, foram o impulso do Esp\u00edrito que guiou, dinamizou e alimentou o caminho percorrido pelas Filhas da Caridade de ambas as Prov\u00edncias para a cria\u00e7\u00e3o da nova &#8220;Espanha Centro&#8221;. Com grande interesse, afecto e alegria foi preparado o momento culminante, do qual destacamos [&hellip;]\" \/>\n<meta property=\"og:url\" content=\"https:\/\/filles-de-la-charite.org\/pt-pt\/reconfiguracao-das-provincias-madrid-santa-luisa-e-madrid-sao-vicente-nascimento-da-nova-provincia-espanha-centro\/\" \/>\n<meta property=\"og:site_name\" content=\"Filles de la Charit\u00e9\" \/>\n<meta property=\"article:published_time\" content=\"2021-12-01T19:23:54+00:00\" \/>\n<meta property=\"article:modified_time\" content=\"2024-03-17T16:13:07+00:00\" \/>\n<meta property=\"og:image\" content=\"https:\/\/filles-de-la-charite.org\/wp-content\/uploads\/2023\/06\/00.-miniatura-scaled-1.jpg\" \/>\n\t<meta property=\"og:image:width\" content=\"2560\" \/>\n\t<meta property=\"og:image:height\" content=\"1707\" \/>\n\t<meta property=\"og:image:type\" content=\"image\/jpeg\" \/>\n<meta name=\"author\" content=\"admin\" \/>\n<meta name=\"twitter:card\" content=\"summary_large_image\" \/>\n<meta name=\"twitter:label1\" content=\"Escrito por\" \/>\n\t<meta name=\"twitter:data1\" content=\"admin\" \/>\n\t<meta name=\"twitter:label2\" content=\"Tempo estimado de leitura\" \/>\n\t<meta name=\"twitter:data2\" content=\"2 minutos\" \/>\n<script type=\"application\/ld+json\" class=\"yoast-schema-graph\">{\"@context\":\"https:\\\/\\\/schema.org\",\"@graph\":[{\"@type\":\"Article\",\"@id\":\"https:\\\/\\\/filles-de-la-charite.org\\\/pt-pt\\\/reconfiguracao-das-provincias-madrid-santa-luisa-e-madrid-sao-vicente-nascimento-da-nova-provincia-espanha-centro\\\/#article\",\"isPartOf\":{\"@id\":\"https:\\\/\\\/filles-de-la-charite.org\\\/pt-pt\\\/reconfiguracao-das-provincias-madrid-santa-luisa-e-madrid-sao-vicente-nascimento-da-nova-provincia-espanha-centro\\\/\"},\"author\":{\"name\":\"admin\",\"@id\":\"https:\\\/\\\/filles-de-la-charite.org\\\/pt-pt\\\/#\\\/schema\\\/person\\\/427567b2eccfc2dd7d206da186a1f438\"},\"headline\":\"RECONFIGURA\u00c7\u00c3O DAS PROV\u00cdNCIAS &#8220;MADRID SANTA LUISA&#8221; E &#8220;MADRID S\u00c3O VICENTE&#8221;: NASCIMENTO DA NOVA PROV\u00cdNCIA &#8220;ESPANHA CENTRO&#8221;.\",\"datePublished\":\"2021-12-01T19:23:54+00:00\",\"dateModified\":\"2024-03-17T16:13:07+00:00\",\"mainEntityOfPage\":{\"@id\":\"https:\\\/\\\/filles-de-la-charite.org\\\/pt-pt\\\/reconfiguracao-das-provincias-madrid-santa-luisa-e-madrid-sao-vicente-nascimento-da-nova-provincia-espanha-centro\\\/\"},\"wordCount\":325,\"publisher\":{\"@id\":\"https:\\\/\\\/filles-de-la-charite.org\\\/pt-pt\\\/#organization\"},\"image\":{\"@id\":\"https:\\\/\\\/filles-de-la-charite.org\\\/pt-pt\\\/reconfiguracao-das-provincias-madrid-santa-luisa-e-madrid-sao-vicente-nascimento-da-nova-provincia-espanha-centro\\\/#primaryimage\"},\"thumbnailUrl\":\"https:\\\/\\\/filles-de-la-charite.org\\\/wp-content\\\/uploads\\\/2023\\\/06\\\/00.-miniatura-scaled-1.jpg\",\"articleSection\":[\"Espa\u00f1a Centro\"],\"inLanguage\":\"pt-PT\"},{\"@type\":\"WebPage\",\"@id\":\"https:\\\/\\\/filles-de-la-charite.org\\\/pt-pt\\\/reconfiguracao-das-provincias-madrid-santa-luisa-e-madrid-sao-vicente-nascimento-da-nova-provincia-espanha-centro\\\/\",\"url\":\"https:\\\/\\\/filles-de-la-charite.org\\\/pt-pt\\\/reconfiguracao-das-provincias-madrid-santa-luisa-e-madrid-sao-vicente-nascimento-da-nova-provincia-espanha-centro\\\/\",\"name\":\"RECONFIGURA\u00c7\u00c3O DAS PROV\u00cdNCIAS \\\"MADRID SANTA LUISA\\\" E \\\"MADRID S\u00c3O VICENTE\\\": NASCIMENTO DA NOVA PROV\u00cdNCIA \\\"ESPANHA CENTRO\\\". - Filles de la Charit\u00e9\",\"isPartOf\":{\"@id\":\"https:\\\/\\\/filles-de-la-charite.org\\\/pt-pt\\\/#website\"},\"primaryImageOfPage\":{\"@id\":\"https:\\\/\\\/filles-de-la-charite.org\\\/pt-pt\\\/reconfiguracao-das-provincias-madrid-santa-luisa-e-madrid-sao-vicente-nascimento-da-nova-provincia-espanha-centro\\\/#primaryimage\"},\"image\":{\"@id\":\"https:\\\/\\\/filles-de-la-charite.org\\\/pt-pt\\\/reconfiguracao-das-provincias-madrid-santa-luisa-e-madrid-sao-vicente-nascimento-da-nova-provincia-espanha-centro\\\/#primaryimage\"},\"thumbnailUrl\":\"https:\\\/\\\/filles-de-la-charite.org\\\/wp-content\\\/uploads\\\/2023\\\/06\\\/00.-miniatura-scaled-1.jpg\",\"datePublished\":\"2021-12-01T19:23:54+00:00\",\"dateModified\":\"2024-03-17T16:13:07+00:00\",\"breadcrumb\":{\"@id\":\"https:\\\/\\\/filles-de-la-charite.org\\\/pt-pt\\\/reconfiguracao-das-provincias-madrid-santa-luisa-e-madrid-sao-vicente-nascimento-da-nova-provincia-espanha-centro\\\/#breadcrumb\"},\"inLanguage\":\"pt-PT\",\"potentialAction\":[{\"@type\":\"ReadAction\",\"target\":[\"https:\\\/\\\/filles-de-la-charite.org\\\/pt-pt\\\/reconfiguracao-das-provincias-madrid-santa-luisa-e-madrid-sao-vicente-nascimento-da-nova-provincia-espanha-centro\\\/\"]}]},{\"@type\":\"ImageObject\",\"inLanguage\":\"pt-PT\",\"@id\":\"https:\\\/\\\/filles-de-la-charite.org\\\/pt-pt\\\/reconfiguracao-das-provincias-madrid-santa-luisa-e-madrid-sao-vicente-nascimento-da-nova-provincia-espanha-centro\\\/#primaryimage\",\"url\":\"https:\\\/\\\/filles-de-la-charite.org\\\/wp-content\\\/uploads\\\/2023\\\/06\\\/00.-miniatura-scaled-1.jpg\",\"contentUrl\":\"https:\\\/\\\/filles-de-la-charite.org\\\/wp-content\\\/uploads\\\/2023\\\/06\\\/00.-miniatura-scaled-1.jpg\",\"width\":2560,\"height\":1707},{\"@type\":\"BreadcrumbList\",\"@id\":\"https:\\\/\\\/filles-de-la-charite.org\\\/pt-pt\\\/reconfiguracao-das-provincias-madrid-santa-luisa-e-madrid-sao-vicente-nascimento-da-nova-provincia-espanha-centro\\\/#breadcrumb\",\"itemListElement\":[{\"@type\":\"ListItem\",\"position\":1,\"name\":\"Espa\u00f1a Centro\",\"item\":\"https:\\\/\\\/filles-de-la-charite.org\\\/pt-pt\\\/category\\\/espana-centro-pt-pt\\\/\"},{\"@type\":\"ListItem\",\"position\":2,\"name\":\"RECONFIGURA\u00c7\u00c3O DAS PROV\u00cdNCIAS &#8220;MADRID SANTA LUISA&#8221; E &#8220;MADRID S\u00c3O VICENTE&#8221;: NASCIMENTO DA NOVA PROV\u00cdNCIA &#8220;ESPANHA CENTRO&#8221;.\"}]},{\"@type\":\"WebSite\",\"@id\":\"https:\\\/\\\/filles-de-la-charite.org\\\/pt-pt\\\/#website\",\"url\":\"https:\\\/\\\/filles-de-la-charite.org\\\/pt-pt\\\/\",\"name\":\"Hijas de la Caridad\",\"description\":\"L\u2019amour de J\u00e9sus nous presse \u00e0 prendre soin des personnes les plus d\u00e9munies\",\"publisher\":{\"@id\":\"https:\\\/\\\/filles-de-la-charite.org\\\/pt-pt\\\/#organization\"},\"potentialAction\":[{\"@type\":\"SearchAction\",\"target\":{\"@type\":\"EntryPoint\",\"urlTemplate\":\"https:\\\/\\\/filles-de-la-charite.org\\\/pt-pt\\\/?s={search_term_string}\"},\"query-input\":{\"@type\":\"PropertyValueSpecification\",\"valueRequired\":true,\"valueName\":\"search_term_string\"}}],\"inLanguage\":\"pt-PT\"},{\"@type\":\"Organization\",\"@id\":\"https:\\\/\\\/filles-de-la-charite.org\\\/pt-pt\\\/#organization\",\"name\":\"Hijas de la Caridad\",\"url\":\"https:\\\/\\\/filles-de-la-charite.org\\\/pt-pt\\\/\",\"logo\":{\"@type\":\"ImageObject\",\"inLanguage\":\"pt-PT\",\"@id\":\"https:\\\/\\\/filles-de-la-charite.org\\\/pt-pt\\\/#\\\/schema\\\/logo\\\/image\\\/\",\"url\":\"https:\\\/\\\/filles-de-la-charite.org\\\/wp-content\\\/uploads\\\/2023\\\/03\\\/isotipo-Hijas-de-la-Caridad.png\",\"contentUrl\":\"https:\\\/\\\/filles-de-la-charite.org\\\/wp-content\\\/uploads\\\/2023\\\/03\\\/isotipo-Hijas-de-la-Caridad.png\",\"width\":1417,\"height\":1417,\"caption\":\"Hijas de la Caridad\"},\"image\":{\"@id\":\"https:\\\/\\\/filles-de-la-charite.org\\\/pt-pt\\\/#\\\/schema\\\/logo\\\/image\\\/\"}},{\"@type\":\"Person\",\"@id\":\"https:\\\/\\\/filles-de-la-charite.org\\\/pt-pt\\\/#\\\/schema\\\/person\\\/427567b2eccfc2dd7d206da186a1f438\",\"name\":\"admin\",\"image\":{\"@type\":\"ImageObject\",\"inLanguage\":\"pt-PT\",\"@id\":\"https:\\\/\\\/secure.gravatar.com\\\/avatar\\\/948b492cce32b586ac2db0eaa926ee87024f7afe218d73b397ea5ddfc5f43ea1?s=96&d=mm&r=g\",\"url\":\"https:\\\/\\\/secure.gravatar.com\\\/avatar\\\/948b492cce32b586ac2db0eaa926ee87024f7afe218d73b397ea5ddfc5f43ea1?s=96&d=mm&r=g\",\"contentUrl\":\"https:\\\/\\\/secure.gravatar.com\\\/avatar\\\/948b492cce32b586ac2db0eaa926ee87024f7afe218d73b397ea5ddfc5f43ea1?s=96&d=mm&r=g\",\"caption\":\"admin\"},\"sameAs\":[\"https:\\\/\\\/filles-de-la-charite.org\"],\"url\":\"https:\\\/\\\/filles-de-la-charite.org\\\/pt-pt\\\/author\\\/caridad\\\/\"}]}<\/script>\n<!-- \/ Yoast SEO plugin. -->","yoast_head_json":{"title":"RECONFIGURA\u00c7\u00c3O DAS PROV\u00cdNCIAS \"MADRID SANTA LUISA\" E \"MADRID S\u00c3O VICENTE\": NASCIMENTO DA NOVA PROV\u00cdNCIA \"ESPANHA CENTRO\". - Filles de la Charit\u00e9","robots":{"index":"index","follow":"follow","max-snippet":"max-snippet:-1","max-image-preview":"max-image-preview:large","max-video-preview":"max-video-preview:-1"},"canonical":"https:\/\/filles-de-la-charite.org\/pt-pt\/reconfiguracao-das-provincias-madrid-santa-luisa-e-madrid-sao-vicente-nascimento-da-nova-provincia-espanha-centro\/","og_locale":"pt_PT","og_type":"article","og_title":"RECONFIGURA\u00c7\u00c3O DAS PROV\u00cdNCIAS \"MADRID SANTA LUISA\" E \"MADRID S\u00c3O VICENTE\": NASCIMENTO DA NOVA PROV\u00cdNCIA \"ESPANHA CENTRO\". - Filles de la Charit\u00e9","og_description":"&#8220;VINHO NOVO, EM ODRES NOVOS&#8221; Estas palavras do Senhor, retomadas pelo Evangelista Mateus, foram o impulso do Esp\u00edrito que guiou, dinamizou e alimentou o caminho percorrido pelas Filhas da Caridade de ambas as Prov\u00edncias para a cria\u00e7\u00e3o da nova &#8220;Espanha Centro&#8221;. Com grande interesse, afecto e alegria foi preparado o momento culminante, do qual destacamos [&hellip;]","og_url":"https:\/\/filles-de-la-charite.org\/pt-pt\/reconfiguracao-das-provincias-madrid-santa-luisa-e-madrid-sao-vicente-nascimento-da-nova-provincia-espanha-centro\/","og_site_name":"Filles de la Charit\u00e9","article_published_time":"2021-12-01T19:23:54+00:00","article_modified_time":"2024-03-17T16:13:07+00:00","og_image":[{"width":2560,"height":1707,"url":"https:\/\/filles-de-la-charite.org\/wp-content\/uploads\/2023\/06\/00.-miniatura-scaled-1.jpg","type":"image\/jpeg"}],"author":"admin","twitter_card":"summary_large_image","twitter_misc":{"Escrito por":"admin","Tempo estimado de leitura":"2 minutos"},"schema":{"@context":"https:\/\/schema.org","@graph":[{"@type":"Article","@id":"https:\/\/filles-de-la-charite.org\/pt-pt\/reconfiguracao-das-provincias-madrid-santa-luisa-e-madrid-sao-vicente-nascimento-da-nova-provincia-espanha-centro\/#article","isPartOf":{"@id":"https:\/\/filles-de-la-charite.org\/pt-pt\/reconfiguracao-das-provincias-madrid-santa-luisa-e-madrid-sao-vicente-nascimento-da-nova-provincia-espanha-centro\/"},"author":{"name":"admin","@id":"https:\/\/filles-de-la-charite.org\/pt-pt\/#\/schema\/person\/427567b2eccfc2dd7d206da186a1f438"},"headline":"RECONFIGURA\u00c7\u00c3O DAS PROV\u00cdNCIAS &#8220;MADRID SANTA LUISA&#8221; E &#8220;MADRID S\u00c3O VICENTE&#8221;: NASCIMENTO DA NOVA PROV\u00cdNCIA &#8220;ESPANHA CENTRO&#8221;.","datePublished":"2021-12-01T19:23:54+00:00","dateModified":"2024-03-17T16:13:07+00:00","mainEntityOfPage":{"@id":"https:\/\/filles-de-la-charite.org\/pt-pt\/reconfiguracao-das-provincias-madrid-santa-luisa-e-madrid-sao-vicente-nascimento-da-nova-provincia-espanha-centro\/"},"wordCount":325,"publisher":{"@id":"https:\/\/filles-de-la-charite.org\/pt-pt\/#organization"},"image":{"@id":"https:\/\/filles-de-la-charite.org\/pt-pt\/reconfiguracao-das-provincias-madrid-santa-luisa-e-madrid-sao-vicente-nascimento-da-nova-provincia-espanha-centro\/#primaryimage"},"thumbnailUrl":"https:\/\/filles-de-la-charite.org\/wp-content\/uploads\/2023\/06\/00.-miniatura-scaled-1.jpg","articleSection":["Espa\u00f1a Centro"],"inLanguage":"pt-PT"},{"@type":"WebPage","@id":"https:\/\/filles-de-la-charite.org\/pt-pt\/reconfiguracao-das-provincias-madrid-santa-luisa-e-madrid-sao-vicente-nascimento-da-nova-provincia-espanha-centro\/","url":"https:\/\/filles-de-la-charite.org\/pt-pt\/reconfiguracao-das-provincias-madrid-santa-luisa-e-madrid-sao-vicente-nascimento-da-nova-provincia-espanha-centro\/","name":"RECONFIGURA\u00c7\u00c3O DAS PROV\u00cdNCIAS \"MADRID SANTA LUISA\" E \"MADRID S\u00c3O VICENTE\": NASCIMENTO DA NOVA PROV\u00cdNCIA \"ESPANHA CENTRO\". - Filles de la Charit\u00e9","isPartOf":{"@id":"https:\/\/filles-de-la-charite.org\/pt-pt\/#website"},"primaryImageOfPage":{"@id":"https:\/\/filles-de-la-charite.org\/pt-pt\/reconfiguracao-das-provincias-madrid-santa-luisa-e-madrid-sao-vicente-nascimento-da-nova-provincia-espanha-centro\/#primaryimage"},"image":{"@id":"https:\/\/filles-de-la-charite.org\/pt-pt\/reconfiguracao-das-provincias-madrid-santa-luisa-e-madrid-sao-vicente-nascimento-da-nova-provincia-espanha-centro\/#primaryimage"},"thumbnailUrl":"https:\/\/filles-de-la-charite.org\/wp-content\/uploads\/2023\/06\/00.-miniatura-scaled-1.jpg","datePublished":"2021-12-01T19:23:54+00:00","dateModified":"2024-03-17T16:13:07+00:00","breadcrumb":{"@id":"https:\/\/filles-de-la-charite.org\/pt-pt\/reconfiguracao-das-provincias-madrid-santa-luisa-e-madrid-sao-vicente-nascimento-da-nova-provincia-espanha-centro\/#breadcrumb"},"inLanguage":"pt-PT","potentialAction":[{"@type":"ReadAction","target":["https:\/\/filles-de-la-charite.org\/pt-pt\/reconfiguracao-das-provincias-madrid-santa-luisa-e-madrid-sao-vicente-nascimento-da-nova-provincia-espanha-centro\/"]}]},{"@type":"ImageObject","inLanguage":"pt-PT","@id":"https:\/\/filles-de-la-charite.org\/pt-pt\/reconfiguracao-das-provincias-madrid-santa-luisa-e-madrid-sao-vicente-nascimento-da-nova-provincia-espanha-centro\/#primaryimage","url":"https:\/\/filles-de-la-charite.org\/wp-content\/uploads\/2023\/06\/00.-miniatura-scaled-1.jpg","contentUrl":"https:\/\/filles-de-la-charite.org\/wp-content\/uploads\/2023\/06\/00.-miniatura-scaled-1.jpg","width":2560,"height":1707},{"@type":"BreadcrumbList","@id":"https:\/\/filles-de-la-charite.org\/pt-pt\/reconfiguracao-das-provincias-madrid-santa-luisa-e-madrid-sao-vicente-nascimento-da-nova-provincia-espanha-centro\/#breadcrumb","itemListElement":[{"@type":"ListItem","position":1,"name":"Espa\u00f1a Centro","item":"https:\/\/filles-de-la-charite.org\/pt-pt\/category\/espana-centro-pt-pt\/"},{"@type":"ListItem","position":2,"name":"RECONFIGURA\u00c7\u00c3O DAS PROV\u00cdNCIAS &#8220;MADRID SANTA LUISA&#8221; E &#8220;MADRID S\u00c3O VICENTE&#8221;: NASCIMENTO DA NOVA PROV\u00cdNCIA &#8220;ESPANHA CENTRO&#8221;."}]},{"@type":"WebSite","@id":"https:\/\/filles-de-la-charite.org\/pt-pt\/#website","url":"https:\/\/filles-de-la-charite.org\/pt-pt\/","name":"Hijas de la Caridad","description":"L\u2019amour de J\u00e9sus nous presse \u00e0 prendre soin des personnes les plus d\u00e9munies","publisher":{"@id":"https:\/\/filles-de-la-charite.org\/pt-pt\/#organization"},"potentialAction":[{"@type":"SearchAction","target":{"@type":"EntryPoint","urlTemplate":"https:\/\/filles-de-la-charite.org\/pt-pt\/?s={search_term_string}"},"query-input":{"@type":"PropertyValueSpecification","valueRequired":true,"valueName":"search_term_string"}}],"inLanguage":"pt-PT"},{"@type":"Organization","@id":"https:\/\/filles-de-la-charite.org\/pt-pt\/#organization","name":"Hijas de la Caridad","url":"https:\/\/filles-de-la-charite.org\/pt-pt\/","logo":{"@type":"ImageObject","inLanguage":"pt-PT","@id":"https:\/\/filles-de-la-charite.org\/pt-pt\/#\/schema\/logo\/image\/","url":"https:\/\/filles-de-la-charite.org\/wp-content\/uploads\/2023\/03\/isotipo-Hijas-de-la-Caridad.png","contentUrl":"https:\/\/filles-de-la-charite.org\/wp-content\/uploads\/2023\/03\/isotipo-Hijas-de-la-Caridad.png","width":1417,"height":1417,"caption":"Hijas de la Caridad"},"image":{"@id":"https:\/\/filles-de-la-charite.org\/pt-pt\/#\/schema\/logo\/image\/"}},{"@type":"Person","@id":"https:\/\/filles-de-la-charite.org\/pt-pt\/#\/schema\/person\/427567b2eccfc2dd7d206da186a1f438","name":"admin","image":{"@type":"ImageObject","inLanguage":"pt-PT","@id":"https:\/\/secure.gravatar.com\/avatar\/948b492cce32b586ac2db0eaa926ee87024f7afe218d73b397ea5ddfc5f43ea1?s=96&d=mm&r=g","url":"https:\/\/secure.gravatar.com\/avatar\/948b492cce32b586ac2db0eaa926ee87024f7afe218d73b397ea5ddfc5f43ea1?s=96&d=mm&r=g","contentUrl":"https:\/\/secure.gravatar.com\/avatar\/948b492cce32b586ac2db0eaa926ee87024f7afe218d73b397ea5ddfc5f43ea1?s=96&d=mm&r=g","caption":"admin"},"sameAs":["https:\/\/filles-de-la-charite.org"],"url":"https:\/\/filles-de-la-charite.org\/pt-pt\/author\/caridad\/"}]}},"_links":{"self":[{"href":"https:\/\/filles-de-la-charite.org\/pt-pt\/wp-json\/wp\/v2\/posts\/25245","targetHints":{"allow":["GET"]}}],"collection":[{"href":"https:\/\/filles-de-la-charite.org\/pt-pt\/wp-json\/wp\/v2\/posts"}],"about":[{"href":"https:\/\/filles-de-la-charite.org\/pt-pt\/wp-json\/wp\/v2\/types\/post"}],"author":[{"embeddable":true,"href":"https:\/\/filles-de-la-charite.org\/pt-pt\/wp-json\/wp\/v2\/users\/1"}],"replies":[{"embeddable":true,"href":"https:\/\/filles-de-la-charite.org\/pt-pt\/wp-json\/wp\/v2\/comments?post=25245"}],"version-history":[{"count":1,"href":"https:\/\/filles-de-la-charite.org\/pt-pt\/wp-json\/wp\/v2\/posts\/25245\/revisions"}],"predecessor-version":[{"id":34498,"href":"https:\/\/filles-de-la-charite.org\/pt-pt\/wp-json\/wp\/v2\/posts\/25245\/revisions\/34498"}],"wp:featuredmedia":[{"embeddable":true,"href":"https:\/\/filles-de-la-charite.org\/pt-pt\/wp-json\/wp\/v2\/media\/16184"}],"wp:attachment":[{"href":"https:\/\/filles-de-la-charite.org\/pt-pt\/wp-json\/wp\/v2\/media?parent=25245"}],"wp:term":[{"taxonomy":"category","embeddable":true,"href":"https:\/\/filles-de-la-charite.org\/pt-pt\/wp-json\/wp\/v2\/categories?post=25245"},{"taxonomy":"post_tag","embeddable":true,"href":"https:\/\/filles-de-la-charite.org\/pt-pt\/wp-json\/wp\/v2\/tags?post=25245"}],"curies":[{"name":"wp","href":"https:\/\/api.w.org\/{rel}","templated":true}]}}