{"id":25248,"date":"2021-12-31T23:00:00","date_gmt":"2021-12-31T22:00:00","guid":{"rendered":"https:\/\/hijascaridad.sjdigitaldemo.ovh\/erecao-da-nova-provincia-sao-vicente-italia\/"},"modified":"2024-03-17T17:12:48","modified_gmt":"2024-03-17T16:12:48","slug":"erecao-da-nova-provincia-sao-vicente-italia","status":"publish","type":"post","link":"https:\/\/filles-de-la-charite.org\/pt-pt\/erecao-da-nova-provincia-sao-vicente-italia\/","title":{"rendered":"Ere\u00e7\u00e3o da nova Prov\u00edncia S\u00e3o Vicente It\u00e1lia"},"content":{"rendered":"\n<p>Abre-se uma nova p\u00e1gina da hist\u00f3ria: A Ere\u00e7\u00e3o da nova Prov\u00edncia das Filhas da Caridade de It\u00e1lia. A 29 de Novembro de 2021, a ere\u00e7\u00e3o da nova Prov\u00edncia de S\u00e3o Vicente de It\u00e1lia foi celebrada em Roma, Casa Maria Immacolata. O evento da Unifica\u00e7\u00e3o coincidiu felizmente com o anivers\u00e1rio da funda\u00e7\u00e3o (29 de Novembro de 1633) em Paris do primeiro n\u00facleo da pequena Companhia que, em torno de Santa Lu\u00edsa de Marillac, escreveu p\u00e1ginas de Caridade totalmente sem precedentes na Igreja de Deus. Na presen\u00e7a dos Superiores Gerais, dos Visitantes das duas antigas Prov\u00edncias da Sardenha e S\u00e3o Vicente, dos Directores Provinciais dos Padres e de uma representa\u00e7\u00e3o discreta das Filhas da Caridade de toda a It\u00e1lia, acompanh\u00e1mos o momento hist\u00f3rico da introdu\u00e7\u00e3o da Prov\u00edncia da Sardenha na nova realidade italiana da Pequena Companhia com salmos e c\u00e2nticos espirituais.<\/p>\n\n\n\n<p>A participa\u00e7\u00e3o orante, fraterna e alegre de todos os que se reuniram para o nascimento da nova Prov\u00edncia de S\u00e3o Vicente de It\u00e1lia foi verdadeiramente um momento singular e \u00fanico, gerado pelo desejo vivo de aderir ao que a Companhia vinha pedindo h\u00e1 algum tempo, em conformidade com as directivas da Igreja relativas aos Institutos Religiosos e, em particular para n\u00f3s Comunidades de Vida Apost\u00f3lica, por uma maior e mais ampla sinergia ao servi\u00e7o dos Pobres, na abertura a uma colabora\u00e7\u00e3o mais capilar entre n\u00f3s, os leigos e os organismos diocesanos e eclesiais nacionais. O processo de reconfigura\u00e7\u00e3o das cinco Prov\u00edncias numa \u00fanica realidade, iniciado em 2013, est\u00e1 portanto a ter lugar ap\u00f3s um longo e intenso di\u00e1logo e confronto durante as numerosas reuni\u00f5es entre os respectivos Conselhos Provinciais na busca da vontade de Deus. A Assembleia Geral realizada em Paris de 29 de Outubro a 21 de Novembro de 2021 concluiu com o compromisso de abrir novos caminhos de fraternidade, comunh\u00e3o e miss\u00e3o, para que se possa dizer que a unifica\u00e7\u00e3o das Prov\u00edncias \u00e9 o primeiro passo para colocar a fraternidade no centro para a Miss\u00e3o.<\/p>\n\n\n\n<div class=\"wp-block-image\"><figure class=\"aligncenter size-large\"><img decoding=\"async\" src=\"https:\/\/filles-de-la-charite.org\/wp-content\/uploads\/2023\/06\/1.-The-Visitatrix-of-the-new-Province-Sister-Maria-Rosaria-Matranga-1024x769-1.jpg\" alt=\"\" class=\"wp-image-69356\"\/><figcaption><em>A visitadora da nova Provincia: ir Maria Rosaria Matranga<\/em><\/figcaption><\/figure><\/div>\n\n\n\n<p>Referindo-se \u00e0 Assembleia Geral, a Irm\u00e3 Fran\u00e7oise Petit, a Superiora Geral, por ocasi\u00e3o da unifica\u00e7\u00e3o salientou: <em>\"temos falado muito sobre a dimens\u00e3o da fraternidade entre as Irm\u00e3s, entre as Comunidades e as Prov\u00edncias. Durante os interc\u00e2mbios sobre este assunto na Assembleia Geral foi bem expresso que esta fraternidade se baseia na nossa f\u00e9, n\u00e3o estamos a um n\u00edvel puramente humano, mesmo que em parte seja assim, somos todas filhas do mesmo Pai. \u00c9 uma fraternidade de comunh\u00e3o e \u00e9 isto que precisamos de construir!... o nascimento de uma nova Prov\u00edncia pode ser uma oportunidade para retomar os interc\u00e2mbios sobre este tema e ao mesmo tempo para assumir compromissos concretos para alcan\u00e7ar uma comunh\u00e3o de facto e no esp\u00edrito entre v\u00f3s e entre as duas Prov\u00edncias que est\u00e3o unidas. O que se espera de n\u00f3s? No que diz respeito \u00e0 Miss\u00e3o, a revis\u00e3o dos trabalhos indispens\u00e1vel foi sublinhada.... a \u00fanica forma poss\u00edvel de sermos sempre fi\u00e9is ao nosso Carisma...\".<\/em><\/p>\n\n\n\n<p>Sentimos a urg\u00eancia de reunir o que somos e o que temos, mente, cora\u00e7\u00e3o, energias, recursos e respostas para promover experi\u00eancias em conjunto, para continuar a ser testemunhas cred\u00edveis da ternura de Deus para com os pobres, para realizar obras-sinais com projectos que visam devolver aos pobres a dignidade que \u00e9 devida a todos, para refor\u00e7ar o sentimento de perten\u00e7a \u00e0 Companhia, estreitando a comunh\u00e3o com os leigos da Fam\u00edlia Vicentina.<\/p>\n\n\n\n<p>Na sua homilia, o Superior Geral, Padre Tomaz Mavric, disse:<em> \u201cA unifica\u00e7\u00e3o da Prov\u00edncia de S\u00e3o Vicente de It\u00e1lia \u00e9 um desafio, uma oportunidade; a unifica\u00e7\u00e3o, inicialmente parcial e agora total, da nova Prov\u00edncia j\u00e1 \u00e9 hist\u00f3ria, ter\u00e1 uma hist\u00f3ria, hoje \u00e9 a data do seu nascimento. Acreditamos que Deus, Provid\u00eancia - diria S\u00e3o Vicente de Paulo - nos guiou a este dia passo a passo, lentamente at\u00e9 hoje, o dia em que uma estrada seca foi aberta no mar que separa o continente da ilha da Sardenha, para que possamos caminhar juntos. Seremos provavelmente assaltados por arrependimentos pelas cebolas de que desfrut\u00e1vamos... passaremos dias de deserto... H\u00e1 tamb\u00e9m para n\u00f3s um Jord\u00e3o a atravessar, Deus n\u00e3o mudou o seu estilo, Deus est\u00e1 sempre a caminhar connosco, \u00e9 por isso que podemos tomar a nova estrada e, ao tom\u00e1-la, damos testemunho\".<\/em><\/p>\n\n\n\n<div class=\"wp-block-image\"><figure class=\"aligncenter size-large\"><img decoding=\"async\" src=\"https:\/\/filles-de-la-charite.org\/wp-content\/uploads\/2023\/06\/3.-With-the-General-Superiors-1024x678-1.jpg\" alt=\"\" class=\"wp-image-69414\"\/><figcaption><em>Com o Superior Geral<\/em><\/figcaption><\/figure><\/div>\n\n\n\n<p>O dia termina com o almo\u00e7o... Ephatha j\u00e1 est\u00e1 em curso, cabe-nos a n\u00f3s dialogar, olhar com novos olhos, sair porta afora... ir para, encontrar, determinadas uma vez mais a caminhar juntas como Irm\u00e3s que o <em>Senhor chamou e reuniu<\/em> (C11a).<\/p>\n\n\n\n<p>Ir M. Rita Columbano<\/p>\n\n\n\n<figure class=\"wp-block-embed is-type-video is-provider-youtube wp-block-embed-youtube wp-embed-aspect-16-9 wp-has-aspect-ratio\"><div class=\"wp-block-embed__wrapper\">\nhttps:\/\/youtu.be\/4F2r0UMtdhw\n<\/div><\/figure>\n","protected":false},"excerpt":{"rendered":"<p>Abre-se uma nova p\u00e1gina da hist\u00f3ria: A Ere\u00e7\u00e3o da nova Prov\u00edncia das Filhas da Caridade de It\u00e1lia. A 29 de Novembro de 2021, a ere\u00e7\u00e3o da nova Prov\u00edncia de S\u00e3o Vicente de It\u00e1lia foi celebrada em Roma, Casa Maria Immacolata. O evento da Unifica\u00e7\u00e3o coincidiu felizmente com o anivers\u00e1rio da funda\u00e7\u00e3o (29 de Novembro de [&hellip;]<\/p>\n","protected":false},"author":1,"featured_media":16242,"comment_status":"closed","ping_status":"closed","sticky":false,"template":"","format":"standard","meta":{"_acf_changed":false,"footnotes":"","_links_to":"","_links_to_target":""},"categories":[743],"tags":[],"class_list":["post-25248","post","type-post","status-publish","format-standard","has-post-thumbnail","hentry","category-san-vincenzo-italia-pt-pt"],"acf":[],"yoast_head":"<!-- This site is optimized with the Yoast SEO plugin v27.5 - https:\/\/yoast.com\/product\/yoast-seo-wordpress\/ -->\n<title>Ere\u00e7\u00e3o da nova Prov\u00edncia S\u00e3o Vicente It\u00e1lia - Filles de la Charit\u00e9<\/title>\n<meta name=\"robots\" content=\"index, follow, max-snippet:-1, max-image-preview:large, max-video-preview:-1\" \/>\n<link rel=\"canonical\" href=\"https:\/\/filles-de-la-charite.org\/pt-pt\/erecao-da-nova-provincia-sao-vicente-italia\/\" \/>\n<meta property=\"og:locale\" content=\"pt_PT\" \/>\n<meta property=\"og:type\" content=\"article\" \/>\n<meta property=\"og:title\" content=\"Ere\u00e7\u00e3o da nova Prov\u00edncia S\u00e3o Vicente It\u00e1lia - Filles de la Charit\u00e9\" \/>\n<meta property=\"og:description\" content=\"Abre-se uma nova p\u00e1gina da hist\u00f3ria: A Ere\u00e7\u00e3o da nova Prov\u00edncia das Filhas da Caridade de It\u00e1lia. A 29 de Novembro de 2021, a ere\u00e7\u00e3o da nova Prov\u00edncia de S\u00e3o Vicente de It\u00e1lia foi celebrada em Roma, Casa Maria Immacolata. O evento da Unifica\u00e7\u00e3o coincidiu felizmente com o anivers\u00e1rio da funda\u00e7\u00e3o (29 de Novembro de [&hellip;]\" \/>\n<meta property=\"og:url\" content=\"https:\/\/filles-de-la-charite.org\/pt-pt\/erecao-da-nova-provincia-sao-vicente-italia\/\" \/>\n<meta property=\"og:site_name\" content=\"Filles de la Charit\u00e9\" \/>\n<meta property=\"article:published_time\" content=\"2021-12-31T22:00:00+00:00\" \/>\n<meta property=\"article:modified_time\" content=\"2024-03-17T16:12:48+00:00\" \/>\n<meta property=\"og:image\" content=\"https:\/\/filles-de-la-charite.org\/wp-content\/uploads\/2023\/06\/2.-The-new-Council-with-Mother-General.jpg\" \/>\n\t<meta property=\"og:image:width\" content=\"1170\" \/>\n\t<meta property=\"og:image:height\" content=\"879\" \/>\n\t<meta property=\"og:image:type\" content=\"image\/jpeg\" \/>\n<meta name=\"author\" content=\"admin\" \/>\n<meta name=\"twitter:card\" content=\"summary_large_image\" \/>\n<meta name=\"twitter:label1\" content=\"Escrito por\" \/>\n\t<meta name=\"twitter:data1\" content=\"admin\" \/>\n\t<meta name=\"twitter:label2\" content=\"Tempo estimado de leitura\" \/>\n\t<meta name=\"twitter:data2\" content=\"4 minutos\" \/>\n<script type=\"application\/ld+json\" class=\"yoast-schema-graph\">{\"@context\":\"https:\\\/\\\/schema.org\",\"@graph\":[{\"@type\":\"Article\",\"@id\":\"https:\\\/\\\/filles-de-la-charite.org\\\/pt-pt\\\/erecao-da-nova-provincia-sao-vicente-italia\\\/#article\",\"isPartOf\":{\"@id\":\"https:\\\/\\\/filles-de-la-charite.org\\\/pt-pt\\\/erecao-da-nova-provincia-sao-vicente-italia\\\/\"},\"author\":{\"name\":\"admin\",\"@id\":\"https:\\\/\\\/filles-de-la-charite.org\\\/pt-pt\\\/#\\\/schema\\\/person\\\/427567b2eccfc2dd7d206da186a1f438\"},\"headline\":\"Ere\u00e7\u00e3o da nova Prov\u00edncia S\u00e3o Vicente It\u00e1lia\",\"datePublished\":\"2021-12-31T22:00:00+00:00\",\"dateModified\":\"2024-03-17T16:12:48+00:00\",\"mainEntityOfPage\":{\"@id\":\"https:\\\/\\\/filles-de-la-charite.org\\\/pt-pt\\\/erecao-da-nova-provincia-sao-vicente-italia\\\/\"},\"wordCount\":848,\"publisher\":{\"@id\":\"https:\\\/\\\/filles-de-la-charite.org\\\/pt-pt\\\/#organization\"},\"image\":{\"@id\":\"https:\\\/\\\/filles-de-la-charite.org\\\/pt-pt\\\/erecao-da-nova-provincia-sao-vicente-italia\\\/#primaryimage\"},\"thumbnailUrl\":\"https:\\\/\\\/filles-de-la-charite.org\\\/wp-content\\\/uploads\\\/2023\\\/06\\\/2.-The-new-Council-with-Mother-General.jpg\",\"articleSection\":[\"San Vincenzo &#8211; Italia\"],\"inLanguage\":\"pt-PT\"},{\"@type\":\"WebPage\",\"@id\":\"https:\\\/\\\/filles-de-la-charite.org\\\/pt-pt\\\/erecao-da-nova-provincia-sao-vicente-italia\\\/\",\"url\":\"https:\\\/\\\/filles-de-la-charite.org\\\/pt-pt\\\/erecao-da-nova-provincia-sao-vicente-italia\\\/\",\"name\":\"Ere\u00e7\u00e3o da nova Prov\u00edncia S\u00e3o Vicente It\u00e1lia - Filles de la Charit\u00e9\",\"isPartOf\":{\"@id\":\"https:\\\/\\\/filles-de-la-charite.org\\\/pt-pt\\\/#website\"},\"primaryImageOfPage\":{\"@id\":\"https:\\\/\\\/filles-de-la-charite.org\\\/pt-pt\\\/erecao-da-nova-provincia-sao-vicente-italia\\\/#primaryimage\"},\"image\":{\"@id\":\"https:\\\/\\\/filles-de-la-charite.org\\\/pt-pt\\\/erecao-da-nova-provincia-sao-vicente-italia\\\/#primaryimage\"},\"thumbnailUrl\":\"https:\\\/\\\/filles-de-la-charite.org\\\/wp-content\\\/uploads\\\/2023\\\/06\\\/2.-The-new-Council-with-Mother-General.jpg\",\"datePublished\":\"2021-12-31T22:00:00+00:00\",\"dateModified\":\"2024-03-17T16:12:48+00:00\",\"breadcrumb\":{\"@id\":\"https:\\\/\\\/filles-de-la-charite.org\\\/pt-pt\\\/erecao-da-nova-provincia-sao-vicente-italia\\\/#breadcrumb\"},\"inLanguage\":\"pt-PT\",\"potentialAction\":[{\"@type\":\"ReadAction\",\"target\":[\"https:\\\/\\\/filles-de-la-charite.org\\\/pt-pt\\\/erecao-da-nova-provincia-sao-vicente-italia\\\/\"]}]},{\"@type\":\"ImageObject\",\"inLanguage\":\"pt-PT\",\"@id\":\"https:\\\/\\\/filles-de-la-charite.org\\\/pt-pt\\\/erecao-da-nova-provincia-sao-vicente-italia\\\/#primaryimage\",\"url\":\"https:\\\/\\\/filles-de-la-charite.org\\\/wp-content\\\/uploads\\\/2023\\\/06\\\/2.-The-new-Council-with-Mother-General.jpg\",\"contentUrl\":\"https:\\\/\\\/filles-de-la-charite.org\\\/wp-content\\\/uploads\\\/2023\\\/06\\\/2.-The-new-Council-with-Mother-General.jpg\",\"width\":1170,\"height\":879},{\"@type\":\"BreadcrumbList\",\"@id\":\"https:\\\/\\\/filles-de-la-charite.org\\\/pt-pt\\\/erecao-da-nova-provincia-sao-vicente-italia\\\/#breadcrumb\",\"itemListElement\":[{\"@type\":\"ListItem\",\"position\":1,\"name\":\"San Vincenzo &#8211; Italia\",\"item\":\"https:\\\/\\\/filles-de-la-charite.org\\\/pt-pt\\\/category\\\/san-vincenzo-italia-pt-pt\\\/\"},{\"@type\":\"ListItem\",\"position\":2,\"name\":\"Ere\u00e7\u00e3o da nova Prov\u00edncia S\u00e3o Vicente It\u00e1lia\"}]},{\"@type\":\"WebSite\",\"@id\":\"https:\\\/\\\/filles-de-la-charite.org\\\/pt-pt\\\/#website\",\"url\":\"https:\\\/\\\/filles-de-la-charite.org\\\/pt-pt\\\/\",\"name\":\"Hijas de la Caridad\",\"description\":\"L\u2019amour de J\u00e9sus nous presse \u00e0 prendre soin des personnes les plus d\u00e9munies\",\"publisher\":{\"@id\":\"https:\\\/\\\/filles-de-la-charite.org\\\/pt-pt\\\/#organization\"},\"potentialAction\":[{\"@type\":\"SearchAction\",\"target\":{\"@type\":\"EntryPoint\",\"urlTemplate\":\"https:\\\/\\\/filles-de-la-charite.org\\\/pt-pt\\\/?s={search_term_string}\"},\"query-input\":{\"@type\":\"PropertyValueSpecification\",\"valueRequired\":true,\"valueName\":\"search_term_string\"}}],\"inLanguage\":\"pt-PT\"},{\"@type\":\"Organization\",\"@id\":\"https:\\\/\\\/filles-de-la-charite.org\\\/pt-pt\\\/#organization\",\"name\":\"Hijas de la Caridad\",\"url\":\"https:\\\/\\\/filles-de-la-charite.org\\\/pt-pt\\\/\",\"logo\":{\"@type\":\"ImageObject\",\"inLanguage\":\"pt-PT\",\"@id\":\"https:\\\/\\\/filles-de-la-charite.org\\\/pt-pt\\\/#\\\/schema\\\/logo\\\/image\\\/\",\"url\":\"https:\\\/\\\/filles-de-la-charite.org\\\/wp-content\\\/uploads\\\/2023\\\/03\\\/isotipo-Hijas-de-la-Caridad.png\",\"contentUrl\":\"https:\\\/\\\/filles-de-la-charite.org\\\/wp-content\\\/uploads\\\/2023\\\/03\\\/isotipo-Hijas-de-la-Caridad.png\",\"width\":1417,\"height\":1417,\"caption\":\"Hijas de la Caridad\"},\"image\":{\"@id\":\"https:\\\/\\\/filles-de-la-charite.org\\\/pt-pt\\\/#\\\/schema\\\/logo\\\/image\\\/\"}},{\"@type\":\"Person\",\"@id\":\"https:\\\/\\\/filles-de-la-charite.org\\\/pt-pt\\\/#\\\/schema\\\/person\\\/427567b2eccfc2dd7d206da186a1f438\",\"name\":\"admin\",\"image\":{\"@type\":\"ImageObject\",\"inLanguage\":\"pt-PT\",\"@id\":\"https:\\\/\\\/secure.gravatar.com\\\/avatar\\\/948b492cce32b586ac2db0eaa926ee87024f7afe218d73b397ea5ddfc5f43ea1?s=96&d=mm&r=g\",\"url\":\"https:\\\/\\\/secure.gravatar.com\\\/avatar\\\/948b492cce32b586ac2db0eaa926ee87024f7afe218d73b397ea5ddfc5f43ea1?s=96&d=mm&r=g\",\"contentUrl\":\"https:\\\/\\\/secure.gravatar.com\\\/avatar\\\/948b492cce32b586ac2db0eaa926ee87024f7afe218d73b397ea5ddfc5f43ea1?s=96&d=mm&r=g\",\"caption\":\"admin\"},\"sameAs\":[\"https:\\\/\\\/filles-de-la-charite.org\"],\"url\":\"https:\\\/\\\/filles-de-la-charite.org\\\/pt-pt\\\/author\\\/caridad\\\/\"}]}<\/script>\n<!-- \/ Yoast SEO plugin. -->","yoast_head_json":{"title":"Ere\u00e7\u00e3o da nova Prov\u00edncia S\u00e3o Vicente It\u00e1lia - Filles de la Charit\u00e9","robots":{"index":"index","follow":"follow","max-snippet":"max-snippet:-1","max-image-preview":"max-image-preview:large","max-video-preview":"max-video-preview:-1"},"canonical":"https:\/\/filles-de-la-charite.org\/pt-pt\/erecao-da-nova-provincia-sao-vicente-italia\/","og_locale":"pt_PT","og_type":"article","og_title":"Ere\u00e7\u00e3o da nova Prov\u00edncia S\u00e3o Vicente It\u00e1lia - Filles de la Charit\u00e9","og_description":"Abre-se uma nova p\u00e1gina da hist\u00f3ria: A Ere\u00e7\u00e3o da nova Prov\u00edncia das Filhas da Caridade de It\u00e1lia. A 29 de Novembro de 2021, a ere\u00e7\u00e3o da nova Prov\u00edncia de S\u00e3o Vicente de It\u00e1lia foi celebrada em Roma, Casa Maria Immacolata. O evento da Unifica\u00e7\u00e3o coincidiu felizmente com o anivers\u00e1rio da funda\u00e7\u00e3o (29 de Novembro de [&hellip;]","og_url":"https:\/\/filles-de-la-charite.org\/pt-pt\/erecao-da-nova-provincia-sao-vicente-italia\/","og_site_name":"Filles de la Charit\u00e9","article_published_time":"2021-12-31T22:00:00+00:00","article_modified_time":"2024-03-17T16:12:48+00:00","og_image":[{"width":1170,"height":879,"url":"https:\/\/filles-de-la-charite.org\/wp-content\/uploads\/2023\/06\/2.-The-new-Council-with-Mother-General.jpg","type":"image\/jpeg"}],"author":"admin","twitter_card":"summary_large_image","twitter_misc":{"Escrito por":"admin","Tempo estimado de leitura":"4 minutos"},"schema":{"@context":"https:\/\/schema.org","@graph":[{"@type":"Article","@id":"https:\/\/filles-de-la-charite.org\/pt-pt\/erecao-da-nova-provincia-sao-vicente-italia\/#article","isPartOf":{"@id":"https:\/\/filles-de-la-charite.org\/pt-pt\/erecao-da-nova-provincia-sao-vicente-italia\/"},"author":{"name":"admin","@id":"https:\/\/filles-de-la-charite.org\/pt-pt\/#\/schema\/person\/427567b2eccfc2dd7d206da186a1f438"},"headline":"Ere\u00e7\u00e3o da nova Prov\u00edncia S\u00e3o Vicente It\u00e1lia","datePublished":"2021-12-31T22:00:00+00:00","dateModified":"2024-03-17T16:12:48+00:00","mainEntityOfPage":{"@id":"https:\/\/filles-de-la-charite.org\/pt-pt\/erecao-da-nova-provincia-sao-vicente-italia\/"},"wordCount":848,"publisher":{"@id":"https:\/\/filles-de-la-charite.org\/pt-pt\/#organization"},"image":{"@id":"https:\/\/filles-de-la-charite.org\/pt-pt\/erecao-da-nova-provincia-sao-vicente-italia\/#primaryimage"},"thumbnailUrl":"https:\/\/filles-de-la-charite.org\/wp-content\/uploads\/2023\/06\/2.-The-new-Council-with-Mother-General.jpg","articleSection":["San Vincenzo &#8211; Italia"],"inLanguage":"pt-PT"},{"@type":"WebPage","@id":"https:\/\/filles-de-la-charite.org\/pt-pt\/erecao-da-nova-provincia-sao-vicente-italia\/","url":"https:\/\/filles-de-la-charite.org\/pt-pt\/erecao-da-nova-provincia-sao-vicente-italia\/","name":"Ere\u00e7\u00e3o da nova Prov\u00edncia S\u00e3o Vicente It\u00e1lia - Filles de la Charit\u00e9","isPartOf":{"@id":"https:\/\/filles-de-la-charite.org\/pt-pt\/#website"},"primaryImageOfPage":{"@id":"https:\/\/filles-de-la-charite.org\/pt-pt\/erecao-da-nova-provincia-sao-vicente-italia\/#primaryimage"},"image":{"@id":"https:\/\/filles-de-la-charite.org\/pt-pt\/erecao-da-nova-provincia-sao-vicente-italia\/#primaryimage"},"thumbnailUrl":"https:\/\/filles-de-la-charite.org\/wp-content\/uploads\/2023\/06\/2.-The-new-Council-with-Mother-General.jpg","datePublished":"2021-12-31T22:00:00+00:00","dateModified":"2024-03-17T16:12:48+00:00","breadcrumb":{"@id":"https:\/\/filles-de-la-charite.org\/pt-pt\/erecao-da-nova-provincia-sao-vicente-italia\/#breadcrumb"},"inLanguage":"pt-PT","potentialAction":[{"@type":"ReadAction","target":["https:\/\/filles-de-la-charite.org\/pt-pt\/erecao-da-nova-provincia-sao-vicente-italia\/"]}]},{"@type":"ImageObject","inLanguage":"pt-PT","@id":"https:\/\/filles-de-la-charite.org\/pt-pt\/erecao-da-nova-provincia-sao-vicente-italia\/#primaryimage","url":"https:\/\/filles-de-la-charite.org\/wp-content\/uploads\/2023\/06\/2.-The-new-Council-with-Mother-General.jpg","contentUrl":"https:\/\/filles-de-la-charite.org\/wp-content\/uploads\/2023\/06\/2.-The-new-Council-with-Mother-General.jpg","width":1170,"height":879},{"@type":"BreadcrumbList","@id":"https:\/\/filles-de-la-charite.org\/pt-pt\/erecao-da-nova-provincia-sao-vicente-italia\/#breadcrumb","itemListElement":[{"@type":"ListItem","position":1,"name":"San Vincenzo &#8211; Italia","item":"https:\/\/filles-de-la-charite.org\/pt-pt\/category\/san-vincenzo-italia-pt-pt\/"},{"@type":"ListItem","position":2,"name":"Ere\u00e7\u00e3o da nova Prov\u00edncia S\u00e3o Vicente It\u00e1lia"}]},{"@type":"WebSite","@id":"https:\/\/filles-de-la-charite.org\/pt-pt\/#website","url":"https:\/\/filles-de-la-charite.org\/pt-pt\/","name":"Hijas de la Caridad","description":"L\u2019amour de J\u00e9sus nous presse \u00e0 prendre soin des personnes les plus d\u00e9munies","publisher":{"@id":"https:\/\/filles-de-la-charite.org\/pt-pt\/#organization"},"potentialAction":[{"@type":"SearchAction","target":{"@type":"EntryPoint","urlTemplate":"https:\/\/filles-de-la-charite.org\/pt-pt\/?s={search_term_string}"},"query-input":{"@type":"PropertyValueSpecification","valueRequired":true,"valueName":"search_term_string"}}],"inLanguage":"pt-PT"},{"@type":"Organization","@id":"https:\/\/filles-de-la-charite.org\/pt-pt\/#organization","name":"Hijas de la Caridad","url":"https:\/\/filles-de-la-charite.org\/pt-pt\/","logo":{"@type":"ImageObject","inLanguage":"pt-PT","@id":"https:\/\/filles-de-la-charite.org\/pt-pt\/#\/schema\/logo\/image\/","url":"https:\/\/filles-de-la-charite.org\/wp-content\/uploads\/2023\/03\/isotipo-Hijas-de-la-Caridad.png","contentUrl":"https:\/\/filles-de-la-charite.org\/wp-content\/uploads\/2023\/03\/isotipo-Hijas-de-la-Caridad.png","width":1417,"height":1417,"caption":"Hijas de la Caridad"},"image":{"@id":"https:\/\/filles-de-la-charite.org\/pt-pt\/#\/schema\/logo\/image\/"}},{"@type":"Person","@id":"https:\/\/filles-de-la-charite.org\/pt-pt\/#\/schema\/person\/427567b2eccfc2dd7d206da186a1f438","name":"admin","image":{"@type":"ImageObject","inLanguage":"pt-PT","@id":"https:\/\/secure.gravatar.com\/avatar\/948b492cce32b586ac2db0eaa926ee87024f7afe218d73b397ea5ddfc5f43ea1?s=96&d=mm&r=g","url":"https:\/\/secure.gravatar.com\/avatar\/948b492cce32b586ac2db0eaa926ee87024f7afe218d73b397ea5ddfc5f43ea1?s=96&d=mm&r=g","contentUrl":"https:\/\/secure.gravatar.com\/avatar\/948b492cce32b586ac2db0eaa926ee87024f7afe218d73b397ea5ddfc5f43ea1?s=96&d=mm&r=g","caption":"admin"},"sameAs":["https:\/\/filles-de-la-charite.org"],"url":"https:\/\/filles-de-la-charite.org\/pt-pt\/author\/caridad\/"}]}},"_links":{"self":[{"href":"https:\/\/filles-de-la-charite.org\/pt-pt\/wp-json\/wp\/v2\/posts\/25248","targetHints":{"allow":["GET"]}}],"collection":[{"href":"https:\/\/filles-de-la-charite.org\/pt-pt\/wp-json\/wp\/v2\/posts"}],"about":[{"href":"https:\/\/filles-de-la-charite.org\/pt-pt\/wp-json\/wp\/v2\/types\/post"}],"author":[{"embeddable":true,"href":"https:\/\/filles-de-la-charite.org\/pt-pt\/wp-json\/wp\/v2\/users\/1"}],"replies":[{"embeddable":true,"href":"https:\/\/filles-de-la-charite.org\/pt-pt\/wp-json\/wp\/v2\/comments?post=25248"}],"version-history":[{"count":1,"href":"https:\/\/filles-de-la-charite.org\/pt-pt\/wp-json\/wp\/v2\/posts\/25248\/revisions"}],"predecessor-version":[{"id":25249,"href":"https:\/\/filles-de-la-charite.org\/pt-pt\/wp-json\/wp\/v2\/posts\/25248\/revisions\/25249"}],"wp:featuredmedia":[{"embeddable":true,"href":"https:\/\/filles-de-la-charite.org\/pt-pt\/wp-json\/wp\/v2\/media\/16242"}],"wp:attachment":[{"href":"https:\/\/filles-de-la-charite.org\/pt-pt\/wp-json\/wp\/v2\/media?parent=25248"}],"wp:term":[{"taxonomy":"category","embeddable":true,"href":"https:\/\/filles-de-la-charite.org\/pt-pt\/wp-json\/wp\/v2\/categories?post=25248"},{"taxonomy":"post_tag","embeddable":true,"href":"https:\/\/filles-de-la-charite.org\/pt-pt\/wp-json\/wp\/v2\/tags?post=25248"}],"curies":[{"name":"wp","href":"https:\/\/api.w.org\/{rel}","templated":true}]}}