{"id":25259,"date":"2022-03-18T10:37:00","date_gmt":"2022-03-18T09:37:00","guid":{"rendered":"https:\/\/hijascaridad.sjdigitaldemo.ovh\/noticias-da-romenia\/"},"modified":"2024-03-17T17:11:40","modified_gmt":"2024-03-17T16:11:40","slug":"noticias-da-romenia","status":"publish","type":"post","link":"https:\/\/filles-de-la-charite.org\/pt-pt\/noticias-da-romenia\/","title":{"rendered":"Not\u00edcias da Rom\u00eania"},"content":{"rendered":"\n<p>Nas \u00faltimas semanas, a vida mudou completamente desde que os pa\u00edses vizinhos come\u00e7aram a entrar em guerra.&nbsp; Nos primeiros dias, todos esperavam que esta fosse uma amea\u00e7a de curta dura\u00e7\u00e3o, mas os ataques crescentes e os bombardeamentos constantes for\u00e7aram as pessoas a fugir.<\/p>\n\n\n\n<p>Os refugiados est\u00e3o a chegar \u00e0 Rom\u00e9nia a toda a hora. Os mais ricos est\u00e3o a conduzir&nbsp; em carros de uma cidade para outra, bem abastecidos e sem necessidade de qualquer cuidado especial, parando apenas para uma noite de descanso.<\/p>\n\n\n\n<p>A maioria dos refugiados chega de comboio, sem nada mais. Eles est\u00e3o muito exaustos.&nbsp; Quando os comboios param, as palavras \"\u00e1gua\" s\u00e3o ouvidas de todo o lado.&nbsp; As crian\u00e7as choram, n\u00e3o compreendem porque n\u00e3o podem ir para casa. Havia crian\u00e7as cujas m\u00e3es as tinham embrulhado nas suas pr\u00f3prias camisetes em vez de fraldas.&nbsp; Elas est\u00e3o frias, exaustas e desesperadas.<\/p>\n\n\n\n<p>Em Oradea, v\u00e1rias organiza\u00e7\u00f5es de ajuda envidaram esfor\u00e7os para ajudar os refugiados. Desta forma, cada organiza\u00e7\u00e3o pode prestar ajuda onde ela \u00e9 necess\u00e1ria, de acordo com as suas capacidades e possibilidades.<\/p>\n\n\n\n<p>N\u00f3s, as irm\u00e3s, ajudamos principalmente na recolha e classifica\u00e7\u00e3o da ajuda. Para o efeito, transformamos uma das casas das irm\u00e3s num centro de recolha onde, juntamente com tr\u00eas outras organiza\u00e7\u00f5es: a SSVP, a Protec\u00e7\u00e3o das Crian\u00e7as e a Funda\u00e7\u00e3o Catunul Verde, recebemos e distribu\u00edmos donativos aos necessitados.&nbsp; Nas \u00faltimas semanas, recolhemos toneladas de alimentos, produtos de limpeza, detergentes e vestu\u00e1rio. Alguns destes j\u00e1 foram distribu\u00eddos a funda\u00e7\u00f5es que recebem e cuidam de refugiados. A maior parte foi embalada e enviada para a Ucr\u00e2nia gra\u00e7as aos Padres Lazaristas.&nbsp; \u00c9 muito bom experimentar a solidariedade da Fam\u00edlia Vicentina, mas acima de tudo \u00e9 importante fazer com que os nossos irm\u00e3os e irm\u00e3s necessitados sintam que n\u00e3o est\u00e3o sozinhos na sua ang\u00fastia.<\/p>\n\n\n\n<figure class=\"wp-block-gallery columns-3 is-cropped wp-block-gallery-1 is-layout-flex wp-block-gallery-is-layout-flex\"><ul class=\"blocks-gallery-grid\"><li class=\"blocks-gallery-item\"><figure><a href=\"https:\/\/filles-de-la-charite.org\/wp-content\/uploads\/2023\/06\/Imagen1.jpg\" data-rel=\"lightbox-image-0\" data-rl_title=\"\" data-rl_caption=\"\" title=\"\"><img decoding=\"async\" src=\"https:\/\/filles-de-la-charite.org\/wp-content\/uploads\/2023\/06\/Imagen1.jpg\" alt=\"\" data-id=\"69800\" data-full-url=\"https:\/\/filles-de-la-charite.org\/wp-content\/uploads\/2023\/06\/Imagen1.jpg\" data-link=\"https:\/\/www.filles-de-la-charite.org\/imagen1-5\/\" class=\"wp-image-69800\"\/><\/a><\/figure><\/li><li class=\"blocks-gallery-item\"><figure><a href=\"https:\/\/filles-de-la-charite.org\/wp-content\/uploads\/2023\/06\/Imagen7.jpg\" data-rel=\"lightbox-image-1\" data-rl_title=\"\" data-rl_caption=\"\" title=\"\"><img decoding=\"async\" src=\"https:\/\/filles-de-la-charite.org\/wp-content\/uploads\/2023\/06\/Imagen7.jpg\" alt=\"\" data-id=\"69806\" data-full-url=\"https:\/\/filles-de-la-charite.org\/wp-content\/uploads\/2023\/06\/Imagen7.jpg\" data-link=\"https:\/\/www.filles-de-la-charite.org\/imagen7-2\/\" class=\"wp-image-69806\"\/><\/a><\/figure><\/li><li class=\"blocks-gallery-item\"><figure><a href=\"https:\/\/filles-de-la-charite.org\/wp-content\/uploads\/2023\/06\/Imagen4.jpg\" data-rel=\"lightbox-image-2\" data-rl_title=\"\" data-rl_caption=\"\" title=\"\"><img decoding=\"async\" src=\"https:\/\/filles-de-la-charite.org\/wp-content\/uploads\/2023\/06\/Imagen4.jpg\" alt=\"\" data-id=\"69803\" data-full-url=\"https:\/\/filles-de-la-charite.org\/wp-content\/uploads\/2023\/06\/Imagen4.jpg\" data-link=\"https:\/\/www.filles-de-la-charite.org\/imagen4-3\/\" class=\"wp-image-69803\"\/><\/a><\/figure><\/li><li class=\"blocks-gallery-item\"><figure><a href=\"https:\/\/filles-de-la-charite.org\/wp-content\/uploads\/2023\/06\/Rumanien-Ukraine-5.jpg\" data-rel=\"lightbox-image-3\" data-rl_title=\"\" data-rl_caption=\"\" title=\"\"><img decoding=\"async\" src=\"https:\/\/filles-de-la-charite.org\/wp-content\/uploads\/2023\/06\/Rumanien-Ukraine-5.jpg\" alt=\"\" data-id=\"69808\" data-full-url=\"https:\/\/filles-de-la-charite.org\/wp-content\/uploads\/2023\/06\/Rumanien-Ukraine-5.jpg\" data-link=\"https:\/\/www.filles-de-la-charite.org\/rumanien-ukraine-5\/\" class=\"wp-image-69808\"\/><\/a><\/figure><\/li><li class=\"blocks-gallery-item\"><figure><a href=\"https:\/\/filles-de-la-charite.org\/wp-content\/uploads\/2023\/06\/Rumanien-Ukraine-3.jpg\" data-rel=\"lightbox-image-4\" data-rl_title=\"\" data-rl_caption=\"\" title=\"\"><img decoding=\"async\" src=\"https:\/\/filles-de-la-charite.org\/wp-content\/uploads\/2023\/06\/Rumanien-Ukraine-3.jpg\" alt=\"\" data-id=\"69810\" data-full-url=\"https:\/\/filles-de-la-charite.org\/wp-content\/uploads\/2023\/06\/Rumanien-Ukraine-3.jpg\" data-link=\"https:\/\/www.filles-de-la-charite.org\/rumanien-ukraine-3\/\" class=\"wp-image-69810\"\/><\/a><\/figure><\/li><li class=\"blocks-gallery-item\"><figure><a href=\"https:\/\/filles-de-la-charite.org\/wp-content\/uploads\/2023\/06\/Rumanien-Ukraine-2.jpg\" data-rel=\"lightbox-image-5\" data-rl_title=\"\" data-rl_caption=\"\" title=\"\"><img decoding=\"async\" src=\"https:\/\/filles-de-la-charite.org\/wp-content\/uploads\/2023\/06\/Rumanien-Ukraine-2.jpg\" alt=\"\" data-id=\"69809\" data-full-url=\"https:\/\/filles-de-la-charite.org\/wp-content\/uploads\/2023\/06\/Rumanien-Ukraine-2.jpg\" data-link=\"https:\/\/www.filles-de-la-charite.org\/rumanien-ukraine-2\/\" class=\"wp-image-69809\"\/><\/a><\/figure><\/li><\/ul><\/figure>\n\n\n\n<p>Ajudamos de todas as maneiras que pudermos. Houve momentos em que prepar\u00e1mos sandu\u00edches para os refugiados que chegavam \u00e0 alf\u00e2ndega \u00e0 noite (gostaria de mencionar aqui que houve 2.500 sandu\u00edches distribu\u00eddas na alf\u00e2ndega numa noite). Por vezes ajudamos na distribui\u00e7\u00e3o ou oferecemos ch\u00e1 quente a volunt\u00e1rios. Todo o trabalho \u00e9 igualmente importante e \u00e9 essencial para manter o esp\u00edrito vivo nos nossos volunt\u00e1rios exaustos.<\/p>\n\n\n\n<figure class=\"wp-block-image size-large\"><img decoding=\"async\" src=\"https:\/\/filles-de-la-charite.org\/wp-content\/uploads\/2023\/06\/Rumanien-Ukraine-1-1024x768-1.jpg\" alt=\"\" class=\"wp-image-69807\"\/><\/figure>\n\n\n\n<p>&nbsp;Gra\u00e7as a um trabalho coordenado e organizado, as v\u00e1rias organiza\u00e7\u00f5es de ajuda s\u00e3o capazes de trabalhar muito habilmente em conjunto e complementar-se umas \u00e0s outras.&nbsp; <\/p>\n\n\n\n<p><em>Ir. Serafina FC<\/em><\/p>\n","protected":false},"excerpt":{"rendered":"<p>Nas \u00faltimas semanas, a vida mudou completamente desde que os pa\u00edses vizinhos come\u00e7aram a entrar em guerra.&nbsp; Nos primeiros dias, todos esperavam que esta fosse uma amea\u00e7a de curta dura\u00e7\u00e3o, mas os ataques crescentes e os bombardeamentos constantes for\u00e7aram as pessoas a fugir. Os refugiados est\u00e3o a chegar \u00e0 Rom\u00e9nia a toda a hora. Os [&hellip;]<\/p>\n","protected":false},"author":1,"featured_media":16409,"comment_status":"closed","ping_status":"closed","sticky":false,"template":"","format":"standard","meta":{"_acf_changed":false,"footnotes":"","_links_to":"","_links_to_target":""},"categories":[809],"tags":[],"class_list":["post-25259","post","type-post","status-publish","format-standard","has-post-thumbnail","hentry","category-graz-europa-central-pt-pt"],"acf":[],"yoast_head":"<!-- This site is optimized with the Yoast SEO plugin v27.5 - https:\/\/yoast.com\/product\/yoast-seo-wordpress\/ -->\n<title>Not\u00edcias da Rom\u00eania - Filles de la Charit\u00e9<\/title>\n<meta name=\"robots\" content=\"index, follow, max-snippet:-1, max-image-preview:large, max-video-preview:-1\" \/>\n<link rel=\"canonical\" href=\"https:\/\/filles-de-la-charite.org\/pt-pt\/noticias-da-romenia\/\" \/>\n<meta property=\"og:locale\" content=\"pt_PT\" \/>\n<meta property=\"og:type\" content=\"article\" \/>\n<meta property=\"og:title\" content=\"Not\u00edcias da Rom\u00eania - Filles de la Charit\u00e9\" \/>\n<meta property=\"og:description\" content=\"Nas \u00faltimas semanas, a vida mudou completamente desde que os pa\u00edses vizinhos come\u00e7aram a entrar em guerra.&nbsp; Nos primeiros dias, todos esperavam que esta fosse uma amea\u00e7a de curta dura\u00e7\u00e3o, mas os ataques crescentes e os bombardeamentos constantes for\u00e7aram as pessoas a fugir. Os refugiados est\u00e3o a chegar \u00e0 Rom\u00e9nia a toda a hora. Os [&hellip;]\" \/>\n<meta property=\"og:url\" content=\"https:\/\/filles-de-la-charite.org\/pt-pt\/noticias-da-romenia\/\" \/>\n<meta property=\"og:site_name\" content=\"Filles de la Charit\u00e9\" \/>\n<meta property=\"article:published_time\" content=\"2022-03-18T09:37:00+00:00\" \/>\n<meta property=\"article:modified_time\" content=\"2024-03-17T16:11:40+00:00\" \/>\n<meta property=\"og:image\" content=\"https:\/\/filles-de-la-charite.org\/wp-content\/uploads\/2023\/06\/N-3-scaled-1.jpg\" \/>\n\t<meta property=\"og:image:width\" content=\"2560\" \/>\n\t<meta property=\"og:image:height\" content=\"1707\" \/>\n\t<meta property=\"og:image:type\" content=\"image\/jpeg\" \/>\n<meta name=\"author\" content=\"admin\" \/>\n<meta name=\"twitter:card\" content=\"summary_large_image\" \/>\n<meta name=\"twitter:label1\" content=\"Escrito por\" \/>\n\t<meta name=\"twitter:data1\" content=\"admin\" \/>\n\t<meta name=\"twitter:label2\" content=\"Tempo estimado de leitura\" \/>\n\t<meta name=\"twitter:data2\" content=\"4 minutos\" \/>\n<script type=\"application\/ld+json\" class=\"yoast-schema-graph\">{\"@context\":\"https:\\\/\\\/schema.org\",\"@graph\":[{\"@type\":\"Article\",\"@id\":\"https:\\\/\\\/filles-de-la-charite.org\\\/pt-pt\\\/noticias-da-romenia\\\/#article\",\"isPartOf\":{\"@id\":\"https:\\\/\\\/filles-de-la-charite.org\\\/pt-pt\\\/noticias-da-romenia\\\/\"},\"author\":{\"name\":\"admin\",\"@id\":\"https:\\\/\\\/filles-de-la-charite.org\\\/pt-pt\\\/#\\\/schema\\\/person\\\/427567b2eccfc2dd7d206da186a1f438\"},\"headline\":\"Not\u00edcias da Rom\u00eania\",\"datePublished\":\"2022-03-18T09:37:00+00:00\",\"dateModified\":\"2024-03-17T16:11:40+00:00\",\"mainEntityOfPage\":{\"@id\":\"https:\\\/\\\/filles-de-la-charite.org\\\/pt-pt\\\/noticias-da-romenia\\\/\"},\"wordCount\":446,\"publisher\":{\"@id\":\"https:\\\/\\\/filles-de-la-charite.org\\\/pt-pt\\\/#organization\"},\"image\":{\"@id\":\"https:\\\/\\\/filles-de-la-charite.org\\\/pt-pt\\\/noticias-da-romenia\\\/#primaryimage\"},\"thumbnailUrl\":\"https:\\\/\\\/filles-de-la-charite.org\\\/wp-content\\\/uploads\\\/2023\\\/06\\\/N-3-scaled-1.jpg\",\"articleSection\":[\"Graz - Europa Central\"],\"inLanguage\":\"pt-PT\"},{\"@type\":\"WebPage\",\"@id\":\"https:\\\/\\\/filles-de-la-charite.org\\\/pt-pt\\\/noticias-da-romenia\\\/\",\"url\":\"https:\\\/\\\/filles-de-la-charite.org\\\/pt-pt\\\/noticias-da-romenia\\\/\",\"name\":\"Not\u00edcias da Rom\u00eania - Filles de la Charit\u00e9\",\"isPartOf\":{\"@id\":\"https:\\\/\\\/filles-de-la-charite.org\\\/pt-pt\\\/#website\"},\"primaryImageOfPage\":{\"@id\":\"https:\\\/\\\/filles-de-la-charite.org\\\/pt-pt\\\/noticias-da-romenia\\\/#primaryimage\"},\"image\":{\"@id\":\"https:\\\/\\\/filles-de-la-charite.org\\\/pt-pt\\\/noticias-da-romenia\\\/#primaryimage\"},\"thumbnailUrl\":\"https:\\\/\\\/filles-de-la-charite.org\\\/wp-content\\\/uploads\\\/2023\\\/06\\\/N-3-scaled-1.jpg\",\"datePublished\":\"2022-03-18T09:37:00+00:00\",\"dateModified\":\"2024-03-17T16:11:40+00:00\",\"breadcrumb\":{\"@id\":\"https:\\\/\\\/filles-de-la-charite.org\\\/pt-pt\\\/noticias-da-romenia\\\/#breadcrumb\"},\"inLanguage\":\"pt-PT\",\"potentialAction\":[{\"@type\":\"ReadAction\",\"target\":[\"https:\\\/\\\/filles-de-la-charite.org\\\/pt-pt\\\/noticias-da-romenia\\\/\"]}]},{\"@type\":\"ImageObject\",\"inLanguage\":\"pt-PT\",\"@id\":\"https:\\\/\\\/filles-de-la-charite.org\\\/pt-pt\\\/noticias-da-romenia\\\/#primaryimage\",\"url\":\"https:\\\/\\\/filles-de-la-charite.org\\\/wp-content\\\/uploads\\\/2023\\\/06\\\/N-3-scaled-1.jpg\",\"contentUrl\":\"https:\\\/\\\/filles-de-la-charite.org\\\/wp-content\\\/uploads\\\/2023\\\/06\\\/N-3-scaled-1.jpg\",\"width\":2560,\"height\":1707},{\"@type\":\"BreadcrumbList\",\"@id\":\"https:\\\/\\\/filles-de-la-charite.org\\\/pt-pt\\\/noticias-da-romenia\\\/#breadcrumb\",\"itemListElement\":[{\"@type\":\"ListItem\",\"position\":1,\"name\":\"Nigeria\",\"item\":\"https:\\\/\\\/filles-de-la-charite.org\\\/pt-pt\\\/category\\\/nigeria-pt-pt\\\/\"},{\"@type\":\"ListItem\",\"position\":2,\"name\":\"Not\u00edcias da Rom\u00eania\"}]},{\"@type\":\"WebSite\",\"@id\":\"https:\\\/\\\/filles-de-la-charite.org\\\/pt-pt\\\/#website\",\"url\":\"https:\\\/\\\/filles-de-la-charite.org\\\/pt-pt\\\/\",\"name\":\"Hijas de la Caridad\",\"description\":\"L\u2019amour de J\u00e9sus nous presse \u00e0 prendre soin des personnes les plus d\u00e9munies\",\"publisher\":{\"@id\":\"https:\\\/\\\/filles-de-la-charite.org\\\/pt-pt\\\/#organization\"},\"potentialAction\":[{\"@type\":\"SearchAction\",\"target\":{\"@type\":\"EntryPoint\",\"urlTemplate\":\"https:\\\/\\\/filles-de-la-charite.org\\\/pt-pt\\\/?s={search_term_string}\"},\"query-input\":{\"@type\":\"PropertyValueSpecification\",\"valueRequired\":true,\"valueName\":\"search_term_string\"}}],\"inLanguage\":\"pt-PT\"},{\"@type\":\"Organization\",\"@id\":\"https:\\\/\\\/filles-de-la-charite.org\\\/pt-pt\\\/#organization\",\"name\":\"Hijas de la Caridad\",\"url\":\"https:\\\/\\\/filles-de-la-charite.org\\\/pt-pt\\\/\",\"logo\":{\"@type\":\"ImageObject\",\"inLanguage\":\"pt-PT\",\"@id\":\"https:\\\/\\\/filles-de-la-charite.org\\\/pt-pt\\\/#\\\/schema\\\/logo\\\/image\\\/\",\"url\":\"https:\\\/\\\/filles-de-la-charite.org\\\/wp-content\\\/uploads\\\/2023\\\/03\\\/isotipo-Hijas-de-la-Caridad.png\",\"contentUrl\":\"https:\\\/\\\/filles-de-la-charite.org\\\/wp-content\\\/uploads\\\/2023\\\/03\\\/isotipo-Hijas-de-la-Caridad.png\",\"width\":1417,\"height\":1417,\"caption\":\"Hijas de la Caridad\"},\"image\":{\"@id\":\"https:\\\/\\\/filles-de-la-charite.org\\\/pt-pt\\\/#\\\/schema\\\/logo\\\/image\\\/\"}},{\"@type\":\"Person\",\"@id\":\"https:\\\/\\\/filles-de-la-charite.org\\\/pt-pt\\\/#\\\/schema\\\/person\\\/427567b2eccfc2dd7d206da186a1f438\",\"name\":\"admin\",\"image\":{\"@type\":\"ImageObject\",\"inLanguage\":\"pt-PT\",\"@id\":\"https:\\\/\\\/secure.gravatar.com\\\/avatar\\\/948b492cce32b586ac2db0eaa926ee87024f7afe218d73b397ea5ddfc5f43ea1?s=96&d=mm&r=g\",\"url\":\"https:\\\/\\\/secure.gravatar.com\\\/avatar\\\/948b492cce32b586ac2db0eaa926ee87024f7afe218d73b397ea5ddfc5f43ea1?s=96&d=mm&r=g\",\"contentUrl\":\"https:\\\/\\\/secure.gravatar.com\\\/avatar\\\/948b492cce32b586ac2db0eaa926ee87024f7afe218d73b397ea5ddfc5f43ea1?s=96&d=mm&r=g\",\"caption\":\"admin\"},\"sameAs\":[\"https:\\\/\\\/filles-de-la-charite.org\"],\"url\":\"https:\\\/\\\/filles-de-la-charite.org\\\/pt-pt\\\/author\\\/caridad\\\/\"}]}<\/script>\n<!-- \/ Yoast SEO plugin. -->","yoast_head_json":{"title":"Not\u00edcias da Rom\u00eania - Filles de la Charit\u00e9","robots":{"index":"index","follow":"follow","max-snippet":"max-snippet:-1","max-image-preview":"max-image-preview:large","max-video-preview":"max-video-preview:-1"},"canonical":"https:\/\/filles-de-la-charite.org\/pt-pt\/noticias-da-romenia\/","og_locale":"pt_PT","og_type":"article","og_title":"Not\u00edcias da Rom\u00eania - Filles de la Charit\u00e9","og_description":"Nas \u00faltimas semanas, a vida mudou completamente desde que os pa\u00edses vizinhos come\u00e7aram a entrar em guerra.&nbsp; Nos primeiros dias, todos esperavam que esta fosse uma amea\u00e7a de curta dura\u00e7\u00e3o, mas os ataques crescentes e os bombardeamentos constantes for\u00e7aram as pessoas a fugir. Os refugiados est\u00e3o a chegar \u00e0 Rom\u00e9nia a toda a hora. Os [&hellip;]","og_url":"https:\/\/filles-de-la-charite.org\/pt-pt\/noticias-da-romenia\/","og_site_name":"Filles de la Charit\u00e9","article_published_time":"2022-03-18T09:37:00+00:00","article_modified_time":"2024-03-17T16:11:40+00:00","og_image":[{"width":2560,"height":1707,"url":"https:\/\/filles-de-la-charite.org\/wp-content\/uploads\/2023\/06\/N-3-scaled-1.jpg","type":"image\/jpeg"}],"author":"admin","twitter_card":"summary_large_image","twitter_misc":{"Escrito por":"admin","Tempo estimado de leitura":"4 minutos"},"schema":{"@context":"https:\/\/schema.org","@graph":[{"@type":"Article","@id":"https:\/\/filles-de-la-charite.org\/pt-pt\/noticias-da-romenia\/#article","isPartOf":{"@id":"https:\/\/filles-de-la-charite.org\/pt-pt\/noticias-da-romenia\/"},"author":{"name":"admin","@id":"https:\/\/filles-de-la-charite.org\/pt-pt\/#\/schema\/person\/427567b2eccfc2dd7d206da186a1f438"},"headline":"Not\u00edcias da Rom\u00eania","datePublished":"2022-03-18T09:37:00+00:00","dateModified":"2024-03-17T16:11:40+00:00","mainEntityOfPage":{"@id":"https:\/\/filles-de-la-charite.org\/pt-pt\/noticias-da-romenia\/"},"wordCount":446,"publisher":{"@id":"https:\/\/filles-de-la-charite.org\/pt-pt\/#organization"},"image":{"@id":"https:\/\/filles-de-la-charite.org\/pt-pt\/noticias-da-romenia\/#primaryimage"},"thumbnailUrl":"https:\/\/filles-de-la-charite.org\/wp-content\/uploads\/2023\/06\/N-3-scaled-1.jpg","articleSection":["Graz - Europa Central"],"inLanguage":"pt-PT"},{"@type":"WebPage","@id":"https:\/\/filles-de-la-charite.org\/pt-pt\/noticias-da-romenia\/","url":"https:\/\/filles-de-la-charite.org\/pt-pt\/noticias-da-romenia\/","name":"Not\u00edcias da Rom\u00eania - Filles de la Charit\u00e9","isPartOf":{"@id":"https:\/\/filles-de-la-charite.org\/pt-pt\/#website"},"primaryImageOfPage":{"@id":"https:\/\/filles-de-la-charite.org\/pt-pt\/noticias-da-romenia\/#primaryimage"},"image":{"@id":"https:\/\/filles-de-la-charite.org\/pt-pt\/noticias-da-romenia\/#primaryimage"},"thumbnailUrl":"https:\/\/filles-de-la-charite.org\/wp-content\/uploads\/2023\/06\/N-3-scaled-1.jpg","datePublished":"2022-03-18T09:37:00+00:00","dateModified":"2024-03-17T16:11:40+00:00","breadcrumb":{"@id":"https:\/\/filles-de-la-charite.org\/pt-pt\/noticias-da-romenia\/#breadcrumb"},"inLanguage":"pt-PT","potentialAction":[{"@type":"ReadAction","target":["https:\/\/filles-de-la-charite.org\/pt-pt\/noticias-da-romenia\/"]}]},{"@type":"ImageObject","inLanguage":"pt-PT","@id":"https:\/\/filles-de-la-charite.org\/pt-pt\/noticias-da-romenia\/#primaryimage","url":"https:\/\/filles-de-la-charite.org\/wp-content\/uploads\/2023\/06\/N-3-scaled-1.jpg","contentUrl":"https:\/\/filles-de-la-charite.org\/wp-content\/uploads\/2023\/06\/N-3-scaled-1.jpg","width":2560,"height":1707},{"@type":"BreadcrumbList","@id":"https:\/\/filles-de-la-charite.org\/pt-pt\/noticias-da-romenia\/#breadcrumb","itemListElement":[{"@type":"ListItem","position":1,"name":"Nigeria","item":"https:\/\/filles-de-la-charite.org\/pt-pt\/category\/nigeria-pt-pt\/"},{"@type":"ListItem","position":2,"name":"Not\u00edcias da Rom\u00eania"}]},{"@type":"WebSite","@id":"https:\/\/filles-de-la-charite.org\/pt-pt\/#website","url":"https:\/\/filles-de-la-charite.org\/pt-pt\/","name":"Hijas de la Caridad","description":"L\u2019amour de J\u00e9sus nous presse \u00e0 prendre soin des personnes les plus d\u00e9munies","publisher":{"@id":"https:\/\/filles-de-la-charite.org\/pt-pt\/#organization"},"potentialAction":[{"@type":"SearchAction","target":{"@type":"EntryPoint","urlTemplate":"https:\/\/filles-de-la-charite.org\/pt-pt\/?s={search_term_string}"},"query-input":{"@type":"PropertyValueSpecification","valueRequired":true,"valueName":"search_term_string"}}],"inLanguage":"pt-PT"},{"@type":"Organization","@id":"https:\/\/filles-de-la-charite.org\/pt-pt\/#organization","name":"Hijas de la Caridad","url":"https:\/\/filles-de-la-charite.org\/pt-pt\/","logo":{"@type":"ImageObject","inLanguage":"pt-PT","@id":"https:\/\/filles-de-la-charite.org\/pt-pt\/#\/schema\/logo\/image\/","url":"https:\/\/filles-de-la-charite.org\/wp-content\/uploads\/2023\/03\/isotipo-Hijas-de-la-Caridad.png","contentUrl":"https:\/\/filles-de-la-charite.org\/wp-content\/uploads\/2023\/03\/isotipo-Hijas-de-la-Caridad.png","width":1417,"height":1417,"caption":"Hijas de la Caridad"},"image":{"@id":"https:\/\/filles-de-la-charite.org\/pt-pt\/#\/schema\/logo\/image\/"}},{"@type":"Person","@id":"https:\/\/filles-de-la-charite.org\/pt-pt\/#\/schema\/person\/427567b2eccfc2dd7d206da186a1f438","name":"admin","image":{"@type":"ImageObject","inLanguage":"pt-PT","@id":"https:\/\/secure.gravatar.com\/avatar\/948b492cce32b586ac2db0eaa926ee87024f7afe218d73b397ea5ddfc5f43ea1?s=96&d=mm&r=g","url":"https:\/\/secure.gravatar.com\/avatar\/948b492cce32b586ac2db0eaa926ee87024f7afe218d73b397ea5ddfc5f43ea1?s=96&d=mm&r=g","contentUrl":"https:\/\/secure.gravatar.com\/avatar\/948b492cce32b586ac2db0eaa926ee87024f7afe218d73b397ea5ddfc5f43ea1?s=96&d=mm&r=g","caption":"admin"},"sameAs":["https:\/\/filles-de-la-charite.org"],"url":"https:\/\/filles-de-la-charite.org\/pt-pt\/author\/caridad\/"}]}},"_links":{"self":[{"href":"https:\/\/filles-de-la-charite.org\/pt-pt\/wp-json\/wp\/v2\/posts\/25259","targetHints":{"allow":["GET"]}}],"collection":[{"href":"https:\/\/filles-de-la-charite.org\/pt-pt\/wp-json\/wp\/v2\/posts"}],"about":[{"href":"https:\/\/filles-de-la-charite.org\/pt-pt\/wp-json\/wp\/v2\/types\/post"}],"author":[{"embeddable":true,"href":"https:\/\/filles-de-la-charite.org\/pt-pt\/wp-json\/wp\/v2\/users\/1"}],"replies":[{"embeddable":true,"href":"https:\/\/filles-de-la-charite.org\/pt-pt\/wp-json\/wp\/v2\/comments?post=25259"}],"version-history":[{"count":1,"href":"https:\/\/filles-de-la-charite.org\/pt-pt\/wp-json\/wp\/v2\/posts\/25259\/revisions"}],"predecessor-version":[{"id":25260,"href":"https:\/\/filles-de-la-charite.org\/pt-pt\/wp-json\/wp\/v2\/posts\/25259\/revisions\/25260"}],"wp:featuredmedia":[{"embeddable":true,"href":"https:\/\/filles-de-la-charite.org\/pt-pt\/wp-json\/wp\/v2\/media\/16409"}],"wp:attachment":[{"href":"https:\/\/filles-de-la-charite.org\/pt-pt\/wp-json\/wp\/v2\/media?parent=25259"}],"wp:term":[{"taxonomy":"category","embeddable":true,"href":"https:\/\/filles-de-la-charite.org\/pt-pt\/wp-json\/wp\/v2\/categories?post=25259"},{"taxonomy":"post_tag","embeddable":true,"href":"https:\/\/filles-de-la-charite.org\/pt-pt\/wp-json\/wp\/v2\/tags?post=25259"}],"curies":[{"name":"wp","href":"https:\/\/api.w.org\/{rel}","templated":true}]}}