{"id":25287,"date":"2022-04-30T22:00:00","date_gmt":"2022-04-30T20:00:00","guid":{"rendered":"https:\/\/hijascaridad.sjdigitaldemo.ovh\/inauguracao-da-fazenda-da-esperanca-irma-lindalva-justo-de-oliveira\/"},"modified":"2024-03-17T17:06:03","modified_gmt":"2024-03-17T16:06:03","slug":"inauguracao-da-fazenda-da-esperanca-irma-lindalva-justo-de-oliveira","status":"publish","type":"post","link":"https:\/\/filles-de-la-charite.org\/pt-pt\/inauguracao-da-fazenda-da-esperanca-irma-lindalva-justo-de-oliveira\/","title":{"rendered":"Inaugura\u00e7\u00e3o da Fazenda da Esperan\u00e7a \u201cIrm\u00e3 Lindalva Justo de Oliveira\u201d"},"content":{"rendered":"\n<div class=\"wp-block-image\"><figure class=\"aligncenter size-full\"><img decoding=\"async\" src=\"https:\/\/filles-de-la-charite.org\/wp-content\/uploads\/2023\/06\/fotos-da-Inauguracao-da-fazenda-1.jpeg\" alt=\"\" class=\"wp-image-70280\" \/><\/figure><\/div>\n\n\n\n<p>Um ano e meio ap\u00f3s o lan\u00e7amento da pedra fundamental, de muito trabalho e perseveran\u00e7a, a Arquidiocese de Olinda e Recife inaugurou neste 31 de mar\u00e7o de 2022, em Primavera \u2013 Zona da Mata Sul de Pernambuco, uma nova unidade feminina da Fazenda da Esperan\u00e7a. Esta unidade recebeu o nome de \u201cFazenda da Esperan\u00e7a Irm\u00e3 Lindalva Justo de Oliveira\u201d, para acolher mulheres e ajud\u00e1-las no processo de liberta\u00e7\u00e3o das drogas. O nome para esta Fazenda foi dado pelo pr\u00f3prio Arcebispo de Recife, Dom Ant\u00f4nio Fernando Saburido, para assim render uma homenagem a todas as Filhas da Caridade que prestaram ou prestam um servi\u00e7o junto \u00e0s Fazendas, particularmente, nos tempos atuais, a Irm\u00e3 S\u00f4nia Maria de Lima, bem como, enfatizar o testemunho do mart\u00edrio da Beata Lindalva, que representa todas as mulheres que hoje sofrem com a viol\u00eancia e s\u00e3o v\u00edtimas de feminic\u00eddio.<\/p>\n\n\n\n<p>A inaugura\u00e7\u00e3o da nova Fazenda deu-se atrav\u00e9s de uma Missa campal, celebrada por Dom Ant\u00f4nio Fernando Saburido e concelebrada com a presen\u00e7a de outros sacerdotes entre os quais Frei Hans Stapel (Fundador da Fazenda) e o nosso Diretor Provincial, o Padre Cl\u00edstenes Natal. Al\u00e9m das autoridades municipais e estaduais, estiveram presentes representando a Companhia das Filhas da Caridade, a nossa Visitadora, Irm\u00e3 Patr\u00edcia Cala\u00e7a, os membros do Conselho Provincial, Irm\u00e3 S\u00f4nia Maria de Lima, e muitas outras Filhas da Caridade. Nelson Giovanelli, um dos fundadores da Fazenda, tamb\u00e9m marcou sua presen\u00e7a neste evento, al\u00e9m de muitos homens e mulheres que est\u00e3o em processo de recupera\u00e7\u00e3o nas Fazendas do estado de Pernambuco. Na prociss\u00e3o de entrada, foi entronizado um quadro e uma rel\u00edquia da Beata Lindalva, doados pela Prov\u00edncia do Recife \u00e0 esta nova Fazenda.<\/p>\n\n\n\n<div class=\"wp-block-image\"><figure class=\"aligncenter size-full\"><img decoding=\"async\" src=\"https:\/\/filles-de-la-charite.org\/wp-content\/uploads\/2023\/06\/fotos-da-Inauguracao-da-fazenda-2.jpeg\" alt=\"\" class=\"wp-image-70281\" \/><\/figure><\/div>\n\n\n\n<p><em>A Fazenda da Esperan\u00e7a<\/em> \u00e9 uma comunidade terap\u00eautica que atua desde 1983 no processo de recupera\u00e7\u00e3o de pessoas que buscam a liberta\u00e7\u00e3o de seus v\u00edcios, principalmente do \u00e1lcool e da droga. Seu m\u00e9todo de acolhimento contempla tr\u00eas aspectos determinantes: o <strong>Trabalho <\/strong>como processo pedag\u00f3gico; a <strong>Conviv\u00eancia<\/strong> em fam\u00edlia; e a <strong>Espiritualidade<\/strong> para encontrar o sentido da vida.<\/p>\n\n\n\n<p>As pessoas que se identificam com o carisma da Fazenda podem encontrar sua voca\u00e7\u00e3o na Igreja fazendo parte da Fam\u00edlia da Esperan\u00e7a - uma Associa\u00e7\u00e3o Privada de Fi\u00e9is, de car\u00e1ter internacional, reconhecida pelo Pontif\u00edcio Conselho para os Leigos, cuja miss\u00e3o \u00e9 levar a Esperan\u00e7a, Jesus Cristo, ao maior n\u00famero de jovens do mundo inteiro, conforme as palavras do Papa Bento XVI.<\/p>\n\n\n\n<div class=\"wp-block-image\"><figure class=\"aligncenter size-full\"><img decoding=\"async\" src=\"https:\/\/filles-de-la-charite.org\/wp-content\/uploads\/2023\/06\/fotos-da-Inauguracao-da-fazenda-3.jpeg\" alt=\"\" class=\"wp-image-70275\" \/><\/figure><\/div>\n\n\n\n<p><em>A Fazenda<\/em> est\u00e1 de portas abertas em todos os estados brasileiros para acolher homens e mulheres fragilizados pelo consumo das drogas, transformando dor em alegria. O n\u00famero de comunidades no mundo j\u00e1 ultrapassou uma centena de unidades estruturadas em pa\u00edses da \u00c1sia, \u00c1frica, Am\u00e9rica e Europa, sob cont\u00ednuo crescimento devido a globaliza\u00e7\u00e3o dos graves problemas sociais que assolam a humanidade.<\/p>\n\n\n\n<p>A casa de Primavera \u00e9 a quarta Fazenda da Esperan\u00e7a no estado de Pernambuco, onde est\u00e3o instaladas unidades nas cidades de Jaboat\u00e3o dos Guararapes, Garanhuns e S\u00e3o Joaquim do Monte. Ela tem capacidade de receber vinte e cinco mulheres e at\u00e9 doze beb\u00eas. Isto porque \u00e9 comum, entre as mulheres que buscam ajuda, j\u00e1 chegarem gr\u00e1vidas ou com filhos.<\/p>\n\n\n\n<p><em>\u201cEstamos hoje concretizando um sonho, acalentado j\u00e1 h\u00e1 tanto tempo, de ter em nossa Arquidiocese uma Fazenda da Esperan\u00e7a feminina... uma obra de Deus que vai beneficiar pessoas dependentes qu\u00edmicas, pessoas carentes. \u00c9 preciso, ent\u00e3o que haja sensibilidade da parte de todos para apoiar este projeto, estimular as pessoas que v\u00e3o doar a vida aqui, por esta obra\u201d<\/em>, disse Dom Fernando Saburido em entrevista \u00e0 Rede Vida de Televis\u00e3o.<\/p>\n\n\n\n<div class=\"wp-block-image\"><figure class=\"aligncenter size-full\"><img decoding=\"async\" src=\"https:\/\/filles-de-la-charite.org\/wp-content\/uploads\/2023\/06\/fotos-da-Inauguracao-da-fazenda-4.jpeg\" alt=\"\" class=\"wp-image-70276\" \/><\/figure><\/div>\n\n\n\n<p>Esta inaugura\u00e7\u00e3o, que acontece dentro das celebra\u00e7\u00f5es dos trinta anos do mart\u00edrio da Beata Lindalva, foi precedida de um m\u00eas de miss\u00e3o, coordenada por Ana L\u00facia Duarte mission\u00e1ria consagrada da Fazenda da Esperan\u00e7a e respons\u00e1vel regional pelas Fazendas femininas, acompanhada por mais de quinze mulheres que s\u00e3o ex-dependentes ou em processo de liberta\u00e7\u00e3o, que visitaram as comunidades circunvizinhas da nova Fazenda, evangelizando e dando testemunho das maravilhas que o Senhor operou e opera em suas vidas.<\/p>\n\n\n\n<p>Esta nova Fazenda da Esperan\u00e7a \u00e9 mais um sinal do Amor e da Provid\u00eancia de Deus na vida dos mais necessitados, por isso damos gra\u00e7as a Deus pelas m\u00e3os de muitos colaboradores que ouviram o chamado do Senhor e se deixaram conduzir por Ele, principalmente o Dr. Ilvo Meireilles, empres\u00e1rio pernambucano da regi\u00e3o que n\u00e3o somente acreditou no projeto como tamb\u00e9m doou o terreno para a obra e deu todo apoio no trabalho de constru\u00e7\u00e3o.<\/p>\n\n\n\n<p>Que Irm\u00e3 Lindalva interceda por todos que comp\u00f5em esta nova obra e que dela usufruem resgatando vidas para Deus e suscitando muitas voca\u00e7\u00f5es para o servi\u00e7o do Reino de Deus e da Igreja.<\/p>\n\n\n\n<div class=\"wp-block-image\"><figure class=\"aligncenter size-large\"><img decoding=\"async\" src=\"https:\/\/filles-de-la-charite.org\/wp-content\/uploads\/2023\/06\/fotos-da-Inauguracao-da-fazenda-6-768x1024-1.jpeg\" alt=\"\" class=\"wp-image-70279\" \/><\/figure><\/div>\n","protected":false},"excerpt":{"rendered":"<p>Um ano e meio ap\u00f3s o lan\u00e7amento da pedra fundamental, de muito trabalho e perseveran\u00e7a, a Arquidiocese de Olinda e Recife inaugurou neste 31 de mar\u00e7o de 2022, em Primavera \u2013 Zona da Mata Sul de Pernambuco, uma nova unidade feminina da Fazenda da Esperan\u00e7a. Esta unidade recebeu o nome de \u201cFazenda da Esperan\u00e7a Irm\u00e3 [&hellip;]<\/p>\n","protected":false},"author":1,"featured_media":16727,"comment_status":"closed","ping_status":"closed","sticky":false,"template":"","format":"standard","meta":{"_acf_changed":false,"footnotes":"","_links_to":"","_links_to_target":""},"categories":[663],"tags":[],"class_list":["post-25287","post","type-post","status-publish","format-standard","has-post-thumbnail","hentry","category-recife-pt-pt"],"acf":[],"yoast_head":"<!-- This site is optimized with the Yoast SEO plugin v27.5 - https:\/\/yoast.com\/product\/yoast-seo-wordpress\/ -->\n<title>Inaugura\u00e7\u00e3o da Fazenda da Esperan\u00e7a \u201cIrm\u00e3 Lindalva Justo de Oliveira\u201d - Filles de la Charit\u00e9<\/title>\n<meta name=\"robots\" content=\"index, follow, max-snippet:-1, max-image-preview:large, max-video-preview:-1\" \/>\n<link rel=\"canonical\" href=\"https:\/\/filles-de-la-charite.org\/pt-pt\/inauguracao-da-fazenda-da-esperanca-irma-lindalva-justo-de-oliveira\/\" \/>\n<meta property=\"og:locale\" content=\"pt_PT\" \/>\n<meta property=\"og:type\" content=\"article\" \/>\n<meta property=\"og:title\" content=\"Inaugura\u00e7\u00e3o da Fazenda da Esperan\u00e7a \u201cIrm\u00e3 Lindalva Justo de Oliveira\u201d - Filles de la Charit\u00e9\" \/>\n<meta property=\"og:description\" content=\"Um ano e meio ap\u00f3s o lan\u00e7amento da pedra fundamental, de muito trabalho e perseveran\u00e7a, a Arquidiocese de Olinda e Recife inaugurou neste 31 de mar\u00e7o de 2022, em Primavera \u2013 Zona da Mata Sul de Pernambuco, uma nova unidade feminina da Fazenda da Esperan\u00e7a. Esta unidade recebeu o nome de \u201cFazenda da Esperan\u00e7a Irm\u00e3 [&hellip;]\" \/>\n<meta property=\"og:url\" content=\"https:\/\/filles-de-la-charite.org\/pt-pt\/inauguracao-da-fazenda-da-esperanca-irma-lindalva-justo-de-oliveira\/\" \/>\n<meta property=\"og:site_name\" content=\"Filles de la Charit\u00e9\" \/>\n<meta property=\"article:published_time\" content=\"2022-04-30T20:00:00+00:00\" \/>\n<meta property=\"article:modified_time\" content=\"2024-03-17T16:06:03+00:00\" \/>\n<meta property=\"og:image\" content=\"https:\/\/filles-de-la-charite.org\/wp-content\/uploads\/2023\/06\/fotos-da-Inauguracao-da-fazenda-5-scaled-1.jpeg\" \/>\n\t<meta property=\"og:image:width\" content=\"2560\" \/>\n\t<meta property=\"og:image:height\" content=\"1440\" \/>\n\t<meta property=\"og:image:type\" content=\"image\/jpeg\" \/>\n<meta name=\"author\" content=\"admin\" \/>\n<meta name=\"twitter:card\" content=\"summary_large_image\" \/>\n<meta name=\"twitter:label1\" content=\"Escrito por\" \/>\n\t<meta name=\"twitter:data1\" content=\"admin\" \/>\n\t<meta name=\"twitter:label2\" content=\"Tempo estimado de leitura\" \/>\n\t<meta name=\"twitter:data2\" content=\"5 minutos\" \/>\n<script type=\"application\/ld+json\" class=\"yoast-schema-graph\">{\"@context\":\"https:\\\/\\\/schema.org\",\"@graph\":[{\"@type\":\"Article\",\"@id\":\"https:\\\/\\\/filles-de-la-charite.org\\\/pt-pt\\\/inauguracao-da-fazenda-da-esperanca-irma-lindalva-justo-de-oliveira\\\/#article\",\"isPartOf\":{\"@id\":\"https:\\\/\\\/filles-de-la-charite.org\\\/pt-pt\\\/inauguracao-da-fazenda-da-esperanca-irma-lindalva-justo-de-oliveira\\\/\"},\"author\":{\"name\":\"admin\",\"@id\":\"https:\\\/\\\/filles-de-la-charite.org\\\/pt-pt\\\/#\\\/schema\\\/person\\\/427567b2eccfc2dd7d206da186a1f438\"},\"headline\":\"Inaugura\u00e7\u00e3o da Fazenda da Esperan\u00e7a \u201cIrm\u00e3 Lindalva Justo de Oliveira\u201d\",\"datePublished\":\"2022-04-30T20:00:00+00:00\",\"dateModified\":\"2024-03-17T16:06:03+00:00\",\"mainEntityOfPage\":{\"@id\":\"https:\\\/\\\/filles-de-la-charite.org\\\/pt-pt\\\/inauguracao-da-fazenda-da-esperanca-irma-lindalva-justo-de-oliveira\\\/\"},\"wordCount\":859,\"publisher\":{\"@id\":\"https:\\\/\\\/filles-de-la-charite.org\\\/pt-pt\\\/#organization\"},\"image\":{\"@id\":\"https:\\\/\\\/filles-de-la-charite.org\\\/pt-pt\\\/inauguracao-da-fazenda-da-esperanca-irma-lindalva-justo-de-oliveira\\\/#primaryimage\"},\"thumbnailUrl\":\"https:\\\/\\\/filles-de-la-charite.org\\\/wp-content\\\/uploads\\\/2023\\\/06\\\/fotos-da-Inauguracao-da-fazenda-5-scaled-1.jpeg\",\"articleSection\":[\"Recife\"],\"inLanguage\":\"pt-PT\"},{\"@type\":\"WebPage\",\"@id\":\"https:\\\/\\\/filles-de-la-charite.org\\\/pt-pt\\\/inauguracao-da-fazenda-da-esperanca-irma-lindalva-justo-de-oliveira\\\/\",\"url\":\"https:\\\/\\\/filles-de-la-charite.org\\\/pt-pt\\\/inauguracao-da-fazenda-da-esperanca-irma-lindalva-justo-de-oliveira\\\/\",\"name\":\"Inaugura\u00e7\u00e3o da Fazenda da Esperan\u00e7a \u201cIrm\u00e3 Lindalva Justo de Oliveira\u201d - Filles de la Charit\u00e9\",\"isPartOf\":{\"@id\":\"https:\\\/\\\/filles-de-la-charite.org\\\/pt-pt\\\/#website\"},\"primaryImageOfPage\":{\"@id\":\"https:\\\/\\\/filles-de-la-charite.org\\\/pt-pt\\\/inauguracao-da-fazenda-da-esperanca-irma-lindalva-justo-de-oliveira\\\/#primaryimage\"},\"image\":{\"@id\":\"https:\\\/\\\/filles-de-la-charite.org\\\/pt-pt\\\/inauguracao-da-fazenda-da-esperanca-irma-lindalva-justo-de-oliveira\\\/#primaryimage\"},\"thumbnailUrl\":\"https:\\\/\\\/filles-de-la-charite.org\\\/wp-content\\\/uploads\\\/2023\\\/06\\\/fotos-da-Inauguracao-da-fazenda-5-scaled-1.jpeg\",\"datePublished\":\"2022-04-30T20:00:00+00:00\",\"dateModified\":\"2024-03-17T16:06:03+00:00\",\"breadcrumb\":{\"@id\":\"https:\\\/\\\/filles-de-la-charite.org\\\/pt-pt\\\/inauguracao-da-fazenda-da-esperanca-irma-lindalva-justo-de-oliveira\\\/#breadcrumb\"},\"inLanguage\":\"pt-PT\",\"potentialAction\":[{\"@type\":\"ReadAction\",\"target\":[\"https:\\\/\\\/filles-de-la-charite.org\\\/pt-pt\\\/inauguracao-da-fazenda-da-esperanca-irma-lindalva-justo-de-oliveira\\\/\"]}]},{\"@type\":\"ImageObject\",\"inLanguage\":\"pt-PT\",\"@id\":\"https:\\\/\\\/filles-de-la-charite.org\\\/pt-pt\\\/inauguracao-da-fazenda-da-esperanca-irma-lindalva-justo-de-oliveira\\\/#primaryimage\",\"url\":\"https:\\\/\\\/filles-de-la-charite.org\\\/wp-content\\\/uploads\\\/2023\\\/06\\\/fotos-da-Inauguracao-da-fazenda-5-scaled-1.jpeg\",\"contentUrl\":\"https:\\\/\\\/filles-de-la-charite.org\\\/wp-content\\\/uploads\\\/2023\\\/06\\\/fotos-da-Inauguracao-da-fazenda-5-scaled-1.jpeg\",\"width\":2560,\"height\":1440},{\"@type\":\"BreadcrumbList\",\"@id\":\"https:\\\/\\\/filles-de-la-charite.org\\\/pt-pt\\\/inauguracao-da-fazenda-da-esperanca-irma-lindalva-justo-de-oliveira\\\/#breadcrumb\",\"itemListElement\":[{\"@type\":\"ListItem\",\"position\":1,\"name\":\"Recife\",\"item\":\"https:\\\/\\\/filles-de-la-charite.org\\\/pt-pt\\\/category\\\/recife-pt-pt\\\/\"},{\"@type\":\"ListItem\",\"position\":2,\"name\":\"Inaugura\u00e7\u00e3o da Fazenda da Esperan\u00e7a \u201cIrm\u00e3 Lindalva Justo de Oliveira\u201d\"}]},{\"@type\":\"WebSite\",\"@id\":\"https:\\\/\\\/filles-de-la-charite.org\\\/pt-pt\\\/#website\",\"url\":\"https:\\\/\\\/filles-de-la-charite.org\\\/pt-pt\\\/\",\"name\":\"Hijas de la Caridad\",\"description\":\"L\u2019amour de J\u00e9sus nous presse \u00e0 prendre soin des personnes les plus d\u00e9munies\",\"publisher\":{\"@id\":\"https:\\\/\\\/filles-de-la-charite.org\\\/pt-pt\\\/#organization\"},\"potentialAction\":[{\"@type\":\"SearchAction\",\"target\":{\"@type\":\"EntryPoint\",\"urlTemplate\":\"https:\\\/\\\/filles-de-la-charite.org\\\/pt-pt\\\/?s={search_term_string}\"},\"query-input\":{\"@type\":\"PropertyValueSpecification\",\"valueRequired\":true,\"valueName\":\"search_term_string\"}}],\"inLanguage\":\"pt-PT\"},{\"@type\":\"Organization\",\"@id\":\"https:\\\/\\\/filles-de-la-charite.org\\\/pt-pt\\\/#organization\",\"name\":\"Hijas de la Caridad\",\"url\":\"https:\\\/\\\/filles-de-la-charite.org\\\/pt-pt\\\/\",\"logo\":{\"@type\":\"ImageObject\",\"inLanguage\":\"pt-PT\",\"@id\":\"https:\\\/\\\/filles-de-la-charite.org\\\/pt-pt\\\/#\\\/schema\\\/logo\\\/image\\\/\",\"url\":\"https:\\\/\\\/filles-de-la-charite.org\\\/wp-content\\\/uploads\\\/2023\\\/03\\\/isotipo-Hijas-de-la-Caridad.png\",\"contentUrl\":\"https:\\\/\\\/filles-de-la-charite.org\\\/wp-content\\\/uploads\\\/2023\\\/03\\\/isotipo-Hijas-de-la-Caridad.png\",\"width\":1417,\"height\":1417,\"caption\":\"Hijas de la Caridad\"},\"image\":{\"@id\":\"https:\\\/\\\/filles-de-la-charite.org\\\/pt-pt\\\/#\\\/schema\\\/logo\\\/image\\\/\"}},{\"@type\":\"Person\",\"@id\":\"https:\\\/\\\/filles-de-la-charite.org\\\/pt-pt\\\/#\\\/schema\\\/person\\\/427567b2eccfc2dd7d206da186a1f438\",\"name\":\"admin\",\"image\":{\"@type\":\"ImageObject\",\"inLanguage\":\"pt-PT\",\"@id\":\"https:\\\/\\\/secure.gravatar.com\\\/avatar\\\/948b492cce32b586ac2db0eaa926ee87024f7afe218d73b397ea5ddfc5f43ea1?s=96&d=mm&r=g\",\"url\":\"https:\\\/\\\/secure.gravatar.com\\\/avatar\\\/948b492cce32b586ac2db0eaa926ee87024f7afe218d73b397ea5ddfc5f43ea1?s=96&d=mm&r=g\",\"contentUrl\":\"https:\\\/\\\/secure.gravatar.com\\\/avatar\\\/948b492cce32b586ac2db0eaa926ee87024f7afe218d73b397ea5ddfc5f43ea1?s=96&d=mm&r=g\",\"caption\":\"admin\"},\"sameAs\":[\"https:\\\/\\\/filles-de-la-charite.org\"],\"url\":\"https:\\\/\\\/filles-de-la-charite.org\\\/pt-pt\\\/author\\\/caridad\\\/\"}]}<\/script>\n<!-- \/ Yoast SEO plugin. -->","yoast_head_json":{"title":"Inaugura\u00e7\u00e3o da Fazenda da Esperan\u00e7a \u201cIrm\u00e3 Lindalva Justo de Oliveira\u201d - Filles de la Charit\u00e9","robots":{"index":"index","follow":"follow","max-snippet":"max-snippet:-1","max-image-preview":"max-image-preview:large","max-video-preview":"max-video-preview:-1"},"canonical":"https:\/\/filles-de-la-charite.org\/pt-pt\/inauguracao-da-fazenda-da-esperanca-irma-lindalva-justo-de-oliveira\/","og_locale":"pt_PT","og_type":"article","og_title":"Inaugura\u00e7\u00e3o da Fazenda da Esperan\u00e7a \u201cIrm\u00e3 Lindalva Justo de Oliveira\u201d - Filles de la Charit\u00e9","og_description":"Um ano e meio ap\u00f3s o lan\u00e7amento da pedra fundamental, de muito trabalho e perseveran\u00e7a, a Arquidiocese de Olinda e Recife inaugurou neste 31 de mar\u00e7o de 2022, em Primavera \u2013 Zona da Mata Sul de Pernambuco, uma nova unidade feminina da Fazenda da Esperan\u00e7a. Esta unidade recebeu o nome de \u201cFazenda da Esperan\u00e7a Irm\u00e3 [&hellip;]","og_url":"https:\/\/filles-de-la-charite.org\/pt-pt\/inauguracao-da-fazenda-da-esperanca-irma-lindalva-justo-de-oliveira\/","og_site_name":"Filles de la Charit\u00e9","article_published_time":"2022-04-30T20:00:00+00:00","article_modified_time":"2024-03-17T16:06:03+00:00","og_image":[{"width":2560,"height":1440,"url":"https:\/\/filles-de-la-charite.org\/wp-content\/uploads\/2023\/06\/fotos-da-Inauguracao-da-fazenda-5-scaled-1.jpeg","type":"image\/jpeg"}],"author":"admin","twitter_card":"summary_large_image","twitter_misc":{"Escrito por":"admin","Tempo estimado de leitura":"5 minutos"},"schema":{"@context":"https:\/\/schema.org","@graph":[{"@type":"Article","@id":"https:\/\/filles-de-la-charite.org\/pt-pt\/inauguracao-da-fazenda-da-esperanca-irma-lindalva-justo-de-oliveira\/#article","isPartOf":{"@id":"https:\/\/filles-de-la-charite.org\/pt-pt\/inauguracao-da-fazenda-da-esperanca-irma-lindalva-justo-de-oliveira\/"},"author":{"name":"admin","@id":"https:\/\/filles-de-la-charite.org\/pt-pt\/#\/schema\/person\/427567b2eccfc2dd7d206da186a1f438"},"headline":"Inaugura\u00e7\u00e3o da Fazenda da Esperan\u00e7a \u201cIrm\u00e3 Lindalva Justo de Oliveira\u201d","datePublished":"2022-04-30T20:00:00+00:00","dateModified":"2024-03-17T16:06:03+00:00","mainEntityOfPage":{"@id":"https:\/\/filles-de-la-charite.org\/pt-pt\/inauguracao-da-fazenda-da-esperanca-irma-lindalva-justo-de-oliveira\/"},"wordCount":859,"publisher":{"@id":"https:\/\/filles-de-la-charite.org\/pt-pt\/#organization"},"image":{"@id":"https:\/\/filles-de-la-charite.org\/pt-pt\/inauguracao-da-fazenda-da-esperanca-irma-lindalva-justo-de-oliveira\/#primaryimage"},"thumbnailUrl":"https:\/\/filles-de-la-charite.org\/wp-content\/uploads\/2023\/06\/fotos-da-Inauguracao-da-fazenda-5-scaled-1.jpeg","articleSection":["Recife"],"inLanguage":"pt-PT"},{"@type":"WebPage","@id":"https:\/\/filles-de-la-charite.org\/pt-pt\/inauguracao-da-fazenda-da-esperanca-irma-lindalva-justo-de-oliveira\/","url":"https:\/\/filles-de-la-charite.org\/pt-pt\/inauguracao-da-fazenda-da-esperanca-irma-lindalva-justo-de-oliveira\/","name":"Inaugura\u00e7\u00e3o da Fazenda da Esperan\u00e7a \u201cIrm\u00e3 Lindalva Justo de Oliveira\u201d - Filles de la Charit\u00e9","isPartOf":{"@id":"https:\/\/filles-de-la-charite.org\/pt-pt\/#website"},"primaryImageOfPage":{"@id":"https:\/\/filles-de-la-charite.org\/pt-pt\/inauguracao-da-fazenda-da-esperanca-irma-lindalva-justo-de-oliveira\/#primaryimage"},"image":{"@id":"https:\/\/filles-de-la-charite.org\/pt-pt\/inauguracao-da-fazenda-da-esperanca-irma-lindalva-justo-de-oliveira\/#primaryimage"},"thumbnailUrl":"https:\/\/filles-de-la-charite.org\/wp-content\/uploads\/2023\/06\/fotos-da-Inauguracao-da-fazenda-5-scaled-1.jpeg","datePublished":"2022-04-30T20:00:00+00:00","dateModified":"2024-03-17T16:06:03+00:00","breadcrumb":{"@id":"https:\/\/filles-de-la-charite.org\/pt-pt\/inauguracao-da-fazenda-da-esperanca-irma-lindalva-justo-de-oliveira\/#breadcrumb"},"inLanguage":"pt-PT","potentialAction":[{"@type":"ReadAction","target":["https:\/\/filles-de-la-charite.org\/pt-pt\/inauguracao-da-fazenda-da-esperanca-irma-lindalva-justo-de-oliveira\/"]}]},{"@type":"ImageObject","inLanguage":"pt-PT","@id":"https:\/\/filles-de-la-charite.org\/pt-pt\/inauguracao-da-fazenda-da-esperanca-irma-lindalva-justo-de-oliveira\/#primaryimage","url":"https:\/\/filles-de-la-charite.org\/wp-content\/uploads\/2023\/06\/fotos-da-Inauguracao-da-fazenda-5-scaled-1.jpeg","contentUrl":"https:\/\/filles-de-la-charite.org\/wp-content\/uploads\/2023\/06\/fotos-da-Inauguracao-da-fazenda-5-scaled-1.jpeg","width":2560,"height":1440},{"@type":"BreadcrumbList","@id":"https:\/\/filles-de-la-charite.org\/pt-pt\/inauguracao-da-fazenda-da-esperanca-irma-lindalva-justo-de-oliveira\/#breadcrumb","itemListElement":[{"@type":"ListItem","position":1,"name":"Recife","item":"https:\/\/filles-de-la-charite.org\/pt-pt\/category\/recife-pt-pt\/"},{"@type":"ListItem","position":2,"name":"Inaugura\u00e7\u00e3o da Fazenda da Esperan\u00e7a \u201cIrm\u00e3 Lindalva Justo de Oliveira\u201d"}]},{"@type":"WebSite","@id":"https:\/\/filles-de-la-charite.org\/pt-pt\/#website","url":"https:\/\/filles-de-la-charite.org\/pt-pt\/","name":"Hijas de la Caridad","description":"L\u2019amour de J\u00e9sus nous presse \u00e0 prendre soin des personnes les plus d\u00e9munies","publisher":{"@id":"https:\/\/filles-de-la-charite.org\/pt-pt\/#organization"},"potentialAction":[{"@type":"SearchAction","target":{"@type":"EntryPoint","urlTemplate":"https:\/\/filles-de-la-charite.org\/pt-pt\/?s={search_term_string}"},"query-input":{"@type":"PropertyValueSpecification","valueRequired":true,"valueName":"search_term_string"}}],"inLanguage":"pt-PT"},{"@type":"Organization","@id":"https:\/\/filles-de-la-charite.org\/pt-pt\/#organization","name":"Hijas de la Caridad","url":"https:\/\/filles-de-la-charite.org\/pt-pt\/","logo":{"@type":"ImageObject","inLanguage":"pt-PT","@id":"https:\/\/filles-de-la-charite.org\/pt-pt\/#\/schema\/logo\/image\/","url":"https:\/\/filles-de-la-charite.org\/wp-content\/uploads\/2023\/03\/isotipo-Hijas-de-la-Caridad.png","contentUrl":"https:\/\/filles-de-la-charite.org\/wp-content\/uploads\/2023\/03\/isotipo-Hijas-de-la-Caridad.png","width":1417,"height":1417,"caption":"Hijas de la Caridad"},"image":{"@id":"https:\/\/filles-de-la-charite.org\/pt-pt\/#\/schema\/logo\/image\/"}},{"@type":"Person","@id":"https:\/\/filles-de-la-charite.org\/pt-pt\/#\/schema\/person\/427567b2eccfc2dd7d206da186a1f438","name":"admin","image":{"@type":"ImageObject","inLanguage":"pt-PT","@id":"https:\/\/secure.gravatar.com\/avatar\/948b492cce32b586ac2db0eaa926ee87024f7afe218d73b397ea5ddfc5f43ea1?s=96&d=mm&r=g","url":"https:\/\/secure.gravatar.com\/avatar\/948b492cce32b586ac2db0eaa926ee87024f7afe218d73b397ea5ddfc5f43ea1?s=96&d=mm&r=g","contentUrl":"https:\/\/secure.gravatar.com\/avatar\/948b492cce32b586ac2db0eaa926ee87024f7afe218d73b397ea5ddfc5f43ea1?s=96&d=mm&r=g","caption":"admin"},"sameAs":["https:\/\/filles-de-la-charite.org"],"url":"https:\/\/filles-de-la-charite.org\/pt-pt\/author\/caridad\/"}]}},"_links":{"self":[{"href":"https:\/\/filles-de-la-charite.org\/pt-pt\/wp-json\/wp\/v2\/posts\/25287","targetHints":{"allow":["GET"]}}],"collection":[{"href":"https:\/\/filles-de-la-charite.org\/pt-pt\/wp-json\/wp\/v2\/posts"}],"about":[{"href":"https:\/\/filles-de-la-charite.org\/pt-pt\/wp-json\/wp\/v2\/types\/post"}],"author":[{"embeddable":true,"href":"https:\/\/filles-de-la-charite.org\/pt-pt\/wp-json\/wp\/v2\/users\/1"}],"replies":[{"embeddable":true,"href":"https:\/\/filles-de-la-charite.org\/pt-pt\/wp-json\/wp\/v2\/comments?post=25287"}],"version-history":[{"count":1,"href":"https:\/\/filles-de-la-charite.org\/pt-pt\/wp-json\/wp\/v2\/posts\/25287\/revisions"}],"predecessor-version":[{"id":25288,"href":"https:\/\/filles-de-la-charite.org\/pt-pt\/wp-json\/wp\/v2\/posts\/25287\/revisions\/25288"}],"wp:featuredmedia":[{"embeddable":true,"href":"https:\/\/filles-de-la-charite.org\/pt-pt\/wp-json\/wp\/v2\/media\/16727"}],"wp:attachment":[{"href":"https:\/\/filles-de-la-charite.org\/pt-pt\/wp-json\/wp\/v2\/media?parent=25287"}],"wp:term":[{"taxonomy":"category","embeddable":true,"href":"https:\/\/filles-de-la-charite.org\/pt-pt\/wp-json\/wp\/v2\/categories?post=25287"},{"taxonomy":"post_tag","embeddable":true,"href":"https:\/\/filles-de-la-charite.org\/pt-pt\/wp-json\/wp\/v2\/tags?post=25287"}],"curies":[{"name":"wp","href":"https:\/\/api.w.org\/{rel}","templated":true}]}}