{"id":25295,"date":"2022-05-31T22:00:00","date_gmt":"2022-05-31T20:00:00","guid":{"rendered":"https:\/\/hijascaridad.sjdigitaldemo.ovh\/um-piscar-de-olhos-do-senhor\/"},"modified":"2024-03-17T17:05:29","modified_gmt":"2024-03-17T16:05:29","slug":"um-piscar-de-olhos-do-senhor","status":"publish","type":"post","link":"https:\/\/filles-de-la-charite.org\/pt-pt\/um-piscar-de-olhos-do-senhor\/","title":{"rendered":"Um piscar de olhos do Senhor"},"content":{"rendered":"\n<p>Desde 19 de Mar\u00e7o, a pedido da Prefeitura e em parceria com a Cruz Vermelha, a Obra do Berceau de S\u00e3o Vicente de Paulo tem acolhido refugiados ucranianos. Para a festa de S\u00e3o Jos\u00e9, \u00e9 um piscar de olhos do Senhor. Na sua terra natal, S\u00e3o Vicente deve estar encantado com a chegada destas pobres pessoas.<\/p>\n\n\n\n<div class=\"wp-block-image\"><figure class=\"alignleft size-full\"><img decoding=\"async\" src=\"https:\/\/filles-de-la-charite.org\/wp-content\/uploads\/2023\/06\/Berceau-3F.jpg\" alt=\"\" class=\"wp-image-70505\" \/><\/figure><\/div>\n\n\n\n<p>A Cruz Vermelha entrega-se sem contar com os custos de prepara\u00e7\u00e3o, acolhimento e acompanhamento destas fam\u00edlias. Os benefici\u00e1rios do acolhimento de emerg\u00eancia colocaram-se ao servi\u00e7o do acolhimento dos refugiados: limpeza, arranjo dos quartos, supervis\u00e3o da \u00e1rea de lazer, cozinha&#8230; Um deles disse-nos que estava feliz por fazer o seu cora\u00e7\u00e3o funcionar! Outro disse que colocar-se ao servi\u00e7o dos outros lhe deu sol na cabe\u00e7a! Os pobres evangelizam-nos.<\/p>\n\n\n\n<p>Enquanto esperamos por estas fam\u00edlias criamos um local de recolhimento com \u00edcones e toalhas bordadas ao estilo ucraniano.<\/p>\n\n\n\n<p>Um primeiro grupo de cerca de cinquenta pessoas, incluindo vinte crian\u00e7as, chegou. Alguns dias antes, uma empresa tinha-nos dado uma grande quantidade de chocolates. Foi uma grande alegria para as fam\u00edlias encontrar chocolates quando chegaram aos seus quartos. Para n\u00f3s isto foi um sinal de que a Provid\u00eancia nos estava a encorajar a acolh\u00ea-los.<\/p>\n\n\n\n<p>Desde ent\u00e3o, chegou outro grupo. Atualmente, recebemos 84 pessoas, 38 das quais s\u00e3o crian\u00e7as. Apesar da barreira lingu\u00edstica, conseguimos compreender-nos mutuamente e criar la\u00e7os com estas fam\u00edlias. Assistimos ao grande impulso de generosidade que estas chegadas provocaram. Muitas pessoas oferecem-se para nos trazerem doa\u00e7\u00f5es (jogos para crian\u00e7as, roupas, produtos de higiene, etc.) e voluntariam-se para ajudar. Contemplamos os sorrisos das crian\u00e7as e das m\u00e3es. &#8220;Deus seja Bendito&#8221; diria S\u00e3o Vicente.<\/p>\n\n\n\n<p>Est\u00e1 a ser criada uma parceria com o complexo escolar Vicente de Paulo: os alunos da sec\u00e7\u00e3o de cabeleireiros oferecer\u00e3o cortes de cabelo \u00e0s pessoas que os desejarem, os internos vir\u00e3o brincar com os jovens e crian\u00e7as, alguns dos alunos da escola trar\u00e3o as suas bicicletas velhas ou as suas motocicletas. Algumas crian\u00e7as ucranianas ser\u00e3o acolhidas nas aulas.<\/p>\n\n\n\n<div class=\"wp-block-image\"><figure class=\"aligncenter size-large\"><img decoding=\"async\" src=\"https:\/\/filles-de-la-charite.org\/wp-content\/uploads\/2023\/06\/Berceau-2F-1024x473-1.jpg\" alt=\"\" class=\"wp-image-70498\" \/><\/figure><\/div>\n","protected":false},"excerpt":{"rendered":"<p>Desde 19 de Mar\u00e7o, a pedido da Prefeitura e em parceria com a Cruz Vermelha, a Obra do Berceau de S\u00e3o Vicente de Paulo tem acolhido refugiados ucranianos. Para a festa de S\u00e3o Jos\u00e9, \u00e9 um piscar de olhos do Senhor. Na sua terra natal, S\u00e3o Vicente deve estar encantado com a chegada destas pobres [&hellip;]<\/p>\n","protected":false},"author":1,"featured_media":16813,"comment_status":"closed","ping_status":"closed","sticky":false,"template":"","format":"standard","meta":{"_acf_changed":false,"_et_pb_use_builder":"","_et_pb_old_content":"","_et_gb_content_width":"","footnotes":"","_links_to":"","_links_to_target":""},"categories":[566],"tags":[],"class_list":["post-25295","post","type-post","status-publish","format-standard","has-post-thumbnail","hentry","category-belgica-franca-suica-pt-pt"],"acf":[],"yoast_head":"<!-- This site is optimized with the Yoast SEO plugin v27.5 - https:\/\/yoast.com\/product\/yoast-seo-wordpress\/ -->\n<title>Um piscar de olhos do Senhor - Filles de la Charit\u00e9<\/title>\n<meta name=\"robots\" content=\"index, follow, max-snippet:-1, max-image-preview:large, max-video-preview:-1\" \/>\n<link rel=\"canonical\" href=\"https:\/\/filles-de-la-charite.org\/pt-pt\/um-piscar-de-olhos-do-senhor\/\" \/>\n<meta property=\"og:locale\" content=\"pt_PT\" \/>\n<meta property=\"og:type\" content=\"article\" \/>\n<meta property=\"og:title\" content=\"Um piscar de olhos do Senhor - Filles de la Charit\u00e9\" \/>\n<meta property=\"og:description\" content=\"Desde 19 de Mar\u00e7o, a pedido da Prefeitura e em parceria com a Cruz Vermelha, a Obra do Berceau de S\u00e3o Vicente de Paulo tem acolhido refugiados ucranianos. Para a festa de S\u00e3o Jos\u00e9, \u00e9 um piscar de olhos do Senhor. Na sua terra natal, S\u00e3o Vicente deve estar encantado com a chegada destas pobres [&hellip;]\" \/>\n<meta property=\"og:url\" content=\"https:\/\/filles-de-la-charite.org\/pt-pt\/um-piscar-de-olhos-do-senhor\/\" \/>\n<meta property=\"og:site_name\" content=\"Filles de la Charit\u00e9\" \/>\n<meta property=\"article:published_time\" content=\"2022-05-31T20:00:00+00:00\" \/>\n<meta property=\"article:modified_time\" content=\"2024-03-17T16:05:29+00:00\" \/>\n<meta property=\"og:image\" content=\"https:\/\/filles-de-la-charite.org\/wp-content\/uploads\/2023\/06\/Berceau-1F.jpg\" \/>\n\t<meta property=\"og:image:width\" content=\"1025\" \/>\n\t<meta property=\"og:image:height\" content=\"473\" \/>\n\t<meta property=\"og:image:type\" content=\"image\/jpeg\" \/>\n<meta name=\"author\" content=\"admin\" \/>\n<meta name=\"twitter:card\" content=\"summary_large_image\" \/>\n<meta name=\"twitter:label1\" content=\"Escrito por\" \/>\n\t<meta name=\"twitter:data1\" content=\"admin\" \/>\n\t<meta name=\"twitter:label2\" content=\"Tempo estimado de leitura\" \/>\n\t<meta name=\"twitter:data2\" content=\"2 minutos\" \/>\n<script type=\"application\/ld+json\" class=\"yoast-schema-graph\">{\"@context\":\"https:\\\/\\\/schema.org\",\"@graph\":[{\"@type\":\"Article\",\"@id\":\"https:\\\/\\\/filles-de-la-charite.org\\\/pt-pt\\\/um-piscar-de-olhos-do-senhor\\\/#article\",\"isPartOf\":{\"@id\":\"https:\\\/\\\/filles-de-la-charite.org\\\/pt-pt\\\/um-piscar-de-olhos-do-senhor\\\/\"},\"author\":{\"name\":\"admin\",\"@id\":\"https:\\\/\\\/filles-de-la-charite.org\\\/pt-pt\\\/#\\\/schema\\\/person\\\/427567b2eccfc2dd7d206da186a1f438\"},\"headline\":\"Um piscar de olhos do Senhor\",\"datePublished\":\"2022-05-31T20:00:00+00:00\",\"dateModified\":\"2024-03-17T16:05:29+00:00\",\"mainEntityOfPage\":{\"@id\":\"https:\\\/\\\/filles-de-la-charite.org\\\/pt-pt\\\/um-piscar-de-olhos-do-senhor\\\/\"},\"wordCount\":362,\"publisher\":{\"@id\":\"https:\\\/\\\/filles-de-la-charite.org\\\/pt-pt\\\/#organization\"},\"image\":{\"@id\":\"https:\\\/\\\/filles-de-la-charite.org\\\/pt-pt\\\/um-piscar-de-olhos-do-senhor\\\/#primaryimage\"},\"thumbnailUrl\":\"https:\\\/\\\/filles-de-la-charite.org\\\/wp-content\\\/uploads\\\/2023\\\/06\\\/Berceau-1F.jpg\",\"articleSection\":[\"B\u00e9lgica-Fran\u00e7a-Su\u00ed\u00e7a\"],\"inLanguage\":\"pt-PT\"},{\"@type\":\"WebPage\",\"@id\":\"https:\\\/\\\/filles-de-la-charite.org\\\/pt-pt\\\/um-piscar-de-olhos-do-senhor\\\/\",\"url\":\"https:\\\/\\\/filles-de-la-charite.org\\\/pt-pt\\\/um-piscar-de-olhos-do-senhor\\\/\",\"name\":\"Um piscar de olhos do Senhor - Filles de la Charit\u00e9\",\"isPartOf\":{\"@id\":\"https:\\\/\\\/filles-de-la-charite.org\\\/pt-pt\\\/#website\"},\"primaryImageOfPage\":{\"@id\":\"https:\\\/\\\/filles-de-la-charite.org\\\/pt-pt\\\/um-piscar-de-olhos-do-senhor\\\/#primaryimage\"},\"image\":{\"@id\":\"https:\\\/\\\/filles-de-la-charite.org\\\/pt-pt\\\/um-piscar-de-olhos-do-senhor\\\/#primaryimage\"},\"thumbnailUrl\":\"https:\\\/\\\/filles-de-la-charite.org\\\/wp-content\\\/uploads\\\/2023\\\/06\\\/Berceau-1F.jpg\",\"datePublished\":\"2022-05-31T20:00:00+00:00\",\"dateModified\":\"2024-03-17T16:05:29+00:00\",\"breadcrumb\":{\"@id\":\"https:\\\/\\\/filles-de-la-charite.org\\\/pt-pt\\\/um-piscar-de-olhos-do-senhor\\\/#breadcrumb\"},\"inLanguage\":\"pt-PT\",\"potentialAction\":[{\"@type\":\"ReadAction\",\"target\":[\"https:\\\/\\\/filles-de-la-charite.org\\\/pt-pt\\\/um-piscar-de-olhos-do-senhor\\\/\"]}]},{\"@type\":\"ImageObject\",\"inLanguage\":\"pt-PT\",\"@id\":\"https:\\\/\\\/filles-de-la-charite.org\\\/pt-pt\\\/um-piscar-de-olhos-do-senhor\\\/#primaryimage\",\"url\":\"https:\\\/\\\/filles-de-la-charite.org\\\/wp-content\\\/uploads\\\/2023\\\/06\\\/Berceau-1F.jpg\",\"contentUrl\":\"https:\\\/\\\/filles-de-la-charite.org\\\/wp-content\\\/uploads\\\/2023\\\/06\\\/Berceau-1F.jpg\",\"width\":1025,\"height\":473},{\"@type\":\"BreadcrumbList\",\"@id\":\"https:\\\/\\\/filles-de-la-charite.org\\\/pt-pt\\\/um-piscar-de-olhos-do-senhor\\\/#breadcrumb\",\"itemListElement\":[{\"@type\":\"ListItem\",\"position\":1,\"name\":\"B\u00e9lgica-Fran\u00e7a-Su\u00ed\u00e7a\",\"item\":\"https:\\\/\\\/filles-de-la-charite.org\\\/pt-pt\\\/category\\\/belgica-franca-suica-pt-pt\\\/\"},{\"@type\":\"ListItem\",\"position\":2,\"name\":\"Um piscar de olhos do Senhor\"}]},{\"@type\":\"WebSite\",\"@id\":\"https:\\\/\\\/filles-de-la-charite.org\\\/pt-pt\\\/#website\",\"url\":\"https:\\\/\\\/filles-de-la-charite.org\\\/pt-pt\\\/\",\"name\":\"Hijas de la Caridad\",\"description\":\"L\u2019amour de J\u00e9sus nous presse \u00e0 prendre soin des personnes les plus d\u00e9munies\",\"publisher\":{\"@id\":\"https:\\\/\\\/filles-de-la-charite.org\\\/pt-pt\\\/#organization\"},\"potentialAction\":[{\"@type\":\"SearchAction\",\"target\":{\"@type\":\"EntryPoint\",\"urlTemplate\":\"https:\\\/\\\/filles-de-la-charite.org\\\/pt-pt\\\/?s={search_term_string}\"},\"query-input\":{\"@type\":\"PropertyValueSpecification\",\"valueRequired\":true,\"valueName\":\"search_term_string\"}}],\"inLanguage\":\"pt-PT\"},{\"@type\":\"Organization\",\"@id\":\"https:\\\/\\\/filles-de-la-charite.org\\\/pt-pt\\\/#organization\",\"name\":\"Hijas de la Caridad\",\"url\":\"https:\\\/\\\/filles-de-la-charite.org\\\/pt-pt\\\/\",\"logo\":{\"@type\":\"ImageObject\",\"inLanguage\":\"pt-PT\",\"@id\":\"https:\\\/\\\/filles-de-la-charite.org\\\/pt-pt\\\/#\\\/schema\\\/logo\\\/image\\\/\",\"url\":\"https:\\\/\\\/filles-de-la-charite.org\\\/wp-content\\\/uploads\\\/2023\\\/03\\\/isotipo-Hijas-de-la-Caridad.png\",\"contentUrl\":\"https:\\\/\\\/filles-de-la-charite.org\\\/wp-content\\\/uploads\\\/2023\\\/03\\\/isotipo-Hijas-de-la-Caridad.png\",\"width\":1417,\"height\":1417,\"caption\":\"Hijas de la Caridad\"},\"image\":{\"@id\":\"https:\\\/\\\/filles-de-la-charite.org\\\/pt-pt\\\/#\\\/schema\\\/logo\\\/image\\\/\"}},{\"@type\":\"Person\",\"@id\":\"https:\\\/\\\/filles-de-la-charite.org\\\/pt-pt\\\/#\\\/schema\\\/person\\\/427567b2eccfc2dd7d206da186a1f438\",\"name\":\"admin\",\"image\":{\"@type\":\"ImageObject\",\"inLanguage\":\"pt-PT\",\"@id\":\"https:\\\/\\\/secure.gravatar.com\\\/avatar\\\/948b492cce32b586ac2db0eaa926ee87024f7afe218d73b397ea5ddfc5f43ea1?s=96&d=mm&r=g\",\"url\":\"https:\\\/\\\/secure.gravatar.com\\\/avatar\\\/948b492cce32b586ac2db0eaa926ee87024f7afe218d73b397ea5ddfc5f43ea1?s=96&d=mm&r=g\",\"contentUrl\":\"https:\\\/\\\/secure.gravatar.com\\\/avatar\\\/948b492cce32b586ac2db0eaa926ee87024f7afe218d73b397ea5ddfc5f43ea1?s=96&d=mm&r=g\",\"caption\":\"admin\"},\"sameAs\":[\"https:\\\/\\\/filles-de-la-charite.org\"],\"url\":\"https:\\\/\\\/filles-de-la-charite.org\\\/pt-pt\\\/author\\\/caridad\\\/\"}]}<\/script>\n<!-- \/ Yoast SEO plugin. -->","yoast_head_json":{"title":"Um piscar de olhos do Senhor - Filles de la Charit\u00e9","robots":{"index":"index","follow":"follow","max-snippet":"max-snippet:-1","max-image-preview":"max-image-preview:large","max-video-preview":"max-video-preview:-1"},"canonical":"https:\/\/filles-de-la-charite.org\/pt-pt\/um-piscar-de-olhos-do-senhor\/","og_locale":"pt_PT","og_type":"article","og_title":"Um piscar de olhos do Senhor - Filles de la Charit\u00e9","og_description":"Desde 19 de Mar\u00e7o, a pedido da Prefeitura e em parceria com a Cruz Vermelha, a Obra do Berceau de S\u00e3o Vicente de Paulo tem acolhido refugiados ucranianos. Para a festa de S\u00e3o Jos\u00e9, \u00e9 um piscar de olhos do Senhor. Na sua terra natal, S\u00e3o Vicente deve estar encantado com a chegada destas pobres [&hellip;]","og_url":"https:\/\/filles-de-la-charite.org\/pt-pt\/um-piscar-de-olhos-do-senhor\/","og_site_name":"Filles de la Charit\u00e9","article_published_time":"2022-05-31T20:00:00+00:00","article_modified_time":"2024-03-17T16:05:29+00:00","og_image":[{"width":1025,"height":473,"url":"https:\/\/filles-de-la-charite.org\/wp-content\/uploads\/2023\/06\/Berceau-1F.jpg","type":"image\/jpeg"}],"author":"admin","twitter_card":"summary_large_image","twitter_misc":{"Escrito por":"admin","Tempo estimado de leitura":"2 minutos"},"schema":{"@context":"https:\/\/schema.org","@graph":[{"@type":"Article","@id":"https:\/\/filles-de-la-charite.org\/pt-pt\/um-piscar-de-olhos-do-senhor\/#article","isPartOf":{"@id":"https:\/\/filles-de-la-charite.org\/pt-pt\/um-piscar-de-olhos-do-senhor\/"},"author":{"name":"admin","@id":"https:\/\/filles-de-la-charite.org\/pt-pt\/#\/schema\/person\/427567b2eccfc2dd7d206da186a1f438"},"headline":"Um piscar de olhos do Senhor","datePublished":"2022-05-31T20:00:00+00:00","dateModified":"2024-03-17T16:05:29+00:00","mainEntityOfPage":{"@id":"https:\/\/filles-de-la-charite.org\/pt-pt\/um-piscar-de-olhos-do-senhor\/"},"wordCount":362,"publisher":{"@id":"https:\/\/filles-de-la-charite.org\/pt-pt\/#organization"},"image":{"@id":"https:\/\/filles-de-la-charite.org\/pt-pt\/um-piscar-de-olhos-do-senhor\/#primaryimage"},"thumbnailUrl":"https:\/\/filles-de-la-charite.org\/wp-content\/uploads\/2023\/06\/Berceau-1F.jpg","articleSection":["B\u00e9lgica-Fran\u00e7a-Su\u00ed\u00e7a"],"inLanguage":"pt-PT"},{"@type":"WebPage","@id":"https:\/\/filles-de-la-charite.org\/pt-pt\/um-piscar-de-olhos-do-senhor\/","url":"https:\/\/filles-de-la-charite.org\/pt-pt\/um-piscar-de-olhos-do-senhor\/","name":"Um piscar de olhos do Senhor - Filles de la Charit\u00e9","isPartOf":{"@id":"https:\/\/filles-de-la-charite.org\/pt-pt\/#website"},"primaryImageOfPage":{"@id":"https:\/\/filles-de-la-charite.org\/pt-pt\/um-piscar-de-olhos-do-senhor\/#primaryimage"},"image":{"@id":"https:\/\/filles-de-la-charite.org\/pt-pt\/um-piscar-de-olhos-do-senhor\/#primaryimage"},"thumbnailUrl":"https:\/\/filles-de-la-charite.org\/wp-content\/uploads\/2023\/06\/Berceau-1F.jpg","datePublished":"2022-05-31T20:00:00+00:00","dateModified":"2024-03-17T16:05:29+00:00","breadcrumb":{"@id":"https:\/\/filles-de-la-charite.org\/pt-pt\/um-piscar-de-olhos-do-senhor\/#breadcrumb"},"inLanguage":"pt-PT","potentialAction":[{"@type":"ReadAction","target":["https:\/\/filles-de-la-charite.org\/pt-pt\/um-piscar-de-olhos-do-senhor\/"]}]},{"@type":"ImageObject","inLanguage":"pt-PT","@id":"https:\/\/filles-de-la-charite.org\/pt-pt\/um-piscar-de-olhos-do-senhor\/#primaryimage","url":"https:\/\/filles-de-la-charite.org\/wp-content\/uploads\/2023\/06\/Berceau-1F.jpg","contentUrl":"https:\/\/filles-de-la-charite.org\/wp-content\/uploads\/2023\/06\/Berceau-1F.jpg","width":1025,"height":473},{"@type":"BreadcrumbList","@id":"https:\/\/filles-de-la-charite.org\/pt-pt\/um-piscar-de-olhos-do-senhor\/#breadcrumb","itemListElement":[{"@type":"ListItem","position":1,"name":"B\u00e9lgica-Fran\u00e7a-Su\u00ed\u00e7a","item":"https:\/\/filles-de-la-charite.org\/pt-pt\/category\/belgica-franca-suica-pt-pt\/"},{"@type":"ListItem","position":2,"name":"Um piscar de olhos do Senhor"}]},{"@type":"WebSite","@id":"https:\/\/filles-de-la-charite.org\/pt-pt\/#website","url":"https:\/\/filles-de-la-charite.org\/pt-pt\/","name":"Hijas de la Caridad","description":"L\u2019amour de J\u00e9sus nous presse \u00e0 prendre soin des personnes les plus d\u00e9munies","publisher":{"@id":"https:\/\/filles-de-la-charite.org\/pt-pt\/#organization"},"potentialAction":[{"@type":"SearchAction","target":{"@type":"EntryPoint","urlTemplate":"https:\/\/filles-de-la-charite.org\/pt-pt\/?s={search_term_string}"},"query-input":{"@type":"PropertyValueSpecification","valueRequired":true,"valueName":"search_term_string"}}],"inLanguage":"pt-PT"},{"@type":"Organization","@id":"https:\/\/filles-de-la-charite.org\/pt-pt\/#organization","name":"Hijas de la Caridad","url":"https:\/\/filles-de-la-charite.org\/pt-pt\/","logo":{"@type":"ImageObject","inLanguage":"pt-PT","@id":"https:\/\/filles-de-la-charite.org\/pt-pt\/#\/schema\/logo\/image\/","url":"https:\/\/filles-de-la-charite.org\/wp-content\/uploads\/2023\/03\/isotipo-Hijas-de-la-Caridad.png","contentUrl":"https:\/\/filles-de-la-charite.org\/wp-content\/uploads\/2023\/03\/isotipo-Hijas-de-la-Caridad.png","width":1417,"height":1417,"caption":"Hijas de la Caridad"},"image":{"@id":"https:\/\/filles-de-la-charite.org\/pt-pt\/#\/schema\/logo\/image\/"}},{"@type":"Person","@id":"https:\/\/filles-de-la-charite.org\/pt-pt\/#\/schema\/person\/427567b2eccfc2dd7d206da186a1f438","name":"admin","image":{"@type":"ImageObject","inLanguage":"pt-PT","@id":"https:\/\/secure.gravatar.com\/avatar\/948b492cce32b586ac2db0eaa926ee87024f7afe218d73b397ea5ddfc5f43ea1?s=96&d=mm&r=g","url":"https:\/\/secure.gravatar.com\/avatar\/948b492cce32b586ac2db0eaa926ee87024f7afe218d73b397ea5ddfc5f43ea1?s=96&d=mm&r=g","contentUrl":"https:\/\/secure.gravatar.com\/avatar\/948b492cce32b586ac2db0eaa926ee87024f7afe218d73b397ea5ddfc5f43ea1?s=96&d=mm&r=g","caption":"admin"},"sameAs":["https:\/\/filles-de-la-charite.org"],"url":"https:\/\/filles-de-la-charite.org\/pt-pt\/author\/caridad\/"}]}},"_links":{"self":[{"href":"https:\/\/filles-de-la-charite.org\/pt-pt\/wp-json\/wp\/v2\/posts\/25295","targetHints":{"allow":["GET"]}}],"collection":[{"href":"https:\/\/filles-de-la-charite.org\/pt-pt\/wp-json\/wp\/v2\/posts"}],"about":[{"href":"https:\/\/filles-de-la-charite.org\/pt-pt\/wp-json\/wp\/v2\/types\/post"}],"author":[{"embeddable":true,"href":"https:\/\/filles-de-la-charite.org\/pt-pt\/wp-json\/wp\/v2\/users\/1"}],"replies":[{"embeddable":true,"href":"https:\/\/filles-de-la-charite.org\/pt-pt\/wp-json\/wp\/v2\/comments?post=25295"}],"version-history":[{"count":1,"href":"https:\/\/filles-de-la-charite.org\/pt-pt\/wp-json\/wp\/v2\/posts\/25295\/revisions"}],"predecessor-version":[{"id":25296,"href":"https:\/\/filles-de-la-charite.org\/pt-pt\/wp-json\/wp\/v2\/posts\/25295\/revisions\/25296"}],"wp:featuredmedia":[{"embeddable":true,"href":"https:\/\/filles-de-la-charite.org\/pt-pt\/wp-json\/wp\/v2\/media\/16813"}],"wp:attachment":[{"href":"https:\/\/filles-de-la-charite.org\/pt-pt\/wp-json\/wp\/v2\/media?parent=25295"}],"wp:term":[{"taxonomy":"category","embeddable":true,"href":"https:\/\/filles-de-la-charite.org\/pt-pt\/wp-json\/wp\/v2\/categories?post=25295"},{"taxonomy":"post_tag","embeddable":true,"href":"https:\/\/filles-de-la-charite.org\/pt-pt\/wp-json\/wp\/v2\/tags?post=25295"}],"curies":[{"name":"wp","href":"https:\/\/api.w.org\/{rel}","templated":true}]}}