{"id":25328,"date":"2022-08-31T22:00:00","date_gmt":"2022-08-31T20:00:00","guid":{"rendered":"https:\/\/hijascaridad.sjdigitaldemo.ovh\/rotas-para-o-futuro\/"},"modified":"2024-03-17T17:03:48","modified_gmt":"2024-03-17T16:03:48","slug":"rotas-para-o-futuro","status":"publish","type":"post","link":"https:\/\/filles-de-la-charite.org\/pt-pt\/rotas-para-o-futuro\/","title":{"rendered":"\u201cRotas para o Futuro\u201d"},"content":{"rendered":"\n<p>O amor \u00e9 inventivo at\u00e9 o infinito! Esta frase de S\u00e3o Vicente referente \u00e0 inventividade de Jesus que quis permanecer conosco na Eucaristia pode muito bem refletir o que o projeto \u201cRotas para o Futuro\u201d significa para todos n\u00f3s. Este projeto surgiu a partir da escuta da realidade de tantas crian\u00e7as e fam\u00edlias empobrecidas de nossa institui\u00e7\u00e3o e de seu entorno. Sair porta afora, ir para encontrar! Com criatividade, empenho, suor do rosto, for\u00e7a dos bra\u00e7os, afetividade e efetividade colocamos em a\u00e7\u00e3o o servi\u00e7o a Jesus Cristo presente nos Pobres que servimos na cidade de Assis\/SP.<\/p>\n\n\n\n<p>O projeto \u201cRotas para o Futuro\u201d tem como objetivo atender os alunos, suas fam\u00edlias e toda a comunidade do Centro de Educa\u00e7\u00e3o Infantil Vicentino Casa da Crian\u00e7a Dom Ant\u00f4nio Jos\u00e9 dos Santos, localizado em Assis, interior de S\u00e3o Paulo. O projeto realiza suas atividades para crian\u00e7as e adolescentes, na faixa et\u00e1ria entre 7 e 13 anos, cujo contexto sociocultural e econ\u00f4mico \u00e9 de extrema vulnerabilidade, tendo como intuito, sua promo\u00e7\u00e3o o desenvolvimento.<\/p>\n\n\n\n<div class=\"wp-block-image\"><figure class=\"alignleft size-large\"><img decoding=\"async\" src=\"https:\/\/filles-de-la-charite.org\/wp-content\/uploads\/2023\/06\/Sao-Paulo-2-768x1024-1.jpeg\" alt=\"\" class=\"wp-image-71394\"\/><\/figure><\/div>\n\n\n\n<p>Por meio de diversas atividades, trabalhamos para evitar o agravamento das vulnerabilidades sociais, conseguindo mesmo, uma diminui\u00e7\u00e3o nos \u00edndices de viol\u00eancia e desigualdade j\u00e1 identificados no munic\u00edpio de Assis. Buscamos uma melhor qualidade de vida para as crian\u00e7as, atrav\u00e9s das seguintes atividades: esporte, culin\u00e1ria e horta. Com isso, elas s\u00e3o estimuladas a crescer fora da marginaliza\u00e7\u00e3o, fortalecendo os v\u00ednculos familiares e comunit\u00e1rios.<\/p>\n\n\n\n<p>No esporte, o p\u00fablico alvo \u00e9 dividido em dois grupos: meninos e meninas. Eles jogam basquete, e os treinos acontecem todos os dias, preparando-os para as competi\u00e7\u00f5es na pr\u00f3pria cidade ou em outros munic\u00edpios. Os treinamentos esportivos abrangem o desenvolvimento f\u00edsico, ps\u00edquico, emocional, entre outros benef\u00edcios.<\/p>\n\n\n\n<p>A horta tem como objetivo conscientizar as fam\u00edlias sobre a import\u00e2ncia de uma alimenta\u00e7\u00e3o saud\u00e1vel, a conserva\u00e7\u00e3o e o cuidado com os alimentos. Eles s\u00e3o incentivados a plantar e consumir produtos de alto valor nutritivo. Todas as verduras, legumes e frutas s\u00e3o plantados pelas pr\u00f3prias crian\u00e7as com orienta\u00e7\u00f5es de pessoas competentes.<\/p>\n\n\n\n<p>E, por fim, a culin\u00e1ria, que tem como objetivo mostrar, na pr\u00e1tica, a import\u00e2ncia do aproveitamento de cada alimento, proporcionando a descoberta dos sentidos \u2013 olfato, paladar e tato \u2013 al\u00e9m de aprenderem sobre as diversas culturas culin\u00e1rias. As crian\u00e7as t\u00eam contato direto com os alimentos, ajudando a prepar\u00e1-los para o seu consumo posteriormente.<\/p>\n\n\n\n<p>N\u00f3s, Irm\u00e3s, procuramos estar sempre presentes junto \u00e0s crian\u00e7as para incentiv\u00e1-las, cada dia mais, a participar ativamente deste projeto. Buscamos proporcionar bem-estar, uma melhor qualidade de vida e um aprendizado para cada um(a) deles(as) e suas fam\u00edlias. Todos somos agraciados com este projeto: n\u00f3s Irm\u00e3s, os pais, as fam\u00edlias e toda a sociedade, pois, temos certeza de que crescer\u00e3o com um olhar diferente em rela\u00e7\u00e3o \u00e0 vida, atrav\u00e9s da pr\u00e1tica de esporte e da valoriza\u00e7\u00e3o dos alimentos, visto que eles(as) pr\u00f3prios(as) poder\u00e3o plantar, cultivar, preparar e partilhar com as outras pessoas, abrindo assim novas rotas para o futuro!<\/p>\n\n\n\n<p><em>Irm\u00e3s da Casa da Crian\u00e7a Dom Ant\u00f4nio Jos\u00e9 dos Santos Assis\/SP<\/em><\/p>\n\n\n\n<div class=\"wp-block-image\"><figure class=\"aligncenter size-full\"><img decoding=\"async\" src=\"https:\/\/filles-de-la-charite.org\/wp-content\/uploads\/2023\/06\/Sao-Paulo-3.jpeg\" alt=\"\" class=\"wp-image-71395\"\/><\/figure><\/div>\n","protected":false},"excerpt":{"rendered":"<p>O amor \u00e9 inventivo at\u00e9 o infinito! Esta frase de S\u00e3o Vicente referente \u00e0 inventividade de Jesus que quis permanecer conosco na Eucaristia pode muito bem refletir o que o projeto \u201cRotas para o Futuro\u201d significa para todos n\u00f3s. Este projeto surgiu a partir da escuta da realidade de tantas crian\u00e7as e fam\u00edlias empobrecidas de [&hellip;]<\/p>\n","protected":false},"author":1,"featured_media":17072,"comment_status":"closed","ping_status":"closed","sticky":false,"template":"","format":"standard","meta":{"_acf_changed":false,"footnotes":"","_links_to":"","_links_to_target":""},"categories":[699],"tags":[],"class_list":["post-25328","post","type-post","status-publish","format-standard","has-post-thumbnail","hentry","category-sao-paulo-brasil-pt-pt"],"acf":[],"yoast_head":"<!-- This site is optimized with the Yoast SEO plugin v27.5 - https:\/\/yoast.com\/product\/yoast-seo-wordpress\/ -->\n<title>\u201cRotas para o Futuro\u201d - Filles de la Charit\u00e9<\/title>\n<meta name=\"robots\" content=\"index, follow, max-snippet:-1, max-image-preview:large, max-video-preview:-1\" \/>\n<link rel=\"canonical\" href=\"https:\/\/filles-de-la-charite.org\/pt-pt\/rotas-para-o-futuro\/\" \/>\n<meta property=\"og:locale\" content=\"pt_PT\" \/>\n<meta property=\"og:type\" content=\"article\" \/>\n<meta property=\"og:title\" content=\"\u201cRotas para o Futuro\u201d - Filles de la Charit\u00e9\" \/>\n<meta property=\"og:description\" content=\"O amor \u00e9 inventivo at\u00e9 o infinito! Esta frase de S\u00e3o Vicente referente \u00e0 inventividade de Jesus que quis permanecer conosco na Eucaristia pode muito bem refletir o que o projeto \u201cRotas para o Futuro\u201d significa para todos n\u00f3s. Este projeto surgiu a partir da escuta da realidade de tantas crian\u00e7as e fam\u00edlias empobrecidas de [&hellip;]\" \/>\n<meta property=\"og:url\" content=\"https:\/\/filles-de-la-charite.org\/pt-pt\/rotas-para-o-futuro\/\" \/>\n<meta property=\"og:site_name\" content=\"Filles de la Charit\u00e9\" \/>\n<meta property=\"article:published_time\" content=\"2022-08-31T20:00:00+00:00\" \/>\n<meta property=\"article:modified_time\" content=\"2024-03-17T16:03:48+00:00\" \/>\n<meta property=\"og:image\" content=\"https:\/\/filles-de-la-charite.org\/wp-content\/uploads\/2023\/06\/Sao-Paulo-1.jpeg\" \/>\n\t<meta property=\"og:image:width\" content=\"1600\" \/>\n\t<meta property=\"og:image:height\" content=\"1200\" \/>\n\t<meta property=\"og:image:type\" content=\"image\/jpeg\" \/>\n<meta name=\"author\" content=\"admin\" \/>\n<meta name=\"twitter:card\" content=\"summary_large_image\" \/>\n<meta name=\"twitter:label1\" content=\"Escrito por\" \/>\n\t<meta name=\"twitter:data1\" content=\"admin\" \/>\n\t<meta name=\"twitter:label2\" content=\"Tempo estimado de leitura\" \/>\n\t<meta name=\"twitter:data2\" content=\"3 minutos\" \/>\n<script type=\"application\/ld+json\" class=\"yoast-schema-graph\">{\"@context\":\"https:\\\/\\\/schema.org\",\"@graph\":[{\"@type\":\"Article\",\"@id\":\"https:\\\/\\\/filles-de-la-charite.org\\\/pt-pt\\\/rotas-para-o-futuro\\\/#article\",\"isPartOf\":{\"@id\":\"https:\\\/\\\/filles-de-la-charite.org\\\/pt-pt\\\/rotas-para-o-futuro\\\/\"},\"author\":{\"name\":\"admin\",\"@id\":\"https:\\\/\\\/filles-de-la-charite.org\\\/pt-pt\\\/#\\\/schema\\\/person\\\/427567b2eccfc2dd7d206da186a1f438\"},\"headline\":\"\u201cRotas para o Futuro\u201d\",\"datePublished\":\"2022-08-31T20:00:00+00:00\",\"dateModified\":\"2024-03-17T16:03:48+00:00\",\"mainEntityOfPage\":{\"@id\":\"https:\\\/\\\/filles-de-la-charite.org\\\/pt-pt\\\/rotas-para-o-futuro\\\/\"},\"wordCount\":562,\"publisher\":{\"@id\":\"https:\\\/\\\/filles-de-la-charite.org\\\/pt-pt\\\/#organization\"},\"image\":{\"@id\":\"https:\\\/\\\/filles-de-la-charite.org\\\/pt-pt\\\/rotas-para-o-futuro\\\/#primaryimage\"},\"thumbnailUrl\":\"https:\\\/\\\/filles-de-la-charite.org\\\/wp-content\\\/uploads\\\/2023\\\/06\\\/Sao-Paulo-1.jpeg\",\"articleSection\":[\"S\u00e3o Paulo- Brasil\"],\"inLanguage\":\"pt-PT\"},{\"@type\":\"WebPage\",\"@id\":\"https:\\\/\\\/filles-de-la-charite.org\\\/pt-pt\\\/rotas-para-o-futuro\\\/\",\"url\":\"https:\\\/\\\/filles-de-la-charite.org\\\/pt-pt\\\/rotas-para-o-futuro\\\/\",\"name\":\"\u201cRotas para o Futuro\u201d - Filles de la Charit\u00e9\",\"isPartOf\":{\"@id\":\"https:\\\/\\\/filles-de-la-charite.org\\\/pt-pt\\\/#website\"},\"primaryImageOfPage\":{\"@id\":\"https:\\\/\\\/filles-de-la-charite.org\\\/pt-pt\\\/rotas-para-o-futuro\\\/#primaryimage\"},\"image\":{\"@id\":\"https:\\\/\\\/filles-de-la-charite.org\\\/pt-pt\\\/rotas-para-o-futuro\\\/#primaryimage\"},\"thumbnailUrl\":\"https:\\\/\\\/filles-de-la-charite.org\\\/wp-content\\\/uploads\\\/2023\\\/06\\\/Sao-Paulo-1.jpeg\",\"datePublished\":\"2022-08-31T20:00:00+00:00\",\"dateModified\":\"2024-03-17T16:03:48+00:00\",\"breadcrumb\":{\"@id\":\"https:\\\/\\\/filles-de-la-charite.org\\\/pt-pt\\\/rotas-para-o-futuro\\\/#breadcrumb\"},\"inLanguage\":\"pt-PT\",\"potentialAction\":[{\"@type\":\"ReadAction\",\"target\":[\"https:\\\/\\\/filles-de-la-charite.org\\\/pt-pt\\\/rotas-para-o-futuro\\\/\"]}]},{\"@type\":\"ImageObject\",\"inLanguage\":\"pt-PT\",\"@id\":\"https:\\\/\\\/filles-de-la-charite.org\\\/pt-pt\\\/rotas-para-o-futuro\\\/#primaryimage\",\"url\":\"https:\\\/\\\/filles-de-la-charite.org\\\/wp-content\\\/uploads\\\/2023\\\/06\\\/Sao-Paulo-1.jpeg\",\"contentUrl\":\"https:\\\/\\\/filles-de-la-charite.org\\\/wp-content\\\/uploads\\\/2023\\\/06\\\/Sao-Paulo-1.jpeg\",\"width\":1600,\"height\":1200},{\"@type\":\"BreadcrumbList\",\"@id\":\"https:\\\/\\\/filles-de-la-charite.org\\\/pt-pt\\\/rotas-para-o-futuro\\\/#breadcrumb\",\"itemListElement\":[{\"@type\":\"ListItem\",\"position\":1,\"name\":\"S\u00e3o Paulo- Brasil\",\"item\":\"https:\\\/\\\/filles-de-la-charite.org\\\/pt-pt\\\/category\\\/sao-paulo-brasil-pt-pt\\\/\"},{\"@type\":\"ListItem\",\"position\":2,\"name\":\"\u201cRotas para o Futuro\u201d\"}]},{\"@type\":\"WebSite\",\"@id\":\"https:\\\/\\\/filles-de-la-charite.org\\\/pt-pt\\\/#website\",\"url\":\"https:\\\/\\\/filles-de-la-charite.org\\\/pt-pt\\\/\",\"name\":\"Hijas de la Caridad\",\"description\":\"L\u2019amour de J\u00e9sus nous presse \u00e0 prendre soin des personnes les plus d\u00e9munies\",\"publisher\":{\"@id\":\"https:\\\/\\\/filles-de-la-charite.org\\\/pt-pt\\\/#organization\"},\"potentialAction\":[{\"@type\":\"SearchAction\",\"target\":{\"@type\":\"EntryPoint\",\"urlTemplate\":\"https:\\\/\\\/filles-de-la-charite.org\\\/pt-pt\\\/?s={search_term_string}\"},\"query-input\":{\"@type\":\"PropertyValueSpecification\",\"valueRequired\":true,\"valueName\":\"search_term_string\"}}],\"inLanguage\":\"pt-PT\"},{\"@type\":\"Organization\",\"@id\":\"https:\\\/\\\/filles-de-la-charite.org\\\/pt-pt\\\/#organization\",\"name\":\"Hijas de la Caridad\",\"url\":\"https:\\\/\\\/filles-de-la-charite.org\\\/pt-pt\\\/\",\"logo\":{\"@type\":\"ImageObject\",\"inLanguage\":\"pt-PT\",\"@id\":\"https:\\\/\\\/filles-de-la-charite.org\\\/pt-pt\\\/#\\\/schema\\\/logo\\\/image\\\/\",\"url\":\"https:\\\/\\\/filles-de-la-charite.org\\\/wp-content\\\/uploads\\\/2023\\\/03\\\/isotipo-Hijas-de-la-Caridad.png\",\"contentUrl\":\"https:\\\/\\\/filles-de-la-charite.org\\\/wp-content\\\/uploads\\\/2023\\\/03\\\/isotipo-Hijas-de-la-Caridad.png\",\"width\":1417,\"height\":1417,\"caption\":\"Hijas de la Caridad\"},\"image\":{\"@id\":\"https:\\\/\\\/filles-de-la-charite.org\\\/pt-pt\\\/#\\\/schema\\\/logo\\\/image\\\/\"}},{\"@type\":\"Person\",\"@id\":\"https:\\\/\\\/filles-de-la-charite.org\\\/pt-pt\\\/#\\\/schema\\\/person\\\/427567b2eccfc2dd7d206da186a1f438\",\"name\":\"admin\",\"image\":{\"@type\":\"ImageObject\",\"inLanguage\":\"pt-PT\",\"@id\":\"https:\\\/\\\/secure.gravatar.com\\\/avatar\\\/948b492cce32b586ac2db0eaa926ee87024f7afe218d73b397ea5ddfc5f43ea1?s=96&d=mm&r=g\",\"url\":\"https:\\\/\\\/secure.gravatar.com\\\/avatar\\\/948b492cce32b586ac2db0eaa926ee87024f7afe218d73b397ea5ddfc5f43ea1?s=96&d=mm&r=g\",\"contentUrl\":\"https:\\\/\\\/secure.gravatar.com\\\/avatar\\\/948b492cce32b586ac2db0eaa926ee87024f7afe218d73b397ea5ddfc5f43ea1?s=96&d=mm&r=g\",\"caption\":\"admin\"},\"sameAs\":[\"https:\\\/\\\/filles-de-la-charite.org\"],\"url\":\"https:\\\/\\\/filles-de-la-charite.org\\\/pt-pt\\\/author\\\/caridad\\\/\"}]}<\/script>\n<!-- \/ Yoast SEO plugin. -->","yoast_head_json":{"title":"\u201cRotas para o Futuro\u201d - Filles de la Charit\u00e9","robots":{"index":"index","follow":"follow","max-snippet":"max-snippet:-1","max-image-preview":"max-image-preview:large","max-video-preview":"max-video-preview:-1"},"canonical":"https:\/\/filles-de-la-charite.org\/pt-pt\/rotas-para-o-futuro\/","og_locale":"pt_PT","og_type":"article","og_title":"\u201cRotas para o Futuro\u201d - Filles de la Charit\u00e9","og_description":"O amor \u00e9 inventivo at\u00e9 o infinito! Esta frase de S\u00e3o Vicente referente \u00e0 inventividade de Jesus que quis permanecer conosco na Eucaristia pode muito bem refletir o que o projeto \u201cRotas para o Futuro\u201d significa para todos n\u00f3s. Este projeto surgiu a partir da escuta da realidade de tantas crian\u00e7as e fam\u00edlias empobrecidas de [&hellip;]","og_url":"https:\/\/filles-de-la-charite.org\/pt-pt\/rotas-para-o-futuro\/","og_site_name":"Filles de la Charit\u00e9","article_published_time":"2022-08-31T20:00:00+00:00","article_modified_time":"2024-03-17T16:03:48+00:00","og_image":[{"width":1600,"height":1200,"url":"https:\/\/filles-de-la-charite.org\/wp-content\/uploads\/2023\/06\/Sao-Paulo-1.jpeg","type":"image\/jpeg"}],"author":"admin","twitter_card":"summary_large_image","twitter_misc":{"Escrito por":"admin","Tempo estimado de leitura":"3 minutos"},"schema":{"@context":"https:\/\/schema.org","@graph":[{"@type":"Article","@id":"https:\/\/filles-de-la-charite.org\/pt-pt\/rotas-para-o-futuro\/#article","isPartOf":{"@id":"https:\/\/filles-de-la-charite.org\/pt-pt\/rotas-para-o-futuro\/"},"author":{"name":"admin","@id":"https:\/\/filles-de-la-charite.org\/pt-pt\/#\/schema\/person\/427567b2eccfc2dd7d206da186a1f438"},"headline":"\u201cRotas para o Futuro\u201d","datePublished":"2022-08-31T20:00:00+00:00","dateModified":"2024-03-17T16:03:48+00:00","mainEntityOfPage":{"@id":"https:\/\/filles-de-la-charite.org\/pt-pt\/rotas-para-o-futuro\/"},"wordCount":562,"publisher":{"@id":"https:\/\/filles-de-la-charite.org\/pt-pt\/#organization"},"image":{"@id":"https:\/\/filles-de-la-charite.org\/pt-pt\/rotas-para-o-futuro\/#primaryimage"},"thumbnailUrl":"https:\/\/filles-de-la-charite.org\/wp-content\/uploads\/2023\/06\/Sao-Paulo-1.jpeg","articleSection":["S\u00e3o Paulo- Brasil"],"inLanguage":"pt-PT"},{"@type":"WebPage","@id":"https:\/\/filles-de-la-charite.org\/pt-pt\/rotas-para-o-futuro\/","url":"https:\/\/filles-de-la-charite.org\/pt-pt\/rotas-para-o-futuro\/","name":"\u201cRotas para o Futuro\u201d - Filles de la Charit\u00e9","isPartOf":{"@id":"https:\/\/filles-de-la-charite.org\/pt-pt\/#website"},"primaryImageOfPage":{"@id":"https:\/\/filles-de-la-charite.org\/pt-pt\/rotas-para-o-futuro\/#primaryimage"},"image":{"@id":"https:\/\/filles-de-la-charite.org\/pt-pt\/rotas-para-o-futuro\/#primaryimage"},"thumbnailUrl":"https:\/\/filles-de-la-charite.org\/wp-content\/uploads\/2023\/06\/Sao-Paulo-1.jpeg","datePublished":"2022-08-31T20:00:00+00:00","dateModified":"2024-03-17T16:03:48+00:00","breadcrumb":{"@id":"https:\/\/filles-de-la-charite.org\/pt-pt\/rotas-para-o-futuro\/#breadcrumb"},"inLanguage":"pt-PT","potentialAction":[{"@type":"ReadAction","target":["https:\/\/filles-de-la-charite.org\/pt-pt\/rotas-para-o-futuro\/"]}]},{"@type":"ImageObject","inLanguage":"pt-PT","@id":"https:\/\/filles-de-la-charite.org\/pt-pt\/rotas-para-o-futuro\/#primaryimage","url":"https:\/\/filles-de-la-charite.org\/wp-content\/uploads\/2023\/06\/Sao-Paulo-1.jpeg","contentUrl":"https:\/\/filles-de-la-charite.org\/wp-content\/uploads\/2023\/06\/Sao-Paulo-1.jpeg","width":1600,"height":1200},{"@type":"BreadcrumbList","@id":"https:\/\/filles-de-la-charite.org\/pt-pt\/rotas-para-o-futuro\/#breadcrumb","itemListElement":[{"@type":"ListItem","position":1,"name":"S\u00e3o Paulo- Brasil","item":"https:\/\/filles-de-la-charite.org\/pt-pt\/category\/sao-paulo-brasil-pt-pt\/"},{"@type":"ListItem","position":2,"name":"\u201cRotas para o Futuro\u201d"}]},{"@type":"WebSite","@id":"https:\/\/filles-de-la-charite.org\/pt-pt\/#website","url":"https:\/\/filles-de-la-charite.org\/pt-pt\/","name":"Hijas de la Caridad","description":"L\u2019amour de J\u00e9sus nous presse \u00e0 prendre soin des personnes les plus d\u00e9munies","publisher":{"@id":"https:\/\/filles-de-la-charite.org\/pt-pt\/#organization"},"potentialAction":[{"@type":"SearchAction","target":{"@type":"EntryPoint","urlTemplate":"https:\/\/filles-de-la-charite.org\/pt-pt\/?s={search_term_string}"},"query-input":{"@type":"PropertyValueSpecification","valueRequired":true,"valueName":"search_term_string"}}],"inLanguage":"pt-PT"},{"@type":"Organization","@id":"https:\/\/filles-de-la-charite.org\/pt-pt\/#organization","name":"Hijas de la Caridad","url":"https:\/\/filles-de-la-charite.org\/pt-pt\/","logo":{"@type":"ImageObject","inLanguage":"pt-PT","@id":"https:\/\/filles-de-la-charite.org\/pt-pt\/#\/schema\/logo\/image\/","url":"https:\/\/filles-de-la-charite.org\/wp-content\/uploads\/2023\/03\/isotipo-Hijas-de-la-Caridad.png","contentUrl":"https:\/\/filles-de-la-charite.org\/wp-content\/uploads\/2023\/03\/isotipo-Hijas-de-la-Caridad.png","width":1417,"height":1417,"caption":"Hijas de la Caridad"},"image":{"@id":"https:\/\/filles-de-la-charite.org\/pt-pt\/#\/schema\/logo\/image\/"}},{"@type":"Person","@id":"https:\/\/filles-de-la-charite.org\/pt-pt\/#\/schema\/person\/427567b2eccfc2dd7d206da186a1f438","name":"admin","image":{"@type":"ImageObject","inLanguage":"pt-PT","@id":"https:\/\/secure.gravatar.com\/avatar\/948b492cce32b586ac2db0eaa926ee87024f7afe218d73b397ea5ddfc5f43ea1?s=96&d=mm&r=g","url":"https:\/\/secure.gravatar.com\/avatar\/948b492cce32b586ac2db0eaa926ee87024f7afe218d73b397ea5ddfc5f43ea1?s=96&d=mm&r=g","contentUrl":"https:\/\/secure.gravatar.com\/avatar\/948b492cce32b586ac2db0eaa926ee87024f7afe218d73b397ea5ddfc5f43ea1?s=96&d=mm&r=g","caption":"admin"},"sameAs":["https:\/\/filles-de-la-charite.org"],"url":"https:\/\/filles-de-la-charite.org\/pt-pt\/author\/caridad\/"}]}},"_links":{"self":[{"href":"https:\/\/filles-de-la-charite.org\/pt-pt\/wp-json\/wp\/v2\/posts\/25328","targetHints":{"allow":["GET"]}}],"collection":[{"href":"https:\/\/filles-de-la-charite.org\/pt-pt\/wp-json\/wp\/v2\/posts"}],"about":[{"href":"https:\/\/filles-de-la-charite.org\/pt-pt\/wp-json\/wp\/v2\/types\/post"}],"author":[{"embeddable":true,"href":"https:\/\/filles-de-la-charite.org\/pt-pt\/wp-json\/wp\/v2\/users\/1"}],"replies":[{"embeddable":true,"href":"https:\/\/filles-de-la-charite.org\/pt-pt\/wp-json\/wp\/v2\/comments?post=25328"}],"version-history":[{"count":1,"href":"https:\/\/filles-de-la-charite.org\/pt-pt\/wp-json\/wp\/v2\/posts\/25328\/revisions"}],"predecessor-version":[{"id":25329,"href":"https:\/\/filles-de-la-charite.org\/pt-pt\/wp-json\/wp\/v2\/posts\/25328\/revisions\/25329"}],"wp:featuredmedia":[{"embeddable":true,"href":"https:\/\/filles-de-la-charite.org\/pt-pt\/wp-json\/wp\/v2\/media\/17072"}],"wp:attachment":[{"href":"https:\/\/filles-de-la-charite.org\/pt-pt\/wp-json\/wp\/v2\/media?parent=25328"}],"wp:term":[{"taxonomy":"category","embeddable":true,"href":"https:\/\/filles-de-la-charite.org\/pt-pt\/wp-json\/wp\/v2\/categories?post=25328"},{"taxonomy":"post_tag","embeddable":true,"href":"https:\/\/filles-de-la-charite.org\/pt-pt\/wp-json\/wp\/v2\/tags?post=25328"}],"curies":[{"name":"wp","href":"https:\/\/api.w.org\/{rel}","templated":true}]}}