{"id":25335,"date":"2022-10-31T23:00:00","date_gmt":"2022-10-31T22:00:00","guid":{"rendered":"https:\/\/hijascaridad.sjdigitaldemo.ovh\/formacao-para-mulheres-governantas\/"},"modified":"2024-03-17T17:02:55","modified_gmt":"2024-03-17T16:02:55","slug":"formacao-para-mulheres-governantas","status":"publish","type":"post","link":"https:\/\/filles-de-la-charite.org\/pt-pt\/formacao-para-mulheres-governantas\/","title":{"rendered":"Forma\u00e7\u00e3o para mulheres  governantas"},"content":{"rendered":"\n<figure class=\"wp-block-image size-large\"><img decoding=\"async\" src=\"https:\/\/filles-de-la-charite.org\/wp-content\/uploads\/2023\/06\/Housekeepers-1-PT-1024x768-1.jpg\" alt=\"\" class=\"wp-image-71847\"\/><\/figure>\n\n\n\n<p>Em 2005, 30 anos ap\u00f3s a reunifica\u00e7\u00e3o, a necessidade de emprego no Vietn\u00e3 foi muito aguda, pois a popula\u00e7\u00e3o lutou para se tornar economicamente auto-suficiente.&nbsp; Respondendo a esta louv\u00e1vel aspira\u00e7\u00e3o, as Filhas da Caridade (FC) aceitaram o convite dos Sacerdotes Dom Bosco para se unirem a eles na dire\u00e7\u00e3o do departamento de forma\u00e7\u00e3o profissional feminina do Col\u00e9gio T\u00e9cnico para Adultos de Phuoc Loc.&nbsp; Seguindo o exemplo da Bem-aventurada Rosalie Rendu, as Filhas da Caridade assumiram ent\u00e3o a forma\u00e7\u00e3o de jovens mulheres que haviam abandonado o ensino m\u00e9dio por causa da pobreza.<\/p>\n\n\n\n<figure class=\"wp-block-image size-large\"><img decoding=\"async\" src=\"https:\/\/filles-de-la-charite.org\/wp-content\/uploads\/2023\/06\/Housekeepers-3-PT-1024x768-1.jpg\" alt=\"\" class=\"wp-image-71851\"\/><\/figure>\n\n\n\n<p>O programa de forma\u00e7\u00e3o foi iniciado pelas Filhas da Caridade do centro de servi\u00e7o social da prov\u00edncia. Ap\u00f3s um curto per\u00edodo de investiga\u00e7\u00e3o e estudo, o Conselho Provincial aprovou a abertura do programa de forma\u00e7\u00e3o para empregadas dom\u00e9sticas\/habitantes na Faculdade T\u00e9cnica de Phuoc Loc (PL).<\/p>\n\n\n\n<figure class=\"wp-block-image size-large\"><img decoding=\"async\" src=\"https:\/\/filles-de-la-charite.org\/wp-content\/uploads\/2023\/06\/Housekeepers-2-PT-1024x768-1.jpg\" alt=\"\" class=\"wp-image-71850\"\/><\/figure>\n\n\n\n<p>Este programa deforma\u00e7\u00e3o foi especialmente projetado para mulheres de montanha e rurais por um per\u00edodo de um ano.&nbsp; Os estudantes devem residir no local de forma\u00e7\u00e3o, com acompanhamento apropriado, a fim de garantir uma educa\u00e7\u00e3o crist\u00e3 com sua aprecia\u00e7\u00e3o dos direitos humanos e outros valores: justi\u00e7a, solidariedade, respeito \u00e0 vida e ao meio ambiente. A forma\u00e7\u00e3o inclui um curso de alimenta\u00e7\u00e3o e servi\u00e7o dom\u00e9stico em uma cantina estabelecida que atende 200-300 alunos para um servi\u00e7o regular de 3 refei\u00e7\u00f5es por dia.<\/p>\n\n\n\n<figure class=\"wp-block-image size-large\"><img decoding=\"async\" src=\"https:\/\/filles-de-la-charite.org\/wp-content\/uploads\/2023\/06\/Housekeepers-5-PT-1024x768-1.jpg\" alt=\"\" class=\"wp-image-71855\"\/><\/figure>\n\n\n\n<p>Os graduados recebem certifica\u00e7\u00e3o oficial do governo para emprego profissional, sal\u00e1rios decentes e prote\u00e7\u00e3o legal atrav\u00e9s de um contrato de trabalho que evita abusos.<\/p>\n\n\n\n<figure class=\"wp-block-image size-large\"><img decoding=\"async\" src=\"https:\/\/filles-de-la-charite.org\/wp-content\/uploads\/2023\/06\/Housekeepers-4-PT-1024x768-1.jpg\" alt=\"\" class=\"wp-image-71852\"\/><\/figure>\n\n\n\n<p>Os formandos se organizam em um Clube onde a forma\u00e7\u00e3o permanente \u00e9 dada a seus membros em uma reuni\u00e3o mensal regular, marcada para um domingo (um Clube tem cerca de 40-60 membros). Eles come\u00e7am sua reuni\u00e3o mensal na Casa Provincial FC com a celebra\u00e7\u00e3o da Santa Eucaristia, precedida pela rece\u00e7\u00e3o do Sacramento da Reconcilia\u00e7\u00e3o e seguida pelo catecismo. O Clube \u00e9 autofinanciado.<\/p>\n\n\n\n<figure class=\"wp-block-image size-large\"><img decoding=\"async\" src=\"https:\/\/filles-de-la-charite.org\/wp-content\/uploads\/2023\/06\/Housekeepers-6-PT-1024x458-1.jpg\" alt=\"\" class=\"wp-image-71856\"\/><\/figure>\n\n\n\n<p>A maioria das governantas se compromete a passar cerca de 3-5 anos trabalhando neste Clube de Trabalho antes de retornar \u00e0 sua cidade natal.&nbsp; Al\u00e9m de ganharem um bom sal\u00e1rio, eles tamb\u00e9m se concentram em:<\/p>\n\n\n\n<ul class=\"wp-block-list\"><li>maturidade espiritual e s\u00f3cio-intelectual ;<\/li><li>obten\u00e7\u00e3o de um diploma de ensino m\u00e9dio ou de um diploma de ensino superior;<\/li><li>economia, habilidades de vida e melhor desempenho da economia dom\u00e9stica.<\/li><\/ul>\n\n\n\n<p>Isto \u00e9 para garantir o sucesso na eventual gest\u00e3o de sua futura fam\u00edlia.<\/p>\n\n\n\n<figure class=\"wp-block-image size-large\"><img decoding=\"async\" src=\"https:\/\/filles-de-la-charite.org\/wp-content\/uploads\/2023\/06\/Housekeepers-8-PT-1024x463-1.jpg\" alt=\"\" class=\"wp-image-71842\"\/><\/figure>\n\n\n\n<p>As governantas est\u00e3o conscientes de seu dever, como cat\u00f3licas, de viver e divulgar o Evangelho para seus empregadores e outras pessoas, em sua maioria n\u00e3o-crist\u00e3s.&nbsp; Eles tamb\u00e9m est\u00e3o conscientes de sua responsabilidade de viver em solidariedade com os pobres. \u00c9 por isso que elas participam regularmente em miss\u00f5es humanit\u00e1rias com as Filhas da Caridade.<\/p>\n\n\n\n<p><em>Irm\u00e3 Pascale L\u00ea Thi Triu, FC<\/em><\/p>\n\n\n\n<figure class=\"wp-block-image size-large\"><img decoding=\"async\" src=\"https:\/\/filles-de-la-charite.org\/wp-content\/uploads\/2023\/06\/Photo-1-PT-1024x768-1.jpg\" alt=\"\" class=\"wp-image-71844\"\/><\/figure>\n\n\n\n<figure class=\"wp-block-image size-large\"><img decoding=\"async\" src=\"https:\/\/filles-de-la-charite.org\/wp-content\/uploads\/2023\/06\/Photo-2-PT-1024x768-1.jpg\" alt=\"\" class=\"wp-image-71845\"\/><\/figure>\n\n\n\n<figure class=\"wp-block-image size-large\"><img decoding=\"async\" src=\"https:\/\/filles-de-la-charite.org\/wp-content\/uploads\/2023\/06\/Photo-3-PT-1024x768-1.jpg\" alt=\"\" class=\"wp-image-71846\"\/><\/figure>\n","protected":false},"excerpt":{"rendered":"<p>Em 2005, 30 anos ap\u00f3s a reunifica\u00e7\u00e3o, a necessidade de emprego no Vietn\u00e3 foi muito aguda, pois a popula\u00e7\u00e3o lutou para se tornar economicamente auto-suficiente.&nbsp; Respondendo a esta louv\u00e1vel aspira\u00e7\u00e3o, as Filhas da Caridade (FC) aceitaram o convite dos Sacerdotes Dom Bosco para se unirem a eles na dire\u00e7\u00e3o do departamento de forma\u00e7\u00e3o profissional feminina [&hellip;]<\/p>\n","protected":false},"author":1,"featured_media":17235,"comment_status":"closed","ping_status":"closed","sticky":false,"template":"","format":"standard","meta":{"_acf_changed":false,"_et_pb_use_builder":"","_et_pb_old_content":"","_et_gb_content_width":"","footnotes":"","_links_to":"","_links_to_target":""},"categories":[661],"tags":[],"class_list":["post-25335","post","type-post","status-publish","format-standard","has-post-thumbnail","hentry","category-provincia-do-vietname-pt-pt"],"acf":[],"yoast_head":"<!-- This site is optimized with the Yoast SEO plugin v27.5 - https:\/\/yoast.com\/product\/yoast-seo-wordpress\/ -->\n<title>Forma\u00e7\u00e3o para mulheres governantas - Filles de la Charit\u00e9<\/title>\n<meta name=\"robots\" content=\"index, follow, max-snippet:-1, max-image-preview:large, max-video-preview:-1\" \/>\n<link rel=\"canonical\" href=\"https:\/\/filles-de-la-charite.org\/pt-pt\/formacao-para-mulheres-governantas\/\" \/>\n<meta property=\"og:locale\" content=\"pt_PT\" \/>\n<meta property=\"og:type\" content=\"article\" \/>\n<meta property=\"og:title\" content=\"Forma\u00e7\u00e3o para mulheres governantas - Filles de la Charit\u00e9\" \/>\n<meta property=\"og:description\" content=\"Em 2005, 30 anos ap\u00f3s a reunifica\u00e7\u00e3o, a necessidade de emprego no Vietn\u00e3 foi muito aguda, pois a popula\u00e7\u00e3o lutou para se tornar economicamente auto-suficiente.&nbsp; Respondendo a esta louv\u00e1vel aspira\u00e7\u00e3o, as Filhas da Caridade (FC) aceitaram o convite dos Sacerdotes Dom Bosco para se unirem a eles na dire\u00e7\u00e3o do departamento de forma\u00e7\u00e3o profissional feminina [&hellip;]\" \/>\n<meta property=\"og:url\" content=\"https:\/\/filles-de-la-charite.org\/pt-pt\/formacao-para-mulheres-governantas\/\" \/>\n<meta property=\"og:site_name\" content=\"Filles de la Charit\u00e9\" \/>\n<meta property=\"article:published_time\" content=\"2022-10-31T22:00:00+00:00\" \/>\n<meta property=\"article:modified_time\" content=\"2024-03-17T16:02:55+00:00\" \/>\n<meta property=\"og:image\" content=\"https:\/\/filles-de-la-charite.org\/wp-content\/uploads\/2023\/06\/9inline.jpg\" \/>\n\t<meta property=\"og:image:width\" content=\"1266\" \/>\n\t<meta property=\"og:image:height\" content=\"553\" \/>\n\t<meta property=\"og:image:type\" content=\"image\/jpeg\" \/>\n<meta name=\"author\" content=\"admin\" \/>\n<meta name=\"twitter:card\" content=\"summary_large_image\" \/>\n<meta name=\"twitter:label1\" content=\"Escrito por\" \/>\n\t<meta name=\"twitter:data1\" content=\"admin\" \/>\n\t<meta name=\"twitter:label2\" content=\"Tempo estimado de leitura\" \/>\n\t<meta name=\"twitter:data2\" content=\"2 minutos\" \/>\n<script type=\"application\/ld+json\" class=\"yoast-schema-graph\">{\"@context\":\"https:\\\/\\\/schema.org\",\"@graph\":[{\"@type\":\"Article\",\"@id\":\"https:\\\/\\\/filles-de-la-charite.org\\\/pt-pt\\\/formacao-para-mulheres-governantas\\\/#article\",\"isPartOf\":{\"@id\":\"https:\\\/\\\/filles-de-la-charite.org\\\/pt-pt\\\/formacao-para-mulheres-governantas\\\/\"},\"author\":{\"name\":\"admin\",\"@id\":\"https:\\\/\\\/filles-de-la-charite.org\\\/pt-pt\\\/#\\\/schema\\\/person\\\/427567b2eccfc2dd7d206da186a1f438\"},\"headline\":\"Forma\u00e7\u00e3o para mulheres governantas\",\"datePublished\":\"2022-10-31T22:00:00+00:00\",\"dateModified\":\"2024-03-17T16:02:55+00:00\",\"mainEntityOfPage\":{\"@id\":\"https:\\\/\\\/filles-de-la-charite.org\\\/pt-pt\\\/formacao-para-mulheres-governantas\\\/\"},\"wordCount\":502,\"publisher\":{\"@id\":\"https:\\\/\\\/filles-de-la-charite.org\\\/pt-pt\\\/#organization\"},\"image\":{\"@id\":\"https:\\\/\\\/filles-de-la-charite.org\\\/pt-pt\\\/formacao-para-mulheres-governantas\\\/#primaryimage\"},\"thumbnailUrl\":\"https:\\\/\\\/filles-de-la-charite.org\\\/wp-content\\\/uploads\\\/2023\\\/06\\\/9inline.jpg\",\"articleSection\":[\"Prov\u00edncia do Vietname\"],\"inLanguage\":\"pt-PT\"},{\"@type\":\"WebPage\",\"@id\":\"https:\\\/\\\/filles-de-la-charite.org\\\/pt-pt\\\/formacao-para-mulheres-governantas\\\/\",\"url\":\"https:\\\/\\\/filles-de-la-charite.org\\\/pt-pt\\\/formacao-para-mulheres-governantas\\\/\",\"name\":\"Forma\u00e7\u00e3o para mulheres governantas - Filles de la Charit\u00e9\",\"isPartOf\":{\"@id\":\"https:\\\/\\\/filles-de-la-charite.org\\\/pt-pt\\\/#website\"},\"primaryImageOfPage\":{\"@id\":\"https:\\\/\\\/filles-de-la-charite.org\\\/pt-pt\\\/formacao-para-mulheres-governantas\\\/#primaryimage\"},\"image\":{\"@id\":\"https:\\\/\\\/filles-de-la-charite.org\\\/pt-pt\\\/formacao-para-mulheres-governantas\\\/#primaryimage\"},\"thumbnailUrl\":\"https:\\\/\\\/filles-de-la-charite.org\\\/wp-content\\\/uploads\\\/2023\\\/06\\\/9inline.jpg\",\"datePublished\":\"2022-10-31T22:00:00+00:00\",\"dateModified\":\"2024-03-17T16:02:55+00:00\",\"breadcrumb\":{\"@id\":\"https:\\\/\\\/filles-de-la-charite.org\\\/pt-pt\\\/formacao-para-mulheres-governantas\\\/#breadcrumb\"},\"inLanguage\":\"pt-PT\",\"potentialAction\":[{\"@type\":\"ReadAction\",\"target\":[\"https:\\\/\\\/filles-de-la-charite.org\\\/pt-pt\\\/formacao-para-mulheres-governantas\\\/\"]}]},{\"@type\":\"ImageObject\",\"inLanguage\":\"pt-PT\",\"@id\":\"https:\\\/\\\/filles-de-la-charite.org\\\/pt-pt\\\/formacao-para-mulheres-governantas\\\/#primaryimage\",\"url\":\"https:\\\/\\\/filles-de-la-charite.org\\\/wp-content\\\/uploads\\\/2023\\\/06\\\/9inline.jpg\",\"contentUrl\":\"https:\\\/\\\/filles-de-la-charite.org\\\/wp-content\\\/uploads\\\/2023\\\/06\\\/9inline.jpg\",\"width\":1266,\"height\":553},{\"@type\":\"BreadcrumbList\",\"@id\":\"https:\\\/\\\/filles-de-la-charite.org\\\/pt-pt\\\/formacao-para-mulheres-governantas\\\/#breadcrumb\",\"itemListElement\":[{\"@type\":\"ListItem\",\"position\":1,\"name\":\"Prov\u00edncia do Vietname\",\"item\":\"https:\\\/\\\/filles-de-la-charite.org\\\/pt-pt\\\/category\\\/provincia-do-vietname-pt-pt\\\/\"},{\"@type\":\"ListItem\",\"position\":2,\"name\":\"Forma\u00e7\u00e3o para mulheres governantas\"}]},{\"@type\":\"WebSite\",\"@id\":\"https:\\\/\\\/filles-de-la-charite.org\\\/pt-pt\\\/#website\",\"url\":\"https:\\\/\\\/filles-de-la-charite.org\\\/pt-pt\\\/\",\"name\":\"Hijas de la Caridad\",\"description\":\"L\u2019amour de J\u00e9sus nous presse \u00e0 prendre soin des personnes les plus d\u00e9munies\",\"publisher\":{\"@id\":\"https:\\\/\\\/filles-de-la-charite.org\\\/pt-pt\\\/#organization\"},\"potentialAction\":[{\"@type\":\"SearchAction\",\"target\":{\"@type\":\"EntryPoint\",\"urlTemplate\":\"https:\\\/\\\/filles-de-la-charite.org\\\/pt-pt\\\/?s={search_term_string}\"},\"query-input\":{\"@type\":\"PropertyValueSpecification\",\"valueRequired\":true,\"valueName\":\"search_term_string\"}}],\"inLanguage\":\"pt-PT\"},{\"@type\":\"Organization\",\"@id\":\"https:\\\/\\\/filles-de-la-charite.org\\\/pt-pt\\\/#organization\",\"name\":\"Hijas de la Caridad\",\"url\":\"https:\\\/\\\/filles-de-la-charite.org\\\/pt-pt\\\/\",\"logo\":{\"@type\":\"ImageObject\",\"inLanguage\":\"pt-PT\",\"@id\":\"https:\\\/\\\/filles-de-la-charite.org\\\/pt-pt\\\/#\\\/schema\\\/logo\\\/image\\\/\",\"url\":\"https:\\\/\\\/filles-de-la-charite.org\\\/wp-content\\\/uploads\\\/2023\\\/03\\\/isotipo-Hijas-de-la-Caridad.png\",\"contentUrl\":\"https:\\\/\\\/filles-de-la-charite.org\\\/wp-content\\\/uploads\\\/2023\\\/03\\\/isotipo-Hijas-de-la-Caridad.png\",\"width\":1417,\"height\":1417,\"caption\":\"Hijas de la Caridad\"},\"image\":{\"@id\":\"https:\\\/\\\/filles-de-la-charite.org\\\/pt-pt\\\/#\\\/schema\\\/logo\\\/image\\\/\"}},{\"@type\":\"Person\",\"@id\":\"https:\\\/\\\/filles-de-la-charite.org\\\/pt-pt\\\/#\\\/schema\\\/person\\\/427567b2eccfc2dd7d206da186a1f438\",\"name\":\"admin\",\"image\":{\"@type\":\"ImageObject\",\"inLanguage\":\"pt-PT\",\"@id\":\"https:\\\/\\\/secure.gravatar.com\\\/avatar\\\/948b492cce32b586ac2db0eaa926ee87024f7afe218d73b397ea5ddfc5f43ea1?s=96&d=mm&r=g\",\"url\":\"https:\\\/\\\/secure.gravatar.com\\\/avatar\\\/948b492cce32b586ac2db0eaa926ee87024f7afe218d73b397ea5ddfc5f43ea1?s=96&d=mm&r=g\",\"contentUrl\":\"https:\\\/\\\/secure.gravatar.com\\\/avatar\\\/948b492cce32b586ac2db0eaa926ee87024f7afe218d73b397ea5ddfc5f43ea1?s=96&d=mm&r=g\",\"caption\":\"admin\"},\"sameAs\":[\"https:\\\/\\\/filles-de-la-charite.org\"],\"url\":\"https:\\\/\\\/filles-de-la-charite.org\\\/pt-pt\\\/author\\\/caridad\\\/\"}]}<\/script>\n<!-- \/ Yoast SEO plugin. -->","yoast_head_json":{"title":"Forma\u00e7\u00e3o para mulheres governantas - Filles de la Charit\u00e9","robots":{"index":"index","follow":"follow","max-snippet":"max-snippet:-1","max-image-preview":"max-image-preview:large","max-video-preview":"max-video-preview:-1"},"canonical":"https:\/\/filles-de-la-charite.org\/pt-pt\/formacao-para-mulheres-governantas\/","og_locale":"pt_PT","og_type":"article","og_title":"Forma\u00e7\u00e3o para mulheres governantas - Filles de la Charit\u00e9","og_description":"Em 2005, 30 anos ap\u00f3s a reunifica\u00e7\u00e3o, a necessidade de emprego no Vietn\u00e3 foi muito aguda, pois a popula\u00e7\u00e3o lutou para se tornar economicamente auto-suficiente.&nbsp; Respondendo a esta louv\u00e1vel aspira\u00e7\u00e3o, as Filhas da Caridade (FC) aceitaram o convite dos Sacerdotes Dom Bosco para se unirem a eles na dire\u00e7\u00e3o do departamento de forma\u00e7\u00e3o profissional feminina [&hellip;]","og_url":"https:\/\/filles-de-la-charite.org\/pt-pt\/formacao-para-mulheres-governantas\/","og_site_name":"Filles de la Charit\u00e9","article_published_time":"2022-10-31T22:00:00+00:00","article_modified_time":"2024-03-17T16:02:55+00:00","og_image":[{"width":1266,"height":553,"url":"https:\/\/filles-de-la-charite.org\/wp-content\/uploads\/2023\/06\/9inline.jpg","type":"image\/jpeg"}],"author":"admin","twitter_card":"summary_large_image","twitter_misc":{"Escrito por":"admin","Tempo estimado de leitura":"2 minutos"},"schema":{"@context":"https:\/\/schema.org","@graph":[{"@type":"Article","@id":"https:\/\/filles-de-la-charite.org\/pt-pt\/formacao-para-mulheres-governantas\/#article","isPartOf":{"@id":"https:\/\/filles-de-la-charite.org\/pt-pt\/formacao-para-mulheres-governantas\/"},"author":{"name":"admin","@id":"https:\/\/filles-de-la-charite.org\/pt-pt\/#\/schema\/person\/427567b2eccfc2dd7d206da186a1f438"},"headline":"Forma\u00e7\u00e3o para mulheres governantas","datePublished":"2022-10-31T22:00:00+00:00","dateModified":"2024-03-17T16:02:55+00:00","mainEntityOfPage":{"@id":"https:\/\/filles-de-la-charite.org\/pt-pt\/formacao-para-mulheres-governantas\/"},"wordCount":502,"publisher":{"@id":"https:\/\/filles-de-la-charite.org\/pt-pt\/#organization"},"image":{"@id":"https:\/\/filles-de-la-charite.org\/pt-pt\/formacao-para-mulheres-governantas\/#primaryimage"},"thumbnailUrl":"https:\/\/filles-de-la-charite.org\/wp-content\/uploads\/2023\/06\/9inline.jpg","articleSection":["Prov\u00edncia do Vietname"],"inLanguage":"pt-PT"},{"@type":"WebPage","@id":"https:\/\/filles-de-la-charite.org\/pt-pt\/formacao-para-mulheres-governantas\/","url":"https:\/\/filles-de-la-charite.org\/pt-pt\/formacao-para-mulheres-governantas\/","name":"Forma\u00e7\u00e3o para mulheres governantas - Filles de la Charit\u00e9","isPartOf":{"@id":"https:\/\/filles-de-la-charite.org\/pt-pt\/#website"},"primaryImageOfPage":{"@id":"https:\/\/filles-de-la-charite.org\/pt-pt\/formacao-para-mulheres-governantas\/#primaryimage"},"image":{"@id":"https:\/\/filles-de-la-charite.org\/pt-pt\/formacao-para-mulheres-governantas\/#primaryimage"},"thumbnailUrl":"https:\/\/filles-de-la-charite.org\/wp-content\/uploads\/2023\/06\/9inline.jpg","datePublished":"2022-10-31T22:00:00+00:00","dateModified":"2024-03-17T16:02:55+00:00","breadcrumb":{"@id":"https:\/\/filles-de-la-charite.org\/pt-pt\/formacao-para-mulheres-governantas\/#breadcrumb"},"inLanguage":"pt-PT","potentialAction":[{"@type":"ReadAction","target":["https:\/\/filles-de-la-charite.org\/pt-pt\/formacao-para-mulheres-governantas\/"]}]},{"@type":"ImageObject","inLanguage":"pt-PT","@id":"https:\/\/filles-de-la-charite.org\/pt-pt\/formacao-para-mulheres-governantas\/#primaryimage","url":"https:\/\/filles-de-la-charite.org\/wp-content\/uploads\/2023\/06\/9inline.jpg","contentUrl":"https:\/\/filles-de-la-charite.org\/wp-content\/uploads\/2023\/06\/9inline.jpg","width":1266,"height":553},{"@type":"BreadcrumbList","@id":"https:\/\/filles-de-la-charite.org\/pt-pt\/formacao-para-mulheres-governantas\/#breadcrumb","itemListElement":[{"@type":"ListItem","position":1,"name":"Prov\u00edncia do Vietname","item":"https:\/\/filles-de-la-charite.org\/pt-pt\/category\/provincia-do-vietname-pt-pt\/"},{"@type":"ListItem","position":2,"name":"Forma\u00e7\u00e3o para mulheres governantas"}]},{"@type":"WebSite","@id":"https:\/\/filles-de-la-charite.org\/pt-pt\/#website","url":"https:\/\/filles-de-la-charite.org\/pt-pt\/","name":"Hijas de la Caridad","description":"L\u2019amour de J\u00e9sus nous presse \u00e0 prendre soin des personnes les plus d\u00e9munies","publisher":{"@id":"https:\/\/filles-de-la-charite.org\/pt-pt\/#organization"},"potentialAction":[{"@type":"SearchAction","target":{"@type":"EntryPoint","urlTemplate":"https:\/\/filles-de-la-charite.org\/pt-pt\/?s={search_term_string}"},"query-input":{"@type":"PropertyValueSpecification","valueRequired":true,"valueName":"search_term_string"}}],"inLanguage":"pt-PT"},{"@type":"Organization","@id":"https:\/\/filles-de-la-charite.org\/pt-pt\/#organization","name":"Hijas de la Caridad","url":"https:\/\/filles-de-la-charite.org\/pt-pt\/","logo":{"@type":"ImageObject","inLanguage":"pt-PT","@id":"https:\/\/filles-de-la-charite.org\/pt-pt\/#\/schema\/logo\/image\/","url":"https:\/\/filles-de-la-charite.org\/wp-content\/uploads\/2023\/03\/isotipo-Hijas-de-la-Caridad.png","contentUrl":"https:\/\/filles-de-la-charite.org\/wp-content\/uploads\/2023\/03\/isotipo-Hijas-de-la-Caridad.png","width":1417,"height":1417,"caption":"Hijas de la Caridad"},"image":{"@id":"https:\/\/filles-de-la-charite.org\/pt-pt\/#\/schema\/logo\/image\/"}},{"@type":"Person","@id":"https:\/\/filles-de-la-charite.org\/pt-pt\/#\/schema\/person\/427567b2eccfc2dd7d206da186a1f438","name":"admin","image":{"@type":"ImageObject","inLanguage":"pt-PT","@id":"https:\/\/secure.gravatar.com\/avatar\/948b492cce32b586ac2db0eaa926ee87024f7afe218d73b397ea5ddfc5f43ea1?s=96&d=mm&r=g","url":"https:\/\/secure.gravatar.com\/avatar\/948b492cce32b586ac2db0eaa926ee87024f7afe218d73b397ea5ddfc5f43ea1?s=96&d=mm&r=g","contentUrl":"https:\/\/secure.gravatar.com\/avatar\/948b492cce32b586ac2db0eaa926ee87024f7afe218d73b397ea5ddfc5f43ea1?s=96&d=mm&r=g","caption":"admin"},"sameAs":["https:\/\/filles-de-la-charite.org"],"url":"https:\/\/filles-de-la-charite.org\/pt-pt\/author\/caridad\/"}]}},"_links":{"self":[{"href":"https:\/\/filles-de-la-charite.org\/pt-pt\/wp-json\/wp\/v2\/posts\/25335","targetHints":{"allow":["GET"]}}],"collection":[{"href":"https:\/\/filles-de-la-charite.org\/pt-pt\/wp-json\/wp\/v2\/posts"}],"about":[{"href":"https:\/\/filles-de-la-charite.org\/pt-pt\/wp-json\/wp\/v2\/types\/post"}],"author":[{"embeddable":true,"href":"https:\/\/filles-de-la-charite.org\/pt-pt\/wp-json\/wp\/v2\/users\/1"}],"replies":[{"embeddable":true,"href":"https:\/\/filles-de-la-charite.org\/pt-pt\/wp-json\/wp\/v2\/comments?post=25335"}],"version-history":[{"count":1,"href":"https:\/\/filles-de-la-charite.org\/pt-pt\/wp-json\/wp\/v2\/posts\/25335\/revisions"}],"predecessor-version":[{"id":25396,"href":"https:\/\/filles-de-la-charite.org\/pt-pt\/wp-json\/wp\/v2\/posts\/25335\/revisions\/25396"}],"wp:featuredmedia":[{"embeddable":true,"href":"https:\/\/filles-de-la-charite.org\/pt-pt\/wp-json\/wp\/v2\/media\/17235"}],"wp:attachment":[{"href":"https:\/\/filles-de-la-charite.org\/pt-pt\/wp-json\/wp\/v2\/media?parent=25335"}],"wp:term":[{"taxonomy":"category","embeddable":true,"href":"https:\/\/filles-de-la-charite.org\/pt-pt\/wp-json\/wp\/v2\/categories?post=25335"},{"taxonomy":"post_tag","embeddable":true,"href":"https:\/\/filles-de-la-charite.org\/pt-pt\/wp-json\/wp\/v2\/tags?post=25335"}],"curies":[{"name":"wp","href":"https:\/\/api.w.org\/{rel}","templated":true}]}}