{"id":25404,"date":"2022-11-30T23:00:00","date_gmt":"2022-11-30T22:00:00","guid":{"rendered":"https:\/\/hijascaridad.sjdigitaldemo.ovh\/casa-encuentro-ward-carolina-do-sul\/"},"modified":"2024-03-17T15:42:35","modified_gmt":"2024-03-17T14:42:35","slug":"casa-encuentro-ward-carolina-do-sul","status":"publish","type":"post","link":"https:\/\/filles-de-la-charite.org\/pt-pt\/casa-encuentro-ward-carolina-do-sul\/","title":{"rendered":"&#8220;Casa Encuentro&#8221;, Ward, Carolina do Sul"},"content":{"rendered":"\n<p>Faz mais de um ano que tr\u00eas Filhas da Caridade (Irm\u00e3s Consuelo, Migdalia e Paula) e um padre vicentino da Prov\u00edncia do Leste (Padre Orlando Cardona) chegaram \u00e0 Carolina do Sul, para iniciar uma nova miss\u00e3o para os imigrantes.\u00a0 O condado de saluda \u00e9 uma \u00e1rea pouco povoada (44 pessoas e 21 unidades habitacionais por milha quadrada), onde a agricultura \u00e9 a principal ind\u00fastria.<\/p>\n\n\n\n<p>A \u00fanica Igreja Cat\u00f3lica do condado \u00e9 S\u00e3o William&#8217;s, uma pequena Par\u00f3quia localizada em um terreno de fazenda doada. A igreja original foi constru\u00edda em um milheiral, mas quando a rodovia local foi constru\u00edda h\u00e1 cerca de 100 anos, fam\u00edlias cat\u00f3licas doaram uma por\u00e7\u00e3o de suas terras agr\u00edcolas ao longo da rodovia para uma nova igreja em Ward.<\/p>\n\n\n\n<p>O complexo paroquial consiste em um centro de atividades, reitoria, convento (recentemente renovado para as Irm\u00e3s viverem e tamb\u00e9m utilizarem para espa\u00e7o comunit\u00e1rio paroquial), e v\u00e1rios acres de terra utilizados para exportes e jogos ao ar livre.\u00a0<\/p>\n\n\n\n<p>Desde sua chegada, as Filhas da Caridade e o Pe. Cardona estabeleceram uma pastoral de f\u00e9, esperan\u00e7a e caridade para os trabalhadores agr\u00edcolas imigrantes na regi\u00e3o. Elas realizam visitas domiciliares e aos doentes, aconselhamento pastoral, b\u00ean\u00e7\u00e3os caseiras, funerais, programas de habilidades organizacionais e forma\u00e7\u00e3o espiritual. A presen\u00e7a pastoral do Pe. Cardona e das Filhas \u00e9 um verdadeiro tesouro para a congrega\u00e7\u00e3o em S\u00e3o William&#8217;s, que aprecia este novo e maravilhoso n\u00edvel de aten\u00e7\u00e3o.<\/p>\n\n\n\n<div class=\"wp-block-image\"><figure class=\"aligncenter size-full\"><img decoding=\"async\" src=\"https:\/\/filles-de-la-charite.org\/wp-content\/uploads\/2023\/06\/Bez_tytulu_1-4.jpg\" alt=\"\" class=\"wp-image-72142\" \/><\/figure><\/div>\n\n\n\n<p>A dedica\u00e7\u00e3o e a paix\u00e3o da Comunidade eclesial \u00e9 esmagadora. Os paroquianos incluem cat\u00f3licos idosos, residentes de longa data na Comunidade; paroquianos hisp\u00e2nicos, fam\u00edlias e trabalhadores; indiv\u00edduos e fam\u00edlias que trabalham principalmente nas granjas de galinhas e matadouros e que vivem principalmente em parques de reboques pr\u00f3ximos; e m\u00e3os de fazendas sazonais. Com grupos e culturas t\u00e3o diversas, a equipe aprecia a disposi\u00e7\u00e3o da Comunidade para servir em in\u00fameras fun\u00e7\u00f5es, como palestrantes, ajudantes, catequistas e ministros eucar\u00edsticos.<\/p>\n\n\n\n<p>Recentemente, o Pe. Stephen Grozio, CM, Provincial dos Vicentinos da Prov\u00edncia Oriental, visitou S\u00e3o William&#8217;s e ficou impressionado com a Comunidade unida. Durante sua visita, ele teve a oportunidade de celebrar a Missa em S\u00e3o William&#8217;s.<\/p>\n\n\n\n<p>&#8220;Todos os presentes estavam na casa dos setenta anos ou mais e a maioria sentou-se nos bancos de tr\u00e1s da igreja&#8221;, recorda Pe. Grozio. &#8220;[As Filhas e o Pe. Cardona] disseram que quando chegaram, [os paroquianos idosos] pareciam suspeitos e expressaram alguma preocupa\u00e7\u00e3o com a crescente presen\u00e7a hisp\u00e2nica ali. Aparentemente, isso tem mudado e eu as achei muito abertas a seus irm\u00e3os e irm\u00e3s latinos &#8211; um sinal de esperan\u00e7a para o futuro&#8221;.<\/p>\n\n\n\n<p>O Pe. Grozio est\u00e1 orgulhoso e impressionado com o trabalho que as Filhas e o Pe. Cardona realizaram para encorajar a congrega\u00e7\u00e3o a se envolver, ser audacioso e se juntar \u00e0 miss\u00e3o vicentina \u00e0 medida que ela evolui. &#8220;Estou cheio de esperan\u00e7a e encorajamento&#8221;, diz Pe. Grozio. &#8220;Juntos, [as Filhas e Vicentinos] olham para o futuro e o impacto que seu trabalho est\u00e1 tendo &#8211; e tem o potencial de ter &#8211; sobre aqueles que est\u00e3o desamparados e vivem na periferia&#8221;.<\/p>\n\n\n\n<p>Em Abril de 2022, Pe. Vincent Finnerty, CM substituiu Pe. Cardona e agora \u00e9 P\u00e1roco da Igreja de S\u00e3o Guilherme. Ele continua com bom trabalho de seu predecessor.<\/p>\n\n\n\n<p><em>Adaptado de &#8220;A Mensagem&#8221;, Primavera de 2022, Publica\u00e7\u00e3o do Santu\u00e1rio da Medalha Milagrosa na Filad\u00e9lfia, Pensilv\u00e2ni<\/em>.<\/p>\n","protected":false},"excerpt":{"rendered":"<p>Faz mais de um ano que tr\u00eas Filhas da Caridade (Irm\u00e3s Consuelo, Migdalia e Paula) e um padre vicentino da Prov\u00edncia do Leste (Padre Orlando Cardona) chegaram \u00e0 Carolina do Sul, para iniciar uma nova miss\u00e3o para os imigrantes.\u00a0 O condado de saluda \u00e9 uma \u00e1rea pouco povoada (44 pessoas e 21 unidades habitacionais por [&hellip;]<\/p>\n","protected":false},"author":1,"featured_media":17394,"comment_status":"closed","ping_status":"closed","sticky":false,"template":"","format":"standard","meta":{"_acf_changed":false,"_et_pb_use_builder":"","_et_pb_old_content":"","_et_gb_content_width":"","footnotes":"","_links_to":"","_links_to_target":""},"categories":[678],"tags":[],"class_list":["post-25404","post","type-post","status-publish","format-standard","has-post-thumbnail","hentry","category-saint-louise-usa-pt-pt"],"acf":[],"yoast_head":"<!-- This site is optimized with the Yoast SEO plugin v27.4 - https:\/\/yoast.com\/product\/yoast-seo-wordpress\/ -->\n<title>&quot;Casa Encuentro&quot;, Ward, Carolina do Sul - Filles de la Charit\u00e9<\/title>\n<meta name=\"robots\" content=\"index, follow, max-snippet:-1, max-image-preview:large, max-video-preview:-1\" \/>\n<link rel=\"canonical\" href=\"https:\/\/filles-de-la-charite.org\/pt-pt\/casa-encuentro-ward-carolina-do-sul\/\" \/>\n<meta property=\"og:locale\" content=\"pt_PT\" \/>\n<meta property=\"og:type\" content=\"article\" \/>\n<meta property=\"og:title\" content=\"&quot;Casa Encuentro&quot;, Ward, Carolina do Sul - Filles de la Charit\u00e9\" \/>\n<meta property=\"og:description\" content=\"Faz mais de um ano que tr\u00eas Filhas da Caridade (Irm\u00e3s Consuelo, Migdalia e Paula) e um padre vicentino da Prov\u00edncia do Leste (Padre Orlando Cardona) chegaram \u00e0 Carolina do Sul, para iniciar uma nova miss\u00e3o para os imigrantes.\u00a0 O condado de saluda \u00e9 uma \u00e1rea pouco povoada (44 pessoas e 21 unidades habitacionais por [&hellip;]\" \/>\n<meta property=\"og:url\" content=\"https:\/\/filles-de-la-charite.org\/pt-pt\/casa-encuentro-ward-carolina-do-sul\/\" \/>\n<meta property=\"og:site_name\" content=\"Filles de la Charit\u00e9\" \/>\n<meta property=\"article:published_time\" content=\"2022-11-30T22:00:00+00:00\" \/>\n<meta property=\"article:modified_time\" content=\"2024-03-17T14:42:35+00:00\" \/>\n<meta property=\"og:image\" content=\"https:\/\/filles-de-la-charite.org\/wp-content\/uploads\/2023\/06\/CMs-and-DCs-Ward-SC.jpg\" \/>\n\t<meta property=\"og:image:width\" content=\"1405\" \/>\n\t<meta property=\"og:image:height\" content=\"1052\" \/>\n\t<meta property=\"og:image:type\" content=\"image\/jpeg\" \/>\n<meta name=\"author\" content=\"admin\" \/>\n<meta name=\"twitter:card\" content=\"summary_large_image\" \/>\n<meta name=\"twitter:label1\" content=\"Escrito por\" \/>\n\t<meta name=\"twitter:data1\" content=\"admin\" \/>\n\t<meta name=\"twitter:label2\" content=\"Tempo estimado de leitura\" \/>\n\t<meta name=\"twitter:data2\" content=\"3 minutos\" \/>\n<script type=\"application\/ld+json\" class=\"yoast-schema-graph\">{\"@context\":\"https:\\\/\\\/schema.org\",\"@graph\":[{\"@type\":\"Article\",\"@id\":\"https:\\\/\\\/filles-de-la-charite.org\\\/pt-pt\\\/casa-encuentro-ward-carolina-do-sul\\\/#article\",\"isPartOf\":{\"@id\":\"https:\\\/\\\/filles-de-la-charite.org\\\/pt-pt\\\/casa-encuentro-ward-carolina-do-sul\\\/\"},\"author\":{\"name\":\"admin\",\"@id\":\"https:\\\/\\\/filles-de-la-charite.org\\\/pt-pt\\\/#\\\/schema\\\/person\\\/427567b2eccfc2dd7d206da186a1f438\"},\"headline\":\"&#8220;Casa Encuentro&#8221;, Ward, Carolina do Sul\",\"datePublished\":\"2022-11-30T22:00:00+00:00\",\"dateModified\":\"2024-03-17T14:42:35+00:00\",\"mainEntityOfPage\":{\"@id\":\"https:\\\/\\\/filles-de-la-charite.org\\\/pt-pt\\\/casa-encuentro-ward-carolina-do-sul\\\/\"},\"wordCount\":603,\"publisher\":{\"@id\":\"https:\\\/\\\/filles-de-la-charite.org\\\/pt-pt\\\/#organization\"},\"image\":{\"@id\":\"https:\\\/\\\/filles-de-la-charite.org\\\/pt-pt\\\/casa-encuentro-ward-carolina-do-sul\\\/#primaryimage\"},\"thumbnailUrl\":\"https:\\\/\\\/filles-de-la-charite.org\\\/wp-content\\\/uploads\\\/2023\\\/06\\\/CMs-and-DCs-Ward-SC.jpg\",\"articleSection\":[\"Saint Louise \u2013 USA\"],\"inLanguage\":\"pt-PT\"},{\"@type\":\"WebPage\",\"@id\":\"https:\\\/\\\/filles-de-la-charite.org\\\/pt-pt\\\/casa-encuentro-ward-carolina-do-sul\\\/\",\"url\":\"https:\\\/\\\/filles-de-la-charite.org\\\/pt-pt\\\/casa-encuentro-ward-carolina-do-sul\\\/\",\"name\":\"\\\"Casa Encuentro\\\", Ward, Carolina do Sul - Filles de la Charit\u00e9\",\"isPartOf\":{\"@id\":\"https:\\\/\\\/filles-de-la-charite.org\\\/pt-pt\\\/#website\"},\"primaryImageOfPage\":{\"@id\":\"https:\\\/\\\/filles-de-la-charite.org\\\/pt-pt\\\/casa-encuentro-ward-carolina-do-sul\\\/#primaryimage\"},\"image\":{\"@id\":\"https:\\\/\\\/filles-de-la-charite.org\\\/pt-pt\\\/casa-encuentro-ward-carolina-do-sul\\\/#primaryimage\"},\"thumbnailUrl\":\"https:\\\/\\\/filles-de-la-charite.org\\\/wp-content\\\/uploads\\\/2023\\\/06\\\/CMs-and-DCs-Ward-SC.jpg\",\"datePublished\":\"2022-11-30T22:00:00+00:00\",\"dateModified\":\"2024-03-17T14:42:35+00:00\",\"breadcrumb\":{\"@id\":\"https:\\\/\\\/filles-de-la-charite.org\\\/pt-pt\\\/casa-encuentro-ward-carolina-do-sul\\\/#breadcrumb\"},\"inLanguage\":\"pt-PT\",\"potentialAction\":[{\"@type\":\"ReadAction\",\"target\":[\"https:\\\/\\\/filles-de-la-charite.org\\\/pt-pt\\\/casa-encuentro-ward-carolina-do-sul\\\/\"]}]},{\"@type\":\"ImageObject\",\"inLanguage\":\"pt-PT\",\"@id\":\"https:\\\/\\\/filles-de-la-charite.org\\\/pt-pt\\\/casa-encuentro-ward-carolina-do-sul\\\/#primaryimage\",\"url\":\"https:\\\/\\\/filles-de-la-charite.org\\\/wp-content\\\/uploads\\\/2023\\\/06\\\/CMs-and-DCs-Ward-SC.jpg\",\"contentUrl\":\"https:\\\/\\\/filles-de-la-charite.org\\\/wp-content\\\/uploads\\\/2023\\\/06\\\/CMs-and-DCs-Ward-SC.jpg\",\"width\":1405,\"height\":1052},{\"@type\":\"BreadcrumbList\",\"@id\":\"https:\\\/\\\/filles-de-la-charite.org\\\/pt-pt\\\/casa-encuentro-ward-carolina-do-sul\\\/#breadcrumb\",\"itemListElement\":[{\"@type\":\"ListItem\",\"position\":1,\"name\":\"Saint Louise \u2013 USA\",\"item\":\"https:\\\/\\\/filles-de-la-charite.org\\\/pt-pt\\\/category\\\/saint-louise-usa-pt-pt\\\/\"},{\"@type\":\"ListItem\",\"position\":2,\"name\":\"&#8220;Casa Encuentro&#8221;, Ward, Carolina do Sul\"}]},{\"@type\":\"WebSite\",\"@id\":\"https:\\\/\\\/filles-de-la-charite.org\\\/pt-pt\\\/#website\",\"url\":\"https:\\\/\\\/filles-de-la-charite.org\\\/pt-pt\\\/\",\"name\":\"Hijas de la Caridad\",\"description\":\"L\u2019amour de J\u00e9sus nous presse \u00e0 prendre soin des personnes les plus d\u00e9munies\",\"publisher\":{\"@id\":\"https:\\\/\\\/filles-de-la-charite.org\\\/pt-pt\\\/#organization\"},\"potentialAction\":[{\"@type\":\"SearchAction\",\"target\":{\"@type\":\"EntryPoint\",\"urlTemplate\":\"https:\\\/\\\/filles-de-la-charite.org\\\/pt-pt\\\/?s={search_term_string}\"},\"query-input\":{\"@type\":\"PropertyValueSpecification\",\"valueRequired\":true,\"valueName\":\"search_term_string\"}}],\"inLanguage\":\"pt-PT\"},{\"@type\":\"Organization\",\"@id\":\"https:\\\/\\\/filles-de-la-charite.org\\\/pt-pt\\\/#organization\",\"name\":\"Hijas de la Caridad\",\"url\":\"https:\\\/\\\/filles-de-la-charite.org\\\/pt-pt\\\/\",\"logo\":{\"@type\":\"ImageObject\",\"inLanguage\":\"pt-PT\",\"@id\":\"https:\\\/\\\/filles-de-la-charite.org\\\/pt-pt\\\/#\\\/schema\\\/logo\\\/image\\\/\",\"url\":\"https:\\\/\\\/filles-de-la-charite.org\\\/wp-content\\\/uploads\\\/2023\\\/03\\\/isotipo-Hijas-de-la-Caridad.png\",\"contentUrl\":\"https:\\\/\\\/filles-de-la-charite.org\\\/wp-content\\\/uploads\\\/2023\\\/03\\\/isotipo-Hijas-de-la-Caridad.png\",\"width\":1417,\"height\":1417,\"caption\":\"Hijas de la Caridad\"},\"image\":{\"@id\":\"https:\\\/\\\/filles-de-la-charite.org\\\/pt-pt\\\/#\\\/schema\\\/logo\\\/image\\\/\"}},{\"@type\":\"Person\",\"@id\":\"https:\\\/\\\/filles-de-la-charite.org\\\/pt-pt\\\/#\\\/schema\\\/person\\\/427567b2eccfc2dd7d206da186a1f438\",\"name\":\"admin\",\"image\":{\"@type\":\"ImageObject\",\"inLanguage\":\"pt-PT\",\"@id\":\"https:\\\/\\\/secure.gravatar.com\\\/avatar\\\/948b492cce32b586ac2db0eaa926ee87024f7afe218d73b397ea5ddfc5f43ea1?s=96&d=mm&r=g\",\"url\":\"https:\\\/\\\/secure.gravatar.com\\\/avatar\\\/948b492cce32b586ac2db0eaa926ee87024f7afe218d73b397ea5ddfc5f43ea1?s=96&d=mm&r=g\",\"contentUrl\":\"https:\\\/\\\/secure.gravatar.com\\\/avatar\\\/948b492cce32b586ac2db0eaa926ee87024f7afe218d73b397ea5ddfc5f43ea1?s=96&d=mm&r=g\",\"caption\":\"admin\"},\"sameAs\":[\"https:\\\/\\\/filles-de-la-charite.org\"],\"url\":\"https:\\\/\\\/filles-de-la-charite.org\\\/pt-pt\\\/author\\\/caridad\\\/\"}]}<\/script>\n<!-- \/ Yoast SEO plugin. -->","yoast_head_json":{"title":"\"Casa Encuentro\", Ward, Carolina do Sul - Filles de la Charit\u00e9","robots":{"index":"index","follow":"follow","max-snippet":"max-snippet:-1","max-image-preview":"max-image-preview:large","max-video-preview":"max-video-preview:-1"},"canonical":"https:\/\/filles-de-la-charite.org\/pt-pt\/casa-encuentro-ward-carolina-do-sul\/","og_locale":"pt_PT","og_type":"article","og_title":"\"Casa Encuentro\", Ward, Carolina do Sul - Filles de la Charit\u00e9","og_description":"Faz mais de um ano que tr\u00eas Filhas da Caridade (Irm\u00e3s Consuelo, Migdalia e Paula) e um padre vicentino da Prov\u00edncia do Leste (Padre Orlando Cardona) chegaram \u00e0 Carolina do Sul, para iniciar uma nova miss\u00e3o para os imigrantes.\u00a0 O condado de saluda \u00e9 uma \u00e1rea pouco povoada (44 pessoas e 21 unidades habitacionais por [&hellip;]","og_url":"https:\/\/filles-de-la-charite.org\/pt-pt\/casa-encuentro-ward-carolina-do-sul\/","og_site_name":"Filles de la Charit\u00e9","article_published_time":"2022-11-30T22:00:00+00:00","article_modified_time":"2024-03-17T14:42:35+00:00","og_image":[{"width":1405,"height":1052,"url":"https:\/\/filles-de-la-charite.org\/wp-content\/uploads\/2023\/06\/CMs-and-DCs-Ward-SC.jpg","type":"image\/jpeg"}],"author":"admin","twitter_card":"summary_large_image","twitter_misc":{"Escrito por":"admin","Tempo estimado de leitura":"3 minutos"},"schema":{"@context":"https:\/\/schema.org","@graph":[{"@type":"Article","@id":"https:\/\/filles-de-la-charite.org\/pt-pt\/casa-encuentro-ward-carolina-do-sul\/#article","isPartOf":{"@id":"https:\/\/filles-de-la-charite.org\/pt-pt\/casa-encuentro-ward-carolina-do-sul\/"},"author":{"name":"admin","@id":"https:\/\/filles-de-la-charite.org\/pt-pt\/#\/schema\/person\/427567b2eccfc2dd7d206da186a1f438"},"headline":"&#8220;Casa Encuentro&#8221;, Ward, Carolina do Sul","datePublished":"2022-11-30T22:00:00+00:00","dateModified":"2024-03-17T14:42:35+00:00","mainEntityOfPage":{"@id":"https:\/\/filles-de-la-charite.org\/pt-pt\/casa-encuentro-ward-carolina-do-sul\/"},"wordCount":603,"publisher":{"@id":"https:\/\/filles-de-la-charite.org\/pt-pt\/#organization"},"image":{"@id":"https:\/\/filles-de-la-charite.org\/pt-pt\/casa-encuentro-ward-carolina-do-sul\/#primaryimage"},"thumbnailUrl":"https:\/\/filles-de-la-charite.org\/wp-content\/uploads\/2023\/06\/CMs-and-DCs-Ward-SC.jpg","articleSection":["Saint Louise \u2013 USA"],"inLanguage":"pt-PT"},{"@type":"WebPage","@id":"https:\/\/filles-de-la-charite.org\/pt-pt\/casa-encuentro-ward-carolina-do-sul\/","url":"https:\/\/filles-de-la-charite.org\/pt-pt\/casa-encuentro-ward-carolina-do-sul\/","name":"\"Casa Encuentro\", Ward, Carolina do Sul - Filles de la Charit\u00e9","isPartOf":{"@id":"https:\/\/filles-de-la-charite.org\/pt-pt\/#website"},"primaryImageOfPage":{"@id":"https:\/\/filles-de-la-charite.org\/pt-pt\/casa-encuentro-ward-carolina-do-sul\/#primaryimage"},"image":{"@id":"https:\/\/filles-de-la-charite.org\/pt-pt\/casa-encuentro-ward-carolina-do-sul\/#primaryimage"},"thumbnailUrl":"https:\/\/filles-de-la-charite.org\/wp-content\/uploads\/2023\/06\/CMs-and-DCs-Ward-SC.jpg","datePublished":"2022-11-30T22:00:00+00:00","dateModified":"2024-03-17T14:42:35+00:00","breadcrumb":{"@id":"https:\/\/filles-de-la-charite.org\/pt-pt\/casa-encuentro-ward-carolina-do-sul\/#breadcrumb"},"inLanguage":"pt-PT","potentialAction":[{"@type":"ReadAction","target":["https:\/\/filles-de-la-charite.org\/pt-pt\/casa-encuentro-ward-carolina-do-sul\/"]}]},{"@type":"ImageObject","inLanguage":"pt-PT","@id":"https:\/\/filles-de-la-charite.org\/pt-pt\/casa-encuentro-ward-carolina-do-sul\/#primaryimage","url":"https:\/\/filles-de-la-charite.org\/wp-content\/uploads\/2023\/06\/CMs-and-DCs-Ward-SC.jpg","contentUrl":"https:\/\/filles-de-la-charite.org\/wp-content\/uploads\/2023\/06\/CMs-and-DCs-Ward-SC.jpg","width":1405,"height":1052},{"@type":"BreadcrumbList","@id":"https:\/\/filles-de-la-charite.org\/pt-pt\/casa-encuentro-ward-carolina-do-sul\/#breadcrumb","itemListElement":[{"@type":"ListItem","position":1,"name":"Saint Louise \u2013 USA","item":"https:\/\/filles-de-la-charite.org\/pt-pt\/category\/saint-louise-usa-pt-pt\/"},{"@type":"ListItem","position":2,"name":"&#8220;Casa Encuentro&#8221;, Ward, Carolina do Sul"}]},{"@type":"WebSite","@id":"https:\/\/filles-de-la-charite.org\/pt-pt\/#website","url":"https:\/\/filles-de-la-charite.org\/pt-pt\/","name":"Hijas de la Caridad","description":"L\u2019amour de J\u00e9sus nous presse \u00e0 prendre soin des personnes les plus d\u00e9munies","publisher":{"@id":"https:\/\/filles-de-la-charite.org\/pt-pt\/#organization"},"potentialAction":[{"@type":"SearchAction","target":{"@type":"EntryPoint","urlTemplate":"https:\/\/filles-de-la-charite.org\/pt-pt\/?s={search_term_string}"},"query-input":{"@type":"PropertyValueSpecification","valueRequired":true,"valueName":"search_term_string"}}],"inLanguage":"pt-PT"},{"@type":"Organization","@id":"https:\/\/filles-de-la-charite.org\/pt-pt\/#organization","name":"Hijas de la Caridad","url":"https:\/\/filles-de-la-charite.org\/pt-pt\/","logo":{"@type":"ImageObject","inLanguage":"pt-PT","@id":"https:\/\/filles-de-la-charite.org\/pt-pt\/#\/schema\/logo\/image\/","url":"https:\/\/filles-de-la-charite.org\/wp-content\/uploads\/2023\/03\/isotipo-Hijas-de-la-Caridad.png","contentUrl":"https:\/\/filles-de-la-charite.org\/wp-content\/uploads\/2023\/03\/isotipo-Hijas-de-la-Caridad.png","width":1417,"height":1417,"caption":"Hijas de la Caridad"},"image":{"@id":"https:\/\/filles-de-la-charite.org\/pt-pt\/#\/schema\/logo\/image\/"}},{"@type":"Person","@id":"https:\/\/filles-de-la-charite.org\/pt-pt\/#\/schema\/person\/427567b2eccfc2dd7d206da186a1f438","name":"admin","image":{"@type":"ImageObject","inLanguage":"pt-PT","@id":"https:\/\/secure.gravatar.com\/avatar\/948b492cce32b586ac2db0eaa926ee87024f7afe218d73b397ea5ddfc5f43ea1?s=96&d=mm&r=g","url":"https:\/\/secure.gravatar.com\/avatar\/948b492cce32b586ac2db0eaa926ee87024f7afe218d73b397ea5ddfc5f43ea1?s=96&d=mm&r=g","contentUrl":"https:\/\/secure.gravatar.com\/avatar\/948b492cce32b586ac2db0eaa926ee87024f7afe218d73b397ea5ddfc5f43ea1?s=96&d=mm&r=g","caption":"admin"},"sameAs":["https:\/\/filles-de-la-charite.org"],"url":"https:\/\/filles-de-la-charite.org\/pt-pt\/author\/caridad\/"}]}},"_links":{"self":[{"href":"https:\/\/filles-de-la-charite.org\/pt-pt\/wp-json\/wp\/v2\/posts\/25404","targetHints":{"allow":["GET"]}}],"collection":[{"href":"https:\/\/filles-de-la-charite.org\/pt-pt\/wp-json\/wp\/v2\/posts"}],"about":[{"href":"https:\/\/filles-de-la-charite.org\/pt-pt\/wp-json\/wp\/v2\/types\/post"}],"author":[{"embeddable":true,"href":"https:\/\/filles-de-la-charite.org\/pt-pt\/wp-json\/wp\/v2\/users\/1"}],"replies":[{"embeddable":true,"href":"https:\/\/filles-de-la-charite.org\/pt-pt\/wp-json\/wp\/v2\/comments?post=25404"}],"version-history":[{"count":1,"href":"https:\/\/filles-de-la-charite.org\/pt-pt\/wp-json\/wp\/v2\/posts\/25404\/revisions"}],"predecessor-version":[{"id":25405,"href":"https:\/\/filles-de-la-charite.org\/pt-pt\/wp-json\/wp\/v2\/posts\/25404\/revisions\/25405"}],"wp:featuredmedia":[{"embeddable":true,"href":"https:\/\/filles-de-la-charite.org\/pt-pt\/wp-json\/wp\/v2\/media\/17394"}],"wp:attachment":[{"href":"https:\/\/filles-de-la-charite.org\/pt-pt\/wp-json\/wp\/v2\/media?parent=25404"}],"wp:term":[{"taxonomy":"category","embeddable":true,"href":"https:\/\/filles-de-la-charite.org\/pt-pt\/wp-json\/wp\/v2\/categories?post=25404"},{"taxonomy":"post_tag","embeddable":true,"href":"https:\/\/filles-de-la-charite.org\/pt-pt\/wp-json\/wp\/v2\/tags?post=25404"}],"curies":[{"name":"wp","href":"https:\/\/api.w.org\/{rel}","templated":true}]}}