{"id":25408,"date":"2022-12-31T23:00:00","date_gmt":"2022-12-31T22:00:00","guid":{"rendered":"https:\/\/hijascaridad.sjdigitaldemo.ovh\/um-caminho-de-profecia-e-esperanca\/"},"modified":"2024-03-17T15:42:24","modified_gmt":"2024-03-17T14:42:24","slug":"um-caminho-de-profecia-e-esperanca","status":"publish","type":"post","link":"https:\/\/filles-de-la-charite.org\/pt-pt\/um-caminho-de-profecia-e-esperanca\/","title":{"rendered":"Um caminho de profecia e esperan\u00e7a."},"content":{"rendered":"\n<p><strong><em>\"O tema das Assembleias envolveu a Companhia em um processo de abertura\". <\/em><\/strong>(D.I.A. - Porta 1). De 28 de Setembro a 6 de Outubro, 32 Filhas da Caridade se reuniram no Equador. Alicia Margarita Cort\u00e9s, Conselheira Geral, Ir. Isel Negrelli, Ec\u00f3noma Geral, e Ir. Immaculada Ladrero, membro da Comiss\u00e3o Financeira Internacional, para refletir e aprofundar nosso entendimento sobre a gest\u00e3o de bens em nossa realidade latino-americana. Observamos que o servi\u00e7o da economia no mundo de hoje \u00e9 um \"caminho de profecia e esperan\u00e7a\", no qual podemos refletir a miss\u00e3o e o carisma da Filha da Caridade al\u00e9m da gest\u00e3o administrativa.<\/p>\n\n\n\n<figure class=\"wp-block-image size-full\"><img decoding=\"async\" src=\"https:\/\/filles-de-la-charite.org\/wp-content\/uploads\/2023\/06\/Altar-Apertura-del-Encuentro.jpg\" alt=\"\" class=\"wp-image-72303\"\/><\/figure>\n\n\n\n<p>\u00c9 necess\u00e1rio <em>\"humanizar\"<\/em> as finan\u00e7as, nossos relacionamentos, servi\u00e7os e ambientes de trabalho como base de uma nova economia centrada nas pessoas e a servi\u00e7o da <em>\"vida\"<\/em>. \u00c9 hora de perceber que os recursos que temos n\u00e3o s\u00e3o infinitos e que devem ser utilizados para satisfazer as necessidades das Irm\u00e3s e dos Pobres de hoje e de amanh\u00e3, com confian\u00e7a na Provid\u00eancia de Deus.<\/p>\n\n\n\n<figure class=\"wp-block-image alignwide size-large\"><img decoding=\"async\" src=\"https:\/\/filles-de-la-charite.org\/wp-content\/uploads\/2023\/06\/Ecuador-Hermanas-Enlace-1024x461-1.jpg\" alt=\"\" class=\"wp-image-72304\"\/><\/figure>\n\n\n\n<p>Como resultado das trocas e do que recebemos durante esses dias, tiramos todas as nossas conclus\u00f5es em um Documento que, seguindo o modelo oferecido no texto da Inter-Assembleia Ephata, nos convida a passar por tr\u00eas portas: Carisma, Forma\u00e7\u00e3o e Sa\u00fade Administrativa, com suas respectivas chaves: A Convers\u00e3o para avan\u00e7ar na fraternidade.&nbsp; A abertura de esp\u00edrito como base de toda a mudan\u00e7a e a presen\u00e7a como uma miss\u00e3o.<\/p>\n\n\n\n<p>Nossa gratid\u00e3o \u00e0 Irm\u00e3 Fran\u00e7oise e seu Conselho por proporcionar espa\u00e7os de forma\u00e7\u00e3o e atualiza\u00e7\u00e3o que fortalecem nossos la\u00e7os fraternos; tamb\u00e9m \u00e0 Irm\u00e3 Isel que est\u00e1 iniciando seu servi\u00e7o como Ec\u00f4noma Geral e \u00e0 Irm\u00e3 Inmaculada do CIF, que nos acompanharam com seu testemunho de simplicidade e compromisso solid\u00e1rio com nossos irm\u00e3os e irm\u00e3s que mais sofrem.<\/p>\n\n\n\n<p>Um agradecimento muito especial tamb\u00e9m \u00e0 Prov\u00edncia do Equador que, com tanta generosidade, alegria e criatividade, preparou e animou este evento, fazendo com que toda a Prov\u00edncia participasse dele, permitindo-nos sentir o calor de sua acolhida.<\/p>\n\n\n\n<p>Irm\u00e3 Ediltrudis Acevedo e Irm\u00e3 Mar\u00eda Helena Daza<\/p>\n\n\n\n<p><em>Comiss\u00e3o de Reda\u00e7\u00e3o da Reuni\u00e3o.<\/em><\/p>\n","protected":false},"excerpt":{"rendered":"<p>&#8220;O tema das Assembleias envolveu a Companhia em um processo de abertura&#8221;. (D.I.A. &#8211; Porta 1). De 28 de Setembro a 6 de Outubro, 32 Filhas da Caridade se reuniram no Equador. Alicia Margarita Cort\u00e9s, Conselheira Geral, Ir. Isel Negrelli, Ec\u00f3noma Geral, e Ir. Immaculada Ladrero, membro da Comiss\u00e3o Financeira Internacional, para refletir e aprofundar [&hellip;]<\/p>\n","protected":false},"author":1,"featured_media":17440,"comment_status":"closed","ping_status":"closed","sticky":false,"template":"","format":"standard","meta":{"_acf_changed":false,"footnotes":"","_links_to":"","_links_to_target":""},"categories":[784],"tags":[],"class_list":["post-25408","post","type-post","status-publish","format-standard","has-post-thumbnail","hentry","category-equador"],"acf":[],"yoast_head":"<!-- This site is optimized with the Yoast SEO plugin v27.5 - https:\/\/yoast.com\/product\/yoast-seo-wordpress\/ -->\n<title>Um caminho de profecia e esperan\u00e7a. - Filles de la Charit\u00e9<\/title>\n<meta name=\"robots\" content=\"index, follow, max-snippet:-1, max-image-preview:large, max-video-preview:-1\" \/>\n<link rel=\"canonical\" href=\"https:\/\/filles-de-la-charite.org\/pt-pt\/um-caminho-de-profecia-e-esperanca\/\" \/>\n<meta property=\"og:locale\" content=\"pt_PT\" \/>\n<meta property=\"og:type\" content=\"article\" \/>\n<meta property=\"og:title\" content=\"Um caminho de profecia e esperan\u00e7a. - Filles de la Charit\u00e9\" \/>\n<meta property=\"og:description\" content=\"&#8220;O tema das Assembleias envolveu a Companhia em um processo de abertura&#8221;. (D.I.A. &#8211; Porta 1). De 28 de Setembro a 6 de Outubro, 32 Filhas da Caridade se reuniram no Equador. Alicia Margarita Cort\u00e9s, Conselheira Geral, Ir. Isel Negrelli, Ec\u00f3noma Geral, e Ir. Immaculada Ladrero, membro da Comiss\u00e3o Financeira Internacional, para refletir e aprofundar [&hellip;]\" \/>\n<meta property=\"og:url\" content=\"https:\/\/filles-de-la-charite.org\/pt-pt\/um-caminho-de-profecia-e-esperanca\/\" \/>\n<meta property=\"og:site_name\" content=\"Filles de la Charit\u00e9\" \/>\n<meta property=\"article:published_time\" content=\"2022-12-31T22:00:00+00:00\" \/>\n<meta property=\"article:modified_time\" content=\"2024-03-17T14:42:24+00:00\" \/>\n<meta property=\"og:image\" content=\"https:\/\/filles-de-la-charite.org\/wp-content\/uploads\/2023\/06\/Ecuador-Economas-horizontal_auto_x2.jpg\" \/>\n\t<meta property=\"og:image:width\" content=\"1148\" \/>\n\t<meta property=\"og:image:height\" content=\"646\" \/>\n\t<meta property=\"og:image:type\" content=\"image\/jpeg\" \/>\n<meta name=\"author\" content=\"admin\" \/>\n<meta name=\"twitter:card\" content=\"summary_large_image\" \/>\n<meta name=\"twitter:label1\" content=\"Escrito por\" \/>\n\t<meta name=\"twitter:data1\" content=\"admin\" \/>\n\t<meta name=\"twitter:label2\" content=\"Tempo estimado de leitura\" \/>\n\t<meta name=\"twitter:data2\" content=\"2 minutos\" \/>\n<script type=\"application\/ld+json\" class=\"yoast-schema-graph\">{\"@context\":\"https:\\\/\\\/schema.org\",\"@graph\":[{\"@type\":\"Article\",\"@id\":\"https:\\\/\\\/filles-de-la-charite.org\\\/pt-pt\\\/um-caminho-de-profecia-e-esperanca\\\/#article\",\"isPartOf\":{\"@id\":\"https:\\\/\\\/filles-de-la-charite.org\\\/pt-pt\\\/um-caminho-de-profecia-e-esperanca\\\/\"},\"author\":{\"name\":\"admin\",\"@id\":\"https:\\\/\\\/filles-de-la-charite.org\\\/pt-pt\\\/#\\\/schema\\\/person\\\/427567b2eccfc2dd7d206da186a1f438\"},\"headline\":\"Um caminho de profecia e esperan\u00e7a.\",\"datePublished\":\"2022-12-31T22:00:00+00:00\",\"dateModified\":\"2024-03-17T14:42:24+00:00\",\"mainEntityOfPage\":{\"@id\":\"https:\\\/\\\/filles-de-la-charite.org\\\/pt-pt\\\/um-caminho-de-profecia-e-esperanca\\\/\"},\"wordCount\":382,\"publisher\":{\"@id\":\"https:\\\/\\\/filles-de-la-charite.org\\\/pt-pt\\\/#organization\"},\"image\":{\"@id\":\"https:\\\/\\\/filles-de-la-charite.org\\\/pt-pt\\\/um-caminho-de-profecia-e-esperanca\\\/#primaryimage\"},\"thumbnailUrl\":\"https:\\\/\\\/filles-de-la-charite.org\\\/wp-content\\\/uploads\\\/2023\\\/06\\\/Ecuador-Economas-horizontal_auto_x2.jpg\",\"articleSection\":[\"Equador\"],\"inLanguage\":\"pt-PT\"},{\"@type\":\"WebPage\",\"@id\":\"https:\\\/\\\/filles-de-la-charite.org\\\/pt-pt\\\/um-caminho-de-profecia-e-esperanca\\\/\",\"url\":\"https:\\\/\\\/filles-de-la-charite.org\\\/pt-pt\\\/um-caminho-de-profecia-e-esperanca\\\/\",\"name\":\"Um caminho de profecia e esperan\u00e7a. - Filles de la Charit\u00e9\",\"isPartOf\":{\"@id\":\"https:\\\/\\\/filles-de-la-charite.org\\\/pt-pt\\\/#website\"},\"primaryImageOfPage\":{\"@id\":\"https:\\\/\\\/filles-de-la-charite.org\\\/pt-pt\\\/um-caminho-de-profecia-e-esperanca\\\/#primaryimage\"},\"image\":{\"@id\":\"https:\\\/\\\/filles-de-la-charite.org\\\/pt-pt\\\/um-caminho-de-profecia-e-esperanca\\\/#primaryimage\"},\"thumbnailUrl\":\"https:\\\/\\\/filles-de-la-charite.org\\\/wp-content\\\/uploads\\\/2023\\\/06\\\/Ecuador-Economas-horizontal_auto_x2.jpg\",\"datePublished\":\"2022-12-31T22:00:00+00:00\",\"dateModified\":\"2024-03-17T14:42:24+00:00\",\"breadcrumb\":{\"@id\":\"https:\\\/\\\/filles-de-la-charite.org\\\/pt-pt\\\/um-caminho-de-profecia-e-esperanca\\\/#breadcrumb\"},\"inLanguage\":\"pt-PT\",\"potentialAction\":[{\"@type\":\"ReadAction\",\"target\":[\"https:\\\/\\\/filles-de-la-charite.org\\\/pt-pt\\\/um-caminho-de-profecia-e-esperanca\\\/\"]}]},{\"@type\":\"ImageObject\",\"inLanguage\":\"pt-PT\",\"@id\":\"https:\\\/\\\/filles-de-la-charite.org\\\/pt-pt\\\/um-caminho-de-profecia-e-esperanca\\\/#primaryimage\",\"url\":\"https:\\\/\\\/filles-de-la-charite.org\\\/wp-content\\\/uploads\\\/2023\\\/06\\\/Ecuador-Economas-horizontal_auto_x2.jpg\",\"contentUrl\":\"https:\\\/\\\/filles-de-la-charite.org\\\/wp-content\\\/uploads\\\/2023\\\/06\\\/Ecuador-Economas-horizontal_auto_x2.jpg\",\"width\":1148,\"height\":646},{\"@type\":\"BreadcrumbList\",\"@id\":\"https:\\\/\\\/filles-de-la-charite.org\\\/pt-pt\\\/um-caminho-de-profecia-e-esperanca\\\/#breadcrumb\",\"itemListElement\":[{\"@type\":\"ListItem\",\"position\":1,\"name\":\"Equador\",\"item\":\"https:\\\/\\\/filles-de-la-charite.org\\\/pt-pt\\\/category\\\/equador\\\/\"},{\"@type\":\"ListItem\",\"position\":2,\"name\":\"Um caminho de profecia e esperan\u00e7a.\"}]},{\"@type\":\"WebSite\",\"@id\":\"https:\\\/\\\/filles-de-la-charite.org\\\/pt-pt\\\/#website\",\"url\":\"https:\\\/\\\/filles-de-la-charite.org\\\/pt-pt\\\/\",\"name\":\"Hijas de la Caridad\",\"description\":\"L\u2019amour de J\u00e9sus nous presse \u00e0 prendre soin des personnes les plus d\u00e9munies\",\"publisher\":{\"@id\":\"https:\\\/\\\/filles-de-la-charite.org\\\/pt-pt\\\/#organization\"},\"potentialAction\":[{\"@type\":\"SearchAction\",\"target\":{\"@type\":\"EntryPoint\",\"urlTemplate\":\"https:\\\/\\\/filles-de-la-charite.org\\\/pt-pt\\\/?s={search_term_string}\"},\"query-input\":{\"@type\":\"PropertyValueSpecification\",\"valueRequired\":true,\"valueName\":\"search_term_string\"}}],\"inLanguage\":\"pt-PT\"},{\"@type\":\"Organization\",\"@id\":\"https:\\\/\\\/filles-de-la-charite.org\\\/pt-pt\\\/#organization\",\"name\":\"Hijas de la Caridad\",\"url\":\"https:\\\/\\\/filles-de-la-charite.org\\\/pt-pt\\\/\",\"logo\":{\"@type\":\"ImageObject\",\"inLanguage\":\"pt-PT\",\"@id\":\"https:\\\/\\\/filles-de-la-charite.org\\\/pt-pt\\\/#\\\/schema\\\/logo\\\/image\\\/\",\"url\":\"https:\\\/\\\/filles-de-la-charite.org\\\/wp-content\\\/uploads\\\/2023\\\/03\\\/isotipo-Hijas-de-la-Caridad.png\",\"contentUrl\":\"https:\\\/\\\/filles-de-la-charite.org\\\/wp-content\\\/uploads\\\/2023\\\/03\\\/isotipo-Hijas-de-la-Caridad.png\",\"width\":1417,\"height\":1417,\"caption\":\"Hijas de la Caridad\"},\"image\":{\"@id\":\"https:\\\/\\\/filles-de-la-charite.org\\\/pt-pt\\\/#\\\/schema\\\/logo\\\/image\\\/\"}},{\"@type\":\"Person\",\"@id\":\"https:\\\/\\\/filles-de-la-charite.org\\\/pt-pt\\\/#\\\/schema\\\/person\\\/427567b2eccfc2dd7d206da186a1f438\",\"name\":\"admin\",\"image\":{\"@type\":\"ImageObject\",\"inLanguage\":\"pt-PT\",\"@id\":\"https:\\\/\\\/secure.gravatar.com\\\/avatar\\\/948b492cce32b586ac2db0eaa926ee87024f7afe218d73b397ea5ddfc5f43ea1?s=96&d=mm&r=g\",\"url\":\"https:\\\/\\\/secure.gravatar.com\\\/avatar\\\/948b492cce32b586ac2db0eaa926ee87024f7afe218d73b397ea5ddfc5f43ea1?s=96&d=mm&r=g\",\"contentUrl\":\"https:\\\/\\\/secure.gravatar.com\\\/avatar\\\/948b492cce32b586ac2db0eaa926ee87024f7afe218d73b397ea5ddfc5f43ea1?s=96&d=mm&r=g\",\"caption\":\"admin\"},\"sameAs\":[\"https:\\\/\\\/filles-de-la-charite.org\"],\"url\":\"https:\\\/\\\/filles-de-la-charite.org\\\/pt-pt\\\/author\\\/caridad\\\/\"}]}<\/script>\n<!-- \/ Yoast SEO plugin. -->","yoast_head_json":{"title":"Um caminho de profecia e esperan\u00e7a. - Filles de la Charit\u00e9","robots":{"index":"index","follow":"follow","max-snippet":"max-snippet:-1","max-image-preview":"max-image-preview:large","max-video-preview":"max-video-preview:-1"},"canonical":"https:\/\/filles-de-la-charite.org\/pt-pt\/um-caminho-de-profecia-e-esperanca\/","og_locale":"pt_PT","og_type":"article","og_title":"Um caminho de profecia e esperan\u00e7a. - Filles de la Charit\u00e9","og_description":"&#8220;O tema das Assembleias envolveu a Companhia em um processo de abertura&#8221;. (D.I.A. &#8211; Porta 1). De 28 de Setembro a 6 de Outubro, 32 Filhas da Caridade se reuniram no Equador. Alicia Margarita Cort\u00e9s, Conselheira Geral, Ir. Isel Negrelli, Ec\u00f3noma Geral, e Ir. Immaculada Ladrero, membro da Comiss\u00e3o Financeira Internacional, para refletir e aprofundar [&hellip;]","og_url":"https:\/\/filles-de-la-charite.org\/pt-pt\/um-caminho-de-profecia-e-esperanca\/","og_site_name":"Filles de la Charit\u00e9","article_published_time":"2022-12-31T22:00:00+00:00","article_modified_time":"2024-03-17T14:42:24+00:00","og_image":[{"width":1148,"height":646,"url":"https:\/\/filles-de-la-charite.org\/wp-content\/uploads\/2023\/06\/Ecuador-Economas-horizontal_auto_x2.jpg","type":"image\/jpeg"}],"author":"admin","twitter_card":"summary_large_image","twitter_misc":{"Escrito por":"admin","Tempo estimado de leitura":"2 minutos"},"schema":{"@context":"https:\/\/schema.org","@graph":[{"@type":"Article","@id":"https:\/\/filles-de-la-charite.org\/pt-pt\/um-caminho-de-profecia-e-esperanca\/#article","isPartOf":{"@id":"https:\/\/filles-de-la-charite.org\/pt-pt\/um-caminho-de-profecia-e-esperanca\/"},"author":{"name":"admin","@id":"https:\/\/filles-de-la-charite.org\/pt-pt\/#\/schema\/person\/427567b2eccfc2dd7d206da186a1f438"},"headline":"Um caminho de profecia e esperan\u00e7a.","datePublished":"2022-12-31T22:00:00+00:00","dateModified":"2024-03-17T14:42:24+00:00","mainEntityOfPage":{"@id":"https:\/\/filles-de-la-charite.org\/pt-pt\/um-caminho-de-profecia-e-esperanca\/"},"wordCount":382,"publisher":{"@id":"https:\/\/filles-de-la-charite.org\/pt-pt\/#organization"},"image":{"@id":"https:\/\/filles-de-la-charite.org\/pt-pt\/um-caminho-de-profecia-e-esperanca\/#primaryimage"},"thumbnailUrl":"https:\/\/filles-de-la-charite.org\/wp-content\/uploads\/2023\/06\/Ecuador-Economas-horizontal_auto_x2.jpg","articleSection":["Equador"],"inLanguage":"pt-PT"},{"@type":"WebPage","@id":"https:\/\/filles-de-la-charite.org\/pt-pt\/um-caminho-de-profecia-e-esperanca\/","url":"https:\/\/filles-de-la-charite.org\/pt-pt\/um-caminho-de-profecia-e-esperanca\/","name":"Um caminho de profecia e esperan\u00e7a. - Filles de la Charit\u00e9","isPartOf":{"@id":"https:\/\/filles-de-la-charite.org\/pt-pt\/#website"},"primaryImageOfPage":{"@id":"https:\/\/filles-de-la-charite.org\/pt-pt\/um-caminho-de-profecia-e-esperanca\/#primaryimage"},"image":{"@id":"https:\/\/filles-de-la-charite.org\/pt-pt\/um-caminho-de-profecia-e-esperanca\/#primaryimage"},"thumbnailUrl":"https:\/\/filles-de-la-charite.org\/wp-content\/uploads\/2023\/06\/Ecuador-Economas-horizontal_auto_x2.jpg","datePublished":"2022-12-31T22:00:00+00:00","dateModified":"2024-03-17T14:42:24+00:00","breadcrumb":{"@id":"https:\/\/filles-de-la-charite.org\/pt-pt\/um-caminho-de-profecia-e-esperanca\/#breadcrumb"},"inLanguage":"pt-PT","potentialAction":[{"@type":"ReadAction","target":["https:\/\/filles-de-la-charite.org\/pt-pt\/um-caminho-de-profecia-e-esperanca\/"]}]},{"@type":"ImageObject","inLanguage":"pt-PT","@id":"https:\/\/filles-de-la-charite.org\/pt-pt\/um-caminho-de-profecia-e-esperanca\/#primaryimage","url":"https:\/\/filles-de-la-charite.org\/wp-content\/uploads\/2023\/06\/Ecuador-Economas-horizontal_auto_x2.jpg","contentUrl":"https:\/\/filles-de-la-charite.org\/wp-content\/uploads\/2023\/06\/Ecuador-Economas-horizontal_auto_x2.jpg","width":1148,"height":646},{"@type":"BreadcrumbList","@id":"https:\/\/filles-de-la-charite.org\/pt-pt\/um-caminho-de-profecia-e-esperanca\/#breadcrumb","itemListElement":[{"@type":"ListItem","position":1,"name":"Equador","item":"https:\/\/filles-de-la-charite.org\/pt-pt\/category\/equador\/"},{"@type":"ListItem","position":2,"name":"Um caminho de profecia e esperan\u00e7a."}]},{"@type":"WebSite","@id":"https:\/\/filles-de-la-charite.org\/pt-pt\/#website","url":"https:\/\/filles-de-la-charite.org\/pt-pt\/","name":"Hijas de la Caridad","description":"L\u2019amour de J\u00e9sus nous presse \u00e0 prendre soin des personnes les plus d\u00e9munies","publisher":{"@id":"https:\/\/filles-de-la-charite.org\/pt-pt\/#organization"},"potentialAction":[{"@type":"SearchAction","target":{"@type":"EntryPoint","urlTemplate":"https:\/\/filles-de-la-charite.org\/pt-pt\/?s={search_term_string}"},"query-input":{"@type":"PropertyValueSpecification","valueRequired":true,"valueName":"search_term_string"}}],"inLanguage":"pt-PT"},{"@type":"Organization","@id":"https:\/\/filles-de-la-charite.org\/pt-pt\/#organization","name":"Hijas de la Caridad","url":"https:\/\/filles-de-la-charite.org\/pt-pt\/","logo":{"@type":"ImageObject","inLanguage":"pt-PT","@id":"https:\/\/filles-de-la-charite.org\/pt-pt\/#\/schema\/logo\/image\/","url":"https:\/\/filles-de-la-charite.org\/wp-content\/uploads\/2023\/03\/isotipo-Hijas-de-la-Caridad.png","contentUrl":"https:\/\/filles-de-la-charite.org\/wp-content\/uploads\/2023\/03\/isotipo-Hijas-de-la-Caridad.png","width":1417,"height":1417,"caption":"Hijas de la Caridad"},"image":{"@id":"https:\/\/filles-de-la-charite.org\/pt-pt\/#\/schema\/logo\/image\/"}},{"@type":"Person","@id":"https:\/\/filles-de-la-charite.org\/pt-pt\/#\/schema\/person\/427567b2eccfc2dd7d206da186a1f438","name":"admin","image":{"@type":"ImageObject","inLanguage":"pt-PT","@id":"https:\/\/secure.gravatar.com\/avatar\/948b492cce32b586ac2db0eaa926ee87024f7afe218d73b397ea5ddfc5f43ea1?s=96&d=mm&r=g","url":"https:\/\/secure.gravatar.com\/avatar\/948b492cce32b586ac2db0eaa926ee87024f7afe218d73b397ea5ddfc5f43ea1?s=96&d=mm&r=g","contentUrl":"https:\/\/secure.gravatar.com\/avatar\/948b492cce32b586ac2db0eaa926ee87024f7afe218d73b397ea5ddfc5f43ea1?s=96&d=mm&r=g","caption":"admin"},"sameAs":["https:\/\/filles-de-la-charite.org"],"url":"https:\/\/filles-de-la-charite.org\/pt-pt\/author\/caridad\/"}]}},"_links":{"self":[{"href":"https:\/\/filles-de-la-charite.org\/pt-pt\/wp-json\/wp\/v2\/posts\/25408","targetHints":{"allow":["GET"]}}],"collection":[{"href":"https:\/\/filles-de-la-charite.org\/pt-pt\/wp-json\/wp\/v2\/posts"}],"about":[{"href":"https:\/\/filles-de-la-charite.org\/pt-pt\/wp-json\/wp\/v2\/types\/post"}],"author":[{"embeddable":true,"href":"https:\/\/filles-de-la-charite.org\/pt-pt\/wp-json\/wp\/v2\/users\/1"}],"replies":[{"embeddable":true,"href":"https:\/\/filles-de-la-charite.org\/pt-pt\/wp-json\/wp\/v2\/comments?post=25408"}],"version-history":[{"count":1,"href":"https:\/\/filles-de-la-charite.org\/pt-pt\/wp-json\/wp\/v2\/posts\/25408\/revisions"}],"predecessor-version":[{"id":25409,"href":"https:\/\/filles-de-la-charite.org\/pt-pt\/wp-json\/wp\/v2\/posts\/25408\/revisions\/25409"}],"wp:featuredmedia":[{"embeddable":true,"href":"https:\/\/filles-de-la-charite.org\/pt-pt\/wp-json\/wp\/v2\/media\/17440"}],"wp:attachment":[{"href":"https:\/\/filles-de-la-charite.org\/pt-pt\/wp-json\/wp\/v2\/media?parent=25408"}],"wp:term":[{"taxonomy":"category","embeddable":true,"href":"https:\/\/filles-de-la-charite.org\/pt-pt\/wp-json\/wp\/v2\/categories?post=25408"},{"taxonomy":"post_tag","embeddable":true,"href":"https:\/\/filles-de-la-charite.org\/pt-pt\/wp-json\/wp\/v2\/tags?post=25408"}],"curies":[{"name":"wp","href":"https:\/\/api.w.org\/{rel}","templated":true}]}}