{"id":25410,"date":"2023-01-27T13:27:58","date_gmt":"2023-01-27T12:27:58","guid":{"rendered":"https:\/\/hijascaridad.sjdigitaldemo.ovh\/o-presidente-da-republica-e-sua-esposa-homenageiam-a-ir-andre\/"},"modified":"2024-03-17T15:42:14","modified_gmt":"2024-03-17T14:42:14","slug":"o-presidente-da-republica-e-sua-esposa-homenageiam-a-ir-andre","status":"publish","type":"post","link":"https:\/\/filles-de-la-charite.org\/pt-pt\/o-presidente-da-republica-e-sua-esposa-homenageiam-a-ir-andre\/","title":{"rendered":"<strong>O Presidente da Rep\u00fablica e sua esposa homenageiam a Ir. Andr\u00e9<\/strong>"},"content":{"rendered":"\n<p><em>Morte da Irm\u00e3 Andr\u00e9, decano da humanidade<\/em><\/p>\n\n\n\n<p><em>Publicado em 18 de janeiro de 2023<\/em><\/p>\n\n\n\n<p>A decano da humanidade, a irm\u00e3 C\u00e9vennes ( Andr\u00e9), morreu aos 118 anos de idade. No decorrer de uma vida marcada por 18 presidentes da Rep\u00fablica e duas guerras mundiais, ela havia se tornado para os franceses um emblema de continuidade e resist\u00eancia, uma mem\u00f3ria do s\u00e9culo.<\/p>\n\n\n\n<p>Ela se lembrou da chegada da eletricidade em sua pequena escola em Al\u00e8s, do surgimento do autom\u00f3vel e da avia\u00e7\u00e3o, e das dificuldades da guerra.<\/p>\n\n\n\n<p>Ela se lembrava de observar todas as manh\u00e3s o mestre vago (carteiro) para entregar os avisos de morte na frente, e respirar um suspiro de al\u00edvio quando ele passava, um sinal de que nenhum de seus tr\u00eas irm\u00e3os havia sido morto. Ela relatou o dia mais feliz de sua vida, o Armist\u00edcio, quando pessoas de toda a regi\u00e3o se reuniram na pra\u00e7a da cidade em meio a l\u00e1grimas e c\u00e2nticos.<\/p>\n\n\n\n<p>Ela recordou sua chegada a Paris, seus anos como governanta, especialmente com os filhos da fam\u00edlia do fabricante de autom\u00f3veis Peugeot, e o assassinato de seu presidente preferido Paul Doumer.<\/p>\n\n\n\n<p>Ela explicou sua convers\u00e3o e seu batismo como adulta, depois sua decis\u00e3o, aos quarenta anos de idade, de entrar nas ordens dentro da companhia das Filhas da Caridade, deixando seu nome de Lucile Randon para o de Irm\u00e3 Andr\u00e9, escrito na forma masculina em homenagem ao irm\u00e3o mais velho que ela tanto amava. Ela lembrou as d\u00e9cadas que passou cuidando de \u00f3rf\u00e3os, doentes e idosos em um hospital em Vichy, depois no Dr\u00f4me, antes de se mudar para Savoie.<\/p>\n\n\n\n<p>Aos 118 anos, ela ainda cultivava seus dois prazeres di\u00e1rios, um copo de vinho e um quadrado de chocolate, e mantinha viva uma tradi\u00e7\u00e3o francesa de longevidade, muitas vezes brincando com o recorde a ser batido por Jeanne Calment, cujos 122 anos de idade estavam sendo desafiados diariamente.<\/p>\n\n\n\n<p>Em 2021, sua recupera\u00e7\u00e3o de Covid fez dela um s\u00edmbolo de esperan\u00e7a, atraindo milhares de cartas de todo o mundo.<\/p>\n\n\n\n<p>Para ela, sua velhice foi tanto &#8220;um orgulho quanto um desastre&#8221;, porque sua sa\u00fade n\u00e3o lhe permitia mais ser suficientemente \u00fatil aos outros, um desejo que a havia impulsionado profundamente desde a inf\u00e2ncia. Imobilizada em uma cadeira de rodas, cega, ela sempre usava o v\u00e9u azul de sua congrega\u00e7\u00e3o como lembran\u00e7a desta voca\u00e7\u00e3o. A porta de seu quarto, na casa de seus idosos em Toulon, estava sempre aberta para acolher qualquer um que precisasse confiar-lhe um segredo, uma ora\u00e7\u00e3o ou um fardo um pouco pesado.<\/p>\n\n\n\n<p>O Presidente da Rep\u00fablica e sua esposa homenageiam esta personalidade altru\u00edsta que os franceses consideravam como uma figura tutelar, uma fonte de orgulho e apego. Eles enviam suas sinceras condol\u00eancias \u00e0 sua fam\u00edlia.<\/p>\n\n\n\n<p><a href=\"https:\/\/www.elysee.fr\/emmanuel-macron\/2023\/01\/18\/deces-de-soeur-andre-doyenne-de-lhumanite\">https:\/\/www.elysee.fr\/emmanuel-macron\/2023\/01\/18\/deces-de-soeur-andre-doyenne-de-lhumanite<\/a><\/p>\n","protected":false},"excerpt":{"rendered":"<p>Morte da Irm\u00e3 Andr\u00e9, decano da humanidade Publicado em 18 de janeiro de 2023 A decano da humanidade, a irm\u00e3 C\u00e9vennes ( Andr\u00e9), morreu aos 118 anos de idade. No decorrer de uma vida marcada por 18 presidentes da Rep\u00fablica e duas guerras mundiais, ela havia se tornado para os franceses um emblema de continuidade [&hellip;]<\/p>\n","protected":false},"author":1,"featured_media":17447,"comment_status":"closed","ping_status":"closed","sticky":false,"template":"","format":"standard","meta":{"_acf_changed":false,"_et_pb_use_builder":"","_et_pb_old_content":"","_et_gb_content_width":"","footnotes":"","_links_to":"","_links_to_target":""},"categories":[566],"tags":[],"class_list":["post-25410","post","type-post","status-publish","format-standard","has-post-thumbnail","hentry","category-belgica-franca-suica-pt-pt"],"acf":[],"yoast_head":"<!-- This site is optimized with the Yoast SEO plugin v27.5 - https:\/\/yoast.com\/product\/yoast-seo-wordpress\/ -->\n<title>O Presidente da Rep\u00fablica e sua esposa homenageiam a Ir. Andr\u00e9 - Filles de la Charit\u00e9<\/title>\n<meta name=\"robots\" content=\"index, follow, max-snippet:-1, max-image-preview:large, max-video-preview:-1\" \/>\n<link rel=\"canonical\" href=\"https:\/\/filles-de-la-charite.org\/pt-pt\/o-presidente-da-republica-e-sua-esposa-homenageiam-a-ir-andre\/\" \/>\n<meta property=\"og:locale\" content=\"pt_PT\" \/>\n<meta property=\"og:type\" content=\"article\" \/>\n<meta property=\"og:title\" content=\"O Presidente da Rep\u00fablica e sua esposa homenageiam a Ir. Andr\u00e9 - Filles de la Charit\u00e9\" \/>\n<meta property=\"og:description\" content=\"Morte da Irm\u00e3 Andr\u00e9, decano da humanidade Publicado em 18 de janeiro de 2023 A decano da humanidade, a irm\u00e3 C\u00e9vennes ( Andr\u00e9), morreu aos 118 anos de idade. No decorrer de uma vida marcada por 18 presidentes da Rep\u00fablica e duas guerras mundiais, ela havia se tornado para os franceses um emblema de continuidade [&hellip;]\" \/>\n<meta property=\"og:url\" content=\"https:\/\/filles-de-la-charite.org\/pt-pt\/o-presidente-da-republica-e-sua-esposa-homenageiam-a-ir-andre\/\" \/>\n<meta property=\"og:site_name\" content=\"Filles de la Charit\u00e9\" \/>\n<meta property=\"article:published_time\" content=\"2023-01-27T12:27:58+00:00\" \/>\n<meta property=\"article:modified_time\" content=\"2024-03-17T14:42:14+00:00\" \/>\n<meta property=\"og:image\" content=\"https:\/\/filles-de-la-charite.org\/wp-content\/uploads\/2023\/06\/IMG-20230118-WA0008.jpg\" \/>\n\t<meta property=\"og:image:width\" content=\"1035\" \/>\n\t<meta property=\"og:image:height\" content=\"671\" \/>\n\t<meta property=\"og:image:type\" content=\"image\/jpeg\" \/>\n<meta name=\"author\" content=\"admin\" \/>\n<meta name=\"twitter:card\" content=\"summary_large_image\" \/>\n<meta name=\"twitter:label1\" content=\"Escrito por\" \/>\n\t<meta name=\"twitter:data1\" content=\"admin\" \/>\n\t<meta name=\"twitter:label2\" content=\"Tempo estimado de leitura\" \/>\n\t<meta name=\"twitter:data2\" content=\"2 minutos\" \/>\n<script type=\"application\/ld+json\" class=\"yoast-schema-graph\">{\"@context\":\"https:\\\/\\\/schema.org\",\"@graph\":[{\"@type\":\"Article\",\"@id\":\"https:\\\/\\\/filles-de-la-charite.org\\\/pt-pt\\\/o-presidente-da-republica-e-sua-esposa-homenageiam-a-ir-andre\\\/#article\",\"isPartOf\":{\"@id\":\"https:\\\/\\\/filles-de-la-charite.org\\\/pt-pt\\\/o-presidente-da-republica-e-sua-esposa-homenageiam-a-ir-andre\\\/\"},\"author\":{\"name\":\"admin\",\"@id\":\"https:\\\/\\\/filles-de-la-charite.org\\\/pt-pt\\\/#\\\/schema\\\/person\\\/427567b2eccfc2dd7d206da186a1f438\"},\"headline\":\"O Presidente da Rep\u00fablica e sua esposa homenageiam a Ir. Andr\u00e9\",\"datePublished\":\"2023-01-27T12:27:58+00:00\",\"dateModified\":\"2024-03-17T14:42:14+00:00\",\"mainEntityOfPage\":{\"@id\":\"https:\\\/\\\/filles-de-la-charite.org\\\/pt-pt\\\/o-presidente-da-republica-e-sua-esposa-homenageiam-a-ir-andre\\\/\"},\"wordCount\":502,\"publisher\":{\"@id\":\"https:\\\/\\\/filles-de-la-charite.org\\\/pt-pt\\\/#organization\"},\"image\":{\"@id\":\"https:\\\/\\\/filles-de-la-charite.org\\\/pt-pt\\\/o-presidente-da-republica-e-sua-esposa-homenageiam-a-ir-andre\\\/#primaryimage\"},\"thumbnailUrl\":\"https:\\\/\\\/filles-de-la-charite.org\\\/wp-content\\\/uploads\\\/2023\\\/06\\\/IMG-20230118-WA0008.jpg\",\"articleSection\":[\"B\u00e9lgica-Fran\u00e7a-Su\u00ed\u00e7a\"],\"inLanguage\":\"pt-PT\"},{\"@type\":\"WebPage\",\"@id\":\"https:\\\/\\\/filles-de-la-charite.org\\\/pt-pt\\\/o-presidente-da-republica-e-sua-esposa-homenageiam-a-ir-andre\\\/\",\"url\":\"https:\\\/\\\/filles-de-la-charite.org\\\/pt-pt\\\/o-presidente-da-republica-e-sua-esposa-homenageiam-a-ir-andre\\\/\",\"name\":\"O Presidente da Rep\u00fablica e sua esposa homenageiam a Ir. Andr\u00e9 - Filles de la Charit\u00e9\",\"isPartOf\":{\"@id\":\"https:\\\/\\\/filles-de-la-charite.org\\\/pt-pt\\\/#website\"},\"primaryImageOfPage\":{\"@id\":\"https:\\\/\\\/filles-de-la-charite.org\\\/pt-pt\\\/o-presidente-da-republica-e-sua-esposa-homenageiam-a-ir-andre\\\/#primaryimage\"},\"image\":{\"@id\":\"https:\\\/\\\/filles-de-la-charite.org\\\/pt-pt\\\/o-presidente-da-republica-e-sua-esposa-homenageiam-a-ir-andre\\\/#primaryimage\"},\"thumbnailUrl\":\"https:\\\/\\\/filles-de-la-charite.org\\\/wp-content\\\/uploads\\\/2023\\\/06\\\/IMG-20230118-WA0008.jpg\",\"datePublished\":\"2023-01-27T12:27:58+00:00\",\"dateModified\":\"2024-03-17T14:42:14+00:00\",\"breadcrumb\":{\"@id\":\"https:\\\/\\\/filles-de-la-charite.org\\\/pt-pt\\\/o-presidente-da-republica-e-sua-esposa-homenageiam-a-ir-andre\\\/#breadcrumb\"},\"inLanguage\":\"pt-PT\",\"potentialAction\":[{\"@type\":\"ReadAction\",\"target\":[\"https:\\\/\\\/filles-de-la-charite.org\\\/pt-pt\\\/o-presidente-da-republica-e-sua-esposa-homenageiam-a-ir-andre\\\/\"]}]},{\"@type\":\"ImageObject\",\"inLanguage\":\"pt-PT\",\"@id\":\"https:\\\/\\\/filles-de-la-charite.org\\\/pt-pt\\\/o-presidente-da-republica-e-sua-esposa-homenageiam-a-ir-andre\\\/#primaryimage\",\"url\":\"https:\\\/\\\/filles-de-la-charite.org\\\/wp-content\\\/uploads\\\/2023\\\/06\\\/IMG-20230118-WA0008.jpg\",\"contentUrl\":\"https:\\\/\\\/filles-de-la-charite.org\\\/wp-content\\\/uploads\\\/2023\\\/06\\\/IMG-20230118-WA0008.jpg\",\"width\":1035,\"height\":671},{\"@type\":\"BreadcrumbList\",\"@id\":\"https:\\\/\\\/filles-de-la-charite.org\\\/pt-pt\\\/o-presidente-da-republica-e-sua-esposa-homenageiam-a-ir-andre\\\/#breadcrumb\",\"itemListElement\":[{\"@type\":\"ListItem\",\"position\":1,\"name\":\"B\u00e9lgica-Fran\u00e7a-Su\u00ed\u00e7a\",\"item\":\"https:\\\/\\\/filles-de-la-charite.org\\\/pt-pt\\\/category\\\/belgica-franca-suica-pt-pt\\\/\"},{\"@type\":\"ListItem\",\"position\":2,\"name\":\"O Presidente da Rep\u00fablica e sua esposa homenageiam a Ir. Andr\u00e9\"}]},{\"@type\":\"WebSite\",\"@id\":\"https:\\\/\\\/filles-de-la-charite.org\\\/pt-pt\\\/#website\",\"url\":\"https:\\\/\\\/filles-de-la-charite.org\\\/pt-pt\\\/\",\"name\":\"Hijas de la Caridad\",\"description\":\"L\u2019amour de J\u00e9sus nous presse \u00e0 prendre soin des personnes les plus d\u00e9munies\",\"publisher\":{\"@id\":\"https:\\\/\\\/filles-de-la-charite.org\\\/pt-pt\\\/#organization\"},\"potentialAction\":[{\"@type\":\"SearchAction\",\"target\":{\"@type\":\"EntryPoint\",\"urlTemplate\":\"https:\\\/\\\/filles-de-la-charite.org\\\/pt-pt\\\/?s={search_term_string}\"},\"query-input\":{\"@type\":\"PropertyValueSpecification\",\"valueRequired\":true,\"valueName\":\"search_term_string\"}}],\"inLanguage\":\"pt-PT\"},{\"@type\":\"Organization\",\"@id\":\"https:\\\/\\\/filles-de-la-charite.org\\\/pt-pt\\\/#organization\",\"name\":\"Hijas de la Caridad\",\"url\":\"https:\\\/\\\/filles-de-la-charite.org\\\/pt-pt\\\/\",\"logo\":{\"@type\":\"ImageObject\",\"inLanguage\":\"pt-PT\",\"@id\":\"https:\\\/\\\/filles-de-la-charite.org\\\/pt-pt\\\/#\\\/schema\\\/logo\\\/image\\\/\",\"url\":\"https:\\\/\\\/filles-de-la-charite.org\\\/wp-content\\\/uploads\\\/2023\\\/03\\\/isotipo-Hijas-de-la-Caridad.png\",\"contentUrl\":\"https:\\\/\\\/filles-de-la-charite.org\\\/wp-content\\\/uploads\\\/2023\\\/03\\\/isotipo-Hijas-de-la-Caridad.png\",\"width\":1417,\"height\":1417,\"caption\":\"Hijas de la Caridad\"},\"image\":{\"@id\":\"https:\\\/\\\/filles-de-la-charite.org\\\/pt-pt\\\/#\\\/schema\\\/logo\\\/image\\\/\"}},{\"@type\":\"Person\",\"@id\":\"https:\\\/\\\/filles-de-la-charite.org\\\/pt-pt\\\/#\\\/schema\\\/person\\\/427567b2eccfc2dd7d206da186a1f438\",\"name\":\"admin\",\"image\":{\"@type\":\"ImageObject\",\"inLanguage\":\"pt-PT\",\"@id\":\"https:\\\/\\\/secure.gravatar.com\\\/avatar\\\/948b492cce32b586ac2db0eaa926ee87024f7afe218d73b397ea5ddfc5f43ea1?s=96&d=mm&r=g\",\"url\":\"https:\\\/\\\/secure.gravatar.com\\\/avatar\\\/948b492cce32b586ac2db0eaa926ee87024f7afe218d73b397ea5ddfc5f43ea1?s=96&d=mm&r=g\",\"contentUrl\":\"https:\\\/\\\/secure.gravatar.com\\\/avatar\\\/948b492cce32b586ac2db0eaa926ee87024f7afe218d73b397ea5ddfc5f43ea1?s=96&d=mm&r=g\",\"caption\":\"admin\"},\"sameAs\":[\"https:\\\/\\\/filles-de-la-charite.org\"],\"url\":\"https:\\\/\\\/filles-de-la-charite.org\\\/pt-pt\\\/author\\\/caridad\\\/\"}]}<\/script>\n<!-- \/ Yoast SEO plugin. -->","yoast_head_json":{"title":"O Presidente da Rep\u00fablica e sua esposa homenageiam a Ir. Andr\u00e9 - Filles de la Charit\u00e9","robots":{"index":"index","follow":"follow","max-snippet":"max-snippet:-1","max-image-preview":"max-image-preview:large","max-video-preview":"max-video-preview:-1"},"canonical":"https:\/\/filles-de-la-charite.org\/pt-pt\/o-presidente-da-republica-e-sua-esposa-homenageiam-a-ir-andre\/","og_locale":"pt_PT","og_type":"article","og_title":"O Presidente da Rep\u00fablica e sua esposa homenageiam a Ir. Andr\u00e9 - Filles de la Charit\u00e9","og_description":"Morte da Irm\u00e3 Andr\u00e9, decano da humanidade Publicado em 18 de janeiro de 2023 A decano da humanidade, a irm\u00e3 C\u00e9vennes ( Andr\u00e9), morreu aos 118 anos de idade. No decorrer de uma vida marcada por 18 presidentes da Rep\u00fablica e duas guerras mundiais, ela havia se tornado para os franceses um emblema de continuidade [&hellip;]","og_url":"https:\/\/filles-de-la-charite.org\/pt-pt\/o-presidente-da-republica-e-sua-esposa-homenageiam-a-ir-andre\/","og_site_name":"Filles de la Charit\u00e9","article_published_time":"2023-01-27T12:27:58+00:00","article_modified_time":"2024-03-17T14:42:14+00:00","og_image":[{"width":1035,"height":671,"url":"https:\/\/filles-de-la-charite.org\/wp-content\/uploads\/2023\/06\/IMG-20230118-WA0008.jpg","type":"image\/jpeg"}],"author":"admin","twitter_card":"summary_large_image","twitter_misc":{"Escrito por":"admin","Tempo estimado de leitura":"2 minutos"},"schema":{"@context":"https:\/\/schema.org","@graph":[{"@type":"Article","@id":"https:\/\/filles-de-la-charite.org\/pt-pt\/o-presidente-da-republica-e-sua-esposa-homenageiam-a-ir-andre\/#article","isPartOf":{"@id":"https:\/\/filles-de-la-charite.org\/pt-pt\/o-presidente-da-republica-e-sua-esposa-homenageiam-a-ir-andre\/"},"author":{"name":"admin","@id":"https:\/\/filles-de-la-charite.org\/pt-pt\/#\/schema\/person\/427567b2eccfc2dd7d206da186a1f438"},"headline":"O Presidente da Rep\u00fablica e sua esposa homenageiam a Ir. Andr\u00e9","datePublished":"2023-01-27T12:27:58+00:00","dateModified":"2024-03-17T14:42:14+00:00","mainEntityOfPage":{"@id":"https:\/\/filles-de-la-charite.org\/pt-pt\/o-presidente-da-republica-e-sua-esposa-homenageiam-a-ir-andre\/"},"wordCount":502,"publisher":{"@id":"https:\/\/filles-de-la-charite.org\/pt-pt\/#organization"},"image":{"@id":"https:\/\/filles-de-la-charite.org\/pt-pt\/o-presidente-da-republica-e-sua-esposa-homenageiam-a-ir-andre\/#primaryimage"},"thumbnailUrl":"https:\/\/filles-de-la-charite.org\/wp-content\/uploads\/2023\/06\/IMG-20230118-WA0008.jpg","articleSection":["B\u00e9lgica-Fran\u00e7a-Su\u00ed\u00e7a"],"inLanguage":"pt-PT"},{"@type":"WebPage","@id":"https:\/\/filles-de-la-charite.org\/pt-pt\/o-presidente-da-republica-e-sua-esposa-homenageiam-a-ir-andre\/","url":"https:\/\/filles-de-la-charite.org\/pt-pt\/o-presidente-da-republica-e-sua-esposa-homenageiam-a-ir-andre\/","name":"O Presidente da Rep\u00fablica e sua esposa homenageiam a Ir. Andr\u00e9 - Filles de la Charit\u00e9","isPartOf":{"@id":"https:\/\/filles-de-la-charite.org\/pt-pt\/#website"},"primaryImageOfPage":{"@id":"https:\/\/filles-de-la-charite.org\/pt-pt\/o-presidente-da-republica-e-sua-esposa-homenageiam-a-ir-andre\/#primaryimage"},"image":{"@id":"https:\/\/filles-de-la-charite.org\/pt-pt\/o-presidente-da-republica-e-sua-esposa-homenageiam-a-ir-andre\/#primaryimage"},"thumbnailUrl":"https:\/\/filles-de-la-charite.org\/wp-content\/uploads\/2023\/06\/IMG-20230118-WA0008.jpg","datePublished":"2023-01-27T12:27:58+00:00","dateModified":"2024-03-17T14:42:14+00:00","breadcrumb":{"@id":"https:\/\/filles-de-la-charite.org\/pt-pt\/o-presidente-da-republica-e-sua-esposa-homenageiam-a-ir-andre\/#breadcrumb"},"inLanguage":"pt-PT","potentialAction":[{"@type":"ReadAction","target":["https:\/\/filles-de-la-charite.org\/pt-pt\/o-presidente-da-republica-e-sua-esposa-homenageiam-a-ir-andre\/"]}]},{"@type":"ImageObject","inLanguage":"pt-PT","@id":"https:\/\/filles-de-la-charite.org\/pt-pt\/o-presidente-da-republica-e-sua-esposa-homenageiam-a-ir-andre\/#primaryimage","url":"https:\/\/filles-de-la-charite.org\/wp-content\/uploads\/2023\/06\/IMG-20230118-WA0008.jpg","contentUrl":"https:\/\/filles-de-la-charite.org\/wp-content\/uploads\/2023\/06\/IMG-20230118-WA0008.jpg","width":1035,"height":671},{"@type":"BreadcrumbList","@id":"https:\/\/filles-de-la-charite.org\/pt-pt\/o-presidente-da-republica-e-sua-esposa-homenageiam-a-ir-andre\/#breadcrumb","itemListElement":[{"@type":"ListItem","position":1,"name":"B\u00e9lgica-Fran\u00e7a-Su\u00ed\u00e7a","item":"https:\/\/filles-de-la-charite.org\/pt-pt\/category\/belgica-franca-suica-pt-pt\/"},{"@type":"ListItem","position":2,"name":"O Presidente da Rep\u00fablica e sua esposa homenageiam a Ir. Andr\u00e9"}]},{"@type":"WebSite","@id":"https:\/\/filles-de-la-charite.org\/pt-pt\/#website","url":"https:\/\/filles-de-la-charite.org\/pt-pt\/","name":"Hijas de la Caridad","description":"L\u2019amour de J\u00e9sus nous presse \u00e0 prendre soin des personnes les plus d\u00e9munies","publisher":{"@id":"https:\/\/filles-de-la-charite.org\/pt-pt\/#organization"},"potentialAction":[{"@type":"SearchAction","target":{"@type":"EntryPoint","urlTemplate":"https:\/\/filles-de-la-charite.org\/pt-pt\/?s={search_term_string}"},"query-input":{"@type":"PropertyValueSpecification","valueRequired":true,"valueName":"search_term_string"}}],"inLanguage":"pt-PT"},{"@type":"Organization","@id":"https:\/\/filles-de-la-charite.org\/pt-pt\/#organization","name":"Hijas de la Caridad","url":"https:\/\/filles-de-la-charite.org\/pt-pt\/","logo":{"@type":"ImageObject","inLanguage":"pt-PT","@id":"https:\/\/filles-de-la-charite.org\/pt-pt\/#\/schema\/logo\/image\/","url":"https:\/\/filles-de-la-charite.org\/wp-content\/uploads\/2023\/03\/isotipo-Hijas-de-la-Caridad.png","contentUrl":"https:\/\/filles-de-la-charite.org\/wp-content\/uploads\/2023\/03\/isotipo-Hijas-de-la-Caridad.png","width":1417,"height":1417,"caption":"Hijas de la Caridad"},"image":{"@id":"https:\/\/filles-de-la-charite.org\/pt-pt\/#\/schema\/logo\/image\/"}},{"@type":"Person","@id":"https:\/\/filles-de-la-charite.org\/pt-pt\/#\/schema\/person\/427567b2eccfc2dd7d206da186a1f438","name":"admin","image":{"@type":"ImageObject","inLanguage":"pt-PT","@id":"https:\/\/secure.gravatar.com\/avatar\/948b492cce32b586ac2db0eaa926ee87024f7afe218d73b397ea5ddfc5f43ea1?s=96&d=mm&r=g","url":"https:\/\/secure.gravatar.com\/avatar\/948b492cce32b586ac2db0eaa926ee87024f7afe218d73b397ea5ddfc5f43ea1?s=96&d=mm&r=g","contentUrl":"https:\/\/secure.gravatar.com\/avatar\/948b492cce32b586ac2db0eaa926ee87024f7afe218d73b397ea5ddfc5f43ea1?s=96&d=mm&r=g","caption":"admin"},"sameAs":["https:\/\/filles-de-la-charite.org"],"url":"https:\/\/filles-de-la-charite.org\/pt-pt\/author\/caridad\/"}]}},"_links":{"self":[{"href":"https:\/\/filles-de-la-charite.org\/pt-pt\/wp-json\/wp\/v2\/posts\/25410","targetHints":{"allow":["GET"]}}],"collection":[{"href":"https:\/\/filles-de-la-charite.org\/pt-pt\/wp-json\/wp\/v2\/posts"}],"about":[{"href":"https:\/\/filles-de-la-charite.org\/pt-pt\/wp-json\/wp\/v2\/types\/post"}],"author":[{"embeddable":true,"href":"https:\/\/filles-de-la-charite.org\/pt-pt\/wp-json\/wp\/v2\/users\/1"}],"replies":[{"embeddable":true,"href":"https:\/\/filles-de-la-charite.org\/pt-pt\/wp-json\/wp\/v2\/comments?post=25410"}],"version-history":[{"count":1,"href":"https:\/\/filles-de-la-charite.org\/pt-pt\/wp-json\/wp\/v2\/posts\/25410\/revisions"}],"predecessor-version":[{"id":34461,"href":"https:\/\/filles-de-la-charite.org\/pt-pt\/wp-json\/wp\/v2\/posts\/25410\/revisions\/34461"}],"wp:featuredmedia":[{"embeddable":true,"href":"https:\/\/filles-de-la-charite.org\/pt-pt\/wp-json\/wp\/v2\/media\/17447"}],"wp:attachment":[{"href":"https:\/\/filles-de-la-charite.org\/pt-pt\/wp-json\/wp\/v2\/media?parent=25410"}],"wp:term":[{"taxonomy":"category","embeddable":true,"href":"https:\/\/filles-de-la-charite.org\/pt-pt\/wp-json\/wp\/v2\/categories?post=25410"},{"taxonomy":"post_tag","embeddable":true,"href":"https:\/\/filles-de-la-charite.org\/pt-pt\/wp-json\/wp\/v2\/tags?post=25410"}],"curies":[{"name":"wp","href":"https:\/\/api.w.org\/{rel}","templated":true}]}}