{"id":25423,"date":"2023-03-11T21:46:39","date_gmt":"2023-03-11T20:46:39","guid":{"rendered":"https:\/\/hijascaridad.sjdigitaldemo.ovh\/novo-director-geral-das-filhas-da-caridade\/"},"modified":"2024-03-17T15:39:59","modified_gmt":"2024-03-17T14:39:59","slug":"novo-director-geral-das-filhas-da-caridade","status":"publish","type":"post","link":"https:\/\/filles-de-la-charite.org\/pt-pt\/novo-director-geral-das-filhas-da-caridade\/","title":{"rendered":"Novo Director Geral das Filhas da Caridade"},"content":{"rendered":"\n<p>O Padre Tomaz Mavri\u010d, Superior Geral, nomeou o Padre Jos\u00e9 Ant\u00f3nio GONZ\u00c1LEZ PRIETO, Diretor Geral da Companhia das Filhas da Caridade, por um mandato de seis anos, em substitui\u00e7\u00e3o ao Padre Bernard SCHOEPFER que est\u00e1 terminando seu mandato.<\/p>\n\n\n\n<p>O Padre Jos\u00e9 Ant\u00f3nio nasceu em 1967 na Col\u00f4mbia e entrou na Congrega\u00e7\u00e3o da Miss\u00e3o naquele pa\u00eds em 29 de janeiro de 1989. Ele foi ordenado sacerdote em 25 de junho de 1995. Ele \u00e9 formado em filosofia pelo Instituto Cat\u00f3lico de Paris e em teologia pela Pontif\u00edcia Universidade de Salamanca. Atualmente ele \u00e9 diretor de estudantes em Madrid. Ele aceitou esta nova miss\u00e3o com grande generosidade.<\/p>\n","protected":false},"excerpt":{"rendered":"<p>O Padre Tomaz Mavri\u010d, Superior Geral, nomeou o Padre Jos\u00e9 Ant\u00f3nio GONZ\u00c1LEZ PRIETO, Diretor Geral da Companhia das Filhas da Caridade, por um mandato de seis anos, em substitui\u00e7\u00e3o ao Padre Bernard SCHOEPFER que est\u00e1 terminando seu mandato. O Padre Jos\u00e9 Ant\u00f3nio nasceu em 1967 na Col\u00f4mbia e entrou na Congrega\u00e7\u00e3o da Miss\u00e3o naquele pa\u00eds [&hellip;]<\/p>\n","protected":false},"author":1,"featured_media":25424,"comment_status":"closed","ping_status":"closed","sticky":false,"template":"","format":"standard","meta":{"_acf_changed":false,"_et_pb_use_builder":"","_et_pb_old_content":"","_et_gb_content_width":"","footnotes":"","_links_to":"","_links_to_target":""},"categories":[561],"tags":[],"class_list":["post-25423","post","type-post","status-publish","format-standard","has-post-thumbnail","hentry","category-casa-mae-pt-pt"],"acf":[],"yoast_head":"<!-- This site is optimized with the Yoast SEO plugin v27.5 - https:\/\/yoast.com\/product\/yoast-seo-wordpress\/ -->\n<title>Novo Director Geral das Filhas da Caridade - Filles de la Charit\u00e9<\/title>\n<meta name=\"robots\" content=\"index, follow, max-snippet:-1, max-image-preview:large, max-video-preview:-1\" \/>\n<link rel=\"canonical\" href=\"https:\/\/filles-de-la-charite.org\/pt-pt\/novo-director-geral-das-filhas-da-caridade\/\" \/>\n<meta property=\"og:locale\" content=\"pt_PT\" \/>\n<meta property=\"og:type\" content=\"article\" \/>\n<meta property=\"og:title\" content=\"Novo Director Geral das Filhas da Caridade - Filles de la Charit\u00e9\" \/>\n<meta property=\"og:description\" content=\"O Padre Tomaz Mavri\u010d, Superior Geral, nomeou o Padre Jos\u00e9 Ant\u00f3nio GONZ\u00c1LEZ PRIETO, Diretor Geral da Companhia das Filhas da Caridade, por um mandato de seis anos, em substitui\u00e7\u00e3o ao Padre Bernard SCHOEPFER que est\u00e1 terminando seu mandato. O Padre Jos\u00e9 Ant\u00f3nio nasceu em 1967 na Col\u00f4mbia e entrou na Congrega\u00e7\u00e3o da Miss\u00e3o naquele pa\u00eds [&hellip;]\" \/>\n<meta property=\"og:url\" content=\"https:\/\/filles-de-la-charite.org\/pt-pt\/novo-director-geral-das-filhas-da-caridade\/\" \/>\n<meta property=\"og:site_name\" content=\"Filles de la Charit\u00e9\" \/>\n<meta property=\"article:published_time\" content=\"2023-03-11T20:46:39+00:00\" \/>\n<meta property=\"article:modified_time\" content=\"2024-03-17T14:39:59+00:00\" \/>\n<meta property=\"og:image\" content=\"https:\/\/filles-de-la-charite.org\/wp-content\/uploads\/2023\/06\/Diapositiva5-scaled-3.jpg\" \/>\n\t<meta property=\"og:image:width\" content=\"2560\" \/>\n\t<meta property=\"og:image:height\" content=\"1440\" \/>\n\t<meta property=\"og:image:type\" content=\"image\/jpeg\" \/>\n<meta name=\"author\" content=\"admin\" \/>\n<meta name=\"twitter:card\" content=\"summary_large_image\" \/>\n<meta name=\"twitter:label1\" content=\"Escrito por\" \/>\n\t<meta name=\"twitter:data1\" content=\"admin\" \/>\n\t<meta name=\"twitter:label2\" content=\"Tempo estimado de leitura\" \/>\n\t<meta name=\"twitter:data2\" content=\"1 minuto\" \/>\n<script type=\"application\/ld+json\" class=\"yoast-schema-graph\">{\"@context\":\"https:\\\/\\\/schema.org\",\"@graph\":[{\"@type\":\"Article\",\"@id\":\"https:\\\/\\\/filles-de-la-charite.org\\\/pt-pt\\\/novo-director-geral-das-filhas-da-caridade\\\/#article\",\"isPartOf\":{\"@id\":\"https:\\\/\\\/filles-de-la-charite.org\\\/pt-pt\\\/novo-director-geral-das-filhas-da-caridade\\\/\"},\"author\":{\"name\":\"admin\",\"@id\":\"https:\\\/\\\/filles-de-la-charite.org\\\/pt-pt\\\/#\\\/schema\\\/person\\\/427567b2eccfc2dd7d206da186a1f438\"},\"headline\":\"Novo Director Geral das Filhas da Caridade\",\"datePublished\":\"2023-03-11T20:46:39+00:00\",\"dateModified\":\"2024-03-17T14:39:59+00:00\",\"mainEntityOfPage\":{\"@id\":\"https:\\\/\\\/filles-de-la-charite.org\\\/pt-pt\\\/novo-director-geral-das-filhas-da-caridade\\\/\"},\"wordCount\":116,\"publisher\":{\"@id\":\"https:\\\/\\\/filles-de-la-charite.org\\\/pt-pt\\\/#organization\"},\"image\":{\"@id\":\"https:\\\/\\\/filles-de-la-charite.org\\\/pt-pt\\\/novo-director-geral-das-filhas-da-caridade\\\/#primaryimage\"},\"thumbnailUrl\":\"https:\\\/\\\/filles-de-la-charite.org\\\/wp-content\\\/uploads\\\/2023\\\/06\\\/Diapositiva5-scaled-3.jpg\",\"articleSection\":[\"Casa-M\u00e3e\"],\"inLanguage\":\"pt-PT\"},{\"@type\":\"WebPage\",\"@id\":\"https:\\\/\\\/filles-de-la-charite.org\\\/pt-pt\\\/novo-director-geral-das-filhas-da-caridade\\\/\",\"url\":\"https:\\\/\\\/filles-de-la-charite.org\\\/pt-pt\\\/novo-director-geral-das-filhas-da-caridade\\\/\",\"name\":\"Novo Director Geral das Filhas da Caridade - Filles de la Charit\u00e9\",\"isPartOf\":{\"@id\":\"https:\\\/\\\/filles-de-la-charite.org\\\/pt-pt\\\/#website\"},\"primaryImageOfPage\":{\"@id\":\"https:\\\/\\\/filles-de-la-charite.org\\\/pt-pt\\\/novo-director-geral-das-filhas-da-caridade\\\/#primaryimage\"},\"image\":{\"@id\":\"https:\\\/\\\/filles-de-la-charite.org\\\/pt-pt\\\/novo-director-geral-das-filhas-da-caridade\\\/#primaryimage\"},\"thumbnailUrl\":\"https:\\\/\\\/filles-de-la-charite.org\\\/wp-content\\\/uploads\\\/2023\\\/06\\\/Diapositiva5-scaled-3.jpg\",\"datePublished\":\"2023-03-11T20:46:39+00:00\",\"dateModified\":\"2024-03-17T14:39:59+00:00\",\"breadcrumb\":{\"@id\":\"https:\\\/\\\/filles-de-la-charite.org\\\/pt-pt\\\/novo-director-geral-das-filhas-da-caridade\\\/#breadcrumb\"},\"inLanguage\":\"pt-PT\",\"potentialAction\":[{\"@type\":\"ReadAction\",\"target\":[\"https:\\\/\\\/filles-de-la-charite.org\\\/pt-pt\\\/novo-director-geral-das-filhas-da-caridade\\\/\"]}]},{\"@type\":\"ImageObject\",\"inLanguage\":\"pt-PT\",\"@id\":\"https:\\\/\\\/filles-de-la-charite.org\\\/pt-pt\\\/novo-director-geral-das-filhas-da-caridade\\\/#primaryimage\",\"url\":\"https:\\\/\\\/filles-de-la-charite.org\\\/wp-content\\\/uploads\\\/2023\\\/06\\\/Diapositiva5-scaled-3.jpg\",\"contentUrl\":\"https:\\\/\\\/filles-de-la-charite.org\\\/wp-content\\\/uploads\\\/2023\\\/06\\\/Diapositiva5-scaled-3.jpg\",\"width\":2560,\"height\":1440},{\"@type\":\"BreadcrumbList\",\"@id\":\"https:\\\/\\\/filles-de-la-charite.org\\\/pt-pt\\\/novo-director-geral-das-filhas-da-caridade\\\/#breadcrumb\",\"itemListElement\":[{\"@type\":\"ListItem\",\"position\":1,\"name\":\"Vars\u00f3via - Pol\u00f3nia\",\"item\":\"https:\\\/\\\/filles-de-la-charite.org\\\/pt-pt\\\/category\\\/varsovia-polonia-pt-pt\\\/\"},{\"@type\":\"ListItem\",\"position\":2,\"name\":\"Novo Director Geral das Filhas da Caridade\"}]},{\"@type\":\"WebSite\",\"@id\":\"https:\\\/\\\/filles-de-la-charite.org\\\/pt-pt\\\/#website\",\"url\":\"https:\\\/\\\/filles-de-la-charite.org\\\/pt-pt\\\/\",\"name\":\"Hijas de la Caridad\",\"description\":\"L\u2019amour de J\u00e9sus nous presse \u00e0 prendre soin des personnes les plus d\u00e9munies\",\"publisher\":{\"@id\":\"https:\\\/\\\/filles-de-la-charite.org\\\/pt-pt\\\/#organization\"},\"potentialAction\":[{\"@type\":\"SearchAction\",\"target\":{\"@type\":\"EntryPoint\",\"urlTemplate\":\"https:\\\/\\\/filles-de-la-charite.org\\\/pt-pt\\\/?s={search_term_string}\"},\"query-input\":{\"@type\":\"PropertyValueSpecification\",\"valueRequired\":true,\"valueName\":\"search_term_string\"}}],\"inLanguage\":\"pt-PT\"},{\"@type\":\"Organization\",\"@id\":\"https:\\\/\\\/filles-de-la-charite.org\\\/pt-pt\\\/#organization\",\"name\":\"Hijas de la Caridad\",\"url\":\"https:\\\/\\\/filles-de-la-charite.org\\\/pt-pt\\\/\",\"logo\":{\"@type\":\"ImageObject\",\"inLanguage\":\"pt-PT\",\"@id\":\"https:\\\/\\\/filles-de-la-charite.org\\\/pt-pt\\\/#\\\/schema\\\/logo\\\/image\\\/\",\"url\":\"https:\\\/\\\/filles-de-la-charite.org\\\/wp-content\\\/uploads\\\/2023\\\/03\\\/isotipo-Hijas-de-la-Caridad.png\",\"contentUrl\":\"https:\\\/\\\/filles-de-la-charite.org\\\/wp-content\\\/uploads\\\/2023\\\/03\\\/isotipo-Hijas-de-la-Caridad.png\",\"width\":1417,\"height\":1417,\"caption\":\"Hijas de la Caridad\"},\"image\":{\"@id\":\"https:\\\/\\\/filles-de-la-charite.org\\\/pt-pt\\\/#\\\/schema\\\/logo\\\/image\\\/\"}},{\"@type\":\"Person\",\"@id\":\"https:\\\/\\\/filles-de-la-charite.org\\\/pt-pt\\\/#\\\/schema\\\/person\\\/427567b2eccfc2dd7d206da186a1f438\",\"name\":\"admin\",\"image\":{\"@type\":\"ImageObject\",\"inLanguage\":\"pt-PT\",\"@id\":\"https:\\\/\\\/secure.gravatar.com\\\/avatar\\\/948b492cce32b586ac2db0eaa926ee87024f7afe218d73b397ea5ddfc5f43ea1?s=96&d=mm&r=g\",\"url\":\"https:\\\/\\\/secure.gravatar.com\\\/avatar\\\/948b492cce32b586ac2db0eaa926ee87024f7afe218d73b397ea5ddfc5f43ea1?s=96&d=mm&r=g\",\"contentUrl\":\"https:\\\/\\\/secure.gravatar.com\\\/avatar\\\/948b492cce32b586ac2db0eaa926ee87024f7afe218d73b397ea5ddfc5f43ea1?s=96&d=mm&r=g\",\"caption\":\"admin\"},\"sameAs\":[\"https:\\\/\\\/filles-de-la-charite.org\"],\"url\":\"https:\\\/\\\/filles-de-la-charite.org\\\/pt-pt\\\/author\\\/caridad\\\/\"}]}<\/script>\n<!-- \/ Yoast SEO plugin. -->","yoast_head_json":{"title":"Novo Director Geral das Filhas da Caridade - Filles de la Charit\u00e9","robots":{"index":"index","follow":"follow","max-snippet":"max-snippet:-1","max-image-preview":"max-image-preview:large","max-video-preview":"max-video-preview:-1"},"canonical":"https:\/\/filles-de-la-charite.org\/pt-pt\/novo-director-geral-das-filhas-da-caridade\/","og_locale":"pt_PT","og_type":"article","og_title":"Novo Director Geral das Filhas da Caridade - Filles de la Charit\u00e9","og_description":"O Padre Tomaz Mavri\u010d, Superior Geral, nomeou o Padre Jos\u00e9 Ant\u00f3nio GONZ\u00c1LEZ PRIETO, Diretor Geral da Companhia das Filhas da Caridade, por um mandato de seis anos, em substitui\u00e7\u00e3o ao Padre Bernard SCHOEPFER que est\u00e1 terminando seu mandato. O Padre Jos\u00e9 Ant\u00f3nio nasceu em 1967 na Col\u00f4mbia e entrou na Congrega\u00e7\u00e3o da Miss\u00e3o naquele pa\u00eds [&hellip;]","og_url":"https:\/\/filles-de-la-charite.org\/pt-pt\/novo-director-geral-das-filhas-da-caridade\/","og_site_name":"Filles de la Charit\u00e9","article_published_time":"2023-03-11T20:46:39+00:00","article_modified_time":"2024-03-17T14:39:59+00:00","og_image":[{"width":2560,"height":1440,"url":"https:\/\/filles-de-la-charite.org\/wp-content\/uploads\/2023\/06\/Diapositiva5-scaled-3.jpg","type":"image\/jpeg"}],"author":"admin","twitter_card":"summary_large_image","twitter_misc":{"Escrito por":"admin","Tempo estimado de leitura":"1 minuto"},"schema":{"@context":"https:\/\/schema.org","@graph":[{"@type":"Article","@id":"https:\/\/filles-de-la-charite.org\/pt-pt\/novo-director-geral-das-filhas-da-caridade\/#article","isPartOf":{"@id":"https:\/\/filles-de-la-charite.org\/pt-pt\/novo-director-geral-das-filhas-da-caridade\/"},"author":{"name":"admin","@id":"https:\/\/filles-de-la-charite.org\/pt-pt\/#\/schema\/person\/427567b2eccfc2dd7d206da186a1f438"},"headline":"Novo Director Geral das Filhas da Caridade","datePublished":"2023-03-11T20:46:39+00:00","dateModified":"2024-03-17T14:39:59+00:00","mainEntityOfPage":{"@id":"https:\/\/filles-de-la-charite.org\/pt-pt\/novo-director-geral-das-filhas-da-caridade\/"},"wordCount":116,"publisher":{"@id":"https:\/\/filles-de-la-charite.org\/pt-pt\/#organization"},"image":{"@id":"https:\/\/filles-de-la-charite.org\/pt-pt\/novo-director-geral-das-filhas-da-caridade\/#primaryimage"},"thumbnailUrl":"https:\/\/filles-de-la-charite.org\/wp-content\/uploads\/2023\/06\/Diapositiva5-scaled-3.jpg","articleSection":["Casa-M\u00e3e"],"inLanguage":"pt-PT"},{"@type":"WebPage","@id":"https:\/\/filles-de-la-charite.org\/pt-pt\/novo-director-geral-das-filhas-da-caridade\/","url":"https:\/\/filles-de-la-charite.org\/pt-pt\/novo-director-geral-das-filhas-da-caridade\/","name":"Novo Director Geral das Filhas da Caridade - Filles de la Charit\u00e9","isPartOf":{"@id":"https:\/\/filles-de-la-charite.org\/pt-pt\/#website"},"primaryImageOfPage":{"@id":"https:\/\/filles-de-la-charite.org\/pt-pt\/novo-director-geral-das-filhas-da-caridade\/#primaryimage"},"image":{"@id":"https:\/\/filles-de-la-charite.org\/pt-pt\/novo-director-geral-das-filhas-da-caridade\/#primaryimage"},"thumbnailUrl":"https:\/\/filles-de-la-charite.org\/wp-content\/uploads\/2023\/06\/Diapositiva5-scaled-3.jpg","datePublished":"2023-03-11T20:46:39+00:00","dateModified":"2024-03-17T14:39:59+00:00","breadcrumb":{"@id":"https:\/\/filles-de-la-charite.org\/pt-pt\/novo-director-geral-das-filhas-da-caridade\/#breadcrumb"},"inLanguage":"pt-PT","potentialAction":[{"@type":"ReadAction","target":["https:\/\/filles-de-la-charite.org\/pt-pt\/novo-director-geral-das-filhas-da-caridade\/"]}]},{"@type":"ImageObject","inLanguage":"pt-PT","@id":"https:\/\/filles-de-la-charite.org\/pt-pt\/novo-director-geral-das-filhas-da-caridade\/#primaryimage","url":"https:\/\/filles-de-la-charite.org\/wp-content\/uploads\/2023\/06\/Diapositiva5-scaled-3.jpg","contentUrl":"https:\/\/filles-de-la-charite.org\/wp-content\/uploads\/2023\/06\/Diapositiva5-scaled-3.jpg","width":2560,"height":1440},{"@type":"BreadcrumbList","@id":"https:\/\/filles-de-la-charite.org\/pt-pt\/novo-director-geral-das-filhas-da-caridade\/#breadcrumb","itemListElement":[{"@type":"ListItem","position":1,"name":"Vars\u00f3via - Pol\u00f3nia","item":"https:\/\/filles-de-la-charite.org\/pt-pt\/category\/varsovia-polonia-pt-pt\/"},{"@type":"ListItem","position":2,"name":"Novo Director Geral das Filhas da Caridade"}]},{"@type":"WebSite","@id":"https:\/\/filles-de-la-charite.org\/pt-pt\/#website","url":"https:\/\/filles-de-la-charite.org\/pt-pt\/","name":"Hijas de la Caridad","description":"L\u2019amour de J\u00e9sus nous presse \u00e0 prendre soin des personnes les plus d\u00e9munies","publisher":{"@id":"https:\/\/filles-de-la-charite.org\/pt-pt\/#organization"},"potentialAction":[{"@type":"SearchAction","target":{"@type":"EntryPoint","urlTemplate":"https:\/\/filles-de-la-charite.org\/pt-pt\/?s={search_term_string}"},"query-input":{"@type":"PropertyValueSpecification","valueRequired":true,"valueName":"search_term_string"}}],"inLanguage":"pt-PT"},{"@type":"Organization","@id":"https:\/\/filles-de-la-charite.org\/pt-pt\/#organization","name":"Hijas de la Caridad","url":"https:\/\/filles-de-la-charite.org\/pt-pt\/","logo":{"@type":"ImageObject","inLanguage":"pt-PT","@id":"https:\/\/filles-de-la-charite.org\/pt-pt\/#\/schema\/logo\/image\/","url":"https:\/\/filles-de-la-charite.org\/wp-content\/uploads\/2023\/03\/isotipo-Hijas-de-la-Caridad.png","contentUrl":"https:\/\/filles-de-la-charite.org\/wp-content\/uploads\/2023\/03\/isotipo-Hijas-de-la-Caridad.png","width":1417,"height":1417,"caption":"Hijas de la Caridad"},"image":{"@id":"https:\/\/filles-de-la-charite.org\/pt-pt\/#\/schema\/logo\/image\/"}},{"@type":"Person","@id":"https:\/\/filles-de-la-charite.org\/pt-pt\/#\/schema\/person\/427567b2eccfc2dd7d206da186a1f438","name":"admin","image":{"@type":"ImageObject","inLanguage":"pt-PT","@id":"https:\/\/secure.gravatar.com\/avatar\/948b492cce32b586ac2db0eaa926ee87024f7afe218d73b397ea5ddfc5f43ea1?s=96&d=mm&r=g","url":"https:\/\/secure.gravatar.com\/avatar\/948b492cce32b586ac2db0eaa926ee87024f7afe218d73b397ea5ddfc5f43ea1?s=96&d=mm&r=g","contentUrl":"https:\/\/secure.gravatar.com\/avatar\/948b492cce32b586ac2db0eaa926ee87024f7afe218d73b397ea5ddfc5f43ea1?s=96&d=mm&r=g","caption":"admin"},"sameAs":["https:\/\/filles-de-la-charite.org"],"url":"https:\/\/filles-de-la-charite.org\/pt-pt\/author\/caridad\/"}]}},"_links":{"self":[{"href":"https:\/\/filles-de-la-charite.org\/pt-pt\/wp-json\/wp\/v2\/posts\/25423","targetHints":{"allow":["GET"]}}],"collection":[{"href":"https:\/\/filles-de-la-charite.org\/pt-pt\/wp-json\/wp\/v2\/posts"}],"about":[{"href":"https:\/\/filles-de-la-charite.org\/pt-pt\/wp-json\/wp\/v2\/types\/post"}],"author":[{"embeddable":true,"href":"https:\/\/filles-de-la-charite.org\/pt-pt\/wp-json\/wp\/v2\/users\/1"}],"replies":[{"embeddable":true,"href":"https:\/\/filles-de-la-charite.org\/pt-pt\/wp-json\/wp\/v2\/comments?post=25423"}],"version-history":[{"count":1,"href":"https:\/\/filles-de-la-charite.org\/pt-pt\/wp-json\/wp\/v2\/posts\/25423\/revisions"}],"predecessor-version":[{"id":34460,"href":"https:\/\/filles-de-la-charite.org\/pt-pt\/wp-json\/wp\/v2\/posts\/25423\/revisions\/34460"}],"wp:featuredmedia":[{"embeddable":true,"href":"https:\/\/filles-de-la-charite.org\/pt-pt\/wp-json\/wp\/v2\/media\/25424"}],"wp:attachment":[{"href":"https:\/\/filles-de-la-charite.org\/pt-pt\/wp-json\/wp\/v2\/media?parent=25423"}],"wp:term":[{"taxonomy":"category","embeddable":true,"href":"https:\/\/filles-de-la-charite.org\/pt-pt\/wp-json\/wp\/v2\/categories?post=25423"},{"taxonomy":"post_tag","embeddable":true,"href":"https:\/\/filles-de-la-charite.org\/pt-pt\/wp-json\/wp\/v2\/tags?post=25423"}],"curies":[{"name":"wp","href":"https:\/\/api.w.org\/{rel}","templated":true}]}}