{"id":25430,"date":"2023-03-31T22:00:06","date_gmt":"2023-03-31T20:00:06","guid":{"rendered":"https:\/\/hijascaridad.sjdigitaldemo.ovh\/encontro-do-dream-em-maputo-mocambique\/"},"modified":"2024-03-17T15:39:35","modified_gmt":"2024-03-17T14:39:35","slug":"encontro-do-dream-em-maputo-mocambique","status":"publish","type":"post","link":"https:\/\/filles-de-la-charite.org\/pt-pt\/encontro-do-dream-em-maputo-mocambique\/","title":{"rendered":"<strong>Encontro do DREAM em Maputo, Mo\u00e7ambique<\/strong>"},"content":{"rendered":"\n<p>No fim de semana de 18\/19 de fevereiro de 2023, um grande grupo de Irm\u00e3s e funcion\u00e1rios chegou a Maputo vindos de v\u00e1rios pa\u00edses africanos: Camar\u00f5es, Nig\u00e9ria, Tanz\u00e2nia, Congo, Qu\u00eania e o pr\u00f3prio Mo\u00e7ambique. O pessoal foi acomodado em um hotel em Maputo, enquanto as Irm\u00e3s viajavam para se hospedar na casa provincial das Filhas da Caridade em Matola. Isto exigiu muitas viagens ao aeroporto \u00e0 medida que os avi\u00f5es chegavam, e mais tarde sa\u00edam, de e para muitos aeroportos diferentes e em diferentes momentos. As Irm\u00e3s em Matola fizeram um trabalho maravilhoso e muitas horas de viagem para coordenar tudo.<\/p>\n\n\n\n<figure class=\"wp-block-image aligncenter size-large\"><img decoding=\"async\" src=\"https:\/\/filles-de-la-charite.org\/wp-content\/uploads\/2023\/06\/1.-12-Sisters-from-Nigeria-Cameroon-Kenya-Congo-Tanzania-and-Mozambique-stayed-at-the-Provincial-House-in-Matola-1024x768-1.jpg\" alt=\"\" class=\"wp-image-73143\"\/><figcaption class=\"wp-element-caption\">12 irm\u00e3s de Nig\u00e9ria Camar\u00f5es, Quenya, Congo, Tanzania e Mo\u00e7ambique foram acolhidas na Casa Provincial na Matola<\/figcaption><\/figure>\n\n\n\n<p>Este afluxo de pessoas, Filhas da Caridade e seu pessoal: M\u00e9dicos, enfermeiras, farmac\u00eauticos, cientistas de laborat\u00f3rio, pessoal de TI e coordenadores de programas estavam todos aqui para participar de um curso DREAM de uma semana.<\/p>\n\n\n\n<figure class=\"wp-block-image aligncenter size-large\"><img decoding=\"async\" src=\"https:\/\/filles-de-la-charite.org\/wp-content\/uploads\/2023\/06\/2.-Closing-prayer-with-the-Community-of-Sant-Egidio-1024x576-1.jpg\" alt=\"\" class=\"wp-image-73144\"\/><figcaption class=\"wp-element-caption\">Ora\u00e7\u00e3o de encerramento com a Comunidade de Sant'Egidio<\/figcaption><\/figure>\n\n\n\n<p>DREAM: Drug Resource Enhancement against AIDS and Malnutrition \u00e9 um programa hol\u00edstico de assist\u00eancia m\u00e9dica para pessoas vivendo com HIV\/AIDS. Foi concebido e criado pela Comunidade de Sant'Egidio, uma comunidade leiga cat\u00f3lica em Roma no final dos anos 90. Sant'Egidio fez uma promessa de levar a mesma alta qualidade de atendimento e tratamento \u00e0s pessoas na \u00c1frica que vivem com HIV\/ADS que estava dispon\u00edvel na Europa e na Am\u00e9rica do Norte na \u00e9poca. Esta foi uma promessa muito grande e corajosa e a Comunidade de Sant'Egidio entregou DREAM, um programa hol\u00edstico de excel\u00eancia para 12 pa\u00edses africanos e para muitos centros DREAM nesses pa\u00edses.<\/p>\n\n\n\n<figure class=\"wp-block-image aligncenter size-large is-resized\"><img loading=\"lazy\" decoding=\"async\" src=\"https:\/\/filles-de-la-charite.org\/wp-content\/uploads\/2023\/06\/3.-Lecture-session-1024x768-1.jpg\" alt=\"\" class=\"wp-image-73139\" width=\"610\" height=\"457\"\/><figcaption class=\"wp-element-caption\">Sess\u00e3o de Palestras<\/figcaption><\/figure>\n\n\n\n<p>Em 2005, as Filhas da Caridade firmaram um acordo, assinado pelo Presidente de Sant'Egidio e pela Ir. Evelyne Franc, Superiora Geral das Filhas da Caridade, para colaborar com a Comunidade de Sant'Egidio para levar DREAM aos pa\u00edses onde as Irm\u00e3s vivem e trabalham na \u00c1frica. Este acordo foi assinado em Paris, na Casa M\u00e3e, em 2005. Desde ent\u00e3o, as Irm\u00e3s abriram 6 centros DREAM em 6 pa\u00edses africanos, mais dois centros em Mo\u00e7ambique, Chokwe e Chalucuane, que j\u00e1 estavam colaborando com Sant'Egidio.<\/p>\n\n\n\n<figure class=\"wp-block-image aligncenter size-large\"><img decoding=\"async\" src=\"https:\/\/filles-de-la-charite.org\/wp-content\/uploads\/2023\/06\/4.-Participants-from-Cameroun-and-Nigeria-768x1024-1.jpg\" alt=\"\" class=\"wp-image-73140\"\/><figcaption class=\"wp-element-caption\">Participantes de Camar\u00f5es e\u00a0 Nig\u00e9ria<\/figcaption><\/figure>\n\n\n\n<p>O encontro DREAM em Maputo foi para trazer Irm\u00e3s e funcion\u00e1rios de cada pa\u00eds para compartilhar experi\u00eancias, avaliar e determinar os novos desafios que enfrentam seus programas 20 anos depois.&nbsp; O programa DREAM oferece aconselhamento e testes, cuidados e tratamento para pessoas vivendo com HIV\/AIDS, preven\u00e7\u00e3o da transmiss\u00e3o do v\u00edrus de m\u00e3e para filho, laborat\u00f3rios moleculares para carga viral e testes CD4, farm\u00e1cias, unidades de nutri\u00e7\u00e3o, cuidados e tratamento da tuberculose, apoio psicossocial e cuidados domiciliares para aqueles que necessitam. O DREAM tem tido enorme sucesso, particularmente na preven\u00e7\u00e3o da transmiss\u00e3o do v\u00edrus de m\u00e3e para filho. Qualquer m\u00e3e que venha ao centro no in\u00edcio de sua gravidez e esteja em conformidade com o tratamento, certamente ter\u00e1 um beb\u00ea saud\u00e1vel que seja HIV negativo. Isto \u00e9 um enorme al\u00edvio e traz grande alegria para a m\u00e3e e para toda a fam\u00edlia. Descobre-se tamb\u00e9m que a maioria das crian\u00e7as nascidas negativas, muitas das quais agora s\u00e3o adolescentes, tendem a permanecer HIV negativas atrav\u00e9s do aconselhamento psicossocial e dos grupos de apoio aos jovens que educam e apoiam estes jovens; os pais de amanh\u00e3.<\/p>\n\n\n\n<figure class=\"wp-block-image aligncenter size-large\"><img decoding=\"async\" src=\"https:\/\/filles-de-la-charite.org\/wp-content\/uploads\/2023\/06\/5.-Participantsfrom-Kenya-and-Congo-1024x768-1.jpg\" alt=\"\" class=\"wp-image-73141\"\/><figcaption class=\"wp-element-caption\">Participantes de Qu\u00eania e Congo<\/figcaption><\/figure>\n\n\n\n<p>Desde o in\u00edcio, DREAM tamb\u00e9m cuidou de doen\u00e7as relacionadas: tuberculosos, v\u00e1rias infec\u00e7\u00f5es e, nos \u00faltimos anos, testes de c\u00e2ncer de colo de \u00fatero em mulheres, aconselhamento, apoio e encaminhamento para tratamento. Durante as apresenta\u00e7\u00f5es do curso, e na experi\u00eancia dos presentes, os novos desafios ser\u00e3o c\u00e2ncer, mal\u00e1ria, hipertens\u00e3o, diabetes, e epilepsia.<\/p>\n\n\n\n<p>O crescimento econ\u00f4mico, mesmo que lento, significa uma melhoria geral da sa\u00fade. Os estilos de vida melhoraram e a face da pobreza extrema, embora ainda seja uma enorme preocupa\u00e7\u00e3o, tamb\u00e9m mudou. A mortalidade maternal e infantil foi reduzida. A mortalidade por HIV diminuiu muito. Entretanto, o acesso a cuidados de sa\u00fade de qualidade para pessoas pobres ainda \u00e9 uma grande preocupa\u00e7\u00e3o.&nbsp; Novos desafios est\u00e3o surgindo e o DREAM, durante sua reuni\u00e3o em Maputo, estava mais do que disposto e pronto para enfrentar estes desafios dentro do programa atual.<\/p>\n","protected":false},"excerpt":{"rendered":"<p>No fim de semana de 18\/19 de fevereiro de 2023, um grande grupo de Irm\u00e3s e funcion\u00e1rios chegou a Maputo vindos de v\u00e1rios pa\u00edses africanos: Camar\u00f5es, Nig\u00e9ria, Tanz\u00e2nia, Congo, Qu\u00eania e o pr\u00f3prio Mo\u00e7ambique. O pessoal foi acomodado em um hotel em Maputo, enquanto as Irm\u00e3s viajavam para se hospedar na casa provincial das Filhas [&hellip;]<\/p>\n","protected":false},"author":1,"featured_media":17612,"comment_status":"closed","ping_status":"closed","sticky":false,"template":"","format":"standard","meta":{"_acf_changed":false,"footnotes":"","_links_to":"","_links_to_target":""},"categories":[625],"tags":[],"class_list":["post-25430","post","type-post","status-publish","format-standard","has-post-thumbnail","hentry","category-mocambique-pt-pt"],"acf":[],"yoast_head":"<!-- This site is optimized with the Yoast SEO plugin v27.5 - https:\/\/yoast.com\/product\/yoast-seo-wordpress\/ -->\n<title>Encontro do DREAM em Maputo, Mo\u00e7ambique - Filles de la Charit\u00e9<\/title>\n<meta name=\"robots\" content=\"index, follow, max-snippet:-1, max-image-preview:large, max-video-preview:-1\" \/>\n<link rel=\"canonical\" href=\"https:\/\/filles-de-la-charite.org\/pt-pt\/encontro-do-dream-em-maputo-mocambique\/\" \/>\n<meta property=\"og:locale\" content=\"pt_PT\" \/>\n<meta property=\"og:type\" content=\"article\" \/>\n<meta property=\"og:title\" content=\"Encontro do DREAM em Maputo, Mo\u00e7ambique - Filles de la Charit\u00e9\" \/>\n<meta property=\"og:description\" content=\"No fim de semana de 18\/19 de fevereiro de 2023, um grande grupo de Irm\u00e3s e funcion\u00e1rios chegou a Maputo vindos de v\u00e1rios pa\u00edses africanos: Camar\u00f5es, Nig\u00e9ria, Tanz\u00e2nia, Congo, Qu\u00eania e o pr\u00f3prio Mo\u00e7ambique. O pessoal foi acomodado em um hotel em Maputo, enquanto as Irm\u00e3s viajavam para se hospedar na casa provincial das Filhas [&hellip;]\" \/>\n<meta property=\"og:url\" content=\"https:\/\/filles-de-la-charite.org\/pt-pt\/encontro-do-dream-em-maputo-mocambique\/\" \/>\n<meta property=\"og:site_name\" content=\"Filles de la Charit\u00e9\" \/>\n<meta property=\"article:published_time\" content=\"2023-03-31T20:00:06+00:00\" \/>\n<meta property=\"article:modified_time\" content=\"2024-03-17T14:39:35+00:00\" \/>\n<meta property=\"og:image\" content=\"https:\/\/filles-de-la-charite.org\/wp-content\/uploads\/2023\/06\/6.-Visit-to-a-DREAM-centre-in-Maputo.jpg\" \/>\n\t<meta property=\"og:image:width\" content=\"810\" \/>\n\t<meta property=\"og:image:height\" content=\"1080\" \/>\n\t<meta property=\"og:image:type\" content=\"image\/jpeg\" \/>\n<meta name=\"author\" content=\"admin\" \/>\n<meta name=\"twitter:card\" content=\"summary_large_image\" \/>\n<meta name=\"twitter:label1\" content=\"Escrito por\" \/>\n\t<meta name=\"twitter:data1\" content=\"admin\" \/>\n\t<meta name=\"twitter:label2\" content=\"Tempo estimado de leitura\" \/>\n\t<meta name=\"twitter:data2\" content=\"4 minutos\" \/>\n<script type=\"application\/ld+json\" class=\"yoast-schema-graph\">{\"@context\":\"https:\\\/\\\/schema.org\",\"@graph\":[{\"@type\":\"Article\",\"@id\":\"https:\\\/\\\/filles-de-la-charite.org\\\/pt-pt\\\/encontro-do-dream-em-maputo-mocambique\\\/#article\",\"isPartOf\":{\"@id\":\"https:\\\/\\\/filles-de-la-charite.org\\\/pt-pt\\\/encontro-do-dream-em-maputo-mocambique\\\/\"},\"author\":{\"name\":\"admin\",\"@id\":\"https:\\\/\\\/filles-de-la-charite.org\\\/pt-pt\\\/#\\\/schema\\\/person\\\/427567b2eccfc2dd7d206da186a1f438\"},\"headline\":\"Encontro do DREAM em Maputo, Mo\u00e7ambique\",\"datePublished\":\"2023-03-31T20:00:06+00:00\",\"dateModified\":\"2024-03-17T14:39:35+00:00\",\"mainEntityOfPage\":{\"@id\":\"https:\\\/\\\/filles-de-la-charite.org\\\/pt-pt\\\/encontro-do-dream-em-maputo-mocambique\\\/\"},\"wordCount\":774,\"publisher\":{\"@id\":\"https:\\\/\\\/filles-de-la-charite.org\\\/pt-pt\\\/#organization\"},\"image\":{\"@id\":\"https:\\\/\\\/filles-de-la-charite.org\\\/pt-pt\\\/encontro-do-dream-em-maputo-mocambique\\\/#primaryimage\"},\"thumbnailUrl\":\"https:\\\/\\\/filles-de-la-charite.org\\\/wp-content\\\/uploads\\\/2023\\\/06\\\/6.-Visit-to-a-DREAM-centre-in-Maputo.jpg\",\"articleSection\":[\"Mo\u00e7ambique\"],\"inLanguage\":\"pt-PT\"},{\"@type\":\"WebPage\",\"@id\":\"https:\\\/\\\/filles-de-la-charite.org\\\/pt-pt\\\/encontro-do-dream-em-maputo-mocambique\\\/\",\"url\":\"https:\\\/\\\/filles-de-la-charite.org\\\/pt-pt\\\/encontro-do-dream-em-maputo-mocambique\\\/\",\"name\":\"Encontro do DREAM em Maputo, Mo\u00e7ambique - Filles de la Charit\u00e9\",\"isPartOf\":{\"@id\":\"https:\\\/\\\/filles-de-la-charite.org\\\/pt-pt\\\/#website\"},\"primaryImageOfPage\":{\"@id\":\"https:\\\/\\\/filles-de-la-charite.org\\\/pt-pt\\\/encontro-do-dream-em-maputo-mocambique\\\/#primaryimage\"},\"image\":{\"@id\":\"https:\\\/\\\/filles-de-la-charite.org\\\/pt-pt\\\/encontro-do-dream-em-maputo-mocambique\\\/#primaryimage\"},\"thumbnailUrl\":\"https:\\\/\\\/filles-de-la-charite.org\\\/wp-content\\\/uploads\\\/2023\\\/06\\\/6.-Visit-to-a-DREAM-centre-in-Maputo.jpg\",\"datePublished\":\"2023-03-31T20:00:06+00:00\",\"dateModified\":\"2024-03-17T14:39:35+00:00\",\"breadcrumb\":{\"@id\":\"https:\\\/\\\/filles-de-la-charite.org\\\/pt-pt\\\/encontro-do-dream-em-maputo-mocambique\\\/#breadcrumb\"},\"inLanguage\":\"pt-PT\",\"potentialAction\":[{\"@type\":\"ReadAction\",\"target\":[\"https:\\\/\\\/filles-de-la-charite.org\\\/pt-pt\\\/encontro-do-dream-em-maputo-mocambique\\\/\"]}]},{\"@type\":\"ImageObject\",\"inLanguage\":\"pt-PT\",\"@id\":\"https:\\\/\\\/filles-de-la-charite.org\\\/pt-pt\\\/encontro-do-dream-em-maputo-mocambique\\\/#primaryimage\",\"url\":\"https:\\\/\\\/filles-de-la-charite.org\\\/wp-content\\\/uploads\\\/2023\\\/06\\\/6.-Visit-to-a-DREAM-centre-in-Maputo.jpg\",\"contentUrl\":\"https:\\\/\\\/filles-de-la-charite.org\\\/wp-content\\\/uploads\\\/2023\\\/06\\\/6.-Visit-to-a-DREAM-centre-in-Maputo.jpg\",\"width\":810,\"height\":1080},{\"@type\":\"BreadcrumbList\",\"@id\":\"https:\\\/\\\/filles-de-la-charite.org\\\/pt-pt\\\/encontro-do-dream-em-maputo-mocambique\\\/#breadcrumb\",\"itemListElement\":[{\"@type\":\"ListItem\",\"position\":1,\"name\":\"Fam\u00edlia vicentina\",\"item\":\"https:\\\/\\\/filles-de-la-charite.org\\\/pt-pt\\\/category\\\/familia-vicentina-pt\\\/\"},{\"@type\":\"ListItem\",\"position\":2,\"name\":\"Encontro do DREAM em Maputo, Mo\u00e7ambique\"}]},{\"@type\":\"WebSite\",\"@id\":\"https:\\\/\\\/filles-de-la-charite.org\\\/pt-pt\\\/#website\",\"url\":\"https:\\\/\\\/filles-de-la-charite.org\\\/pt-pt\\\/\",\"name\":\"Hijas de la Caridad\",\"description\":\"L\u2019amour de J\u00e9sus nous presse \u00e0 prendre soin des personnes les plus d\u00e9munies\",\"publisher\":{\"@id\":\"https:\\\/\\\/filles-de-la-charite.org\\\/pt-pt\\\/#organization\"},\"potentialAction\":[{\"@type\":\"SearchAction\",\"target\":{\"@type\":\"EntryPoint\",\"urlTemplate\":\"https:\\\/\\\/filles-de-la-charite.org\\\/pt-pt\\\/?s={search_term_string}\"},\"query-input\":{\"@type\":\"PropertyValueSpecification\",\"valueRequired\":true,\"valueName\":\"search_term_string\"}}],\"inLanguage\":\"pt-PT\"},{\"@type\":\"Organization\",\"@id\":\"https:\\\/\\\/filles-de-la-charite.org\\\/pt-pt\\\/#organization\",\"name\":\"Hijas de la Caridad\",\"url\":\"https:\\\/\\\/filles-de-la-charite.org\\\/pt-pt\\\/\",\"logo\":{\"@type\":\"ImageObject\",\"inLanguage\":\"pt-PT\",\"@id\":\"https:\\\/\\\/filles-de-la-charite.org\\\/pt-pt\\\/#\\\/schema\\\/logo\\\/image\\\/\",\"url\":\"https:\\\/\\\/filles-de-la-charite.org\\\/wp-content\\\/uploads\\\/2023\\\/03\\\/isotipo-Hijas-de-la-Caridad.png\",\"contentUrl\":\"https:\\\/\\\/filles-de-la-charite.org\\\/wp-content\\\/uploads\\\/2023\\\/03\\\/isotipo-Hijas-de-la-Caridad.png\",\"width\":1417,\"height\":1417,\"caption\":\"Hijas de la Caridad\"},\"image\":{\"@id\":\"https:\\\/\\\/filles-de-la-charite.org\\\/pt-pt\\\/#\\\/schema\\\/logo\\\/image\\\/\"}},{\"@type\":\"Person\",\"@id\":\"https:\\\/\\\/filles-de-la-charite.org\\\/pt-pt\\\/#\\\/schema\\\/person\\\/427567b2eccfc2dd7d206da186a1f438\",\"name\":\"admin\",\"image\":{\"@type\":\"ImageObject\",\"inLanguage\":\"pt-PT\",\"@id\":\"https:\\\/\\\/secure.gravatar.com\\\/avatar\\\/948b492cce32b586ac2db0eaa926ee87024f7afe218d73b397ea5ddfc5f43ea1?s=96&d=mm&r=g\",\"url\":\"https:\\\/\\\/secure.gravatar.com\\\/avatar\\\/948b492cce32b586ac2db0eaa926ee87024f7afe218d73b397ea5ddfc5f43ea1?s=96&d=mm&r=g\",\"contentUrl\":\"https:\\\/\\\/secure.gravatar.com\\\/avatar\\\/948b492cce32b586ac2db0eaa926ee87024f7afe218d73b397ea5ddfc5f43ea1?s=96&d=mm&r=g\",\"caption\":\"admin\"},\"sameAs\":[\"https:\\\/\\\/filles-de-la-charite.org\"],\"url\":\"https:\\\/\\\/filles-de-la-charite.org\\\/pt-pt\\\/author\\\/caridad\\\/\"}]}<\/script>\n<!-- \/ Yoast SEO plugin. -->","yoast_head_json":{"title":"Encontro do DREAM em Maputo, Mo\u00e7ambique - Filles de la Charit\u00e9","robots":{"index":"index","follow":"follow","max-snippet":"max-snippet:-1","max-image-preview":"max-image-preview:large","max-video-preview":"max-video-preview:-1"},"canonical":"https:\/\/filles-de-la-charite.org\/pt-pt\/encontro-do-dream-em-maputo-mocambique\/","og_locale":"pt_PT","og_type":"article","og_title":"Encontro do DREAM em Maputo, Mo\u00e7ambique - Filles de la Charit\u00e9","og_description":"No fim de semana de 18\/19 de fevereiro de 2023, um grande grupo de Irm\u00e3s e funcion\u00e1rios chegou a Maputo vindos de v\u00e1rios pa\u00edses africanos: Camar\u00f5es, Nig\u00e9ria, Tanz\u00e2nia, Congo, Qu\u00eania e o pr\u00f3prio Mo\u00e7ambique. O pessoal foi acomodado em um hotel em Maputo, enquanto as Irm\u00e3s viajavam para se hospedar na casa provincial das Filhas [&hellip;]","og_url":"https:\/\/filles-de-la-charite.org\/pt-pt\/encontro-do-dream-em-maputo-mocambique\/","og_site_name":"Filles de la Charit\u00e9","article_published_time":"2023-03-31T20:00:06+00:00","article_modified_time":"2024-03-17T14:39:35+00:00","og_image":[{"width":810,"height":1080,"url":"https:\/\/filles-de-la-charite.org\/wp-content\/uploads\/2023\/06\/6.-Visit-to-a-DREAM-centre-in-Maputo.jpg","type":"image\/jpeg"}],"author":"admin","twitter_card":"summary_large_image","twitter_misc":{"Escrito por":"admin","Tempo estimado de leitura":"4 minutos"},"schema":{"@context":"https:\/\/schema.org","@graph":[{"@type":"Article","@id":"https:\/\/filles-de-la-charite.org\/pt-pt\/encontro-do-dream-em-maputo-mocambique\/#article","isPartOf":{"@id":"https:\/\/filles-de-la-charite.org\/pt-pt\/encontro-do-dream-em-maputo-mocambique\/"},"author":{"name":"admin","@id":"https:\/\/filles-de-la-charite.org\/pt-pt\/#\/schema\/person\/427567b2eccfc2dd7d206da186a1f438"},"headline":"Encontro do DREAM em Maputo, Mo\u00e7ambique","datePublished":"2023-03-31T20:00:06+00:00","dateModified":"2024-03-17T14:39:35+00:00","mainEntityOfPage":{"@id":"https:\/\/filles-de-la-charite.org\/pt-pt\/encontro-do-dream-em-maputo-mocambique\/"},"wordCount":774,"publisher":{"@id":"https:\/\/filles-de-la-charite.org\/pt-pt\/#organization"},"image":{"@id":"https:\/\/filles-de-la-charite.org\/pt-pt\/encontro-do-dream-em-maputo-mocambique\/#primaryimage"},"thumbnailUrl":"https:\/\/filles-de-la-charite.org\/wp-content\/uploads\/2023\/06\/6.-Visit-to-a-DREAM-centre-in-Maputo.jpg","articleSection":["Mo\u00e7ambique"],"inLanguage":"pt-PT"},{"@type":"WebPage","@id":"https:\/\/filles-de-la-charite.org\/pt-pt\/encontro-do-dream-em-maputo-mocambique\/","url":"https:\/\/filles-de-la-charite.org\/pt-pt\/encontro-do-dream-em-maputo-mocambique\/","name":"Encontro do DREAM em Maputo, Mo\u00e7ambique - Filles de la Charit\u00e9","isPartOf":{"@id":"https:\/\/filles-de-la-charite.org\/pt-pt\/#website"},"primaryImageOfPage":{"@id":"https:\/\/filles-de-la-charite.org\/pt-pt\/encontro-do-dream-em-maputo-mocambique\/#primaryimage"},"image":{"@id":"https:\/\/filles-de-la-charite.org\/pt-pt\/encontro-do-dream-em-maputo-mocambique\/#primaryimage"},"thumbnailUrl":"https:\/\/filles-de-la-charite.org\/wp-content\/uploads\/2023\/06\/6.-Visit-to-a-DREAM-centre-in-Maputo.jpg","datePublished":"2023-03-31T20:00:06+00:00","dateModified":"2024-03-17T14:39:35+00:00","breadcrumb":{"@id":"https:\/\/filles-de-la-charite.org\/pt-pt\/encontro-do-dream-em-maputo-mocambique\/#breadcrumb"},"inLanguage":"pt-PT","potentialAction":[{"@type":"ReadAction","target":["https:\/\/filles-de-la-charite.org\/pt-pt\/encontro-do-dream-em-maputo-mocambique\/"]}]},{"@type":"ImageObject","inLanguage":"pt-PT","@id":"https:\/\/filles-de-la-charite.org\/pt-pt\/encontro-do-dream-em-maputo-mocambique\/#primaryimage","url":"https:\/\/filles-de-la-charite.org\/wp-content\/uploads\/2023\/06\/6.-Visit-to-a-DREAM-centre-in-Maputo.jpg","contentUrl":"https:\/\/filles-de-la-charite.org\/wp-content\/uploads\/2023\/06\/6.-Visit-to-a-DREAM-centre-in-Maputo.jpg","width":810,"height":1080},{"@type":"BreadcrumbList","@id":"https:\/\/filles-de-la-charite.org\/pt-pt\/encontro-do-dream-em-maputo-mocambique\/#breadcrumb","itemListElement":[{"@type":"ListItem","position":1,"name":"Fam\u00edlia vicentina","item":"https:\/\/filles-de-la-charite.org\/pt-pt\/category\/familia-vicentina-pt\/"},{"@type":"ListItem","position":2,"name":"Encontro do DREAM em Maputo, Mo\u00e7ambique"}]},{"@type":"WebSite","@id":"https:\/\/filles-de-la-charite.org\/pt-pt\/#website","url":"https:\/\/filles-de-la-charite.org\/pt-pt\/","name":"Hijas de la Caridad","description":"L\u2019amour de J\u00e9sus nous presse \u00e0 prendre soin des personnes les plus d\u00e9munies","publisher":{"@id":"https:\/\/filles-de-la-charite.org\/pt-pt\/#organization"},"potentialAction":[{"@type":"SearchAction","target":{"@type":"EntryPoint","urlTemplate":"https:\/\/filles-de-la-charite.org\/pt-pt\/?s={search_term_string}"},"query-input":{"@type":"PropertyValueSpecification","valueRequired":true,"valueName":"search_term_string"}}],"inLanguage":"pt-PT"},{"@type":"Organization","@id":"https:\/\/filles-de-la-charite.org\/pt-pt\/#organization","name":"Hijas de la Caridad","url":"https:\/\/filles-de-la-charite.org\/pt-pt\/","logo":{"@type":"ImageObject","inLanguage":"pt-PT","@id":"https:\/\/filles-de-la-charite.org\/pt-pt\/#\/schema\/logo\/image\/","url":"https:\/\/filles-de-la-charite.org\/wp-content\/uploads\/2023\/03\/isotipo-Hijas-de-la-Caridad.png","contentUrl":"https:\/\/filles-de-la-charite.org\/wp-content\/uploads\/2023\/03\/isotipo-Hijas-de-la-Caridad.png","width":1417,"height":1417,"caption":"Hijas de la Caridad"},"image":{"@id":"https:\/\/filles-de-la-charite.org\/pt-pt\/#\/schema\/logo\/image\/"}},{"@type":"Person","@id":"https:\/\/filles-de-la-charite.org\/pt-pt\/#\/schema\/person\/427567b2eccfc2dd7d206da186a1f438","name":"admin","image":{"@type":"ImageObject","inLanguage":"pt-PT","@id":"https:\/\/secure.gravatar.com\/avatar\/948b492cce32b586ac2db0eaa926ee87024f7afe218d73b397ea5ddfc5f43ea1?s=96&d=mm&r=g","url":"https:\/\/secure.gravatar.com\/avatar\/948b492cce32b586ac2db0eaa926ee87024f7afe218d73b397ea5ddfc5f43ea1?s=96&d=mm&r=g","contentUrl":"https:\/\/secure.gravatar.com\/avatar\/948b492cce32b586ac2db0eaa926ee87024f7afe218d73b397ea5ddfc5f43ea1?s=96&d=mm&r=g","caption":"admin"},"sameAs":["https:\/\/filles-de-la-charite.org"],"url":"https:\/\/filles-de-la-charite.org\/pt-pt\/author\/caridad\/"}]}},"_links":{"self":[{"href":"https:\/\/filles-de-la-charite.org\/pt-pt\/wp-json\/wp\/v2\/posts\/25430","targetHints":{"allow":["GET"]}}],"collection":[{"href":"https:\/\/filles-de-la-charite.org\/pt-pt\/wp-json\/wp\/v2\/posts"}],"about":[{"href":"https:\/\/filles-de-la-charite.org\/pt-pt\/wp-json\/wp\/v2\/types\/post"}],"author":[{"embeddable":true,"href":"https:\/\/filles-de-la-charite.org\/pt-pt\/wp-json\/wp\/v2\/users\/1"}],"replies":[{"embeddable":true,"href":"https:\/\/filles-de-la-charite.org\/pt-pt\/wp-json\/wp\/v2\/comments?post=25430"}],"version-history":[{"count":1,"href":"https:\/\/filles-de-la-charite.org\/pt-pt\/wp-json\/wp\/v2\/posts\/25430\/revisions"}],"predecessor-version":[{"id":25431,"href":"https:\/\/filles-de-la-charite.org\/pt-pt\/wp-json\/wp\/v2\/posts\/25430\/revisions\/25431"}],"wp:featuredmedia":[{"embeddable":true,"href":"https:\/\/filles-de-la-charite.org\/pt-pt\/wp-json\/wp\/v2\/media\/17612"}],"wp:attachment":[{"href":"https:\/\/filles-de-la-charite.org\/pt-pt\/wp-json\/wp\/v2\/media?parent=25430"}],"wp:term":[{"taxonomy":"category","embeddable":true,"href":"https:\/\/filles-de-la-charite.org\/pt-pt\/wp-json\/wp\/v2\/categories?post=25430"},{"taxonomy":"post_tag","embeddable":true,"href":"https:\/\/filles-de-la-charite.org\/pt-pt\/wp-json\/wp\/v2\/tags?post=25430"}],"curies":[{"name":"wp","href":"https:\/\/api.w.org\/{rel}","templated":true}]}}