{"id":33092,"date":"2023-06-27T19:10:19","date_gmt":"2023-06-27T17:10:19","guid":{"rendered":"https:\/\/hijascaridad.sjdigitaldemo.ovh\/beata-lindalva-justo-de-oliveira-30-anos-de-su-martirio-1993-2023\/"},"modified":"2024-03-04T19:19:34","modified_gmt":"2024-03-04T18:19:34","slug":"beata-lindalva-justo-de-oliveira-30-anos-de-su-martirio-1993-2023","status":"publish","type":"post","link":"https:\/\/filles-de-la-charite.org\/pt-pt\/beata-lindalva-justo-de-oliveira-30-anos-de-su-martirio-1993-2023\/","title":{"rendered":"Bem aventurada Lindalva Justo de Oliveira-30 anos do Mart\u00edrio (1993-2023)"},"content":{"rendered":"\n<p>No dia 09 de abril de 1993 a Companhia das Filhas da Caridade, presente na Prov\u00edncia de Recife, precisamente em Salvador da Bahia, foi surpreendida com um acontecimento que mudaria sua vida, sua hist\u00f3ria e, mesmo, sua compreens\u00e3o do Servi\u00e7o dos Pobres, raz\u00e3o de ser do Carisma deixado pelos seus Fundadores S\u00e3o Vicente de Paulo e Santa Lu\u00edsa de Marillac.<\/p>\n\n\n\n<p>Com a oferta de sua vida ela testemunhou, at\u00e9 \u00e0s \u00faltimas consequ\u00eancias, seu amor ao Senhor e assumiu com extremo zelo e dedica\u00e7\u00e3o o cuidado dos pobres que lhe foram confiados no Abrigo Dom Pedro II, em Salvador \u2013 BA.&nbsp; Firmada nas Virtudes Vicentinas, sempre manifestava o esp\u00edrito de perten\u00e7a a Companhia, pelas firmes convic\u00e7\u00f5es pr\u00f3prias do Carisma que abra\u00e7ou.<\/p>\n\n\n\n<p>Para celebrar o Jubileu dos 30 anos do Mart\u00edrio, a Prov\u00edncia de Recife, em uni\u00e3o com a Arquidiocese de S\u00e3o Salvador da Bahia elaboraram um Projeto-miss\u00e3o para ampliar a devo\u00e7\u00e3o \u00e0 Bem aventurada Lindalva. A abertura aconteceu na sede da Prov\u00edncia, Casa Provincial Nossa Senhora das Gra\u00e7as \u2013 Recife \u2013 PE com a presen\u00e7a de todas as Irm\u00e3s Serventes, que j\u00e1 levaram para as suas Comunidades um roteiro celebrativo com diversas atividades para favorecer a expans\u00e3o da devo\u00e7\u00e3o. Em Salvador estas atividades aconteceram a partir da organiza\u00e7\u00e3o de uma peregrina\u00e7\u00e3o com uma rel\u00edquia de segundo grau, que percorreu todo o territ\u00f3rio Arquidiocesano, dividido em 12 Foranias.<em><\/em><\/p>\n\n\n\n<p>A culmin\u00e2ncia do Jubileu aconteceu em Salvador no dia 15 de abril de 2023 com uma programa\u00e7\u00e3o que contou com uma intensa participa\u00e7\u00e3o de fieis e devotos vindos de v\u00e1rios lugares, incluindo uma grande caravana da cidade natal da Bem aventurada Lindalva, na qual tinham 3 dos seus irm\u00e3os de sangue. Pela manh\u00e3 na Catedral de S\u00e3o Salvador da Bahia, aconteceu a Santa Missa, presidida pelo Cardeal Dom S\u00e9rgio da Rocha, Arcebispo Primaz do Brasil e concelebrada por v\u00e1rios Bispos e Sacerdotes de outras Dioceses. Em sua hom\u00edlia o Cardeal Dom S\u00e9rgio da Rocha destacou alguns tra\u00e7os importantes do testemunho da Bem-aventurada Lindalva:&nbsp;&nbsp;<em>Irm\u00e3 Lindalva foi reconhecida como Irm\u00e3, como Filha da Caridade, pela viv\u00eancia do mandamento do amor. \u201cNisto todos reconhecer\u00e3o que sois meus disc\u00edpulos; se amardes uns aos outros como eu vos tenho amado\u201d, disse Jesus. Esta palavra de Jesus ecoou no cora\u00e7\u00e3o da Irm\u00e3 Lindalva e foi testemunhada pelo servi\u00e7o generoso aos irm\u00e3os. Ela morreu vestindo a veste do lava-p\u00e9s, o avental do servi\u00e7o, pondo em pr\u00e1tica a li\u00e7\u00e3o que Jesus nos deixou na \u00faltima ceia e no altar da cruz. Vida que se doa como o gr\u00e3o de trigo que se consome para germinar. O mart\u00edrio de Irm\u00e3 Lindalva \u00e9 um sinal extraordin\u00e1rio de sua f\u00e9 em Jesus e de sua fidelidade \u00e0 voca\u00e7\u00e3o \u00e0 qual foi chamada e \u00e0 miss\u00e3o que lhe foi confiada. Pelo seu mart\u00edrio, ela se assemelhou a Jesus crucificado que foi fiel ao Pai at\u00e9 o fim, cumprindo a sua miss\u00e3o. Ela foi fiel a Jesus, ela foi fiel \u00e0 sua voca\u00e7\u00e3o e miss\u00e3o, permanecendo na castidade e na caridade. O mundo de hoje precisa de pessoas dispostas a viver a caridade e a castidade; precisa de pessoas castas para serem capazes de amar e servir; necessita de pessoas capazes de amar como Jesus amou e nos ensinou a amar. Por isso, a Irm\u00e3 Lindalva, \u00e9 reconhecida pela Igreja como Bem-aventurada Lindalva, como feliz Lindalva. Sim, \u00e9 feliz quem pode viver com Cristo e como Cristo. \u00c9 bem-aventurado, \u00e9 feliz, quem pode morrer com Cristo e como Cristo\u201d.*<\/em><\/p>\n\n\n\n<p><strong>A Irm\u00e3 Alessandra Sousa Oliveira, Filha da Caridade,&nbsp;<\/strong>com o tema:&nbsp;<strong>\u201cLinda alva \u00e9 o seu h\u00e1bito azul de Irm\u00e3 de Caridade, agora alvejado no sangue do Cordeiro ao qual se misturou com o seu sangue\u201d.<\/strong><\/p>\n\n\n\n<p>Toda esta programa\u00e7\u00e3o foi realizada em uma atmosfera de f\u00e9, devo\u00e7\u00e3o e de grande esperan\u00e7a&nbsp; que a canoniza\u00e7\u00e3o j\u00e1 se aproxima, mesmo&nbsp; se sabemos&nbsp; que o seu mart\u00edrio plenificou sua entrega ao Senhor, como bem testemunhou a Dra Iraci Gomes Bonfim, do Instituto M\u00e9dico Legal, que se ocupou da Irm\u00e3 Lindalva no dia do seu Mart\u00edrio:<strong>&nbsp;\u201cComo uma esposa que precisa de aten\u00e7\u00e3o especial em suas bodas, assim eu via a&nbsp;<\/strong>Irm\u00e3, que ia para um casamento perfeito concluindo sua obra com o&nbsp; sacrif\u00edcio da pr\u00f3pria vida pelos outros\u201d.&nbsp;<\/p>\n\n\n\n<p><\/p>\n\n\n\n<figure class=\"wp-block-gallery has-nested-images columns-default is-cropped wp-block-gallery-1 is-layout-flex wp-block-gallery-is-layout-flex\">\n<figure class=\"wp-block-image size-large\"><a href=\"https:\/\/filles-de-la-charite.org\/wp-content\/uploads\/2024\/03\/news-06.23-Beata-Lindalva-Justo-de-Oliveira-8-768x1024.jpg\" target=\"_blank\" rel=\"noopener\" data-rel=\"lightbox-image-0\" data-rl_title=\"\" data-rl_caption=\"\" title=\"\"><img loading=\"lazy\" decoding=\"async\" width=\"768\" height=\"1024\" data-id=\"33084\" src=\"https:\/\/filles-de-la-charite.org\/wp-content\/uploads\/2024\/03\/news-06.23-Beata-Lindalva-Justo-de-Oliveira-8-768x1024.jpg\" alt=\"\" class=\"wp-image-33084\" srcset=\"https:\/\/filles-de-la-charite.org\/wp-content\/uploads\/2024\/03\/news-06.23-Beata-Lindalva-Justo-de-Oliveira-8-768x1024.jpg 768w, https:\/\/filles-de-la-charite.org\/wp-content\/uploads\/2024\/03\/news-06.23-Beata-Lindalva-Justo-de-Oliveira-8-480x640.jpg 480w\" sizes=\"(min-width: 0px) and (max-width: 480px) 480px, (min-width: 481px) 768px, 100vw\" \/><\/a><\/figure>\n\n\n\n<figure class=\"wp-block-image size-large\"><a href=\"https:\/\/filles-de-la-charite.org\/wp-content\/uploads\/2024\/03\/news-06.23-Beata-Lindalva-Justo-de-Oliveira-7-768x1024.jpg\" target=\"_blank\" rel=\"noopener\" data-rel=\"lightbox-image-1\" data-rl_title=\"\" data-rl_caption=\"\" title=\"\"><img loading=\"lazy\" decoding=\"async\" width=\"768\" height=\"1024\" data-id=\"33078\" src=\"https:\/\/filles-de-la-charite.org\/wp-content\/uploads\/2024\/03\/news-06.23-Beata-Lindalva-Justo-de-Oliveira-7-768x1024.jpg\" alt=\"\" class=\"wp-image-33078\" srcset=\"https:\/\/filles-de-la-charite.org\/wp-content\/uploads\/2024\/03\/news-06.23-Beata-Lindalva-Justo-de-Oliveira-7-768x1024.jpg 768w, https:\/\/filles-de-la-charite.org\/wp-content\/uploads\/2024\/03\/news-06.23-Beata-Lindalva-Justo-de-Oliveira-7-480x640.jpg 480w\" sizes=\"(min-width: 0px) and (max-width: 480px) 480px, (min-width: 481px) 768px, 100vw\" \/><\/a><\/figure>\n\n\n\n<figure class=\"wp-block-image size-large\"><a href=\"https:\/\/filles-de-la-charite.org\/wp-content\/uploads\/2024\/03\/news-06.23-Beata-Lindalva-Justo-de-Oliveira-6-1024x768.jpg\" target=\"_blank\" rel=\"noopener\" data-rel=\"lightbox-image-2\" data-rl_title=\"\" data-rl_caption=\"\" title=\"\"><img loading=\"lazy\" decoding=\"async\" width=\"1024\" height=\"768\" data-id=\"33072\" src=\"https:\/\/filles-de-la-charite.org\/wp-content\/uploads\/2024\/03\/news-06.23-Beata-Lindalva-Justo-de-Oliveira-6-1024x768.jpg\" alt=\"\" class=\"wp-image-33072\" srcset=\"https:\/\/filles-de-la-charite.org\/wp-content\/uploads\/2024\/03\/news-06.23-Beata-Lindalva-Justo-de-Oliveira-6-980x735.jpg 980w, https:\/\/filles-de-la-charite.org\/wp-content\/uploads\/2024\/03\/news-06.23-Beata-Lindalva-Justo-de-Oliveira-6-480x360.jpg 480w\" sizes=\"(min-width: 0px) and (max-width: 480px) 480px, (min-width: 481px) and (max-width: 980px) 980px, (min-width: 981px) 1024px, 100vw\" \/><\/a><\/figure>\n\n\n\n<figure class=\"wp-block-image size-large\"><a href=\"https:\/\/filles-de-la-charite.org\/wp-content\/uploads\/2024\/03\/news-06.23-Beata-Lindalva-Justo-de-Oliveira-4-1024x554.jpg\" target=\"_blank\" rel=\"noopener\" data-rel=\"lightbox-image-3\" data-rl_title=\"\" data-rl_caption=\"\" title=\"\"><img loading=\"lazy\" decoding=\"async\" width=\"1024\" height=\"554\" data-id=\"33060\" src=\"https:\/\/filles-de-la-charite.org\/wp-content\/uploads\/2024\/03\/news-06.23-Beata-Lindalva-Justo-de-Oliveira-4-1024x554.jpg\" alt=\"\" class=\"wp-image-33060\" srcset=\"https:\/\/filles-de-la-charite.org\/wp-content\/uploads\/2024\/03\/news-06.23-Beata-Lindalva-Justo-de-Oliveira-4-1024x554.jpg 1024w, https:\/\/filles-de-la-charite.org\/wp-content\/uploads\/2024\/03\/news-06.23-Beata-Lindalva-Justo-de-Oliveira-4-980x530.jpg 980w, https:\/\/filles-de-la-charite.org\/wp-content\/uploads\/2024\/03\/news-06.23-Beata-Lindalva-Justo-de-Oliveira-4-480x260.jpg 480w\" sizes=\"(min-width: 0px) and (max-width: 480px) 480px, (min-width: 481px) and (max-width: 980px) 980px, (min-width: 981px) 1024px, 100vw\" \/><\/a><\/figure>\n\n\n\n<figure class=\"wp-block-image size-large\"><a href=\"https:\/\/filles-de-la-charite.org\/wp-content\/uploads\/2024\/03\/news-06.23-Beata-Lindalva-Justo-de-Oliveira-5-768x1024.jpg\" target=\"_blank\" rel=\"noopener\" data-rel=\"lightbox-image-4\" data-rl_title=\"\" data-rl_caption=\"\" title=\"\"><img loading=\"lazy\" decoding=\"async\" width=\"768\" height=\"1024\" data-id=\"33066\" src=\"https:\/\/filles-de-la-charite.org\/wp-content\/uploads\/2024\/03\/news-06.23-Beata-Lindalva-Justo-de-Oliveira-5-768x1024.jpg\" alt=\"\" class=\"wp-image-33066\" srcset=\"https:\/\/filles-de-la-charite.org\/wp-content\/uploads\/2024\/03\/news-06.23-Beata-Lindalva-Justo-de-Oliveira-5-768x1024.jpg 768w, https:\/\/filles-de-la-charite.org\/wp-content\/uploads\/2024\/03\/news-06.23-Beata-Lindalva-Justo-de-Oliveira-5-480x640.jpg 480w\" sizes=\"(min-width: 0px) and (max-width: 480px) 480px, (min-width: 481px) 768px, 100vw\" \/><\/a><\/figure>\n\n\n\n<figure class=\"wp-block-image size-large\"><a href=\"https:\/\/filles-de-la-charite.org\/wp-content\/uploads\/2024\/03\/news-06.23-Beata-Lindalva-Justo-de-Oliveira-3-1024x768.jpg\" target=\"_blank\" rel=\"noopener\" data-rel=\"lightbox-image-5\" data-rl_title=\"\" data-rl_caption=\"\" title=\"\"><img loading=\"lazy\" decoding=\"async\" width=\"1024\" height=\"768\" data-id=\"33054\" src=\"https:\/\/filles-de-la-charite.org\/wp-content\/uploads\/2024\/03\/news-06.23-Beata-Lindalva-Justo-de-Oliveira-3-1024x768.jpg\" alt=\"\" class=\"wp-image-33054\" srcset=\"https:\/\/filles-de-la-charite.org\/wp-content\/uploads\/2024\/03\/news-06.23-Beata-Lindalva-Justo-de-Oliveira-3-980x735.jpg 980w, https:\/\/filles-de-la-charite.org\/wp-content\/uploads\/2024\/03\/news-06.23-Beata-Lindalva-Justo-de-Oliveira-3-480x360.jpg 480w\" sizes=\"(min-width: 0px) and (max-width: 480px) 480px, (min-width: 481px) and (max-width: 980px) 980px, (min-width: 981px) 1024px, 100vw\" \/><\/a><\/figure>\n\n\n\n<figure class=\"wp-block-image size-large\"><a href=\"https:\/\/filles-de-la-charite.org\/wp-content\/uploads\/2024\/03\/news-06.23-Beata-Lindalva-Justo-de-Oliveira-2-768x1024.jpg\" target=\"_blank\" rel=\"noopener\" data-rel=\"lightbox-image-6\" data-rl_title=\"\" data-rl_caption=\"\" title=\"\"><img loading=\"lazy\" decoding=\"async\" width=\"768\" height=\"1024\" data-id=\"33048\" src=\"https:\/\/filles-de-la-charite.org\/wp-content\/uploads\/2024\/03\/news-06.23-Beata-Lindalva-Justo-de-Oliveira-2-768x1024.jpg\" alt=\"\" class=\"wp-image-33048\"\/><\/a><\/figure>\n\n\n\n<figure class=\"wp-block-image size-large\"><a href=\"https:\/\/filles-de-la-charite.org\/wp-content\/uploads\/2024\/03\/news-06.23-Beata-Lindalva-Justo-de-Oliveira-1-768x1024.jpg\" target=\"_blank\" rel=\"noopener\" data-rel=\"lightbox-image-7\" data-rl_title=\"\" data-rl_caption=\"\" title=\"\"><img loading=\"lazy\" decoding=\"async\" width=\"768\" height=\"1024\" data-id=\"33042\" src=\"https:\/\/filles-de-la-charite.org\/wp-content\/uploads\/2024\/03\/news-06.23-Beata-Lindalva-Justo-de-Oliveira-1-768x1024.jpg\" alt=\"\" class=\"wp-image-33042\" srcset=\"https:\/\/filles-de-la-charite.org\/wp-content\/uploads\/2024\/03\/news-06.23-Beata-Lindalva-Justo-de-Oliveira-1-768x1024.jpg 768w, https:\/\/filles-de-la-charite.org\/wp-content\/uploads\/2024\/03\/news-06.23-Beata-Lindalva-Justo-de-Oliveira-1-480x640.jpg 480w\" sizes=\"(min-width: 0px) and (max-width: 480px) 480px, (min-width: 481px) 768px, 100vw\" \/><\/a><\/figure>\n<\/figure>\n\n\n\n<p><\/p>\n\n\n\n<p>Que a Bem-aventurada Lindalva nos inspire, no cotidiano da nossa miss\u00e3o, a dar respostas corajosas aos apelos que o Senhor nos faz.<\/p>\n\n\n\n<p><em>Irm\u00e3 Maria de F\u00e1tima do Nascimento<\/em><\/p>\n\n\n\n<p><em>*Trecho da homilia Prof\u00e9tica de Dom Lucas Moreira Neves, ent\u00e3o Cardeal Primaz do Brasil, que ao longo destes 30 anos tem nos ajudado a ver com esp\u00edrito de f\u00e9 a transforma\u00e7\u00e3o de uma trag\u00e9dia em um incontest\u00e1vel testemunho de amor, o mart\u00edrio.<\/em><\/p>\n","protected":false},"excerpt":{"rendered":"<p>No dia 09 de abril de 1993 a Companhia das Filhas da Caridade, presente na Prov\u00edncia de Recife, precisamente em Salvador da Bahia, foi surpreendida com um acontecimento que mudaria sua vida, sua hist\u00f3ria e, mesmo, sua compreens\u00e3o do Servi\u00e7o dos Pobres, raz\u00e3o de ser do Carisma deixado pelos seus Fundadores S\u00e3o Vicente de Paulo [&hellip;]<\/p>\n","protected":false},"author":5,"featured_media":33035,"comment_status":"closed","ping_status":"closed","sticky":false,"template":"","format":"standard","meta":{"_acf_changed":false,"footnotes":"","_links_to":"","_links_to_target":""},"categories":[663],"tags":[],"class_list":["post-33092","post","type-post","status-publish","format-standard","has-post-thumbnail","hentry","category-recife-pt-pt"],"acf":[],"yoast_head":"<!-- This site is optimized with the Yoast SEO plugin v27.5 - https:\/\/yoast.com\/product\/yoast-seo-wordpress\/ -->\n<title>Bem aventurada Lindalva Justo de Oliveira-30 anos do Mart\u00edrio (1993-2023) - Filles de la Charit\u00e9<\/title>\n<meta name=\"robots\" content=\"index, follow, max-snippet:-1, max-image-preview:large, max-video-preview:-1\" \/>\n<link rel=\"canonical\" href=\"https:\/\/filles-de-la-charite.org\/pt-pt\/beata-lindalva-justo-de-oliveira-30-anos-de-su-martirio-1993-2023\/\" \/>\n<meta property=\"og:locale\" content=\"pt_PT\" \/>\n<meta property=\"og:type\" content=\"article\" \/>\n<meta property=\"og:title\" content=\"Bem aventurada Lindalva Justo de Oliveira-30 anos do Mart\u00edrio (1993-2023) - Filles de la Charit\u00e9\" \/>\n<meta property=\"og:description\" content=\"No dia 09 de abril de 1993 a Companhia das Filhas da Caridade, presente na Prov\u00edncia de Recife, precisamente em Salvador da Bahia, foi surpreendida com um acontecimento que mudaria sua vida, sua hist\u00f3ria e, mesmo, sua compreens\u00e3o do Servi\u00e7o dos Pobres, raz\u00e3o de ser do Carisma deixado pelos seus Fundadores S\u00e3o Vicente de Paulo [&hellip;]\" \/>\n<meta property=\"og:url\" content=\"https:\/\/filles-de-la-charite.org\/pt-pt\/beata-lindalva-justo-de-oliveira-30-anos-de-su-martirio-1993-2023\/\" \/>\n<meta property=\"og:site_name\" content=\"Filles de la Charit\u00e9\" \/>\n<meta property=\"article:published_time\" content=\"2023-06-27T17:10:19+00:00\" \/>\n<meta property=\"article:modified_time\" content=\"2024-03-04T18:19:34+00:00\" \/>\n<meta property=\"og:image\" content=\"https:\/\/filles-de-la-charite.org\/wp-content\/uploads\/2024\/03\/news-06.23-Beata-Lindalva-Justo-de-Oliveira-1.jpeg\" \/>\n\t<meta property=\"og:image:width\" content=\"1280\" \/>\n\t<meta property=\"og:image:height\" content=\"1143\" \/>\n\t<meta property=\"og:image:type\" content=\"image\/jpeg\" \/>\n<meta name=\"author\" content=\"SOR MARTA\" \/>\n<meta name=\"twitter:card\" content=\"summary_large_image\" \/>\n<meta name=\"twitter:label1\" content=\"Escrito por\" \/>\n\t<meta name=\"twitter:data1\" content=\"SOR MARTA\" \/>\n\t<meta name=\"twitter:label2\" content=\"Tempo estimado de leitura\" \/>\n\t<meta name=\"twitter:data2\" content=\"4 minutos\" \/>\n<script type=\"application\/ld+json\" class=\"yoast-schema-graph\">{\"@context\":\"https:\\\/\\\/schema.org\",\"@graph\":[{\"@type\":\"Article\",\"@id\":\"https:\\\/\\\/filles-de-la-charite.org\\\/pt-pt\\\/beata-lindalva-justo-de-oliveira-30-anos-de-su-martirio-1993-2023\\\/#article\",\"isPartOf\":{\"@id\":\"https:\\\/\\\/filles-de-la-charite.org\\\/pt-pt\\\/beata-lindalva-justo-de-oliveira-30-anos-de-su-martirio-1993-2023\\\/\"},\"author\":{\"name\":\"SOR MARTA\",\"@id\":\"https:\\\/\\\/filles-de-la-charite.org\\\/pt-pt\\\/#\\\/schema\\\/person\\\/0c922b6ca71280639858d297b3a7209f\"},\"headline\":\"Bem aventurada Lindalva Justo de Oliveira-30 anos do Mart\u00edrio (1993-2023)\",\"datePublished\":\"2023-06-27T17:10:19+00:00\",\"dateModified\":\"2024-03-04T18:19:34+00:00\",\"mainEntityOfPage\":{\"@id\":\"https:\\\/\\\/filles-de-la-charite.org\\\/pt-pt\\\/beata-lindalva-justo-de-oliveira-30-anos-de-su-martirio-1993-2023\\\/\"},\"wordCount\":849,\"publisher\":{\"@id\":\"https:\\\/\\\/filles-de-la-charite.org\\\/pt-pt\\\/#organization\"},\"image\":{\"@id\":\"https:\\\/\\\/filles-de-la-charite.org\\\/pt-pt\\\/beata-lindalva-justo-de-oliveira-30-anos-de-su-martirio-1993-2023\\\/#primaryimage\"},\"thumbnailUrl\":\"https:\\\/\\\/filles-de-la-charite.org\\\/wp-content\\\/uploads\\\/2024\\\/03\\\/news-06.23-Beata-Lindalva-Justo-de-Oliveira-1.jpeg\",\"articleSection\":[\"Recife\"],\"inLanguage\":\"pt-PT\"},{\"@type\":\"WebPage\",\"@id\":\"https:\\\/\\\/filles-de-la-charite.org\\\/pt-pt\\\/beata-lindalva-justo-de-oliveira-30-anos-de-su-martirio-1993-2023\\\/\",\"url\":\"https:\\\/\\\/filles-de-la-charite.org\\\/pt-pt\\\/beata-lindalva-justo-de-oliveira-30-anos-de-su-martirio-1993-2023\\\/\",\"name\":\"Bem aventurada Lindalva Justo de Oliveira-30 anos do Mart\u00edrio (1993-2023) - Filles de la Charit\u00e9\",\"isPartOf\":{\"@id\":\"https:\\\/\\\/filles-de-la-charite.org\\\/pt-pt\\\/#website\"},\"primaryImageOfPage\":{\"@id\":\"https:\\\/\\\/filles-de-la-charite.org\\\/pt-pt\\\/beata-lindalva-justo-de-oliveira-30-anos-de-su-martirio-1993-2023\\\/#primaryimage\"},\"image\":{\"@id\":\"https:\\\/\\\/filles-de-la-charite.org\\\/pt-pt\\\/beata-lindalva-justo-de-oliveira-30-anos-de-su-martirio-1993-2023\\\/#primaryimage\"},\"thumbnailUrl\":\"https:\\\/\\\/filles-de-la-charite.org\\\/wp-content\\\/uploads\\\/2024\\\/03\\\/news-06.23-Beata-Lindalva-Justo-de-Oliveira-1.jpeg\",\"datePublished\":\"2023-06-27T17:10:19+00:00\",\"dateModified\":\"2024-03-04T18:19:34+00:00\",\"breadcrumb\":{\"@id\":\"https:\\\/\\\/filles-de-la-charite.org\\\/pt-pt\\\/beata-lindalva-justo-de-oliveira-30-anos-de-su-martirio-1993-2023\\\/#breadcrumb\"},\"inLanguage\":\"pt-PT\",\"potentialAction\":[{\"@type\":\"ReadAction\",\"target\":[\"https:\\\/\\\/filles-de-la-charite.org\\\/pt-pt\\\/beata-lindalva-justo-de-oliveira-30-anos-de-su-martirio-1993-2023\\\/\"]}]},{\"@type\":\"ImageObject\",\"inLanguage\":\"pt-PT\",\"@id\":\"https:\\\/\\\/filles-de-la-charite.org\\\/pt-pt\\\/beata-lindalva-justo-de-oliveira-30-anos-de-su-martirio-1993-2023\\\/#primaryimage\",\"url\":\"https:\\\/\\\/filles-de-la-charite.org\\\/wp-content\\\/uploads\\\/2024\\\/03\\\/news-06.23-Beata-Lindalva-Justo-de-Oliveira-1.jpeg\",\"contentUrl\":\"https:\\\/\\\/filles-de-la-charite.org\\\/wp-content\\\/uploads\\\/2024\\\/03\\\/news-06.23-Beata-Lindalva-Justo-de-Oliveira-1.jpeg\",\"width\":1280,\"height\":1143},{\"@type\":\"BreadcrumbList\",\"@id\":\"https:\\\/\\\/filles-de-la-charite.org\\\/pt-pt\\\/beata-lindalva-justo-de-oliveira-30-anos-de-su-martirio-1993-2023\\\/#breadcrumb\",\"itemListElement\":[{\"@type\":\"ListItem\",\"position\":1,\"name\":\"Recife\",\"item\":\"https:\\\/\\\/filles-de-la-charite.org\\\/pt-pt\\\/category\\\/recife-pt-pt\\\/\"},{\"@type\":\"ListItem\",\"position\":2,\"name\":\"Bem aventurada Lindalva Justo de Oliveira-30 anos do Mart\u00edrio (1993-2023)\"}]},{\"@type\":\"WebSite\",\"@id\":\"https:\\\/\\\/filles-de-la-charite.org\\\/pt-pt\\\/#website\",\"url\":\"https:\\\/\\\/filles-de-la-charite.org\\\/pt-pt\\\/\",\"name\":\"Hijas de la Caridad\",\"description\":\"L\u2019amour de J\u00e9sus nous presse \u00e0 prendre soin des personnes les plus d\u00e9munies\",\"publisher\":{\"@id\":\"https:\\\/\\\/filles-de-la-charite.org\\\/pt-pt\\\/#organization\"},\"potentialAction\":[{\"@type\":\"SearchAction\",\"target\":{\"@type\":\"EntryPoint\",\"urlTemplate\":\"https:\\\/\\\/filles-de-la-charite.org\\\/pt-pt\\\/?s={search_term_string}\"},\"query-input\":{\"@type\":\"PropertyValueSpecification\",\"valueRequired\":true,\"valueName\":\"search_term_string\"}}],\"inLanguage\":\"pt-PT\"},{\"@type\":\"Organization\",\"@id\":\"https:\\\/\\\/filles-de-la-charite.org\\\/pt-pt\\\/#organization\",\"name\":\"Hijas de la Caridad\",\"url\":\"https:\\\/\\\/filles-de-la-charite.org\\\/pt-pt\\\/\",\"logo\":{\"@type\":\"ImageObject\",\"inLanguage\":\"pt-PT\",\"@id\":\"https:\\\/\\\/filles-de-la-charite.org\\\/pt-pt\\\/#\\\/schema\\\/logo\\\/image\\\/\",\"url\":\"https:\\\/\\\/filles-de-la-charite.org\\\/wp-content\\\/uploads\\\/2023\\\/03\\\/isotipo-Hijas-de-la-Caridad.png\",\"contentUrl\":\"https:\\\/\\\/filles-de-la-charite.org\\\/wp-content\\\/uploads\\\/2023\\\/03\\\/isotipo-Hijas-de-la-Caridad.png\",\"width\":1417,\"height\":1417,\"caption\":\"Hijas de la Caridad\"},\"image\":{\"@id\":\"https:\\\/\\\/filles-de-la-charite.org\\\/pt-pt\\\/#\\\/schema\\\/logo\\\/image\\\/\"}},{\"@type\":\"Person\",\"@id\":\"https:\\\/\\\/filles-de-la-charite.org\\\/pt-pt\\\/#\\\/schema\\\/person\\\/0c922b6ca71280639858d297b3a7209f\",\"name\":\"SOR MARTA\",\"image\":{\"@type\":\"ImageObject\",\"inLanguage\":\"pt-PT\",\"@id\":\"https:\\\/\\\/secure.gravatar.com\\\/avatar\\\/d2c45b0fd6bf2d3e2670ab3d112257c24ac80fa960360bba1bdc0676485d1d09?s=96&d=mm&r=g\",\"url\":\"https:\\\/\\\/secure.gravatar.com\\\/avatar\\\/d2c45b0fd6bf2d3e2670ab3d112257c24ac80fa960360bba1bdc0676485d1d09?s=96&d=mm&r=g\",\"contentUrl\":\"https:\\\/\\\/secure.gravatar.com\\\/avatar\\\/d2c45b0fd6bf2d3e2670ab3d112257c24ac80fa960360bba1bdc0676485d1d09?s=96&d=mm&r=g\",\"caption\":\"SOR MARTA\"},\"url\":\"https:\\\/\\\/filles-de-la-charite.org\\\/pt-pt\\\/author\\\/martaemn\\\/\"}]}<\/script>\n<!-- \/ Yoast SEO plugin. -->","yoast_head_json":{"title":"Bem aventurada Lindalva Justo de Oliveira-30 anos do Mart\u00edrio (1993-2023) - Filles de la Charit\u00e9","robots":{"index":"index","follow":"follow","max-snippet":"max-snippet:-1","max-image-preview":"max-image-preview:large","max-video-preview":"max-video-preview:-1"},"canonical":"https:\/\/filles-de-la-charite.org\/pt-pt\/beata-lindalva-justo-de-oliveira-30-anos-de-su-martirio-1993-2023\/","og_locale":"pt_PT","og_type":"article","og_title":"Bem aventurada Lindalva Justo de Oliveira-30 anos do Mart\u00edrio (1993-2023) - Filles de la Charit\u00e9","og_description":"No dia 09 de abril de 1993 a Companhia das Filhas da Caridade, presente na Prov\u00edncia de Recife, precisamente em Salvador da Bahia, foi surpreendida com um acontecimento que mudaria sua vida, sua hist\u00f3ria e, mesmo, sua compreens\u00e3o do Servi\u00e7o dos Pobres, raz\u00e3o de ser do Carisma deixado pelos seus Fundadores S\u00e3o Vicente de Paulo [&hellip;]","og_url":"https:\/\/filles-de-la-charite.org\/pt-pt\/beata-lindalva-justo-de-oliveira-30-anos-de-su-martirio-1993-2023\/","og_site_name":"Filles de la Charit\u00e9","article_published_time":"2023-06-27T17:10:19+00:00","article_modified_time":"2024-03-04T18:19:34+00:00","og_image":[{"width":1280,"height":1143,"url":"https:\/\/filles-de-la-charite.org\/wp-content\/uploads\/2024\/03\/news-06.23-Beata-Lindalva-Justo-de-Oliveira-1.jpeg","type":"image\/jpeg"}],"author":"SOR MARTA","twitter_card":"summary_large_image","twitter_misc":{"Escrito por":"SOR MARTA","Tempo estimado de leitura":"4 minutos"},"schema":{"@context":"https:\/\/schema.org","@graph":[{"@type":"Article","@id":"https:\/\/filles-de-la-charite.org\/pt-pt\/beata-lindalva-justo-de-oliveira-30-anos-de-su-martirio-1993-2023\/#article","isPartOf":{"@id":"https:\/\/filles-de-la-charite.org\/pt-pt\/beata-lindalva-justo-de-oliveira-30-anos-de-su-martirio-1993-2023\/"},"author":{"name":"SOR MARTA","@id":"https:\/\/filles-de-la-charite.org\/pt-pt\/#\/schema\/person\/0c922b6ca71280639858d297b3a7209f"},"headline":"Bem aventurada Lindalva Justo de Oliveira-30 anos do Mart\u00edrio (1993-2023)","datePublished":"2023-06-27T17:10:19+00:00","dateModified":"2024-03-04T18:19:34+00:00","mainEntityOfPage":{"@id":"https:\/\/filles-de-la-charite.org\/pt-pt\/beata-lindalva-justo-de-oliveira-30-anos-de-su-martirio-1993-2023\/"},"wordCount":849,"publisher":{"@id":"https:\/\/filles-de-la-charite.org\/pt-pt\/#organization"},"image":{"@id":"https:\/\/filles-de-la-charite.org\/pt-pt\/beata-lindalva-justo-de-oliveira-30-anos-de-su-martirio-1993-2023\/#primaryimage"},"thumbnailUrl":"https:\/\/filles-de-la-charite.org\/wp-content\/uploads\/2024\/03\/news-06.23-Beata-Lindalva-Justo-de-Oliveira-1.jpeg","articleSection":["Recife"],"inLanguage":"pt-PT"},{"@type":"WebPage","@id":"https:\/\/filles-de-la-charite.org\/pt-pt\/beata-lindalva-justo-de-oliveira-30-anos-de-su-martirio-1993-2023\/","url":"https:\/\/filles-de-la-charite.org\/pt-pt\/beata-lindalva-justo-de-oliveira-30-anos-de-su-martirio-1993-2023\/","name":"Bem aventurada Lindalva Justo de Oliveira-30 anos do Mart\u00edrio (1993-2023) - Filles de la Charit\u00e9","isPartOf":{"@id":"https:\/\/filles-de-la-charite.org\/pt-pt\/#website"},"primaryImageOfPage":{"@id":"https:\/\/filles-de-la-charite.org\/pt-pt\/beata-lindalva-justo-de-oliveira-30-anos-de-su-martirio-1993-2023\/#primaryimage"},"image":{"@id":"https:\/\/filles-de-la-charite.org\/pt-pt\/beata-lindalva-justo-de-oliveira-30-anos-de-su-martirio-1993-2023\/#primaryimage"},"thumbnailUrl":"https:\/\/filles-de-la-charite.org\/wp-content\/uploads\/2024\/03\/news-06.23-Beata-Lindalva-Justo-de-Oliveira-1.jpeg","datePublished":"2023-06-27T17:10:19+00:00","dateModified":"2024-03-04T18:19:34+00:00","breadcrumb":{"@id":"https:\/\/filles-de-la-charite.org\/pt-pt\/beata-lindalva-justo-de-oliveira-30-anos-de-su-martirio-1993-2023\/#breadcrumb"},"inLanguage":"pt-PT","potentialAction":[{"@type":"ReadAction","target":["https:\/\/filles-de-la-charite.org\/pt-pt\/beata-lindalva-justo-de-oliveira-30-anos-de-su-martirio-1993-2023\/"]}]},{"@type":"ImageObject","inLanguage":"pt-PT","@id":"https:\/\/filles-de-la-charite.org\/pt-pt\/beata-lindalva-justo-de-oliveira-30-anos-de-su-martirio-1993-2023\/#primaryimage","url":"https:\/\/filles-de-la-charite.org\/wp-content\/uploads\/2024\/03\/news-06.23-Beata-Lindalva-Justo-de-Oliveira-1.jpeg","contentUrl":"https:\/\/filles-de-la-charite.org\/wp-content\/uploads\/2024\/03\/news-06.23-Beata-Lindalva-Justo-de-Oliveira-1.jpeg","width":1280,"height":1143},{"@type":"BreadcrumbList","@id":"https:\/\/filles-de-la-charite.org\/pt-pt\/beata-lindalva-justo-de-oliveira-30-anos-de-su-martirio-1993-2023\/#breadcrumb","itemListElement":[{"@type":"ListItem","position":1,"name":"Recife","item":"https:\/\/filles-de-la-charite.org\/pt-pt\/category\/recife-pt-pt\/"},{"@type":"ListItem","position":2,"name":"Bem aventurada Lindalva Justo de Oliveira-30 anos do Mart\u00edrio (1993-2023)"}]},{"@type":"WebSite","@id":"https:\/\/filles-de-la-charite.org\/pt-pt\/#website","url":"https:\/\/filles-de-la-charite.org\/pt-pt\/","name":"Hijas de la Caridad","description":"L\u2019amour de J\u00e9sus nous presse \u00e0 prendre soin des personnes les plus d\u00e9munies","publisher":{"@id":"https:\/\/filles-de-la-charite.org\/pt-pt\/#organization"},"potentialAction":[{"@type":"SearchAction","target":{"@type":"EntryPoint","urlTemplate":"https:\/\/filles-de-la-charite.org\/pt-pt\/?s={search_term_string}"},"query-input":{"@type":"PropertyValueSpecification","valueRequired":true,"valueName":"search_term_string"}}],"inLanguage":"pt-PT"},{"@type":"Organization","@id":"https:\/\/filles-de-la-charite.org\/pt-pt\/#organization","name":"Hijas de la Caridad","url":"https:\/\/filles-de-la-charite.org\/pt-pt\/","logo":{"@type":"ImageObject","inLanguage":"pt-PT","@id":"https:\/\/filles-de-la-charite.org\/pt-pt\/#\/schema\/logo\/image\/","url":"https:\/\/filles-de-la-charite.org\/wp-content\/uploads\/2023\/03\/isotipo-Hijas-de-la-Caridad.png","contentUrl":"https:\/\/filles-de-la-charite.org\/wp-content\/uploads\/2023\/03\/isotipo-Hijas-de-la-Caridad.png","width":1417,"height":1417,"caption":"Hijas de la Caridad"},"image":{"@id":"https:\/\/filles-de-la-charite.org\/pt-pt\/#\/schema\/logo\/image\/"}},{"@type":"Person","@id":"https:\/\/filles-de-la-charite.org\/pt-pt\/#\/schema\/person\/0c922b6ca71280639858d297b3a7209f","name":"SOR MARTA","image":{"@type":"ImageObject","inLanguage":"pt-PT","@id":"https:\/\/secure.gravatar.com\/avatar\/d2c45b0fd6bf2d3e2670ab3d112257c24ac80fa960360bba1bdc0676485d1d09?s=96&d=mm&r=g","url":"https:\/\/secure.gravatar.com\/avatar\/d2c45b0fd6bf2d3e2670ab3d112257c24ac80fa960360bba1bdc0676485d1d09?s=96&d=mm&r=g","contentUrl":"https:\/\/secure.gravatar.com\/avatar\/d2c45b0fd6bf2d3e2670ab3d112257c24ac80fa960360bba1bdc0676485d1d09?s=96&d=mm&r=g","caption":"SOR MARTA"},"url":"https:\/\/filles-de-la-charite.org\/pt-pt\/author\/martaemn\/"}]}},"_links":{"self":[{"href":"https:\/\/filles-de-la-charite.org\/pt-pt\/wp-json\/wp\/v2\/posts\/33092","targetHints":{"allow":["GET"]}}],"collection":[{"href":"https:\/\/filles-de-la-charite.org\/pt-pt\/wp-json\/wp\/v2\/posts"}],"about":[{"href":"https:\/\/filles-de-la-charite.org\/pt-pt\/wp-json\/wp\/v2\/types\/post"}],"author":[{"embeddable":true,"href":"https:\/\/filles-de-la-charite.org\/pt-pt\/wp-json\/wp\/v2\/users\/5"}],"replies":[{"embeddable":true,"href":"https:\/\/filles-de-la-charite.org\/pt-pt\/wp-json\/wp\/v2\/comments?post=33092"}],"version-history":[{"count":2,"href":"https:\/\/filles-de-la-charite.org\/pt-pt\/wp-json\/wp\/v2\/posts\/33092\/revisions"}],"predecessor-version":[{"id":33101,"href":"https:\/\/filles-de-la-charite.org\/pt-pt\/wp-json\/wp\/v2\/posts\/33092\/revisions\/33101"}],"wp:featuredmedia":[{"embeddable":true,"href":"https:\/\/filles-de-la-charite.org\/pt-pt\/wp-json\/wp\/v2\/media\/33035"}],"wp:attachment":[{"href":"https:\/\/filles-de-la-charite.org\/pt-pt\/wp-json\/wp\/v2\/media?parent=33092"}],"wp:term":[{"taxonomy":"category","embeddable":true,"href":"https:\/\/filles-de-la-charite.org\/pt-pt\/wp-json\/wp\/v2\/categories?post=33092"},{"taxonomy":"post_tag","embeddable":true,"href":"https:\/\/filles-de-la-charite.org\/pt-pt\/wp-json\/wp\/v2\/tags?post=33092"}],"curies":[{"name":"wp","href":"https:\/\/api.w.org\/{rel}","templated":true}]}}