{"id":33541,"date":"2023-09-01T14:55:45","date_gmt":"2023-09-01T12:55:45","guid":{"rendered":"https:\/\/hijascaridad.sjdigitaldemo.ovh\/abramonos-al-espiritu-para-ir-y-franquear-las-puertas\/"},"modified":"2024-03-05T15:08:11","modified_gmt":"2024-03-05T14:08:11","slug":"abramonos-al-espiritu-para-ir-y-franquear-las-puertas","status":"publish","type":"post","link":"https:\/\/filles-de-la-charite.org\/pt-pt\/abramonos-al-espiritu-para-ir-y-franquear-las-puertas\/","title":{"rendered":"Abramos as nossas mentes para ir e abrir as portas\u2026"},"content":{"rendered":"\n<p>De 31 de agosto a 29 de setembro de 2023, as Filhas da Caridade de 7 a 10 anos de voca\u00e7\u00e3o participar\u00e3o da Sess\u00e3o Internacional de Renova\u00e7\u00e3o Espiritual Vicentina na Casa M\u00e3e da Companhia das Filhas da Caridade, 140 Rue du Bac, Paris. O ambiente j\u00e1 \u00e9 alegre e festivo, com a chegada de Irm\u00e3s de 36 Prov\u00edncias dos 5 continentes do mundo. Os olhares de espanto das Irm\u00e3s que tiveram a oportunidade de participar pela primeira vez do encontro de forma\u00e7\u00e3o, percorrendo os corredores da Casa M\u00e3e, contemplando com gratid\u00e3o e admira\u00e7\u00e3o os diversos ambientes ligados \u00e0s origens da nossa Companhia e, em particular, a Capela das Apari\u00e7\u00f5es da Virgem Maria a Santa Catarina Labour\u00e9. A Maria, a \u00fanica M\u00e3e da Companhia, confiamos o sucesso destes dias intensos, na escola dos nossos santos Fundadores, S\u00e3o Vicente e Santa Lu\u00edsa, cujo 400\u00ba anivers\u00e1rio estamos a celebrar com a sua Luz do Pentecoste.<\/p>\n\n\n\n<p>A equipa de coordena\u00e7\u00e3o e os participantes contam com as vossas ora\u00e7\u00f5es!<\/p>\n\n\n\n<p><\/p>\n\n\n\n<figure class=\"wp-block-gallery has-nested-images columns-default is-cropped wp-block-gallery-1 is-layout-flex wp-block-gallery-is-layout-flex\">\n<figure class=\"wp-block-image size-large\"><a href=\"https:\/\/filles-de-la-charite.org\/wp-content\/uploads\/2024\/03\/News-09.23-franquear-puertas-4-1024x681.jpg\" target=\"_blank\" rel=\"noopener\" data-rel=\"lightbox-image-0\" data-rl_title=\"\" data-rl_caption=\"\" title=\"\"><img loading=\"lazy\" decoding=\"async\" width=\"1024\" height=\"681\" data-id=\"33515\" src=\"https:\/\/filles-de-la-charite.org\/wp-content\/uploads\/2024\/03\/News-09.23-franquear-puertas-4-1024x681.jpg\" alt=\"\" class=\"wp-image-33515\" srcset=\"https:\/\/filles-de-la-charite.org\/wp-content\/uploads\/2024\/03\/News-09.23-franquear-puertas-4-980x652.jpg 980w, https:\/\/filles-de-la-charite.org\/wp-content\/uploads\/2024\/03\/News-09.23-franquear-puertas-4-480x319.jpg 480w\" sizes=\"(min-width: 0px) and (max-width: 480px) 480px, (min-width: 481px) and (max-width: 980px) 980px, (min-width: 981px) 1024px, 100vw\" \/><\/a><\/figure>\n\n\n\n<figure class=\"wp-block-image size-large\"><a href=\"https:\/\/filles-de-la-charite.org\/wp-content\/uploads\/2024\/03\/News-09.23-franquear-puertas-5-768x1024.jpg\" target=\"_blank\" rel=\"noopener\" data-rel=\"lightbox-image-1\" data-rl_title=\"\" data-rl_caption=\"\" title=\"\"><img loading=\"lazy\" decoding=\"async\" width=\"768\" height=\"1024\" data-id=\"33521\" src=\"https:\/\/filles-de-la-charite.org\/wp-content\/uploads\/2024\/03\/News-09.23-franquear-puertas-5-768x1024.jpg\" alt=\"\" class=\"wp-image-33521\"\/><\/a><\/figure>\n\n\n\n<figure class=\"wp-block-image size-large\"><a href=\"https:\/\/filles-de-la-charite.org\/wp-content\/uploads\/2024\/03\/News-09.23-franquear-puertas-3-1024x681.jpg\" target=\"_blank\" rel=\"noopener\" data-rel=\"lightbox-image-2\" data-rl_title=\"\" data-rl_caption=\"\" title=\"\"><img loading=\"lazy\" decoding=\"async\" width=\"1024\" height=\"681\" data-id=\"33509\" src=\"https:\/\/filles-de-la-charite.org\/wp-content\/uploads\/2024\/03\/News-09.23-franquear-puertas-3-1024x681.jpg\" alt=\"\" class=\"wp-image-33509\" srcset=\"https:\/\/filles-de-la-charite.org\/wp-content\/uploads\/2024\/03\/News-09.23-franquear-puertas-3-980x652.jpg 980w, https:\/\/filles-de-la-charite.org\/wp-content\/uploads\/2024\/03\/News-09.23-franquear-puertas-3-480x319.jpg 480w\" sizes=\"(min-width: 0px) and (max-width: 480px) 480px, (min-width: 481px) and (max-width: 980px) 980px, (min-width: 981px) 1024px, 100vw\" \/><\/a><\/figure>\n\n\n\n<figure class=\"wp-block-image size-large\"><a href=\"https:\/\/filles-de-la-charite.org\/wp-content\/uploads\/2024\/03\/News-09.23-franquear-puertas-2-1024x681.jpg\" target=\"_blank\" rel=\"noopener\" data-rel=\"lightbox-image-3\" data-rl_title=\"\" data-rl_caption=\"\" title=\"\"><img loading=\"lazy\" decoding=\"async\" width=\"1024\" height=\"681\" data-id=\"33503\" src=\"https:\/\/filles-de-la-charite.org\/wp-content\/uploads\/2024\/03\/News-09.23-franquear-puertas-2-1024x681.jpg\" alt=\"\" class=\"wp-image-33503\" srcset=\"https:\/\/filles-de-la-charite.org\/wp-content\/uploads\/2024\/03\/News-09.23-franquear-puertas-2-980x652.jpg 980w, https:\/\/filles-de-la-charite.org\/wp-content\/uploads\/2024\/03\/News-09.23-franquear-puertas-2-480x319.jpg 480w\" sizes=\"(min-width: 0px) and (max-width: 480px) 480px, (min-width: 481px) and (max-width: 980px) 980px, (min-width: 981px) 1024px, 100vw\" \/><\/a><\/figure>\n\n\n\n<figure class=\"wp-block-image size-large\"><a href=\"https:\/\/filles-de-la-charite.org\/wp-content\/uploads\/2024\/03\/News-09.23-franquear-puertas-6-768x1024.jpg\" target=\"_blank\" rel=\"noopener\" data-rel=\"lightbox-image-4\" data-rl_title=\"\" data-rl_caption=\"\" title=\"\"><img loading=\"lazy\" decoding=\"async\" width=\"768\" height=\"1024\" data-id=\"33527\" src=\"https:\/\/filles-de-la-charite.org\/wp-content\/uploads\/2024\/03\/News-09.23-franquear-puertas-6-768x1024.jpg\" alt=\"\" class=\"wp-image-33527\"\/><\/a><\/figure>\n\n\n\n<figure class=\"wp-block-image size-large\"><a href=\"https:\/\/filles-de-la-charite.org\/wp-content\/uploads\/2024\/03\/News-09.23-franquear-puertas-11-462x1024.jpg\" target=\"_blank\" rel=\"noopener\" data-rel=\"lightbox-image-5\" data-rl_title=\"\" data-rl_caption=\"\" title=\"\"><img loading=\"lazy\" decoding=\"async\" width=\"462\" height=\"1024\" data-id=\"33485\" src=\"https:\/\/filles-de-la-charite.org\/wp-content\/uploads\/2024\/03\/News-09.23-franquear-puertas-11-462x1024.jpg\" alt=\"\" class=\"wp-image-33485\"\/><\/a><\/figure>\n\n\n\n<figure class=\"wp-block-image size-large\"><a href=\"https:\/\/filles-de-la-charite.org\/wp-content\/uploads\/2024\/03\/News-09.23-franquear-puertas-1-1024x681.jpg\" target=\"_blank\" rel=\"noopener\" data-rel=\"lightbox-image-6\" data-rl_title=\"\" data-rl_caption=\"\" title=\"\"><img loading=\"lazy\" decoding=\"async\" width=\"1024\" height=\"681\" data-id=\"33497\" src=\"https:\/\/filles-de-la-charite.org\/wp-content\/uploads\/2024\/03\/News-09.23-franquear-puertas-1-1024x681.jpg\" alt=\"\" class=\"wp-image-33497\" srcset=\"https:\/\/filles-de-la-charite.org\/wp-content\/uploads\/2024\/03\/News-09.23-franquear-puertas-1-980x652.jpg 980w, https:\/\/filles-de-la-charite.org\/wp-content\/uploads\/2024\/03\/News-09.23-franquear-puertas-1-480x319.jpg 480w\" sizes=\"(min-width: 0px) and (max-width: 480px) 480px, (min-width: 481px) and (max-width: 980px) 980px, (min-width: 981px) 1024px, 100vw\" \/><\/a><\/figure>\n\n\n\n<figure class=\"wp-block-image size-large\"><a href=\"https:\/\/filles-de-la-charite.org\/wp-content\/uploads\/2024\/03\/News-09.23-franquear-puertas-12-1024x681.jpg\" target=\"_blank\" rel=\"noopener\" data-rel=\"lightbox-image-7\" data-rl_title=\"\" data-rl_caption=\"\" title=\"\"><img loading=\"lazy\" decoding=\"async\" width=\"1024\" height=\"681\" data-id=\"33491\" src=\"https:\/\/filles-de-la-charite.org\/wp-content\/uploads\/2024\/03\/News-09.23-franquear-puertas-12-1024x681.jpg\" alt=\"\" class=\"wp-image-33491\" srcset=\"https:\/\/filles-de-la-charite.org\/wp-content\/uploads\/2024\/03\/News-09.23-franquear-puertas-12-980x652.jpg 980w, https:\/\/filles-de-la-charite.org\/wp-content\/uploads\/2024\/03\/News-09.23-franquear-puertas-12-480x319.jpg 480w\" sizes=\"(min-width: 0px) and (max-width: 480px) 480px, (min-width: 481px) and (max-width: 980px) 980px, (min-width: 981px) 1024px, 100vw\" \/><\/a><\/figure>\n\n\n\n<figure class=\"wp-block-image size-large\"><a href=\"https:\/\/filles-de-la-charite.org\/wp-content\/uploads\/2024\/03\/News-09.23-franquear-puertas-9-768x1024.jpg\" target=\"_blank\" rel=\"noopener\" data-rel=\"lightbox-image-8\" data-rl_title=\"\" data-rl_caption=\"\" title=\"\"><img loading=\"lazy\" decoding=\"async\" width=\"768\" height=\"1024\" data-id=\"33473\" src=\"https:\/\/filles-de-la-charite.org\/wp-content\/uploads\/2024\/03\/News-09.23-franquear-puertas-9-768x1024.jpg\" alt=\"\" class=\"wp-image-33473\"\/><\/a><\/figure>\n\n\n\n<figure class=\"wp-block-image size-large\"><a href=\"https:\/\/filles-de-la-charite.org\/wp-content\/uploads\/2024\/03\/News-09.23-franquear-puertas-8-768x1024.jpg\" target=\"_blank\" rel=\"noopener\" data-rel=\"lightbox-image-9\" data-rl_title=\"\" data-rl_caption=\"\" title=\"\"><img loading=\"lazy\" decoding=\"async\" width=\"768\" height=\"1024\" data-id=\"33467\" src=\"https:\/\/filles-de-la-charite.org\/wp-content\/uploads\/2024\/03\/News-09.23-franquear-puertas-8-768x1024.jpg\" alt=\"\" class=\"wp-image-33467\"\/><\/a><\/figure>\n\n\n\n<figure class=\"wp-block-image size-large\"><a href=\"https:\/\/filles-de-la-charite.org\/wp-content\/uploads\/2024\/03\/News-09.23-franquear-puertas-7-768x1024.jpg\" target=\"_blank\" rel=\"noopener\" data-rel=\"lightbox-image-10\" data-rl_title=\"\" data-rl_caption=\"\" title=\"\"><img loading=\"lazy\" decoding=\"async\" width=\"768\" height=\"1024\" data-id=\"33461\" src=\"https:\/\/filles-de-la-charite.org\/wp-content\/uploads\/2024\/03\/News-09.23-franquear-puertas-7-768x1024.jpg\" alt=\"\" class=\"wp-image-33461\"\/><\/a><\/figure>\n<\/figure>\n","protected":false},"excerpt":{"rendered":"<p>De 31 de agosto a 29 de setembro de 2023, as Filhas da Caridade de 7 a 10 anos de voca\u00e7\u00e3o participar\u00e3o da Sess\u00e3o Internacional de Renova\u00e7\u00e3o Espiritual Vicentina na Casa M\u00e3e da Companhia das Filhas da Caridade, 140 Rue du Bac, Paris. O ambiente j\u00e1 \u00e9 alegre e festivo, com a chegada de Irm\u00e3s [&hellip;]<\/p>\n","protected":false},"author":5,"featured_media":33484,"comment_status":"closed","ping_status":"closed","sticky":false,"template":"","format":"standard","meta":{"_acf_changed":false,"footnotes":"","_links_to":"","_links_to_target":""},"categories":[561],"tags":[],"class_list":["post-33541","post","type-post","status-publish","format-standard","has-post-thumbnail","hentry","category-casa-mae-pt-pt"],"acf":[],"yoast_head":"<!-- This site is optimized with the Yoast SEO plugin v27.5 - https:\/\/yoast.com\/product\/yoast-seo-wordpress\/ -->\n<title>Abramos as nossas mentes para ir e abrir as portas\u2026 - Filles de la Charit\u00e9<\/title>\n<meta name=\"robots\" content=\"index, follow, max-snippet:-1, max-image-preview:large, max-video-preview:-1\" \/>\n<link rel=\"canonical\" href=\"https:\/\/filles-de-la-charite.org\/pt-pt\/abramonos-al-espiritu-para-ir-y-franquear-las-puertas\/\" \/>\n<meta property=\"og:locale\" content=\"pt_PT\" \/>\n<meta property=\"og:type\" content=\"article\" \/>\n<meta property=\"og:title\" content=\"Abramos as nossas mentes para ir e abrir as portas\u2026 - Filles de la Charit\u00e9\" \/>\n<meta property=\"og:description\" content=\"De 31 de agosto a 29 de setembro de 2023, as Filhas da Caridade de 7 a 10 anos de voca\u00e7\u00e3o participar\u00e3o da Sess\u00e3o Internacional de Renova\u00e7\u00e3o Espiritual Vicentina na Casa M\u00e3e da Companhia das Filhas da Caridade, 140 Rue du Bac, Paris. O ambiente j\u00e1 \u00e9 alegre e festivo, com a chegada de Irm\u00e3s [&hellip;]\" \/>\n<meta property=\"og:url\" content=\"https:\/\/filles-de-la-charite.org\/pt-pt\/abramonos-al-espiritu-para-ir-y-franquear-las-puertas\/\" \/>\n<meta property=\"og:site_name\" content=\"Filles de la Charit\u00e9\" \/>\n<meta property=\"article:published_time\" content=\"2023-09-01T12:55:45+00:00\" \/>\n<meta property=\"article:modified_time\" content=\"2024-03-05T14:08:11+00:00\" \/>\n<meta property=\"og:image\" content=\"https:\/\/filles-de-la-charite.org\/wp-content\/uploads\/2024\/03\/News-09.23-franquear-puertas-10.jpg\" \/>\n\t<meta property=\"og:image:width\" content=\"2084\" \/>\n\t<meta property=\"og:image:height\" content=\"1172\" \/>\n\t<meta property=\"og:image:type\" content=\"image\/jpeg\" \/>\n<meta name=\"author\" content=\"SOR MARTA\" \/>\n<meta name=\"twitter:card\" content=\"summary_large_image\" \/>\n<meta name=\"twitter:label1\" content=\"Escrito por\" \/>\n\t<meta name=\"twitter:data1\" content=\"SOR MARTA\" \/>\n\t<meta name=\"twitter:label2\" content=\"Tempo estimado de leitura\" \/>\n\t<meta name=\"twitter:data2\" content=\"1 minuto\" \/>\n<script type=\"application\/ld+json\" class=\"yoast-schema-graph\">{\"@context\":\"https:\\\/\\\/schema.org\",\"@graph\":[{\"@type\":\"Article\",\"@id\":\"https:\\\/\\\/filles-de-la-charite.org\\\/pt-pt\\\/abramonos-al-espiritu-para-ir-y-franquear-las-puertas\\\/#article\",\"isPartOf\":{\"@id\":\"https:\\\/\\\/filles-de-la-charite.org\\\/pt-pt\\\/abramonos-al-espiritu-para-ir-y-franquear-las-puertas\\\/\"},\"author\":{\"name\":\"SOR MARTA\",\"@id\":\"https:\\\/\\\/filles-de-la-charite.org\\\/pt-pt\\\/#\\\/schema\\\/person\\\/0c922b6ca71280639858d297b3a7209f\"},\"headline\":\"Abramos as nossas mentes para ir e abrir as portas\u2026\",\"datePublished\":\"2023-09-01T12:55:45+00:00\",\"dateModified\":\"2024-03-05T14:08:11+00:00\",\"mainEntityOfPage\":{\"@id\":\"https:\\\/\\\/filles-de-la-charite.org\\\/pt-pt\\\/abramonos-al-espiritu-para-ir-y-franquear-las-puertas\\\/\"},\"wordCount\":183,\"publisher\":{\"@id\":\"https:\\\/\\\/filles-de-la-charite.org\\\/pt-pt\\\/#organization\"},\"image\":{\"@id\":\"https:\\\/\\\/filles-de-la-charite.org\\\/pt-pt\\\/abramonos-al-espiritu-para-ir-y-franquear-las-puertas\\\/#primaryimage\"},\"thumbnailUrl\":\"https:\\\/\\\/filles-de-la-charite.org\\\/wp-content\\\/uploads\\\/2024\\\/03\\\/News-09.23-franquear-puertas-10.jpg\",\"articleSection\":[\"Casa-M\u00e3e\"],\"inLanguage\":\"pt-PT\"},{\"@type\":\"WebPage\",\"@id\":\"https:\\\/\\\/filles-de-la-charite.org\\\/pt-pt\\\/abramonos-al-espiritu-para-ir-y-franquear-las-puertas\\\/\",\"url\":\"https:\\\/\\\/filles-de-la-charite.org\\\/pt-pt\\\/abramonos-al-espiritu-para-ir-y-franquear-las-puertas\\\/\",\"name\":\"Abramos as nossas mentes para ir e abrir as portas\u2026 - Filles de la Charit\u00e9\",\"isPartOf\":{\"@id\":\"https:\\\/\\\/filles-de-la-charite.org\\\/pt-pt\\\/#website\"},\"primaryImageOfPage\":{\"@id\":\"https:\\\/\\\/filles-de-la-charite.org\\\/pt-pt\\\/abramonos-al-espiritu-para-ir-y-franquear-las-puertas\\\/#primaryimage\"},\"image\":{\"@id\":\"https:\\\/\\\/filles-de-la-charite.org\\\/pt-pt\\\/abramonos-al-espiritu-para-ir-y-franquear-las-puertas\\\/#primaryimage\"},\"thumbnailUrl\":\"https:\\\/\\\/filles-de-la-charite.org\\\/wp-content\\\/uploads\\\/2024\\\/03\\\/News-09.23-franquear-puertas-10.jpg\",\"datePublished\":\"2023-09-01T12:55:45+00:00\",\"dateModified\":\"2024-03-05T14:08:11+00:00\",\"breadcrumb\":{\"@id\":\"https:\\\/\\\/filles-de-la-charite.org\\\/pt-pt\\\/abramonos-al-espiritu-para-ir-y-franquear-las-puertas\\\/#breadcrumb\"},\"inLanguage\":\"pt-PT\",\"potentialAction\":[{\"@type\":\"ReadAction\",\"target\":[\"https:\\\/\\\/filles-de-la-charite.org\\\/pt-pt\\\/abramonos-al-espiritu-para-ir-y-franquear-las-puertas\\\/\"]}]},{\"@type\":\"ImageObject\",\"inLanguage\":\"pt-PT\",\"@id\":\"https:\\\/\\\/filles-de-la-charite.org\\\/pt-pt\\\/abramonos-al-espiritu-para-ir-y-franquear-las-puertas\\\/#primaryimage\",\"url\":\"https:\\\/\\\/filles-de-la-charite.org\\\/wp-content\\\/uploads\\\/2024\\\/03\\\/News-09.23-franquear-puertas-10.jpg\",\"contentUrl\":\"https:\\\/\\\/filles-de-la-charite.org\\\/wp-content\\\/uploads\\\/2024\\\/03\\\/News-09.23-franquear-puertas-10.jpg\",\"width\":2084,\"height\":1172},{\"@type\":\"BreadcrumbList\",\"@id\":\"https:\\\/\\\/filles-de-la-charite.org\\\/pt-pt\\\/abramonos-al-espiritu-para-ir-y-franquear-las-puertas\\\/#breadcrumb\",\"itemListElement\":[{\"@type\":\"ListItem\",\"position\":1,\"name\":\"Casa-M\u00e3e\",\"item\":\"https:\\\/\\\/filles-de-la-charite.org\\\/pt-pt\\\/category\\\/casa-mae-pt-pt\\\/\"},{\"@type\":\"ListItem\",\"position\":2,\"name\":\"Abramos as nossas mentes para ir e abrir as portas\u2026\"}]},{\"@type\":\"WebSite\",\"@id\":\"https:\\\/\\\/filles-de-la-charite.org\\\/pt-pt\\\/#website\",\"url\":\"https:\\\/\\\/filles-de-la-charite.org\\\/pt-pt\\\/\",\"name\":\"Hijas de la Caridad\",\"description\":\"L\u2019amour de J\u00e9sus nous presse \u00e0 prendre soin des personnes les plus d\u00e9munies\",\"publisher\":{\"@id\":\"https:\\\/\\\/filles-de-la-charite.org\\\/pt-pt\\\/#organization\"},\"potentialAction\":[{\"@type\":\"SearchAction\",\"target\":{\"@type\":\"EntryPoint\",\"urlTemplate\":\"https:\\\/\\\/filles-de-la-charite.org\\\/pt-pt\\\/?s={search_term_string}\"},\"query-input\":{\"@type\":\"PropertyValueSpecification\",\"valueRequired\":true,\"valueName\":\"search_term_string\"}}],\"inLanguage\":\"pt-PT\"},{\"@type\":\"Organization\",\"@id\":\"https:\\\/\\\/filles-de-la-charite.org\\\/pt-pt\\\/#organization\",\"name\":\"Hijas de la Caridad\",\"url\":\"https:\\\/\\\/filles-de-la-charite.org\\\/pt-pt\\\/\",\"logo\":{\"@type\":\"ImageObject\",\"inLanguage\":\"pt-PT\",\"@id\":\"https:\\\/\\\/filles-de-la-charite.org\\\/pt-pt\\\/#\\\/schema\\\/logo\\\/image\\\/\",\"url\":\"https:\\\/\\\/filles-de-la-charite.org\\\/wp-content\\\/uploads\\\/2023\\\/03\\\/isotipo-Hijas-de-la-Caridad.png\",\"contentUrl\":\"https:\\\/\\\/filles-de-la-charite.org\\\/wp-content\\\/uploads\\\/2023\\\/03\\\/isotipo-Hijas-de-la-Caridad.png\",\"width\":1417,\"height\":1417,\"caption\":\"Hijas de la Caridad\"},\"image\":{\"@id\":\"https:\\\/\\\/filles-de-la-charite.org\\\/pt-pt\\\/#\\\/schema\\\/logo\\\/image\\\/\"}},{\"@type\":\"Person\",\"@id\":\"https:\\\/\\\/filles-de-la-charite.org\\\/pt-pt\\\/#\\\/schema\\\/person\\\/0c922b6ca71280639858d297b3a7209f\",\"name\":\"SOR MARTA\",\"image\":{\"@type\":\"ImageObject\",\"inLanguage\":\"pt-PT\",\"@id\":\"https:\\\/\\\/secure.gravatar.com\\\/avatar\\\/d2c45b0fd6bf2d3e2670ab3d112257c24ac80fa960360bba1bdc0676485d1d09?s=96&d=mm&r=g\",\"url\":\"https:\\\/\\\/secure.gravatar.com\\\/avatar\\\/d2c45b0fd6bf2d3e2670ab3d112257c24ac80fa960360bba1bdc0676485d1d09?s=96&d=mm&r=g\",\"contentUrl\":\"https:\\\/\\\/secure.gravatar.com\\\/avatar\\\/d2c45b0fd6bf2d3e2670ab3d112257c24ac80fa960360bba1bdc0676485d1d09?s=96&d=mm&r=g\",\"caption\":\"SOR MARTA\"},\"url\":\"https:\\\/\\\/filles-de-la-charite.org\\\/pt-pt\\\/author\\\/martaemn\\\/\"}]}<\/script>\n<!-- \/ Yoast SEO plugin. -->","yoast_head_json":{"title":"Abramos as nossas mentes para ir e abrir as portas\u2026 - Filles de la Charit\u00e9","robots":{"index":"index","follow":"follow","max-snippet":"max-snippet:-1","max-image-preview":"max-image-preview:large","max-video-preview":"max-video-preview:-1"},"canonical":"https:\/\/filles-de-la-charite.org\/pt-pt\/abramonos-al-espiritu-para-ir-y-franquear-las-puertas\/","og_locale":"pt_PT","og_type":"article","og_title":"Abramos as nossas mentes para ir e abrir as portas\u2026 - Filles de la Charit\u00e9","og_description":"De 31 de agosto a 29 de setembro de 2023, as Filhas da Caridade de 7 a 10 anos de voca\u00e7\u00e3o participar\u00e3o da Sess\u00e3o Internacional de Renova\u00e7\u00e3o Espiritual Vicentina na Casa M\u00e3e da Companhia das Filhas da Caridade, 140 Rue du Bac, Paris. O ambiente j\u00e1 \u00e9 alegre e festivo, com a chegada de Irm\u00e3s [&hellip;]","og_url":"https:\/\/filles-de-la-charite.org\/pt-pt\/abramonos-al-espiritu-para-ir-y-franquear-las-puertas\/","og_site_name":"Filles de la Charit\u00e9","article_published_time":"2023-09-01T12:55:45+00:00","article_modified_time":"2024-03-05T14:08:11+00:00","og_image":[{"width":2084,"height":1172,"url":"https:\/\/filles-de-la-charite.org\/wp-content\/uploads\/2024\/03\/News-09.23-franquear-puertas-10.jpg","type":"image\/jpeg"}],"author":"SOR MARTA","twitter_card":"summary_large_image","twitter_misc":{"Escrito por":"SOR MARTA","Tempo estimado de leitura":"1 minuto"},"schema":{"@context":"https:\/\/schema.org","@graph":[{"@type":"Article","@id":"https:\/\/filles-de-la-charite.org\/pt-pt\/abramonos-al-espiritu-para-ir-y-franquear-las-puertas\/#article","isPartOf":{"@id":"https:\/\/filles-de-la-charite.org\/pt-pt\/abramonos-al-espiritu-para-ir-y-franquear-las-puertas\/"},"author":{"name":"SOR MARTA","@id":"https:\/\/filles-de-la-charite.org\/pt-pt\/#\/schema\/person\/0c922b6ca71280639858d297b3a7209f"},"headline":"Abramos as nossas mentes para ir e abrir as portas\u2026","datePublished":"2023-09-01T12:55:45+00:00","dateModified":"2024-03-05T14:08:11+00:00","mainEntityOfPage":{"@id":"https:\/\/filles-de-la-charite.org\/pt-pt\/abramonos-al-espiritu-para-ir-y-franquear-las-puertas\/"},"wordCount":183,"publisher":{"@id":"https:\/\/filles-de-la-charite.org\/pt-pt\/#organization"},"image":{"@id":"https:\/\/filles-de-la-charite.org\/pt-pt\/abramonos-al-espiritu-para-ir-y-franquear-las-puertas\/#primaryimage"},"thumbnailUrl":"https:\/\/filles-de-la-charite.org\/wp-content\/uploads\/2024\/03\/News-09.23-franquear-puertas-10.jpg","articleSection":["Casa-M\u00e3e"],"inLanguage":"pt-PT"},{"@type":"WebPage","@id":"https:\/\/filles-de-la-charite.org\/pt-pt\/abramonos-al-espiritu-para-ir-y-franquear-las-puertas\/","url":"https:\/\/filles-de-la-charite.org\/pt-pt\/abramonos-al-espiritu-para-ir-y-franquear-las-puertas\/","name":"Abramos as nossas mentes para ir e abrir as portas\u2026 - Filles de la Charit\u00e9","isPartOf":{"@id":"https:\/\/filles-de-la-charite.org\/pt-pt\/#website"},"primaryImageOfPage":{"@id":"https:\/\/filles-de-la-charite.org\/pt-pt\/abramonos-al-espiritu-para-ir-y-franquear-las-puertas\/#primaryimage"},"image":{"@id":"https:\/\/filles-de-la-charite.org\/pt-pt\/abramonos-al-espiritu-para-ir-y-franquear-las-puertas\/#primaryimage"},"thumbnailUrl":"https:\/\/filles-de-la-charite.org\/wp-content\/uploads\/2024\/03\/News-09.23-franquear-puertas-10.jpg","datePublished":"2023-09-01T12:55:45+00:00","dateModified":"2024-03-05T14:08:11+00:00","breadcrumb":{"@id":"https:\/\/filles-de-la-charite.org\/pt-pt\/abramonos-al-espiritu-para-ir-y-franquear-las-puertas\/#breadcrumb"},"inLanguage":"pt-PT","potentialAction":[{"@type":"ReadAction","target":["https:\/\/filles-de-la-charite.org\/pt-pt\/abramonos-al-espiritu-para-ir-y-franquear-las-puertas\/"]}]},{"@type":"ImageObject","inLanguage":"pt-PT","@id":"https:\/\/filles-de-la-charite.org\/pt-pt\/abramonos-al-espiritu-para-ir-y-franquear-las-puertas\/#primaryimage","url":"https:\/\/filles-de-la-charite.org\/wp-content\/uploads\/2024\/03\/News-09.23-franquear-puertas-10.jpg","contentUrl":"https:\/\/filles-de-la-charite.org\/wp-content\/uploads\/2024\/03\/News-09.23-franquear-puertas-10.jpg","width":2084,"height":1172},{"@type":"BreadcrumbList","@id":"https:\/\/filles-de-la-charite.org\/pt-pt\/abramonos-al-espiritu-para-ir-y-franquear-las-puertas\/#breadcrumb","itemListElement":[{"@type":"ListItem","position":1,"name":"Casa-M\u00e3e","item":"https:\/\/filles-de-la-charite.org\/pt-pt\/category\/casa-mae-pt-pt\/"},{"@type":"ListItem","position":2,"name":"Abramos as nossas mentes para ir e abrir as portas\u2026"}]},{"@type":"WebSite","@id":"https:\/\/filles-de-la-charite.org\/pt-pt\/#website","url":"https:\/\/filles-de-la-charite.org\/pt-pt\/","name":"Hijas de la Caridad","description":"L\u2019amour de J\u00e9sus nous presse \u00e0 prendre soin des personnes les plus d\u00e9munies","publisher":{"@id":"https:\/\/filles-de-la-charite.org\/pt-pt\/#organization"},"potentialAction":[{"@type":"SearchAction","target":{"@type":"EntryPoint","urlTemplate":"https:\/\/filles-de-la-charite.org\/pt-pt\/?s={search_term_string}"},"query-input":{"@type":"PropertyValueSpecification","valueRequired":true,"valueName":"search_term_string"}}],"inLanguage":"pt-PT"},{"@type":"Organization","@id":"https:\/\/filles-de-la-charite.org\/pt-pt\/#organization","name":"Hijas de la Caridad","url":"https:\/\/filles-de-la-charite.org\/pt-pt\/","logo":{"@type":"ImageObject","inLanguage":"pt-PT","@id":"https:\/\/filles-de-la-charite.org\/pt-pt\/#\/schema\/logo\/image\/","url":"https:\/\/filles-de-la-charite.org\/wp-content\/uploads\/2023\/03\/isotipo-Hijas-de-la-Caridad.png","contentUrl":"https:\/\/filles-de-la-charite.org\/wp-content\/uploads\/2023\/03\/isotipo-Hijas-de-la-Caridad.png","width":1417,"height":1417,"caption":"Hijas de la Caridad"},"image":{"@id":"https:\/\/filles-de-la-charite.org\/pt-pt\/#\/schema\/logo\/image\/"}},{"@type":"Person","@id":"https:\/\/filles-de-la-charite.org\/pt-pt\/#\/schema\/person\/0c922b6ca71280639858d297b3a7209f","name":"SOR MARTA","image":{"@type":"ImageObject","inLanguage":"pt-PT","@id":"https:\/\/secure.gravatar.com\/avatar\/d2c45b0fd6bf2d3e2670ab3d112257c24ac80fa960360bba1bdc0676485d1d09?s=96&d=mm&r=g","url":"https:\/\/secure.gravatar.com\/avatar\/d2c45b0fd6bf2d3e2670ab3d112257c24ac80fa960360bba1bdc0676485d1d09?s=96&d=mm&r=g","contentUrl":"https:\/\/secure.gravatar.com\/avatar\/d2c45b0fd6bf2d3e2670ab3d112257c24ac80fa960360bba1bdc0676485d1d09?s=96&d=mm&r=g","caption":"SOR MARTA"},"url":"https:\/\/filles-de-la-charite.org\/pt-pt\/author\/martaemn\/"}]}},"_links":{"self":[{"href":"https:\/\/filles-de-la-charite.org\/pt-pt\/wp-json\/wp\/v2\/posts\/33541","targetHints":{"allow":["GET"]}}],"collection":[{"href":"https:\/\/filles-de-la-charite.org\/pt-pt\/wp-json\/wp\/v2\/posts"}],"about":[{"href":"https:\/\/filles-de-la-charite.org\/pt-pt\/wp-json\/wp\/v2\/types\/post"}],"author":[{"embeddable":true,"href":"https:\/\/filles-de-la-charite.org\/pt-pt\/wp-json\/wp\/v2\/users\/5"}],"replies":[{"embeddable":true,"href":"https:\/\/filles-de-la-charite.org\/pt-pt\/wp-json\/wp\/v2\/comments?post=33541"}],"version-history":[{"count":1,"href":"https:\/\/filles-de-la-charite.org\/pt-pt\/wp-json\/wp\/v2\/posts\/33541\/revisions"}],"predecessor-version":[{"id":33545,"href":"https:\/\/filles-de-la-charite.org\/pt-pt\/wp-json\/wp\/v2\/posts\/33541\/revisions\/33545"}],"wp:featuredmedia":[{"embeddable":true,"href":"https:\/\/filles-de-la-charite.org\/pt-pt\/wp-json\/wp\/v2\/media\/33484"}],"wp:attachment":[{"href":"https:\/\/filles-de-la-charite.org\/pt-pt\/wp-json\/wp\/v2\/media?parent=33541"}],"wp:term":[{"taxonomy":"category","embeddable":true,"href":"https:\/\/filles-de-la-charite.org\/pt-pt\/wp-json\/wp\/v2\/categories?post=33541"},{"taxonomy":"post_tag","embeddable":true,"href":"https:\/\/filles-de-la-charite.org\/pt-pt\/wp-json\/wp\/v2\/tags?post=33541"}],"curies":[{"name":"wp","href":"https:\/\/api.w.org\/{rel}","templated":true}]}}