{"id":33823,"date":"2023-10-08T17:46:03","date_gmt":"2023-10-08T15:46:03","guid":{"rendered":"https:\/\/hijascaridad.sjdigitaldemo.ovh\/llamadas-y-convocadas-por-dios\/"},"modified":"2024-03-05T18:16:42","modified_gmt":"2024-03-05T17:16:42","slug":"llamadas-y-convocadas-por-dios","status":"publish","type":"post","link":"https:\/\/filles-de-la-charite.org\/pt-pt\/llamadas-y-convocadas-por-dios\/","title":{"rendered":"Chamadas e convocadas por Deus\u2026"},"content":{"rendered":"\n<p>A partir desta certeza com que as nossas Constitui\u00e7\u00f5es explicam o nosso estar juntas para a miss\u00e3o (cf. C 32), chegamos a Paris para a Sess\u00e3o Vicentina de setembro de 2023, as 59 irm\u00e3s dos 26 pa\u00edses que constitu\u00edram esta bela Comunidade internacional das Filhas da Caridade dos 7 aos 10 anos de voca\u00e7\u00e3o.<\/p>\n\n\n\n<figure class=\"wp-block-image aligncenter size-full\"><img loading=\"lazy\" decoding=\"async\" width=\"777\" height=\"1024\" src=\"https:\/\/filles-de-la-charite.org\/wp-content\/uploads\/2024\/03\/News-10.23-Llamadas-y-convocadas-por-Dios\u2026-3.jpg\" alt=\"\" class=\"wp-image-33786\" srcset=\"https:\/\/filles-de-la-charite.org\/wp-content\/uploads\/2024\/03\/News-10.23-Llamadas-y-convocadas-por-Dios\u2026-3.jpg 777w, https:\/\/filles-de-la-charite.org\/wp-content\/uploads\/2024\/03\/News-10.23-Llamadas-y-convocadas-por-Dios\u2026-3-228x300.jpg 228w, https:\/\/filles-de-la-charite.org\/wp-content\/uploads\/2024\/03\/News-10.23-Llamadas-y-convocadas-por-Dios\u2026-3-768x1012.jpg 768w, https:\/\/filles-de-la-charite.org\/wp-content\/uploads\/2024\/03\/News-10.23-Llamadas-y-convocadas-por-Dios\u2026-3-480x633.jpg 480w\" sizes=\"(max-width: 777px) 100vw, 777px\" \/><\/figure>\n\n\n\n<p>Respondendo ao apelo, abrimos as portas da l\u00edngua, das culturas, dos continentes, das idades e dos modos de servi\u00e7o e fizemos desta Sess\u00e3o um terreno f\u00e9rtil para fazer crescer o sonho dos nossos fundadores: (\u2026)&nbsp;<strong>Foi Deus que quis que esta Companhia de jovens mulheres de diferentes pa\u00edses formasse entre elas um s\u00f3 cora\u00e7\u00e3o.<\/strong>&nbsp; Uma Companhia que sabe que \u00e9 guardi\u00e3 de um fim e n\u00e3o de uma obra limitada a um estilo de servi\u00e7o, a um pa\u00eds, a uma regi\u00e3o ou a uma l\u00edngua. O nosso objetivo, que \u00e9 servir Cristo na pessoa dos pobres, envia-nos continuamente a fazer da caridade um encontro e a proclamar assim a nossa feliz perten\u00e7a a Deus.<\/p>\n\n\n\n<figure class=\"wp-block-image size-full\"><img loading=\"lazy\" decoding=\"async\" width=\"1024\" height=\"769\" src=\"https:\/\/filles-de-la-charite.org\/wp-content\/uploads\/2024\/03\/News-10.23-Llamadas-y-convocadas-por-Dios\u2026-6.jpg\" alt=\"\" class=\"wp-image-33805\" srcset=\"https:\/\/filles-de-la-charite.org\/wp-content\/uploads\/2024\/03\/News-10.23-Llamadas-y-convocadas-por-Dios\u2026-6.jpg 1024w, https:\/\/filles-de-la-charite.org\/wp-content\/uploads\/2024\/03\/News-10.23-Llamadas-y-convocadas-por-Dios\u2026-6-300x225.jpg 300w, https:\/\/filles-de-la-charite.org\/wp-content\/uploads\/2024\/03\/News-10.23-Llamadas-y-convocadas-por-Dios\u2026-6-768x577.jpg 768w, https:\/\/filles-de-la-charite.org\/wp-content\/uploads\/2024\/03\/News-10.23-Llamadas-y-convocadas-por-Dios\u2026-6-510x382.jpg 510w, https:\/\/filles-de-la-charite.org\/wp-content\/uploads\/2024\/03\/News-10.23-Llamadas-y-convocadas-por-Dios\u2026-6-980x736.jpg 980w, https:\/\/filles-de-la-charite.org\/wp-content\/uploads\/2024\/03\/News-10.23-Llamadas-y-convocadas-por-Dios\u2026-6-480x360.jpg 480w\" sizes=\"(max-width: 1024px) 100vw, 1024px\" \/><\/figure>\n\n\n\n<p>Durante estes dias, bebemos diretamente nas fontes do nosso carisma e experiment\u00e1mos como todo o nosso ser se impregnou da frescura que adv\u00e9m do regresso, uma e outra vez, \u00e0 m\u00edstica dos nossos fundadores, para caminhar sobre os primeiros passos desta audaciosa funda\u00e7\u00e3o, para reconhecer e empenhar-nos nos desafios e nas apostas que esta aud\u00e1cia original continua a colocar-nos hoje, para honrar a heran\u00e7a recebida.<\/p>\n\n\n\n<figure class=\"wp-block-image size-full\"><img loading=\"lazy\" decoding=\"async\" width=\"1024\" height=\"498\" src=\"https:\/\/filles-de-la-charite.org\/wp-content\/uploads\/2024\/03\/News-10.23-Llamadas-y-convocadas-por-Dios\u2026-7.jpg\" alt=\"\" class=\"wp-image-33811\" srcset=\"https:\/\/filles-de-la-charite.org\/wp-content\/uploads\/2024\/03\/News-10.23-Llamadas-y-convocadas-por-Dios\u2026-7.jpg 1024w, https:\/\/filles-de-la-charite.org\/wp-content\/uploads\/2024\/03\/News-10.23-Llamadas-y-convocadas-por-Dios\u2026-7-300x146.jpg 300w, https:\/\/filles-de-la-charite.org\/wp-content\/uploads\/2024\/03\/News-10.23-Llamadas-y-convocadas-por-Dios\u2026-7-768x374.jpg 768w, https:\/\/filles-de-la-charite.org\/wp-content\/uploads\/2024\/03\/News-10.23-Llamadas-y-convocadas-por-Dios\u2026-7-980x477.jpg 980w, https:\/\/filles-de-la-charite.org\/wp-content\/uploads\/2024\/03\/News-10.23-Llamadas-y-convocadas-por-Dios\u2026-7-480x233.jpg 480w\" sizes=\"(max-width: 1024px) 100vw, 1024px\" \/><\/figure>\n\n\n\n<p>Estamos ainda mais conscientes do compromisso de aprender a viver e a caminhar juntos, da necessidade cont\u00ednua de renovar o cora\u00e7\u00e3o e o esp\u00edrito, alimentando uma s\u00f3lida vida interior.<\/p>\n\n\n\n<figure class=\"wp-block-image size-full\"><img loading=\"lazy\" decoding=\"async\" width=\"1024\" height=\"768\" src=\"https:\/\/filles-de-la-charite.org\/wp-content\/uploads\/2024\/03\/News-10.23-Llamadas-y-convocadas-por-Dios\u2026-4.jpg\" alt=\"\" class=\"wp-image-33792\" srcset=\"https:\/\/filles-de-la-charite.org\/wp-content\/uploads\/2024\/03\/News-10.23-Llamadas-y-convocadas-por-Dios\u2026-4.jpg 1024w, https:\/\/filles-de-la-charite.org\/wp-content\/uploads\/2024\/03\/News-10.23-Llamadas-y-convocadas-por-Dios\u2026-4-300x225.jpg 300w, https:\/\/filles-de-la-charite.org\/wp-content\/uploads\/2024\/03\/News-10.23-Llamadas-y-convocadas-por-Dios\u2026-4-768x576.jpg 768w, https:\/\/filles-de-la-charite.org\/wp-content\/uploads\/2024\/03\/News-10.23-Llamadas-y-convocadas-por-Dios\u2026-4-510x382.jpg 510w, https:\/\/filles-de-la-charite.org\/wp-content\/uploads\/2024\/03\/News-10.23-Llamadas-y-convocadas-por-Dios\u2026-4-980x735.jpg 980w, https:\/\/filles-de-la-charite.org\/wp-content\/uploads\/2024\/03\/News-10.23-Llamadas-y-convocadas-por-Dios\u2026-4-480x360.jpg 480w\" sizes=\"(max-width: 1024px) 100vw, 1024px\" \/><\/figure>\n\n\n\n<p>A Companhia de ontem e de hoje j\u00e1 n\u00e3o faz parte dos livros que estud\u00e1mos, ou das not\u00edcias vindas de longe, mas s\u00e3o lugares, rostos, testemunhos, rel\u00edquias, amor guardado e sustentado de gera\u00e7\u00e3o em gera\u00e7\u00e3o. Temos a certeza de que a Companhia continua a ser amada por Deus e queremos continuar a fazer parte desta linhagem a que a caridade, como Maria nossa M\u00e3e, continua a apressar.<\/p>\n\n\n\n<figure class=\"wp-block-image aligncenter size-full\"><img loading=\"lazy\" decoding=\"async\" width=\"575\" height=\"1024\" src=\"https:\/\/filles-de-la-charite.org\/wp-content\/uploads\/2024\/03\/News-10.23-Llamadas-y-convocadas-por-Dios\u2026-5.jpg\" alt=\"\" class=\"wp-image-33799\" srcset=\"https:\/\/filles-de-la-charite.org\/wp-content\/uploads\/2024\/03\/News-10.23-Llamadas-y-convocadas-por-Dios\u2026-5.jpg 575w, https:\/\/filles-de-la-charite.org\/wp-content\/uploads\/2024\/03\/News-10.23-Llamadas-y-convocadas-por-Dios\u2026-5-168x300.jpg 168w, https:\/\/filles-de-la-charite.org\/wp-content\/uploads\/2024\/03\/News-10.23-Llamadas-y-convocadas-por-Dios\u2026-5-480x855.jpg 480w\" sizes=\"(max-width: 575px) 100vw, 575px\" \/><\/figure>\n\n\n\n<p>Agradecemos especialmente a Deus, \u00e0 Irm\u00e3 Fran\u00e7oise e ao seu Conselho e a todos e a cada um dos que trabalharam incansavelmente para nos oferecer este dom vocacional, desde os oradores, os coordenadores, as tradutoras, at\u00e9 ao \u00faltimo servi\u00e7o, silencioso e an\u00f3nimo. Reconhecemos a experi\u00eancia \u00fanica de viver a internacionalidade, a fraternidade, o regresso \u00e0s nossas ra\u00edzes. Ela confirma em n\u00f3s o desejo de continuar a servir Cristo na pessoa dos pobres e pedimos a Deus que continue a ser o seu Esp\u00edrito a enviar-nos atrav\u00e9s de todas as portas\u2026&nbsp;<\/p>\n\n\n\n<figure class=\"wp-block-image size-full\"><img loading=\"lazy\" decoding=\"async\" width=\"1024\" height=\"768\" src=\"https:\/\/filles-de-la-charite.org\/wp-content\/uploads\/2024\/03\/News-10.23-Llamadas-y-convocadas-por-Dios\u2026-1.jpg\" alt=\"\" class=\"wp-image-33774\" srcset=\"https:\/\/filles-de-la-charite.org\/wp-content\/uploads\/2024\/03\/News-10.23-Llamadas-y-convocadas-por-Dios\u2026-1.jpg 1024w, https:\/\/filles-de-la-charite.org\/wp-content\/uploads\/2024\/03\/News-10.23-Llamadas-y-convocadas-por-Dios\u2026-1-300x225.jpg 300w, https:\/\/filles-de-la-charite.org\/wp-content\/uploads\/2024\/03\/News-10.23-Llamadas-y-convocadas-por-Dios\u2026-1-768x576.jpg 768w, https:\/\/filles-de-la-charite.org\/wp-content\/uploads\/2024\/03\/News-10.23-Llamadas-y-convocadas-por-Dios\u2026-1-510x382.jpg 510w, https:\/\/filles-de-la-charite.org\/wp-content\/uploads\/2024\/03\/News-10.23-Llamadas-y-convocadas-por-Dios\u2026-1-980x735.jpg 980w, https:\/\/filles-de-la-charite.org\/wp-content\/uploads\/2024\/03\/News-10.23-Llamadas-y-convocadas-por-Dios\u2026-1-480x360.jpg 480w\" sizes=\"(max-width: 1024px) 100vw, 1024px\" \/><\/figure>\n\n\n\n<p>Que Maria, atrav\u00e9s do \u00edcone da Visita\u00e7\u00e3o, nos incite a voltar depressa ao servi\u00e7o. Para que possamos levar Jesus a todos aqueles a quem servimos com do\u00e7ura e cordialidade.<\/p>\n\n\n\n<figure class=\"wp-block-embed is-type-video is-provider-youtube wp-block-embed-youtube wp-embed-aspect-16-9 wp-has-aspect-ratio\"><div class=\"wp-block-embed__wrapper\">\n<iframe loading=\"lazy\" title=\"Session Vincentienne  [29.09.2023]\" width=\"1080\" height=\"608\" src=\"https:\/\/www.youtube.com\/embed\/Qwl0C1gKgR8?feature=oembed\"  allow=\"accelerometer; autoplay; clipboard-write; encrypted-media; gyroscope; picture-in-picture; web-share\" allowfullscreen><\/iframe>\n<\/div><\/figure>\n","protected":false},"excerpt":{"rendered":"<p>A partir desta certeza com que as nossas Constitui\u00e7\u00f5es explicam o nosso estar juntas para a miss\u00e3o (cf. C 32), chegamos a Paris para a Sess\u00e3o Vicentina de setembro de 2023, as 59 irm\u00e3s dos 26 pa\u00edses que constitu\u00edram esta bela Comunidade internacional das Filhas da Caridade dos 7 aos 10 anos de voca\u00e7\u00e3o. Respondendo [&hellip;]<\/p>\n","protected":false},"author":5,"featured_media":33785,"comment_status":"closed","ping_status":"closed","sticky":false,"template":"","format":"standard","meta":{"_acf_changed":false,"footnotes":"","_links_to":"","_links_to_target":""},"categories":[561],"tags":[],"class_list":["post-33823","post","type-post","status-publish","format-standard","has-post-thumbnail","hentry","category-casa-mae-pt-pt"],"acf":[],"yoast_head":"<!-- This site is optimized with the Yoast SEO plugin v27.5 - https:\/\/yoast.com\/product\/yoast-seo-wordpress\/ -->\n<title>Chamadas e convocadas por Deus\u2026 - Filles de la Charit\u00e9<\/title>\n<meta name=\"robots\" content=\"index, follow, max-snippet:-1, max-image-preview:large, max-video-preview:-1\" \/>\n<link rel=\"canonical\" href=\"https:\/\/filles-de-la-charite.org\/pt-pt\/llamadas-y-convocadas-por-dios\/\" \/>\n<meta property=\"og:locale\" content=\"pt_PT\" \/>\n<meta property=\"og:type\" content=\"article\" \/>\n<meta property=\"og:title\" content=\"Chamadas e convocadas por Deus\u2026 - Filles de la Charit\u00e9\" \/>\n<meta property=\"og:description\" content=\"A partir desta certeza com que as nossas Constitui\u00e7\u00f5es explicam o nosso estar juntas para a miss\u00e3o (cf. C 32), chegamos a Paris para a Sess\u00e3o Vicentina de setembro de 2023, as 59 irm\u00e3s dos 26 pa\u00edses que constitu\u00edram esta bela Comunidade internacional das Filhas da Caridade dos 7 aos 10 anos de voca\u00e7\u00e3o. Respondendo [&hellip;]\" \/>\n<meta property=\"og:url\" content=\"https:\/\/filles-de-la-charite.org\/pt-pt\/llamadas-y-convocadas-por-dios\/\" \/>\n<meta property=\"og:site_name\" content=\"Filles de la Charit\u00e9\" \/>\n<meta property=\"article:published_time\" content=\"2023-10-08T15:46:03+00:00\" \/>\n<meta property=\"article:modified_time\" content=\"2024-03-05T17:16:42+00:00\" \/>\n<meta property=\"og:image\" content=\"https:\/\/filles-de-la-charite.org\/wp-content\/uploads\/2024\/03\/News-10.23-Llamadas-y-convocadas-por-Dios\u2026-2.jpg\" \/>\n\t<meta property=\"og:image:width\" content=\"2560\" \/>\n\t<meta property=\"og:image:height\" content=\"1421\" \/>\n\t<meta property=\"og:image:type\" content=\"image\/jpeg\" \/>\n<meta name=\"author\" content=\"SOR MARTA\" \/>\n<meta name=\"twitter:card\" content=\"summary_large_image\" \/>\n<meta name=\"twitter:label1\" content=\"Escrito por\" \/>\n\t<meta name=\"twitter:data1\" content=\"SOR MARTA\" \/>\n\t<meta name=\"twitter:label2\" content=\"Tempo estimado de leitura\" \/>\n\t<meta name=\"twitter:data2\" content=\"2 minutos\" \/>\n<script type=\"application\/ld+json\" class=\"yoast-schema-graph\">{\"@context\":\"https:\\\/\\\/schema.org\",\"@graph\":[{\"@type\":\"Article\",\"@id\":\"https:\\\/\\\/filles-de-la-charite.org\\\/pt-pt\\\/llamadas-y-convocadas-por-dios\\\/#article\",\"isPartOf\":{\"@id\":\"https:\\\/\\\/filles-de-la-charite.org\\\/pt-pt\\\/llamadas-y-convocadas-por-dios\\\/\"},\"author\":{\"name\":\"SOR MARTA\",\"@id\":\"https:\\\/\\\/filles-de-la-charite.org\\\/pt-pt\\\/#\\\/schema\\\/person\\\/0c922b6ca71280639858d297b3a7209f\"},\"headline\":\"Chamadas e convocadas por Deus\u2026\",\"datePublished\":\"2023-10-08T15:46:03+00:00\",\"dateModified\":\"2024-03-05T17:16:42+00:00\",\"mainEntityOfPage\":{\"@id\":\"https:\\\/\\\/filles-de-la-charite.org\\\/pt-pt\\\/llamadas-y-convocadas-por-dios\\\/\"},\"wordCount\":500,\"publisher\":{\"@id\":\"https:\\\/\\\/filles-de-la-charite.org\\\/pt-pt\\\/#organization\"},\"image\":{\"@id\":\"https:\\\/\\\/filles-de-la-charite.org\\\/pt-pt\\\/llamadas-y-convocadas-por-dios\\\/#primaryimage\"},\"thumbnailUrl\":\"https:\\\/\\\/filles-de-la-charite.org\\\/wp-content\\\/uploads\\\/2024\\\/03\\\/News-10.23-Llamadas-y-convocadas-por-Dios\u2026-2.jpg\",\"articleSection\":[\"Casa-M\u00e3e\"],\"inLanguage\":\"pt-PT\"},{\"@type\":\"WebPage\",\"@id\":\"https:\\\/\\\/filles-de-la-charite.org\\\/pt-pt\\\/llamadas-y-convocadas-por-dios\\\/\",\"url\":\"https:\\\/\\\/filles-de-la-charite.org\\\/pt-pt\\\/llamadas-y-convocadas-por-dios\\\/\",\"name\":\"Chamadas e convocadas por Deus\u2026 - Filles de la Charit\u00e9\",\"isPartOf\":{\"@id\":\"https:\\\/\\\/filles-de-la-charite.org\\\/pt-pt\\\/#website\"},\"primaryImageOfPage\":{\"@id\":\"https:\\\/\\\/filles-de-la-charite.org\\\/pt-pt\\\/llamadas-y-convocadas-por-dios\\\/#primaryimage\"},\"image\":{\"@id\":\"https:\\\/\\\/filles-de-la-charite.org\\\/pt-pt\\\/llamadas-y-convocadas-por-dios\\\/#primaryimage\"},\"thumbnailUrl\":\"https:\\\/\\\/filles-de-la-charite.org\\\/wp-content\\\/uploads\\\/2024\\\/03\\\/News-10.23-Llamadas-y-convocadas-por-Dios\u2026-2.jpg\",\"datePublished\":\"2023-10-08T15:46:03+00:00\",\"dateModified\":\"2024-03-05T17:16:42+00:00\",\"breadcrumb\":{\"@id\":\"https:\\\/\\\/filles-de-la-charite.org\\\/pt-pt\\\/llamadas-y-convocadas-por-dios\\\/#breadcrumb\"},\"inLanguage\":\"pt-PT\",\"potentialAction\":[{\"@type\":\"ReadAction\",\"target\":[\"https:\\\/\\\/filles-de-la-charite.org\\\/pt-pt\\\/llamadas-y-convocadas-por-dios\\\/\"]}]},{\"@type\":\"ImageObject\",\"inLanguage\":\"pt-PT\",\"@id\":\"https:\\\/\\\/filles-de-la-charite.org\\\/pt-pt\\\/llamadas-y-convocadas-por-dios\\\/#primaryimage\",\"url\":\"https:\\\/\\\/filles-de-la-charite.org\\\/wp-content\\\/uploads\\\/2024\\\/03\\\/News-10.23-Llamadas-y-convocadas-por-Dios\u2026-2.jpg\",\"contentUrl\":\"https:\\\/\\\/filles-de-la-charite.org\\\/wp-content\\\/uploads\\\/2024\\\/03\\\/News-10.23-Llamadas-y-convocadas-por-Dios\u2026-2.jpg\",\"width\":2560,\"height\":1421},{\"@type\":\"BreadcrumbList\",\"@id\":\"https:\\\/\\\/filles-de-la-charite.org\\\/pt-pt\\\/llamadas-y-convocadas-por-dios\\\/#breadcrumb\",\"itemListElement\":[{\"@type\":\"ListItem\",\"position\":1,\"name\":\"Casa-M\u00e3e\",\"item\":\"https:\\\/\\\/filles-de-la-charite.org\\\/pt-pt\\\/category\\\/casa-mae-pt-pt\\\/\"},{\"@type\":\"ListItem\",\"position\":2,\"name\":\"Chamadas e convocadas por Deus\u2026\"}]},{\"@type\":\"WebSite\",\"@id\":\"https:\\\/\\\/filles-de-la-charite.org\\\/pt-pt\\\/#website\",\"url\":\"https:\\\/\\\/filles-de-la-charite.org\\\/pt-pt\\\/\",\"name\":\"Hijas de la Caridad\",\"description\":\"L\u2019amour de J\u00e9sus nous presse \u00e0 prendre soin des personnes les plus d\u00e9munies\",\"publisher\":{\"@id\":\"https:\\\/\\\/filles-de-la-charite.org\\\/pt-pt\\\/#organization\"},\"potentialAction\":[{\"@type\":\"SearchAction\",\"target\":{\"@type\":\"EntryPoint\",\"urlTemplate\":\"https:\\\/\\\/filles-de-la-charite.org\\\/pt-pt\\\/?s={search_term_string}\"},\"query-input\":{\"@type\":\"PropertyValueSpecification\",\"valueRequired\":true,\"valueName\":\"search_term_string\"}}],\"inLanguage\":\"pt-PT\"},{\"@type\":\"Organization\",\"@id\":\"https:\\\/\\\/filles-de-la-charite.org\\\/pt-pt\\\/#organization\",\"name\":\"Hijas de la Caridad\",\"url\":\"https:\\\/\\\/filles-de-la-charite.org\\\/pt-pt\\\/\",\"logo\":{\"@type\":\"ImageObject\",\"inLanguage\":\"pt-PT\",\"@id\":\"https:\\\/\\\/filles-de-la-charite.org\\\/pt-pt\\\/#\\\/schema\\\/logo\\\/image\\\/\",\"url\":\"https:\\\/\\\/filles-de-la-charite.org\\\/wp-content\\\/uploads\\\/2023\\\/03\\\/isotipo-Hijas-de-la-Caridad.png\",\"contentUrl\":\"https:\\\/\\\/filles-de-la-charite.org\\\/wp-content\\\/uploads\\\/2023\\\/03\\\/isotipo-Hijas-de-la-Caridad.png\",\"width\":1417,\"height\":1417,\"caption\":\"Hijas de la Caridad\"},\"image\":{\"@id\":\"https:\\\/\\\/filles-de-la-charite.org\\\/pt-pt\\\/#\\\/schema\\\/logo\\\/image\\\/\"}},{\"@type\":\"Person\",\"@id\":\"https:\\\/\\\/filles-de-la-charite.org\\\/pt-pt\\\/#\\\/schema\\\/person\\\/0c922b6ca71280639858d297b3a7209f\",\"name\":\"SOR MARTA\",\"image\":{\"@type\":\"ImageObject\",\"inLanguage\":\"pt-PT\",\"@id\":\"https:\\\/\\\/secure.gravatar.com\\\/avatar\\\/d2c45b0fd6bf2d3e2670ab3d112257c24ac80fa960360bba1bdc0676485d1d09?s=96&d=mm&r=g\",\"url\":\"https:\\\/\\\/secure.gravatar.com\\\/avatar\\\/d2c45b0fd6bf2d3e2670ab3d112257c24ac80fa960360bba1bdc0676485d1d09?s=96&d=mm&r=g\",\"contentUrl\":\"https:\\\/\\\/secure.gravatar.com\\\/avatar\\\/d2c45b0fd6bf2d3e2670ab3d112257c24ac80fa960360bba1bdc0676485d1d09?s=96&d=mm&r=g\",\"caption\":\"SOR MARTA\"},\"url\":\"https:\\\/\\\/filles-de-la-charite.org\\\/pt-pt\\\/author\\\/martaemn\\\/\"}]}<\/script>\n<!-- \/ Yoast SEO plugin. -->","yoast_head_json":{"title":"Chamadas e convocadas por Deus\u2026 - Filles de la Charit\u00e9","robots":{"index":"index","follow":"follow","max-snippet":"max-snippet:-1","max-image-preview":"max-image-preview:large","max-video-preview":"max-video-preview:-1"},"canonical":"https:\/\/filles-de-la-charite.org\/pt-pt\/llamadas-y-convocadas-por-dios\/","og_locale":"pt_PT","og_type":"article","og_title":"Chamadas e convocadas por Deus\u2026 - Filles de la Charit\u00e9","og_description":"A partir desta certeza com que as nossas Constitui\u00e7\u00f5es explicam o nosso estar juntas para a miss\u00e3o (cf. C 32), chegamos a Paris para a Sess\u00e3o Vicentina de setembro de 2023, as 59 irm\u00e3s dos 26 pa\u00edses que constitu\u00edram esta bela Comunidade internacional das Filhas da Caridade dos 7 aos 10 anos de voca\u00e7\u00e3o. Respondendo [&hellip;]","og_url":"https:\/\/filles-de-la-charite.org\/pt-pt\/llamadas-y-convocadas-por-dios\/","og_site_name":"Filles de la Charit\u00e9","article_published_time":"2023-10-08T15:46:03+00:00","article_modified_time":"2024-03-05T17:16:42+00:00","og_image":[{"width":2560,"height":1421,"url":"https:\/\/filles-de-la-charite.org\/wp-content\/uploads\/2024\/03\/News-10.23-Llamadas-y-convocadas-por-Dios\u2026-2.jpg","type":"image\/jpeg"}],"author":"SOR MARTA","twitter_card":"summary_large_image","twitter_misc":{"Escrito por":"SOR MARTA","Tempo estimado de leitura":"2 minutos"},"schema":{"@context":"https:\/\/schema.org","@graph":[{"@type":"Article","@id":"https:\/\/filles-de-la-charite.org\/pt-pt\/llamadas-y-convocadas-por-dios\/#article","isPartOf":{"@id":"https:\/\/filles-de-la-charite.org\/pt-pt\/llamadas-y-convocadas-por-dios\/"},"author":{"name":"SOR MARTA","@id":"https:\/\/filles-de-la-charite.org\/pt-pt\/#\/schema\/person\/0c922b6ca71280639858d297b3a7209f"},"headline":"Chamadas e convocadas por Deus\u2026","datePublished":"2023-10-08T15:46:03+00:00","dateModified":"2024-03-05T17:16:42+00:00","mainEntityOfPage":{"@id":"https:\/\/filles-de-la-charite.org\/pt-pt\/llamadas-y-convocadas-por-dios\/"},"wordCount":500,"publisher":{"@id":"https:\/\/filles-de-la-charite.org\/pt-pt\/#organization"},"image":{"@id":"https:\/\/filles-de-la-charite.org\/pt-pt\/llamadas-y-convocadas-por-dios\/#primaryimage"},"thumbnailUrl":"https:\/\/filles-de-la-charite.org\/wp-content\/uploads\/2024\/03\/News-10.23-Llamadas-y-convocadas-por-Dios\u2026-2.jpg","articleSection":["Casa-M\u00e3e"],"inLanguage":"pt-PT"},{"@type":"WebPage","@id":"https:\/\/filles-de-la-charite.org\/pt-pt\/llamadas-y-convocadas-por-dios\/","url":"https:\/\/filles-de-la-charite.org\/pt-pt\/llamadas-y-convocadas-por-dios\/","name":"Chamadas e convocadas por Deus\u2026 - Filles de la Charit\u00e9","isPartOf":{"@id":"https:\/\/filles-de-la-charite.org\/pt-pt\/#website"},"primaryImageOfPage":{"@id":"https:\/\/filles-de-la-charite.org\/pt-pt\/llamadas-y-convocadas-por-dios\/#primaryimage"},"image":{"@id":"https:\/\/filles-de-la-charite.org\/pt-pt\/llamadas-y-convocadas-por-dios\/#primaryimage"},"thumbnailUrl":"https:\/\/filles-de-la-charite.org\/wp-content\/uploads\/2024\/03\/News-10.23-Llamadas-y-convocadas-por-Dios\u2026-2.jpg","datePublished":"2023-10-08T15:46:03+00:00","dateModified":"2024-03-05T17:16:42+00:00","breadcrumb":{"@id":"https:\/\/filles-de-la-charite.org\/pt-pt\/llamadas-y-convocadas-por-dios\/#breadcrumb"},"inLanguage":"pt-PT","potentialAction":[{"@type":"ReadAction","target":["https:\/\/filles-de-la-charite.org\/pt-pt\/llamadas-y-convocadas-por-dios\/"]}]},{"@type":"ImageObject","inLanguage":"pt-PT","@id":"https:\/\/filles-de-la-charite.org\/pt-pt\/llamadas-y-convocadas-por-dios\/#primaryimage","url":"https:\/\/filles-de-la-charite.org\/wp-content\/uploads\/2024\/03\/News-10.23-Llamadas-y-convocadas-por-Dios\u2026-2.jpg","contentUrl":"https:\/\/filles-de-la-charite.org\/wp-content\/uploads\/2024\/03\/News-10.23-Llamadas-y-convocadas-por-Dios\u2026-2.jpg","width":2560,"height":1421},{"@type":"BreadcrumbList","@id":"https:\/\/filles-de-la-charite.org\/pt-pt\/llamadas-y-convocadas-por-dios\/#breadcrumb","itemListElement":[{"@type":"ListItem","position":1,"name":"Casa-M\u00e3e","item":"https:\/\/filles-de-la-charite.org\/pt-pt\/category\/casa-mae-pt-pt\/"},{"@type":"ListItem","position":2,"name":"Chamadas e convocadas por Deus\u2026"}]},{"@type":"WebSite","@id":"https:\/\/filles-de-la-charite.org\/pt-pt\/#website","url":"https:\/\/filles-de-la-charite.org\/pt-pt\/","name":"Hijas de la Caridad","description":"L\u2019amour de J\u00e9sus nous presse \u00e0 prendre soin des personnes les plus d\u00e9munies","publisher":{"@id":"https:\/\/filles-de-la-charite.org\/pt-pt\/#organization"},"potentialAction":[{"@type":"SearchAction","target":{"@type":"EntryPoint","urlTemplate":"https:\/\/filles-de-la-charite.org\/pt-pt\/?s={search_term_string}"},"query-input":{"@type":"PropertyValueSpecification","valueRequired":true,"valueName":"search_term_string"}}],"inLanguage":"pt-PT"},{"@type":"Organization","@id":"https:\/\/filles-de-la-charite.org\/pt-pt\/#organization","name":"Hijas de la Caridad","url":"https:\/\/filles-de-la-charite.org\/pt-pt\/","logo":{"@type":"ImageObject","inLanguage":"pt-PT","@id":"https:\/\/filles-de-la-charite.org\/pt-pt\/#\/schema\/logo\/image\/","url":"https:\/\/filles-de-la-charite.org\/wp-content\/uploads\/2023\/03\/isotipo-Hijas-de-la-Caridad.png","contentUrl":"https:\/\/filles-de-la-charite.org\/wp-content\/uploads\/2023\/03\/isotipo-Hijas-de-la-Caridad.png","width":1417,"height":1417,"caption":"Hijas de la Caridad"},"image":{"@id":"https:\/\/filles-de-la-charite.org\/pt-pt\/#\/schema\/logo\/image\/"}},{"@type":"Person","@id":"https:\/\/filles-de-la-charite.org\/pt-pt\/#\/schema\/person\/0c922b6ca71280639858d297b3a7209f","name":"SOR MARTA","image":{"@type":"ImageObject","inLanguage":"pt-PT","@id":"https:\/\/secure.gravatar.com\/avatar\/d2c45b0fd6bf2d3e2670ab3d112257c24ac80fa960360bba1bdc0676485d1d09?s=96&d=mm&r=g","url":"https:\/\/secure.gravatar.com\/avatar\/d2c45b0fd6bf2d3e2670ab3d112257c24ac80fa960360bba1bdc0676485d1d09?s=96&d=mm&r=g","contentUrl":"https:\/\/secure.gravatar.com\/avatar\/d2c45b0fd6bf2d3e2670ab3d112257c24ac80fa960360bba1bdc0676485d1d09?s=96&d=mm&r=g","caption":"SOR MARTA"},"url":"https:\/\/filles-de-la-charite.org\/pt-pt\/author\/martaemn\/"}]}},"_links":{"self":[{"href":"https:\/\/filles-de-la-charite.org\/pt-pt\/wp-json\/wp\/v2\/posts\/33823","targetHints":{"allow":["GET"]}}],"collection":[{"href":"https:\/\/filles-de-la-charite.org\/pt-pt\/wp-json\/wp\/v2\/posts"}],"about":[{"href":"https:\/\/filles-de-la-charite.org\/pt-pt\/wp-json\/wp\/v2\/types\/post"}],"author":[{"embeddable":true,"href":"https:\/\/filles-de-la-charite.org\/pt-pt\/wp-json\/wp\/v2\/users\/5"}],"replies":[{"embeddable":true,"href":"https:\/\/filles-de-la-charite.org\/pt-pt\/wp-json\/wp\/v2\/comments?post=33823"}],"version-history":[{"count":3,"href":"https:\/\/filles-de-la-charite.org\/pt-pt\/wp-json\/wp\/v2\/posts\/33823\/revisions"}],"predecessor-version":[{"id":33839,"href":"https:\/\/filles-de-la-charite.org\/pt-pt\/wp-json\/wp\/v2\/posts\/33823\/revisions\/33839"}],"wp:featuredmedia":[{"embeddable":true,"href":"https:\/\/filles-de-la-charite.org\/pt-pt\/wp-json\/wp\/v2\/media\/33785"}],"wp:attachment":[{"href":"https:\/\/filles-de-la-charite.org\/pt-pt\/wp-json\/wp\/v2\/media?parent=33823"}],"wp:term":[{"taxonomy":"category","embeddable":true,"href":"https:\/\/filles-de-la-charite.org\/pt-pt\/wp-json\/wp\/v2\/categories?post=33823"},{"taxonomy":"post_tag","embeddable":true,"href":"https:\/\/filles-de-la-charite.org\/pt-pt\/wp-json\/wp\/v2\/tags?post=33823"}],"curies":[{"name":"wp","href":"https:\/\/api.w.org\/{rel}","templated":true}]}}