{"id":34060,"date":"2023-12-01T10:08:32","date_gmt":"2023-12-01T09:08:32","guid":{"rendered":"https:\/\/hijascaridad.sjdigitaldemo.ovh\/celebracion-de-los-25-anos\/"},"modified":"2024-03-06T10:19:03","modified_gmt":"2024-03-06T09:19:03","slug":"celebracion-de-los-25-anos","status":"publish","type":"post","link":"https:\/\/filles-de-la-charite.org\/pt-pt\/celebracion-de-los-25-anos\/","title":{"rendered":"Celebrando os 25 Anos!"},"content":{"rendered":"\n<p>Dezessete escolas, faculdades e uma universidade nas Filipinas, membros do Sistema Educacional das Filhas da Caridade \u2013 Santa Lu\u00edsa de Marillac, reuniram-se no Concordia College, em Manila, de 11 a 13 de novembro passado, para celebrar a fidelidade e a provid\u00eancia de Deus! Irm\u00e3s, parceiros mission\u00e1rios leigos e alunos se uniram para louvar a Deus pelos 25 anos de uma s\u00f3 mente, um s\u00f3 cora\u00e7\u00e3o e uma s\u00f3 miss\u00e3o na forma\u00e7\u00e3o e educa\u00e7\u00e3o dos jovens, com o tema: \u201cCaminhando juntos com alegria para manter vivos o esp\u00edrito e a miss\u00e3o vicentina\u201d.<\/p>\n\n\n\n<figure class=\"wp-block-image size-full\"><img loading=\"lazy\" decoding=\"async\" width=\"921\" height=\"1024\" src=\"https:\/\/filles-de-la-charite.org\/wp-content\/uploads\/2024\/03\/News-12.23-Celebracion-de-los-25-a-4.jpg\" alt=\"\" class=\"wp-image-34010\" srcset=\"https:\/\/filles-de-la-charite.org\/wp-content\/uploads\/2024\/03\/News-12.23-Celebracion-de-los-25-a-4.jpg 921w, https:\/\/filles-de-la-charite.org\/wp-content\/uploads\/2024\/03\/News-12.23-Celebracion-de-los-25-a-4-480x534.jpg 480w\" sizes=\"(min-width: 0px) and (max-width: 480px) 480px, (min-width: 481px) 921px, 100vw\" \/><\/figure>\n\n\n\n<p>A celebra\u00e7\u00e3o de tr\u00eas dias come\u00e7ou com uma Eucaristia presidida pelo Pe. Gerardo VIBAR, CM, Diretor Provincial. Em seguida, houve uma entrada not\u00e1vel do banner de cada escola da DC, do logotipo da DC e do logotipo da DC-SLMES. A Ir. Maria Ana Rosario G. EVIDENTE, DC, e a Ir. Anna Wiwiek SOEPRAPTIWI, DC, fizeram seu caloroso discurso de boas-vindas e sua mensagem inspiradora, respectivamente, via on-line.<\/p>\n\n\n\n<figure class=\"wp-block-image size-full\"><img loading=\"lazy\" decoding=\"async\" width=\"1024\" height=\"576\" src=\"https:\/\/filles-de-la-charite.org\/wp-content\/uploads\/2024\/03\/News-12.23-Celebracion-de-los-25-a-5.jpg\" alt=\"\" class=\"wp-image-34016\" srcset=\"https:\/\/filles-de-la-charite.org\/wp-content\/uploads\/2024\/03\/News-12.23-Celebracion-de-los-25-a-5.jpg 1024w, https:\/\/filles-de-la-charite.org\/wp-content\/uploads\/2024\/03\/News-12.23-Celebracion-de-los-25-a-5-980x551.jpg 980w, https:\/\/filles-de-la-charite.org\/wp-content\/uploads\/2024\/03\/News-12.23-Celebracion-de-los-25-a-5-480x270.jpg 480w\" sizes=\"(min-width: 0px) and (max-width: 480px) 480px, (min-width: 481px) and (max-width: 980px) 980px, (min-width: 981px) 1024px, 100vw\" \/><\/figure>\n\n\n\n<p>A celebra\u00e7\u00e3o incluiu o reconhecimento de dois ex-alunos de destaque: a ex-vice-presidente das Filipinas, Leni Gerona ROBREDO, formada pela Universidad de Santa Isabel, e a ex-comiss\u00e1ria da Comiss\u00e3o de Auditoria e subsecret\u00e1ria do Escrit\u00f3rio de Supervis\u00e3o Interna das Na\u00e7\u00f5es Unidas, Heidi M. MENDOZA, formada pelo Col\u00e9gio do Sagrado Cora\u00e7\u00e3o. Eles viveram e continuam a viver os valores vicentinos de excel\u00eancia, integridade, verdade e servi\u00e7o dedicado inspirado na f\u00e9 para o pa\u00eds e seu povo, especialmente aqueles que est\u00e3o \u00e0 margem.<\/p>\n\n\n\n<figure class=\"wp-block-image size-full\"><img loading=\"lazy\" decoding=\"async\" width=\"1024\" height=\"478\" src=\"https:\/\/filles-de-la-charite.org\/wp-content\/uploads\/2024\/03\/News-12.23-Celebracion-de-los-25-a-6.jpg\" alt=\"\" class=\"wp-image-34017\" srcset=\"https:\/\/filles-de-la-charite.org\/wp-content\/uploads\/2024\/03\/News-12.23-Celebracion-de-los-25-a-6.jpg 1024w, https:\/\/filles-de-la-charite.org\/wp-content\/uploads\/2024\/03\/News-12.23-Celebracion-de-los-25-a-6-980x457.jpg 980w, https:\/\/filles-de-la-charite.org\/wp-content\/uploads\/2024\/03\/News-12.23-Celebracion-de-los-25-a-6-480x224.jpg 480w\" sizes=\"(min-width: 0px) and (max-width: 480px) 480px, (min-width: 481px) and (max-width: 980px) 980px, (min-width: 981px) 1024px, 100vw\" \/><\/figure>\n\n\n\n<figure class=\"wp-block-image size-full\"><img loading=\"lazy\" decoding=\"async\" width=\"461\" height=\"1024\" src=\"https:\/\/filles-de-la-charite.org\/wp-content\/uploads\/2024\/03\/News-12.23-Celebracion-de-los-25-a-7.jpg\" alt=\"\" class=\"wp-image-34023\" srcset=\"https:\/\/filles-de-la-charite.org\/wp-content\/uploads\/2024\/03\/News-12.23-Celebracion-de-los-25-a-7.jpg 461w, https:\/\/filles-de-la-charite.org\/wp-content\/uploads\/2024\/03\/News-12.23-Celebracion-de-los-25-a-7-135x300.jpg 135w\" sizes=\"(max-width: 461px) 100vw, 461px\" \/><\/figure>\n\n\n\n<p>Apresenta\u00e7\u00f5es mostrando o patrim\u00f4nio cultural das regi\u00f5es onde as escolas est\u00e3o localizadas deram cores brilhantes ao anivers\u00e1rio. Os alunos com os parceiros leigos da miss\u00e3o e as irm\u00e3s dan\u00e7aram e cantaram, dando ao p\u00fablico um vislumbre da riqueza de seu povo.<\/p>\n\n\n\n<p>Os participantes tamb\u00e9m tiveram a oportunidade de se envolver em servi\u00e7os comunit\u00e1rios. Agrupados em dois grupos, alguns realizaram uma atividade de plantio de \u00e1rvores na Casa Provincial das FC, em linha com nosso compromisso de cuidar de nossa Casa Comum, enquanto outros tiveram um encontro com pessoas com necessidades especiais, idosos e crian\u00e7as no Hospicio de S\u00e3o Jose, em linha com nosso compromisso de respeitar a dignidade humana.<\/p>\n\n\n\n<figure class=\"wp-block-image size-full\"><img loading=\"lazy\" decoding=\"async\" width=\"1024\" height=\"576\" src=\"https:\/\/filles-de-la-charite.org\/wp-content\/uploads\/2024\/03\/News-12.23-Celebracion-de-los-25-a-8.jpg\" alt=\"\" class=\"wp-image-34029\" srcset=\"https:\/\/filles-de-la-charite.org\/wp-content\/uploads\/2024\/03\/News-12.23-Celebracion-de-los-25-a-8.jpg 1024w, https:\/\/filles-de-la-charite.org\/wp-content\/uploads\/2024\/03\/News-12.23-Celebracion-de-los-25-a-8-980x551.jpg 980w, https:\/\/filles-de-la-charite.org\/wp-content\/uploads\/2024\/03\/News-12.23-Celebracion-de-los-25-a-8-480x270.jpg 480w\" sizes=\"(min-width: 0px) and (max-width: 480px) 480px, (min-width: 481px) and (max-width: 980px) 980px, (min-width: 981px) 1024px, 100vw\" \/><\/figure>\n\n\n\n<figure class=\"wp-block-image size-full\"><img loading=\"lazy\" decoding=\"async\" width=\"1024\" height=\"768\" src=\"https:\/\/filles-de-la-charite.org\/wp-content\/uploads\/2024\/03\/News-12.23-Celebracion-de-los-25-a-3.jpg\" alt=\"\" class=\"wp-image-34048\" srcset=\"https:\/\/filles-de-la-charite.org\/wp-content\/uploads\/2024\/03\/News-12.23-Celebracion-de-los-25-a-3.jpg 1024w, https:\/\/filles-de-la-charite.org\/wp-content\/uploads\/2024\/03\/News-12.23-Celebracion-de-los-25-a-3-980x735.jpg 980w, https:\/\/filles-de-la-charite.org\/wp-content\/uploads\/2024\/03\/News-12.23-Celebracion-de-los-25-a-3-480x360.jpg 480w\" sizes=\"(min-width: 0px) and (max-width: 480px) 480px, (min-width: 481px) and (max-width: 980px) 980px, (min-width: 981px) 1024px, 100vw\" \/><\/figure>\n\n\n\n<p>Os participantes percorreram um carrossel de exposi\u00e7\u00f5es que cada regi\u00e3o preparou; olhos e ouvidos se deliciaram com as exibi\u00e7\u00f5es e apresenta\u00e7\u00f5es de v\u00eddeo sobre as melhores pr\u00e1ticas de cada escola de DC em curr\u00edculo e instru\u00e7\u00e3o, pesquisa e envolvimento da comunidade, enquanto a l\u00edngua saboreava diferentes iguarias gastron\u00f4micas espec\u00edficas de cada regi\u00e3o.<\/p>\n\n\n\n<p>A Dra. Pamela MANTUHAC, da Universidade de Adamson, Manila, fez uma palestra sobre mudan\u00e7a sist\u00eamica. Em seguida, os participantes se sentaram para trabalhar: fazer um brainstorming e elaborar planos de a\u00e7\u00e3o concretos para a melhoria do sistema educacional nos pr\u00f3ximos anos.<\/p>\n\n\n\n<figure class=\"wp-block-image size-full\"><img loading=\"lazy\" decoding=\"async\" width=\"1024\" height=\"576\" src=\"https:\/\/filles-de-la-charite.org\/wp-content\/uploads\/2024\/03\/News-12.23-Celebracion-de-los-25-a-2.jpg\" alt=\"\" class=\"wp-image-34042\" srcset=\"https:\/\/filles-de-la-charite.org\/wp-content\/uploads\/2024\/03\/News-12.23-Celebracion-de-los-25-a-2.jpg 1024w, https:\/\/filles-de-la-charite.org\/wp-content\/uploads\/2024\/03\/News-12.23-Celebracion-de-los-25-a-2-980x551.jpg 980w, https:\/\/filles-de-la-charite.org\/wp-content\/uploads\/2024\/03\/News-12.23-Celebracion-de-los-25-a-2-480x270.jpg 480w\" sizes=\"(min-width: 0px) and (max-width: 480px) 480px, (min-width: 481px) and (max-width: 980px) 980px, (min-width: 981px) 1024px, 100vw\" \/><\/figure>\n\n\n\n<p>Nos \u00faltimos 25 anos, o DC-SLMES tem sido um farol de aprendizado, um terreno prop\u00edcio para a excel\u00eancia vicentina e um catalisador de mudan\u00e7as positivas na vida de in\u00fameras pessoas. Sua paix\u00e3o e compromisso com a miss\u00e3o fazem dela uma defensora da forma\u00e7\u00e3o hol\u00edstica. A Deus seja dada a maior gl\u00f3ria e louvor! Que esta celebra\u00e7\u00e3o seja o in\u00edcio de outros 25 anos de jornada com e para os jovens, para formar um mundo melhor para se viver!<\/p>\n\n\n\n<p><em>Aberdeen, Jhana, Jlyne, Renz,<\/em><\/p>\n\n\n\n<p><em>Ron, Rosyll, e Ir. Shirley, FC<\/em><\/p>\n\n\n\n<figure class=\"wp-block-embed is-type-video is-provider-youtube wp-block-embed-youtube wp-embed-aspect-16-9 wp-has-aspect-ratio\"><div class=\"wp-block-embed__wrapper\">\n<iframe loading=\"lazy\" title=\"CELEBRATING 25\" width=\"1080\" height=\"608\" src=\"https:\/\/www.youtube.com\/embed\/OVJieirHQUk?feature=oembed\"  allow=\"accelerometer; autoplay; clipboard-write; encrypted-media; gyroscope; picture-in-picture; web-share\" allowfullscreen><\/iframe>\n<\/div><\/figure>\n","protected":false},"excerpt":{"rendered":"<p>Dezessete escolas, faculdades e uma universidade nas Filipinas, membros do Sistema Educacional das Filhas da Caridade \u2013 Santa Lu\u00edsa de Marillac, reuniram-se no Concordia College, em Manila, de 11 a 13 de novembro passado, para celebrar a fidelidade e a provid\u00eancia de Deus! Irm\u00e3s, parceiros mission\u00e1rios leigos e alunos se uniram para louvar a Deus [&hellip;]<\/p>\n","protected":false},"author":5,"featured_media":34041,"comment_status":"closed","ping_status":"closed","sticky":false,"template":"","format":"standard","meta":{"_acf_changed":false,"_et_pb_use_builder":"","_et_pb_old_content":"","_et_gb_content_width":"","footnotes":"","_links_to":"","_links_to_target":""},"categories":[763],"tags":[],"class_list":["post-34060","post","type-post","status-publish","format-standard","has-post-thumbnail","hentry","category-santa-luisa-asia-pt-pt"],"acf":[],"yoast_head":"<!-- This site is optimized with the Yoast SEO plugin v27.4 - https:\/\/yoast.com\/product\/yoast-seo-wordpress\/ -->\n<title>Celebrando os 25 Anos! - Filles de la Charit\u00e9<\/title>\n<meta name=\"robots\" content=\"index, follow, max-snippet:-1, max-image-preview:large, max-video-preview:-1\" \/>\n<link rel=\"canonical\" href=\"https:\/\/filles-de-la-charite.org\/pt-pt\/celebracion-de-los-25-anos\/\" \/>\n<meta property=\"og:locale\" content=\"pt_PT\" \/>\n<meta property=\"og:type\" content=\"article\" \/>\n<meta property=\"og:title\" content=\"Celebrando os 25 Anos! - Filles de la Charit\u00e9\" \/>\n<meta property=\"og:description\" content=\"Dezessete escolas, faculdades e uma universidade nas Filipinas, membros do Sistema Educacional das Filhas da Caridade \u2013 Santa Lu\u00edsa de Marillac, reuniram-se no Concordia College, em Manila, de 11 a 13 de novembro passado, para celebrar a fidelidade e a provid\u00eancia de Deus! Irm\u00e3s, parceiros mission\u00e1rios leigos e alunos se uniram para louvar a Deus [&hellip;]\" \/>\n<meta property=\"og:url\" content=\"https:\/\/filles-de-la-charite.org\/pt-pt\/celebracion-de-los-25-anos\/\" \/>\n<meta property=\"og:site_name\" content=\"Filles de la Charit\u00e9\" \/>\n<meta property=\"article:published_time\" content=\"2023-12-01T09:08:32+00:00\" \/>\n<meta property=\"article:modified_time\" content=\"2024-03-06T09:19:03+00:00\" \/>\n<meta property=\"og:image\" content=\"https:\/\/filles-de-la-charite.org\/wp-content\/uploads\/2024\/03\/News-12.23-Celebracion-de-los-25-a-1.jpg\" \/>\n\t<meta property=\"og:image:width\" content=\"2560\" \/>\n\t<meta property=\"og:image:height\" content=\"1440\" \/>\n\t<meta property=\"og:image:type\" content=\"image\/jpeg\" \/>\n<meta name=\"author\" content=\"SOR MARTA\" \/>\n<meta name=\"twitter:card\" content=\"summary_large_image\" \/>\n<meta name=\"twitter:label1\" content=\"Escrito por\" \/>\n\t<meta name=\"twitter:data1\" content=\"SOR MARTA\" \/>\n\t<meta name=\"twitter:label2\" content=\"Tempo estimado de leitura\" \/>\n\t<meta name=\"twitter:data2\" content=\"3 minutos\" \/>\n<script type=\"application\/ld+json\" class=\"yoast-schema-graph\">{\"@context\":\"https:\\\/\\\/schema.org\",\"@graph\":[{\"@type\":\"Article\",\"@id\":\"https:\\\/\\\/filles-de-la-charite.org\\\/pt-pt\\\/celebracion-de-los-25-anos\\\/#article\",\"isPartOf\":{\"@id\":\"https:\\\/\\\/filles-de-la-charite.org\\\/pt-pt\\\/celebracion-de-los-25-anos\\\/\"},\"author\":{\"name\":\"SOR MARTA\",\"@id\":\"https:\\\/\\\/filles-de-la-charite.org\\\/pt-pt\\\/#\\\/schema\\\/person\\\/0c922b6ca71280639858d297b3a7209f\"},\"headline\":\"Celebrando os 25 Anos!\",\"datePublished\":\"2023-12-01T09:08:32+00:00\",\"dateModified\":\"2024-03-06T09:19:03+00:00\",\"mainEntityOfPage\":{\"@id\":\"https:\\\/\\\/filles-de-la-charite.org\\\/pt-pt\\\/celebracion-de-los-25-anos\\\/\"},\"wordCount\":596,\"publisher\":{\"@id\":\"https:\\\/\\\/filles-de-la-charite.org\\\/pt-pt\\\/#organization\"},\"image\":{\"@id\":\"https:\\\/\\\/filles-de-la-charite.org\\\/pt-pt\\\/celebracion-de-los-25-anos\\\/#primaryimage\"},\"thumbnailUrl\":\"https:\\\/\\\/filles-de-la-charite.org\\\/wp-content\\\/uploads\\\/2024\\\/03\\\/News-12.23-Celebracion-de-los-25-a-1.jpg\",\"articleSection\":[\"Santa Lu\u00edsa - \u00c1sia\"],\"inLanguage\":\"pt-PT\"},{\"@type\":\"WebPage\",\"@id\":\"https:\\\/\\\/filles-de-la-charite.org\\\/pt-pt\\\/celebracion-de-los-25-anos\\\/\",\"url\":\"https:\\\/\\\/filles-de-la-charite.org\\\/pt-pt\\\/celebracion-de-los-25-anos\\\/\",\"name\":\"Celebrando os 25 Anos! - Filles de la Charit\u00e9\",\"isPartOf\":{\"@id\":\"https:\\\/\\\/filles-de-la-charite.org\\\/pt-pt\\\/#website\"},\"primaryImageOfPage\":{\"@id\":\"https:\\\/\\\/filles-de-la-charite.org\\\/pt-pt\\\/celebracion-de-los-25-anos\\\/#primaryimage\"},\"image\":{\"@id\":\"https:\\\/\\\/filles-de-la-charite.org\\\/pt-pt\\\/celebracion-de-los-25-anos\\\/#primaryimage\"},\"thumbnailUrl\":\"https:\\\/\\\/filles-de-la-charite.org\\\/wp-content\\\/uploads\\\/2024\\\/03\\\/News-12.23-Celebracion-de-los-25-a-1.jpg\",\"datePublished\":\"2023-12-01T09:08:32+00:00\",\"dateModified\":\"2024-03-06T09:19:03+00:00\",\"breadcrumb\":{\"@id\":\"https:\\\/\\\/filles-de-la-charite.org\\\/pt-pt\\\/celebracion-de-los-25-anos\\\/#breadcrumb\"},\"inLanguage\":\"pt-PT\",\"potentialAction\":[{\"@type\":\"ReadAction\",\"target\":[\"https:\\\/\\\/filles-de-la-charite.org\\\/pt-pt\\\/celebracion-de-los-25-anos\\\/\"]}]},{\"@type\":\"ImageObject\",\"inLanguage\":\"pt-PT\",\"@id\":\"https:\\\/\\\/filles-de-la-charite.org\\\/pt-pt\\\/celebracion-de-los-25-anos\\\/#primaryimage\",\"url\":\"https:\\\/\\\/filles-de-la-charite.org\\\/wp-content\\\/uploads\\\/2024\\\/03\\\/News-12.23-Celebracion-de-los-25-a-1.jpg\",\"contentUrl\":\"https:\\\/\\\/filles-de-la-charite.org\\\/wp-content\\\/uploads\\\/2024\\\/03\\\/News-12.23-Celebracion-de-los-25-a-1.jpg\",\"width\":2560,\"height\":1440},{\"@type\":\"BreadcrumbList\",\"@id\":\"https:\\\/\\\/filles-de-la-charite.org\\\/pt-pt\\\/celebracion-de-los-25-anos\\\/#breadcrumb\",\"itemListElement\":[{\"@type\":\"ListItem\",\"position\":1,\"name\":\"Santa Lu\u00edsa - \u00c1sia\",\"item\":\"https:\\\/\\\/filles-de-la-charite.org\\\/pt-pt\\\/category\\\/santa-luisa-asia-pt-pt\\\/\"},{\"@type\":\"ListItem\",\"position\":2,\"name\":\"Celebrando os 25 Anos!\"}]},{\"@type\":\"WebSite\",\"@id\":\"https:\\\/\\\/filles-de-la-charite.org\\\/pt-pt\\\/#website\",\"url\":\"https:\\\/\\\/filles-de-la-charite.org\\\/pt-pt\\\/\",\"name\":\"Hijas de la Caridad\",\"description\":\"L\u2019amour de J\u00e9sus nous presse \u00e0 prendre soin des personnes les plus d\u00e9munies\",\"publisher\":{\"@id\":\"https:\\\/\\\/filles-de-la-charite.org\\\/pt-pt\\\/#organization\"},\"potentialAction\":[{\"@type\":\"SearchAction\",\"target\":{\"@type\":\"EntryPoint\",\"urlTemplate\":\"https:\\\/\\\/filles-de-la-charite.org\\\/pt-pt\\\/?s={search_term_string}\"},\"query-input\":{\"@type\":\"PropertyValueSpecification\",\"valueRequired\":true,\"valueName\":\"search_term_string\"}}],\"inLanguage\":\"pt-PT\"},{\"@type\":\"Organization\",\"@id\":\"https:\\\/\\\/filles-de-la-charite.org\\\/pt-pt\\\/#organization\",\"name\":\"Hijas de la Caridad\",\"url\":\"https:\\\/\\\/filles-de-la-charite.org\\\/pt-pt\\\/\",\"logo\":{\"@type\":\"ImageObject\",\"inLanguage\":\"pt-PT\",\"@id\":\"https:\\\/\\\/filles-de-la-charite.org\\\/pt-pt\\\/#\\\/schema\\\/logo\\\/image\\\/\",\"url\":\"https:\\\/\\\/filles-de-la-charite.org\\\/wp-content\\\/uploads\\\/2023\\\/03\\\/isotipo-Hijas-de-la-Caridad.png\",\"contentUrl\":\"https:\\\/\\\/filles-de-la-charite.org\\\/wp-content\\\/uploads\\\/2023\\\/03\\\/isotipo-Hijas-de-la-Caridad.png\",\"width\":1417,\"height\":1417,\"caption\":\"Hijas de la Caridad\"},\"image\":{\"@id\":\"https:\\\/\\\/filles-de-la-charite.org\\\/pt-pt\\\/#\\\/schema\\\/logo\\\/image\\\/\"}},{\"@type\":\"Person\",\"@id\":\"https:\\\/\\\/filles-de-la-charite.org\\\/pt-pt\\\/#\\\/schema\\\/person\\\/0c922b6ca71280639858d297b3a7209f\",\"name\":\"SOR MARTA\",\"image\":{\"@type\":\"ImageObject\",\"inLanguage\":\"pt-PT\",\"@id\":\"https:\\\/\\\/secure.gravatar.com\\\/avatar\\\/d2c45b0fd6bf2d3e2670ab3d112257c24ac80fa960360bba1bdc0676485d1d09?s=96&d=mm&r=g\",\"url\":\"https:\\\/\\\/secure.gravatar.com\\\/avatar\\\/d2c45b0fd6bf2d3e2670ab3d112257c24ac80fa960360bba1bdc0676485d1d09?s=96&d=mm&r=g\",\"contentUrl\":\"https:\\\/\\\/secure.gravatar.com\\\/avatar\\\/d2c45b0fd6bf2d3e2670ab3d112257c24ac80fa960360bba1bdc0676485d1d09?s=96&d=mm&r=g\",\"caption\":\"SOR MARTA\"},\"url\":\"https:\\\/\\\/filles-de-la-charite.org\\\/pt-pt\\\/author\\\/martaemn\\\/\"}]}<\/script>\n<!-- \/ Yoast SEO plugin. -->","yoast_head_json":{"title":"Celebrando os 25 Anos! - Filles de la Charit\u00e9","robots":{"index":"index","follow":"follow","max-snippet":"max-snippet:-1","max-image-preview":"max-image-preview:large","max-video-preview":"max-video-preview:-1"},"canonical":"https:\/\/filles-de-la-charite.org\/pt-pt\/celebracion-de-los-25-anos\/","og_locale":"pt_PT","og_type":"article","og_title":"Celebrando os 25 Anos! - Filles de la Charit\u00e9","og_description":"Dezessete escolas, faculdades e uma universidade nas Filipinas, membros do Sistema Educacional das Filhas da Caridade \u2013 Santa Lu\u00edsa de Marillac, reuniram-se no Concordia College, em Manila, de 11 a 13 de novembro passado, para celebrar a fidelidade e a provid\u00eancia de Deus! Irm\u00e3s, parceiros mission\u00e1rios leigos e alunos se uniram para louvar a Deus [&hellip;]","og_url":"https:\/\/filles-de-la-charite.org\/pt-pt\/celebracion-de-los-25-anos\/","og_site_name":"Filles de la Charit\u00e9","article_published_time":"2023-12-01T09:08:32+00:00","article_modified_time":"2024-03-06T09:19:03+00:00","og_image":[{"width":2560,"height":1440,"url":"https:\/\/filles-de-la-charite.org\/wp-content\/uploads\/2024\/03\/News-12.23-Celebracion-de-los-25-a-1.jpg","type":"image\/jpeg"}],"author":"SOR MARTA","twitter_card":"summary_large_image","twitter_misc":{"Escrito por":"SOR MARTA","Tempo estimado de leitura":"3 minutos"},"schema":{"@context":"https:\/\/schema.org","@graph":[{"@type":"Article","@id":"https:\/\/filles-de-la-charite.org\/pt-pt\/celebracion-de-los-25-anos\/#article","isPartOf":{"@id":"https:\/\/filles-de-la-charite.org\/pt-pt\/celebracion-de-los-25-anos\/"},"author":{"name":"SOR MARTA","@id":"https:\/\/filles-de-la-charite.org\/pt-pt\/#\/schema\/person\/0c922b6ca71280639858d297b3a7209f"},"headline":"Celebrando os 25 Anos!","datePublished":"2023-12-01T09:08:32+00:00","dateModified":"2024-03-06T09:19:03+00:00","mainEntityOfPage":{"@id":"https:\/\/filles-de-la-charite.org\/pt-pt\/celebracion-de-los-25-anos\/"},"wordCount":596,"publisher":{"@id":"https:\/\/filles-de-la-charite.org\/pt-pt\/#organization"},"image":{"@id":"https:\/\/filles-de-la-charite.org\/pt-pt\/celebracion-de-los-25-anos\/#primaryimage"},"thumbnailUrl":"https:\/\/filles-de-la-charite.org\/wp-content\/uploads\/2024\/03\/News-12.23-Celebracion-de-los-25-a-1.jpg","articleSection":["Santa Lu\u00edsa - \u00c1sia"],"inLanguage":"pt-PT"},{"@type":"WebPage","@id":"https:\/\/filles-de-la-charite.org\/pt-pt\/celebracion-de-los-25-anos\/","url":"https:\/\/filles-de-la-charite.org\/pt-pt\/celebracion-de-los-25-anos\/","name":"Celebrando os 25 Anos! - Filles de la Charit\u00e9","isPartOf":{"@id":"https:\/\/filles-de-la-charite.org\/pt-pt\/#website"},"primaryImageOfPage":{"@id":"https:\/\/filles-de-la-charite.org\/pt-pt\/celebracion-de-los-25-anos\/#primaryimage"},"image":{"@id":"https:\/\/filles-de-la-charite.org\/pt-pt\/celebracion-de-los-25-anos\/#primaryimage"},"thumbnailUrl":"https:\/\/filles-de-la-charite.org\/wp-content\/uploads\/2024\/03\/News-12.23-Celebracion-de-los-25-a-1.jpg","datePublished":"2023-12-01T09:08:32+00:00","dateModified":"2024-03-06T09:19:03+00:00","breadcrumb":{"@id":"https:\/\/filles-de-la-charite.org\/pt-pt\/celebracion-de-los-25-anos\/#breadcrumb"},"inLanguage":"pt-PT","potentialAction":[{"@type":"ReadAction","target":["https:\/\/filles-de-la-charite.org\/pt-pt\/celebracion-de-los-25-anos\/"]}]},{"@type":"ImageObject","inLanguage":"pt-PT","@id":"https:\/\/filles-de-la-charite.org\/pt-pt\/celebracion-de-los-25-anos\/#primaryimage","url":"https:\/\/filles-de-la-charite.org\/wp-content\/uploads\/2024\/03\/News-12.23-Celebracion-de-los-25-a-1.jpg","contentUrl":"https:\/\/filles-de-la-charite.org\/wp-content\/uploads\/2024\/03\/News-12.23-Celebracion-de-los-25-a-1.jpg","width":2560,"height":1440},{"@type":"BreadcrumbList","@id":"https:\/\/filles-de-la-charite.org\/pt-pt\/celebracion-de-los-25-anos\/#breadcrumb","itemListElement":[{"@type":"ListItem","position":1,"name":"Santa Lu\u00edsa - \u00c1sia","item":"https:\/\/filles-de-la-charite.org\/pt-pt\/category\/santa-luisa-asia-pt-pt\/"},{"@type":"ListItem","position":2,"name":"Celebrando os 25 Anos!"}]},{"@type":"WebSite","@id":"https:\/\/filles-de-la-charite.org\/pt-pt\/#website","url":"https:\/\/filles-de-la-charite.org\/pt-pt\/","name":"Hijas de la Caridad","description":"L\u2019amour de J\u00e9sus nous presse \u00e0 prendre soin des personnes les plus d\u00e9munies","publisher":{"@id":"https:\/\/filles-de-la-charite.org\/pt-pt\/#organization"},"potentialAction":[{"@type":"SearchAction","target":{"@type":"EntryPoint","urlTemplate":"https:\/\/filles-de-la-charite.org\/pt-pt\/?s={search_term_string}"},"query-input":{"@type":"PropertyValueSpecification","valueRequired":true,"valueName":"search_term_string"}}],"inLanguage":"pt-PT"},{"@type":"Organization","@id":"https:\/\/filles-de-la-charite.org\/pt-pt\/#organization","name":"Hijas de la Caridad","url":"https:\/\/filles-de-la-charite.org\/pt-pt\/","logo":{"@type":"ImageObject","inLanguage":"pt-PT","@id":"https:\/\/filles-de-la-charite.org\/pt-pt\/#\/schema\/logo\/image\/","url":"https:\/\/filles-de-la-charite.org\/wp-content\/uploads\/2023\/03\/isotipo-Hijas-de-la-Caridad.png","contentUrl":"https:\/\/filles-de-la-charite.org\/wp-content\/uploads\/2023\/03\/isotipo-Hijas-de-la-Caridad.png","width":1417,"height":1417,"caption":"Hijas de la Caridad"},"image":{"@id":"https:\/\/filles-de-la-charite.org\/pt-pt\/#\/schema\/logo\/image\/"}},{"@type":"Person","@id":"https:\/\/filles-de-la-charite.org\/pt-pt\/#\/schema\/person\/0c922b6ca71280639858d297b3a7209f","name":"SOR MARTA","image":{"@type":"ImageObject","inLanguage":"pt-PT","@id":"https:\/\/secure.gravatar.com\/avatar\/d2c45b0fd6bf2d3e2670ab3d112257c24ac80fa960360bba1bdc0676485d1d09?s=96&d=mm&r=g","url":"https:\/\/secure.gravatar.com\/avatar\/d2c45b0fd6bf2d3e2670ab3d112257c24ac80fa960360bba1bdc0676485d1d09?s=96&d=mm&r=g","contentUrl":"https:\/\/secure.gravatar.com\/avatar\/d2c45b0fd6bf2d3e2670ab3d112257c24ac80fa960360bba1bdc0676485d1d09?s=96&d=mm&r=g","caption":"SOR MARTA"},"url":"https:\/\/filles-de-la-charite.org\/pt-pt\/author\/martaemn\/"}]}},"_links":{"self":[{"href":"https:\/\/filles-de-la-charite.org\/pt-pt\/wp-json\/wp\/v2\/posts\/34060","targetHints":{"allow":["GET"]}}],"collection":[{"href":"https:\/\/filles-de-la-charite.org\/pt-pt\/wp-json\/wp\/v2\/posts"}],"about":[{"href":"https:\/\/filles-de-la-charite.org\/pt-pt\/wp-json\/wp\/v2\/types\/post"}],"author":[{"embeddable":true,"href":"https:\/\/filles-de-la-charite.org\/pt-pt\/wp-json\/wp\/v2\/users\/5"}],"replies":[{"embeddable":true,"href":"https:\/\/filles-de-la-charite.org\/pt-pt\/wp-json\/wp\/v2\/comments?post=34060"}],"version-history":[{"count":1,"href":"https:\/\/filles-de-la-charite.org\/pt-pt\/wp-json\/wp\/v2\/posts\/34060\/revisions"}],"predecessor-version":[{"id":34068,"href":"https:\/\/filles-de-la-charite.org\/pt-pt\/wp-json\/wp\/v2\/posts\/34060\/revisions\/34068"}],"wp:featuredmedia":[{"embeddable":true,"href":"https:\/\/filles-de-la-charite.org\/pt-pt\/wp-json\/wp\/v2\/media\/34041"}],"wp:attachment":[{"href":"https:\/\/filles-de-la-charite.org\/pt-pt\/wp-json\/wp\/v2\/media?parent=34060"}],"wp:term":[{"taxonomy":"category","embeddable":true,"href":"https:\/\/filles-de-la-charite.org\/pt-pt\/wp-json\/wp\/v2\/categories?post=34060"},{"taxonomy":"post_tag","embeddable":true,"href":"https:\/\/filles-de-la-charite.org\/pt-pt\/wp-json\/wp\/v2\/tags?post=34060"}],"curies":[{"name":"wp","href":"https:\/\/api.w.org\/{rel}","templated":true}]}}