{"id":34178,"date":"2024-01-08T11:47:38","date_gmt":"2024-01-08T10:47:38","guid":{"rendered":"https:\/\/hijascaridad.sjdigitaldemo.ovh\/fallecimiento-de-sor-evelyne-franc\/"},"modified":"2024-03-06T11:55:53","modified_gmt":"2024-03-06T10:55:53","slug":"fallecimiento-de-sor-evelyne-franc","status":"publish","type":"post","link":"https:\/\/filles-de-la-charite.org\/pt-pt\/fallecimiento-de-sor-evelyne-franc\/","title":{"rendered":"Falecimento da Irm\u00e3 Evelyne Franc"},"content":{"rendered":"\n<p>Irm\u00e3 Evelyne FRANC, Superiora Geral de 2003 a 2015, faleceu na segunda-feira, 8 de janeiro de 2024, aos 75 anos e 49 anos de Voca\u00e7\u00e3o.<\/p>\n\n\n\n<p>Seu funeral ser\u00e1 celebrado na sexta-feira, 12 de janeiro de 2024, \u00e0s 11 horas, na capela da resid\u00eancia da Provid\u00eancia em Coteau, uma Comunidade da Prov\u00edncia da B\u00e9lgica-Fran\u00e7a- Su\u00ed\u00e7a, \u00e0 qual ela se juntou no final de seu mandato como Superiora Geral.<\/p>\n\n\n\n<p>Damos gra\u00e7as a Deus por sua bela vida, por seu infal\u00edvel apego a Cristo e por sua incans\u00e1vel dedica\u00e7\u00e3o ao servi\u00e7o da companhia durante todos esses anos.<\/p>\n\n\n\n<p>Oramos por ela, por sua fam\u00edlia, pelos pobres que ela serviu e amou, e pelas irm\u00e3s que ela conheceu e acompanhou.<\/p>\n\n\n\n<p>Que o Senhor a receba em sua paz e alegria!<\/p>\n","protected":false},"excerpt":{"rendered":"<p>Irm\u00e3 Evelyne FRANC, Superiora Geral de 2003 a 2015, faleceu na segunda-feira, 8 de janeiro de 2024, aos 75 anos e 49 anos de Voca\u00e7\u00e3o. Seu funeral ser\u00e1 celebrado na sexta-feira, 12 de janeiro de 2024, \u00e0s 11 horas, na capela da resid\u00eancia da Provid\u00eancia em Coteau, uma Comunidade da Prov\u00edncia da B\u00e9lgica-Fran\u00e7a- Su\u00ed\u00e7a, \u00e0 [&hellip;]<\/p>\n","protected":false},"author":5,"featured_media":34158,"comment_status":"closed","ping_status":"closed","sticky":false,"template":"","format":"standard","meta":{"_acf_changed":false,"_et_pb_use_builder":"","_et_pb_old_content":"","_et_gb_content_width":"","footnotes":"","_links_to":"","_links_to_target":""},"categories":[561],"tags":[],"class_list":["post-34178","post","type-post","status-publish","format-standard","has-post-thumbnail","hentry","category-casa-mae-pt-pt"],"acf":[],"yoast_head":"<!-- This site is optimized with the Yoast SEO plugin v27.5 - https:\/\/yoast.com\/product\/yoast-seo-wordpress\/ -->\n<title>Falecimento da Irm\u00e3 Evelyne Franc - Filles de la Charit\u00e9<\/title>\n<meta name=\"robots\" content=\"index, follow, max-snippet:-1, max-image-preview:large, max-video-preview:-1\" \/>\n<link rel=\"canonical\" href=\"https:\/\/filles-de-la-charite.org\/pt-pt\/fallecimiento-de-sor-evelyne-franc\/\" \/>\n<meta property=\"og:locale\" content=\"pt_PT\" \/>\n<meta property=\"og:type\" content=\"article\" \/>\n<meta property=\"og:title\" content=\"Falecimento da Irm\u00e3 Evelyne Franc - Filles de la Charit\u00e9\" \/>\n<meta property=\"og:description\" content=\"Irm\u00e3 Evelyne FRANC, Superiora Geral de 2003 a 2015, faleceu na segunda-feira, 8 de janeiro de 2024, aos 75 anos e 49 anos de Voca\u00e7\u00e3o. Seu funeral ser\u00e1 celebrado na sexta-feira, 12 de janeiro de 2024, \u00e0s 11 horas, na capela da resid\u00eancia da Provid\u00eancia em Coteau, uma Comunidade da Prov\u00edncia da B\u00e9lgica-Fran\u00e7a- Su\u00ed\u00e7a, \u00e0 [&hellip;]\" \/>\n<meta property=\"og:url\" content=\"https:\/\/filles-de-la-charite.org\/pt-pt\/fallecimiento-de-sor-evelyne-franc\/\" \/>\n<meta property=\"og:site_name\" content=\"Filles de la Charit\u00e9\" \/>\n<meta property=\"article:published_time\" content=\"2024-01-08T10:47:38+00:00\" \/>\n<meta property=\"article:modified_time\" content=\"2024-03-06T10:55:53+00:00\" \/>\n<meta property=\"og:image\" content=\"https:\/\/filles-de-la-charite.org\/wp-content\/uploads\/2024\/03\/News-08.01.24-Sor-Evelyne-Franc-5-scaled-1.jpg\" \/>\n\t<meta property=\"og:image:width\" content=\"2560\" \/>\n\t<meta property=\"og:image:height\" content=\"1440\" \/>\n\t<meta property=\"og:image:type\" content=\"image\/jpeg\" \/>\n<meta name=\"author\" content=\"SOR MARTA\" \/>\n<meta name=\"twitter:card\" content=\"summary_large_image\" \/>\n<meta name=\"twitter:label1\" content=\"Escrito por\" \/>\n\t<meta name=\"twitter:data1\" content=\"SOR MARTA\" \/>\n\t<meta name=\"twitter:label2\" content=\"Tempo estimado de leitura\" \/>\n\t<meta name=\"twitter:data2\" content=\"1 minuto\" \/>\n<script type=\"application\/ld+json\" class=\"yoast-schema-graph\">{\"@context\":\"https:\\\/\\\/schema.org\",\"@graph\":[{\"@type\":\"Article\",\"@id\":\"https:\\\/\\\/filles-de-la-charite.org\\\/pt-pt\\\/fallecimiento-de-sor-evelyne-franc\\\/#article\",\"isPartOf\":{\"@id\":\"https:\\\/\\\/filles-de-la-charite.org\\\/pt-pt\\\/fallecimiento-de-sor-evelyne-franc\\\/\"},\"author\":{\"name\":\"SOR MARTA\",\"@id\":\"https:\\\/\\\/filles-de-la-charite.org\\\/pt-pt\\\/#\\\/schema\\\/person\\\/0c922b6ca71280639858d297b3a7209f\"},\"headline\":\"Falecimento da Irm\u00e3 Evelyne Franc\",\"datePublished\":\"2024-01-08T10:47:38+00:00\",\"dateModified\":\"2024-03-06T10:55:53+00:00\",\"mainEntityOfPage\":{\"@id\":\"https:\\\/\\\/filles-de-la-charite.org\\\/pt-pt\\\/fallecimiento-de-sor-evelyne-franc\\\/\"},\"wordCount\":134,\"publisher\":{\"@id\":\"https:\\\/\\\/filles-de-la-charite.org\\\/pt-pt\\\/#organization\"},\"image\":{\"@id\":\"https:\\\/\\\/filles-de-la-charite.org\\\/pt-pt\\\/fallecimiento-de-sor-evelyne-franc\\\/#primaryimage\"},\"thumbnailUrl\":\"https:\\\/\\\/filles-de-la-charite.org\\\/wp-content\\\/uploads\\\/2024\\\/03\\\/News-08.01.24-Sor-Evelyne-Franc-5-scaled-1.jpg\",\"articleSection\":[\"Casa-M\u00e3e\"],\"inLanguage\":\"pt-PT\"},{\"@type\":\"WebPage\",\"@id\":\"https:\\\/\\\/filles-de-la-charite.org\\\/pt-pt\\\/fallecimiento-de-sor-evelyne-franc\\\/\",\"url\":\"https:\\\/\\\/filles-de-la-charite.org\\\/pt-pt\\\/fallecimiento-de-sor-evelyne-franc\\\/\",\"name\":\"Falecimento da Irm\u00e3 Evelyne Franc - Filles de la Charit\u00e9\",\"isPartOf\":{\"@id\":\"https:\\\/\\\/filles-de-la-charite.org\\\/pt-pt\\\/#website\"},\"primaryImageOfPage\":{\"@id\":\"https:\\\/\\\/filles-de-la-charite.org\\\/pt-pt\\\/fallecimiento-de-sor-evelyne-franc\\\/#primaryimage\"},\"image\":{\"@id\":\"https:\\\/\\\/filles-de-la-charite.org\\\/pt-pt\\\/fallecimiento-de-sor-evelyne-franc\\\/#primaryimage\"},\"thumbnailUrl\":\"https:\\\/\\\/filles-de-la-charite.org\\\/wp-content\\\/uploads\\\/2024\\\/03\\\/News-08.01.24-Sor-Evelyne-Franc-5-scaled-1.jpg\",\"datePublished\":\"2024-01-08T10:47:38+00:00\",\"dateModified\":\"2024-03-06T10:55:53+00:00\",\"breadcrumb\":{\"@id\":\"https:\\\/\\\/filles-de-la-charite.org\\\/pt-pt\\\/fallecimiento-de-sor-evelyne-franc\\\/#breadcrumb\"},\"inLanguage\":\"pt-PT\",\"potentialAction\":[{\"@type\":\"ReadAction\",\"target\":[\"https:\\\/\\\/filles-de-la-charite.org\\\/pt-pt\\\/fallecimiento-de-sor-evelyne-franc\\\/\"]}]},{\"@type\":\"ImageObject\",\"inLanguage\":\"pt-PT\",\"@id\":\"https:\\\/\\\/filles-de-la-charite.org\\\/pt-pt\\\/fallecimiento-de-sor-evelyne-franc\\\/#primaryimage\",\"url\":\"https:\\\/\\\/filles-de-la-charite.org\\\/wp-content\\\/uploads\\\/2024\\\/03\\\/News-08.01.24-Sor-Evelyne-Franc-5-scaled-1.jpg\",\"contentUrl\":\"https:\\\/\\\/filles-de-la-charite.org\\\/wp-content\\\/uploads\\\/2024\\\/03\\\/News-08.01.24-Sor-Evelyne-Franc-5-scaled-1.jpg\",\"width\":2560,\"height\":1440},{\"@type\":\"BreadcrumbList\",\"@id\":\"https:\\\/\\\/filles-de-la-charite.org\\\/pt-pt\\\/fallecimiento-de-sor-evelyne-franc\\\/#breadcrumb\",\"itemListElement\":[{\"@type\":\"ListItem\",\"position\":1,\"name\":\"Casa-M\u00e3e\",\"item\":\"https:\\\/\\\/filles-de-la-charite.org\\\/pt-pt\\\/category\\\/casa-mae-pt-pt\\\/\"},{\"@type\":\"ListItem\",\"position\":2,\"name\":\"Falecimento da Irm\u00e3 Evelyne Franc\"}]},{\"@type\":\"WebSite\",\"@id\":\"https:\\\/\\\/filles-de-la-charite.org\\\/pt-pt\\\/#website\",\"url\":\"https:\\\/\\\/filles-de-la-charite.org\\\/pt-pt\\\/\",\"name\":\"Hijas de la Caridad\",\"description\":\"L\u2019amour de J\u00e9sus nous presse \u00e0 prendre soin des personnes les plus d\u00e9munies\",\"publisher\":{\"@id\":\"https:\\\/\\\/filles-de-la-charite.org\\\/pt-pt\\\/#organization\"},\"potentialAction\":[{\"@type\":\"SearchAction\",\"target\":{\"@type\":\"EntryPoint\",\"urlTemplate\":\"https:\\\/\\\/filles-de-la-charite.org\\\/pt-pt\\\/?s={search_term_string}\"},\"query-input\":{\"@type\":\"PropertyValueSpecification\",\"valueRequired\":true,\"valueName\":\"search_term_string\"}}],\"inLanguage\":\"pt-PT\"},{\"@type\":\"Organization\",\"@id\":\"https:\\\/\\\/filles-de-la-charite.org\\\/pt-pt\\\/#organization\",\"name\":\"Hijas de la Caridad\",\"url\":\"https:\\\/\\\/filles-de-la-charite.org\\\/pt-pt\\\/\",\"logo\":{\"@type\":\"ImageObject\",\"inLanguage\":\"pt-PT\",\"@id\":\"https:\\\/\\\/filles-de-la-charite.org\\\/pt-pt\\\/#\\\/schema\\\/logo\\\/image\\\/\",\"url\":\"https:\\\/\\\/filles-de-la-charite.org\\\/wp-content\\\/uploads\\\/2023\\\/03\\\/isotipo-Hijas-de-la-Caridad.png\",\"contentUrl\":\"https:\\\/\\\/filles-de-la-charite.org\\\/wp-content\\\/uploads\\\/2023\\\/03\\\/isotipo-Hijas-de-la-Caridad.png\",\"width\":1417,\"height\":1417,\"caption\":\"Hijas de la Caridad\"},\"image\":{\"@id\":\"https:\\\/\\\/filles-de-la-charite.org\\\/pt-pt\\\/#\\\/schema\\\/logo\\\/image\\\/\"}},{\"@type\":\"Person\",\"@id\":\"https:\\\/\\\/filles-de-la-charite.org\\\/pt-pt\\\/#\\\/schema\\\/person\\\/0c922b6ca71280639858d297b3a7209f\",\"name\":\"SOR MARTA\",\"image\":{\"@type\":\"ImageObject\",\"inLanguage\":\"pt-PT\",\"@id\":\"https:\\\/\\\/secure.gravatar.com\\\/avatar\\\/d2c45b0fd6bf2d3e2670ab3d112257c24ac80fa960360bba1bdc0676485d1d09?s=96&d=mm&r=g\",\"url\":\"https:\\\/\\\/secure.gravatar.com\\\/avatar\\\/d2c45b0fd6bf2d3e2670ab3d112257c24ac80fa960360bba1bdc0676485d1d09?s=96&d=mm&r=g\",\"contentUrl\":\"https:\\\/\\\/secure.gravatar.com\\\/avatar\\\/d2c45b0fd6bf2d3e2670ab3d112257c24ac80fa960360bba1bdc0676485d1d09?s=96&d=mm&r=g\",\"caption\":\"SOR MARTA\"},\"url\":\"https:\\\/\\\/filles-de-la-charite.org\\\/pt-pt\\\/author\\\/martaemn\\\/\"}]}<\/script>\n<!-- \/ Yoast SEO plugin. -->","yoast_head_json":{"title":"Falecimento da Irm\u00e3 Evelyne Franc - Filles de la Charit\u00e9","robots":{"index":"index","follow":"follow","max-snippet":"max-snippet:-1","max-image-preview":"max-image-preview:large","max-video-preview":"max-video-preview:-1"},"canonical":"https:\/\/filles-de-la-charite.org\/pt-pt\/fallecimiento-de-sor-evelyne-franc\/","og_locale":"pt_PT","og_type":"article","og_title":"Falecimento da Irm\u00e3 Evelyne Franc - Filles de la Charit\u00e9","og_description":"Irm\u00e3 Evelyne FRANC, Superiora Geral de 2003 a 2015, faleceu na segunda-feira, 8 de janeiro de 2024, aos 75 anos e 49 anos de Voca\u00e7\u00e3o. Seu funeral ser\u00e1 celebrado na sexta-feira, 12 de janeiro de 2024, \u00e0s 11 horas, na capela da resid\u00eancia da Provid\u00eancia em Coteau, uma Comunidade da Prov\u00edncia da B\u00e9lgica-Fran\u00e7a- Su\u00ed\u00e7a, \u00e0 [&hellip;]","og_url":"https:\/\/filles-de-la-charite.org\/pt-pt\/fallecimiento-de-sor-evelyne-franc\/","og_site_name":"Filles de la Charit\u00e9","article_published_time":"2024-01-08T10:47:38+00:00","article_modified_time":"2024-03-06T10:55:53+00:00","og_image":[{"width":2560,"height":1440,"url":"https:\/\/filles-de-la-charite.org\/wp-content\/uploads\/2024\/03\/News-08.01.24-Sor-Evelyne-Franc-5-scaled-1.jpg","type":"image\/jpeg"}],"author":"SOR MARTA","twitter_card":"summary_large_image","twitter_misc":{"Escrito por":"SOR MARTA","Tempo estimado de leitura":"1 minuto"},"schema":{"@context":"https:\/\/schema.org","@graph":[{"@type":"Article","@id":"https:\/\/filles-de-la-charite.org\/pt-pt\/fallecimiento-de-sor-evelyne-franc\/#article","isPartOf":{"@id":"https:\/\/filles-de-la-charite.org\/pt-pt\/fallecimiento-de-sor-evelyne-franc\/"},"author":{"name":"SOR MARTA","@id":"https:\/\/filles-de-la-charite.org\/pt-pt\/#\/schema\/person\/0c922b6ca71280639858d297b3a7209f"},"headline":"Falecimento da Irm\u00e3 Evelyne Franc","datePublished":"2024-01-08T10:47:38+00:00","dateModified":"2024-03-06T10:55:53+00:00","mainEntityOfPage":{"@id":"https:\/\/filles-de-la-charite.org\/pt-pt\/fallecimiento-de-sor-evelyne-franc\/"},"wordCount":134,"publisher":{"@id":"https:\/\/filles-de-la-charite.org\/pt-pt\/#organization"},"image":{"@id":"https:\/\/filles-de-la-charite.org\/pt-pt\/fallecimiento-de-sor-evelyne-franc\/#primaryimage"},"thumbnailUrl":"https:\/\/filles-de-la-charite.org\/wp-content\/uploads\/2024\/03\/News-08.01.24-Sor-Evelyne-Franc-5-scaled-1.jpg","articleSection":["Casa-M\u00e3e"],"inLanguage":"pt-PT"},{"@type":"WebPage","@id":"https:\/\/filles-de-la-charite.org\/pt-pt\/fallecimiento-de-sor-evelyne-franc\/","url":"https:\/\/filles-de-la-charite.org\/pt-pt\/fallecimiento-de-sor-evelyne-franc\/","name":"Falecimento da Irm\u00e3 Evelyne Franc - Filles de la Charit\u00e9","isPartOf":{"@id":"https:\/\/filles-de-la-charite.org\/pt-pt\/#website"},"primaryImageOfPage":{"@id":"https:\/\/filles-de-la-charite.org\/pt-pt\/fallecimiento-de-sor-evelyne-franc\/#primaryimage"},"image":{"@id":"https:\/\/filles-de-la-charite.org\/pt-pt\/fallecimiento-de-sor-evelyne-franc\/#primaryimage"},"thumbnailUrl":"https:\/\/filles-de-la-charite.org\/wp-content\/uploads\/2024\/03\/News-08.01.24-Sor-Evelyne-Franc-5-scaled-1.jpg","datePublished":"2024-01-08T10:47:38+00:00","dateModified":"2024-03-06T10:55:53+00:00","breadcrumb":{"@id":"https:\/\/filles-de-la-charite.org\/pt-pt\/fallecimiento-de-sor-evelyne-franc\/#breadcrumb"},"inLanguage":"pt-PT","potentialAction":[{"@type":"ReadAction","target":["https:\/\/filles-de-la-charite.org\/pt-pt\/fallecimiento-de-sor-evelyne-franc\/"]}]},{"@type":"ImageObject","inLanguage":"pt-PT","@id":"https:\/\/filles-de-la-charite.org\/pt-pt\/fallecimiento-de-sor-evelyne-franc\/#primaryimage","url":"https:\/\/filles-de-la-charite.org\/wp-content\/uploads\/2024\/03\/News-08.01.24-Sor-Evelyne-Franc-5-scaled-1.jpg","contentUrl":"https:\/\/filles-de-la-charite.org\/wp-content\/uploads\/2024\/03\/News-08.01.24-Sor-Evelyne-Franc-5-scaled-1.jpg","width":2560,"height":1440},{"@type":"BreadcrumbList","@id":"https:\/\/filles-de-la-charite.org\/pt-pt\/fallecimiento-de-sor-evelyne-franc\/#breadcrumb","itemListElement":[{"@type":"ListItem","position":1,"name":"Casa-M\u00e3e","item":"https:\/\/filles-de-la-charite.org\/pt-pt\/category\/casa-mae-pt-pt\/"},{"@type":"ListItem","position":2,"name":"Falecimento da Irm\u00e3 Evelyne Franc"}]},{"@type":"WebSite","@id":"https:\/\/filles-de-la-charite.org\/pt-pt\/#website","url":"https:\/\/filles-de-la-charite.org\/pt-pt\/","name":"Hijas de la Caridad","description":"L\u2019amour de J\u00e9sus nous presse \u00e0 prendre soin des personnes les plus d\u00e9munies","publisher":{"@id":"https:\/\/filles-de-la-charite.org\/pt-pt\/#organization"},"potentialAction":[{"@type":"SearchAction","target":{"@type":"EntryPoint","urlTemplate":"https:\/\/filles-de-la-charite.org\/pt-pt\/?s={search_term_string}"},"query-input":{"@type":"PropertyValueSpecification","valueRequired":true,"valueName":"search_term_string"}}],"inLanguage":"pt-PT"},{"@type":"Organization","@id":"https:\/\/filles-de-la-charite.org\/pt-pt\/#organization","name":"Hijas de la Caridad","url":"https:\/\/filles-de-la-charite.org\/pt-pt\/","logo":{"@type":"ImageObject","inLanguage":"pt-PT","@id":"https:\/\/filles-de-la-charite.org\/pt-pt\/#\/schema\/logo\/image\/","url":"https:\/\/filles-de-la-charite.org\/wp-content\/uploads\/2023\/03\/isotipo-Hijas-de-la-Caridad.png","contentUrl":"https:\/\/filles-de-la-charite.org\/wp-content\/uploads\/2023\/03\/isotipo-Hijas-de-la-Caridad.png","width":1417,"height":1417,"caption":"Hijas de la Caridad"},"image":{"@id":"https:\/\/filles-de-la-charite.org\/pt-pt\/#\/schema\/logo\/image\/"}},{"@type":"Person","@id":"https:\/\/filles-de-la-charite.org\/pt-pt\/#\/schema\/person\/0c922b6ca71280639858d297b3a7209f","name":"SOR MARTA","image":{"@type":"ImageObject","inLanguage":"pt-PT","@id":"https:\/\/secure.gravatar.com\/avatar\/d2c45b0fd6bf2d3e2670ab3d112257c24ac80fa960360bba1bdc0676485d1d09?s=96&d=mm&r=g","url":"https:\/\/secure.gravatar.com\/avatar\/d2c45b0fd6bf2d3e2670ab3d112257c24ac80fa960360bba1bdc0676485d1d09?s=96&d=mm&r=g","contentUrl":"https:\/\/secure.gravatar.com\/avatar\/d2c45b0fd6bf2d3e2670ab3d112257c24ac80fa960360bba1bdc0676485d1d09?s=96&d=mm&r=g","caption":"SOR MARTA"},"url":"https:\/\/filles-de-la-charite.org\/pt-pt\/author\/martaemn\/"}]}},"_links":{"self":[{"href":"https:\/\/filles-de-la-charite.org\/pt-pt\/wp-json\/wp\/v2\/posts\/34178","targetHints":{"allow":["GET"]}}],"collection":[{"href":"https:\/\/filles-de-la-charite.org\/pt-pt\/wp-json\/wp\/v2\/posts"}],"about":[{"href":"https:\/\/filles-de-la-charite.org\/pt-pt\/wp-json\/wp\/v2\/types\/post"}],"author":[{"embeddable":true,"href":"https:\/\/filles-de-la-charite.org\/pt-pt\/wp-json\/wp\/v2\/users\/5"}],"replies":[{"embeddable":true,"href":"https:\/\/filles-de-la-charite.org\/pt-pt\/wp-json\/wp\/v2\/comments?post=34178"}],"version-history":[{"count":1,"href":"https:\/\/filles-de-la-charite.org\/pt-pt\/wp-json\/wp\/v2\/posts\/34178\/revisions"}],"predecessor-version":[{"id":34182,"href":"https:\/\/filles-de-la-charite.org\/pt-pt\/wp-json\/wp\/v2\/posts\/34178\/revisions\/34182"}],"wp:featuredmedia":[{"embeddable":true,"href":"https:\/\/filles-de-la-charite.org\/pt-pt\/wp-json\/wp\/v2\/media\/34158"}],"wp:attachment":[{"href":"https:\/\/filles-de-la-charite.org\/pt-pt\/wp-json\/wp\/v2\/media?parent=34178"}],"wp:term":[{"taxonomy":"category","embeddable":true,"href":"https:\/\/filles-de-la-charite.org\/pt-pt\/wp-json\/wp\/v2\/categories?post=34178"},{"taxonomy":"post_tag","embeddable":true,"href":"https:\/\/filles-de-la-charite.org\/pt-pt\/wp-json\/wp\/v2\/tags?post=34178"}],"curies":[{"name":"wp","href":"https:\/\/api.w.org\/{rel}","templated":true}]}}