{"id":37340,"date":"2024-06-01T10:55:23","date_gmt":"2024-06-01T08:55:23","guid":{"rendered":"https:\/\/filles-de-la-charite.org\/?p=37340"},"modified":"2024-06-27T12:05:51","modified_gmt":"2024-06-27T10:05:51","slug":"reunion-inter-asambleas-de-visitadoras-el-espiritu-en-accion-en-la-compania","status":"publish","type":"post","link":"https:\/\/filles-de-la-charite.org\/pt-pt\/reunion-inter-asambleas-de-visitadoras-el-espiritu-en-accion-en-la-compania\/","title":{"rendered":"\u00a0Encontro Inter-Assembleias de Visitadoras: O Esp\u00edrito em a\u00e7\u00e3o na Companhia"},"content":{"rendered":"\n<p><em>&#8220;Que maravilha! Deus escolhe e re\u00fane filhas de diferentes lugares e prov\u00edncias para uni-las com o v\u00ednculo de sua caridade, para mostrar aos homens, em tantos lugares, o amor que lhes tem e o cuidado que sua Provid\u00eancia tem por elas, para ajud\u00e1-las em suas necessidades e assim torn\u00e1-lo conhecido\u201d (Coste X, p. 666).<\/em><\/p>\n\n\n\n<p>De 29 de abril a 20 de maio de 2024, a Encontro Inter-Assembleias das Visitadoras foi realizada na Casa M\u00e3e em Paris. O Encontro foi precedido por um retiro orientado pelo Diretor Geral, Padre Jos\u00e9 Antonio Gonz\u00e1lez Prieto, sobre o tema: As faces do Esp\u00edrito. Identidade, profecia e miss\u00e3o.<\/p>\n\n\n\n<p>Durante duas semanas, as Visitadoras trabalharam juntas para progredir em seu servi\u00e7o, que \u00e9 t\u00e3o importante para as Prov\u00edncias, para a Companhia como um todo e, por extens\u00e3o, para nossos irm\u00e3os e irm\u00e3s pobres.<\/p>\n\n\n\n<p>Padre Alvarez, em sua palestra, usando a imagem do barco da Companhia em um mar agitado, insistiu na import\u00e2ncia de estarmos tranquilas neste mundo, porque temos a bagagem necess\u00e1ria para resistir \u00e0s ondas, sendo a primeira bagagem Jesus Cristo, o Evangelho.<\/p>\n\n\n\n<p><em>\u00bb.<\/em> A no\u00e7\u00e3o de respeito foi mencionada v\u00e1rias vezes, juntamente com a necessidade de requisitos concretos que dela decorrem: ouvir, di\u00e1logo verdadeiro, benevol\u00eancia, \u201ccuidar\u201d, etc. A irm\u00e3 Liliana Franco abordou a quest\u00e3o da cultura do respeito no exerc\u00edcio da autoridade. \u00c9 um estado de esp\u00edrito a ser cultivado, uma atitude que contemplamos em Jesus, aquele a quem desejamos nos conformar. Entre outras coisas, ela disse: \u201cO respeito nasce do reconhecimento de que os outros existem e de que suas vidas s\u00e3o importantes\u201d.<\/p>\n\n\n\n<p>Durante a reuni\u00e3o, houve o desejo de nos encontrarmos com alegria, de conhecermos melhor as outras Prov\u00edncias e de trabalharmos mais juntas. A atmosfera fraterna durante essas duas semanas mostrou a abertura de esp\u00edrito para toda a Companhia e tamb\u00e9m o desejo de dar esse impulso \u00e0s Prov\u00edncias. \u00c9 um sinal de Comunh\u00e3o.<\/p>\n\n\n\n<p>Os testemunhos, que foram de alta qualidade, mostraram uma lucidez sobre realidades feitas de sombras e luzes. As Visitadoras puderam destacar, com grande honestidade, os sintomas que mostram que a Companhia pode ser tentada a apostar na seguran\u00e7a. No entanto, assumir um risco \u00e9 o que nos permite seguir em frente. Depois de um per\u00edodo de discernimento, \u00e9 uma quest\u00e3o de ousar mergulhar com confian\u00e7a e esperan\u00e7a.<\/p>\n\n\n\n<p>&nbsp;A ousadia mission\u00e1ria \u00e9 o que d\u00e1 vida \u00e0s Filhas da Caridade, o que as torna apaixonadas, e os testemunhos mostraram claramente o dinamismo das Irm\u00e3s, a grande maioria das quais est\u00e1 pronta para chegar \u00e0s periferias de diferentes pa\u00edses.<\/p>\n\n\n\n<p><\/p>\n\n\n\n<div class=\"wp-block-responsive-lightbox-gallery\"><div class=\"et_pb_slider et_pb_slider_fullwidth_off et_pb_gallery_post_type\">\n\t\t\t\t<div class=\"et_pb_slides\">\n\t\t\t\t\t<div class=\"et_pb_slide\" style=\"background: url(https:\/\/filles-de-la-charite.org\/wp-content\/uploads\/2024\/06\/DSC_0002-scaled.jpg);\"><\/div><div class=\"et_pb_slide\" style=\"background: url(https:\/\/filles-de-la-charite.org\/wp-content\/uploads\/2024\/06\/DSC_0063-scaled.jpg);\"><\/div><div class=\"et_pb_slide\" style=\"background: url(https:\/\/filles-de-la-charite.org\/wp-content\/uploads\/2024\/06\/DSC_0064-scaled.jpg);\"><\/div><div class=\"et_pb_slide\" style=\"background: url(https:\/\/filles-de-la-charite.org\/wp-content\/uploads\/2024\/06\/DSC_0084-scaled.jpg);\"><\/div><div class=\"et_pb_slide\" style=\"background: url(https:\/\/filles-de-la-charite.org\/wp-content\/uploads\/2024\/06\/DSC_0097-scaled.jpg);\"><\/div><div class=\"et_pb_slide\" style=\"background: url(https:\/\/filles-de-la-charite.org\/wp-content\/uploads\/2024\/06\/DSC_0119-scaled.jpg);\"><\/div><div class=\"et_pb_slide\" style=\"background: url(https:\/\/filles-de-la-charite.org\/wp-content\/uploads\/2024\/06\/DSC_0124-scaled.jpg);\"><\/div><div class=\"et_pb_slide\" style=\"background: url(https:\/\/filles-de-la-charite.org\/wp-content\/uploads\/2024\/06\/DSC_0132-scaled.jpg);\"><\/div><div class=\"et_pb_slide\" style=\"background: url(https:\/\/filles-de-la-charite.org\/wp-content\/uploads\/2024\/06\/DSC_0143-scaled.jpg);\"><\/div><div class=\"et_pb_slide\" style=\"background: url(https:\/\/filles-de-la-charite.org\/wp-content\/uploads\/2024\/06\/DSC_0180-scaled.jpg);\"><\/div><div class=\"et_pb_slide\" style=\"background: url(https:\/\/filles-de-la-charite.org\/wp-content\/uploads\/2024\/06\/IMG_6226-scaled.jpg);\"><\/div><div class=\"et_pb_slide\" style=\"background: url(https:\/\/filles-de-la-charite.org\/wp-content\/uploads\/2024\/06\/DSC_0010-scaled.jpg);\"><\/div><div class=\"et_pb_slide\" style=\"background: url(https:\/\/filles-de-la-charite.org\/wp-content\/uploads\/2024\/06\/DSC_0046-scaled.jpg);\"><\/div><div class=\"et_pb_slide\" style=\"background: url(https:\/\/filles-de-la-charite.org\/wp-content\/uploads\/2024\/06\/DSC_0003-scaled.jpg);\"><\/div><div class=\"et_pb_slide\" style=\"background: url(https:\/\/filles-de-la-charite.org\/wp-content\/uploads\/2024\/06\/DSC_004-scaled.jpg);\"><\/div><div class=\"et_pb_slide\" style=\"background: url(https:\/\/filles-de-la-charite.org\/wp-content\/uploads\/2024\/06\/DSC_0007-scaled.jpg);\"><\/div><div class=\"et_pb_slide\" style=\"background: url(https:\/\/filles-de-la-charite.org\/wp-content\/uploads\/2024\/06\/DSC_0008-scaled.jpg);\"><\/div><div class=\"et_pb_slide\" style=\"background: url(https:\/\/filles-de-la-charite.org\/wp-content\/uploads\/2024\/06\/DSC_0013-scaled.jpg);\"><\/div><div class=\"et_pb_slide\" style=\"background: url(https:\/\/filles-de-la-charite.org\/wp-content\/uploads\/2024\/06\/DSC_0019-scaled.jpg);\"><\/div><div class=\"et_pb_slide\" style=\"background: url(https:\/\/filles-de-la-charite.org\/wp-content\/uploads\/2024\/06\/DSC_0022-scaled.jpg);\"><\/div><div class=\"et_pb_slide\" style=\"background: url(https:\/\/filles-de-la-charite.org\/wp-content\/uploads\/2024\/06\/DSC_0023-scaled.jpg);\"><\/div><div class=\"et_pb_slide\" style=\"background: url(https:\/\/filles-de-la-charite.org\/wp-content\/uploads\/2024\/06\/DSC_0030-scaled.jpg);\"><\/div><div class=\"et_pb_slide\" style=\"background: url(https:\/\/filles-de-la-charite.org\/wp-content\/uploads\/2024\/06\/DSC_0042-scaled.jpg);\"><\/div><div class=\"et_pb_slide\" style=\"background: url(https:\/\/filles-de-la-charite.org\/wp-content\/uploads\/2024\/06\/IMG_6258-scaled.jpg);\"><\/div>\n\t\t\t\t<\/div>\n\t\t\t<\/div><\/div>\n","protected":false},"excerpt":{"rendered":"<p>&#8220;Que maravilha! Deus escolhe e re\u00fane filhas de diferentes lugares e prov\u00edncias para uni-las com o v\u00ednculo de sua caridade, para mostrar aos homens, em tantos lugares, o amor que lhes tem e o cuidado que sua Provid\u00eancia tem por elas, para ajud\u00e1-las em suas necessidades e assim torn\u00e1-lo conhecido\u201d (Coste X, p. 666). De [&hellip;]<\/p>\n","protected":false},"author":5,"featured_media":37232,"comment_status":"closed","ping_status":"closed","sticky":false,"template":"","format":"standard","meta":{"_acf_changed":false,"_et_pb_use_builder":"","_et_pb_old_content":"","_et_gb_content_width":"","footnotes":"","_links_to":"","_links_to_target":""},"categories":[561],"tags":[],"class_list":["post-37340","post","type-post","status-publish","format-standard","has-post-thumbnail","hentry","category-casa-mae-pt-pt"],"acf":[],"yoast_head":"<!-- This site is optimized with the Yoast SEO plugin v27.5 - https:\/\/yoast.com\/product\/yoast-seo-wordpress\/ -->\n<title>\u00a0Encontro Inter-Assembleias de Visitadoras: O Esp\u00edrito em a\u00e7\u00e3o na Companhia - Filles de la Charit\u00e9<\/title>\n<meta name=\"robots\" content=\"index, follow, max-snippet:-1, max-image-preview:large, max-video-preview:-1\" \/>\n<link rel=\"canonical\" href=\"https:\/\/filles-de-la-charite.org\/pt-pt\/reunion-inter-asambleas-de-visitadoras-el-espiritu-en-accion-en-la-compania\/\" \/>\n<meta property=\"og:locale\" content=\"pt_PT\" \/>\n<meta property=\"og:type\" content=\"article\" \/>\n<meta property=\"og:title\" content=\"\u00a0Encontro Inter-Assembleias de Visitadoras: O Esp\u00edrito em a\u00e7\u00e3o na Companhia - Filles de la Charit\u00e9\" \/>\n<meta property=\"og:description\" content=\"&#8220;Que maravilha! Deus escolhe e re\u00fane filhas de diferentes lugares e prov\u00edncias para uni-las com o v\u00ednculo de sua caridade, para mostrar aos homens, em tantos lugares, o amor que lhes tem e o cuidado que sua Provid\u00eancia tem por elas, para ajud\u00e1-las em suas necessidades e assim torn\u00e1-lo conhecido\u201d (Coste X, p. 666). De [&hellip;]\" \/>\n<meta property=\"og:url\" content=\"https:\/\/filles-de-la-charite.org\/pt-pt\/reunion-inter-asambleas-de-visitadoras-el-espiritu-en-accion-en-la-compania\/\" \/>\n<meta property=\"og:site_name\" content=\"Filles de la Charit\u00e9\" \/>\n<meta property=\"article:published_time\" content=\"2024-06-01T08:55:23+00:00\" \/>\n<meta property=\"article:modified_time\" content=\"2024-06-27T10:05:51+00:00\" \/>\n<meta property=\"og:image\" content=\"https:\/\/filles-de-la-charite.org\/wp-content\/uploads\/2024\/06\/DSC_0022-scaled.jpg\" \/>\n\t<meta property=\"og:image:width\" content=\"2560\" \/>\n\t<meta property=\"og:image:height\" content=\"1472\" \/>\n\t<meta property=\"og:image:type\" content=\"image\/jpeg\" \/>\n<meta name=\"author\" content=\"SOR MARTA\" \/>\n<meta name=\"twitter:card\" content=\"summary_large_image\" \/>\n<meta name=\"twitter:label1\" content=\"Escrito por\" \/>\n\t<meta name=\"twitter:data1\" content=\"SOR MARTA\" \/>\n\t<meta name=\"twitter:label2\" content=\"Tempo estimado de leitura\" \/>\n\t<meta name=\"twitter:data2\" content=\"3 minutos\" \/>\n<script type=\"application\/ld+json\" class=\"yoast-schema-graph\">{\"@context\":\"https:\\\/\\\/schema.org\",\"@graph\":[{\"@type\":\"Article\",\"@id\":\"https:\\\/\\\/filles-de-la-charite.org\\\/pt-pt\\\/reunion-inter-asambleas-de-visitadoras-el-espiritu-en-accion-en-la-compania\\\/#article\",\"isPartOf\":{\"@id\":\"https:\\\/\\\/filles-de-la-charite.org\\\/pt-pt\\\/reunion-inter-asambleas-de-visitadoras-el-espiritu-en-accion-en-la-compania\\\/\"},\"author\":{\"name\":\"SOR MARTA\",\"@id\":\"https:\\\/\\\/filles-de-la-charite.org\\\/pt-pt\\\/#\\\/schema\\\/person\\\/0c922b6ca71280639858d297b3a7209f\"},\"headline\":\"\u00a0Encontro Inter-Assembleias de Visitadoras: O Esp\u00edrito em a\u00e7\u00e3o na Companhia\",\"datePublished\":\"2024-06-01T08:55:23+00:00\",\"dateModified\":\"2024-06-27T10:05:51+00:00\",\"mainEntityOfPage\":{\"@id\":\"https:\\\/\\\/filles-de-la-charite.org\\\/pt-pt\\\/reunion-inter-asambleas-de-visitadoras-el-espiritu-en-accion-en-la-compania\\\/\"},\"wordCount\":465,\"publisher\":{\"@id\":\"https:\\\/\\\/filles-de-la-charite.org\\\/pt-pt\\\/#organization\"},\"image\":{\"@id\":\"https:\\\/\\\/filles-de-la-charite.org\\\/pt-pt\\\/reunion-inter-asambleas-de-visitadoras-el-espiritu-en-accion-en-la-compania\\\/#primaryimage\"},\"thumbnailUrl\":\"https:\\\/\\\/filles-de-la-charite.org\\\/wp-content\\\/uploads\\\/2024\\\/06\\\/DSC_0022-scaled.jpg\",\"articleSection\":[\"Casa-M\u00e3e\"],\"inLanguage\":\"pt-PT\"},{\"@type\":\"WebPage\",\"@id\":\"https:\\\/\\\/filles-de-la-charite.org\\\/pt-pt\\\/reunion-inter-asambleas-de-visitadoras-el-espiritu-en-accion-en-la-compania\\\/\",\"url\":\"https:\\\/\\\/filles-de-la-charite.org\\\/pt-pt\\\/reunion-inter-asambleas-de-visitadoras-el-espiritu-en-accion-en-la-compania\\\/\",\"name\":\"\u00a0Encontro Inter-Assembleias de Visitadoras: O Esp\u00edrito em a\u00e7\u00e3o na Companhia - Filles de la Charit\u00e9\",\"isPartOf\":{\"@id\":\"https:\\\/\\\/filles-de-la-charite.org\\\/pt-pt\\\/#website\"},\"primaryImageOfPage\":{\"@id\":\"https:\\\/\\\/filles-de-la-charite.org\\\/pt-pt\\\/reunion-inter-asambleas-de-visitadoras-el-espiritu-en-accion-en-la-compania\\\/#primaryimage\"},\"image\":{\"@id\":\"https:\\\/\\\/filles-de-la-charite.org\\\/pt-pt\\\/reunion-inter-asambleas-de-visitadoras-el-espiritu-en-accion-en-la-compania\\\/#primaryimage\"},\"thumbnailUrl\":\"https:\\\/\\\/filles-de-la-charite.org\\\/wp-content\\\/uploads\\\/2024\\\/06\\\/DSC_0022-scaled.jpg\",\"datePublished\":\"2024-06-01T08:55:23+00:00\",\"dateModified\":\"2024-06-27T10:05:51+00:00\",\"breadcrumb\":{\"@id\":\"https:\\\/\\\/filles-de-la-charite.org\\\/pt-pt\\\/reunion-inter-asambleas-de-visitadoras-el-espiritu-en-accion-en-la-compania\\\/#breadcrumb\"},\"inLanguage\":\"pt-PT\",\"potentialAction\":[{\"@type\":\"ReadAction\",\"target\":[\"https:\\\/\\\/filles-de-la-charite.org\\\/pt-pt\\\/reunion-inter-asambleas-de-visitadoras-el-espiritu-en-accion-en-la-compania\\\/\"]}]},{\"@type\":\"ImageObject\",\"inLanguage\":\"pt-PT\",\"@id\":\"https:\\\/\\\/filles-de-la-charite.org\\\/pt-pt\\\/reunion-inter-asambleas-de-visitadoras-el-espiritu-en-accion-en-la-compania\\\/#primaryimage\",\"url\":\"https:\\\/\\\/filles-de-la-charite.org\\\/wp-content\\\/uploads\\\/2024\\\/06\\\/DSC_0022-scaled.jpg\",\"contentUrl\":\"https:\\\/\\\/filles-de-la-charite.org\\\/wp-content\\\/uploads\\\/2024\\\/06\\\/DSC_0022-scaled.jpg\",\"width\":2560,\"height\":1472},{\"@type\":\"BreadcrumbList\",\"@id\":\"https:\\\/\\\/filles-de-la-charite.org\\\/pt-pt\\\/reunion-inter-asambleas-de-visitadoras-el-espiritu-en-accion-en-la-compania\\\/#breadcrumb\",\"itemListElement\":[{\"@type\":\"ListItem\",\"position\":1,\"name\":\"Casa-M\u00e3e\",\"item\":\"https:\\\/\\\/filles-de-la-charite.org\\\/pt-pt\\\/category\\\/casa-mae-pt-pt\\\/\"},{\"@type\":\"ListItem\",\"position\":2,\"name\":\"\u00a0Encontro Inter-Assembleias de Visitadoras: O Esp\u00edrito em a\u00e7\u00e3o na Companhia\"}]},{\"@type\":\"WebSite\",\"@id\":\"https:\\\/\\\/filles-de-la-charite.org\\\/pt-pt\\\/#website\",\"url\":\"https:\\\/\\\/filles-de-la-charite.org\\\/pt-pt\\\/\",\"name\":\"Hijas de la Caridad\",\"description\":\"L\u2019amour de J\u00e9sus nous presse \u00e0 prendre soin des personnes les plus d\u00e9munies\",\"publisher\":{\"@id\":\"https:\\\/\\\/filles-de-la-charite.org\\\/pt-pt\\\/#organization\"},\"potentialAction\":[{\"@type\":\"SearchAction\",\"target\":{\"@type\":\"EntryPoint\",\"urlTemplate\":\"https:\\\/\\\/filles-de-la-charite.org\\\/pt-pt\\\/?s={search_term_string}\"},\"query-input\":{\"@type\":\"PropertyValueSpecification\",\"valueRequired\":true,\"valueName\":\"search_term_string\"}}],\"inLanguage\":\"pt-PT\"},{\"@type\":\"Organization\",\"@id\":\"https:\\\/\\\/filles-de-la-charite.org\\\/pt-pt\\\/#organization\",\"name\":\"Hijas de la Caridad\",\"url\":\"https:\\\/\\\/filles-de-la-charite.org\\\/pt-pt\\\/\",\"logo\":{\"@type\":\"ImageObject\",\"inLanguage\":\"pt-PT\",\"@id\":\"https:\\\/\\\/filles-de-la-charite.org\\\/pt-pt\\\/#\\\/schema\\\/logo\\\/image\\\/\",\"url\":\"https:\\\/\\\/filles-de-la-charite.org\\\/wp-content\\\/uploads\\\/2023\\\/03\\\/isotipo-Hijas-de-la-Caridad.png\",\"contentUrl\":\"https:\\\/\\\/filles-de-la-charite.org\\\/wp-content\\\/uploads\\\/2023\\\/03\\\/isotipo-Hijas-de-la-Caridad.png\",\"width\":1417,\"height\":1417,\"caption\":\"Hijas de la Caridad\"},\"image\":{\"@id\":\"https:\\\/\\\/filles-de-la-charite.org\\\/pt-pt\\\/#\\\/schema\\\/logo\\\/image\\\/\"}},{\"@type\":\"Person\",\"@id\":\"https:\\\/\\\/filles-de-la-charite.org\\\/pt-pt\\\/#\\\/schema\\\/person\\\/0c922b6ca71280639858d297b3a7209f\",\"name\":\"SOR MARTA\",\"image\":{\"@type\":\"ImageObject\",\"inLanguage\":\"pt-PT\",\"@id\":\"https:\\\/\\\/secure.gravatar.com\\\/avatar\\\/d2c45b0fd6bf2d3e2670ab3d112257c24ac80fa960360bba1bdc0676485d1d09?s=96&d=mm&r=g\",\"url\":\"https:\\\/\\\/secure.gravatar.com\\\/avatar\\\/d2c45b0fd6bf2d3e2670ab3d112257c24ac80fa960360bba1bdc0676485d1d09?s=96&d=mm&r=g\",\"contentUrl\":\"https:\\\/\\\/secure.gravatar.com\\\/avatar\\\/d2c45b0fd6bf2d3e2670ab3d112257c24ac80fa960360bba1bdc0676485d1d09?s=96&d=mm&r=g\",\"caption\":\"SOR MARTA\"},\"url\":\"https:\\\/\\\/filles-de-la-charite.org\\\/pt-pt\\\/author\\\/martaemn\\\/\"}]}<\/script>\n<!-- \/ Yoast SEO plugin. -->","yoast_head_json":{"title":"\u00a0Encontro Inter-Assembleias de Visitadoras: O Esp\u00edrito em a\u00e7\u00e3o na Companhia - Filles de la Charit\u00e9","robots":{"index":"index","follow":"follow","max-snippet":"max-snippet:-1","max-image-preview":"max-image-preview:large","max-video-preview":"max-video-preview:-1"},"canonical":"https:\/\/filles-de-la-charite.org\/pt-pt\/reunion-inter-asambleas-de-visitadoras-el-espiritu-en-accion-en-la-compania\/","og_locale":"pt_PT","og_type":"article","og_title":"\u00a0Encontro Inter-Assembleias de Visitadoras: O Esp\u00edrito em a\u00e7\u00e3o na Companhia - Filles de la Charit\u00e9","og_description":"&#8220;Que maravilha! Deus escolhe e re\u00fane filhas de diferentes lugares e prov\u00edncias para uni-las com o v\u00ednculo de sua caridade, para mostrar aos homens, em tantos lugares, o amor que lhes tem e o cuidado que sua Provid\u00eancia tem por elas, para ajud\u00e1-las em suas necessidades e assim torn\u00e1-lo conhecido\u201d (Coste X, p. 666). De [&hellip;]","og_url":"https:\/\/filles-de-la-charite.org\/pt-pt\/reunion-inter-asambleas-de-visitadoras-el-espiritu-en-accion-en-la-compania\/","og_site_name":"Filles de la Charit\u00e9","article_published_time":"2024-06-01T08:55:23+00:00","article_modified_time":"2024-06-27T10:05:51+00:00","og_image":[{"width":2560,"height":1472,"url":"https:\/\/filles-de-la-charite.org\/wp-content\/uploads\/2024\/06\/DSC_0022-scaled.jpg","type":"image\/jpeg"}],"author":"SOR MARTA","twitter_card":"summary_large_image","twitter_misc":{"Escrito por":"SOR MARTA","Tempo estimado de leitura":"3 minutos"},"schema":{"@context":"https:\/\/schema.org","@graph":[{"@type":"Article","@id":"https:\/\/filles-de-la-charite.org\/pt-pt\/reunion-inter-asambleas-de-visitadoras-el-espiritu-en-accion-en-la-compania\/#article","isPartOf":{"@id":"https:\/\/filles-de-la-charite.org\/pt-pt\/reunion-inter-asambleas-de-visitadoras-el-espiritu-en-accion-en-la-compania\/"},"author":{"name":"SOR MARTA","@id":"https:\/\/filles-de-la-charite.org\/pt-pt\/#\/schema\/person\/0c922b6ca71280639858d297b3a7209f"},"headline":"\u00a0Encontro Inter-Assembleias de Visitadoras: O Esp\u00edrito em a\u00e7\u00e3o na Companhia","datePublished":"2024-06-01T08:55:23+00:00","dateModified":"2024-06-27T10:05:51+00:00","mainEntityOfPage":{"@id":"https:\/\/filles-de-la-charite.org\/pt-pt\/reunion-inter-asambleas-de-visitadoras-el-espiritu-en-accion-en-la-compania\/"},"wordCount":465,"publisher":{"@id":"https:\/\/filles-de-la-charite.org\/pt-pt\/#organization"},"image":{"@id":"https:\/\/filles-de-la-charite.org\/pt-pt\/reunion-inter-asambleas-de-visitadoras-el-espiritu-en-accion-en-la-compania\/#primaryimage"},"thumbnailUrl":"https:\/\/filles-de-la-charite.org\/wp-content\/uploads\/2024\/06\/DSC_0022-scaled.jpg","articleSection":["Casa-M\u00e3e"],"inLanguage":"pt-PT"},{"@type":"WebPage","@id":"https:\/\/filles-de-la-charite.org\/pt-pt\/reunion-inter-asambleas-de-visitadoras-el-espiritu-en-accion-en-la-compania\/","url":"https:\/\/filles-de-la-charite.org\/pt-pt\/reunion-inter-asambleas-de-visitadoras-el-espiritu-en-accion-en-la-compania\/","name":"\u00a0Encontro Inter-Assembleias de Visitadoras: O Esp\u00edrito em a\u00e7\u00e3o na Companhia - Filles de la Charit\u00e9","isPartOf":{"@id":"https:\/\/filles-de-la-charite.org\/pt-pt\/#website"},"primaryImageOfPage":{"@id":"https:\/\/filles-de-la-charite.org\/pt-pt\/reunion-inter-asambleas-de-visitadoras-el-espiritu-en-accion-en-la-compania\/#primaryimage"},"image":{"@id":"https:\/\/filles-de-la-charite.org\/pt-pt\/reunion-inter-asambleas-de-visitadoras-el-espiritu-en-accion-en-la-compania\/#primaryimage"},"thumbnailUrl":"https:\/\/filles-de-la-charite.org\/wp-content\/uploads\/2024\/06\/DSC_0022-scaled.jpg","datePublished":"2024-06-01T08:55:23+00:00","dateModified":"2024-06-27T10:05:51+00:00","breadcrumb":{"@id":"https:\/\/filles-de-la-charite.org\/pt-pt\/reunion-inter-asambleas-de-visitadoras-el-espiritu-en-accion-en-la-compania\/#breadcrumb"},"inLanguage":"pt-PT","potentialAction":[{"@type":"ReadAction","target":["https:\/\/filles-de-la-charite.org\/pt-pt\/reunion-inter-asambleas-de-visitadoras-el-espiritu-en-accion-en-la-compania\/"]}]},{"@type":"ImageObject","inLanguage":"pt-PT","@id":"https:\/\/filles-de-la-charite.org\/pt-pt\/reunion-inter-asambleas-de-visitadoras-el-espiritu-en-accion-en-la-compania\/#primaryimage","url":"https:\/\/filles-de-la-charite.org\/wp-content\/uploads\/2024\/06\/DSC_0022-scaled.jpg","contentUrl":"https:\/\/filles-de-la-charite.org\/wp-content\/uploads\/2024\/06\/DSC_0022-scaled.jpg","width":2560,"height":1472},{"@type":"BreadcrumbList","@id":"https:\/\/filles-de-la-charite.org\/pt-pt\/reunion-inter-asambleas-de-visitadoras-el-espiritu-en-accion-en-la-compania\/#breadcrumb","itemListElement":[{"@type":"ListItem","position":1,"name":"Casa-M\u00e3e","item":"https:\/\/filles-de-la-charite.org\/pt-pt\/category\/casa-mae-pt-pt\/"},{"@type":"ListItem","position":2,"name":"\u00a0Encontro Inter-Assembleias de Visitadoras: O Esp\u00edrito em a\u00e7\u00e3o na Companhia"}]},{"@type":"WebSite","@id":"https:\/\/filles-de-la-charite.org\/pt-pt\/#website","url":"https:\/\/filles-de-la-charite.org\/pt-pt\/","name":"Hijas de la Caridad","description":"L\u2019amour de J\u00e9sus nous presse \u00e0 prendre soin des personnes les plus d\u00e9munies","publisher":{"@id":"https:\/\/filles-de-la-charite.org\/pt-pt\/#organization"},"potentialAction":[{"@type":"SearchAction","target":{"@type":"EntryPoint","urlTemplate":"https:\/\/filles-de-la-charite.org\/pt-pt\/?s={search_term_string}"},"query-input":{"@type":"PropertyValueSpecification","valueRequired":true,"valueName":"search_term_string"}}],"inLanguage":"pt-PT"},{"@type":"Organization","@id":"https:\/\/filles-de-la-charite.org\/pt-pt\/#organization","name":"Hijas de la Caridad","url":"https:\/\/filles-de-la-charite.org\/pt-pt\/","logo":{"@type":"ImageObject","inLanguage":"pt-PT","@id":"https:\/\/filles-de-la-charite.org\/pt-pt\/#\/schema\/logo\/image\/","url":"https:\/\/filles-de-la-charite.org\/wp-content\/uploads\/2023\/03\/isotipo-Hijas-de-la-Caridad.png","contentUrl":"https:\/\/filles-de-la-charite.org\/wp-content\/uploads\/2023\/03\/isotipo-Hijas-de-la-Caridad.png","width":1417,"height":1417,"caption":"Hijas de la Caridad"},"image":{"@id":"https:\/\/filles-de-la-charite.org\/pt-pt\/#\/schema\/logo\/image\/"}},{"@type":"Person","@id":"https:\/\/filles-de-la-charite.org\/pt-pt\/#\/schema\/person\/0c922b6ca71280639858d297b3a7209f","name":"SOR MARTA","image":{"@type":"ImageObject","inLanguage":"pt-PT","@id":"https:\/\/secure.gravatar.com\/avatar\/d2c45b0fd6bf2d3e2670ab3d112257c24ac80fa960360bba1bdc0676485d1d09?s=96&d=mm&r=g","url":"https:\/\/secure.gravatar.com\/avatar\/d2c45b0fd6bf2d3e2670ab3d112257c24ac80fa960360bba1bdc0676485d1d09?s=96&d=mm&r=g","contentUrl":"https:\/\/secure.gravatar.com\/avatar\/d2c45b0fd6bf2d3e2670ab3d112257c24ac80fa960360bba1bdc0676485d1d09?s=96&d=mm&r=g","caption":"SOR MARTA"},"url":"https:\/\/filles-de-la-charite.org\/pt-pt\/author\/martaemn\/"}]}},"_links":{"self":[{"href":"https:\/\/filles-de-la-charite.org\/pt-pt\/wp-json\/wp\/v2\/posts\/37340","targetHints":{"allow":["GET"]}}],"collection":[{"href":"https:\/\/filles-de-la-charite.org\/pt-pt\/wp-json\/wp\/v2\/posts"}],"about":[{"href":"https:\/\/filles-de-la-charite.org\/pt-pt\/wp-json\/wp\/v2\/types\/post"}],"author":[{"embeddable":true,"href":"https:\/\/filles-de-la-charite.org\/pt-pt\/wp-json\/wp\/v2\/users\/5"}],"replies":[{"embeddable":true,"href":"https:\/\/filles-de-la-charite.org\/pt-pt\/wp-json\/wp\/v2\/comments?post=37340"}],"version-history":[{"count":2,"href":"https:\/\/filles-de-la-charite.org\/pt-pt\/wp-json\/wp\/v2\/posts\/37340\/revisions"}],"predecessor-version":[{"id":37351,"href":"https:\/\/filles-de-la-charite.org\/pt-pt\/wp-json\/wp\/v2\/posts\/37340\/revisions\/37351"}],"wp:featuredmedia":[{"embeddable":true,"href":"https:\/\/filles-de-la-charite.org\/pt-pt\/wp-json\/wp\/v2\/media\/37232"}],"wp:attachment":[{"href":"https:\/\/filles-de-la-charite.org\/pt-pt\/wp-json\/wp\/v2\/media?parent=37340"}],"wp:term":[{"taxonomy":"category","embeddable":true,"href":"https:\/\/filles-de-la-charite.org\/pt-pt\/wp-json\/wp\/v2\/categories?post=37340"},{"taxonomy":"post_tag","embeddable":true,"href":"https:\/\/filles-de-la-charite.org\/pt-pt\/wp-json\/wp\/v2\/tags?post=37340"}],"curies":[{"name":"wp","href":"https:\/\/api.w.org\/{rel}","templated":true}]}}