{"id":38785,"date":"2024-08-04T13:23:50","date_gmt":"2024-08-04T11:23:50","guid":{"rendered":"https:\/\/filles-de-la-charite.org\/?p=38785"},"modified":"2024-08-06T16:18:36","modified_gmt":"2024-08-06T14:18:36","slug":"meeting-of-the-international-team-of-the-web-site-of-the-daughters-of-charity-at-the-mother-house-in-paris","status":"publish","type":"post","link":"https:\/\/filles-de-la-charite.org\/pt-pt\/meeting-of-the-international-team-of-the-web-site-of-the-daughters-of-charity-at-the-mother-house-in-paris\/","title":{"rendered":"Reuni\u00e3o da Equipe Internacional do Site Web das Filhas da Caridade na Casa M\u00e3e em Paris."},"content":{"rendered":"\n<p>A equipe internacional do Site Web da Companhia das Filhas da Caridade se reuniu entre os dias 30 de julho a 03 de agosto, para a sua reuni\u00e3o anual, uma verdadeira oficinal de ideias, de inspira\u00e7\u00f5es e de criatividade. Este encontro foi um momento importante para a planifica\u00e7\u00e3o do conte\u00fado multim\u00eddia que enriquecer\u00e1 nosso site ao longo de todo o ano.<\/p>\n\n\n\n<figure class=\"wp-block-image alignleft size-large\"><img loading=\"lazy\" decoding=\"async\" width=\"768\" height=\"1024\" src=\"https:\/\/filles-de-la-charite.org\/wp-content\/uploads\/2024\/08\/WhatsApp-Image-2024-08-01-at-16.54.22-768x1024.jpeg\" alt=\"\" class=\"wp-image-38754\"\/><\/figure>\n\n\n\n<p>Um dos pontos fortes da reuni\u00e3o foi a discuss\u00e3o aberta e construtiva entre os membros da equipe. Uma ocasi\u00e3o valiosa para discutir e refletir os in\u00fameros aspectos da comunica\u00e7\u00e3o digital. Cada dia foi enriquecido com a sua cota de novas possibilidades de desenvolvimento, particularmente, na quinta-feira, 1\u00ba de agosto, quando, pela manh\u00e3, tivemos um momento de forma\u00e7\u00e3o com Sophie Nouaille, respons\u00e1vel pela Comunica\u00e7\u00e3o da Confer\u00eancia dos religiosos e religiosas de Fran\u00e7a \u2013 CORREF.<\/p>\n\n\n\n<figure class=\"wp-block-image size-large\"><img loading=\"lazy\" decoding=\"async\" width=\"1024\" height=\"681\" src=\"https:\/\/filles-de-la-charite.org\/wp-content\/uploads\/2024\/08\/DSC_0022-1024x681.jpg\" alt=\"\" class=\"wp-image-38766\" srcset=\"https:\/\/filles-de-la-charite.org\/wp-content\/uploads\/2024\/08\/DSC_0022-980x652.jpg 980w, https:\/\/filles-de-la-charite.org\/wp-content\/uploads\/2024\/08\/DSC_0022-480x319.jpg 480w\" sizes=\"(min-width: 0px) and (max-width: 480px) 480px, (min-width: 481px) and (max-width: 980px) 980px, (min-width: 981px) 1024px, 100vw\" \/><\/figure>\n\n\n\n<p>Destacamos tamb\u00e9m outro momento importante que aconteceu no s\u00e1bado pela manh\u00e3, que foi o encontro alegre e informal com Irm\u00e3 Fran\u00e7oise Petit, Superiora geral, que reafirmou a import\u00e2ncia crucial da comunica\u00e7\u00e3o digital na Companhia, motivando a equipe a adaptar-se ao momento presente e a utilizar tecnologias modernas para difundir uma mensagem de esperan\u00e7a e de amor.<\/p>\n\n\n\n<p>Ao longo da reuni\u00e3o, a equipe expressou sua gratid\u00e3o a Irm\u00e3 Annabelle Escoto (para a l\u00edngua inglesa) e \u00e0 Irm\u00e3 Irene Malate (para a l\u00edngua portuguesa) que terminaram o seu mandato na equipe do Site Web internacional. Cada uma deixou nos membros da equipe sua marca indel\u00e9vel de dedica\u00e7\u00e3o incans\u00e1vel e de criatividade. Agora, chegou a vez da Irm\u00e3 Karina Yuyun Katharina, da Indon\u00e9sia e da Irm\u00e3 Alessandra Sousa Oliveira, do Brasil, de dar continuidade, com amor e dedica\u00e7\u00e3o ao legado recebido.<\/p>\n\n\n\n<p>Esta reuni\u00e3o fortaleceu os la\u00e7os entre todas n\u00f3s e a nossa miss\u00e3o comum. Estamos confiantes diante dos desafios futuros e prontas a construir, pouco a pouco, uma ponte digital que nos conduzir\u00e1 ao \u201csexto continente\u201d, (na\u00e7\u00e3o-Internet).<\/p>\n\n\n\n<figure class=\"wp-block-image size-large\"><img loading=\"lazy\" decoding=\"async\" width=\"1024\" height=\"684\" src=\"https:\/\/filles-de-la-charite.org\/wp-content\/uploads\/2024\/08\/WhatsApp-Image-2024-08-03-at-13.03.31-1024x684.jpeg\" alt=\"\" class=\"wp-image-38772\" srcset=\"https:\/\/filles-de-la-charite.org\/wp-content\/uploads\/2024\/08\/WhatsApp-Image-2024-08-03-at-13.03.31-980x654.jpeg 980w, https:\/\/filles-de-la-charite.org\/wp-content\/uploads\/2024\/08\/WhatsApp-Image-2024-08-03-at-13.03.31-480x320.jpeg 480w\" sizes=\"(min-width: 0px) and (max-width: 480px) 480px, (min-width: 481px) and (max-width: 980px) 980px, (min-width: 981px) 1024px, 100vw\" \/><\/figure>\n\n\n\n<p>Enquanto equipe do Site Internacional da Companhia das Filhas da Caridade, somos gratas a Deus de poder continuar esta caminhada digital, com o cora\u00e7\u00e3o repleto de gratid\u00e3o e com os olhos voltados para o futuro, sempre iluminadas pelas luzes dos nossos Fundadores e guiadas por Maria, \u00fanica M\u00e3e da Companhia.<\/p>\n","protected":false},"excerpt":{"rendered":"<p>A equipe internacional do Site Web da Companhia das Filhas da Caridade se reuniu entre os dias 30 de julho a 03 de agosto, para a sua reuni\u00e3o anual, uma verdadeira oficinal de ideias, de inspira\u00e7\u00f5es e de criatividade. Este encontro foi um momento importante para a planifica\u00e7\u00e3o do conte\u00fado multim\u00eddia que enriquecer\u00e1 nosso site [&hellip;]<\/p>\n","protected":false},"author":5,"featured_media":38764,"comment_status":"closed","ping_status":"closed","sticky":false,"template":"","format":"standard","meta":{"_acf_changed":false,"_et_pb_use_builder":"","_et_pb_old_content":"","_et_gb_content_width":"","footnotes":"","_links_to":"","_links_to_target":""},"categories":[561],"tags":[],"class_list":["post-38785","post","type-post","status-publish","format-standard","has-post-thumbnail","hentry","category-casa-mae-pt-pt"],"acf":[],"yoast_head":"<!-- This site is optimized with the Yoast SEO plugin v27.5 - https:\/\/yoast.com\/product\/yoast-seo-wordpress\/ -->\n<title>Reuni\u00e3o da Equipe Internacional do Site Web das Filhas da Caridade na Casa M\u00e3e em Paris. - Filles de la Charit\u00e9<\/title>\n<meta name=\"robots\" content=\"index, follow, max-snippet:-1, max-image-preview:large, max-video-preview:-1\" \/>\n<link rel=\"canonical\" href=\"https:\/\/filles-de-la-charite.org\/pt-pt\/meeting-of-the-international-team-of-the-web-site-of-the-daughters-of-charity-at-the-mother-house-in-paris\/\" \/>\n<meta property=\"og:locale\" content=\"pt_PT\" \/>\n<meta property=\"og:type\" content=\"article\" \/>\n<meta property=\"og:title\" content=\"Reuni\u00e3o da Equipe Internacional do Site Web das Filhas da Caridade na Casa M\u00e3e em Paris. - Filles de la Charit\u00e9\" \/>\n<meta property=\"og:description\" content=\"A equipe internacional do Site Web da Companhia das Filhas da Caridade se reuniu entre os dias 30 de julho a 03 de agosto, para a sua reuni\u00e3o anual, uma verdadeira oficinal de ideias, de inspira\u00e7\u00f5es e de criatividade. Este encontro foi um momento importante para a planifica\u00e7\u00e3o do conte\u00fado multim\u00eddia que enriquecer\u00e1 nosso site [&hellip;]\" \/>\n<meta property=\"og:url\" content=\"https:\/\/filles-de-la-charite.org\/pt-pt\/meeting-of-the-international-team-of-the-web-site-of-the-daughters-of-charity-at-the-mother-house-in-paris\/\" \/>\n<meta property=\"og:site_name\" content=\"Filles de la Charit\u00e9\" \/>\n<meta property=\"article:published_time\" content=\"2024-08-04T11:23:50+00:00\" \/>\n<meta property=\"article:modified_time\" content=\"2024-08-06T14:18:36+00:00\" \/>\n<meta property=\"og:image\" content=\"https:\/\/filles-de-la-charite.org\/wp-content\/uploads\/2024\/08\/WhatsApp-Image-2024-08-03-at-13.27.06.jpeg\" \/>\n\t<meta property=\"og:image:width\" content=\"2000\" \/>\n\t<meta property=\"og:image:height\" content=\"1500\" \/>\n\t<meta property=\"og:image:type\" content=\"image\/jpeg\" \/>\n<meta name=\"author\" content=\"SOR MARTA\" \/>\n<meta name=\"twitter:card\" content=\"summary_large_image\" \/>\n<meta name=\"twitter:label1\" content=\"Escrito por\" \/>\n\t<meta name=\"twitter:data1\" content=\"SOR MARTA\" \/>\n\t<meta name=\"twitter:label2\" content=\"Tempo estimado de leitura\" \/>\n\t<meta name=\"twitter:data2\" content=\"3 minutos\" \/>\n<script type=\"application\/ld+json\" class=\"yoast-schema-graph\">{\"@context\":\"https:\\\/\\\/schema.org\",\"@graph\":[{\"@type\":\"Article\",\"@id\":\"https:\\\/\\\/filles-de-la-charite.org\\\/pt-pt\\\/meeting-of-the-international-team-of-the-web-site-of-the-daughters-of-charity-at-the-mother-house-in-paris\\\/#article\",\"isPartOf\":{\"@id\":\"https:\\\/\\\/filles-de-la-charite.org\\\/pt-pt\\\/meeting-of-the-international-team-of-the-web-site-of-the-daughters-of-charity-at-the-mother-house-in-paris\\\/\"},\"author\":{\"name\":\"SOR MARTA\",\"@id\":\"https:\\\/\\\/filles-de-la-charite.org\\\/pt-pt\\\/#\\\/schema\\\/person\\\/0c922b6ca71280639858d297b3a7209f\"},\"headline\":\"Reuni\u00e3o da Equipe Internacional do Site Web das Filhas da Caridade na Casa M\u00e3e em Paris.\",\"datePublished\":\"2024-08-04T11:23:50+00:00\",\"dateModified\":\"2024-08-06T14:18:36+00:00\",\"mainEntityOfPage\":{\"@id\":\"https:\\\/\\\/filles-de-la-charite.org\\\/pt-pt\\\/meeting-of-the-international-team-of-the-web-site-of-the-daughters-of-charity-at-the-mother-house-in-paris\\\/\"},\"wordCount\":409,\"publisher\":{\"@id\":\"https:\\\/\\\/filles-de-la-charite.org\\\/pt-pt\\\/#organization\"},\"image\":{\"@id\":\"https:\\\/\\\/filles-de-la-charite.org\\\/pt-pt\\\/meeting-of-the-international-team-of-the-web-site-of-the-daughters-of-charity-at-the-mother-house-in-paris\\\/#primaryimage\"},\"thumbnailUrl\":\"https:\\\/\\\/filles-de-la-charite.org\\\/wp-content\\\/uploads\\\/2024\\\/08\\\/WhatsApp-Image-2024-08-03-at-13.27.06.jpeg\",\"articleSection\":[\"Casa-M\u00e3e\"],\"inLanguage\":\"pt-PT\"},{\"@type\":\"WebPage\",\"@id\":\"https:\\\/\\\/filles-de-la-charite.org\\\/pt-pt\\\/meeting-of-the-international-team-of-the-web-site-of-the-daughters-of-charity-at-the-mother-house-in-paris\\\/\",\"url\":\"https:\\\/\\\/filles-de-la-charite.org\\\/pt-pt\\\/meeting-of-the-international-team-of-the-web-site-of-the-daughters-of-charity-at-the-mother-house-in-paris\\\/\",\"name\":\"Reuni\u00e3o da Equipe Internacional do Site Web das Filhas da Caridade na Casa M\u00e3e em Paris. - Filles de la Charit\u00e9\",\"isPartOf\":{\"@id\":\"https:\\\/\\\/filles-de-la-charite.org\\\/pt-pt\\\/#website\"},\"primaryImageOfPage\":{\"@id\":\"https:\\\/\\\/filles-de-la-charite.org\\\/pt-pt\\\/meeting-of-the-international-team-of-the-web-site-of-the-daughters-of-charity-at-the-mother-house-in-paris\\\/#primaryimage\"},\"image\":{\"@id\":\"https:\\\/\\\/filles-de-la-charite.org\\\/pt-pt\\\/meeting-of-the-international-team-of-the-web-site-of-the-daughters-of-charity-at-the-mother-house-in-paris\\\/#primaryimage\"},\"thumbnailUrl\":\"https:\\\/\\\/filles-de-la-charite.org\\\/wp-content\\\/uploads\\\/2024\\\/08\\\/WhatsApp-Image-2024-08-03-at-13.27.06.jpeg\",\"datePublished\":\"2024-08-04T11:23:50+00:00\",\"dateModified\":\"2024-08-06T14:18:36+00:00\",\"breadcrumb\":{\"@id\":\"https:\\\/\\\/filles-de-la-charite.org\\\/pt-pt\\\/meeting-of-the-international-team-of-the-web-site-of-the-daughters-of-charity-at-the-mother-house-in-paris\\\/#breadcrumb\"},\"inLanguage\":\"pt-PT\",\"potentialAction\":[{\"@type\":\"ReadAction\",\"target\":[\"https:\\\/\\\/filles-de-la-charite.org\\\/pt-pt\\\/meeting-of-the-international-team-of-the-web-site-of-the-daughters-of-charity-at-the-mother-house-in-paris\\\/\"]}]},{\"@type\":\"ImageObject\",\"inLanguage\":\"pt-PT\",\"@id\":\"https:\\\/\\\/filles-de-la-charite.org\\\/pt-pt\\\/meeting-of-the-international-team-of-the-web-site-of-the-daughters-of-charity-at-the-mother-house-in-paris\\\/#primaryimage\",\"url\":\"https:\\\/\\\/filles-de-la-charite.org\\\/wp-content\\\/uploads\\\/2024\\\/08\\\/WhatsApp-Image-2024-08-03-at-13.27.06.jpeg\",\"contentUrl\":\"https:\\\/\\\/filles-de-la-charite.org\\\/wp-content\\\/uploads\\\/2024\\\/08\\\/WhatsApp-Image-2024-08-03-at-13.27.06.jpeg\",\"width\":2000,\"height\":1500},{\"@type\":\"BreadcrumbList\",\"@id\":\"https:\\\/\\\/filles-de-la-charite.org\\\/pt-pt\\\/meeting-of-the-international-team-of-the-web-site-of-the-daughters-of-charity-at-the-mother-house-in-paris\\\/#breadcrumb\",\"itemListElement\":[{\"@type\":\"ListItem\",\"position\":1,\"name\":\"Casa-M\u00e3e\",\"item\":\"https:\\\/\\\/filles-de-la-charite.org\\\/pt-pt\\\/category\\\/casa-mae-pt-pt\\\/\"},{\"@type\":\"ListItem\",\"position\":2,\"name\":\"Reuni\u00e3o da Equipe Internacional do Site Web das Filhas da Caridade na Casa M\u00e3e em Paris.\"}]},{\"@type\":\"WebSite\",\"@id\":\"https:\\\/\\\/filles-de-la-charite.org\\\/pt-pt\\\/#website\",\"url\":\"https:\\\/\\\/filles-de-la-charite.org\\\/pt-pt\\\/\",\"name\":\"Hijas de la Caridad\",\"description\":\"L\u2019amour de J\u00e9sus nous presse \u00e0 prendre soin des personnes les plus d\u00e9munies\",\"publisher\":{\"@id\":\"https:\\\/\\\/filles-de-la-charite.org\\\/pt-pt\\\/#organization\"},\"potentialAction\":[{\"@type\":\"SearchAction\",\"target\":{\"@type\":\"EntryPoint\",\"urlTemplate\":\"https:\\\/\\\/filles-de-la-charite.org\\\/pt-pt\\\/?s={search_term_string}\"},\"query-input\":{\"@type\":\"PropertyValueSpecification\",\"valueRequired\":true,\"valueName\":\"search_term_string\"}}],\"inLanguage\":\"pt-PT\"},{\"@type\":\"Organization\",\"@id\":\"https:\\\/\\\/filles-de-la-charite.org\\\/pt-pt\\\/#organization\",\"name\":\"Hijas de la Caridad\",\"url\":\"https:\\\/\\\/filles-de-la-charite.org\\\/pt-pt\\\/\",\"logo\":{\"@type\":\"ImageObject\",\"inLanguage\":\"pt-PT\",\"@id\":\"https:\\\/\\\/filles-de-la-charite.org\\\/pt-pt\\\/#\\\/schema\\\/logo\\\/image\\\/\",\"url\":\"https:\\\/\\\/filles-de-la-charite.org\\\/wp-content\\\/uploads\\\/2023\\\/03\\\/isotipo-Hijas-de-la-Caridad.png\",\"contentUrl\":\"https:\\\/\\\/filles-de-la-charite.org\\\/wp-content\\\/uploads\\\/2023\\\/03\\\/isotipo-Hijas-de-la-Caridad.png\",\"width\":1417,\"height\":1417,\"caption\":\"Hijas de la Caridad\"},\"image\":{\"@id\":\"https:\\\/\\\/filles-de-la-charite.org\\\/pt-pt\\\/#\\\/schema\\\/logo\\\/image\\\/\"}},{\"@type\":\"Person\",\"@id\":\"https:\\\/\\\/filles-de-la-charite.org\\\/pt-pt\\\/#\\\/schema\\\/person\\\/0c922b6ca71280639858d297b3a7209f\",\"name\":\"SOR MARTA\",\"image\":{\"@type\":\"ImageObject\",\"inLanguage\":\"pt-PT\",\"@id\":\"https:\\\/\\\/secure.gravatar.com\\\/avatar\\\/d2c45b0fd6bf2d3e2670ab3d112257c24ac80fa960360bba1bdc0676485d1d09?s=96&d=mm&r=g\",\"url\":\"https:\\\/\\\/secure.gravatar.com\\\/avatar\\\/d2c45b0fd6bf2d3e2670ab3d112257c24ac80fa960360bba1bdc0676485d1d09?s=96&d=mm&r=g\",\"contentUrl\":\"https:\\\/\\\/secure.gravatar.com\\\/avatar\\\/d2c45b0fd6bf2d3e2670ab3d112257c24ac80fa960360bba1bdc0676485d1d09?s=96&d=mm&r=g\",\"caption\":\"SOR MARTA\"},\"url\":\"https:\\\/\\\/filles-de-la-charite.org\\\/pt-pt\\\/author\\\/martaemn\\\/\"}]}<\/script>\n<!-- \/ Yoast SEO plugin. -->","yoast_head_json":{"title":"Reuni\u00e3o da Equipe Internacional do Site Web das Filhas da Caridade na Casa M\u00e3e em Paris. - Filles de la Charit\u00e9","robots":{"index":"index","follow":"follow","max-snippet":"max-snippet:-1","max-image-preview":"max-image-preview:large","max-video-preview":"max-video-preview:-1"},"canonical":"https:\/\/filles-de-la-charite.org\/pt-pt\/meeting-of-the-international-team-of-the-web-site-of-the-daughters-of-charity-at-the-mother-house-in-paris\/","og_locale":"pt_PT","og_type":"article","og_title":"Reuni\u00e3o da Equipe Internacional do Site Web das Filhas da Caridade na Casa M\u00e3e em Paris. - Filles de la Charit\u00e9","og_description":"A equipe internacional do Site Web da Companhia das Filhas da Caridade se reuniu entre os dias 30 de julho a 03 de agosto, para a sua reuni\u00e3o anual, uma verdadeira oficinal de ideias, de inspira\u00e7\u00f5es e de criatividade. Este encontro foi um momento importante para a planifica\u00e7\u00e3o do conte\u00fado multim\u00eddia que enriquecer\u00e1 nosso site [&hellip;]","og_url":"https:\/\/filles-de-la-charite.org\/pt-pt\/meeting-of-the-international-team-of-the-web-site-of-the-daughters-of-charity-at-the-mother-house-in-paris\/","og_site_name":"Filles de la Charit\u00e9","article_published_time":"2024-08-04T11:23:50+00:00","article_modified_time":"2024-08-06T14:18:36+00:00","og_image":[{"width":2000,"height":1500,"url":"https:\/\/filles-de-la-charite.org\/wp-content\/uploads\/2024\/08\/WhatsApp-Image-2024-08-03-at-13.27.06.jpeg","type":"image\/jpeg"}],"author":"SOR MARTA","twitter_card":"summary_large_image","twitter_misc":{"Escrito por":"SOR MARTA","Tempo estimado de leitura":"3 minutos"},"schema":{"@context":"https:\/\/schema.org","@graph":[{"@type":"Article","@id":"https:\/\/filles-de-la-charite.org\/pt-pt\/meeting-of-the-international-team-of-the-web-site-of-the-daughters-of-charity-at-the-mother-house-in-paris\/#article","isPartOf":{"@id":"https:\/\/filles-de-la-charite.org\/pt-pt\/meeting-of-the-international-team-of-the-web-site-of-the-daughters-of-charity-at-the-mother-house-in-paris\/"},"author":{"name":"SOR MARTA","@id":"https:\/\/filles-de-la-charite.org\/pt-pt\/#\/schema\/person\/0c922b6ca71280639858d297b3a7209f"},"headline":"Reuni\u00e3o da Equipe Internacional do Site Web das Filhas da Caridade na Casa M\u00e3e em Paris.","datePublished":"2024-08-04T11:23:50+00:00","dateModified":"2024-08-06T14:18:36+00:00","mainEntityOfPage":{"@id":"https:\/\/filles-de-la-charite.org\/pt-pt\/meeting-of-the-international-team-of-the-web-site-of-the-daughters-of-charity-at-the-mother-house-in-paris\/"},"wordCount":409,"publisher":{"@id":"https:\/\/filles-de-la-charite.org\/pt-pt\/#organization"},"image":{"@id":"https:\/\/filles-de-la-charite.org\/pt-pt\/meeting-of-the-international-team-of-the-web-site-of-the-daughters-of-charity-at-the-mother-house-in-paris\/#primaryimage"},"thumbnailUrl":"https:\/\/filles-de-la-charite.org\/wp-content\/uploads\/2024\/08\/WhatsApp-Image-2024-08-03-at-13.27.06.jpeg","articleSection":["Casa-M\u00e3e"],"inLanguage":"pt-PT"},{"@type":"WebPage","@id":"https:\/\/filles-de-la-charite.org\/pt-pt\/meeting-of-the-international-team-of-the-web-site-of-the-daughters-of-charity-at-the-mother-house-in-paris\/","url":"https:\/\/filles-de-la-charite.org\/pt-pt\/meeting-of-the-international-team-of-the-web-site-of-the-daughters-of-charity-at-the-mother-house-in-paris\/","name":"Reuni\u00e3o da Equipe Internacional do Site Web das Filhas da Caridade na Casa M\u00e3e em Paris. - Filles de la Charit\u00e9","isPartOf":{"@id":"https:\/\/filles-de-la-charite.org\/pt-pt\/#website"},"primaryImageOfPage":{"@id":"https:\/\/filles-de-la-charite.org\/pt-pt\/meeting-of-the-international-team-of-the-web-site-of-the-daughters-of-charity-at-the-mother-house-in-paris\/#primaryimage"},"image":{"@id":"https:\/\/filles-de-la-charite.org\/pt-pt\/meeting-of-the-international-team-of-the-web-site-of-the-daughters-of-charity-at-the-mother-house-in-paris\/#primaryimage"},"thumbnailUrl":"https:\/\/filles-de-la-charite.org\/wp-content\/uploads\/2024\/08\/WhatsApp-Image-2024-08-03-at-13.27.06.jpeg","datePublished":"2024-08-04T11:23:50+00:00","dateModified":"2024-08-06T14:18:36+00:00","breadcrumb":{"@id":"https:\/\/filles-de-la-charite.org\/pt-pt\/meeting-of-the-international-team-of-the-web-site-of-the-daughters-of-charity-at-the-mother-house-in-paris\/#breadcrumb"},"inLanguage":"pt-PT","potentialAction":[{"@type":"ReadAction","target":["https:\/\/filles-de-la-charite.org\/pt-pt\/meeting-of-the-international-team-of-the-web-site-of-the-daughters-of-charity-at-the-mother-house-in-paris\/"]}]},{"@type":"ImageObject","inLanguage":"pt-PT","@id":"https:\/\/filles-de-la-charite.org\/pt-pt\/meeting-of-the-international-team-of-the-web-site-of-the-daughters-of-charity-at-the-mother-house-in-paris\/#primaryimage","url":"https:\/\/filles-de-la-charite.org\/wp-content\/uploads\/2024\/08\/WhatsApp-Image-2024-08-03-at-13.27.06.jpeg","contentUrl":"https:\/\/filles-de-la-charite.org\/wp-content\/uploads\/2024\/08\/WhatsApp-Image-2024-08-03-at-13.27.06.jpeg","width":2000,"height":1500},{"@type":"BreadcrumbList","@id":"https:\/\/filles-de-la-charite.org\/pt-pt\/meeting-of-the-international-team-of-the-web-site-of-the-daughters-of-charity-at-the-mother-house-in-paris\/#breadcrumb","itemListElement":[{"@type":"ListItem","position":1,"name":"Casa-M\u00e3e","item":"https:\/\/filles-de-la-charite.org\/pt-pt\/category\/casa-mae-pt-pt\/"},{"@type":"ListItem","position":2,"name":"Reuni\u00e3o da Equipe Internacional do Site Web das Filhas da Caridade na Casa M\u00e3e em Paris."}]},{"@type":"WebSite","@id":"https:\/\/filles-de-la-charite.org\/pt-pt\/#website","url":"https:\/\/filles-de-la-charite.org\/pt-pt\/","name":"Hijas de la Caridad","description":"L\u2019amour de J\u00e9sus nous presse \u00e0 prendre soin des personnes les plus d\u00e9munies","publisher":{"@id":"https:\/\/filles-de-la-charite.org\/pt-pt\/#organization"},"potentialAction":[{"@type":"SearchAction","target":{"@type":"EntryPoint","urlTemplate":"https:\/\/filles-de-la-charite.org\/pt-pt\/?s={search_term_string}"},"query-input":{"@type":"PropertyValueSpecification","valueRequired":true,"valueName":"search_term_string"}}],"inLanguage":"pt-PT"},{"@type":"Organization","@id":"https:\/\/filles-de-la-charite.org\/pt-pt\/#organization","name":"Hijas de la Caridad","url":"https:\/\/filles-de-la-charite.org\/pt-pt\/","logo":{"@type":"ImageObject","inLanguage":"pt-PT","@id":"https:\/\/filles-de-la-charite.org\/pt-pt\/#\/schema\/logo\/image\/","url":"https:\/\/filles-de-la-charite.org\/wp-content\/uploads\/2023\/03\/isotipo-Hijas-de-la-Caridad.png","contentUrl":"https:\/\/filles-de-la-charite.org\/wp-content\/uploads\/2023\/03\/isotipo-Hijas-de-la-Caridad.png","width":1417,"height":1417,"caption":"Hijas de la Caridad"},"image":{"@id":"https:\/\/filles-de-la-charite.org\/pt-pt\/#\/schema\/logo\/image\/"}},{"@type":"Person","@id":"https:\/\/filles-de-la-charite.org\/pt-pt\/#\/schema\/person\/0c922b6ca71280639858d297b3a7209f","name":"SOR MARTA","image":{"@type":"ImageObject","inLanguage":"pt-PT","@id":"https:\/\/secure.gravatar.com\/avatar\/d2c45b0fd6bf2d3e2670ab3d112257c24ac80fa960360bba1bdc0676485d1d09?s=96&d=mm&r=g","url":"https:\/\/secure.gravatar.com\/avatar\/d2c45b0fd6bf2d3e2670ab3d112257c24ac80fa960360bba1bdc0676485d1d09?s=96&d=mm&r=g","contentUrl":"https:\/\/secure.gravatar.com\/avatar\/d2c45b0fd6bf2d3e2670ab3d112257c24ac80fa960360bba1bdc0676485d1d09?s=96&d=mm&r=g","caption":"SOR MARTA"},"url":"https:\/\/filles-de-la-charite.org\/pt-pt\/author\/martaemn\/"}]}},"_links":{"self":[{"href":"https:\/\/filles-de-la-charite.org\/pt-pt\/wp-json\/wp\/v2\/posts\/38785","targetHints":{"allow":["GET"]}}],"collection":[{"href":"https:\/\/filles-de-la-charite.org\/pt-pt\/wp-json\/wp\/v2\/posts"}],"about":[{"href":"https:\/\/filles-de-la-charite.org\/pt-pt\/wp-json\/wp\/v2\/types\/post"}],"author":[{"embeddable":true,"href":"https:\/\/filles-de-la-charite.org\/pt-pt\/wp-json\/wp\/v2\/users\/5"}],"replies":[{"embeddable":true,"href":"https:\/\/filles-de-la-charite.org\/pt-pt\/wp-json\/wp\/v2\/comments?post=38785"}],"version-history":[{"count":2,"href":"https:\/\/filles-de-la-charite.org\/pt-pt\/wp-json\/wp\/v2\/posts\/38785\/revisions"}],"predecessor-version":[{"id":38797,"href":"https:\/\/filles-de-la-charite.org\/pt-pt\/wp-json\/wp\/v2\/posts\/38785\/revisions\/38797"}],"wp:featuredmedia":[{"embeddable":true,"href":"https:\/\/filles-de-la-charite.org\/pt-pt\/wp-json\/wp\/v2\/media\/38764"}],"wp:attachment":[{"href":"https:\/\/filles-de-la-charite.org\/pt-pt\/wp-json\/wp\/v2\/media?parent=38785"}],"wp:term":[{"taxonomy":"category","embeddable":true,"href":"https:\/\/filles-de-la-charite.org\/pt-pt\/wp-json\/wp\/v2\/categories?post=38785"},{"taxonomy":"post_tag","embeddable":true,"href":"https:\/\/filles-de-la-charite.org\/pt-pt\/wp-json\/wp\/v2\/tags?post=38785"}],"curies":[{"name":"wp","href":"https:\/\/api.w.org\/{rel}","templated":true}]}}