{"id":39053,"date":"2024-08-08T00:14:43","date_gmt":"2024-08-07T22:14:43","guid":{"rendered":"https:\/\/filles-de-la-charite.org\/?p=39053"},"modified":"2024-09-06T00:52:32","modified_gmt":"2024-09-05T22:52:32","slug":"encontro-com-irma-francoise-petit-irma-alicia-margarita-cortes-e-o-padre-jose-antonio-gonzalez-prieto-no-mexico","status":"publish","type":"post","link":"https:\/\/filles-de-la-charite.org\/pt-pt\/encontro-com-irma-francoise-petit-irma-alicia-margarita-cortes-e-o-padre-jose-antonio-gonzalez-prieto-no-mexico\/","title":{"rendered":"Encontro com Irm\u00e3 Fran\u00e7oise Petit, Irm\u00e3 Alicia Margarita Cort\u00e9s, e o Padre Jos\u00e9 Antonio Gonz\u00e1lez Prieto, no M\u00e9xico."},"content":{"rendered":"\n<p>Neste 20 de julho, passado, a Prov\u00edncia do M\u00e9xico e as Irm\u00e3s Jovens da Am\u00e9rica Latina e Caribe, participantes do CIEVI 2024, alegraram-se com a chegada da Irm\u00e3 Fran\u00e7oise Petit, Superiora Geral, a Irm\u00e3 Alicia Margarita Cort\u00e9s, Conselheira geral e o Padre Jos\u00e9 Antonio Gonz\u00e1lez Prieto, Diretor geral, recordando como temos vivido na Companhia, que &#8220;A presen\u00e7a dos\u00a0 Superiores entre n[os, \u00e9 a presen\u00e7a de Deus\u201d.<\/p>\n\n\n\n<figure class=\"wp-block-image size-large\"><img loading=\"lazy\" decoding=\"async\" width=\"1024\" height=\"461\" src=\"https:\/\/filles-de-la-charite.org\/wp-content\/uploads\/2024\/09\/Participantes-CIEVI-modalidad-presencial-y-virtual-con-Hnas.-de-Ecuador--1024x461.jpeg\" alt=\"\" class=\"wp-image-38968\" srcset=\"https:\/\/filles-de-la-charite.org\/wp-content\/uploads\/2024\/09\/Participantes-CIEVI-modalidad-presencial-y-virtual-con-Hnas.-de-Ecuador--1024x461.jpeg 1024w, https:\/\/filles-de-la-charite.org\/wp-content\/uploads\/2024\/09\/Participantes-CIEVI-modalidad-presencial-y-virtual-con-Hnas.-de-Ecuador--980x441.jpeg 980w, https:\/\/filles-de-la-charite.org\/wp-content\/uploads\/2024\/09\/Participantes-CIEVI-modalidad-presencial-y-virtual-con-Hnas.-de-Ecuador--480x216.jpeg 480w\" sizes=\"(min-width: 0px) and (max-width: 480px) 480px, (min-width: 481px) and (max-width: 980px) 980px, (min-width: 981px) 1024px, 100vw\" \/><\/figure>\n\n\n\n<p>Os sinos da Casa Provincial tocaram, convocando com alegria as Irm\u00e3s presentes e as que puderam vir das comunidades vizinhas. Sauda\u00e7\u00f5es, abra\u00e7os, sorrisos&#8230; cheios de alegria, criam entre n\u00f3s fraternidade e alargam o nosso cora\u00e7\u00e3o.<\/p>\n\n\n\n<p>Dirigimo-nos \u00e0 Capela para agradecer por esta maravilhosa visita dos nossos Superiores e, ao mesmo tempo, para confiar \u00e0 nossa M\u00e3e Sant\u00edssima, Guardi\u00e3 da Companhia, os pr\u00f3ximos dias do encontro.<\/p>\n\n\n\n<p>Durante este breve per\u00edodo de visita, tivemos a gra\u00e7a de viver momentos importantes que marcar\u00e3o a vida da Prov\u00edncia do M\u00e9xico, al\u00e9m dos encontros emocionantes no contexto do CIEVI 2024.<\/p>\n\n\n\n<figure class=\"wp-block-image size-large\"><img loading=\"lazy\" decoding=\"async\" width=\"1024\" height=\"576\" src=\"https:\/\/filles-de-la-charite.org\/wp-content\/uploads\/2024\/09\/Foto-con-Hermanas-Jubilares-25-50-y-60-anos-1024x576.jpg\" alt=\"\" class=\"wp-image-39004\" srcset=\"https:\/\/filles-de-la-charite.org\/wp-content\/uploads\/2024\/09\/Foto-con-Hermanas-Jubilares-25-50-y-60-anos-980x551.jpg 980w, https:\/\/filles-de-la-charite.org\/wp-content\/uploads\/2024\/09\/Foto-con-Hermanas-Jubilares-25-50-y-60-anos-480x270.jpg 480w\" sizes=\"(min-width: 0px) and (max-width: 480px) 480px, (min-width: 481px) and (max-width: 980px) 980px, (min-width: 981px) 1024px, 100vw\" \/><\/figure>\n\n\n\n<p>A Eucaristia de abertura foi vivenciada com especial alegria e gratid\u00e3o, as vozes joviais das Irm\u00e3s harmonizaram-se alegremente em louvores ao nosso Bom Deus, o que nos permitiu dar in\u00edcio ao &#8220;Encontro CIEVI 2024&#8221;, que este ano acolhe as Irm\u00e3s Jovens entre 4 e 6 anos de voca\u00e7\u00e3o, em prepara\u00e7\u00e3o aos primeiros votos, sob o lema: &#8220;Com uma f\u00e9 apaixonada, entregamo-nos a Deus&#8221;.<\/p>\n\n\n\n<figure class=\"wp-block-image size-large\"><img loading=\"lazy\" decoding=\"async\" width=\"1024\" height=\"607\" src=\"https:\/\/filles-de-la-charite.org\/wp-content\/uploads\/2024\/09\/Eucaristia-casa-Provincial-Mexico-1024x607.jpeg\" alt=\"\" class=\"wp-image-38974\" srcset=\"https:\/\/filles-de-la-charite.org\/wp-content\/uploads\/2024\/09\/Eucaristia-casa-Provincial-Mexico-980x581.jpeg 980w, https:\/\/filles-de-la-charite.org\/wp-content\/uploads\/2024\/09\/Eucaristia-casa-Provincial-Mexico-480x284.jpeg 480w\" sizes=\"(min-width: 0px) and (max-width: 480px) 480px, (min-width: 481px) and (max-width: 980px) 980px, (min-width: 981px) 1024px, 100vw\" \/><\/figure>\n\n\n\n<p>O nosso primeiro encontro para nos apresentarmos e nos ouvirmos foi muito emocionante. N\u00f3s expressamos nossas alegrias, sonhos, medos e questionamentos. A Irm\u00e3 Fran\u00e7oise convidou-nos a confiar cada vez mais em Jesus e a n\u00e3o nos cansarmos de sonhar juntas, pois esta \u00e9 a base da vida fraterna. A Irm\u00e3 Fran\u00e7oise, a Irm\u00e3 Alicia Margarita e o nosso Diretor, Padre Jos\u00e9 Antonio, acolheram pacientemente a nossa partilha.<\/p>\n\n\n\n<figure class=\"wp-block-image size-large\"><img loading=\"lazy\" decoding=\"async\" width=\"1024\" height=\"576\" src=\"https:\/\/filles-de-la-charite.org\/wp-content\/uploads\/2024\/09\/Mexico-y-Ecuador--1024x576.jpeg\" alt=\"\" class=\"wp-image-38962\" srcset=\"https:\/\/filles-de-la-charite.org\/wp-content\/uploads\/2024\/09\/Mexico-y-Ecuador--980x551.jpeg 980w, https:\/\/filles-de-la-charite.org\/wp-content\/uploads\/2024\/09\/Mexico-y-Ecuador--480x270.jpeg 480w\" sizes=\"(min-width: 0px) and (max-width: 480px) 480px, (min-width: 481px) and (max-width: 980px) 980px, (min-width: 981px) 1024px, 100vw\" \/><\/figure>\n\n\n\n<p>Como previsto no in\u00edcio do nosso encontro, visitamos juntos a Bas\u00edlica de Nossa Senhora de Guadalupe, e ali, ao p\u00e9 da \u201cMorenita del Tepeyac\u201d, apresentamos os nossos cora\u00e7\u00f5es com todas as inten\u00e7\u00f5es da Companhia e confiamos o CIEVI 2024.<\/p>\n\n\n\n<figure class=\"wp-block-image size-large\"><img loading=\"lazy\" decoding=\"async\" width=\"1024\" height=\"683\" src=\"https:\/\/filles-de-la-charite.org\/wp-content\/uploads\/2024\/09\/Basilica-3-1024x683.jpg\" alt=\"\" class=\"wp-image-38986\" srcset=\"https:\/\/filles-de-la-charite.org\/wp-content\/uploads\/2024\/09\/Basilica-3-980x653.jpg 980w, https:\/\/filles-de-la-charite.org\/wp-content\/uploads\/2024\/09\/Basilica-3-480x320.jpg 480w\" sizes=\"(min-width: 0px) and (max-width: 480px) 480px, (min-width: 481px) and (max-width: 980px) 980px, (min-width: 981px) 1024px, 100vw\" \/><\/figure>\n\n\n\n<p>De volta \u00e0 Casa Provincial, celebramos o anivers\u00e1rio da Irm\u00e3 Fran\u00e7oise, onde cada Prov\u00edncia participante apresentou uma dan\u00e7a ou um canto representativo em sua honra. Foi um dia muito alegre e fraterno.<\/p>\n\n\n\n<figure class=\"wp-block-image size-large\"><img loading=\"lazy\" decoding=\"async\" width=\"1024\" height=\"768\" src=\"https:\/\/filles-de-la-charite.org\/wp-content\/uploads\/2024\/09\/Comuniad-Ramon-Arbide-1024x768.jpg\" alt=\"\" class=\"wp-image-38950\" srcset=\"https:\/\/filles-de-la-charite.org\/wp-content\/uploads\/2024\/09\/Comuniad-Ramon-Arbide-980x735.jpg 980w, https:\/\/filles-de-la-charite.org\/wp-content\/uploads\/2024\/09\/Comuniad-Ramon-Arbide-480x360.jpg 480w\" sizes=\"(min-width: 0px) and (max-width: 480px) 480px, (min-width: 481px) and (max-width: 980px) 980px, (min-width: 981px) 1024px, 100vw\" \/><\/figure>\n\n\n\n<p>No decorrer dos dias, Irm\u00e3 Fran\u00e7oise, nas suas confer\u00eancias de prepara\u00e7\u00e3o para os votos, exortou-nos a viver os conselhos evang\u00e9licos, seguindo o exemplo de Nosso Senhor e as virtudes evang\u00e9licas de humildade, de simplicidade e de caridade, onde quer que estejamos. Convidou-nos ainda a cultivar uma vida de ora\u00e7\u00e3o e a n\u00e3o esquecer do nosso ser de servas.<\/p>\n\n\n\n<figure class=\"wp-block-image size-large\"><img loading=\"lazy\" decoding=\"async\" width=\"1024\" height=\"768\" src=\"https:\/\/filles-de-la-charite.org\/wp-content\/uploads\/2024\/09\/Conferencia-Casa-Provincial-1024x768.jpg\" alt=\"\" class=\"wp-image-38938\" srcset=\"https:\/\/filles-de-la-charite.org\/wp-content\/uploads\/2024\/09\/Conferencia-Casa-Provincial-980x735.jpg 980w, https:\/\/filles-de-la-charite.org\/wp-content\/uploads\/2024\/09\/Conferencia-Casa-Provincial-480x360.jpg 480w\" sizes=\"(min-width: 0px) and (max-width: 480px) 480px, (min-width: 481px) and (max-width: 980px) 980px, (min-width: 981px) 1024px, 100vw\" \/><\/figure>\n\n\n\n<p>Irm\u00e3 Francoise tamb\u00e9m visitou algumas das diferentes comunidades da Prov\u00edncia, onde conheceu as realidades e os contextos nos quais servimos nossos irm\u00e3os e irm\u00e3s que s\u00e3o em estado de pobreza e de vulnerabilidade.<\/p>\n\n\n\n<figure class=\"wp-block-image size-large\"><img loading=\"lazy\" decoding=\"async\" width=\"1024\" height=\"768\" src=\"https:\/\/filles-de-la-charite.org\/wp-content\/uploads\/2024\/09\/Comunidad-Marillac-1024x768.jpg\" alt=\"\" class=\"wp-image-39034\" srcset=\"https:\/\/filles-de-la-charite.org\/wp-content\/uploads\/2024\/09\/Comunidad-Marillac-980x735.jpg 980w, https:\/\/filles-de-la-charite.org\/wp-content\/uploads\/2024\/09\/Comunidad-Marillac-480x360.jpg 480w\" sizes=\"(min-width: 0px) and (max-width: 480px) 480px, (min-width: 481px) and (max-width: 980px) 980px, (min-width: 981px) 1024px, 100vw\" \/><\/figure>\n\n\n\n<p>O nosso cora\u00e7\u00e3o agradecido \u00e9 a melhor oferta que apresentamos a Deus, por nos ter permitido viver esta visita dos nossos Superiores gerais, ao mesmo tempo que se realiza o encontro de forma\u00e7\u00e3o para as nossas Irm\u00e3s da Am\u00e9rica Latina e Caribe.<\/p>\n\n\n\n<figure class=\"wp-block-image size-large\"><img loading=\"lazy\" decoding=\"async\" width=\"1024\" height=\"461\" src=\"https:\/\/filles-de-la-charite.org\/wp-content\/uploads\/2024\/09\/Final-CIEVI-1024x461.jpeg\" alt=\"\" class=\"wp-image-38956\" srcset=\"https:\/\/filles-de-la-charite.org\/wp-content\/uploads\/2024\/09\/Final-CIEVI-980x441.jpeg 980w, https:\/\/filles-de-la-charite.org\/wp-content\/uploads\/2024\/09\/Final-CIEVI-480x216.jpeg 480w\" sizes=\"(min-width: 0px) and (max-width: 480px) 480px, (min-width: 481px) and (max-width: 980px) 980px, (min-width: 981px) 1024px, 100vw\" \/><\/figure>\n\n\n\n<p>Tudo isso nos disp\u00f5e a abrir-nos \u00e0 Vontade de Deus.\u00a0 Obrigada aos nossos Superiores pela visita, pela simplicidade e proximidade, mas sobretudo pelas palavras que continuam a motivar-nos e a encorajar-nos a <strong>abrir as portas<\/strong>&#8230; do nosso cora\u00e7\u00e3o, a <strong>ir <\/strong>at\u00e9 &#8230; a novidade do nosso carisma e a<strong> encontar-se <\/strong>&#8230; com cada ser humano para sermos sinais de bondade, como nos convidaram S\u00e3o Vicente e Santa Lu\u00edsa. Do fundo do nosso cora\u00e7\u00e3o.\u00a0 Muito obrigada.<\/p>\n\n\n\n<figure class=\"wp-block-image size-large\"><img loading=\"lazy\" decoding=\"async\" width=\"1024\" height=\"768\" src=\"https:\/\/filles-de-la-charite.org\/wp-content\/uploads\/2024\/09\/Aeropuerto-Merida-Yuc-1024x768.jpg\" alt=\"\" class=\"wp-image-38944\" srcset=\"https:\/\/filles-de-la-charite.org\/wp-content\/uploads\/2024\/09\/Aeropuerto-Merida-Yuc-1024x768.jpg 1024w, https:\/\/filles-de-la-charite.org\/wp-content\/uploads\/2024\/09\/Aeropuerto-Merida-Yuc-980x735.jpg 980w, https:\/\/filles-de-la-charite.org\/wp-content\/uploads\/2024\/09\/Aeropuerto-Merida-Yuc-480x360.jpg 480w\" sizes=\"(min-width: 0px) and (max-width: 480px) 480px, (min-width: 481px) and (max-width: 980px) 980px, (min-width: 981px) 1024px, 100vw\" \/><\/figure>\n","protected":false},"excerpt":{"rendered":"<p>Neste 20 de julho, passado, a Prov\u00edncia do M\u00e9xico e as Irm\u00e3s Jovens da Am\u00e9rica Latina e Caribe, participantes do CIEVI 2024, alegraram-se com a chegada da Irm\u00e3 Fran\u00e7oise Petit, Superiora Geral, a Irm\u00e3 Alicia Margarita Cort\u00e9s, Conselheira geral e o Padre Jos\u00e9 Antonio Gonz\u00e1lez Prieto, Diretor geral, recordando como temos vivido na Companhia, que [&hellip;]<\/p>\n","protected":false},"author":5,"featured_media":39003,"comment_status":"closed","ping_status":"closed","sticky":false,"template":"","format":"standard","meta":{"_acf_changed":false,"_et_pb_use_builder":"","_et_pb_old_content":"","_et_gb_content_width":"","footnotes":"","_links_to":"","_links_to_target":""},"categories":[833],"tags":[],"class_list":["post-39053","post","type-post","status-publish","format-standard","has-post-thumbnail","hentry","category-mexico-pt-pt"],"acf":[],"yoast_head":"<!-- This site is optimized with the Yoast SEO plugin v27.5 - https:\/\/yoast.com\/product\/yoast-seo-wordpress\/ -->\n<title>Encontro com Irm\u00e3 Fran\u00e7oise Petit, Irm\u00e3 Alicia Margarita Cort\u00e9s, e o Padre Jos\u00e9 Antonio Gonz\u00e1lez Prieto, no M\u00e9xico. - Filles de la Charit\u00e9<\/title>\n<meta name=\"robots\" content=\"index, follow, max-snippet:-1, max-image-preview:large, max-video-preview:-1\" \/>\n<link rel=\"canonical\" href=\"https:\/\/filles-de-la-charite.org\/pt-pt\/encontro-com-irma-francoise-petit-irma-alicia-margarita-cortes-e-o-padre-jose-antonio-gonzalez-prieto-no-mexico\/\" \/>\n<meta property=\"og:locale\" content=\"pt_PT\" \/>\n<meta property=\"og:type\" content=\"article\" \/>\n<meta property=\"og:title\" content=\"Encontro com Irm\u00e3 Fran\u00e7oise Petit, Irm\u00e3 Alicia Margarita Cort\u00e9s, e o Padre Jos\u00e9 Antonio Gonz\u00e1lez Prieto, no M\u00e9xico. - Filles de la Charit\u00e9\" \/>\n<meta property=\"og:description\" content=\"Neste 20 de julho, passado, a Prov\u00edncia do M\u00e9xico e as Irm\u00e3s Jovens da Am\u00e9rica Latina e Caribe, participantes do CIEVI 2024, alegraram-se com a chegada da Irm\u00e3 Fran\u00e7oise Petit, Superiora Geral, a Irm\u00e3 Alicia Margarita Cort\u00e9s, Conselheira geral e o Padre Jos\u00e9 Antonio Gonz\u00e1lez Prieto, Diretor geral, recordando como temos vivido na Companhia, que [&hellip;]\" \/>\n<meta property=\"og:url\" content=\"https:\/\/filles-de-la-charite.org\/pt-pt\/encontro-com-irma-francoise-petit-irma-alicia-margarita-cortes-e-o-padre-jose-antonio-gonzalez-prieto-no-mexico\/\" \/>\n<meta property=\"og:site_name\" content=\"Filles de la Charit\u00e9\" \/>\n<meta property=\"article:published_time\" content=\"2024-08-07T22:14:43+00:00\" \/>\n<meta property=\"article:modified_time\" content=\"2024-09-05T22:52:32+00:00\" \/>\n<meta property=\"og:image\" content=\"https:\/\/filles-de-la-charite.org\/wp-content\/uploads\/2024\/09\/Basilica-4-scaled.jpg\" \/>\n\t<meta property=\"og:image:width\" content=\"2560\" \/>\n\t<meta property=\"og:image:height\" content=\"1707\" \/>\n\t<meta property=\"og:image:type\" content=\"image\/jpeg\" \/>\n<meta name=\"author\" content=\"SOR MARTA\" \/>\n<meta name=\"twitter:card\" content=\"summary_large_image\" \/>\n<meta name=\"twitter:label1\" content=\"Escrito por\" \/>\n\t<meta name=\"twitter:data1\" content=\"SOR MARTA\" \/>\n\t<meta name=\"twitter:label2\" content=\"Tempo estimado de leitura\" \/>\n\t<meta name=\"twitter:data2\" content=\"5 minutos\" \/>\n<script type=\"application\/ld+json\" class=\"yoast-schema-graph\">{\"@context\":\"https:\\\/\\\/schema.org\",\"@graph\":[{\"@type\":\"Article\",\"@id\":\"https:\\\/\\\/filles-de-la-charite.org\\\/pt-pt\\\/encontro-com-irma-francoise-petit-irma-alicia-margarita-cortes-e-o-padre-jose-antonio-gonzalez-prieto-no-mexico\\\/#article\",\"isPartOf\":{\"@id\":\"https:\\\/\\\/filles-de-la-charite.org\\\/pt-pt\\\/encontro-com-irma-francoise-petit-irma-alicia-margarita-cortes-e-o-padre-jose-antonio-gonzalez-prieto-no-mexico\\\/\"},\"author\":{\"name\":\"SOR MARTA\",\"@id\":\"https:\\\/\\\/filles-de-la-charite.org\\\/pt-pt\\\/#\\\/schema\\\/person\\\/0c922b6ca71280639858d297b3a7209f\"},\"headline\":\"Encontro com Irm\u00e3 Fran\u00e7oise Petit, Irm\u00e3 Alicia Margarita Cort\u00e9s, e o Padre Jos\u00e9 Antonio Gonz\u00e1lez Prieto, no M\u00e9xico.\",\"datePublished\":\"2024-08-07T22:14:43+00:00\",\"dateModified\":\"2024-09-05T22:52:32+00:00\",\"mainEntityOfPage\":{\"@id\":\"https:\\\/\\\/filles-de-la-charite.org\\\/pt-pt\\\/encontro-com-irma-francoise-petit-irma-alicia-margarita-cortes-e-o-padre-jose-antonio-gonzalez-prieto-no-mexico\\\/\"},\"wordCount\":639,\"publisher\":{\"@id\":\"https:\\\/\\\/filles-de-la-charite.org\\\/pt-pt\\\/#organization\"},\"image\":{\"@id\":\"https:\\\/\\\/filles-de-la-charite.org\\\/pt-pt\\\/encontro-com-irma-francoise-petit-irma-alicia-margarita-cortes-e-o-padre-jose-antonio-gonzalez-prieto-no-mexico\\\/#primaryimage\"},\"thumbnailUrl\":\"https:\\\/\\\/filles-de-la-charite.org\\\/wp-content\\\/uploads\\\/2024\\\/09\\\/Basilica-4-scaled.jpg\",\"articleSection\":[\"M\u00e9xico\"],\"inLanguage\":\"pt-PT\"},{\"@type\":\"WebPage\",\"@id\":\"https:\\\/\\\/filles-de-la-charite.org\\\/pt-pt\\\/encontro-com-irma-francoise-petit-irma-alicia-margarita-cortes-e-o-padre-jose-antonio-gonzalez-prieto-no-mexico\\\/\",\"url\":\"https:\\\/\\\/filles-de-la-charite.org\\\/pt-pt\\\/encontro-com-irma-francoise-petit-irma-alicia-margarita-cortes-e-o-padre-jose-antonio-gonzalez-prieto-no-mexico\\\/\",\"name\":\"Encontro com Irm\u00e3 Fran\u00e7oise Petit, Irm\u00e3 Alicia Margarita Cort\u00e9s, e o Padre Jos\u00e9 Antonio Gonz\u00e1lez Prieto, no M\u00e9xico. - Filles de la Charit\u00e9\",\"isPartOf\":{\"@id\":\"https:\\\/\\\/filles-de-la-charite.org\\\/pt-pt\\\/#website\"},\"primaryImageOfPage\":{\"@id\":\"https:\\\/\\\/filles-de-la-charite.org\\\/pt-pt\\\/encontro-com-irma-francoise-petit-irma-alicia-margarita-cortes-e-o-padre-jose-antonio-gonzalez-prieto-no-mexico\\\/#primaryimage\"},\"image\":{\"@id\":\"https:\\\/\\\/filles-de-la-charite.org\\\/pt-pt\\\/encontro-com-irma-francoise-petit-irma-alicia-margarita-cortes-e-o-padre-jose-antonio-gonzalez-prieto-no-mexico\\\/#primaryimage\"},\"thumbnailUrl\":\"https:\\\/\\\/filles-de-la-charite.org\\\/wp-content\\\/uploads\\\/2024\\\/09\\\/Basilica-4-scaled.jpg\",\"datePublished\":\"2024-08-07T22:14:43+00:00\",\"dateModified\":\"2024-09-05T22:52:32+00:00\",\"breadcrumb\":{\"@id\":\"https:\\\/\\\/filles-de-la-charite.org\\\/pt-pt\\\/encontro-com-irma-francoise-petit-irma-alicia-margarita-cortes-e-o-padre-jose-antonio-gonzalez-prieto-no-mexico\\\/#breadcrumb\"},\"inLanguage\":\"pt-PT\",\"potentialAction\":[{\"@type\":\"ReadAction\",\"target\":[\"https:\\\/\\\/filles-de-la-charite.org\\\/pt-pt\\\/encontro-com-irma-francoise-petit-irma-alicia-margarita-cortes-e-o-padre-jose-antonio-gonzalez-prieto-no-mexico\\\/\"]}]},{\"@type\":\"ImageObject\",\"inLanguage\":\"pt-PT\",\"@id\":\"https:\\\/\\\/filles-de-la-charite.org\\\/pt-pt\\\/encontro-com-irma-francoise-petit-irma-alicia-margarita-cortes-e-o-padre-jose-antonio-gonzalez-prieto-no-mexico\\\/#primaryimage\",\"url\":\"https:\\\/\\\/filles-de-la-charite.org\\\/wp-content\\\/uploads\\\/2024\\\/09\\\/Basilica-4-scaled.jpg\",\"contentUrl\":\"https:\\\/\\\/filles-de-la-charite.org\\\/wp-content\\\/uploads\\\/2024\\\/09\\\/Basilica-4-scaled.jpg\",\"width\":2560,\"height\":1707},{\"@type\":\"BreadcrumbList\",\"@id\":\"https:\\\/\\\/filles-de-la-charite.org\\\/pt-pt\\\/encontro-com-irma-francoise-petit-irma-alicia-margarita-cortes-e-o-padre-jose-antonio-gonzalez-prieto-no-mexico\\\/#breadcrumb\",\"itemListElement\":[{\"@type\":\"ListItem\",\"position\":1,\"name\":\"M\u00e9xico\",\"item\":\"https:\\\/\\\/filles-de-la-charite.org\\\/pt-pt\\\/category\\\/mexico-pt-pt\\\/\"},{\"@type\":\"ListItem\",\"position\":2,\"name\":\"Encontro com Irm\u00e3 Fran\u00e7oise Petit, Irm\u00e3 Alicia Margarita Cort\u00e9s, e o Padre Jos\u00e9 Antonio Gonz\u00e1lez Prieto, no M\u00e9xico.\"}]},{\"@type\":\"WebSite\",\"@id\":\"https:\\\/\\\/filles-de-la-charite.org\\\/pt-pt\\\/#website\",\"url\":\"https:\\\/\\\/filles-de-la-charite.org\\\/pt-pt\\\/\",\"name\":\"Hijas de la Caridad\",\"description\":\"L\u2019amour de J\u00e9sus nous presse \u00e0 prendre soin des personnes les plus d\u00e9munies\",\"publisher\":{\"@id\":\"https:\\\/\\\/filles-de-la-charite.org\\\/pt-pt\\\/#organization\"},\"potentialAction\":[{\"@type\":\"SearchAction\",\"target\":{\"@type\":\"EntryPoint\",\"urlTemplate\":\"https:\\\/\\\/filles-de-la-charite.org\\\/pt-pt\\\/?s={search_term_string}\"},\"query-input\":{\"@type\":\"PropertyValueSpecification\",\"valueRequired\":true,\"valueName\":\"search_term_string\"}}],\"inLanguage\":\"pt-PT\"},{\"@type\":\"Organization\",\"@id\":\"https:\\\/\\\/filles-de-la-charite.org\\\/pt-pt\\\/#organization\",\"name\":\"Hijas de la Caridad\",\"url\":\"https:\\\/\\\/filles-de-la-charite.org\\\/pt-pt\\\/\",\"logo\":{\"@type\":\"ImageObject\",\"inLanguage\":\"pt-PT\",\"@id\":\"https:\\\/\\\/filles-de-la-charite.org\\\/pt-pt\\\/#\\\/schema\\\/logo\\\/image\\\/\",\"url\":\"https:\\\/\\\/filles-de-la-charite.org\\\/wp-content\\\/uploads\\\/2023\\\/03\\\/isotipo-Hijas-de-la-Caridad.png\",\"contentUrl\":\"https:\\\/\\\/filles-de-la-charite.org\\\/wp-content\\\/uploads\\\/2023\\\/03\\\/isotipo-Hijas-de-la-Caridad.png\",\"width\":1417,\"height\":1417,\"caption\":\"Hijas de la Caridad\"},\"image\":{\"@id\":\"https:\\\/\\\/filles-de-la-charite.org\\\/pt-pt\\\/#\\\/schema\\\/logo\\\/image\\\/\"}},{\"@type\":\"Person\",\"@id\":\"https:\\\/\\\/filles-de-la-charite.org\\\/pt-pt\\\/#\\\/schema\\\/person\\\/0c922b6ca71280639858d297b3a7209f\",\"name\":\"SOR MARTA\",\"image\":{\"@type\":\"ImageObject\",\"inLanguage\":\"pt-PT\",\"@id\":\"https:\\\/\\\/secure.gravatar.com\\\/avatar\\\/d2c45b0fd6bf2d3e2670ab3d112257c24ac80fa960360bba1bdc0676485d1d09?s=96&d=mm&r=g\",\"url\":\"https:\\\/\\\/secure.gravatar.com\\\/avatar\\\/d2c45b0fd6bf2d3e2670ab3d112257c24ac80fa960360bba1bdc0676485d1d09?s=96&d=mm&r=g\",\"contentUrl\":\"https:\\\/\\\/secure.gravatar.com\\\/avatar\\\/d2c45b0fd6bf2d3e2670ab3d112257c24ac80fa960360bba1bdc0676485d1d09?s=96&d=mm&r=g\",\"caption\":\"SOR MARTA\"},\"url\":\"https:\\\/\\\/filles-de-la-charite.org\\\/pt-pt\\\/author\\\/martaemn\\\/\"}]}<\/script>\n<!-- \/ Yoast SEO plugin. -->","yoast_head_json":{"title":"Encontro com Irm\u00e3 Fran\u00e7oise Petit, Irm\u00e3 Alicia Margarita Cort\u00e9s, e o Padre Jos\u00e9 Antonio Gonz\u00e1lez Prieto, no M\u00e9xico. - Filles de la Charit\u00e9","robots":{"index":"index","follow":"follow","max-snippet":"max-snippet:-1","max-image-preview":"max-image-preview:large","max-video-preview":"max-video-preview:-1"},"canonical":"https:\/\/filles-de-la-charite.org\/pt-pt\/encontro-com-irma-francoise-petit-irma-alicia-margarita-cortes-e-o-padre-jose-antonio-gonzalez-prieto-no-mexico\/","og_locale":"pt_PT","og_type":"article","og_title":"Encontro com Irm\u00e3 Fran\u00e7oise Petit, Irm\u00e3 Alicia Margarita Cort\u00e9s, e o Padre Jos\u00e9 Antonio Gonz\u00e1lez Prieto, no M\u00e9xico. - Filles de la Charit\u00e9","og_description":"Neste 20 de julho, passado, a Prov\u00edncia do M\u00e9xico e as Irm\u00e3s Jovens da Am\u00e9rica Latina e Caribe, participantes do CIEVI 2024, alegraram-se com a chegada da Irm\u00e3 Fran\u00e7oise Petit, Superiora Geral, a Irm\u00e3 Alicia Margarita Cort\u00e9s, Conselheira geral e o Padre Jos\u00e9 Antonio Gonz\u00e1lez Prieto, Diretor geral, recordando como temos vivido na Companhia, que [&hellip;]","og_url":"https:\/\/filles-de-la-charite.org\/pt-pt\/encontro-com-irma-francoise-petit-irma-alicia-margarita-cortes-e-o-padre-jose-antonio-gonzalez-prieto-no-mexico\/","og_site_name":"Filles de la Charit\u00e9","article_published_time":"2024-08-07T22:14:43+00:00","article_modified_time":"2024-09-05T22:52:32+00:00","og_image":[{"width":2560,"height":1707,"url":"https:\/\/filles-de-la-charite.org\/wp-content\/uploads\/2024\/09\/Basilica-4-scaled.jpg","type":"image\/jpeg"}],"author":"SOR MARTA","twitter_card":"summary_large_image","twitter_misc":{"Escrito por":"SOR MARTA","Tempo estimado de leitura":"5 minutos"},"schema":{"@context":"https:\/\/schema.org","@graph":[{"@type":"Article","@id":"https:\/\/filles-de-la-charite.org\/pt-pt\/encontro-com-irma-francoise-petit-irma-alicia-margarita-cortes-e-o-padre-jose-antonio-gonzalez-prieto-no-mexico\/#article","isPartOf":{"@id":"https:\/\/filles-de-la-charite.org\/pt-pt\/encontro-com-irma-francoise-petit-irma-alicia-margarita-cortes-e-o-padre-jose-antonio-gonzalez-prieto-no-mexico\/"},"author":{"name":"SOR MARTA","@id":"https:\/\/filles-de-la-charite.org\/pt-pt\/#\/schema\/person\/0c922b6ca71280639858d297b3a7209f"},"headline":"Encontro com Irm\u00e3 Fran\u00e7oise Petit, Irm\u00e3 Alicia Margarita Cort\u00e9s, e o Padre Jos\u00e9 Antonio Gonz\u00e1lez Prieto, no M\u00e9xico.","datePublished":"2024-08-07T22:14:43+00:00","dateModified":"2024-09-05T22:52:32+00:00","mainEntityOfPage":{"@id":"https:\/\/filles-de-la-charite.org\/pt-pt\/encontro-com-irma-francoise-petit-irma-alicia-margarita-cortes-e-o-padre-jose-antonio-gonzalez-prieto-no-mexico\/"},"wordCount":639,"publisher":{"@id":"https:\/\/filles-de-la-charite.org\/pt-pt\/#organization"},"image":{"@id":"https:\/\/filles-de-la-charite.org\/pt-pt\/encontro-com-irma-francoise-petit-irma-alicia-margarita-cortes-e-o-padre-jose-antonio-gonzalez-prieto-no-mexico\/#primaryimage"},"thumbnailUrl":"https:\/\/filles-de-la-charite.org\/wp-content\/uploads\/2024\/09\/Basilica-4-scaled.jpg","articleSection":["M\u00e9xico"],"inLanguage":"pt-PT"},{"@type":"WebPage","@id":"https:\/\/filles-de-la-charite.org\/pt-pt\/encontro-com-irma-francoise-petit-irma-alicia-margarita-cortes-e-o-padre-jose-antonio-gonzalez-prieto-no-mexico\/","url":"https:\/\/filles-de-la-charite.org\/pt-pt\/encontro-com-irma-francoise-petit-irma-alicia-margarita-cortes-e-o-padre-jose-antonio-gonzalez-prieto-no-mexico\/","name":"Encontro com Irm\u00e3 Fran\u00e7oise Petit, Irm\u00e3 Alicia Margarita Cort\u00e9s, e o Padre Jos\u00e9 Antonio Gonz\u00e1lez Prieto, no M\u00e9xico. - Filles de la Charit\u00e9","isPartOf":{"@id":"https:\/\/filles-de-la-charite.org\/pt-pt\/#website"},"primaryImageOfPage":{"@id":"https:\/\/filles-de-la-charite.org\/pt-pt\/encontro-com-irma-francoise-petit-irma-alicia-margarita-cortes-e-o-padre-jose-antonio-gonzalez-prieto-no-mexico\/#primaryimage"},"image":{"@id":"https:\/\/filles-de-la-charite.org\/pt-pt\/encontro-com-irma-francoise-petit-irma-alicia-margarita-cortes-e-o-padre-jose-antonio-gonzalez-prieto-no-mexico\/#primaryimage"},"thumbnailUrl":"https:\/\/filles-de-la-charite.org\/wp-content\/uploads\/2024\/09\/Basilica-4-scaled.jpg","datePublished":"2024-08-07T22:14:43+00:00","dateModified":"2024-09-05T22:52:32+00:00","breadcrumb":{"@id":"https:\/\/filles-de-la-charite.org\/pt-pt\/encontro-com-irma-francoise-petit-irma-alicia-margarita-cortes-e-o-padre-jose-antonio-gonzalez-prieto-no-mexico\/#breadcrumb"},"inLanguage":"pt-PT","potentialAction":[{"@type":"ReadAction","target":["https:\/\/filles-de-la-charite.org\/pt-pt\/encontro-com-irma-francoise-petit-irma-alicia-margarita-cortes-e-o-padre-jose-antonio-gonzalez-prieto-no-mexico\/"]}]},{"@type":"ImageObject","inLanguage":"pt-PT","@id":"https:\/\/filles-de-la-charite.org\/pt-pt\/encontro-com-irma-francoise-petit-irma-alicia-margarita-cortes-e-o-padre-jose-antonio-gonzalez-prieto-no-mexico\/#primaryimage","url":"https:\/\/filles-de-la-charite.org\/wp-content\/uploads\/2024\/09\/Basilica-4-scaled.jpg","contentUrl":"https:\/\/filles-de-la-charite.org\/wp-content\/uploads\/2024\/09\/Basilica-4-scaled.jpg","width":2560,"height":1707},{"@type":"BreadcrumbList","@id":"https:\/\/filles-de-la-charite.org\/pt-pt\/encontro-com-irma-francoise-petit-irma-alicia-margarita-cortes-e-o-padre-jose-antonio-gonzalez-prieto-no-mexico\/#breadcrumb","itemListElement":[{"@type":"ListItem","position":1,"name":"M\u00e9xico","item":"https:\/\/filles-de-la-charite.org\/pt-pt\/category\/mexico-pt-pt\/"},{"@type":"ListItem","position":2,"name":"Encontro com Irm\u00e3 Fran\u00e7oise Petit, Irm\u00e3 Alicia Margarita Cort\u00e9s, e o Padre Jos\u00e9 Antonio Gonz\u00e1lez Prieto, no M\u00e9xico."}]},{"@type":"WebSite","@id":"https:\/\/filles-de-la-charite.org\/pt-pt\/#website","url":"https:\/\/filles-de-la-charite.org\/pt-pt\/","name":"Hijas de la Caridad","description":"L\u2019amour de J\u00e9sus nous presse \u00e0 prendre soin des personnes les plus d\u00e9munies","publisher":{"@id":"https:\/\/filles-de-la-charite.org\/pt-pt\/#organization"},"potentialAction":[{"@type":"SearchAction","target":{"@type":"EntryPoint","urlTemplate":"https:\/\/filles-de-la-charite.org\/pt-pt\/?s={search_term_string}"},"query-input":{"@type":"PropertyValueSpecification","valueRequired":true,"valueName":"search_term_string"}}],"inLanguage":"pt-PT"},{"@type":"Organization","@id":"https:\/\/filles-de-la-charite.org\/pt-pt\/#organization","name":"Hijas de la Caridad","url":"https:\/\/filles-de-la-charite.org\/pt-pt\/","logo":{"@type":"ImageObject","inLanguage":"pt-PT","@id":"https:\/\/filles-de-la-charite.org\/pt-pt\/#\/schema\/logo\/image\/","url":"https:\/\/filles-de-la-charite.org\/wp-content\/uploads\/2023\/03\/isotipo-Hijas-de-la-Caridad.png","contentUrl":"https:\/\/filles-de-la-charite.org\/wp-content\/uploads\/2023\/03\/isotipo-Hijas-de-la-Caridad.png","width":1417,"height":1417,"caption":"Hijas de la Caridad"},"image":{"@id":"https:\/\/filles-de-la-charite.org\/pt-pt\/#\/schema\/logo\/image\/"}},{"@type":"Person","@id":"https:\/\/filles-de-la-charite.org\/pt-pt\/#\/schema\/person\/0c922b6ca71280639858d297b3a7209f","name":"SOR MARTA","image":{"@type":"ImageObject","inLanguage":"pt-PT","@id":"https:\/\/secure.gravatar.com\/avatar\/d2c45b0fd6bf2d3e2670ab3d112257c24ac80fa960360bba1bdc0676485d1d09?s=96&d=mm&r=g","url":"https:\/\/secure.gravatar.com\/avatar\/d2c45b0fd6bf2d3e2670ab3d112257c24ac80fa960360bba1bdc0676485d1d09?s=96&d=mm&r=g","contentUrl":"https:\/\/secure.gravatar.com\/avatar\/d2c45b0fd6bf2d3e2670ab3d112257c24ac80fa960360bba1bdc0676485d1d09?s=96&d=mm&r=g","caption":"SOR MARTA"},"url":"https:\/\/filles-de-la-charite.org\/pt-pt\/author\/martaemn\/"}]}},"_links":{"self":[{"href":"https:\/\/filles-de-la-charite.org\/pt-pt\/wp-json\/wp\/v2\/posts\/39053","targetHints":{"allow":["GET"]}}],"collection":[{"href":"https:\/\/filles-de-la-charite.org\/pt-pt\/wp-json\/wp\/v2\/posts"}],"about":[{"href":"https:\/\/filles-de-la-charite.org\/pt-pt\/wp-json\/wp\/v2\/types\/post"}],"author":[{"embeddable":true,"href":"https:\/\/filles-de-la-charite.org\/pt-pt\/wp-json\/wp\/v2\/users\/5"}],"replies":[{"embeddable":true,"href":"https:\/\/filles-de-la-charite.org\/pt-pt\/wp-json\/wp\/v2\/comments?post=39053"}],"version-history":[{"count":4,"href":"https:\/\/filles-de-la-charite.org\/pt-pt\/wp-json\/wp\/v2\/posts\/39053\/revisions"}],"predecessor-version":[{"id":39175,"href":"https:\/\/filles-de-la-charite.org\/pt-pt\/wp-json\/wp\/v2\/posts\/39053\/revisions\/39175"}],"wp:featuredmedia":[{"embeddable":true,"href":"https:\/\/filles-de-la-charite.org\/pt-pt\/wp-json\/wp\/v2\/media\/39003"}],"wp:attachment":[{"href":"https:\/\/filles-de-la-charite.org\/pt-pt\/wp-json\/wp\/v2\/media?parent=39053"}],"wp:term":[{"taxonomy":"category","embeddable":true,"href":"https:\/\/filles-de-la-charite.org\/pt-pt\/wp-json\/wp\/v2\/categories?post=39053"},{"taxonomy":"post_tag","embeddable":true,"href":"https:\/\/filles-de-la-charite.org\/pt-pt\/wp-json\/wp\/v2\/tags?post=39053"}],"curies":[{"name":"wp","href":"https:\/\/api.w.org\/{rel}","templated":true}]}}