{"id":39270,"date":"2024-09-11T19:00:34","date_gmt":"2024-09-11T17:00:34","guid":{"rendered":"https:\/\/filles-de-la-charite.org\/?p=39270"},"modified":"2024-09-11T19:07:46","modified_gmt":"2024-09-11T17:07:46","slug":"pope-francis-apostolic-visit-to-indonesia-september-3-6-2024","status":"publish","type":"post","link":"https:\/\/filles-de-la-charite.org\/pt-pt\/pope-francis-apostolic-visit-to-indonesia-september-3-6-2024\/","title":{"rendered":"Visita do Papa Francisco \u00e0 Indon\u00e9sia, de 3 a 6 de setembro de 2024."},"content":{"rendered":"\n<p>Durante a primeira quinzena do m\u00eas de setembro, o Papa Francisco esteve em visita apost\u00f3lica no sudeste asi\u00e1tico e na Oceania. O primeiro pa\u00eds que visitou foi a Indon\u00e9sia, depois seguiu para Papua Nova Guin\u00e9, Timor-Leste e Singapura.<\/p>\n\n\n\n<p>O Papa Francisco chegou \u00e0 Indon\u00e9sia em 3 de setembro de 2024 e foi recebido com uma grande fanfarra, alegria e gratid\u00e3o pelo povo indon\u00e9sio, que \u00e9 caracterizado pela sua diversidade \u00e9tnica, religiosa, cultural e lingu\u00edstica. A presen\u00e7a do Santo Padre, conhecido como uma pessoa sempre sorridente, acolhedora, simples e despretensiosa, se tornou not\u00edcia viral em todas as redes sociais. As suas virtudes revelam verdadeiramente a presen\u00e7a do pr\u00f3prio Senhor Jesus no mundo.<\/p>\n\n\n\n<figure class=\"wp-block-image size-large\"><img loading=\"lazy\" decoding=\"async\" width=\"1024\" height=\"575\" src=\"https:\/\/filles-de-la-charite.org\/wp-content\/uploads\/2024\/09\/WhatsApp-Image-2024-09-10-at-23.33.32-1024x575.jpeg\" alt=\"\" class=\"wp-image-39181\" srcset=\"https:\/\/filles-de-la-charite.org\/wp-content\/uploads\/2024\/09\/WhatsApp-Image-2024-09-10-at-23.33.32-1024x575.jpeg 1024w, https:\/\/filles-de-la-charite.org\/wp-content\/uploads\/2024\/09\/WhatsApp-Image-2024-09-10-at-23.33.32-980x550.jpeg 980w, https:\/\/filles-de-la-charite.org\/wp-content\/uploads\/2024\/09\/WhatsApp-Image-2024-09-10-at-23.33.32-480x270.jpeg 480w\" sizes=\"(min-width: 0px) and (max-width: 480px) 480px, (min-width: 481px) and (max-width: 980px) 980px, (min-width: 981px) 1024px, 100vw\" \/><\/figure>\n\n\n\n<p>Durante a sua visita apost\u00f3lica \u00e0 Indon\u00e9sia, foram organizados v\u00e1rios eventos com abrang\u00eancia em toda a sociedade. No dia 4 de setembro de 2024, o Papa encontrou-se com o atual Presidente da Indon\u00e9sia, Joko Widodo. Durante esta visita de Estado, o Santo Padre aben\u00e7oou todos os povos e na\u00e7\u00f5es da Indon\u00e9sia, dizendo<em>: &#8220;Que Deus aben\u00e7oe a Indon\u00e9sia com paz para um futuro cheio de esperan\u00e7a. Deus vos aben\u00e7oe a todos<\/em>&#8220;. A ora\u00e7\u00e3o do Papa referiu-se \u00e0 import\u00e2ncia da unidade na diversidade que caracteriza a na\u00e7\u00e3o indon\u00e9sia.<\/p>\n\n\n\n<figure class=\"wp-block-image size-large\"><img loading=\"lazy\" decoding=\"async\" width=\"1024\" height=\"682\" src=\"https:\/\/filles-de-la-charite.org\/wp-content\/uploads\/2024\/09\/WhatsApp-Image-2024-09-10-at-23.36.21-1024x682.jpeg\" alt=\"\" class=\"wp-image-39211\" srcset=\"https:\/\/filles-de-la-charite.org\/wp-content\/uploads\/2024\/09\/WhatsApp-Image-2024-09-10-at-23.36.21-1024x682.jpeg 1024w, https:\/\/filles-de-la-charite.org\/wp-content\/uploads\/2024\/09\/WhatsApp-Image-2024-09-10-at-23.36.21-980x652.jpeg 980w, https:\/\/filles-de-la-charite.org\/wp-content\/uploads\/2024\/09\/WhatsApp-Image-2024-09-10-at-23.36.21-480x319.jpeg 480w\" sizes=\"(min-width: 0px) and (max-width: 480px) 480px, (min-width: 481px) and (max-width: 980px) 980px, (min-width: 981px) 1024px, 100vw\" \/><\/figure>\n\n\n\n<p>Mais tarde, no mesmo dia, o Santo Padre encontrou-se com os bispos, sacerdotes, monges, freiras, di\u00e1conos, catequistas, animadores e seminaristas na Igreja de Santa Maria da Assun\u00e7\u00e3o, na Catedral de Jacarta. A audi\u00eancia contou com a presen\u00e7a de aproximadamente oitocentas pessoas, com uma m\u00e9dia de dez a vinte pessoas representando cada congrega\u00e7\u00e3o presente na Indon\u00e9sia. O Santo Padre sublinhou que somos todos iguais como irm\u00e3os, sem diferen\u00e7as, e que somos todos respons\u00e1veis pelo crescimento e desenvolvimento da Igreja Cat\u00f3lica.<\/p>\n\n\n\n<figure class=\"wp-block-image size-large\"><img loading=\"lazy\" decoding=\"async\" width=\"1024\" height=\"668\" src=\"https:\/\/filles-de-la-charite.org\/wp-content\/uploads\/2024\/09\/WhatsApp-Image-2024-09-10-at-23.37.07-1024x668.jpeg\" alt=\"\" class=\"wp-image-39205\" srcset=\"https:\/\/filles-de-la-charite.org\/wp-content\/uploads\/2024\/09\/WhatsApp-Image-2024-09-10-at-23.37.07-980x639.jpeg 980w, https:\/\/filles-de-la-charite.org\/wp-content\/uploads\/2024\/09\/WhatsApp-Image-2024-09-10-at-23.37.07-480x313.jpeg 480w\" sizes=\"(min-width: 0px) and (max-width: 480px) 480px, (min-width: 481px) and (max-width: 980px) 980px, (min-width: 981px) 1024px, 100vw\" \/><\/figure>\n\n\n\n<p>Ap\u00f3s este evento, houve um encontro com os jovens, membros da Scholas Occurrentes, um movimento educativo internacional iniciado pelo Papa Francisco quando foi bispo da Argentina. Este movimento inclui n\u00e3o s\u00f3 jovens cat\u00f3licos, mas tamb\u00e9m jovens de v\u00e1rias religi\u00f5es.<\/p>\n\n\n\n<figure class=\"wp-block-image size-large\"><img loading=\"lazy\" decoding=\"async\" width=\"1024\" height=\"682\" src=\"https:\/\/filles-de-la-charite.org\/wp-content\/uploads\/2024\/09\/WhatsApp-Image-2024-09-10-at-23.37.52-1024x682.jpeg\" alt=\"\" class=\"wp-image-39199\" srcset=\"https:\/\/filles-de-la-charite.org\/wp-content\/uploads\/2024\/09\/WhatsApp-Image-2024-09-10-at-23.37.52-980x653.jpeg 980w, https:\/\/filles-de-la-charite.org\/wp-content\/uploads\/2024\/09\/WhatsApp-Image-2024-09-10-at-23.37.52-480x320.jpeg 480w\" sizes=\"(min-width: 0px) and (max-width: 480px) 480px, (min-width: 481px) and (max-width: 980px) 980px, (min-width: 981px) 1024px, 100vw\" \/><\/figure>\n\n\n\n<p>O lema desta visita apost\u00f3lica foi F\u00c9, FRATERNIDADE e COMPAIX\u00c3O. Estas tr\u00eas virtudes exprimem bem as virtudes de ser Igreja e o car\u00e1cter da Indon\u00e9sia como na\u00e7\u00e3o \u00e9tnica e culturalmente diferente e simultaneamente confrontada com a luta para concretizar uma vida unida e pac\u00edfica, seguindo os cinco pilares do fundamento filos\u00f3fico da Indon\u00e9sia, chamado: PANCASILA.<\/p>\n\n\n\n<p>No dia 5 de setembro de 2024, o Papa Francisco tamb\u00e9m agendou a sua visita apost\u00f3lica para se encontrar com os l\u00edderes inter-religiosos da Indon\u00e9sia na Mesquita Istiqlal, que fica exatamente em frente \u00e0 Igreja Catedral de Jacarta.&nbsp; Entre a igreja e a mesquita, foi constru\u00eddo um t\u00fanel que interliga os dois templos religiosos. Este t\u00fanel tem o nome de t\u00fanel Silaturahmi, tamb\u00e9m chamado t\u00fanel da toler\u00e2ncia.&nbsp; O Papa Francisco disse que este t\u00fanel de Silaturahmi tem a ver com o di\u00e1logo religioso, um s\u00edmbolo de paz religiosa, que caracteriza a Indon\u00e9sia. O Santo Padre rezou para que todos aqueles que passam por este t\u00fanel estejam sempre no esp\u00edrito da diversidade, da harmonia e da fraternidade.<\/p>\n\n\n\n<figure class=\"wp-block-image size-large\"><img loading=\"lazy\" decoding=\"async\" width=\"1024\" height=\"683\" src=\"https:\/\/filles-de-la-charite.org\/wp-content\/uploads\/2024\/09\/WhatsApp-Image-2024-09-10-at-23.39.00-1024x683.jpeg\" alt=\"\" class=\"wp-image-39193\" srcset=\"https:\/\/filles-de-la-charite.org\/wp-content\/uploads\/2024\/09\/WhatsApp-Image-2024-09-10-at-23.39.00-980x653.jpeg 980w, https:\/\/filles-de-la-charite.org\/wp-content\/uploads\/2024\/09\/WhatsApp-Image-2024-09-10-at-23.39.00-480x320.jpeg 480w\" sizes=\"(min-width: 0px) and (max-width: 480px) 480px, (min-width: 481px) and (max-width: 980px) 980px, (min-width: 981px) 1024px, 100vw\" \/><\/figure>\n\n\n\n<p>O Papa Francisco visitou depois a sede Confer\u00eancia Episcopal da Indon\u00e9sia (CEI), para se encontrar com as pessoas com defici\u00eancia. Na chegada do Papa foi recebido com alaridos entusiasmados das pessoas que se encontravam em frente \u00e0 sede da CEI.<\/p>\n\n\n\n<p>A Visita Apost\u00f3lica do Papa Francisco terminou com a Missa Solene em Gelora Bung Karno, na qual participaram aproximadamente oitenta e sete mil cat\u00f3licos indon\u00e9sios. Quando o Papa chegou a Gelora Bung Karno, foi recebido com aplausos e clamores de &#8220;Viva o Papa&#8221;.&nbsp; Durante a sua homilia, o Papa Francisco encorajou os cat\u00f3licos a n\u00e3o se limitarem a ouvir a Palavra de Deus, mas a viv\u00ea-la ativamente. E, \u00e0 na\u00e7\u00e3o indon\u00e9sia disse: &#8220;<em>N\u00e3o vos canseis de partir para o alto-mar nem vos canseis de lan\u00e7ar as redes; n\u00e3o vos canseis de sonhar nem de construir de novo uma civiliza\u00e7\u00e3o de paz! Ousai sempre o sonho da fraternidade, que \u00e9 um verdadeiro tesouro entre v\u00f3s. Com a Palavra do Senhor encorajo-vos a semear o amor, a percorrer com confian\u00e7a o caminho do di\u00e1logo, a praticar continuamente a vossa bondade e amabilidade com o sorriso que vos caracteriza. J\u00e1 vos disseram que sois um povo sorridente? N\u00e3o percais o sorriso, por favor, e segui em frente! E sede construtores de paz. Sede construtores de esperan\u00e7a!<\/em><\/p>\n\n\n\n<figure class=\"wp-block-gallery has-nested-images columns-default is-cropped wp-block-gallery-1 is-layout-flex wp-block-gallery-is-layout-flex\">\n<figure class=\"wp-block-image\"><img loading=\"lazy\" decoding=\"async\" width=\"1280\" height=\"576\" data-id=\"39249\" src=\"https:\/\/filles-de-la-charite.org\/wp-content\/uploads\/2024\/09\/WhatsApp-Image-2024-09-11-at-04.30.34-2.jpeg\" alt=\"\" class=\"wp-image-39249\" srcset=\"https:\/\/filles-de-la-charite.org\/wp-content\/uploads\/2024\/09\/WhatsApp-Image-2024-09-11-at-04.30.34-2.jpeg 1280w, https:\/\/filles-de-la-charite.org\/wp-content\/uploads\/2024\/09\/WhatsApp-Image-2024-09-11-at-04.30.34-2-980x441.jpeg 980w, https:\/\/filles-de-la-charite.org\/wp-content\/uploads\/2024\/09\/WhatsApp-Image-2024-09-11-at-04.30.34-2-480x216.jpeg 480w\" sizes=\"(min-width: 0px) and (max-width: 480px) 480px, (min-width: 481px) and (max-width: 980px) 980px, (min-width: 981px) 1280px, 100vw\" \/><\/figure>\n\n\n\n<figure class=\"wp-block-image\"><img loading=\"lazy\" decoding=\"async\" width=\"1600\" height=\"1200\" data-id=\"39243\" src=\"https:\/\/filles-de-la-charite.org\/wp-content\/uploads\/2024\/09\/WhatsApp-Image-2024-09-11-at-04.36.04-1.jpeg\" alt=\"\" class=\"wp-image-39243\" srcset=\"https:\/\/filles-de-la-charite.org\/wp-content\/uploads\/2024\/09\/WhatsApp-Image-2024-09-11-at-04.36.04-1.jpeg 1600w, https:\/\/filles-de-la-charite.org\/wp-content\/uploads\/2024\/09\/WhatsApp-Image-2024-09-11-at-04.36.04-1-1280x960.jpeg 1280w, https:\/\/filles-de-la-charite.org\/wp-content\/uploads\/2024\/09\/WhatsApp-Image-2024-09-11-at-04.36.04-1-980x735.jpeg 980w, https:\/\/filles-de-la-charite.org\/wp-content\/uploads\/2024\/09\/WhatsApp-Image-2024-09-11-at-04.36.04-1-480x360.jpeg 480w\" sizes=\"(min-width: 0px) and (max-width: 480px) 480px, (min-width: 481px) and (max-width: 980px) 980px, (min-width: 981px) and (max-width: 1280px) 1280px, (min-width: 1281px) 1600px, 100vw\" \/><\/figure>\n\n\n\n<figure class=\"wp-block-image\"><img loading=\"lazy\" decoding=\"async\" width=\"1600\" height=\"1200\" data-id=\"39237\" src=\"https:\/\/filles-de-la-charite.org\/wp-content\/uploads\/2024\/09\/WhatsApp-Image-2024-09-11-at-04.30.34.jpeg\" alt=\"\" class=\"wp-image-39237\" srcset=\"https:\/\/filles-de-la-charite.org\/wp-content\/uploads\/2024\/09\/WhatsApp-Image-2024-09-11-at-04.30.34.jpeg 1600w, https:\/\/filles-de-la-charite.org\/wp-content\/uploads\/2024\/09\/WhatsApp-Image-2024-09-11-at-04.30.34-1280x960.jpeg 1280w, https:\/\/filles-de-la-charite.org\/wp-content\/uploads\/2024\/09\/WhatsApp-Image-2024-09-11-at-04.30.34-980x735.jpeg 980w, https:\/\/filles-de-la-charite.org\/wp-content\/uploads\/2024\/09\/WhatsApp-Image-2024-09-11-at-04.30.34-480x360.jpeg 480w\" sizes=\"(min-width: 0px) and (max-width: 480px) 480px, (min-width: 481px) and (max-width: 980px) 980px, (min-width: 981px) and (max-width: 1280px) 1280px, (min-width: 1281px) 1600px, 100vw\" \/><\/figure>\n\n\n\n<figure class=\"wp-block-image\"><img loading=\"lazy\" decoding=\"async\" width=\"900\" height=\"1600\" data-id=\"39225\" src=\"https:\/\/filles-de-la-charite.org\/wp-content\/uploads\/2024\/09\/WhatsApp-Image-2024-09-11-at-04.30.35-2.jpeg\" alt=\"\" class=\"wp-image-39225\" srcset=\"https:\/\/filles-de-la-charite.org\/wp-content\/uploads\/2024\/09\/WhatsApp-Image-2024-09-11-at-04.30.35-2.jpeg 900w, https:\/\/filles-de-la-charite.org\/wp-content\/uploads\/2024\/09\/WhatsApp-Image-2024-09-11-at-04.30.35-2-480x853.jpeg 480w\" sizes=\"(min-width: 0px) and (max-width: 480px) 480px, (min-width: 481px) 900px, 100vw\" \/><\/figure>\n\n\n\n<figure class=\"wp-block-image\"><img loading=\"lazy\" decoding=\"async\" width=\"1600\" height=\"900\" data-id=\"39231\" src=\"https:\/\/filles-de-la-charite.org\/wp-content\/uploads\/2024\/09\/WhatsApp-Image-2024-09-11-at-04.30.35.jpeg\" alt=\"\" class=\"wp-image-39231\" srcset=\"https:\/\/filles-de-la-charite.org\/wp-content\/uploads\/2024\/09\/WhatsApp-Image-2024-09-11-at-04.30.35.jpeg 1600w, https:\/\/filles-de-la-charite.org\/wp-content\/uploads\/2024\/09\/WhatsApp-Image-2024-09-11-at-04.30.35-1280x720.jpeg 1280w, https:\/\/filles-de-la-charite.org\/wp-content\/uploads\/2024\/09\/WhatsApp-Image-2024-09-11-at-04.30.35-980x551.jpeg 980w, https:\/\/filles-de-la-charite.org\/wp-content\/uploads\/2024\/09\/WhatsApp-Image-2024-09-11-at-04.30.35-480x270.jpeg 480w\" sizes=\"(min-width: 0px) and (max-width: 480px) 480px, (min-width: 481px) and (max-width: 980px) 980px, (min-width: 981px) and (max-width: 1280px) 1280px, (min-width: 1281px) 1600px, 100vw\" \/><\/figure>\n\n\n\n<figure class=\"wp-block-image\"><img loading=\"lazy\" decoding=\"async\" width=\"900\" height=\"1600\" data-id=\"39255\" src=\"https:\/\/filles-de-la-charite.org\/wp-content\/uploads\/2024\/09\/WhatsApp-Image-2024-09-11-at-04.30.35-1.jpeg\" alt=\"\" class=\"wp-image-39255\" srcset=\"https:\/\/filles-de-la-charite.org\/wp-content\/uploads\/2024\/09\/WhatsApp-Image-2024-09-11-at-04.30.35-1.jpeg 900w, https:\/\/filles-de-la-charite.org\/wp-content\/uploads\/2024\/09\/WhatsApp-Image-2024-09-11-at-04.30.35-1-480x853.jpeg 480w\" sizes=\"(min-width: 0px) and (max-width: 480px) 480px, (min-width: 481px) 900px, 100vw\" \/><\/figure>\n<\/figure>\n\n\n\n<p>O Papa Francisco concluiu a sua visita \u00e0 Indon\u00e9sia no dia 6 de setembro de 2024, com um forte apelo \u00e0 paz, \u00e0 unidade e \u00e0 gest\u00e3o ambiental.\u00a0 As mensagens transmitidas durante esta visita apost\u00f3lica n\u00e3o s\u00e3o apenas para os indon\u00e9sios, mas tamb\u00e9m para todas as na\u00e7\u00f5es. Os valores da f\u00e9, da fraternidade e da compaix\u00e3o devem ser constantemente defendidos para promover uma exist\u00eancia mais pac\u00edfica e equitativa. Que a presen\u00e7a do Santo Padre na Indon\u00e9sia traga tamb\u00e9m b\u00ean\u00e7\u00e3os a todas as na\u00e7\u00f5es, para que o nome de Deus seja glorificado, agora e para sempre.<\/p>\n","protected":false},"excerpt":{"rendered":"<p>Durante a primeira quinzena do m\u00eas de setembro, o Papa Francisco esteve em visita apost\u00f3lica no sudeste asi\u00e1tico e na Oceania. O primeiro pa\u00eds que visitou foi a Indon\u00e9sia, depois seguiu para Papua Nova Guin\u00e9, Timor-Leste e Singapura. O Papa Francisco chegou \u00e0 Indon\u00e9sia em 3 de setembro de 2024 e foi recebido com uma [&hellip;]<\/p>\n","protected":false},"author":5,"featured_media":39203,"comment_status":"closed","ping_status":"closed","sticky":false,"template":"","format":"standard","meta":{"_acf_changed":false,"_et_pb_use_builder":"","_et_pb_old_content":"","_et_gb_content_width":"","footnotes":"","_links_to":"","_links_to_target":""},"categories":[607],"tags":[],"class_list":["post-39270","post","type-post","status-publish","format-standard","has-post-thumbnail","hentry","category-indonesia-pt-pt"],"acf":[],"yoast_head":"<!-- This site is optimized with the Yoast SEO plugin v27.5 - https:\/\/yoast.com\/product\/yoast-seo-wordpress\/ -->\n<title>Visita do Papa Francisco \u00e0 Indon\u00e9sia, de 3 a 6 de setembro de 2024. - Filles de la Charit\u00e9<\/title>\n<meta name=\"robots\" content=\"index, follow, max-snippet:-1, max-image-preview:large, max-video-preview:-1\" \/>\n<link rel=\"canonical\" href=\"https:\/\/filles-de-la-charite.org\/pt-pt\/pope-francis-apostolic-visit-to-indonesia-september-3-6-2024\/\" \/>\n<meta property=\"og:locale\" content=\"pt_PT\" \/>\n<meta property=\"og:type\" content=\"article\" \/>\n<meta property=\"og:title\" content=\"Visita do Papa Francisco \u00e0 Indon\u00e9sia, de 3 a 6 de setembro de 2024. - Filles de la Charit\u00e9\" \/>\n<meta property=\"og:description\" content=\"Durante a primeira quinzena do m\u00eas de setembro, o Papa Francisco esteve em visita apost\u00f3lica no sudeste asi\u00e1tico e na Oceania. O primeiro pa\u00eds que visitou foi a Indon\u00e9sia, depois seguiu para Papua Nova Guin\u00e9, Timor-Leste e Singapura. O Papa Francisco chegou \u00e0 Indon\u00e9sia em 3 de setembro de 2024 e foi recebido com uma [&hellip;]\" \/>\n<meta property=\"og:url\" content=\"https:\/\/filles-de-la-charite.org\/pt-pt\/pope-francis-apostolic-visit-to-indonesia-september-3-6-2024\/\" \/>\n<meta property=\"og:site_name\" content=\"Filles de la Charit\u00e9\" \/>\n<meta property=\"article:published_time\" content=\"2024-09-11T17:00:34+00:00\" \/>\n<meta property=\"article:modified_time\" content=\"2024-09-11T17:07:46+00:00\" \/>\n<meta property=\"og:image\" content=\"https:\/\/filles-de-la-charite.org\/wp-content\/uploads\/2024\/09\/WhatsApp-Image-2024-09-10-at-23.37.52.jpeg\" \/>\n\t<meta property=\"og:image:width\" content=\"1600\" \/>\n\t<meta property=\"og:image:height\" content=\"1066\" \/>\n\t<meta property=\"og:image:type\" content=\"image\/jpeg\" \/>\n<meta name=\"author\" content=\"SOR MARTA\" \/>\n<meta name=\"twitter:card\" content=\"summary_large_image\" \/>\n<meta name=\"twitter:label1\" content=\"Escrito por\" \/>\n\t<meta name=\"twitter:data1\" content=\"SOR MARTA\" \/>\n\t<meta name=\"twitter:label2\" content=\"Tempo estimado de leitura\" \/>\n\t<meta name=\"twitter:data2\" content=\"7 minutos\" \/>\n<script type=\"application\/ld+json\" class=\"yoast-schema-graph\">{\"@context\":\"https:\\\/\\\/schema.org\",\"@graph\":[{\"@type\":\"Article\",\"@id\":\"https:\\\/\\\/filles-de-la-charite.org\\\/pt-pt\\\/pope-francis-apostolic-visit-to-indonesia-september-3-6-2024\\\/#article\",\"isPartOf\":{\"@id\":\"https:\\\/\\\/filles-de-la-charite.org\\\/pt-pt\\\/pope-francis-apostolic-visit-to-indonesia-september-3-6-2024\\\/\"},\"author\":{\"name\":\"SOR MARTA\",\"@id\":\"https:\\\/\\\/filles-de-la-charite.org\\\/pt-pt\\\/#\\\/schema\\\/person\\\/0c922b6ca71280639858d297b3a7209f\"},\"headline\":\"Visita do Papa Francisco \u00e0 Indon\u00e9sia, de 3 a 6 de setembro de 2024.\",\"datePublished\":\"2024-09-11T17:00:34+00:00\",\"dateModified\":\"2024-09-11T17:07:46+00:00\",\"mainEntityOfPage\":{\"@id\":\"https:\\\/\\\/filles-de-la-charite.org\\\/pt-pt\\\/pope-francis-apostolic-visit-to-indonesia-september-3-6-2024\\\/\"},\"wordCount\":897,\"publisher\":{\"@id\":\"https:\\\/\\\/filles-de-la-charite.org\\\/pt-pt\\\/#organization\"},\"image\":{\"@id\":\"https:\\\/\\\/filles-de-la-charite.org\\\/pt-pt\\\/pope-francis-apostolic-visit-to-indonesia-september-3-6-2024\\\/#primaryimage\"},\"thumbnailUrl\":\"https:\\\/\\\/filles-de-la-charite.org\\\/wp-content\\\/uploads\\\/2024\\\/09\\\/WhatsApp-Image-2024-09-10-at-23.37.52.jpeg\",\"articleSection\":[\"Indonesia\"],\"inLanguage\":\"pt-PT\"},{\"@type\":\"WebPage\",\"@id\":\"https:\\\/\\\/filles-de-la-charite.org\\\/pt-pt\\\/pope-francis-apostolic-visit-to-indonesia-september-3-6-2024\\\/\",\"url\":\"https:\\\/\\\/filles-de-la-charite.org\\\/pt-pt\\\/pope-francis-apostolic-visit-to-indonesia-september-3-6-2024\\\/\",\"name\":\"Visita do Papa Francisco \u00e0 Indon\u00e9sia, de 3 a 6 de setembro de 2024. - Filles de la Charit\u00e9\",\"isPartOf\":{\"@id\":\"https:\\\/\\\/filles-de-la-charite.org\\\/pt-pt\\\/#website\"},\"primaryImageOfPage\":{\"@id\":\"https:\\\/\\\/filles-de-la-charite.org\\\/pt-pt\\\/pope-francis-apostolic-visit-to-indonesia-september-3-6-2024\\\/#primaryimage\"},\"image\":{\"@id\":\"https:\\\/\\\/filles-de-la-charite.org\\\/pt-pt\\\/pope-francis-apostolic-visit-to-indonesia-september-3-6-2024\\\/#primaryimage\"},\"thumbnailUrl\":\"https:\\\/\\\/filles-de-la-charite.org\\\/wp-content\\\/uploads\\\/2024\\\/09\\\/WhatsApp-Image-2024-09-10-at-23.37.52.jpeg\",\"datePublished\":\"2024-09-11T17:00:34+00:00\",\"dateModified\":\"2024-09-11T17:07:46+00:00\",\"breadcrumb\":{\"@id\":\"https:\\\/\\\/filles-de-la-charite.org\\\/pt-pt\\\/pope-francis-apostolic-visit-to-indonesia-september-3-6-2024\\\/#breadcrumb\"},\"inLanguage\":\"pt-PT\",\"potentialAction\":[{\"@type\":\"ReadAction\",\"target\":[\"https:\\\/\\\/filles-de-la-charite.org\\\/pt-pt\\\/pope-francis-apostolic-visit-to-indonesia-september-3-6-2024\\\/\"]}]},{\"@type\":\"ImageObject\",\"inLanguage\":\"pt-PT\",\"@id\":\"https:\\\/\\\/filles-de-la-charite.org\\\/pt-pt\\\/pope-francis-apostolic-visit-to-indonesia-september-3-6-2024\\\/#primaryimage\",\"url\":\"https:\\\/\\\/filles-de-la-charite.org\\\/wp-content\\\/uploads\\\/2024\\\/09\\\/WhatsApp-Image-2024-09-10-at-23.37.52.jpeg\",\"contentUrl\":\"https:\\\/\\\/filles-de-la-charite.org\\\/wp-content\\\/uploads\\\/2024\\\/09\\\/WhatsApp-Image-2024-09-10-at-23.37.52.jpeg\",\"width\":1600,\"height\":1066},{\"@type\":\"BreadcrumbList\",\"@id\":\"https:\\\/\\\/filles-de-la-charite.org\\\/pt-pt\\\/pope-francis-apostolic-visit-to-indonesia-september-3-6-2024\\\/#breadcrumb\",\"itemListElement\":[{\"@type\":\"ListItem\",\"position\":1,\"name\":\"Indonesia\",\"item\":\"https:\\\/\\\/filles-de-la-charite.org\\\/pt-pt\\\/category\\\/indonesia-pt-pt\\\/\"},{\"@type\":\"ListItem\",\"position\":2,\"name\":\"Visita do Papa Francisco \u00e0 Indon\u00e9sia, de 3 a 6 de setembro de 2024.\"}]},{\"@type\":\"WebSite\",\"@id\":\"https:\\\/\\\/filles-de-la-charite.org\\\/pt-pt\\\/#website\",\"url\":\"https:\\\/\\\/filles-de-la-charite.org\\\/pt-pt\\\/\",\"name\":\"Hijas de la Caridad\",\"description\":\"L\u2019amour de J\u00e9sus nous presse \u00e0 prendre soin des personnes les plus d\u00e9munies\",\"publisher\":{\"@id\":\"https:\\\/\\\/filles-de-la-charite.org\\\/pt-pt\\\/#organization\"},\"potentialAction\":[{\"@type\":\"SearchAction\",\"target\":{\"@type\":\"EntryPoint\",\"urlTemplate\":\"https:\\\/\\\/filles-de-la-charite.org\\\/pt-pt\\\/?s={search_term_string}\"},\"query-input\":{\"@type\":\"PropertyValueSpecification\",\"valueRequired\":true,\"valueName\":\"search_term_string\"}}],\"inLanguage\":\"pt-PT\"},{\"@type\":\"Organization\",\"@id\":\"https:\\\/\\\/filles-de-la-charite.org\\\/pt-pt\\\/#organization\",\"name\":\"Hijas de la Caridad\",\"url\":\"https:\\\/\\\/filles-de-la-charite.org\\\/pt-pt\\\/\",\"logo\":{\"@type\":\"ImageObject\",\"inLanguage\":\"pt-PT\",\"@id\":\"https:\\\/\\\/filles-de-la-charite.org\\\/pt-pt\\\/#\\\/schema\\\/logo\\\/image\\\/\",\"url\":\"https:\\\/\\\/filles-de-la-charite.org\\\/wp-content\\\/uploads\\\/2023\\\/03\\\/isotipo-Hijas-de-la-Caridad.png\",\"contentUrl\":\"https:\\\/\\\/filles-de-la-charite.org\\\/wp-content\\\/uploads\\\/2023\\\/03\\\/isotipo-Hijas-de-la-Caridad.png\",\"width\":1417,\"height\":1417,\"caption\":\"Hijas de la Caridad\"},\"image\":{\"@id\":\"https:\\\/\\\/filles-de-la-charite.org\\\/pt-pt\\\/#\\\/schema\\\/logo\\\/image\\\/\"}},{\"@type\":\"Person\",\"@id\":\"https:\\\/\\\/filles-de-la-charite.org\\\/pt-pt\\\/#\\\/schema\\\/person\\\/0c922b6ca71280639858d297b3a7209f\",\"name\":\"SOR MARTA\",\"image\":{\"@type\":\"ImageObject\",\"inLanguage\":\"pt-PT\",\"@id\":\"https:\\\/\\\/secure.gravatar.com\\\/avatar\\\/d2c45b0fd6bf2d3e2670ab3d112257c24ac80fa960360bba1bdc0676485d1d09?s=96&d=mm&r=g\",\"url\":\"https:\\\/\\\/secure.gravatar.com\\\/avatar\\\/d2c45b0fd6bf2d3e2670ab3d112257c24ac80fa960360bba1bdc0676485d1d09?s=96&d=mm&r=g\",\"contentUrl\":\"https:\\\/\\\/secure.gravatar.com\\\/avatar\\\/d2c45b0fd6bf2d3e2670ab3d112257c24ac80fa960360bba1bdc0676485d1d09?s=96&d=mm&r=g\",\"caption\":\"SOR MARTA\"},\"url\":\"https:\\\/\\\/filles-de-la-charite.org\\\/pt-pt\\\/author\\\/martaemn\\\/\"}]}<\/script>\n<!-- \/ Yoast SEO plugin. -->","yoast_head_json":{"title":"Visita do Papa Francisco \u00e0 Indon\u00e9sia, de 3 a 6 de setembro de 2024. - Filles de la Charit\u00e9","robots":{"index":"index","follow":"follow","max-snippet":"max-snippet:-1","max-image-preview":"max-image-preview:large","max-video-preview":"max-video-preview:-1"},"canonical":"https:\/\/filles-de-la-charite.org\/pt-pt\/pope-francis-apostolic-visit-to-indonesia-september-3-6-2024\/","og_locale":"pt_PT","og_type":"article","og_title":"Visita do Papa Francisco \u00e0 Indon\u00e9sia, de 3 a 6 de setembro de 2024. - Filles de la Charit\u00e9","og_description":"Durante a primeira quinzena do m\u00eas de setembro, o Papa Francisco esteve em visita apost\u00f3lica no sudeste asi\u00e1tico e na Oceania. O primeiro pa\u00eds que visitou foi a Indon\u00e9sia, depois seguiu para Papua Nova Guin\u00e9, Timor-Leste e Singapura. O Papa Francisco chegou \u00e0 Indon\u00e9sia em 3 de setembro de 2024 e foi recebido com uma [&hellip;]","og_url":"https:\/\/filles-de-la-charite.org\/pt-pt\/pope-francis-apostolic-visit-to-indonesia-september-3-6-2024\/","og_site_name":"Filles de la Charit\u00e9","article_published_time":"2024-09-11T17:00:34+00:00","article_modified_time":"2024-09-11T17:07:46+00:00","og_image":[{"width":1600,"height":1066,"url":"https:\/\/filles-de-la-charite.org\/wp-content\/uploads\/2024\/09\/WhatsApp-Image-2024-09-10-at-23.37.52.jpeg","type":"image\/jpeg"}],"author":"SOR MARTA","twitter_card":"summary_large_image","twitter_misc":{"Escrito por":"SOR MARTA","Tempo estimado de leitura":"7 minutos"},"schema":{"@context":"https:\/\/schema.org","@graph":[{"@type":"Article","@id":"https:\/\/filles-de-la-charite.org\/pt-pt\/pope-francis-apostolic-visit-to-indonesia-september-3-6-2024\/#article","isPartOf":{"@id":"https:\/\/filles-de-la-charite.org\/pt-pt\/pope-francis-apostolic-visit-to-indonesia-september-3-6-2024\/"},"author":{"name":"SOR MARTA","@id":"https:\/\/filles-de-la-charite.org\/pt-pt\/#\/schema\/person\/0c922b6ca71280639858d297b3a7209f"},"headline":"Visita do Papa Francisco \u00e0 Indon\u00e9sia, de 3 a 6 de setembro de 2024.","datePublished":"2024-09-11T17:00:34+00:00","dateModified":"2024-09-11T17:07:46+00:00","mainEntityOfPage":{"@id":"https:\/\/filles-de-la-charite.org\/pt-pt\/pope-francis-apostolic-visit-to-indonesia-september-3-6-2024\/"},"wordCount":897,"publisher":{"@id":"https:\/\/filles-de-la-charite.org\/pt-pt\/#organization"},"image":{"@id":"https:\/\/filles-de-la-charite.org\/pt-pt\/pope-francis-apostolic-visit-to-indonesia-september-3-6-2024\/#primaryimage"},"thumbnailUrl":"https:\/\/filles-de-la-charite.org\/wp-content\/uploads\/2024\/09\/WhatsApp-Image-2024-09-10-at-23.37.52.jpeg","articleSection":["Indonesia"],"inLanguage":"pt-PT"},{"@type":"WebPage","@id":"https:\/\/filles-de-la-charite.org\/pt-pt\/pope-francis-apostolic-visit-to-indonesia-september-3-6-2024\/","url":"https:\/\/filles-de-la-charite.org\/pt-pt\/pope-francis-apostolic-visit-to-indonesia-september-3-6-2024\/","name":"Visita do Papa Francisco \u00e0 Indon\u00e9sia, de 3 a 6 de setembro de 2024. - Filles de la Charit\u00e9","isPartOf":{"@id":"https:\/\/filles-de-la-charite.org\/pt-pt\/#website"},"primaryImageOfPage":{"@id":"https:\/\/filles-de-la-charite.org\/pt-pt\/pope-francis-apostolic-visit-to-indonesia-september-3-6-2024\/#primaryimage"},"image":{"@id":"https:\/\/filles-de-la-charite.org\/pt-pt\/pope-francis-apostolic-visit-to-indonesia-september-3-6-2024\/#primaryimage"},"thumbnailUrl":"https:\/\/filles-de-la-charite.org\/wp-content\/uploads\/2024\/09\/WhatsApp-Image-2024-09-10-at-23.37.52.jpeg","datePublished":"2024-09-11T17:00:34+00:00","dateModified":"2024-09-11T17:07:46+00:00","breadcrumb":{"@id":"https:\/\/filles-de-la-charite.org\/pt-pt\/pope-francis-apostolic-visit-to-indonesia-september-3-6-2024\/#breadcrumb"},"inLanguage":"pt-PT","potentialAction":[{"@type":"ReadAction","target":["https:\/\/filles-de-la-charite.org\/pt-pt\/pope-francis-apostolic-visit-to-indonesia-september-3-6-2024\/"]}]},{"@type":"ImageObject","inLanguage":"pt-PT","@id":"https:\/\/filles-de-la-charite.org\/pt-pt\/pope-francis-apostolic-visit-to-indonesia-september-3-6-2024\/#primaryimage","url":"https:\/\/filles-de-la-charite.org\/wp-content\/uploads\/2024\/09\/WhatsApp-Image-2024-09-10-at-23.37.52.jpeg","contentUrl":"https:\/\/filles-de-la-charite.org\/wp-content\/uploads\/2024\/09\/WhatsApp-Image-2024-09-10-at-23.37.52.jpeg","width":1600,"height":1066},{"@type":"BreadcrumbList","@id":"https:\/\/filles-de-la-charite.org\/pt-pt\/pope-francis-apostolic-visit-to-indonesia-september-3-6-2024\/#breadcrumb","itemListElement":[{"@type":"ListItem","position":1,"name":"Indonesia","item":"https:\/\/filles-de-la-charite.org\/pt-pt\/category\/indonesia-pt-pt\/"},{"@type":"ListItem","position":2,"name":"Visita do Papa Francisco \u00e0 Indon\u00e9sia, de 3 a 6 de setembro de 2024."}]},{"@type":"WebSite","@id":"https:\/\/filles-de-la-charite.org\/pt-pt\/#website","url":"https:\/\/filles-de-la-charite.org\/pt-pt\/","name":"Hijas de la Caridad","description":"L\u2019amour de J\u00e9sus nous presse \u00e0 prendre soin des personnes les plus d\u00e9munies","publisher":{"@id":"https:\/\/filles-de-la-charite.org\/pt-pt\/#organization"},"potentialAction":[{"@type":"SearchAction","target":{"@type":"EntryPoint","urlTemplate":"https:\/\/filles-de-la-charite.org\/pt-pt\/?s={search_term_string}"},"query-input":{"@type":"PropertyValueSpecification","valueRequired":true,"valueName":"search_term_string"}}],"inLanguage":"pt-PT"},{"@type":"Organization","@id":"https:\/\/filles-de-la-charite.org\/pt-pt\/#organization","name":"Hijas de la Caridad","url":"https:\/\/filles-de-la-charite.org\/pt-pt\/","logo":{"@type":"ImageObject","inLanguage":"pt-PT","@id":"https:\/\/filles-de-la-charite.org\/pt-pt\/#\/schema\/logo\/image\/","url":"https:\/\/filles-de-la-charite.org\/wp-content\/uploads\/2023\/03\/isotipo-Hijas-de-la-Caridad.png","contentUrl":"https:\/\/filles-de-la-charite.org\/wp-content\/uploads\/2023\/03\/isotipo-Hijas-de-la-Caridad.png","width":1417,"height":1417,"caption":"Hijas de la Caridad"},"image":{"@id":"https:\/\/filles-de-la-charite.org\/pt-pt\/#\/schema\/logo\/image\/"}},{"@type":"Person","@id":"https:\/\/filles-de-la-charite.org\/pt-pt\/#\/schema\/person\/0c922b6ca71280639858d297b3a7209f","name":"SOR MARTA","image":{"@type":"ImageObject","inLanguage":"pt-PT","@id":"https:\/\/secure.gravatar.com\/avatar\/d2c45b0fd6bf2d3e2670ab3d112257c24ac80fa960360bba1bdc0676485d1d09?s=96&d=mm&r=g","url":"https:\/\/secure.gravatar.com\/avatar\/d2c45b0fd6bf2d3e2670ab3d112257c24ac80fa960360bba1bdc0676485d1d09?s=96&d=mm&r=g","contentUrl":"https:\/\/secure.gravatar.com\/avatar\/d2c45b0fd6bf2d3e2670ab3d112257c24ac80fa960360bba1bdc0676485d1d09?s=96&d=mm&r=g","caption":"SOR MARTA"},"url":"https:\/\/filles-de-la-charite.org\/pt-pt\/author\/martaemn\/"}]}},"_links":{"self":[{"href":"https:\/\/filles-de-la-charite.org\/pt-pt\/wp-json\/wp\/v2\/posts\/39270","targetHints":{"allow":["GET"]}}],"collection":[{"href":"https:\/\/filles-de-la-charite.org\/pt-pt\/wp-json\/wp\/v2\/posts"}],"about":[{"href":"https:\/\/filles-de-la-charite.org\/pt-pt\/wp-json\/wp\/v2\/types\/post"}],"author":[{"embeddable":true,"href":"https:\/\/filles-de-la-charite.org\/pt-pt\/wp-json\/wp\/v2\/users\/5"}],"replies":[{"embeddable":true,"href":"https:\/\/filles-de-la-charite.org\/pt-pt\/wp-json\/wp\/v2\/comments?post=39270"}],"version-history":[{"count":2,"href":"https:\/\/filles-de-la-charite.org\/pt-pt\/wp-json\/wp\/v2\/posts\/39270\/revisions"}],"predecessor-version":[{"id":39282,"href":"https:\/\/filles-de-la-charite.org\/pt-pt\/wp-json\/wp\/v2\/posts\/39270\/revisions\/39282"}],"wp:featuredmedia":[{"embeddable":true,"href":"https:\/\/filles-de-la-charite.org\/pt-pt\/wp-json\/wp\/v2\/media\/39203"}],"wp:attachment":[{"href":"https:\/\/filles-de-la-charite.org\/pt-pt\/wp-json\/wp\/v2\/media?parent=39270"}],"wp:term":[{"taxonomy":"category","embeddable":true,"href":"https:\/\/filles-de-la-charite.org\/pt-pt\/wp-json\/wp\/v2\/categories?post=39270"},{"taxonomy":"post_tag","embeddable":true,"href":"https:\/\/filles-de-la-charite.org\/pt-pt\/wp-json\/wp\/v2\/tags?post=39270"}],"curies":[{"name":"wp","href":"https:\/\/api.w.org\/{rel}","templated":true}]}}