{"id":39954,"date":"2024-10-08T00:00:48","date_gmt":"2024-10-07T22:00:48","guid":{"rendered":"https:\/\/filles-de-la-charite.org\/hijas-de-la-caridad-hijas-de-la-iglesia\/"},"modified":"2024-10-08T00:07:32","modified_gmt":"2024-10-07T22:07:32","slug":"hijas-de-la-caridad-hijas-de-la-iglesia","status":"publish","type":"post","link":"https:\/\/filles-de-la-charite.org\/pt-pt\/hijas-de-la-caridad-hijas-de-la-iglesia\/","title":{"rendered":"Filhas da Caridade, Filhas da Igreja"},"content":{"rendered":"\n<p>A Irm\u00e3 Ester Lucas Jos\u00e9 MARIA, da Prov\u00edncia de Mo\u00e7ambique, e a Irm\u00e3 Maria Suyapa CACHO \u00c1LVAREZ, da Prov\u00edncia da Am\u00e9rica Central, est\u00e3o participando da segunda sess\u00e3o do S\u00ednodo sobre a Sinodalidade, que teve in\u00edcio em Roma no dia 2 de outubro. Elas j\u00e1 haviam sido membros no ano passado. Agrade\u00e7o a cada uma e rezemos para que o Esp\u00edrito Santo conduza essa grande Assembleia, t\u00e3o importante para a vida da Igreja no mundo de hoje.<\/p>\n\n\n\n<figure class=\"wp-block-image alignfull size-full\"><img loading=\"lazy\" decoding=\"async\" width=\"574\" height=\"323\" src=\"https:\/\/filles-de-la-charite.org\/wp-content\/uploads\/2024\/10\/synode-2-1.jpg\" alt=\"\" class=\"wp-image-39936\" srcset=\"https:\/\/filles-de-la-charite.org\/wp-content\/uploads\/2024\/10\/synode-2-1.jpg 574w, https:\/\/filles-de-la-charite.org\/wp-content\/uploads\/2024\/10\/synode-2-1-480x270.jpg 480w\" sizes=\"(min-width: 0px) and (max-width: 480px) 480px, (min-width: 481px) 574px, 100vw\" \/><\/figure>\n\n\n\n<figure class=\"wp-block-image alignfull size-large\"><img loading=\"lazy\" decoding=\"async\" width=\"1024\" height=\"576\" src=\"https:\/\/filles-de-la-charite.org\/wp-content\/uploads\/2024\/10\/synode-3-1-1024x576.jpg\" alt=\"\" class=\"wp-image-39942\" srcset=\"https:\/\/filles-de-la-charite.org\/wp-content\/uploads\/2024\/10\/synode-3-1-1024x576.jpg 1024w, https:\/\/filles-de-la-charite.org\/wp-content\/uploads\/2024\/10\/synode-3-1-980x551.jpg 980w, https:\/\/filles-de-la-charite.org\/wp-content\/uploads\/2024\/10\/synode-3-1-480x270.jpg 480w\" sizes=\"(min-width: 0px) and (max-width: 480px) 480px, (min-width: 481px) and (max-width: 980px) 980px, (min-width: 981px) 1024px, 100vw\" \/><\/figure>\n\n\n\n<p>Todas est\u00e3o convidadas a acompanhar as diferentes sess\u00f5es para coloc\u00e1-las na ora\u00e7\u00e3o, mas tamb\u00e9m para aprofundar juntas todas as quest\u00f5es que nelas s\u00e3o desenvolvidas. Intensifiquemos o nosso amor pela Igreja e a nossa participa\u00e7\u00e3o na sua vida em todos os n\u00edveis.<\/p>\n\n\n\n<figure class=\"wp-block-image size-large\"><img loading=\"lazy\" decoding=\"async\" width=\"768\" height=\"1024\" src=\"https:\/\/filles-de-la-charite.org\/wp-content\/uploads\/2024\/10\/synode-1-768x1024.jpg\" alt=\"\" class=\"wp-image-39912\"\/><\/figure>\n","protected":false},"excerpt":{"rendered":"<p>A Irm\u00e3 Ester Lucas Jos\u00e9 MARIA, da Prov\u00edncia de Mo\u00e7ambique, e a Irm\u00e3 Maria Suyapa CACHO \u00c1LVAREZ, da Prov\u00edncia da Am\u00e9rica Central, est\u00e3o participando da segunda sess\u00e3o do S\u00ednodo sobre a Sinodalidade, que teve in\u00edcio em Roma no dia 2 de outubro. Elas j\u00e1 haviam sido membros no ano passado. Agrade\u00e7o a cada uma e [&hellip;]<\/p>\n","protected":false},"author":5,"featured_media":39932,"comment_status":"closed","ping_status":"closed","sticky":false,"template":"","format":"standard","meta":{"_acf_changed":false,"_et_pb_use_builder":"","_et_pb_old_content":"","_et_gb_content_width":"","footnotes":"","_links_to":"","_links_to_target":""},"categories":[845],"tags":[],"class_list":["post-39954","post","type-post","status-publish","format-standard","has-post-thumbnail","hentry","category-internacional-pt-pt"],"acf":[],"yoast_head":"<!-- This site is optimized with the Yoast SEO plugin v27.5 - https:\/\/yoast.com\/product\/yoast-seo-wordpress\/ -->\n<title>Filhas da Caridade, Filhas da Igreja - Filles de la Charit\u00e9<\/title>\n<meta name=\"robots\" content=\"index, follow, max-snippet:-1, max-image-preview:large, max-video-preview:-1\" \/>\n<link rel=\"canonical\" href=\"https:\/\/filles-de-la-charite.org\/pt-pt\/hijas-de-la-caridad-hijas-de-la-iglesia\/\" \/>\n<meta property=\"og:locale\" content=\"pt_PT\" \/>\n<meta property=\"og:type\" content=\"article\" \/>\n<meta property=\"og:title\" content=\"Filhas da Caridade, Filhas da Igreja - Filles de la Charit\u00e9\" \/>\n<meta property=\"og:description\" content=\"A Irm\u00e3 Ester Lucas Jos\u00e9 MARIA, da Prov\u00edncia de Mo\u00e7ambique, e a Irm\u00e3 Maria Suyapa CACHO \u00c1LVAREZ, da Prov\u00edncia da Am\u00e9rica Central, est\u00e3o participando da segunda sess\u00e3o do S\u00ednodo sobre a Sinodalidade, que teve in\u00edcio em Roma no dia 2 de outubro. Elas j\u00e1 haviam sido membros no ano passado. Agrade\u00e7o a cada uma e [&hellip;]\" \/>\n<meta property=\"og:url\" content=\"https:\/\/filles-de-la-charite.org\/pt-pt\/hijas-de-la-caridad-hijas-de-la-iglesia\/\" \/>\n<meta property=\"og:site_name\" content=\"Filles de la Charit\u00e9\" \/>\n<meta property=\"article:published_time\" content=\"2024-10-07T22:00:48+00:00\" \/>\n<meta property=\"article:modified_time\" content=\"2024-10-07T22:07:32+00:00\" \/>\n<meta property=\"og:image\" content=\"https:\/\/filles-de-la-charite.org\/wp-content\/uploads\/2024\/10\/synode-1-1.jpg\" \/>\n\t<meta property=\"og:image:width\" content=\"1200\" \/>\n\t<meta property=\"og:image:height\" content=\"675\" \/>\n\t<meta property=\"og:image:type\" content=\"image\/jpeg\" \/>\n<meta name=\"author\" content=\"SOR MARTA\" \/>\n<meta name=\"twitter:card\" content=\"summary_large_image\" \/>\n<meta name=\"twitter:label1\" content=\"Escrito por\" \/>\n\t<meta name=\"twitter:data1\" content=\"SOR MARTA\" \/>\n\t<meta name=\"twitter:label2\" content=\"Tempo estimado de leitura\" \/>\n\t<meta name=\"twitter:data2\" content=\"2 minutos\" \/>\n<script type=\"application\/ld+json\" class=\"yoast-schema-graph\">{\"@context\":\"https:\\\/\\\/schema.org\",\"@graph\":[{\"@type\":\"Article\",\"@id\":\"https:\\\/\\\/filles-de-la-charite.org\\\/pt-pt\\\/hijas-de-la-caridad-hijas-de-la-iglesia\\\/#article\",\"isPartOf\":{\"@id\":\"https:\\\/\\\/filles-de-la-charite.org\\\/pt-pt\\\/hijas-de-la-caridad-hijas-de-la-iglesia\\\/\"},\"author\":{\"name\":\"SOR MARTA\",\"@id\":\"https:\\\/\\\/filles-de-la-charite.org\\\/pt-pt\\\/#\\\/schema\\\/person\\\/0c922b6ca71280639858d297b3a7209f\"},\"headline\":\"Filhas da Caridade, Filhas da Igreja\",\"datePublished\":\"2024-10-07T22:00:48+00:00\",\"dateModified\":\"2024-10-07T22:07:32+00:00\",\"mainEntityOfPage\":{\"@id\":\"https:\\\/\\\/filles-de-la-charite.org\\\/pt-pt\\\/hijas-de-la-caridad-hijas-de-la-iglesia\\\/\"},\"wordCount\":142,\"publisher\":{\"@id\":\"https:\\\/\\\/filles-de-la-charite.org\\\/pt-pt\\\/#organization\"},\"image\":{\"@id\":\"https:\\\/\\\/filles-de-la-charite.org\\\/pt-pt\\\/hijas-de-la-caridad-hijas-de-la-iglesia\\\/#primaryimage\"},\"thumbnailUrl\":\"https:\\\/\\\/filles-de-la-charite.org\\\/wp-content\\\/uploads\\\/2024\\\/10\\\/synode-1-1.jpg\",\"articleSection\":[\"Internacional\"],\"inLanguage\":\"pt-PT\"},{\"@type\":\"WebPage\",\"@id\":\"https:\\\/\\\/filles-de-la-charite.org\\\/pt-pt\\\/hijas-de-la-caridad-hijas-de-la-iglesia\\\/\",\"url\":\"https:\\\/\\\/filles-de-la-charite.org\\\/pt-pt\\\/hijas-de-la-caridad-hijas-de-la-iglesia\\\/\",\"name\":\"Filhas da Caridade, Filhas da Igreja - Filles de la Charit\u00e9\",\"isPartOf\":{\"@id\":\"https:\\\/\\\/filles-de-la-charite.org\\\/pt-pt\\\/#website\"},\"primaryImageOfPage\":{\"@id\":\"https:\\\/\\\/filles-de-la-charite.org\\\/pt-pt\\\/hijas-de-la-caridad-hijas-de-la-iglesia\\\/#primaryimage\"},\"image\":{\"@id\":\"https:\\\/\\\/filles-de-la-charite.org\\\/pt-pt\\\/hijas-de-la-caridad-hijas-de-la-iglesia\\\/#primaryimage\"},\"thumbnailUrl\":\"https:\\\/\\\/filles-de-la-charite.org\\\/wp-content\\\/uploads\\\/2024\\\/10\\\/synode-1-1.jpg\",\"datePublished\":\"2024-10-07T22:00:48+00:00\",\"dateModified\":\"2024-10-07T22:07:32+00:00\",\"breadcrumb\":{\"@id\":\"https:\\\/\\\/filles-de-la-charite.org\\\/pt-pt\\\/hijas-de-la-caridad-hijas-de-la-iglesia\\\/#breadcrumb\"},\"inLanguage\":\"pt-PT\",\"potentialAction\":[{\"@type\":\"ReadAction\",\"target\":[\"https:\\\/\\\/filles-de-la-charite.org\\\/pt-pt\\\/hijas-de-la-caridad-hijas-de-la-iglesia\\\/\"]}]},{\"@type\":\"ImageObject\",\"inLanguage\":\"pt-PT\",\"@id\":\"https:\\\/\\\/filles-de-la-charite.org\\\/pt-pt\\\/hijas-de-la-caridad-hijas-de-la-iglesia\\\/#primaryimage\",\"url\":\"https:\\\/\\\/filles-de-la-charite.org\\\/wp-content\\\/uploads\\\/2024\\\/10\\\/synode-1-1.jpg\",\"contentUrl\":\"https:\\\/\\\/filles-de-la-charite.org\\\/wp-content\\\/uploads\\\/2024\\\/10\\\/synode-1-1.jpg\",\"width\":1200,\"height\":675},{\"@type\":\"BreadcrumbList\",\"@id\":\"https:\\\/\\\/filles-de-la-charite.org\\\/pt-pt\\\/hijas-de-la-caridad-hijas-de-la-iglesia\\\/#breadcrumb\",\"itemListElement\":[{\"@type\":\"ListItem\",\"position\":1,\"name\":\"Internacional\",\"item\":\"https:\\\/\\\/filles-de-la-charite.org\\\/pt-pt\\\/category\\\/internacional-pt-pt\\\/\"},{\"@type\":\"ListItem\",\"position\":2,\"name\":\"Filhas da Caridade, Filhas da Igreja\"}]},{\"@type\":\"WebSite\",\"@id\":\"https:\\\/\\\/filles-de-la-charite.org\\\/pt-pt\\\/#website\",\"url\":\"https:\\\/\\\/filles-de-la-charite.org\\\/pt-pt\\\/\",\"name\":\"Hijas de la Caridad\",\"description\":\"L\u2019amour de J\u00e9sus nous presse \u00e0 prendre soin des personnes les plus d\u00e9munies\",\"publisher\":{\"@id\":\"https:\\\/\\\/filles-de-la-charite.org\\\/pt-pt\\\/#organization\"},\"potentialAction\":[{\"@type\":\"SearchAction\",\"target\":{\"@type\":\"EntryPoint\",\"urlTemplate\":\"https:\\\/\\\/filles-de-la-charite.org\\\/pt-pt\\\/?s={search_term_string}\"},\"query-input\":{\"@type\":\"PropertyValueSpecification\",\"valueRequired\":true,\"valueName\":\"search_term_string\"}}],\"inLanguage\":\"pt-PT\"},{\"@type\":\"Organization\",\"@id\":\"https:\\\/\\\/filles-de-la-charite.org\\\/pt-pt\\\/#organization\",\"name\":\"Hijas de la Caridad\",\"url\":\"https:\\\/\\\/filles-de-la-charite.org\\\/pt-pt\\\/\",\"logo\":{\"@type\":\"ImageObject\",\"inLanguage\":\"pt-PT\",\"@id\":\"https:\\\/\\\/filles-de-la-charite.org\\\/pt-pt\\\/#\\\/schema\\\/logo\\\/image\\\/\",\"url\":\"https:\\\/\\\/filles-de-la-charite.org\\\/wp-content\\\/uploads\\\/2023\\\/03\\\/isotipo-Hijas-de-la-Caridad.png\",\"contentUrl\":\"https:\\\/\\\/filles-de-la-charite.org\\\/wp-content\\\/uploads\\\/2023\\\/03\\\/isotipo-Hijas-de-la-Caridad.png\",\"width\":1417,\"height\":1417,\"caption\":\"Hijas de la Caridad\"},\"image\":{\"@id\":\"https:\\\/\\\/filles-de-la-charite.org\\\/pt-pt\\\/#\\\/schema\\\/logo\\\/image\\\/\"}},{\"@type\":\"Person\",\"@id\":\"https:\\\/\\\/filles-de-la-charite.org\\\/pt-pt\\\/#\\\/schema\\\/person\\\/0c922b6ca71280639858d297b3a7209f\",\"name\":\"SOR MARTA\",\"image\":{\"@type\":\"ImageObject\",\"inLanguage\":\"pt-PT\",\"@id\":\"https:\\\/\\\/secure.gravatar.com\\\/avatar\\\/d2c45b0fd6bf2d3e2670ab3d112257c24ac80fa960360bba1bdc0676485d1d09?s=96&d=mm&r=g\",\"url\":\"https:\\\/\\\/secure.gravatar.com\\\/avatar\\\/d2c45b0fd6bf2d3e2670ab3d112257c24ac80fa960360bba1bdc0676485d1d09?s=96&d=mm&r=g\",\"contentUrl\":\"https:\\\/\\\/secure.gravatar.com\\\/avatar\\\/d2c45b0fd6bf2d3e2670ab3d112257c24ac80fa960360bba1bdc0676485d1d09?s=96&d=mm&r=g\",\"caption\":\"SOR MARTA\"},\"url\":\"https:\\\/\\\/filles-de-la-charite.org\\\/pt-pt\\\/author\\\/martaemn\\\/\"}]}<\/script>\n<!-- \/ Yoast SEO plugin. -->","yoast_head_json":{"title":"Filhas da Caridade, Filhas da Igreja - Filles de la Charit\u00e9","robots":{"index":"index","follow":"follow","max-snippet":"max-snippet:-1","max-image-preview":"max-image-preview:large","max-video-preview":"max-video-preview:-1"},"canonical":"https:\/\/filles-de-la-charite.org\/pt-pt\/hijas-de-la-caridad-hijas-de-la-iglesia\/","og_locale":"pt_PT","og_type":"article","og_title":"Filhas da Caridade, Filhas da Igreja - Filles de la Charit\u00e9","og_description":"A Irm\u00e3 Ester Lucas Jos\u00e9 MARIA, da Prov\u00edncia de Mo\u00e7ambique, e a Irm\u00e3 Maria Suyapa CACHO \u00c1LVAREZ, da Prov\u00edncia da Am\u00e9rica Central, est\u00e3o participando da segunda sess\u00e3o do S\u00ednodo sobre a Sinodalidade, que teve in\u00edcio em Roma no dia 2 de outubro. Elas j\u00e1 haviam sido membros no ano passado. Agrade\u00e7o a cada uma e [&hellip;]","og_url":"https:\/\/filles-de-la-charite.org\/pt-pt\/hijas-de-la-caridad-hijas-de-la-iglesia\/","og_site_name":"Filles de la Charit\u00e9","article_published_time":"2024-10-07T22:00:48+00:00","article_modified_time":"2024-10-07T22:07:32+00:00","og_image":[{"width":1200,"height":675,"url":"https:\/\/filles-de-la-charite.org\/wp-content\/uploads\/2024\/10\/synode-1-1.jpg","type":"image\/jpeg"}],"author":"SOR MARTA","twitter_card":"summary_large_image","twitter_misc":{"Escrito por":"SOR MARTA","Tempo estimado de leitura":"2 minutos"},"schema":{"@context":"https:\/\/schema.org","@graph":[{"@type":"Article","@id":"https:\/\/filles-de-la-charite.org\/pt-pt\/hijas-de-la-caridad-hijas-de-la-iglesia\/#article","isPartOf":{"@id":"https:\/\/filles-de-la-charite.org\/pt-pt\/hijas-de-la-caridad-hijas-de-la-iglesia\/"},"author":{"name":"SOR MARTA","@id":"https:\/\/filles-de-la-charite.org\/pt-pt\/#\/schema\/person\/0c922b6ca71280639858d297b3a7209f"},"headline":"Filhas da Caridade, Filhas da Igreja","datePublished":"2024-10-07T22:00:48+00:00","dateModified":"2024-10-07T22:07:32+00:00","mainEntityOfPage":{"@id":"https:\/\/filles-de-la-charite.org\/pt-pt\/hijas-de-la-caridad-hijas-de-la-iglesia\/"},"wordCount":142,"publisher":{"@id":"https:\/\/filles-de-la-charite.org\/pt-pt\/#organization"},"image":{"@id":"https:\/\/filles-de-la-charite.org\/pt-pt\/hijas-de-la-caridad-hijas-de-la-iglesia\/#primaryimage"},"thumbnailUrl":"https:\/\/filles-de-la-charite.org\/wp-content\/uploads\/2024\/10\/synode-1-1.jpg","articleSection":["Internacional"],"inLanguage":"pt-PT"},{"@type":"WebPage","@id":"https:\/\/filles-de-la-charite.org\/pt-pt\/hijas-de-la-caridad-hijas-de-la-iglesia\/","url":"https:\/\/filles-de-la-charite.org\/pt-pt\/hijas-de-la-caridad-hijas-de-la-iglesia\/","name":"Filhas da Caridade, Filhas da Igreja - Filles de la Charit\u00e9","isPartOf":{"@id":"https:\/\/filles-de-la-charite.org\/pt-pt\/#website"},"primaryImageOfPage":{"@id":"https:\/\/filles-de-la-charite.org\/pt-pt\/hijas-de-la-caridad-hijas-de-la-iglesia\/#primaryimage"},"image":{"@id":"https:\/\/filles-de-la-charite.org\/pt-pt\/hijas-de-la-caridad-hijas-de-la-iglesia\/#primaryimage"},"thumbnailUrl":"https:\/\/filles-de-la-charite.org\/wp-content\/uploads\/2024\/10\/synode-1-1.jpg","datePublished":"2024-10-07T22:00:48+00:00","dateModified":"2024-10-07T22:07:32+00:00","breadcrumb":{"@id":"https:\/\/filles-de-la-charite.org\/pt-pt\/hijas-de-la-caridad-hijas-de-la-iglesia\/#breadcrumb"},"inLanguage":"pt-PT","potentialAction":[{"@type":"ReadAction","target":["https:\/\/filles-de-la-charite.org\/pt-pt\/hijas-de-la-caridad-hijas-de-la-iglesia\/"]}]},{"@type":"ImageObject","inLanguage":"pt-PT","@id":"https:\/\/filles-de-la-charite.org\/pt-pt\/hijas-de-la-caridad-hijas-de-la-iglesia\/#primaryimage","url":"https:\/\/filles-de-la-charite.org\/wp-content\/uploads\/2024\/10\/synode-1-1.jpg","contentUrl":"https:\/\/filles-de-la-charite.org\/wp-content\/uploads\/2024\/10\/synode-1-1.jpg","width":1200,"height":675},{"@type":"BreadcrumbList","@id":"https:\/\/filles-de-la-charite.org\/pt-pt\/hijas-de-la-caridad-hijas-de-la-iglesia\/#breadcrumb","itemListElement":[{"@type":"ListItem","position":1,"name":"Internacional","item":"https:\/\/filles-de-la-charite.org\/pt-pt\/category\/internacional-pt-pt\/"},{"@type":"ListItem","position":2,"name":"Filhas da Caridade, Filhas da Igreja"}]},{"@type":"WebSite","@id":"https:\/\/filles-de-la-charite.org\/pt-pt\/#website","url":"https:\/\/filles-de-la-charite.org\/pt-pt\/","name":"Hijas de la Caridad","description":"L\u2019amour de J\u00e9sus nous presse \u00e0 prendre soin des personnes les plus d\u00e9munies","publisher":{"@id":"https:\/\/filles-de-la-charite.org\/pt-pt\/#organization"},"potentialAction":[{"@type":"SearchAction","target":{"@type":"EntryPoint","urlTemplate":"https:\/\/filles-de-la-charite.org\/pt-pt\/?s={search_term_string}"},"query-input":{"@type":"PropertyValueSpecification","valueRequired":true,"valueName":"search_term_string"}}],"inLanguage":"pt-PT"},{"@type":"Organization","@id":"https:\/\/filles-de-la-charite.org\/pt-pt\/#organization","name":"Hijas de la Caridad","url":"https:\/\/filles-de-la-charite.org\/pt-pt\/","logo":{"@type":"ImageObject","inLanguage":"pt-PT","@id":"https:\/\/filles-de-la-charite.org\/pt-pt\/#\/schema\/logo\/image\/","url":"https:\/\/filles-de-la-charite.org\/wp-content\/uploads\/2023\/03\/isotipo-Hijas-de-la-Caridad.png","contentUrl":"https:\/\/filles-de-la-charite.org\/wp-content\/uploads\/2023\/03\/isotipo-Hijas-de-la-Caridad.png","width":1417,"height":1417,"caption":"Hijas de la Caridad"},"image":{"@id":"https:\/\/filles-de-la-charite.org\/pt-pt\/#\/schema\/logo\/image\/"}},{"@type":"Person","@id":"https:\/\/filles-de-la-charite.org\/pt-pt\/#\/schema\/person\/0c922b6ca71280639858d297b3a7209f","name":"SOR MARTA","image":{"@type":"ImageObject","inLanguage":"pt-PT","@id":"https:\/\/secure.gravatar.com\/avatar\/d2c45b0fd6bf2d3e2670ab3d112257c24ac80fa960360bba1bdc0676485d1d09?s=96&d=mm&r=g","url":"https:\/\/secure.gravatar.com\/avatar\/d2c45b0fd6bf2d3e2670ab3d112257c24ac80fa960360bba1bdc0676485d1d09?s=96&d=mm&r=g","contentUrl":"https:\/\/secure.gravatar.com\/avatar\/d2c45b0fd6bf2d3e2670ab3d112257c24ac80fa960360bba1bdc0676485d1d09?s=96&d=mm&r=g","caption":"SOR MARTA"},"url":"https:\/\/filles-de-la-charite.org\/pt-pt\/author\/martaemn\/"}]}},"_links":{"self":[{"href":"https:\/\/filles-de-la-charite.org\/pt-pt\/wp-json\/wp\/v2\/posts\/39954","targetHints":{"allow":["GET"]}}],"collection":[{"href":"https:\/\/filles-de-la-charite.org\/pt-pt\/wp-json\/wp\/v2\/posts"}],"about":[{"href":"https:\/\/filles-de-la-charite.org\/pt-pt\/wp-json\/wp\/v2\/types\/post"}],"author":[{"embeddable":true,"href":"https:\/\/filles-de-la-charite.org\/pt-pt\/wp-json\/wp\/v2\/users\/5"}],"replies":[{"embeddable":true,"href":"https:\/\/filles-de-la-charite.org\/pt-pt\/wp-json\/wp\/v2\/comments?post=39954"}],"version-history":[{"count":1,"href":"https:\/\/filles-de-la-charite.org\/pt-pt\/wp-json\/wp\/v2\/posts\/39954\/revisions"}],"predecessor-version":[{"id":39958,"href":"https:\/\/filles-de-la-charite.org\/pt-pt\/wp-json\/wp\/v2\/posts\/39954\/revisions\/39958"}],"wp:featuredmedia":[{"embeddable":true,"href":"https:\/\/filles-de-la-charite.org\/pt-pt\/wp-json\/wp\/v2\/media\/39932"}],"wp:attachment":[{"href":"https:\/\/filles-de-la-charite.org\/pt-pt\/wp-json\/wp\/v2\/media?parent=39954"}],"wp:term":[{"taxonomy":"category","embeddable":true,"href":"https:\/\/filles-de-la-charite.org\/pt-pt\/wp-json\/wp\/v2\/categories?post=39954"},{"taxonomy":"post_tag","embeddable":true,"href":"https:\/\/filles-de-la-charite.org\/pt-pt\/wp-json\/wp\/v2\/tags?post=39954"}],"curies":[{"name":"wp","href":"https:\/\/api.w.org\/{rel}","templated":true}]}}