{"id":40389,"date":"2024-11-23T12:51:22","date_gmt":"2024-11-23T11:51:22","guid":{"rendered":"https:\/\/filles-de-la-charite.org\/?p=40389"},"modified":"2024-11-23T13:08:20","modified_gmt":"2024-11-23T12:08:20","slug":"celebrando-las-despedidas-y-acogiendo-nuevos-comienzos","status":"publish","type":"post","link":"https:\/\/filles-de-la-charite.org\/pt-pt\/celebrando-las-despedidas-y-acogiendo-nuevos-comienzos\/","title":{"rendered":"Agradecimentos e Boas vindas!"},"content":{"rendered":"\n<p>A ora\u00e7\u00e3o de despedida \u00e9 parte integrante das atividades mission\u00e1rias da Companhia das Filhas da Caridade de S\u00e3o Vicente de Paulo. Assim como o conceito de &#8220;idas e vindas&#8221; remonta ao tempo da Mademoiselle le Gras, na \u201cLuz de Pentecostes em 1624. N\u00e3o temos uma miss\u00e3o permanente na vida; vamos e voltamos para onde a Divina Provid\u00eancia quiser nos colocar, sempre com o dom da f\u00e9 e a total depend\u00eancia no Deus que nos chamou para a Companhia. Uma situa\u00e7\u00e3o que muitas vezes n\u00e3o \u00e9 compreendida por aqueles que nos observam de fora. No entanto, porque nos comprometemos a ir para onde a Provid\u00eancia de Deus nos enviar, cada vez que o chamado se apresenta, pegamos na nossa tenda e partimos. Hoje, \u00e9 um privil\u00e9gio especial expressar a nossa gratid\u00e3o \u00e0 Irm\u00e3 Bernadette Macmahon, uma maravilhosa Irm\u00e3 e mentora da Prov\u00edncia Irlandesa das Filhas da Caridade de S\u00e3o Vicente de Paulo que serviu no Conselho Consultivo das Irm\u00e3s em Miss\u00e3o nas Na\u00e7\u00f5es Unidas entre 2006 e 2024.<\/p>\n\n\n\n<p>A Irm\u00e3 Bernadette fez parte do Conselho Consultivo como uma fazedora de hist\u00f3ria. A sua presen\u00e7a e as suas contribui\u00e7\u00f5es nas reuni\u00f5es estavam sempre repletas de ideias de car\u00e1ter hist\u00f3rico. Sem d\u00favida, a Irm\u00e3 Bernadette foi uma esp\u00e9cie de guardi\u00e3 que nos recordava as expectativas da Companhia em rela\u00e7\u00e3o aos membros do grupo e o significado da presen\u00e7a da Companhia nas Na\u00e7\u00f5es Unidas.<strong><em> &#8220;Levar a nossa voz \u00e0s Na\u00e7\u00f5es Unidas significa estar constantemente atento e aproveitar as oportunidades para aumentar a consciencializa\u00e7\u00e3o e procurar compromissos de pessoas influentes e decisores. Significa tamb\u00e9m estar a par dos fatos e dos n\u00fameros e saber como funcionam as Na\u00e7\u00f5es Unidas em Genebra e em Nova Iorque. Estas atividades s\u00e3o elementos importantes do papel das Filhas da Caridade nas Na\u00e7\u00f5es Unidas\u201d.<\/em><\/strong><\/p>\n\n\n\n<p>Como \u00e9 importante para n\u00f3s estarmos atentas ao dom que cada Irm\u00e3 faz \u00e0 Companhia, \u00e0 Igreja e \u00e0 Sociedade. Porque \u00e9 gra\u00e7as a estes membros e \u00e0s suas muitas e preciosas mem\u00f3rias na Companhia que conseguimos manter o registo dos acontecimentos e dos marcos para a posteridade.<\/p>\n\n\n\n<figure class=\"wp-block-image size-large\"><img loading=\"lazy\" decoding=\"async\" width=\"1024\" height=\"768\" src=\"https:\/\/filles-de-la-charite.org\/wp-content\/uploads\/2024\/11\/WhatsApp-Image-2024-11-20-at-21.03.48-1-1024x768.jpeg\" alt=\"\" class=\"wp-image-40377\" srcset=\"https:\/\/filles-de-la-charite.org\/wp-content\/uploads\/2024\/11\/WhatsApp-Image-2024-11-20-at-21.03.48-1-980x735.jpeg 980w, https:\/\/filles-de-la-charite.org\/wp-content\/uploads\/2024\/11\/WhatsApp-Image-2024-11-20-at-21.03.48-1-480x360.jpeg 480w\" sizes=\"(min-width: 0px) and (max-width: 480px) 480px, (min-width: 481px) and (max-width: 980px) 980px, (min-width: 981px) 1024px, 100vw\" \/><\/figure>\n\n\n\n<p>Ap\u00f3s 18 anos de partilha generosa do tempo e da sabedoria, n\u00e3o podemos deixar de agradecer a Irm\u00e3 Bernadette e a todas as nossas Irm\u00e3s que serviram a Companhia e os Pobres, seja qual for a fun\u00e7\u00e3o que lhes foi confiada.<\/p>\n\n\n\n<p>Expressamos tamb\u00e9m o nosso agradecimento \u00e0 Irm\u00e3 Marie Raw, \u00e0 Irm\u00e3 Catherine Prendergast, \u00e0 Irm\u00e3 Monique Javouey, Irm\u00e3 Maria Ligia Hernandes. Damos as boas-vindas \u00e0 Irm\u00e3 Zofia Daniscakova e \u00e0 Irm\u00e3 Luz Elena Medina, que v\u00eam com os seus dons para enriquecer o grupo e ser a voz das pessoas que est\u00e3o em situa\u00e7\u00e3o de pobreza.<\/p>\n\n\n\n<figure class=\"wp-block-image aligncenter size-large\"><img loading=\"lazy\" decoding=\"async\" width=\"1024\" height=\"991\" src=\"https:\/\/filles-de-la-charite.org\/wp-content\/uploads\/2024\/11\/WhatsApp-Image-2024-11-20-at-21.03.48-1024x991.jpeg\" alt=\"\" class=\"wp-image-40370\" srcset=\"https:\/\/filles-de-la-charite.org\/wp-content\/uploads\/2024\/11\/WhatsApp-Image-2024-11-20-at-21.03.48-980x949.jpeg 980w, https:\/\/filles-de-la-charite.org\/wp-content\/uploads\/2024\/11\/WhatsApp-Image-2024-11-20-at-21.03.48-480x465.jpeg 480w\" sizes=\"(min-width: 0px) and (max-width: 480px) 480px, (min-width: 481px) and (max-width: 980px) 980px, (min-width: 981px) 1024px, 100vw\" \/><\/figure>\n\n\n\n<p>Somos melhores quando aprendemos a abrir os nossos espa\u00e7os e nos deixamos enriquecer pelos dons preciosos que somos uns para os outros e para os nossos irm\u00e3os e irm\u00e3s que vivem na pobreza. Finalmente, rezamos pelo descanso eterno, rendendo gra\u00e7as a Deus pelo dom da vida de nossas Irm\u00e3s Evelyn Franc, Kathleen Appler e Margaret O&#8217;Dwyer, que nos precederam e nos aben\u00e7oaram com a sua vis\u00e3o, zelo e empenho para garantir que ningu\u00e9m fosse deixado para tr\u00e1s&#8230;<\/p>\n\n\n\n<p>&nbsp;Por Irm\u00e3 Francesca Edet, FC<\/p>\n","protected":false},"excerpt":{"rendered":"<p>A ora\u00e7\u00e3o de despedida \u00e9 parte integrante das atividades mission\u00e1rias da Companhia das Filhas da Caridade de S\u00e3o Vicente de Paulo. Assim como o conceito de &#8220;idas e vindas&#8221; remonta ao tempo da Mademoiselle le Gras, na \u201cLuz de Pentecostes em 1624. N\u00e3o temos uma miss\u00e3o permanente na vida; vamos e voltamos para onde a [&hellip;]<\/p>\n","protected":false},"author":5,"featured_media":40375,"comment_status":"closed","ping_status":"closed","sticky":false,"template":"","format":"standard","meta":{"_acf_changed":false,"_et_pb_use_builder":"","_et_pb_old_content":"","_et_gb_content_width":"","footnotes":"","_links_to":"","_links_to_target":""},"categories":[845,635],"tags":[],"class_list":["post-40389","post","type-post","status-publish","format-standard","has-post-thumbnail","hentry","category-internacional-pt-pt","category-onu-pt-pt"],"acf":[],"yoast_head":"<!-- This site is optimized with the Yoast SEO plugin v27.5 - https:\/\/yoast.com\/product\/yoast-seo-wordpress\/ -->\n<title>Agradecimentos e Boas vindas! - Filles de la Charit\u00e9<\/title>\n<meta name=\"robots\" content=\"index, follow, max-snippet:-1, max-image-preview:large, max-video-preview:-1\" \/>\n<link rel=\"canonical\" href=\"https:\/\/filles-de-la-charite.org\/pt-pt\/celebrando-las-despedidas-y-acogiendo-nuevos-comienzos\/\" \/>\n<meta property=\"og:locale\" content=\"pt_PT\" \/>\n<meta property=\"og:type\" content=\"article\" \/>\n<meta property=\"og:title\" content=\"Agradecimentos e Boas vindas! - Filles de la Charit\u00e9\" \/>\n<meta property=\"og:description\" content=\"A ora\u00e7\u00e3o de despedida \u00e9 parte integrante das atividades mission\u00e1rias da Companhia das Filhas da Caridade de S\u00e3o Vicente de Paulo. Assim como o conceito de &#8220;idas e vindas&#8221; remonta ao tempo da Mademoiselle le Gras, na \u201cLuz de Pentecostes em 1624. N\u00e3o temos uma miss\u00e3o permanente na vida; vamos e voltamos para onde a [&hellip;]\" \/>\n<meta property=\"og:url\" content=\"https:\/\/filles-de-la-charite.org\/pt-pt\/celebrando-las-despedidas-y-acogiendo-nuevos-comienzos\/\" \/>\n<meta property=\"og:site_name\" content=\"Filles de la Charit\u00e9\" \/>\n<meta property=\"article:published_time\" content=\"2024-11-23T11:51:22+00:00\" \/>\n<meta property=\"article:modified_time\" content=\"2024-11-23T12:08:20+00:00\" \/>\n<meta property=\"og:image\" content=\"https:\/\/filles-de-la-charite.org\/wp-content\/uploads\/2024\/11\/WhatsApp-Image-2024-11-20-at-21.03.48.jpeg\" \/>\n\t<meta property=\"og:image:width\" content=\"1600\" \/>\n\t<meta property=\"og:image:height\" content=\"1549\" \/>\n\t<meta property=\"og:image:type\" content=\"image\/jpeg\" \/>\n<meta name=\"author\" content=\"SOR MARTA\" \/>\n<meta name=\"twitter:card\" content=\"summary_large_image\" \/>\n<meta name=\"twitter:label1\" content=\"Escrito por\" \/>\n\t<meta name=\"twitter:data1\" content=\"SOR MARTA\" \/>\n\t<meta name=\"twitter:label2\" content=\"Tempo estimado de leitura\" \/>\n\t<meta name=\"twitter:data2\" content=\"3 minutos\" \/>\n<script type=\"application\/ld+json\" class=\"yoast-schema-graph\">{\"@context\":\"https:\\\/\\\/schema.org\",\"@graph\":[{\"@type\":\"Article\",\"@id\":\"https:\\\/\\\/filles-de-la-charite.org\\\/pt-pt\\\/celebrando-las-despedidas-y-acogiendo-nuevos-comienzos\\\/#article\",\"isPartOf\":{\"@id\":\"https:\\\/\\\/filles-de-la-charite.org\\\/pt-pt\\\/celebrando-las-despedidas-y-acogiendo-nuevos-comienzos\\\/\"},\"author\":{\"name\":\"SOR MARTA\",\"@id\":\"https:\\\/\\\/filles-de-la-charite.org\\\/pt-pt\\\/#\\\/schema\\\/person\\\/0c922b6ca71280639858d297b3a7209f\"},\"headline\":\"Agradecimentos e Boas vindas!\",\"datePublished\":\"2024-11-23T11:51:22+00:00\",\"dateModified\":\"2024-11-23T12:08:20+00:00\",\"mainEntityOfPage\":{\"@id\":\"https:\\\/\\\/filles-de-la-charite.org\\\/pt-pt\\\/celebrando-las-despedidas-y-acogiendo-nuevos-comienzos\\\/\"},\"wordCount\":564,\"publisher\":{\"@id\":\"https:\\\/\\\/filles-de-la-charite.org\\\/pt-pt\\\/#organization\"},\"image\":{\"@id\":\"https:\\\/\\\/filles-de-la-charite.org\\\/pt-pt\\\/celebrando-las-despedidas-y-acogiendo-nuevos-comienzos\\\/#primaryimage\"},\"thumbnailUrl\":\"https:\\\/\\\/filles-de-la-charite.org\\\/wp-content\\\/uploads\\\/2024\\\/11\\\/WhatsApp-Image-2024-11-20-at-21.03.48.jpeg\",\"articleSection\":[\"Internacional\",\"ONU\"],\"inLanguage\":\"pt-PT\"},{\"@type\":\"WebPage\",\"@id\":\"https:\\\/\\\/filles-de-la-charite.org\\\/pt-pt\\\/celebrando-las-despedidas-y-acogiendo-nuevos-comienzos\\\/\",\"url\":\"https:\\\/\\\/filles-de-la-charite.org\\\/pt-pt\\\/celebrando-las-despedidas-y-acogiendo-nuevos-comienzos\\\/\",\"name\":\"Agradecimentos e Boas vindas! - Filles de la Charit\u00e9\",\"isPartOf\":{\"@id\":\"https:\\\/\\\/filles-de-la-charite.org\\\/pt-pt\\\/#website\"},\"primaryImageOfPage\":{\"@id\":\"https:\\\/\\\/filles-de-la-charite.org\\\/pt-pt\\\/celebrando-las-despedidas-y-acogiendo-nuevos-comienzos\\\/#primaryimage\"},\"image\":{\"@id\":\"https:\\\/\\\/filles-de-la-charite.org\\\/pt-pt\\\/celebrando-las-despedidas-y-acogiendo-nuevos-comienzos\\\/#primaryimage\"},\"thumbnailUrl\":\"https:\\\/\\\/filles-de-la-charite.org\\\/wp-content\\\/uploads\\\/2024\\\/11\\\/WhatsApp-Image-2024-11-20-at-21.03.48.jpeg\",\"datePublished\":\"2024-11-23T11:51:22+00:00\",\"dateModified\":\"2024-11-23T12:08:20+00:00\",\"breadcrumb\":{\"@id\":\"https:\\\/\\\/filles-de-la-charite.org\\\/pt-pt\\\/celebrando-las-despedidas-y-acogiendo-nuevos-comienzos\\\/#breadcrumb\"},\"inLanguage\":\"pt-PT\",\"potentialAction\":[{\"@type\":\"ReadAction\",\"target\":[\"https:\\\/\\\/filles-de-la-charite.org\\\/pt-pt\\\/celebrando-las-despedidas-y-acogiendo-nuevos-comienzos\\\/\"]}]},{\"@type\":\"ImageObject\",\"inLanguage\":\"pt-PT\",\"@id\":\"https:\\\/\\\/filles-de-la-charite.org\\\/pt-pt\\\/celebrando-las-despedidas-y-acogiendo-nuevos-comienzos\\\/#primaryimage\",\"url\":\"https:\\\/\\\/filles-de-la-charite.org\\\/wp-content\\\/uploads\\\/2024\\\/11\\\/WhatsApp-Image-2024-11-20-at-21.03.48.jpeg\",\"contentUrl\":\"https:\\\/\\\/filles-de-la-charite.org\\\/wp-content\\\/uploads\\\/2024\\\/11\\\/WhatsApp-Image-2024-11-20-at-21.03.48.jpeg\",\"width\":1600,\"height\":1549},{\"@type\":\"BreadcrumbList\",\"@id\":\"https:\\\/\\\/filles-de-la-charite.org\\\/pt-pt\\\/celebrando-las-despedidas-y-acogiendo-nuevos-comienzos\\\/#breadcrumb\",\"itemListElement\":[{\"@type\":\"ListItem\",\"position\":1,\"name\":\"ONU\",\"item\":\"https:\\\/\\\/filles-de-la-charite.org\\\/pt-pt\\\/category\\\/onu-pt-pt\\\/\"},{\"@type\":\"ListItem\",\"position\":2,\"name\":\"Agradecimentos e Boas vindas!\"}]},{\"@type\":\"WebSite\",\"@id\":\"https:\\\/\\\/filles-de-la-charite.org\\\/pt-pt\\\/#website\",\"url\":\"https:\\\/\\\/filles-de-la-charite.org\\\/pt-pt\\\/\",\"name\":\"Hijas de la Caridad\",\"description\":\"L\u2019amour de J\u00e9sus nous presse \u00e0 prendre soin des personnes les plus d\u00e9munies\",\"publisher\":{\"@id\":\"https:\\\/\\\/filles-de-la-charite.org\\\/pt-pt\\\/#organization\"},\"potentialAction\":[{\"@type\":\"SearchAction\",\"target\":{\"@type\":\"EntryPoint\",\"urlTemplate\":\"https:\\\/\\\/filles-de-la-charite.org\\\/pt-pt\\\/?s={search_term_string}\"},\"query-input\":{\"@type\":\"PropertyValueSpecification\",\"valueRequired\":true,\"valueName\":\"search_term_string\"}}],\"inLanguage\":\"pt-PT\"},{\"@type\":\"Organization\",\"@id\":\"https:\\\/\\\/filles-de-la-charite.org\\\/pt-pt\\\/#organization\",\"name\":\"Hijas de la Caridad\",\"url\":\"https:\\\/\\\/filles-de-la-charite.org\\\/pt-pt\\\/\",\"logo\":{\"@type\":\"ImageObject\",\"inLanguage\":\"pt-PT\",\"@id\":\"https:\\\/\\\/filles-de-la-charite.org\\\/pt-pt\\\/#\\\/schema\\\/logo\\\/image\\\/\",\"url\":\"https:\\\/\\\/filles-de-la-charite.org\\\/wp-content\\\/uploads\\\/2023\\\/03\\\/isotipo-Hijas-de-la-Caridad.png\",\"contentUrl\":\"https:\\\/\\\/filles-de-la-charite.org\\\/wp-content\\\/uploads\\\/2023\\\/03\\\/isotipo-Hijas-de-la-Caridad.png\",\"width\":1417,\"height\":1417,\"caption\":\"Hijas de la Caridad\"},\"image\":{\"@id\":\"https:\\\/\\\/filles-de-la-charite.org\\\/pt-pt\\\/#\\\/schema\\\/logo\\\/image\\\/\"}},{\"@type\":\"Person\",\"@id\":\"https:\\\/\\\/filles-de-la-charite.org\\\/pt-pt\\\/#\\\/schema\\\/person\\\/0c922b6ca71280639858d297b3a7209f\",\"name\":\"SOR MARTA\",\"image\":{\"@type\":\"ImageObject\",\"inLanguage\":\"pt-PT\",\"@id\":\"https:\\\/\\\/secure.gravatar.com\\\/avatar\\\/d2c45b0fd6bf2d3e2670ab3d112257c24ac80fa960360bba1bdc0676485d1d09?s=96&d=mm&r=g\",\"url\":\"https:\\\/\\\/secure.gravatar.com\\\/avatar\\\/d2c45b0fd6bf2d3e2670ab3d112257c24ac80fa960360bba1bdc0676485d1d09?s=96&d=mm&r=g\",\"contentUrl\":\"https:\\\/\\\/secure.gravatar.com\\\/avatar\\\/d2c45b0fd6bf2d3e2670ab3d112257c24ac80fa960360bba1bdc0676485d1d09?s=96&d=mm&r=g\",\"caption\":\"SOR MARTA\"},\"url\":\"https:\\\/\\\/filles-de-la-charite.org\\\/pt-pt\\\/author\\\/martaemn\\\/\"}]}<\/script>\n<!-- \/ Yoast SEO plugin. -->","yoast_head_json":{"title":"Agradecimentos e Boas vindas! - Filles de la Charit\u00e9","robots":{"index":"index","follow":"follow","max-snippet":"max-snippet:-1","max-image-preview":"max-image-preview:large","max-video-preview":"max-video-preview:-1"},"canonical":"https:\/\/filles-de-la-charite.org\/pt-pt\/celebrando-las-despedidas-y-acogiendo-nuevos-comienzos\/","og_locale":"pt_PT","og_type":"article","og_title":"Agradecimentos e Boas vindas! - Filles de la Charit\u00e9","og_description":"A ora\u00e7\u00e3o de despedida \u00e9 parte integrante das atividades mission\u00e1rias da Companhia das Filhas da Caridade de S\u00e3o Vicente de Paulo. Assim como o conceito de &#8220;idas e vindas&#8221; remonta ao tempo da Mademoiselle le Gras, na \u201cLuz de Pentecostes em 1624. N\u00e3o temos uma miss\u00e3o permanente na vida; vamos e voltamos para onde a [&hellip;]","og_url":"https:\/\/filles-de-la-charite.org\/pt-pt\/celebrando-las-despedidas-y-acogiendo-nuevos-comienzos\/","og_site_name":"Filles de la Charit\u00e9","article_published_time":"2024-11-23T11:51:22+00:00","article_modified_time":"2024-11-23T12:08:20+00:00","og_image":[{"width":1600,"height":1549,"url":"https:\/\/filles-de-la-charite.org\/wp-content\/uploads\/2024\/11\/WhatsApp-Image-2024-11-20-at-21.03.48.jpeg","type":"image\/jpeg"}],"author":"SOR MARTA","twitter_card":"summary_large_image","twitter_misc":{"Escrito por":"SOR MARTA","Tempo estimado de leitura":"3 minutos"},"schema":{"@context":"https:\/\/schema.org","@graph":[{"@type":"Article","@id":"https:\/\/filles-de-la-charite.org\/pt-pt\/celebrando-las-despedidas-y-acogiendo-nuevos-comienzos\/#article","isPartOf":{"@id":"https:\/\/filles-de-la-charite.org\/pt-pt\/celebrando-las-despedidas-y-acogiendo-nuevos-comienzos\/"},"author":{"name":"SOR MARTA","@id":"https:\/\/filles-de-la-charite.org\/pt-pt\/#\/schema\/person\/0c922b6ca71280639858d297b3a7209f"},"headline":"Agradecimentos e Boas vindas!","datePublished":"2024-11-23T11:51:22+00:00","dateModified":"2024-11-23T12:08:20+00:00","mainEntityOfPage":{"@id":"https:\/\/filles-de-la-charite.org\/pt-pt\/celebrando-las-despedidas-y-acogiendo-nuevos-comienzos\/"},"wordCount":564,"publisher":{"@id":"https:\/\/filles-de-la-charite.org\/pt-pt\/#organization"},"image":{"@id":"https:\/\/filles-de-la-charite.org\/pt-pt\/celebrando-las-despedidas-y-acogiendo-nuevos-comienzos\/#primaryimage"},"thumbnailUrl":"https:\/\/filles-de-la-charite.org\/wp-content\/uploads\/2024\/11\/WhatsApp-Image-2024-11-20-at-21.03.48.jpeg","articleSection":["Internacional","ONU"],"inLanguage":"pt-PT"},{"@type":"WebPage","@id":"https:\/\/filles-de-la-charite.org\/pt-pt\/celebrando-las-despedidas-y-acogiendo-nuevos-comienzos\/","url":"https:\/\/filles-de-la-charite.org\/pt-pt\/celebrando-las-despedidas-y-acogiendo-nuevos-comienzos\/","name":"Agradecimentos e Boas vindas! - Filles de la Charit\u00e9","isPartOf":{"@id":"https:\/\/filles-de-la-charite.org\/pt-pt\/#website"},"primaryImageOfPage":{"@id":"https:\/\/filles-de-la-charite.org\/pt-pt\/celebrando-las-despedidas-y-acogiendo-nuevos-comienzos\/#primaryimage"},"image":{"@id":"https:\/\/filles-de-la-charite.org\/pt-pt\/celebrando-las-despedidas-y-acogiendo-nuevos-comienzos\/#primaryimage"},"thumbnailUrl":"https:\/\/filles-de-la-charite.org\/wp-content\/uploads\/2024\/11\/WhatsApp-Image-2024-11-20-at-21.03.48.jpeg","datePublished":"2024-11-23T11:51:22+00:00","dateModified":"2024-11-23T12:08:20+00:00","breadcrumb":{"@id":"https:\/\/filles-de-la-charite.org\/pt-pt\/celebrando-las-despedidas-y-acogiendo-nuevos-comienzos\/#breadcrumb"},"inLanguage":"pt-PT","potentialAction":[{"@type":"ReadAction","target":["https:\/\/filles-de-la-charite.org\/pt-pt\/celebrando-las-despedidas-y-acogiendo-nuevos-comienzos\/"]}]},{"@type":"ImageObject","inLanguage":"pt-PT","@id":"https:\/\/filles-de-la-charite.org\/pt-pt\/celebrando-las-despedidas-y-acogiendo-nuevos-comienzos\/#primaryimage","url":"https:\/\/filles-de-la-charite.org\/wp-content\/uploads\/2024\/11\/WhatsApp-Image-2024-11-20-at-21.03.48.jpeg","contentUrl":"https:\/\/filles-de-la-charite.org\/wp-content\/uploads\/2024\/11\/WhatsApp-Image-2024-11-20-at-21.03.48.jpeg","width":1600,"height":1549},{"@type":"BreadcrumbList","@id":"https:\/\/filles-de-la-charite.org\/pt-pt\/celebrando-las-despedidas-y-acogiendo-nuevos-comienzos\/#breadcrumb","itemListElement":[{"@type":"ListItem","position":1,"name":"ONU","item":"https:\/\/filles-de-la-charite.org\/pt-pt\/category\/onu-pt-pt\/"},{"@type":"ListItem","position":2,"name":"Agradecimentos e Boas vindas!"}]},{"@type":"WebSite","@id":"https:\/\/filles-de-la-charite.org\/pt-pt\/#website","url":"https:\/\/filles-de-la-charite.org\/pt-pt\/","name":"Hijas de la Caridad","description":"L\u2019amour de J\u00e9sus nous presse \u00e0 prendre soin des personnes les plus d\u00e9munies","publisher":{"@id":"https:\/\/filles-de-la-charite.org\/pt-pt\/#organization"},"potentialAction":[{"@type":"SearchAction","target":{"@type":"EntryPoint","urlTemplate":"https:\/\/filles-de-la-charite.org\/pt-pt\/?s={search_term_string}"},"query-input":{"@type":"PropertyValueSpecification","valueRequired":true,"valueName":"search_term_string"}}],"inLanguage":"pt-PT"},{"@type":"Organization","@id":"https:\/\/filles-de-la-charite.org\/pt-pt\/#organization","name":"Hijas de la Caridad","url":"https:\/\/filles-de-la-charite.org\/pt-pt\/","logo":{"@type":"ImageObject","inLanguage":"pt-PT","@id":"https:\/\/filles-de-la-charite.org\/pt-pt\/#\/schema\/logo\/image\/","url":"https:\/\/filles-de-la-charite.org\/wp-content\/uploads\/2023\/03\/isotipo-Hijas-de-la-Caridad.png","contentUrl":"https:\/\/filles-de-la-charite.org\/wp-content\/uploads\/2023\/03\/isotipo-Hijas-de-la-Caridad.png","width":1417,"height":1417,"caption":"Hijas de la Caridad"},"image":{"@id":"https:\/\/filles-de-la-charite.org\/pt-pt\/#\/schema\/logo\/image\/"}},{"@type":"Person","@id":"https:\/\/filles-de-la-charite.org\/pt-pt\/#\/schema\/person\/0c922b6ca71280639858d297b3a7209f","name":"SOR MARTA","image":{"@type":"ImageObject","inLanguage":"pt-PT","@id":"https:\/\/secure.gravatar.com\/avatar\/d2c45b0fd6bf2d3e2670ab3d112257c24ac80fa960360bba1bdc0676485d1d09?s=96&d=mm&r=g","url":"https:\/\/secure.gravatar.com\/avatar\/d2c45b0fd6bf2d3e2670ab3d112257c24ac80fa960360bba1bdc0676485d1d09?s=96&d=mm&r=g","contentUrl":"https:\/\/secure.gravatar.com\/avatar\/d2c45b0fd6bf2d3e2670ab3d112257c24ac80fa960360bba1bdc0676485d1d09?s=96&d=mm&r=g","caption":"SOR MARTA"},"url":"https:\/\/filles-de-la-charite.org\/pt-pt\/author\/martaemn\/"}]}},"_links":{"self":[{"href":"https:\/\/filles-de-la-charite.org\/pt-pt\/wp-json\/wp\/v2\/posts\/40389","targetHints":{"allow":["GET"]}}],"collection":[{"href":"https:\/\/filles-de-la-charite.org\/pt-pt\/wp-json\/wp\/v2\/posts"}],"about":[{"href":"https:\/\/filles-de-la-charite.org\/pt-pt\/wp-json\/wp\/v2\/types\/post"}],"author":[{"embeddable":true,"href":"https:\/\/filles-de-la-charite.org\/pt-pt\/wp-json\/wp\/v2\/users\/5"}],"replies":[{"embeddable":true,"href":"https:\/\/filles-de-la-charite.org\/pt-pt\/wp-json\/wp\/v2\/comments?post=40389"}],"version-history":[{"count":1,"href":"https:\/\/filles-de-la-charite.org\/pt-pt\/wp-json\/wp\/v2\/posts\/40389\/revisions"}],"predecessor-version":[{"id":40396,"href":"https:\/\/filles-de-la-charite.org\/pt-pt\/wp-json\/wp\/v2\/posts\/40389\/revisions\/40396"}],"wp:featuredmedia":[{"embeddable":true,"href":"https:\/\/filles-de-la-charite.org\/pt-pt\/wp-json\/wp\/v2\/media\/40375"}],"wp:attachment":[{"href":"https:\/\/filles-de-la-charite.org\/pt-pt\/wp-json\/wp\/v2\/media?parent=40389"}],"wp:term":[{"taxonomy":"category","embeddable":true,"href":"https:\/\/filles-de-la-charite.org\/pt-pt\/wp-json\/wp\/v2\/categories?post=40389"},{"taxonomy":"post_tag","embeddable":true,"href":"https:\/\/filles-de-la-charite.org\/pt-pt\/wp-json\/wp\/v2\/tags?post=40389"}],"curies":[{"name":"wp","href":"https:\/\/api.w.org\/{rel}","templated":true}]}}