{"id":40570,"date":"2024-11-23T13:22:47","date_gmt":"2024-11-23T12:22:47","guid":{"rendered":"https:\/\/filles-de-la-charite.org\/?p=40570"},"modified":"2024-11-27T23:41:10","modified_gmt":"2024-11-27T22:41:10","slug":"encuentro-internacional-de-economas-provinciales","status":"publish","type":"post","link":"https:\/\/filles-de-la-charite.org\/pt-pt\/encuentro-internacional-de-economas-provinciales\/","title":{"rendered":"Encontro Internacional das Ec\u00f4nomas Provinciais"},"content":{"rendered":"\n<p>O encontro das Ec\u00f4nomas Provinciais da Companhia das Filhas da Caridade, realizado na Casa M\u00e3e, em Paris, entre os dias 4 e 17 de novembro de 2024, foi um acontecimento rico em interc\u00e2mbios e reflex\u00f5es sobre a gest\u00e3o dos bens ao servi\u00e7o da miss\u00e3o. A primeira semana foi dedicada ao aprofundamento das orienta\u00e7\u00f5es da Igreja e da Companhia sobre a gest\u00e3o dos bens. A Irm\u00e3 Fran\u00e7oise PETIT abriu o encontro lan\u00e7ando luzes sobre o papel da Ec\u00f4noma Provincial \u00e0 luz do carisma. O Cardeal Jo\u00e3o BRAZ DE AVIZ destacou em seguida o modo como a economia pode tornar-se um instrumento ao servi\u00e7o da miss\u00e3o evang\u00e9lica. As apresenta\u00e7\u00f5es centraram-se depois nos compromissos ligados ao voto de pobreza, \u00e0 sinodalidade e aos valores da boa administra\u00e7\u00e3o segundo os Fundadores.<\/p>\n\n\n\n<p>A segunda semana do Encontro foi consagrada aos aspectos t\u00e9cnicos da miss\u00e3o da Ec\u00f4noma.&nbsp; Este per\u00edodo constituiu uma oportunidade para aprofundar temas essenciais para uma administra\u00e7\u00e3o eficaz. Durante tr\u00eas dias, as participantes refletiram sobre a contabilidade, o or\u00e7amento e a import\u00e2ncia dos invent\u00e1rios. Um dia inteiro foi dedicado \u00e0s finan\u00e7as, seguido de outro para refletir sobre o desenvolvimento de projetos e os recursos dispon\u00edveis para financiamento.<\/p>\n\n\n\n<p>As participantes dedicaram tempo para reler e integrar estas orienta\u00e7\u00f5es para uma melhor gest\u00e3o do patrim\u00f4nio da Companhia. As discuss\u00f5es ricas e aprofundadas ajudaram-nos a compreender melhor como a gest\u00e3o dos recursos pode ser coerente com a miss\u00e3o da Companhia, a fim de responder aos desafios atuais. Este encontro refor\u00e7ou o compromisso das Ec\u00f4nomas de gerir os seus bens com discernimento e criatividade, sempre ao servi\u00e7o dos mais pobres.<\/p>\n\n\n\n<div class=\"wp-block-responsive-lightbox-gallery\"><div class=\"et_pb_slider et_pb_slider_fullwidth_off et_pb_gallery_post_type\">\n\t\t\t\t<div class=\"et_pb_slides\">\n\t\t\t\t\t<div class=\"et_pb_slide\" style=\"background: url(https:\/\/filles-de-la-charite.org\/wp-content\/uploads\/2024\/11\/Imagem-do-WhatsApp-de-2024-11-05-as-07.04.32_e4ec0bf3.jpg);\"><\/div><div class=\"et_pb_slide\" style=\"background: url(https:\/\/filles-de-la-charite.org\/wp-content\/uploads\/2024\/11\/Imagem-do-WhatsApp-de-2024-11-06-as-17.12.10_d5f8a968-scaled.jpg);\"><\/div><div class=\"et_pb_slide\" style=\"background: url(https:\/\/filles-de-la-charite.org\/wp-content\/uploads\/2024\/11\/Imagem-do-WhatsApp-de-2024-11-06-as-17.12.18_fbe2e6f4-scaled.jpg);\"><\/div><div class=\"et_pb_slide\" style=\"background: url(https:\/\/filles-de-la-charite.org\/wp-content\/uploads\/2024\/11\/Imagem-do-WhatsApp-de-2024-11-06-as-17.12.23_9ef856bf-scaled.jpg);\"><\/div><div class=\"et_pb_slide\" style=\"background: url(https:\/\/filles-de-la-charite.org\/wp-content\/uploads\/2024\/11\/Imagem-do-WhatsApp-de-2024-11-06-as-17.12.39_7b62514c-scaled.jpg);\"><\/div><div class=\"et_pb_slide\" style=\"background: url(https:\/\/filles-de-la-charite.org\/wp-content\/uploads\/2024\/11\/Imagem-do-WhatsApp-de-2024-11-06-as-17.12.41_f5ed9993-scaled.jpg);\"><\/div><div class=\"et_pb_slide\" style=\"background: url(https:\/\/filles-de-la-charite.org\/wp-content\/uploads\/2024\/11\/Imagem-do-WhatsApp-de-2024-11-06-as-17.12.50_5636ceb1-scaled.jpg);\"><\/div><div class=\"et_pb_slide\" style=\"background: url(https:\/\/filles-de-la-charite.org\/wp-content\/uploads\/2024\/11\/Imagem-do-WhatsApp-de-2024-11-06-as-17.12.54_40e934e0-scaled.jpg);\"><\/div><div class=\"et_pb_slide\" style=\"background: url(https:\/\/filles-de-la-charite.org\/wp-content\/uploads\/2024\/11\/Rencontre-des-Economes-5-scaled.jpg);\"><\/div><div class=\"et_pb_slide\" style=\"background: url(https:\/\/filles-de-la-charite.org\/wp-content\/uploads\/2024\/11\/Rencontre-des-Economes-8-scaled.jpg);\"><\/div><div class=\"et_pb_slide\" style=\"background: url(https:\/\/filles-de-la-charite.org\/wp-content\/uploads\/2024\/11\/Rencontre-des-Economes-11-scaled.jpg);\"><\/div><div class=\"et_pb_slide\" style=\"background: url(https:\/\/filles-de-la-charite.org\/wp-content\/uploads\/2024\/11\/Rencontre-des-Economes-12-scaled.jpg);\"><\/div><div class=\"et_pb_slide\" style=\"background: url(https:\/\/filles-de-la-charite.org\/wp-content\/uploads\/2024\/11\/Imagem-do-WhatsApp-de-2024-11-06-as-17.12.00_3e4b1c20-scaled.jpg);\"><\/div><div class=\"et_pb_slide\" style=\"background: url(https:\/\/filles-de-la-charite.org\/wp-content\/uploads\/2024\/11\/Imagem-do-WhatsApp-de-2024-11-05-as-20.12.11_8ccc02c2-scaled.jpg);\"><\/div><div class=\"et_pb_slide\" style=\"background: url(https:\/\/filles-de-la-charite.org\/wp-content\/uploads\/2024\/11\/Imagem-do-WhatsApp-de-2024-11-05-as-07.05.09_242a601b.jpg);\"><\/div><div class=\"et_pb_slide\" style=\"background: url(https:\/\/filles-de-la-charite.org\/wp-content\/uploads\/2024\/11\/Imagem-do-WhatsApp-de-2024-11-05-as-20.10.32_6a466ec8.jpg);\"><\/div><div class=\"et_pb_slide\" style=\"background: url(https:\/\/filles-de-la-charite.org\/wp-content\/uploads\/2024\/11\/Imagem-do-WhatsApp-de-2024-11-05-as-20.10.34_a6fe6234.jpg);\"><\/div><div class=\"et_pb_slide\" style=\"background: url(https:\/\/filles-de-la-charite.org\/wp-content\/uploads\/2024\/11\/Imagem-do-WhatsApp-de-2024-11-05-as-20.10.36_fd781b89.jpg);\"><\/div><div class=\"et_pb_slide\" style=\"background: url(https:\/\/filles-de-la-charite.org\/wp-content\/uploads\/2024\/11\/Imagem-do-WhatsApp-de-2024-11-05-as-20.11.50_69b94d96-scaled.jpg);\"><\/div><div class=\"et_pb_slide\" style=\"background: url(https:\/\/filles-de-la-charite.org\/wp-content\/uploads\/2024\/11\/Imagem-do-WhatsApp-de-2024-11-05-as-20.11.54_7a2c0e88-scaled.jpg);\"><\/div><div class=\"et_pb_slide\" style=\"background: url(https:\/\/filles-de-la-charite.org\/wp-content\/uploads\/2024\/11\/Imagem-do-WhatsApp-de-2024-11-05-as-20.11.58_1379b0a6-scaled.jpg);\"><\/div><div class=\"et_pb_slide\" style=\"background: url(https:\/\/filles-de-la-charite.org\/wp-content\/uploads\/2024\/11\/Imagem-do-WhatsApp-de-2024-11-05-as-20.12.02_e52b1892-scaled.jpg);\"><\/div><div class=\"et_pb_slide\" style=\"background: url(https:\/\/filles-de-la-charite.org\/wp-content\/uploads\/2024\/11\/Imagem-do-WhatsApp-de-2024-11-05-as-20.12.06_309f6711-scaled.jpg);\"><\/div><div class=\"et_pb_slide\" style=\"background: url(https:\/\/filles-de-la-charite.org\/wp-content\/uploads\/2024\/11\/Imagem-do-WhatsApp-de-2024-11-05-as-20.12.06_d5971c64-scaled.jpg);\"><\/div><div class=\"et_pb_slide\" style=\"background: url(https:\/\/filles-de-la-charite.org\/wp-content\/uploads\/2024\/11\/Imagem-do-WhatsApp-de-2024-11-05-as-20.12.10_18e18fd6-scaled.jpg);\"><\/div><div class=\"et_pb_slide\" style=\"background: url(https:\/\/filles-de-la-charite.org\/wp-content\/uploads\/2024\/11\/Rencontre-des-Economes-15-scaled.jpg);\"><\/div>\n\t\t\t\t<\/div>\n\t\t\t<\/div><\/div>\n","protected":false},"excerpt":{"rendered":"<p>O encontro das Ec\u00f4nomas Provinciais da Companhia das Filhas da Caridade, realizado na Casa M\u00e3e, em Paris, entre os dias 4 e 17 de novembro de 2024, foi um acontecimento rico em interc\u00e2mbios e reflex\u00f5es sobre a gest\u00e3o dos bens ao servi\u00e7o da miss\u00e3o. A primeira semana foi dedicada ao aprofundamento das orienta\u00e7\u00f5es da Igreja [&hellip;]<\/p>\n","protected":false},"author":5,"featured_media":40561,"comment_status":"closed","ping_status":"closed","sticky":false,"template":"","format":"standard","meta":{"_acf_changed":false,"footnotes":"","_links_to":"","_links_to_target":""},"categories":[561,845],"tags":[],"class_list":["post-40570","post","type-post","status-publish","format-standard","has-post-thumbnail","hentry","category-casa-mae-pt-pt","category-internacional-pt-pt"],"acf":[],"yoast_head":"<!-- This site is optimized with the Yoast SEO plugin v27.5 - https:\/\/yoast.com\/product\/yoast-seo-wordpress\/ -->\n<title>Encontro Internacional das Ec\u00f4nomas Provinciais - Filles de la Charit\u00e9<\/title>\n<meta name=\"robots\" content=\"index, follow, max-snippet:-1, max-image-preview:large, max-video-preview:-1\" \/>\n<link rel=\"canonical\" href=\"https:\/\/filles-de-la-charite.org\/pt-pt\/encuentro-internacional-de-economas-provinciales\/\" \/>\n<meta property=\"og:locale\" content=\"pt_PT\" \/>\n<meta property=\"og:type\" content=\"article\" \/>\n<meta property=\"og:title\" content=\"Encontro Internacional das Ec\u00f4nomas Provinciais - Filles de la Charit\u00e9\" \/>\n<meta property=\"og:description\" content=\"O encontro das Ec\u00f4nomas Provinciais da Companhia das Filhas da Caridade, realizado na Casa M\u00e3e, em Paris, entre os dias 4 e 17 de novembro de 2024, foi um acontecimento rico em interc\u00e2mbios e reflex\u00f5es sobre a gest\u00e3o dos bens ao servi\u00e7o da miss\u00e3o. A primeira semana foi dedicada ao aprofundamento das orienta\u00e7\u00f5es da Igreja [&hellip;]\" \/>\n<meta property=\"og:url\" content=\"https:\/\/filles-de-la-charite.org\/pt-pt\/encuentro-internacional-de-economas-provinciales\/\" \/>\n<meta property=\"og:site_name\" content=\"Filles de la Charit\u00e9\" \/>\n<meta property=\"article:published_time\" content=\"2024-11-23T12:22:47+00:00\" \/>\n<meta property=\"article:modified_time\" content=\"2024-11-27T22:41:10+00:00\" \/>\n<meta property=\"og:image\" content=\"https:\/\/filles-de-la-charite.org\/wp-content\/uploads\/2024\/11\/Rencontre-des-Economes-Miniatura-scaled.jpg\" \/>\n\t<meta property=\"og:image:width\" content=\"2560\" \/>\n\t<meta property=\"og:image:height\" content=\"1440\" \/>\n\t<meta property=\"og:image:type\" content=\"image\/jpeg\" \/>\n<meta name=\"author\" content=\"SOR MARTA\" \/>\n<meta name=\"twitter:card\" content=\"summary_large_image\" \/>\n<meta name=\"twitter:label1\" content=\"Escrito por\" \/>\n\t<meta name=\"twitter:data1\" content=\"SOR MARTA\" \/>\n\t<meta name=\"twitter:label2\" content=\"Tempo estimado de leitura\" \/>\n\t<meta name=\"twitter:data2\" content=\"2 minutos\" \/>\n<script type=\"application\/ld+json\" class=\"yoast-schema-graph\">{\"@context\":\"https:\\\/\\\/schema.org\",\"@graph\":[{\"@type\":\"Article\",\"@id\":\"https:\\\/\\\/filles-de-la-charite.org\\\/pt-pt\\\/encuentro-internacional-de-economas-provinciales\\\/#article\",\"isPartOf\":{\"@id\":\"https:\\\/\\\/filles-de-la-charite.org\\\/pt-pt\\\/encuentro-internacional-de-economas-provinciales\\\/\"},\"author\":{\"name\":\"SOR MARTA\",\"@id\":\"https:\\\/\\\/filles-de-la-charite.org\\\/pt-pt\\\/#\\\/schema\\\/person\\\/0c922b6ca71280639858d297b3a7209f\"},\"headline\":\"Encontro Internacional das Ec\u00f4nomas Provinciais\",\"datePublished\":\"2024-11-23T12:22:47+00:00\",\"dateModified\":\"2024-11-27T22:41:10+00:00\",\"mainEntityOfPage\":{\"@id\":\"https:\\\/\\\/filles-de-la-charite.org\\\/pt-pt\\\/encuentro-internacional-de-economas-provinciales\\\/\"},\"wordCount\":305,\"publisher\":{\"@id\":\"https:\\\/\\\/filles-de-la-charite.org\\\/pt-pt\\\/#organization\"},\"image\":{\"@id\":\"https:\\\/\\\/filles-de-la-charite.org\\\/pt-pt\\\/encuentro-internacional-de-economas-provinciales\\\/#primaryimage\"},\"thumbnailUrl\":\"https:\\\/\\\/filles-de-la-charite.org\\\/wp-content\\\/uploads\\\/2024\\\/11\\\/Rencontre-des-Economes-Miniatura-scaled.jpg\",\"articleSection\":[\"Casa-M\u00e3e\",\"Internacional\"],\"inLanguage\":\"pt-PT\"},{\"@type\":\"WebPage\",\"@id\":\"https:\\\/\\\/filles-de-la-charite.org\\\/pt-pt\\\/encuentro-internacional-de-economas-provinciales\\\/\",\"url\":\"https:\\\/\\\/filles-de-la-charite.org\\\/pt-pt\\\/encuentro-internacional-de-economas-provinciales\\\/\",\"name\":\"Encontro Internacional das Ec\u00f4nomas Provinciais - Filles de la Charit\u00e9\",\"isPartOf\":{\"@id\":\"https:\\\/\\\/filles-de-la-charite.org\\\/pt-pt\\\/#website\"},\"primaryImageOfPage\":{\"@id\":\"https:\\\/\\\/filles-de-la-charite.org\\\/pt-pt\\\/encuentro-internacional-de-economas-provinciales\\\/#primaryimage\"},\"image\":{\"@id\":\"https:\\\/\\\/filles-de-la-charite.org\\\/pt-pt\\\/encuentro-internacional-de-economas-provinciales\\\/#primaryimage\"},\"thumbnailUrl\":\"https:\\\/\\\/filles-de-la-charite.org\\\/wp-content\\\/uploads\\\/2024\\\/11\\\/Rencontre-des-Economes-Miniatura-scaled.jpg\",\"datePublished\":\"2024-11-23T12:22:47+00:00\",\"dateModified\":\"2024-11-27T22:41:10+00:00\",\"breadcrumb\":{\"@id\":\"https:\\\/\\\/filles-de-la-charite.org\\\/pt-pt\\\/encuentro-internacional-de-economas-provinciales\\\/#breadcrumb\"},\"inLanguage\":\"pt-PT\",\"potentialAction\":[{\"@type\":\"ReadAction\",\"target\":[\"https:\\\/\\\/filles-de-la-charite.org\\\/pt-pt\\\/encuentro-internacional-de-economas-provinciales\\\/\"]}]},{\"@type\":\"ImageObject\",\"inLanguage\":\"pt-PT\",\"@id\":\"https:\\\/\\\/filles-de-la-charite.org\\\/pt-pt\\\/encuentro-internacional-de-economas-provinciales\\\/#primaryimage\",\"url\":\"https:\\\/\\\/filles-de-la-charite.org\\\/wp-content\\\/uploads\\\/2024\\\/11\\\/Rencontre-des-Economes-Miniatura-scaled.jpg\",\"contentUrl\":\"https:\\\/\\\/filles-de-la-charite.org\\\/wp-content\\\/uploads\\\/2024\\\/11\\\/Rencontre-des-Economes-Miniatura-scaled.jpg\",\"width\":2560,\"height\":1440},{\"@type\":\"BreadcrumbList\",\"@id\":\"https:\\\/\\\/filles-de-la-charite.org\\\/pt-pt\\\/encuentro-internacional-de-economas-provinciales\\\/#breadcrumb\",\"itemListElement\":[{\"@type\":\"ListItem\",\"position\":1,\"name\":\"Internacional\",\"item\":\"https:\\\/\\\/filles-de-la-charite.org\\\/pt-pt\\\/category\\\/internacional-pt-pt\\\/\"},{\"@type\":\"ListItem\",\"position\":2,\"name\":\"Encontro Internacional das Ec\u00f4nomas Provinciais\"}]},{\"@type\":\"WebSite\",\"@id\":\"https:\\\/\\\/filles-de-la-charite.org\\\/pt-pt\\\/#website\",\"url\":\"https:\\\/\\\/filles-de-la-charite.org\\\/pt-pt\\\/\",\"name\":\"Hijas de la Caridad\",\"description\":\"L\u2019amour de J\u00e9sus nous presse \u00e0 prendre soin des personnes les plus d\u00e9munies\",\"publisher\":{\"@id\":\"https:\\\/\\\/filles-de-la-charite.org\\\/pt-pt\\\/#organization\"},\"potentialAction\":[{\"@type\":\"SearchAction\",\"target\":{\"@type\":\"EntryPoint\",\"urlTemplate\":\"https:\\\/\\\/filles-de-la-charite.org\\\/pt-pt\\\/?s={search_term_string}\"},\"query-input\":{\"@type\":\"PropertyValueSpecification\",\"valueRequired\":true,\"valueName\":\"search_term_string\"}}],\"inLanguage\":\"pt-PT\"},{\"@type\":\"Organization\",\"@id\":\"https:\\\/\\\/filles-de-la-charite.org\\\/pt-pt\\\/#organization\",\"name\":\"Hijas de la Caridad\",\"url\":\"https:\\\/\\\/filles-de-la-charite.org\\\/pt-pt\\\/\",\"logo\":{\"@type\":\"ImageObject\",\"inLanguage\":\"pt-PT\",\"@id\":\"https:\\\/\\\/filles-de-la-charite.org\\\/pt-pt\\\/#\\\/schema\\\/logo\\\/image\\\/\",\"url\":\"https:\\\/\\\/filles-de-la-charite.org\\\/wp-content\\\/uploads\\\/2023\\\/03\\\/isotipo-Hijas-de-la-Caridad.png\",\"contentUrl\":\"https:\\\/\\\/filles-de-la-charite.org\\\/wp-content\\\/uploads\\\/2023\\\/03\\\/isotipo-Hijas-de-la-Caridad.png\",\"width\":1417,\"height\":1417,\"caption\":\"Hijas de la Caridad\"},\"image\":{\"@id\":\"https:\\\/\\\/filles-de-la-charite.org\\\/pt-pt\\\/#\\\/schema\\\/logo\\\/image\\\/\"}},{\"@type\":\"Person\",\"@id\":\"https:\\\/\\\/filles-de-la-charite.org\\\/pt-pt\\\/#\\\/schema\\\/person\\\/0c922b6ca71280639858d297b3a7209f\",\"name\":\"SOR MARTA\",\"image\":{\"@type\":\"ImageObject\",\"inLanguage\":\"pt-PT\",\"@id\":\"https:\\\/\\\/secure.gravatar.com\\\/avatar\\\/d2c45b0fd6bf2d3e2670ab3d112257c24ac80fa960360bba1bdc0676485d1d09?s=96&d=mm&r=g\",\"url\":\"https:\\\/\\\/secure.gravatar.com\\\/avatar\\\/d2c45b0fd6bf2d3e2670ab3d112257c24ac80fa960360bba1bdc0676485d1d09?s=96&d=mm&r=g\",\"contentUrl\":\"https:\\\/\\\/secure.gravatar.com\\\/avatar\\\/d2c45b0fd6bf2d3e2670ab3d112257c24ac80fa960360bba1bdc0676485d1d09?s=96&d=mm&r=g\",\"caption\":\"SOR MARTA\"},\"url\":\"https:\\\/\\\/filles-de-la-charite.org\\\/pt-pt\\\/author\\\/martaemn\\\/\"}]}<\/script>\n<!-- \/ Yoast SEO plugin. -->","yoast_head_json":{"title":"Encontro Internacional das Ec\u00f4nomas Provinciais - Filles de la Charit\u00e9","robots":{"index":"index","follow":"follow","max-snippet":"max-snippet:-1","max-image-preview":"max-image-preview:large","max-video-preview":"max-video-preview:-1"},"canonical":"https:\/\/filles-de-la-charite.org\/pt-pt\/encuentro-internacional-de-economas-provinciales\/","og_locale":"pt_PT","og_type":"article","og_title":"Encontro Internacional das Ec\u00f4nomas Provinciais - Filles de la Charit\u00e9","og_description":"O encontro das Ec\u00f4nomas Provinciais da Companhia das Filhas da Caridade, realizado na Casa M\u00e3e, em Paris, entre os dias 4 e 17 de novembro de 2024, foi um acontecimento rico em interc\u00e2mbios e reflex\u00f5es sobre a gest\u00e3o dos bens ao servi\u00e7o da miss\u00e3o. A primeira semana foi dedicada ao aprofundamento das orienta\u00e7\u00f5es da Igreja [&hellip;]","og_url":"https:\/\/filles-de-la-charite.org\/pt-pt\/encuentro-internacional-de-economas-provinciales\/","og_site_name":"Filles de la Charit\u00e9","article_published_time":"2024-11-23T12:22:47+00:00","article_modified_time":"2024-11-27T22:41:10+00:00","og_image":[{"width":2560,"height":1440,"url":"https:\/\/filles-de-la-charite.org\/wp-content\/uploads\/2024\/11\/Rencontre-des-Economes-Miniatura-scaled.jpg","type":"image\/jpeg"}],"author":"SOR MARTA","twitter_card":"summary_large_image","twitter_misc":{"Escrito por":"SOR MARTA","Tempo estimado de leitura":"2 minutos"},"schema":{"@context":"https:\/\/schema.org","@graph":[{"@type":"Article","@id":"https:\/\/filles-de-la-charite.org\/pt-pt\/encuentro-internacional-de-economas-provinciales\/#article","isPartOf":{"@id":"https:\/\/filles-de-la-charite.org\/pt-pt\/encuentro-internacional-de-economas-provinciales\/"},"author":{"name":"SOR MARTA","@id":"https:\/\/filles-de-la-charite.org\/pt-pt\/#\/schema\/person\/0c922b6ca71280639858d297b3a7209f"},"headline":"Encontro Internacional das Ec\u00f4nomas Provinciais","datePublished":"2024-11-23T12:22:47+00:00","dateModified":"2024-11-27T22:41:10+00:00","mainEntityOfPage":{"@id":"https:\/\/filles-de-la-charite.org\/pt-pt\/encuentro-internacional-de-economas-provinciales\/"},"wordCount":305,"publisher":{"@id":"https:\/\/filles-de-la-charite.org\/pt-pt\/#organization"},"image":{"@id":"https:\/\/filles-de-la-charite.org\/pt-pt\/encuentro-internacional-de-economas-provinciales\/#primaryimage"},"thumbnailUrl":"https:\/\/filles-de-la-charite.org\/wp-content\/uploads\/2024\/11\/Rencontre-des-Economes-Miniatura-scaled.jpg","articleSection":["Casa-M\u00e3e","Internacional"],"inLanguage":"pt-PT"},{"@type":"WebPage","@id":"https:\/\/filles-de-la-charite.org\/pt-pt\/encuentro-internacional-de-economas-provinciales\/","url":"https:\/\/filles-de-la-charite.org\/pt-pt\/encuentro-internacional-de-economas-provinciales\/","name":"Encontro Internacional das Ec\u00f4nomas Provinciais - Filles de la Charit\u00e9","isPartOf":{"@id":"https:\/\/filles-de-la-charite.org\/pt-pt\/#website"},"primaryImageOfPage":{"@id":"https:\/\/filles-de-la-charite.org\/pt-pt\/encuentro-internacional-de-economas-provinciales\/#primaryimage"},"image":{"@id":"https:\/\/filles-de-la-charite.org\/pt-pt\/encuentro-internacional-de-economas-provinciales\/#primaryimage"},"thumbnailUrl":"https:\/\/filles-de-la-charite.org\/wp-content\/uploads\/2024\/11\/Rencontre-des-Economes-Miniatura-scaled.jpg","datePublished":"2024-11-23T12:22:47+00:00","dateModified":"2024-11-27T22:41:10+00:00","breadcrumb":{"@id":"https:\/\/filles-de-la-charite.org\/pt-pt\/encuentro-internacional-de-economas-provinciales\/#breadcrumb"},"inLanguage":"pt-PT","potentialAction":[{"@type":"ReadAction","target":["https:\/\/filles-de-la-charite.org\/pt-pt\/encuentro-internacional-de-economas-provinciales\/"]}]},{"@type":"ImageObject","inLanguage":"pt-PT","@id":"https:\/\/filles-de-la-charite.org\/pt-pt\/encuentro-internacional-de-economas-provinciales\/#primaryimage","url":"https:\/\/filles-de-la-charite.org\/wp-content\/uploads\/2024\/11\/Rencontre-des-Economes-Miniatura-scaled.jpg","contentUrl":"https:\/\/filles-de-la-charite.org\/wp-content\/uploads\/2024\/11\/Rencontre-des-Economes-Miniatura-scaled.jpg","width":2560,"height":1440},{"@type":"BreadcrumbList","@id":"https:\/\/filles-de-la-charite.org\/pt-pt\/encuentro-internacional-de-economas-provinciales\/#breadcrumb","itemListElement":[{"@type":"ListItem","position":1,"name":"Internacional","item":"https:\/\/filles-de-la-charite.org\/pt-pt\/category\/internacional-pt-pt\/"},{"@type":"ListItem","position":2,"name":"Encontro Internacional das Ec\u00f4nomas Provinciais"}]},{"@type":"WebSite","@id":"https:\/\/filles-de-la-charite.org\/pt-pt\/#website","url":"https:\/\/filles-de-la-charite.org\/pt-pt\/","name":"Hijas de la Caridad","description":"L\u2019amour de J\u00e9sus nous presse \u00e0 prendre soin des personnes les plus d\u00e9munies","publisher":{"@id":"https:\/\/filles-de-la-charite.org\/pt-pt\/#organization"},"potentialAction":[{"@type":"SearchAction","target":{"@type":"EntryPoint","urlTemplate":"https:\/\/filles-de-la-charite.org\/pt-pt\/?s={search_term_string}"},"query-input":{"@type":"PropertyValueSpecification","valueRequired":true,"valueName":"search_term_string"}}],"inLanguage":"pt-PT"},{"@type":"Organization","@id":"https:\/\/filles-de-la-charite.org\/pt-pt\/#organization","name":"Hijas de la Caridad","url":"https:\/\/filles-de-la-charite.org\/pt-pt\/","logo":{"@type":"ImageObject","inLanguage":"pt-PT","@id":"https:\/\/filles-de-la-charite.org\/pt-pt\/#\/schema\/logo\/image\/","url":"https:\/\/filles-de-la-charite.org\/wp-content\/uploads\/2023\/03\/isotipo-Hijas-de-la-Caridad.png","contentUrl":"https:\/\/filles-de-la-charite.org\/wp-content\/uploads\/2023\/03\/isotipo-Hijas-de-la-Caridad.png","width":1417,"height":1417,"caption":"Hijas de la Caridad"},"image":{"@id":"https:\/\/filles-de-la-charite.org\/pt-pt\/#\/schema\/logo\/image\/"}},{"@type":"Person","@id":"https:\/\/filles-de-la-charite.org\/pt-pt\/#\/schema\/person\/0c922b6ca71280639858d297b3a7209f","name":"SOR MARTA","image":{"@type":"ImageObject","inLanguage":"pt-PT","@id":"https:\/\/secure.gravatar.com\/avatar\/d2c45b0fd6bf2d3e2670ab3d112257c24ac80fa960360bba1bdc0676485d1d09?s=96&d=mm&r=g","url":"https:\/\/secure.gravatar.com\/avatar\/d2c45b0fd6bf2d3e2670ab3d112257c24ac80fa960360bba1bdc0676485d1d09?s=96&d=mm&r=g","contentUrl":"https:\/\/secure.gravatar.com\/avatar\/d2c45b0fd6bf2d3e2670ab3d112257c24ac80fa960360bba1bdc0676485d1d09?s=96&d=mm&r=g","caption":"SOR MARTA"},"url":"https:\/\/filles-de-la-charite.org\/pt-pt\/author\/martaemn\/"}]}},"_links":{"self":[{"href":"https:\/\/filles-de-la-charite.org\/pt-pt\/wp-json\/wp\/v2\/posts\/40570","targetHints":{"allow":["GET"]}}],"collection":[{"href":"https:\/\/filles-de-la-charite.org\/pt-pt\/wp-json\/wp\/v2\/posts"}],"about":[{"href":"https:\/\/filles-de-la-charite.org\/pt-pt\/wp-json\/wp\/v2\/types\/post"}],"author":[{"embeddable":true,"href":"https:\/\/filles-de-la-charite.org\/pt-pt\/wp-json\/wp\/v2\/users\/5"}],"replies":[{"embeddable":true,"href":"https:\/\/filles-de-la-charite.org\/pt-pt\/wp-json\/wp\/v2\/comments?post=40570"}],"version-history":[{"count":2,"href":"https:\/\/filles-de-la-charite.org\/pt-pt\/wp-json\/wp\/v2\/posts\/40570\/revisions"}],"predecessor-version":[{"id":40694,"href":"https:\/\/filles-de-la-charite.org\/pt-pt\/wp-json\/wp\/v2\/posts\/40570\/revisions\/40694"}],"wp:featuredmedia":[{"embeddable":true,"href":"https:\/\/filles-de-la-charite.org\/pt-pt\/wp-json\/wp\/v2\/media\/40561"}],"wp:attachment":[{"href":"https:\/\/filles-de-la-charite.org\/pt-pt\/wp-json\/wp\/v2\/media?parent=40570"}],"wp:term":[{"taxonomy":"category","embeddable":true,"href":"https:\/\/filles-de-la-charite.org\/pt-pt\/wp-json\/wp\/v2\/categories?post=40570"},{"taxonomy":"post_tag","embeddable":true,"href":"https:\/\/filles-de-la-charite.org\/pt-pt\/wp-json\/wp\/v2\/tags?post=40570"}],"curies":[{"name":"wp","href":"https:\/\/api.w.org\/{rel}","templated":true}]}}