{"id":42374,"date":"2025-03-21T06:50:00","date_gmt":"2025-03-21T05:50:00","guid":{"rendered":"https:\/\/filles-de-la-charite.org\/?p=42374"},"modified":"2025-03-22T09:48:43","modified_gmt":"2025-03-22T08:48:43","slug":"caminando-juntas-fortaleciendo-la-formacion-en-asia","status":"publish","type":"post","link":"https:\/\/filles-de-la-charite.org\/pt-pt\/caminando-juntas-fortaleciendo-la-formacion-en-asia\/","title":{"rendered":"Caminhando, juntas, fortalecendo a forma\u00e7\u00e3o na \u00c1sia"},"content":{"rendered":"\n<p>Entre os dias 2 e 11 de mar\u00e7o de 2025, mais de cinquenta Irm\u00e3s, Filhas da Caridade de S\u00e3o Vicente de Paulo, dos pa\u00edses asi\u00e1ticos reuniram-se em Pohsarang, Kediri, Java Oriental, Indon\u00e9sia, para o Encontro das Irm\u00e3s Formadoras Asi\u00e1ticas. O tema do encontro deste ano, foi &#8220;Caminhando, juntas, fortalecendo a forma\u00e7\u00e3o na \u00c1sia&#8221;, resumia perfeitamente o esp\u00edrito de comunh\u00e3o e colabora\u00e7\u00e3o que caracterizou o evento.<\/p>\n\n\n\n<figure class=\"wp-block-image aligncenter size-large\"><img loading=\"lazy\" decoding=\"async\" width=\"1024\" height=\"576\" src=\"https:\/\/filles-de-la-charite.org\/wp-content\/uploads\/2025\/03\/thumbnail2-1024x576.jpg\" alt=\"\" class=\"wp-image-42347\" srcset=\"https:\/\/filles-de-la-charite.org\/wp-content\/uploads\/2025\/03\/thumbnail2-980x551.jpg 980w, https:\/\/filles-de-la-charite.org\/wp-content\/uploads\/2025\/03\/thumbnail2-480x270.jpg 480w\" sizes=\"(min-width: 0px) and (max-width: 480px) 480px, (min-width: 481px) and (max-width: 980px) 980px, (min-width: 981px) 1024px, 100vw\" \/><\/figure>\n\n\n\n<p>O objetivo principal deste encontro foi de nutrir rela\u00e7\u00f5es e fomentar a colabora\u00e7\u00e3o entre as Formadoras, as Diretoras Provinciais e as Visitadoras de toda a \u00c1sia. Foi uma oportunidade preciosa para as participantes aprofundarem o conhecimento umas das outras, criarem la\u00e7os de apoio e trabalharem juntas na sagrada miss\u00e3o de formar Filhas da Caridade, tanto para o presente como para o futuro. O encontro serviu como um espa\u00e7o de partilha de conhecimentos e experi\u00eancias que enriqueceram a forma\u00e7\u00e3o em toda a regi\u00e3o, promovendo o Esp\u00edrito Vicentino e abra\u00e7ando uma abordagem sinodal de consulta e discernimento.<\/p>\n\n\n\n<p>O evento come\u00e7ou com uma bela celebra\u00e7\u00e3o eucar\u00edstica de abertura conduzida pelos Padres Diretores das Filhas da Caridade da \u00cdndia, Filipinas, Vietn\u00e3 e Indon\u00e9sia. As palavras de acolhida da Irm\u00e3 Anna FC, do Conselho Geral para a \u00c1sia, proporcionaram uma atmosfera inovadora e inflamada do esp\u00edrito de perten\u00e7a. A Eucaristia foi uma experi\u00eancia significativa e inspiradora, renovando as for\u00e7as e prop\u00f3sitos para embarcarem juntos nesta jornada.<\/p>\n\n\n\n<figure class=\"wp-block-image aligncenter size-full\"><img loading=\"lazy\" decoding=\"async\" width=\"2560\" height=\"1440\" src=\"https:\/\/filles-de-la-charite.org\/wp-content\/uploads\/2025\/03\/misa-scaled.jpg\" alt=\"\" class=\"wp-image-42354\" srcset=\"https:\/\/filles-de-la-charite.org\/wp-content\/uploads\/2025\/03\/misa-scaled.jpg 2560w, https:\/\/filles-de-la-charite.org\/wp-content\/uploads\/2025\/03\/misa-1280x720.jpg 1280w, https:\/\/filles-de-la-charite.org\/wp-content\/uploads\/2025\/03\/misa-980x551.jpg 980w, https:\/\/filles-de-la-charite.org\/wp-content\/uploads\/2025\/03\/misa-480x270.jpg 480w\" sizes=\"(min-width: 0px) and (max-width: 480px) 480px, (min-width: 481px) and (max-width: 980px) 980px, (min-width: 981px) and (max-width: 1280px) 1280px, (min-width: 1281px) 2560px, 100vw\" \/><\/figure>\n\n\n\n<p>Ao longo do encontro, as sess\u00f5es e os debates centraram-se nas experi\u00eancias das Irm\u00e3s formadoras de diferentes pa\u00edses. A primeira sess\u00e3o foi marcada por apresenta\u00e7\u00f5es perspicazes da Irm\u00e3 Anna FC, da Irm\u00e3 Teresa Mueda FC, e as discuss\u00f5es do dia seguinte centraram-se nos planos de forma\u00e7\u00e3o e na promo\u00e7\u00e3o vocacional de cada Prov\u00edncia. Os participantes tiveram conversas sinceras a v\u00e1rios n\u00edveis, fomentando uma atmosfera de abertura e apoio. V\u00e1rias pessoas de renome, incluindo a Irm\u00e3 Fran\u00e7oise PETIT, Superiora Geral, via Zoom; o Padre Fransiskus Armado Rianto, CM; a Sra. Anita LIE, e outros, contribu\u00edram com valiosas ideias sobre assuntos enriquecedores.<\/p>\n\n\n\n<p>Um momento memor\u00e1vel foi um curto passeio pela cidade de Surabaya, onde os participantes visitaram lugares importantes como a Catedral de Surabaya, a Casa Provincial da Congrega\u00e7\u00e3o da Miss\u00e3o, a Igreja de Kelahiran Santa Perawan Maria Kepanjen e o Orfanato Dom Bosco. O dia terminou com uma visita \u00e0 Casa Provincial das Filhas da Caridade da Indon\u00e9sia em Kediri, criando mem\u00f3rias duradouras e aprofundando os la\u00e7os entre as Irm\u00e3s.<\/p>\n\n\n\n<figure class=\"wp-block-image aligncenter size-full\"><img loading=\"lazy\" decoding=\"async\" width=\"1158\" height=\"720\" src=\"https:\/\/filles-de-la-charite.org\/wp-content\/uploads\/2025\/03\/WhatsApp-Image-2025-03-21-at-16.09.45.jpeg\" alt=\"\" class=\"wp-image-42397\" srcset=\"https:\/\/filles-de-la-charite.org\/wp-content\/uploads\/2025\/03\/WhatsApp-Image-2025-03-21-at-16.09.45.jpeg 1158w, https:\/\/filles-de-la-charite.org\/wp-content\/uploads\/2025\/03\/WhatsApp-Image-2025-03-21-at-16.09.45-980x609.jpeg 980w, https:\/\/filles-de-la-charite.org\/wp-content\/uploads\/2025\/03\/WhatsApp-Image-2025-03-21-at-16.09.45-480x298.jpeg 480w\" sizes=\"(min-width: 0px) and (max-width: 480px) 480px, (min-width: 481px) and (max-width: 980px) 980px, (min-width: 981px) 1158px, 100vw\" \/><\/figure>\n\n\n\n<p>Atrav\u00e9s deste encontro, as Irm\u00e3s Formadoras motivaram-se umas \u00e0s outras, aprendendo com as suas diversas experi\u00eancias e celebraram as carater\u00edsticas \u00fanicas que cada Prov\u00edncia traz consigo. O entusiasmo e a alegria que emanaram de cada irm\u00e3 serviram como uma maravilhosa fonte de inspira\u00e7\u00e3o. Juntas, elas refletiram sobre como melhorar a espiritualidade e a unidade dentro de sua miss\u00e3o de servi\u00e7o no campo da forma\u00e7\u00e3o.<\/p>\n\n\n\n<p>O encontro terminou com uma alegre celebra\u00e7\u00e3o da Eucaristia e uma ora\u00e7\u00e3o sincera de a\u00e7\u00e3o de gra\u00e7as. Que os conhecimentos e os v\u00ednculos estabelecidos durante este encontro nos capacitem para viver a nossa voca\u00e7\u00e3o, levando o amor ao nosso pr\u00f3ximo onde quer que estejamos, especialmente, como portadores de f\u00e9 e esperan\u00e7a para os jovens. Com o cora\u00e7\u00e3o repleto e a determina\u00e7\u00e3o renovada, as Irm\u00e3s regressaram aos seus respectivos pa\u00edses, prontas para continuarem os seus minist\u00e9rios com os cora\u00e7\u00f5es abertos, abra\u00e7ando vidas de simplicidade, humildade e amor.<\/p>\n\n\n\n<p><\/p>\n\n\n\n<figure class=\"wp-block-embed aligncenter is-type-video is-provider-youtube wp-block-embed-youtube wp-embed-aspect-16-9 wp-has-aspect-ratio\"><div class=\"wp-block-embed__wrapper\">\n<iframe loading=\"lazy\" title=\"AFM 2025 - Indonesia (Asian Formators Meeting)\" width=\"1080\" height=\"608\" src=\"https:\/\/www.youtube.com\/embed\/gcOkTx_eBXw?feature=oembed\"  allow=\"accelerometer; autoplay; clipboard-write; encrypted-media; gyroscope; picture-in-picture; web-share\" referrerpolicy=\"strict-origin-when-cross-origin\" allowfullscreen><\/iframe>\n<\/div><\/figure>\n","protected":false},"excerpt":{"rendered":"<p>Entre os dias 2 e 11 de mar\u00e7o de 2025, mais de cinquenta Irm\u00e3s, Filhas da Caridade de S\u00e3o Vicente de Paulo, dos pa\u00edses asi\u00e1ticos reuniram-se em Pohsarang, Kediri, Java Oriental, Indon\u00e9sia, para o Encontro das Irm\u00e3s Formadoras Asi\u00e1ticas. O tema do encontro deste ano, foi &#8220;Caminhando, juntas, fortalecendo a forma\u00e7\u00e3o na \u00c1sia&#8221;, resumia perfeitamente [&hellip;]<\/p>\n","protected":false},"author":5,"featured_media":42345,"comment_status":"closed","ping_status":"closed","sticky":false,"template":"","format":"standard","meta":{"_acf_changed":false,"_et_pb_use_builder":"","_et_pb_old_content":"","_et_gb_content_width":"","footnotes":"","_links_to":"","_links_to_target":""},"categories":[874],"tags":[],"class_list":["post-42374","post","type-post","status-publish","format-standard","has-post-thumbnail","hentry","category-asia-pt-pt"],"acf":[],"yoast_head":"<!-- This site is optimized with the Yoast SEO plugin v27.5 - https:\/\/yoast.com\/product\/yoast-seo-wordpress\/ -->\n<title>Caminhando, juntas, fortalecendo a forma\u00e7\u00e3o na \u00c1sia - Filles de la Charit\u00e9<\/title>\n<meta name=\"robots\" content=\"index, follow, max-snippet:-1, max-image-preview:large, max-video-preview:-1\" \/>\n<link rel=\"canonical\" href=\"https:\/\/filles-de-la-charite.org\/pt-pt\/caminando-juntas-fortaleciendo-la-formacion-en-asia\/\" \/>\n<meta property=\"og:locale\" content=\"pt_PT\" \/>\n<meta property=\"og:type\" content=\"article\" \/>\n<meta property=\"og:title\" content=\"Caminhando, juntas, fortalecendo a forma\u00e7\u00e3o na \u00c1sia - Filles de la Charit\u00e9\" \/>\n<meta property=\"og:description\" content=\"Entre os dias 2 e 11 de mar\u00e7o de 2025, mais de cinquenta Irm\u00e3s, Filhas da Caridade de S\u00e3o Vicente de Paulo, dos pa\u00edses asi\u00e1ticos reuniram-se em Pohsarang, Kediri, Java Oriental, Indon\u00e9sia, para o Encontro das Irm\u00e3s Formadoras Asi\u00e1ticas. O tema do encontro deste ano, foi &#8220;Caminhando, juntas, fortalecendo a forma\u00e7\u00e3o na \u00c1sia&#8221;, resumia perfeitamente [&hellip;]\" \/>\n<meta property=\"og:url\" content=\"https:\/\/filles-de-la-charite.org\/pt-pt\/caminando-juntas-fortaleciendo-la-formacion-en-asia\/\" \/>\n<meta property=\"og:site_name\" content=\"Filles de la Charit\u00e9\" \/>\n<meta property=\"article:published_time\" content=\"2025-03-21T05:50:00+00:00\" \/>\n<meta property=\"article:modified_time\" content=\"2025-03-22T08:48:43+00:00\" \/>\n<meta property=\"og:image\" content=\"https:\/\/filles-de-la-charite.org\/wp-content\/uploads\/2025\/03\/thumbnail-scaled.jpg\" \/>\n\t<meta property=\"og:image:width\" content=\"2560\" \/>\n\t<meta property=\"og:image:height\" content=\"1440\" \/>\n\t<meta property=\"og:image:type\" content=\"image\/jpeg\" \/>\n<meta name=\"author\" content=\"SOR MARTA\" \/>\n<meta name=\"twitter:card\" content=\"summary_large_image\" \/>\n<meta name=\"twitter:label1\" content=\"Escrito por\" \/>\n\t<meta name=\"twitter:data1\" content=\"SOR MARTA\" \/>\n\t<meta name=\"twitter:label2\" content=\"Tempo estimado de leitura\" \/>\n\t<meta name=\"twitter:data2\" content=\"4 minutos\" \/>\n<script type=\"application\/ld+json\" class=\"yoast-schema-graph\">{\"@context\":\"https:\\\/\\\/schema.org\",\"@graph\":[{\"@type\":\"Article\",\"@id\":\"https:\\\/\\\/filles-de-la-charite.org\\\/pt-pt\\\/caminando-juntas-fortaleciendo-la-formacion-en-asia\\\/#article\",\"isPartOf\":{\"@id\":\"https:\\\/\\\/filles-de-la-charite.org\\\/pt-pt\\\/caminando-juntas-fortaleciendo-la-formacion-en-asia\\\/\"},\"author\":{\"name\":\"SOR MARTA\",\"@id\":\"https:\\\/\\\/filles-de-la-charite.org\\\/pt-pt\\\/#\\\/schema\\\/person\\\/0c922b6ca71280639858d297b3a7209f\"},\"headline\":\"Caminhando, juntas, fortalecendo a forma\u00e7\u00e3o na \u00c1sia\",\"datePublished\":\"2025-03-21T05:50:00+00:00\",\"dateModified\":\"2025-03-22T08:48:43+00:00\",\"mainEntityOfPage\":{\"@id\":\"https:\\\/\\\/filles-de-la-charite.org\\\/pt-pt\\\/caminando-juntas-fortaleciendo-la-formacion-en-asia\\\/\"},\"wordCount\":637,\"publisher\":{\"@id\":\"https:\\\/\\\/filles-de-la-charite.org\\\/pt-pt\\\/#organization\"},\"image\":{\"@id\":\"https:\\\/\\\/filles-de-la-charite.org\\\/pt-pt\\\/caminando-juntas-fortaleciendo-la-formacion-en-asia\\\/#primaryimage\"},\"thumbnailUrl\":\"https:\\\/\\\/filles-de-la-charite.org\\\/wp-content\\\/uploads\\\/2025\\\/03\\\/thumbnail-scaled.jpg\",\"articleSection\":[\"\u00c1sia\"],\"inLanguage\":\"pt-PT\"},{\"@type\":\"WebPage\",\"@id\":\"https:\\\/\\\/filles-de-la-charite.org\\\/pt-pt\\\/caminando-juntas-fortaleciendo-la-formacion-en-asia\\\/\",\"url\":\"https:\\\/\\\/filles-de-la-charite.org\\\/pt-pt\\\/caminando-juntas-fortaleciendo-la-formacion-en-asia\\\/\",\"name\":\"Caminhando, juntas, fortalecendo a forma\u00e7\u00e3o na \u00c1sia - Filles de la Charit\u00e9\",\"isPartOf\":{\"@id\":\"https:\\\/\\\/filles-de-la-charite.org\\\/pt-pt\\\/#website\"},\"primaryImageOfPage\":{\"@id\":\"https:\\\/\\\/filles-de-la-charite.org\\\/pt-pt\\\/caminando-juntas-fortaleciendo-la-formacion-en-asia\\\/#primaryimage\"},\"image\":{\"@id\":\"https:\\\/\\\/filles-de-la-charite.org\\\/pt-pt\\\/caminando-juntas-fortaleciendo-la-formacion-en-asia\\\/#primaryimage\"},\"thumbnailUrl\":\"https:\\\/\\\/filles-de-la-charite.org\\\/wp-content\\\/uploads\\\/2025\\\/03\\\/thumbnail-scaled.jpg\",\"datePublished\":\"2025-03-21T05:50:00+00:00\",\"dateModified\":\"2025-03-22T08:48:43+00:00\",\"breadcrumb\":{\"@id\":\"https:\\\/\\\/filles-de-la-charite.org\\\/pt-pt\\\/caminando-juntas-fortaleciendo-la-formacion-en-asia\\\/#breadcrumb\"},\"inLanguage\":\"pt-PT\",\"potentialAction\":[{\"@type\":\"ReadAction\",\"target\":[\"https:\\\/\\\/filles-de-la-charite.org\\\/pt-pt\\\/caminando-juntas-fortaleciendo-la-formacion-en-asia\\\/\"]}]},{\"@type\":\"ImageObject\",\"inLanguage\":\"pt-PT\",\"@id\":\"https:\\\/\\\/filles-de-la-charite.org\\\/pt-pt\\\/caminando-juntas-fortaleciendo-la-formacion-en-asia\\\/#primaryimage\",\"url\":\"https:\\\/\\\/filles-de-la-charite.org\\\/wp-content\\\/uploads\\\/2025\\\/03\\\/thumbnail-scaled.jpg\",\"contentUrl\":\"https:\\\/\\\/filles-de-la-charite.org\\\/wp-content\\\/uploads\\\/2025\\\/03\\\/thumbnail-scaled.jpg\",\"width\":2560,\"height\":1440},{\"@type\":\"BreadcrumbList\",\"@id\":\"https:\\\/\\\/filles-de-la-charite.org\\\/pt-pt\\\/caminando-juntas-fortaleciendo-la-formacion-en-asia\\\/#breadcrumb\",\"itemListElement\":[{\"@type\":\"ListItem\",\"position\":1,\"name\":\"\u00c1sia\",\"item\":\"https:\\\/\\\/filles-de-la-charite.org\\\/pt-pt\\\/category\\\/asia-pt-pt\\\/\"},{\"@type\":\"ListItem\",\"position\":2,\"name\":\"Caminhando, juntas, fortalecendo a forma\u00e7\u00e3o na \u00c1sia\"}]},{\"@type\":\"WebSite\",\"@id\":\"https:\\\/\\\/filles-de-la-charite.org\\\/pt-pt\\\/#website\",\"url\":\"https:\\\/\\\/filles-de-la-charite.org\\\/pt-pt\\\/\",\"name\":\"Hijas de la Caridad\",\"description\":\"L\u2019amour de J\u00e9sus nous presse \u00e0 prendre soin des personnes les plus d\u00e9munies\",\"publisher\":{\"@id\":\"https:\\\/\\\/filles-de-la-charite.org\\\/pt-pt\\\/#organization\"},\"potentialAction\":[{\"@type\":\"SearchAction\",\"target\":{\"@type\":\"EntryPoint\",\"urlTemplate\":\"https:\\\/\\\/filles-de-la-charite.org\\\/pt-pt\\\/?s={search_term_string}\"},\"query-input\":{\"@type\":\"PropertyValueSpecification\",\"valueRequired\":true,\"valueName\":\"search_term_string\"}}],\"inLanguage\":\"pt-PT\"},{\"@type\":\"Organization\",\"@id\":\"https:\\\/\\\/filles-de-la-charite.org\\\/pt-pt\\\/#organization\",\"name\":\"Hijas de la Caridad\",\"url\":\"https:\\\/\\\/filles-de-la-charite.org\\\/pt-pt\\\/\",\"logo\":{\"@type\":\"ImageObject\",\"inLanguage\":\"pt-PT\",\"@id\":\"https:\\\/\\\/filles-de-la-charite.org\\\/pt-pt\\\/#\\\/schema\\\/logo\\\/image\\\/\",\"url\":\"https:\\\/\\\/filles-de-la-charite.org\\\/wp-content\\\/uploads\\\/2023\\\/03\\\/isotipo-Hijas-de-la-Caridad.png\",\"contentUrl\":\"https:\\\/\\\/filles-de-la-charite.org\\\/wp-content\\\/uploads\\\/2023\\\/03\\\/isotipo-Hijas-de-la-Caridad.png\",\"width\":1417,\"height\":1417,\"caption\":\"Hijas de la Caridad\"},\"image\":{\"@id\":\"https:\\\/\\\/filles-de-la-charite.org\\\/pt-pt\\\/#\\\/schema\\\/logo\\\/image\\\/\"}},{\"@type\":\"Person\",\"@id\":\"https:\\\/\\\/filles-de-la-charite.org\\\/pt-pt\\\/#\\\/schema\\\/person\\\/0c922b6ca71280639858d297b3a7209f\",\"name\":\"SOR MARTA\",\"image\":{\"@type\":\"ImageObject\",\"inLanguage\":\"pt-PT\",\"@id\":\"https:\\\/\\\/secure.gravatar.com\\\/avatar\\\/d2c45b0fd6bf2d3e2670ab3d112257c24ac80fa960360bba1bdc0676485d1d09?s=96&d=mm&r=g\",\"url\":\"https:\\\/\\\/secure.gravatar.com\\\/avatar\\\/d2c45b0fd6bf2d3e2670ab3d112257c24ac80fa960360bba1bdc0676485d1d09?s=96&d=mm&r=g\",\"contentUrl\":\"https:\\\/\\\/secure.gravatar.com\\\/avatar\\\/d2c45b0fd6bf2d3e2670ab3d112257c24ac80fa960360bba1bdc0676485d1d09?s=96&d=mm&r=g\",\"caption\":\"SOR MARTA\"},\"url\":\"https:\\\/\\\/filles-de-la-charite.org\\\/pt-pt\\\/author\\\/martaemn\\\/\"}]}<\/script>\n<!-- \/ Yoast SEO plugin. -->","yoast_head_json":{"title":"Caminhando, juntas, fortalecendo a forma\u00e7\u00e3o na \u00c1sia - Filles de la Charit\u00e9","robots":{"index":"index","follow":"follow","max-snippet":"max-snippet:-1","max-image-preview":"max-image-preview:large","max-video-preview":"max-video-preview:-1"},"canonical":"https:\/\/filles-de-la-charite.org\/pt-pt\/caminando-juntas-fortaleciendo-la-formacion-en-asia\/","og_locale":"pt_PT","og_type":"article","og_title":"Caminhando, juntas, fortalecendo a forma\u00e7\u00e3o na \u00c1sia - Filles de la Charit\u00e9","og_description":"Entre os dias 2 e 11 de mar\u00e7o de 2025, mais de cinquenta Irm\u00e3s, Filhas da Caridade de S\u00e3o Vicente de Paulo, dos pa\u00edses asi\u00e1ticos reuniram-se em Pohsarang, Kediri, Java Oriental, Indon\u00e9sia, para o Encontro das Irm\u00e3s Formadoras Asi\u00e1ticas. O tema do encontro deste ano, foi &#8220;Caminhando, juntas, fortalecendo a forma\u00e7\u00e3o na \u00c1sia&#8221;, resumia perfeitamente [&hellip;]","og_url":"https:\/\/filles-de-la-charite.org\/pt-pt\/caminando-juntas-fortaleciendo-la-formacion-en-asia\/","og_site_name":"Filles de la Charit\u00e9","article_published_time":"2025-03-21T05:50:00+00:00","article_modified_time":"2025-03-22T08:48:43+00:00","og_image":[{"width":2560,"height":1440,"url":"https:\/\/filles-de-la-charite.org\/wp-content\/uploads\/2025\/03\/thumbnail-scaled.jpg","type":"image\/jpeg"}],"author":"SOR MARTA","twitter_card":"summary_large_image","twitter_misc":{"Escrito por":"SOR MARTA","Tempo estimado de leitura":"4 minutos"},"schema":{"@context":"https:\/\/schema.org","@graph":[{"@type":"Article","@id":"https:\/\/filles-de-la-charite.org\/pt-pt\/caminando-juntas-fortaleciendo-la-formacion-en-asia\/#article","isPartOf":{"@id":"https:\/\/filles-de-la-charite.org\/pt-pt\/caminando-juntas-fortaleciendo-la-formacion-en-asia\/"},"author":{"name":"SOR MARTA","@id":"https:\/\/filles-de-la-charite.org\/pt-pt\/#\/schema\/person\/0c922b6ca71280639858d297b3a7209f"},"headline":"Caminhando, juntas, fortalecendo a forma\u00e7\u00e3o na \u00c1sia","datePublished":"2025-03-21T05:50:00+00:00","dateModified":"2025-03-22T08:48:43+00:00","mainEntityOfPage":{"@id":"https:\/\/filles-de-la-charite.org\/pt-pt\/caminando-juntas-fortaleciendo-la-formacion-en-asia\/"},"wordCount":637,"publisher":{"@id":"https:\/\/filles-de-la-charite.org\/pt-pt\/#organization"},"image":{"@id":"https:\/\/filles-de-la-charite.org\/pt-pt\/caminando-juntas-fortaleciendo-la-formacion-en-asia\/#primaryimage"},"thumbnailUrl":"https:\/\/filles-de-la-charite.org\/wp-content\/uploads\/2025\/03\/thumbnail-scaled.jpg","articleSection":["\u00c1sia"],"inLanguage":"pt-PT"},{"@type":"WebPage","@id":"https:\/\/filles-de-la-charite.org\/pt-pt\/caminando-juntas-fortaleciendo-la-formacion-en-asia\/","url":"https:\/\/filles-de-la-charite.org\/pt-pt\/caminando-juntas-fortaleciendo-la-formacion-en-asia\/","name":"Caminhando, juntas, fortalecendo a forma\u00e7\u00e3o na \u00c1sia - Filles de la Charit\u00e9","isPartOf":{"@id":"https:\/\/filles-de-la-charite.org\/pt-pt\/#website"},"primaryImageOfPage":{"@id":"https:\/\/filles-de-la-charite.org\/pt-pt\/caminando-juntas-fortaleciendo-la-formacion-en-asia\/#primaryimage"},"image":{"@id":"https:\/\/filles-de-la-charite.org\/pt-pt\/caminando-juntas-fortaleciendo-la-formacion-en-asia\/#primaryimage"},"thumbnailUrl":"https:\/\/filles-de-la-charite.org\/wp-content\/uploads\/2025\/03\/thumbnail-scaled.jpg","datePublished":"2025-03-21T05:50:00+00:00","dateModified":"2025-03-22T08:48:43+00:00","breadcrumb":{"@id":"https:\/\/filles-de-la-charite.org\/pt-pt\/caminando-juntas-fortaleciendo-la-formacion-en-asia\/#breadcrumb"},"inLanguage":"pt-PT","potentialAction":[{"@type":"ReadAction","target":["https:\/\/filles-de-la-charite.org\/pt-pt\/caminando-juntas-fortaleciendo-la-formacion-en-asia\/"]}]},{"@type":"ImageObject","inLanguage":"pt-PT","@id":"https:\/\/filles-de-la-charite.org\/pt-pt\/caminando-juntas-fortaleciendo-la-formacion-en-asia\/#primaryimage","url":"https:\/\/filles-de-la-charite.org\/wp-content\/uploads\/2025\/03\/thumbnail-scaled.jpg","contentUrl":"https:\/\/filles-de-la-charite.org\/wp-content\/uploads\/2025\/03\/thumbnail-scaled.jpg","width":2560,"height":1440},{"@type":"BreadcrumbList","@id":"https:\/\/filles-de-la-charite.org\/pt-pt\/caminando-juntas-fortaleciendo-la-formacion-en-asia\/#breadcrumb","itemListElement":[{"@type":"ListItem","position":1,"name":"\u00c1sia","item":"https:\/\/filles-de-la-charite.org\/pt-pt\/category\/asia-pt-pt\/"},{"@type":"ListItem","position":2,"name":"Caminhando, juntas, fortalecendo a forma\u00e7\u00e3o na \u00c1sia"}]},{"@type":"WebSite","@id":"https:\/\/filles-de-la-charite.org\/pt-pt\/#website","url":"https:\/\/filles-de-la-charite.org\/pt-pt\/","name":"Hijas de la Caridad","description":"L\u2019amour de J\u00e9sus nous presse \u00e0 prendre soin des personnes les plus d\u00e9munies","publisher":{"@id":"https:\/\/filles-de-la-charite.org\/pt-pt\/#organization"},"potentialAction":[{"@type":"SearchAction","target":{"@type":"EntryPoint","urlTemplate":"https:\/\/filles-de-la-charite.org\/pt-pt\/?s={search_term_string}"},"query-input":{"@type":"PropertyValueSpecification","valueRequired":true,"valueName":"search_term_string"}}],"inLanguage":"pt-PT"},{"@type":"Organization","@id":"https:\/\/filles-de-la-charite.org\/pt-pt\/#organization","name":"Hijas de la Caridad","url":"https:\/\/filles-de-la-charite.org\/pt-pt\/","logo":{"@type":"ImageObject","inLanguage":"pt-PT","@id":"https:\/\/filles-de-la-charite.org\/pt-pt\/#\/schema\/logo\/image\/","url":"https:\/\/filles-de-la-charite.org\/wp-content\/uploads\/2023\/03\/isotipo-Hijas-de-la-Caridad.png","contentUrl":"https:\/\/filles-de-la-charite.org\/wp-content\/uploads\/2023\/03\/isotipo-Hijas-de-la-Caridad.png","width":1417,"height":1417,"caption":"Hijas de la Caridad"},"image":{"@id":"https:\/\/filles-de-la-charite.org\/pt-pt\/#\/schema\/logo\/image\/"}},{"@type":"Person","@id":"https:\/\/filles-de-la-charite.org\/pt-pt\/#\/schema\/person\/0c922b6ca71280639858d297b3a7209f","name":"SOR MARTA","image":{"@type":"ImageObject","inLanguage":"pt-PT","@id":"https:\/\/secure.gravatar.com\/avatar\/d2c45b0fd6bf2d3e2670ab3d112257c24ac80fa960360bba1bdc0676485d1d09?s=96&d=mm&r=g","url":"https:\/\/secure.gravatar.com\/avatar\/d2c45b0fd6bf2d3e2670ab3d112257c24ac80fa960360bba1bdc0676485d1d09?s=96&d=mm&r=g","contentUrl":"https:\/\/secure.gravatar.com\/avatar\/d2c45b0fd6bf2d3e2670ab3d112257c24ac80fa960360bba1bdc0676485d1d09?s=96&d=mm&r=g","caption":"SOR MARTA"},"url":"https:\/\/filles-de-la-charite.org\/pt-pt\/author\/martaemn\/"}]}},"_links":{"self":[{"href":"https:\/\/filles-de-la-charite.org\/pt-pt\/wp-json\/wp\/v2\/posts\/42374","targetHints":{"allow":["GET"]}}],"collection":[{"href":"https:\/\/filles-de-la-charite.org\/pt-pt\/wp-json\/wp\/v2\/posts"}],"about":[{"href":"https:\/\/filles-de-la-charite.org\/pt-pt\/wp-json\/wp\/v2\/types\/post"}],"author":[{"embeddable":true,"href":"https:\/\/filles-de-la-charite.org\/pt-pt\/wp-json\/wp\/v2\/users\/5"}],"replies":[{"embeddable":true,"href":"https:\/\/filles-de-la-charite.org\/pt-pt\/wp-json\/wp\/v2\/comments?post=42374"}],"version-history":[{"count":4,"href":"https:\/\/filles-de-la-charite.org\/pt-pt\/wp-json\/wp\/v2\/posts\/42374\/revisions"}],"predecessor-version":[{"id":42409,"href":"https:\/\/filles-de-la-charite.org\/pt-pt\/wp-json\/wp\/v2\/posts\/42374\/revisions\/42409"}],"wp:featuredmedia":[{"embeddable":true,"href":"https:\/\/filles-de-la-charite.org\/pt-pt\/wp-json\/wp\/v2\/media\/42345"}],"wp:attachment":[{"href":"https:\/\/filles-de-la-charite.org\/pt-pt\/wp-json\/wp\/v2\/media?parent=42374"}],"wp:term":[{"taxonomy":"category","embeddable":true,"href":"https:\/\/filles-de-la-charite.org\/pt-pt\/wp-json\/wp\/v2\/categories?post=42374"},{"taxonomy":"post_tag","embeddable":true,"href":"https:\/\/filles-de-la-charite.org\/pt-pt\/wp-json\/wp\/v2\/tags?post=42374"}],"curies":[{"name":"wp","href":"https:\/\/api.w.org\/{rel}","templated":true}]}}