{"id":42541,"date":"2025-04-10T20:56:00","date_gmt":"2025-04-10T18:56:00","guid":{"rendered":"https:\/\/filles-de-la-charite.org\/?p=42541"},"modified":"2025-04-10T20:42:20","modified_gmt":"2025-04-10T18:42:20","slug":"iniciativa-impulsada-por-la-comunidad-para-plantar-100-millones-de-arboles-autoctonos-irlandeses-en-toda-irlanda","status":"publish","type":"post","link":"https:\/\/filles-de-la-charite.org\/pt-pt\/iniciativa-impulsada-por-la-comunidad-para-plantar-100-millones-de-arboles-autoctonos-irlandeses-en-toda-irlanda\/","title":{"rendered":"A Irlanda caminha para um futuro mais verde com 100 milh\u00f5es de \u00e1rvores nativas atrav\u00e9s de iniciativas comunit\u00e1rias!"},"content":{"rendered":"\n<p>A Irlanda est\u00e1 prestes a testemunhar uma transforma\u00e7\u00e3o ambiental hist\u00f3rica com o <strong>projeto \u201c100 Milh\u00f5es de \u00c1rvores\u201d<\/strong>, uma iniciativa que visa plantar 100 milh\u00f5es de \u00e1rvores nativas em todo o pa\u00eds ao longo da pr\u00f3xima d\u00e9cada. Liderado por Richard, David e Tina Mulcahy, o projeto tem como objetivo aumentar a quantidade de \u00e1rvores, revitalizar a biodiversidade e combater as emiss\u00f5es de carbono, ajudando a construir um planeta mais saud\u00e1vel para as gera\u00e7\u00f5es futuras.<\/p>\n\n\n\n<figure class=\"wp-block-image aligncenter size-full\"><img loading=\"lazy\" decoding=\"async\" width=\"602\" height=\"342\" src=\"https:\/\/filles-de-la-charite.org\/wp-content\/uploads\/2025\/04\/Imagen1.png\" alt=\"\" class=\"wp-image-42523\" srcset=\"https:\/\/filles-de-la-charite.org\/wp-content\/uploads\/2025\/04\/Imagen1.png 602w, https:\/\/filles-de-la-charite.org\/wp-content\/uploads\/2025\/04\/Imagen1-480x273.png 480w\" sizes=\"(min-width: 0px) and (max-width: 480px) 480px, (min-width: 481px) 602px, 100vw\" \/><\/figure>\n\n\n\n<p>No \u00faltimo dia <strong>19 de mar\u00e7o de 2025<\/strong>, uma etapa significativa do projeto foi iniciada: o plantio de <strong>duas mil e quinhentas \u00e1rvores<\/strong> em pequenos bosques em locais como <strong>St. Catherines, Dunardagh, Temple Hill e Blackrock, em Dublin<\/strong>, com o apoio fundamental do patrocinador <strong>UNIPHAR<\/strong>. \u00c1rvores nativas como Aveleira, Carvalho, Sorveira-Brava e Cereja Silvestre trouxeram vida nova a estas \u00e1reas.<\/p>\n\n\n\n<p>Para potencializar esse impacto ambiental, o projeto utiliza o revolucion\u00e1rio <strong>m\u00e9todo Miyawaki<\/strong>, desenvolvido pelo bot\u00e2nico japon\u00eas <strong>Akira Miyawaki<\/strong>. Essa t\u00e9cnica, que promove o r\u00e1pido crescimento de \u00e1rvores e transforma terrenos pequenos em o\u00e1sis verdes que fortalecem a biodiversidade e funcionam como sumidouros de carbono. \u00c9 uma esperan\u00e7a para restaurar ecossistemas degradados e transformar espa\u00e7os urbanos em o\u00e1sis verdes.<\/p>\n\n\n\n<figure class=\"wp-block-image aligncenter size-full\"><img loading=\"lazy\" decoding=\"async\" width=\"602\" height=\"342\" src=\"https:\/\/filles-de-la-charite.org\/wp-content\/uploads\/2025\/04\/Imagen2.png\" alt=\"\" class=\"wp-image-42529\" srcset=\"https:\/\/filles-de-la-charite.org\/wp-content\/uploads\/2025\/04\/Imagen2.png 602w, https:\/\/filles-de-la-charite.org\/wp-content\/uploads\/2025\/04\/Imagen2-480x273.png 480w\" sizes=\"(min-width: 0px) and (max-width: 480px) 480px, (min-width: 481px) 602px, 100vw\" \/><\/figure>\n\n\n\n<p>O papel das <strong>Filhas da Caridade<\/strong> nesta iniciativa merece destaque especial. Sua dedica\u00e7\u00e3o \u00e0 causa ambiental \u00e9 inspiradora, e sua contribui\u00e7\u00e3o foi essencial no plantio de um mini bosque no cora\u00e7\u00e3o de <strong>Blackrock<\/strong>. Com entusiasmo contagiante, a <strong>Irm\u00e3 Eileen<\/strong> liderou a participa\u00e7\u00e3o, juntamente com as <strong>Irm\u00e3s Marie, Olivia, Eil\u00eds, Mary W, Bernadette, Christina, Anna, Geraldine e \u00c1ine MacNamara, <\/strong>al\u00e9m das Irm\u00e3s<strong> de Dunardagh e Laboure House<\/strong>, cujas a\u00e7\u00f5es e ora\u00e7\u00f5es deram for\u00e7a ao projeto. Este trabalho n\u00e3o s\u00f3 refor\u00e7a a import\u00e2ncia de a\u00e7\u00f5es comunit\u00e1rias, mas tamb\u00e9m une f\u00e9 e sustentabilidade em prol de um bem maior.<\/p>\n\n\n\n<figure class=\"wp-block-image aligncenter size-full\"><img loading=\"lazy\" decoding=\"async\" width=\"602\" height=\"333\" src=\"https:\/\/filles-de-la-charite.org\/wp-content\/uploads\/2025\/04\/Imagen3.png\" alt=\"\" class=\"wp-image-42517\" srcset=\"https:\/\/filles-de-la-charite.org\/wp-content\/uploads\/2025\/04\/Imagen3.png 602w, https:\/\/filles-de-la-charite.org\/wp-content\/uploads\/2025\/04\/Imagen3-480x266.png 480w\" sizes=\"(min-width: 0px) and (max-width: 480px) 480px, (min-width: 481px) 602px, 100vw\" \/><\/figure>\n\n\n\n<p>A boa not\u00edcia? Qualquer pessoa pode participar! Se voc\u00ea tiver um terreno de \u00bc de acre, o projeto oferece \u00e1rvores e suporte para criar seu pr\u00f3prio mini bosque gratuitamente. N\u00e3o perca a chance de fazer parte dessa iniciativa, acesse o site <a href=\"https:\/\/100milliontreesproject.ie\/sites\/\">https:\/\/100milliontreesproject.ie\/sites\/<\/a> para mais informa\u00e7\u00f5es.<\/p>\n\n\n\n<p>Por fim, um reconhecimento especial vai para as Filhas da Caridade e todos os envolvidos no plantio em Blackrock. Este gesto \u00e9 um passo essencial na luta contra as mudan\u00e7as clim\u00e1ticas, e com certeza inspirar\u00e1 muitas outras comunidades!<\/p>\n\n\n\n<p>Vamos celebrar a uni\u00e3o de f\u00e9, comunidade e sustentabilidade no caminho para um futuro mais verde.<\/p>\n\n\n\n<figure class=\"wp-block-embed aligncenter is-type-video is-provider-youtube wp-block-embed-youtube wp-embed-aspect-16-9 wp-has-aspect-ratio\"><div class=\"wp-block-embed__wrapper\">\n<iframe loading=\"lazy\" title=\"Daughters of Charity Blackrock plant a mini-forest\" width=\"1080\" height=\"608\" src=\"https:\/\/www.youtube.com\/embed\/oUsqwJeJW2w?feature=oembed\"  allow=\"accelerometer; autoplay; clipboard-write; encrypted-media; gyroscope; picture-in-picture; web-share\" referrerpolicy=\"strict-origin-when-cross-origin\" allowfullscreen><\/iframe>\n<\/div><\/figure>\n","protected":false},"excerpt":{"rendered":"<p>A Irlanda est\u00e1 prestes a testemunhar uma transforma\u00e7\u00e3o ambiental hist\u00f3rica com o projeto \u201c100 Milh\u00f5es de \u00c1rvores\u201d, uma iniciativa que visa plantar 100 milh\u00f5es de \u00e1rvores nativas em todo o pa\u00eds ao longo da pr\u00f3xima d\u00e9cada. Liderado por Richard, David e Tina Mulcahy, o projeto tem como objetivo aumentar a quantidade de \u00e1rvores, revitalizar a [&hellip;]<\/p>\n","protected":false},"author":5,"featured_media":42516,"comment_status":"closed","ping_status":"closed","sticky":false,"template":"","format":"standard","meta":{"_acf_changed":false,"_et_pb_use_builder":"","_et_pb_old_content":"","_et_gb_content_width":"","footnotes":"","_links_to":"","_links_to_target":""},"categories":[606],"tags":[],"class_list":["post-42541","post","type-post","status-publish","format-standard","has-post-thumbnail","hentry","category-irlanda-pt-pt"],"acf":[],"yoast_head":"<!-- This site is optimized with the Yoast SEO plugin v27.5 - https:\/\/yoast.com\/product\/yoast-seo-wordpress\/ -->\n<title>A Irlanda caminha para um futuro mais verde com 100 milh\u00f5es de \u00e1rvores nativas atrav\u00e9s de iniciativas comunit\u00e1rias! - Filles de la Charit\u00e9<\/title>\n<meta name=\"robots\" content=\"index, follow, max-snippet:-1, max-image-preview:large, max-video-preview:-1\" \/>\n<link rel=\"canonical\" href=\"https:\/\/filles-de-la-charite.org\/pt-pt\/iniciativa-impulsada-por-la-comunidad-para-plantar-100-millones-de-arboles-autoctonos-irlandeses-en-toda-irlanda\/\" \/>\n<meta property=\"og:locale\" content=\"pt_PT\" \/>\n<meta property=\"og:type\" content=\"article\" \/>\n<meta property=\"og:title\" content=\"A Irlanda caminha para um futuro mais verde com 100 milh\u00f5es de \u00e1rvores nativas atrav\u00e9s de iniciativas comunit\u00e1rias! - Filles de la Charit\u00e9\" \/>\n<meta property=\"og:description\" content=\"A Irlanda est\u00e1 prestes a testemunhar uma transforma\u00e7\u00e3o ambiental hist\u00f3rica com o projeto \u201c100 Milh\u00f5es de \u00c1rvores\u201d, uma iniciativa que visa plantar 100 milh\u00f5es de \u00e1rvores nativas em todo o pa\u00eds ao longo da pr\u00f3xima d\u00e9cada. Liderado por Richard, David e Tina Mulcahy, o projeto tem como objetivo aumentar a quantidade de \u00e1rvores, revitalizar a [&hellip;]\" \/>\n<meta property=\"og:url\" content=\"https:\/\/filles-de-la-charite.org\/pt-pt\/iniciativa-impulsada-por-la-comunidad-para-plantar-100-millones-de-arboles-autoctonos-irlandeses-en-toda-irlanda\/\" \/>\n<meta property=\"og:site_name\" content=\"Filles de la Charit\u00e9\" \/>\n<meta property=\"article:published_time\" content=\"2025-04-10T18:56:00+00:00\" \/>\n<meta property=\"og:image\" content=\"https:\/\/filles-de-la-charite.org\/wp-content\/uploads\/2025\/04\/thumbnail-news-Ireland-scaled.jpg\" \/>\n\t<meta property=\"og:image:width\" content=\"2560\" \/>\n\t<meta property=\"og:image:height\" content=\"1440\" \/>\n\t<meta property=\"og:image:type\" content=\"image\/jpeg\" \/>\n<meta name=\"author\" content=\"SOR MARTA\" \/>\n<meta name=\"twitter:card\" content=\"summary_large_image\" \/>\n<meta name=\"twitter:label1\" content=\"Escrito por\" \/>\n\t<meta name=\"twitter:data1\" content=\"SOR MARTA\" \/>\n\t<meta name=\"twitter:label2\" content=\"Tempo estimado de leitura\" \/>\n\t<meta name=\"twitter:data2\" content=\"3 minutos\" \/>\n<script type=\"application\/ld+json\" class=\"yoast-schema-graph\">{\"@context\":\"https:\\\/\\\/schema.org\",\"@graph\":[{\"@type\":\"Article\",\"@id\":\"https:\\\/\\\/filles-de-la-charite.org\\\/pt-pt\\\/iniciativa-impulsada-por-la-comunidad-para-plantar-100-millones-de-arboles-autoctonos-irlandeses-en-toda-irlanda\\\/#article\",\"isPartOf\":{\"@id\":\"https:\\\/\\\/filles-de-la-charite.org\\\/pt-pt\\\/iniciativa-impulsada-por-la-comunidad-para-plantar-100-millones-de-arboles-autoctonos-irlandeses-en-toda-irlanda\\\/\"},\"author\":{\"name\":\"SOR MARTA\",\"@id\":\"https:\\\/\\\/filles-de-la-charite.org\\\/pt-pt\\\/#\\\/schema\\\/person\\\/0c922b6ca71280639858d297b3a7209f\"},\"headline\":\"A Irlanda caminha para um futuro mais verde com 100 milh\u00f5es de \u00e1rvores nativas atrav\u00e9s de iniciativas comunit\u00e1rias!\",\"datePublished\":\"2025-04-10T18:56:00+00:00\",\"mainEntityOfPage\":{\"@id\":\"https:\\\/\\\/filles-de-la-charite.org\\\/pt-pt\\\/iniciativa-impulsada-por-la-comunidad-para-plantar-100-millones-de-arboles-autoctonos-irlandeses-en-toda-irlanda\\\/\"},\"wordCount\":453,\"publisher\":{\"@id\":\"https:\\\/\\\/filles-de-la-charite.org\\\/pt-pt\\\/#organization\"},\"image\":{\"@id\":\"https:\\\/\\\/filles-de-la-charite.org\\\/pt-pt\\\/iniciativa-impulsada-por-la-comunidad-para-plantar-100-millones-de-arboles-autoctonos-irlandeses-en-toda-irlanda\\\/#primaryimage\"},\"thumbnailUrl\":\"https:\\\/\\\/filles-de-la-charite.org\\\/wp-content\\\/uploads\\\/2025\\\/04\\\/thumbnail-news-Ireland-scaled.jpg\",\"articleSection\":[\"Irlanda\"],\"inLanguage\":\"pt-PT\"},{\"@type\":\"WebPage\",\"@id\":\"https:\\\/\\\/filles-de-la-charite.org\\\/pt-pt\\\/iniciativa-impulsada-por-la-comunidad-para-plantar-100-millones-de-arboles-autoctonos-irlandeses-en-toda-irlanda\\\/\",\"url\":\"https:\\\/\\\/filles-de-la-charite.org\\\/pt-pt\\\/iniciativa-impulsada-por-la-comunidad-para-plantar-100-millones-de-arboles-autoctonos-irlandeses-en-toda-irlanda\\\/\",\"name\":\"A Irlanda caminha para um futuro mais verde com 100 milh\u00f5es de \u00e1rvores nativas atrav\u00e9s de iniciativas comunit\u00e1rias! - Filles de la Charit\u00e9\",\"isPartOf\":{\"@id\":\"https:\\\/\\\/filles-de-la-charite.org\\\/pt-pt\\\/#website\"},\"primaryImageOfPage\":{\"@id\":\"https:\\\/\\\/filles-de-la-charite.org\\\/pt-pt\\\/iniciativa-impulsada-por-la-comunidad-para-plantar-100-millones-de-arboles-autoctonos-irlandeses-en-toda-irlanda\\\/#primaryimage\"},\"image\":{\"@id\":\"https:\\\/\\\/filles-de-la-charite.org\\\/pt-pt\\\/iniciativa-impulsada-por-la-comunidad-para-plantar-100-millones-de-arboles-autoctonos-irlandeses-en-toda-irlanda\\\/#primaryimage\"},\"thumbnailUrl\":\"https:\\\/\\\/filles-de-la-charite.org\\\/wp-content\\\/uploads\\\/2025\\\/04\\\/thumbnail-news-Ireland-scaled.jpg\",\"datePublished\":\"2025-04-10T18:56:00+00:00\",\"breadcrumb\":{\"@id\":\"https:\\\/\\\/filles-de-la-charite.org\\\/pt-pt\\\/iniciativa-impulsada-por-la-comunidad-para-plantar-100-millones-de-arboles-autoctonos-irlandeses-en-toda-irlanda\\\/#breadcrumb\"},\"inLanguage\":\"pt-PT\",\"potentialAction\":[{\"@type\":\"ReadAction\",\"target\":[\"https:\\\/\\\/filles-de-la-charite.org\\\/pt-pt\\\/iniciativa-impulsada-por-la-comunidad-para-plantar-100-millones-de-arboles-autoctonos-irlandeses-en-toda-irlanda\\\/\"]}]},{\"@type\":\"ImageObject\",\"inLanguage\":\"pt-PT\",\"@id\":\"https:\\\/\\\/filles-de-la-charite.org\\\/pt-pt\\\/iniciativa-impulsada-por-la-comunidad-para-plantar-100-millones-de-arboles-autoctonos-irlandeses-en-toda-irlanda\\\/#primaryimage\",\"url\":\"https:\\\/\\\/filles-de-la-charite.org\\\/wp-content\\\/uploads\\\/2025\\\/04\\\/thumbnail-news-Ireland-scaled.jpg\",\"contentUrl\":\"https:\\\/\\\/filles-de-la-charite.org\\\/wp-content\\\/uploads\\\/2025\\\/04\\\/thumbnail-news-Ireland-scaled.jpg\",\"width\":2560,\"height\":1440},{\"@type\":\"BreadcrumbList\",\"@id\":\"https:\\\/\\\/filles-de-la-charite.org\\\/pt-pt\\\/iniciativa-impulsada-por-la-comunidad-para-plantar-100-millones-de-arboles-autoctonos-irlandeses-en-toda-irlanda\\\/#breadcrumb\",\"itemListElement\":[{\"@type\":\"ListItem\",\"position\":1,\"name\":\"Irlanda\",\"item\":\"https:\\\/\\\/filles-de-la-charite.org\\\/pt-pt\\\/category\\\/irlanda-pt-pt\\\/\"},{\"@type\":\"ListItem\",\"position\":2,\"name\":\"A Irlanda caminha para um futuro mais verde com 100 milh\u00f5es de \u00e1rvores nativas atrav\u00e9s de iniciativas comunit\u00e1rias!\"}]},{\"@type\":\"WebSite\",\"@id\":\"https:\\\/\\\/filles-de-la-charite.org\\\/pt-pt\\\/#website\",\"url\":\"https:\\\/\\\/filles-de-la-charite.org\\\/pt-pt\\\/\",\"name\":\"Hijas de la Caridad\",\"description\":\"L\u2019amour de J\u00e9sus nous presse \u00e0 prendre soin des personnes les plus d\u00e9munies\",\"publisher\":{\"@id\":\"https:\\\/\\\/filles-de-la-charite.org\\\/pt-pt\\\/#organization\"},\"potentialAction\":[{\"@type\":\"SearchAction\",\"target\":{\"@type\":\"EntryPoint\",\"urlTemplate\":\"https:\\\/\\\/filles-de-la-charite.org\\\/pt-pt\\\/?s={search_term_string}\"},\"query-input\":{\"@type\":\"PropertyValueSpecification\",\"valueRequired\":true,\"valueName\":\"search_term_string\"}}],\"inLanguage\":\"pt-PT\"},{\"@type\":\"Organization\",\"@id\":\"https:\\\/\\\/filles-de-la-charite.org\\\/pt-pt\\\/#organization\",\"name\":\"Hijas de la Caridad\",\"url\":\"https:\\\/\\\/filles-de-la-charite.org\\\/pt-pt\\\/\",\"logo\":{\"@type\":\"ImageObject\",\"inLanguage\":\"pt-PT\",\"@id\":\"https:\\\/\\\/filles-de-la-charite.org\\\/pt-pt\\\/#\\\/schema\\\/logo\\\/image\\\/\",\"url\":\"https:\\\/\\\/filles-de-la-charite.org\\\/wp-content\\\/uploads\\\/2023\\\/03\\\/isotipo-Hijas-de-la-Caridad.png\",\"contentUrl\":\"https:\\\/\\\/filles-de-la-charite.org\\\/wp-content\\\/uploads\\\/2023\\\/03\\\/isotipo-Hijas-de-la-Caridad.png\",\"width\":1417,\"height\":1417,\"caption\":\"Hijas de la Caridad\"},\"image\":{\"@id\":\"https:\\\/\\\/filles-de-la-charite.org\\\/pt-pt\\\/#\\\/schema\\\/logo\\\/image\\\/\"}},{\"@type\":\"Person\",\"@id\":\"https:\\\/\\\/filles-de-la-charite.org\\\/pt-pt\\\/#\\\/schema\\\/person\\\/0c922b6ca71280639858d297b3a7209f\",\"name\":\"SOR MARTA\",\"image\":{\"@type\":\"ImageObject\",\"inLanguage\":\"pt-PT\",\"@id\":\"https:\\\/\\\/secure.gravatar.com\\\/avatar\\\/d2c45b0fd6bf2d3e2670ab3d112257c24ac80fa960360bba1bdc0676485d1d09?s=96&d=mm&r=g\",\"url\":\"https:\\\/\\\/secure.gravatar.com\\\/avatar\\\/d2c45b0fd6bf2d3e2670ab3d112257c24ac80fa960360bba1bdc0676485d1d09?s=96&d=mm&r=g\",\"contentUrl\":\"https:\\\/\\\/secure.gravatar.com\\\/avatar\\\/d2c45b0fd6bf2d3e2670ab3d112257c24ac80fa960360bba1bdc0676485d1d09?s=96&d=mm&r=g\",\"caption\":\"SOR MARTA\"},\"url\":\"https:\\\/\\\/filles-de-la-charite.org\\\/pt-pt\\\/author\\\/martaemn\\\/\"}]}<\/script>\n<!-- \/ Yoast SEO plugin. -->","yoast_head_json":{"title":"A Irlanda caminha para um futuro mais verde com 100 milh\u00f5es de \u00e1rvores nativas atrav\u00e9s de iniciativas comunit\u00e1rias! - Filles de la Charit\u00e9","robots":{"index":"index","follow":"follow","max-snippet":"max-snippet:-1","max-image-preview":"max-image-preview:large","max-video-preview":"max-video-preview:-1"},"canonical":"https:\/\/filles-de-la-charite.org\/pt-pt\/iniciativa-impulsada-por-la-comunidad-para-plantar-100-millones-de-arboles-autoctonos-irlandeses-en-toda-irlanda\/","og_locale":"pt_PT","og_type":"article","og_title":"A Irlanda caminha para um futuro mais verde com 100 milh\u00f5es de \u00e1rvores nativas atrav\u00e9s de iniciativas comunit\u00e1rias! - Filles de la Charit\u00e9","og_description":"A Irlanda est\u00e1 prestes a testemunhar uma transforma\u00e7\u00e3o ambiental hist\u00f3rica com o projeto \u201c100 Milh\u00f5es de \u00c1rvores\u201d, uma iniciativa que visa plantar 100 milh\u00f5es de \u00e1rvores nativas em todo o pa\u00eds ao longo da pr\u00f3xima d\u00e9cada. Liderado por Richard, David e Tina Mulcahy, o projeto tem como objetivo aumentar a quantidade de \u00e1rvores, revitalizar a [&hellip;]","og_url":"https:\/\/filles-de-la-charite.org\/pt-pt\/iniciativa-impulsada-por-la-comunidad-para-plantar-100-millones-de-arboles-autoctonos-irlandeses-en-toda-irlanda\/","og_site_name":"Filles de la Charit\u00e9","article_published_time":"2025-04-10T18:56:00+00:00","og_image":[{"width":2560,"height":1440,"url":"https:\/\/filles-de-la-charite.org\/wp-content\/uploads\/2025\/04\/thumbnail-news-Ireland-scaled.jpg","type":"image\/jpeg"}],"author":"SOR MARTA","twitter_card":"summary_large_image","twitter_misc":{"Escrito por":"SOR MARTA","Tempo estimado de leitura":"3 minutos"},"schema":{"@context":"https:\/\/schema.org","@graph":[{"@type":"Article","@id":"https:\/\/filles-de-la-charite.org\/pt-pt\/iniciativa-impulsada-por-la-comunidad-para-plantar-100-millones-de-arboles-autoctonos-irlandeses-en-toda-irlanda\/#article","isPartOf":{"@id":"https:\/\/filles-de-la-charite.org\/pt-pt\/iniciativa-impulsada-por-la-comunidad-para-plantar-100-millones-de-arboles-autoctonos-irlandeses-en-toda-irlanda\/"},"author":{"name":"SOR MARTA","@id":"https:\/\/filles-de-la-charite.org\/pt-pt\/#\/schema\/person\/0c922b6ca71280639858d297b3a7209f"},"headline":"A Irlanda caminha para um futuro mais verde com 100 milh\u00f5es de \u00e1rvores nativas atrav\u00e9s de iniciativas comunit\u00e1rias!","datePublished":"2025-04-10T18:56:00+00:00","mainEntityOfPage":{"@id":"https:\/\/filles-de-la-charite.org\/pt-pt\/iniciativa-impulsada-por-la-comunidad-para-plantar-100-millones-de-arboles-autoctonos-irlandeses-en-toda-irlanda\/"},"wordCount":453,"publisher":{"@id":"https:\/\/filles-de-la-charite.org\/pt-pt\/#organization"},"image":{"@id":"https:\/\/filles-de-la-charite.org\/pt-pt\/iniciativa-impulsada-por-la-comunidad-para-plantar-100-millones-de-arboles-autoctonos-irlandeses-en-toda-irlanda\/#primaryimage"},"thumbnailUrl":"https:\/\/filles-de-la-charite.org\/wp-content\/uploads\/2025\/04\/thumbnail-news-Ireland-scaled.jpg","articleSection":["Irlanda"],"inLanguage":"pt-PT"},{"@type":"WebPage","@id":"https:\/\/filles-de-la-charite.org\/pt-pt\/iniciativa-impulsada-por-la-comunidad-para-plantar-100-millones-de-arboles-autoctonos-irlandeses-en-toda-irlanda\/","url":"https:\/\/filles-de-la-charite.org\/pt-pt\/iniciativa-impulsada-por-la-comunidad-para-plantar-100-millones-de-arboles-autoctonos-irlandeses-en-toda-irlanda\/","name":"A Irlanda caminha para um futuro mais verde com 100 milh\u00f5es de \u00e1rvores nativas atrav\u00e9s de iniciativas comunit\u00e1rias! - Filles de la Charit\u00e9","isPartOf":{"@id":"https:\/\/filles-de-la-charite.org\/pt-pt\/#website"},"primaryImageOfPage":{"@id":"https:\/\/filles-de-la-charite.org\/pt-pt\/iniciativa-impulsada-por-la-comunidad-para-plantar-100-millones-de-arboles-autoctonos-irlandeses-en-toda-irlanda\/#primaryimage"},"image":{"@id":"https:\/\/filles-de-la-charite.org\/pt-pt\/iniciativa-impulsada-por-la-comunidad-para-plantar-100-millones-de-arboles-autoctonos-irlandeses-en-toda-irlanda\/#primaryimage"},"thumbnailUrl":"https:\/\/filles-de-la-charite.org\/wp-content\/uploads\/2025\/04\/thumbnail-news-Ireland-scaled.jpg","datePublished":"2025-04-10T18:56:00+00:00","breadcrumb":{"@id":"https:\/\/filles-de-la-charite.org\/pt-pt\/iniciativa-impulsada-por-la-comunidad-para-plantar-100-millones-de-arboles-autoctonos-irlandeses-en-toda-irlanda\/#breadcrumb"},"inLanguage":"pt-PT","potentialAction":[{"@type":"ReadAction","target":["https:\/\/filles-de-la-charite.org\/pt-pt\/iniciativa-impulsada-por-la-comunidad-para-plantar-100-millones-de-arboles-autoctonos-irlandeses-en-toda-irlanda\/"]}]},{"@type":"ImageObject","inLanguage":"pt-PT","@id":"https:\/\/filles-de-la-charite.org\/pt-pt\/iniciativa-impulsada-por-la-comunidad-para-plantar-100-millones-de-arboles-autoctonos-irlandeses-en-toda-irlanda\/#primaryimage","url":"https:\/\/filles-de-la-charite.org\/wp-content\/uploads\/2025\/04\/thumbnail-news-Ireland-scaled.jpg","contentUrl":"https:\/\/filles-de-la-charite.org\/wp-content\/uploads\/2025\/04\/thumbnail-news-Ireland-scaled.jpg","width":2560,"height":1440},{"@type":"BreadcrumbList","@id":"https:\/\/filles-de-la-charite.org\/pt-pt\/iniciativa-impulsada-por-la-comunidad-para-plantar-100-millones-de-arboles-autoctonos-irlandeses-en-toda-irlanda\/#breadcrumb","itemListElement":[{"@type":"ListItem","position":1,"name":"Irlanda","item":"https:\/\/filles-de-la-charite.org\/pt-pt\/category\/irlanda-pt-pt\/"},{"@type":"ListItem","position":2,"name":"A Irlanda caminha para um futuro mais verde com 100 milh\u00f5es de \u00e1rvores nativas atrav\u00e9s de iniciativas comunit\u00e1rias!"}]},{"@type":"WebSite","@id":"https:\/\/filles-de-la-charite.org\/pt-pt\/#website","url":"https:\/\/filles-de-la-charite.org\/pt-pt\/","name":"Hijas de la Caridad","description":"L\u2019amour de J\u00e9sus nous presse \u00e0 prendre soin des personnes les plus d\u00e9munies","publisher":{"@id":"https:\/\/filles-de-la-charite.org\/pt-pt\/#organization"},"potentialAction":[{"@type":"SearchAction","target":{"@type":"EntryPoint","urlTemplate":"https:\/\/filles-de-la-charite.org\/pt-pt\/?s={search_term_string}"},"query-input":{"@type":"PropertyValueSpecification","valueRequired":true,"valueName":"search_term_string"}}],"inLanguage":"pt-PT"},{"@type":"Organization","@id":"https:\/\/filles-de-la-charite.org\/pt-pt\/#organization","name":"Hijas de la Caridad","url":"https:\/\/filles-de-la-charite.org\/pt-pt\/","logo":{"@type":"ImageObject","inLanguage":"pt-PT","@id":"https:\/\/filles-de-la-charite.org\/pt-pt\/#\/schema\/logo\/image\/","url":"https:\/\/filles-de-la-charite.org\/wp-content\/uploads\/2023\/03\/isotipo-Hijas-de-la-Caridad.png","contentUrl":"https:\/\/filles-de-la-charite.org\/wp-content\/uploads\/2023\/03\/isotipo-Hijas-de-la-Caridad.png","width":1417,"height":1417,"caption":"Hijas de la Caridad"},"image":{"@id":"https:\/\/filles-de-la-charite.org\/pt-pt\/#\/schema\/logo\/image\/"}},{"@type":"Person","@id":"https:\/\/filles-de-la-charite.org\/pt-pt\/#\/schema\/person\/0c922b6ca71280639858d297b3a7209f","name":"SOR MARTA","image":{"@type":"ImageObject","inLanguage":"pt-PT","@id":"https:\/\/secure.gravatar.com\/avatar\/d2c45b0fd6bf2d3e2670ab3d112257c24ac80fa960360bba1bdc0676485d1d09?s=96&d=mm&r=g","url":"https:\/\/secure.gravatar.com\/avatar\/d2c45b0fd6bf2d3e2670ab3d112257c24ac80fa960360bba1bdc0676485d1d09?s=96&d=mm&r=g","contentUrl":"https:\/\/secure.gravatar.com\/avatar\/d2c45b0fd6bf2d3e2670ab3d112257c24ac80fa960360bba1bdc0676485d1d09?s=96&d=mm&r=g","caption":"SOR MARTA"},"url":"https:\/\/filles-de-la-charite.org\/pt-pt\/author\/martaemn\/"}]}},"_links":{"self":[{"href":"https:\/\/filles-de-la-charite.org\/pt-pt\/wp-json\/wp\/v2\/posts\/42541","targetHints":{"allow":["GET"]}}],"collection":[{"href":"https:\/\/filles-de-la-charite.org\/pt-pt\/wp-json\/wp\/v2\/posts"}],"about":[{"href":"https:\/\/filles-de-la-charite.org\/pt-pt\/wp-json\/wp\/v2\/types\/post"}],"author":[{"embeddable":true,"href":"https:\/\/filles-de-la-charite.org\/pt-pt\/wp-json\/wp\/v2\/users\/5"}],"replies":[{"embeddable":true,"href":"https:\/\/filles-de-la-charite.org\/pt-pt\/wp-json\/wp\/v2\/comments?post=42541"}],"version-history":[{"count":2,"href":"https:\/\/filles-de-la-charite.org\/pt-pt\/wp-json\/wp\/v2\/posts\/42541\/revisions"}],"predecessor-version":[{"id":42553,"href":"https:\/\/filles-de-la-charite.org\/pt-pt\/wp-json\/wp\/v2\/posts\/42541\/revisions\/42553"}],"wp:featuredmedia":[{"embeddable":true,"href":"https:\/\/filles-de-la-charite.org\/pt-pt\/wp-json\/wp\/v2\/media\/42516"}],"wp:attachment":[{"href":"https:\/\/filles-de-la-charite.org\/pt-pt\/wp-json\/wp\/v2\/media?parent=42541"}],"wp:term":[{"taxonomy":"category","embeddable":true,"href":"https:\/\/filles-de-la-charite.org\/pt-pt\/wp-json\/wp\/v2\/categories?post=42541"},{"taxonomy":"post_tag","embeddable":true,"href":"https:\/\/filles-de-la-charite.org\/pt-pt\/wp-json\/wp\/v2\/tags?post=42541"}],"curies":[{"name":"wp","href":"https:\/\/api.w.org\/{rel}","templated":true}]}}