{"id":43888,"date":"2025-06-21T01:35:00","date_gmt":"2025-06-20T23:35:00","guid":{"rendered":"https:\/\/filles-de-la-charite.org\/x-encuentro-interprovincial-del-servicio-de-animacion-vocacional-vicenciana-en-brasil\/"},"modified":"2025-06-22T01:56:09","modified_gmt":"2025-06-21T23:56:09","slug":"x-encuentro-interprovincial-del-servicio-de-animacion-vocacional-vicenciana-en-brasil","status":"publish","type":"post","link":"https:\/\/filles-de-la-charite.org\/pt-pt\/x-encuentro-interprovincial-del-servicio-de-animacion-vocacional-vicenciana-en-brasil\/","title":{"rendered":"X Encontro Interprovincial do Servi\u00e7o de Anima\u00e7\u00e3o Vocacional Vicentino no Brasil"},"content":{"rendered":"\n<p>Animados pela esperan\u00e7a que n\u00e3o decepciona, representantes das seis Prov\u00edncias das Filhas da Caridade de S\u00e3o Vicente de Paulo, Padres da Congrega\u00e7\u00e3o da Miss\u00e3o, Irm\u00e3s de S\u00e3o Vicente de Paulo de Gysegem, religiosos de S\u00e3o Vicente de Paulo e membros da Fraternidade Casa de Ranquines reuniram-se na <strong>Casa Provincial Nossa Senhora das Gra\u00e7as<\/strong>, em <strong>Recife \u2013 PE<\/strong>, de <strong>30 de abril a 4 de maio de 2025<\/strong>, para avaliar os avan\u00e7os desse servi\u00e7o nos \u00faltimos tr\u00eas anos, refletir sobre desafios contempor\u00e2neos na anima\u00e7\u00e3o vocacional e tra\u00e7ar estrat\u00e9gias para os pr\u00f3ximos tr\u00eas anos.<\/p>\n\n\n\n<p><strong>TEMA INSPIRADOR<\/strong><\/p>\n\n\n\n<p>O encontro teve como tema norteador: <strong>\u201cAlegres na esperan\u00e7a, lancemos as redes\u201d<\/strong>, e como Palavra inspiradora: <strong>\u201cSigam-me, e eu os farei pescadores de homens.\u201d (Mt 4,19).<\/strong><\/p>\n\n\n\n<p>Esse tema guiou as reflex\u00f5es do evento. Assim como Jesus chamou seus disc\u00edpulos para segui-Lo e se tornou pescador de homens, os animadores vocacionais s\u00e3o chamados a anunciar o Evangelho e inspirar jovens a seguir Cristo, lan\u00e7ando as redes com alegria e esperan\u00e7a.<\/p>\n\n\n\n<p>O evento contou com <strong>assessores renomados<\/strong>, que trouxeram reflex\u00f5es essenciais sobre voca\u00e7\u00e3o e evangeliza\u00e7\u00e3o:<\/p>\n\n\n\n<p>Com o tema <strong>\u201cAlegres na esperan\u00e7a, lancemos as redes\u201d<\/strong>, o Padre Edicarlos Alves, OMI ressaltou que o animador vocacional deve ser, por excel\u00eancia, um indiv\u00edduo alegre. Destacou que sua primeira miss\u00e3o \u00e9 <strong>rezar pelas voca\u00e7\u00f5es<\/strong>, promover espa\u00e7os de espiritualidade e fomentar momentos de reflex\u00e3o pessoal, comunit\u00e1ria e eclesial. Al\u00e9m disso, enfatizou:<\/p>\n\n\n\n<ul class=\"wp-block-list\">\n<li><strong>Clareza na identidade carism\u00e1tica<\/strong> da voca\u00e7\u00e3o vicentina.<\/li>\n\n\n\n<li><strong>Aproxima\u00e7\u00e3o e escuta dos jovens<\/strong>, promovendo acolhimento e intera\u00e7\u00e3o genu\u00edna.<\/li>\n\n\n\n<li><strong>Uso estrat\u00e9gico das m\u00eddias digitais<\/strong> para comunica\u00e7\u00e3o e evangeliza\u00e7\u00e3o.<\/li>\n<\/ul>\n\n\n\n<p><strong>O Irm\u00e3o M\u00e1rcio Ferreira, Marista, <\/strong>discutiu desafios e <strong>perspectivas do acompanhamento vocacional no Brasil<\/strong>, defendendo a transi\u00e7\u00e3o da mentalidade vocacional para uma <strong>espiritualidade vocacional<\/strong>, promovendo <strong>uma cultura vocacional<\/strong> s\u00f3lida.<\/p>\n\n\n\n<p>Baseando-se no <strong>Evangelho de Lucas 24 (disc\u00edpulos de Ema\u00fas)<\/strong>, destacou os <strong>passos da pedagogia vocacional de Jesus<\/strong>:<\/p>\n\n\n\n<ul class=\"wp-block-list\">\n<li>Aproxima\u00e7\u00e3o com ternura e cuidado.<\/li>\n\n\n\n<li>Escuta profunda e emp\u00e1tica.<\/li>\n\n\n\n<li>Rela\u00e7\u00e3o de confian\u00e7a entre animadores e jovens.<\/li>\n\n\n\n<li>Clareza nos crit\u00e9rios avaliativos do chamado vocacional.<\/li>\n<\/ul>\n\n\n\n<p><strong>O Padre Wellington Jean Souza t<\/strong>rouxe reflex\u00f5es sobre <strong>afetividade e sexualidade no acompanhamento vocacional<\/strong>. Destacou a import\u00e2ncia de viver a consagra\u00e7\u00e3o respeitando a identidade sexual e abordou a necessidade de:<\/p>\n\n\n\n<ul class=\"wp-block-list\">\n<li><strong>Compreender o jovem de maneira integral<\/strong>, sem preconceitos.<\/li>\n\n\n\n<li><strong>Desenvolver escuta ativa e acolhedora<\/strong>, gerando confian\u00e7a.<\/li>\n\n\n\n<li><strong>Criar espa\u00e7os de abertura<\/strong>, favorecendo um acompanhamento s\u00f3lido e estruturado.<\/li>\n<\/ul>\n\n\n\n<p><strong>PEREGRINA\u00c7\u00c3O E ESPIRITUALIDADE<\/strong><\/p>\n\n\n\n<p>Como <strong>peregrinos da esperan\u00e7a<\/strong>, os participantes visitaram locais hist\u00f3ricos de f\u00e9, como:<\/p>\n\n\n\n<ul class=\"wp-block-list\">\n<li><strong>Casa Memorial de Dom Helder C\u00e2mara<\/strong><\/li>\n\n\n\n<li><strong>Igreja da S\u00e9 da Arquidiocese de Olinda e Recife<\/strong>, onde Dom Helder est\u00e1 sepultado<\/li>\n\n\n\n<li><strong>Convento de S\u00e3o F\u00e9lix de Cantalice<\/strong>, onde repousa Frei Dami\u00e3o de Bozzano<\/li>\n<\/ul>\n\n\n\n<p>Nestes lugares sagrados, <strong>celebramos a Eucaristia<\/strong>, fortalecendo a comunh\u00e3o e a miss\u00e3o evangelizadora.<\/p>\n\n\n\n<p><strong>COMPROMISSOS PARA OS PR\u00d3XIMOS ANOS<\/strong><\/p>\n\n\n\n<p>Motivados pelo Esp\u00edrito Santo e pelo aprendizado do encontro, os participantes assumiram <strong>tr\u00eas compromissos fundamentais<\/strong> para fortalecer a cultura vocacional:<\/p>\n\n\n\n<ul class=\"wp-block-list\">\n<li><strong>PRIORIZAR<\/strong> a cultura vocacional nas comunidades, aprofundando a espiritualidade e intensificando a ora\u00e7\u00e3o pessoal e comunit\u00e1ria.<\/li>\n<\/ul>\n\n\n\n<ul class=\"wp-block-list\">\n<li><strong>PROMOVER<\/strong> forma\u00e7\u00f5es especializadas para animadores vocacionais, abordando temas atuais como afetividade e sexualidade.<\/li>\n<\/ul>\n\n\n\n<ul class=\"wp-block-list\">\n<li><strong>ELABORAR<\/strong> um projeto estrat\u00e9gico unificado para o Servi\u00e7o de Anima\u00e7\u00e3o Vocacional Vicentino (SAVV), abrangendo etapas como despertar, discernir, cultivar e acompanhar.<\/li>\n<\/ul>\n\n\n\n<p><strong>GRATID\u00c3O E ESPERAN\u00c7A NO FUTURO<\/strong><\/p>\n\n\n\n<p>A Deus, <strong>nosso louvor e gratid\u00e3o<\/strong> pelas gra\u00e7as vivenciadas. O X Encontro Interprovincial foi um tempo de <strong>aprendizado, troca de experi\u00eancias e encorajamento<\/strong> para a miss\u00e3o.<\/p>\n\n\n\n<p>Que Maria, <strong>M\u00e3e de todas as Voca\u00e7\u00f5es<\/strong>, interceda por este servi\u00e7o precioso, para que <strong>os animadores vocacionais, cheios de alegria e entusiasmo, alcancem as juventudes com ardor mission\u00e1rio, lan\u00e7ando as redes com f\u00e9 e esperan\u00e7a!<\/strong><\/p>\n\n\n\n<div class=\"wp-block-responsive-lightbox-gallery\"><div class=\"et_pb_slider et_pb_slider_fullwidth_off et_pb_gallery_post_type\">\n\t\t\t\t<div class=\"et_pb_slides\">\n\t\t\t\t\t<div class=\"et_pb_slide\" style=\"background: url(https:\/\/filles-de-la-charite.org\/wp-content\/uploads\/2025\/06\/WhatsApp-Image-2025-06-21-at-01.44.49.jpeg);\"><\/div><div class=\"et_pb_slide\" style=\"background: url(https:\/\/filles-de-la-charite.org\/wp-content\/uploads\/2025\/06\/WhatsApp-Image-2025-06-21-at-01.44.52-2.jpeg);\"><\/div><div class=\"et_pb_slide\" style=\"background: url(https:\/\/filles-de-la-charite.org\/wp-content\/uploads\/2025\/06\/WhatsApp-Image-2025-06-21-at-01.44.52-3.jpeg);\"><\/div><div class=\"et_pb_slide\" style=\"background: url(https:\/\/filles-de-la-charite.org\/wp-content\/uploads\/2025\/06\/WhatsApp-Image-2025-06-21-at-01.44.53.jpeg);\"><\/div><div class=\"et_pb_slide\" style=\"background: url(https:\/\/filles-de-la-charite.org\/wp-content\/uploads\/2025\/06\/WhatsApp-Image-2025-06-21-at-01.44.53-2.jpeg);\"><\/div><div class=\"et_pb_slide\" style=\"background: url(https:\/\/filles-de-la-charite.org\/wp-content\/uploads\/2025\/06\/WhatsApp-Image-2025-06-21-at-01.44.54.jpeg);\"><\/div><div class=\"et_pb_slide\" style=\"background: url(https:\/\/filles-de-la-charite.org\/wp-content\/uploads\/2025\/06\/WhatsApp-Image-2025-06-21-at-01.44.54-1.jpeg);\"><\/div><div class=\"et_pb_slide\" style=\"background: url(https:\/\/filles-de-la-charite.org\/wp-content\/uploads\/2025\/06\/WhatsApp-Image-2025-06-21-at-01.43.56.jpeg);\"><\/div><div class=\"et_pb_slide\" style=\"background: url(https:\/\/filles-de-la-charite.org\/wp-content\/uploads\/2025\/06\/WhatsApp-Image-2025-06-21-at-01.44.47.jpeg);\"><\/div><div class=\"et_pb_slide\" style=\"background: url(https:\/\/filles-de-la-charite.org\/wp-content\/uploads\/2025\/06\/WhatsApp-Image-2025-06-21-at-01.44.48.jpeg);\"><\/div><div class=\"et_pb_slide\" style=\"background: url(https:\/\/filles-de-la-charite.org\/wp-content\/uploads\/2025\/06\/WhatsApp-Image-2025-06-21-at-01.44.52.jpeg);\"><\/div><div class=\"et_pb_slide\" style=\"background: url(https:\/\/filles-de-la-charite.org\/wp-content\/uploads\/2025\/06\/WhatsApp-Image-2025-06-21-at-01.44.51-2.jpeg);\"><\/div><div class=\"et_pb_slide\" style=\"background: url(https:\/\/filles-de-la-charite.org\/wp-content\/uploads\/2025\/06\/WhatsApp-Image-2025-06-21-at-01.44.51-1.jpeg);\"><\/div><div class=\"et_pb_slide\" style=\"background: url(https:\/\/filles-de-la-charite.org\/wp-content\/uploads\/2025\/06\/WhatsApp-Image-2025-06-21-at-01.44.49-1.jpeg);\"><\/div><div class=\"et_pb_slide\" style=\"background: url(https:\/\/filles-de-la-charite.org\/wp-content\/uploads\/2025\/06\/WhatsApp-Image-2025-06-21-at-01.44.49-2.jpeg);\"><\/div><div class=\"et_pb_slide\" style=\"background: url(https:\/\/filles-de-la-charite.org\/wp-content\/uploads\/2025\/06\/WhatsApp-Image-2025-06-21-at-01.44.49-3.jpeg);\"><\/div><div class=\"et_pb_slide\" style=\"background: url(https:\/\/filles-de-la-charite.org\/wp-content\/uploads\/2025\/06\/WhatsApp-Image-2025-06-21-at-01.44.49-4.jpeg);\"><\/div><div class=\"et_pb_slide\" style=\"background: url(https:\/\/filles-de-la-charite.org\/wp-content\/uploads\/2025\/06\/WhatsApp-Image-2025-06-21-at-01.44.50.jpeg);\"><\/div><div class=\"et_pb_slide\" style=\"background: url(https:\/\/filles-de-la-charite.org\/wp-content\/uploads\/2025\/06\/WhatsApp-Image-2025-06-21-at-01.44.50-1.jpeg);\"><\/div><div class=\"et_pb_slide\" style=\"background: url(https:\/\/filles-de-la-charite.org\/wp-content\/uploads\/2025\/06\/WhatsApp-Image-2025-06-21-at-01.44.50-3.jpeg);\"><\/div><div class=\"et_pb_slide\" style=\"background: url(https:\/\/filles-de-la-charite.org\/wp-content\/uploads\/2025\/06\/WhatsApp-Image-2025-06-21-at-01.44.50-4.jpeg);\"><\/div><div class=\"et_pb_slide\" style=\"background: url(https:\/\/filles-de-la-charite.org\/wp-content\/uploads\/2025\/06\/WhatsApp-Image-2025-06-21-at-01.44.51.jpeg);\"><\/div><div class=\"et_pb_slide\" style=\"background: url(https:\/\/filles-de-la-charite.org\/wp-content\/uploads\/2025\/06\/WhatsApp-Image-2025-06-21-at-01.44.48-1.jpeg);\"><\/div>\n\t\t\t\t<\/div>\n\t\t\t<\/div><\/div>\n","protected":false},"excerpt":{"rendered":"<p>Animados pela esperan\u00e7a que n\u00e3o decepciona, representantes das seis Prov\u00edncias das Filhas da Caridade de S\u00e3o Vicente de Paulo, Padres da Congrega\u00e7\u00e3o da Miss\u00e3o, Irm\u00e3s de S\u00e3o Vicente de Paulo de Gysegem, religiosos de S\u00e3o Vicente de Paulo e membros da Fraternidade Casa de Ranquines reuniram-se na Casa Provincial Nossa Senhora das Gra\u00e7as, em Recife [&hellip;]<\/p>\n","protected":false},"author":5,"featured_media":43879,"comment_status":"closed","ping_status":"closed","sticky":false,"template":"","format":"standard","meta":{"_acf_changed":false,"_et_pb_use_builder":"","_et_pb_old_content":"","_et_gb_content_width":"","footnotes":"","_links_to":"","_links_to_target":""},"categories":[853],"tags":[],"class_list":["post-43888","post","type-post","status-publish","format-standard","has-post-thumbnail","hentry","category-brasil-pt-pt"],"acf":[],"yoast_head":"<!-- This site is optimized with the Yoast SEO plugin v27.5 - https:\/\/yoast.com\/product\/yoast-seo-wordpress\/ -->\n<title>X Encontro Interprovincial do Servi\u00e7o de Anima\u00e7\u00e3o Vocacional Vicentino no Brasil - Filles de la Charit\u00e9<\/title>\n<meta name=\"robots\" content=\"index, follow, max-snippet:-1, max-image-preview:large, max-video-preview:-1\" \/>\n<link rel=\"canonical\" href=\"https:\/\/filles-de-la-charite.org\/pt-pt\/x-encuentro-interprovincial-del-servicio-de-animacion-vocacional-vicenciana-en-brasil\/\" \/>\n<meta property=\"og:locale\" content=\"pt_PT\" \/>\n<meta property=\"og:type\" content=\"article\" \/>\n<meta property=\"og:title\" content=\"X Encontro Interprovincial do Servi\u00e7o de Anima\u00e7\u00e3o Vocacional Vicentino no Brasil - Filles de la Charit\u00e9\" \/>\n<meta property=\"og:description\" content=\"Animados pela esperan\u00e7a que n\u00e3o decepciona, representantes das seis Prov\u00edncias das Filhas da Caridade de S\u00e3o Vicente de Paulo, Padres da Congrega\u00e7\u00e3o da Miss\u00e3o, Irm\u00e3s de S\u00e3o Vicente de Paulo de Gysegem, religiosos de S\u00e3o Vicente de Paulo e membros da Fraternidade Casa de Ranquines reuniram-se na Casa Provincial Nossa Senhora das Gra\u00e7as, em Recife [&hellip;]\" \/>\n<meta property=\"og:url\" content=\"https:\/\/filles-de-la-charite.org\/pt-pt\/x-encuentro-interprovincial-del-servicio-de-animacion-vocacional-vicenciana-en-brasil\/\" \/>\n<meta property=\"og:site_name\" content=\"Filles de la Charit\u00e9\" \/>\n<meta property=\"article:published_time\" content=\"2025-06-20T23:35:00+00:00\" \/>\n<meta property=\"article:modified_time\" content=\"2025-06-21T23:56:09+00:00\" \/>\n<meta property=\"og:image\" content=\"https:\/\/filles-de-la-charite.org\/wp-content\/uploads\/2025\/06\/WhatsApp-Image-2025-06-21-at-01.44.48-1.jpeg\" \/>\n\t<meta property=\"og:image:width\" content=\"1280\" \/>\n\t<meta property=\"og:image:height\" content=\"960\" \/>\n\t<meta property=\"og:image:type\" content=\"image\/jpeg\" \/>\n<meta name=\"author\" content=\"SOR MARTA\" \/>\n<meta name=\"twitter:card\" content=\"summary_large_image\" \/>\n<meta name=\"twitter:label1\" content=\"Escrito por\" \/>\n\t<meta name=\"twitter:data1\" content=\"SOR MARTA\" \/>\n\t<meta name=\"twitter:label2\" content=\"Tempo estimado de leitura\" \/>\n\t<meta name=\"twitter:data2\" content=\"3 minutos\" \/>\n<script type=\"application\/ld+json\" class=\"yoast-schema-graph\">{\"@context\":\"https:\\\/\\\/schema.org\",\"@graph\":[{\"@type\":\"Article\",\"@id\":\"https:\\\/\\\/filles-de-la-charite.org\\\/pt-pt\\\/x-encuentro-interprovincial-del-servicio-de-animacion-vocacional-vicenciana-en-brasil\\\/#article\",\"isPartOf\":{\"@id\":\"https:\\\/\\\/filles-de-la-charite.org\\\/pt-pt\\\/x-encuentro-interprovincial-del-servicio-de-animacion-vocacional-vicenciana-en-brasil\\\/\"},\"author\":{\"name\":\"SOR MARTA\",\"@id\":\"https:\\\/\\\/filles-de-la-charite.org\\\/pt-pt\\\/#\\\/schema\\\/person\\\/0c922b6ca71280639858d297b3a7209f\"},\"headline\":\"X Encontro Interprovincial do Servi\u00e7o de Anima\u00e7\u00e3o Vocacional Vicentino no Brasil\",\"datePublished\":\"2025-06-20T23:35:00+00:00\",\"dateModified\":\"2025-06-21T23:56:09+00:00\",\"mainEntityOfPage\":{\"@id\":\"https:\\\/\\\/filles-de-la-charite.org\\\/pt-pt\\\/x-encuentro-interprovincial-del-servicio-de-animacion-vocacional-vicenciana-en-brasil\\\/\"},\"wordCount\":681,\"publisher\":{\"@id\":\"https:\\\/\\\/filles-de-la-charite.org\\\/pt-pt\\\/#organization\"},\"image\":{\"@id\":\"https:\\\/\\\/filles-de-la-charite.org\\\/pt-pt\\\/x-encuentro-interprovincial-del-servicio-de-animacion-vocacional-vicenciana-en-brasil\\\/#primaryimage\"},\"thumbnailUrl\":\"https:\\\/\\\/filles-de-la-charite.org\\\/wp-content\\\/uploads\\\/2025\\\/06\\\/WhatsApp-Image-2025-06-21-at-01.44.48-1.jpeg\",\"articleSection\":[\"Brasil\"],\"inLanguage\":\"pt-PT\"},{\"@type\":\"WebPage\",\"@id\":\"https:\\\/\\\/filles-de-la-charite.org\\\/pt-pt\\\/x-encuentro-interprovincial-del-servicio-de-animacion-vocacional-vicenciana-en-brasil\\\/\",\"url\":\"https:\\\/\\\/filles-de-la-charite.org\\\/pt-pt\\\/x-encuentro-interprovincial-del-servicio-de-animacion-vocacional-vicenciana-en-brasil\\\/\",\"name\":\"X Encontro Interprovincial do Servi\u00e7o de Anima\u00e7\u00e3o Vocacional Vicentino no Brasil - Filles de la Charit\u00e9\",\"isPartOf\":{\"@id\":\"https:\\\/\\\/filles-de-la-charite.org\\\/pt-pt\\\/#website\"},\"primaryImageOfPage\":{\"@id\":\"https:\\\/\\\/filles-de-la-charite.org\\\/pt-pt\\\/x-encuentro-interprovincial-del-servicio-de-animacion-vocacional-vicenciana-en-brasil\\\/#primaryimage\"},\"image\":{\"@id\":\"https:\\\/\\\/filles-de-la-charite.org\\\/pt-pt\\\/x-encuentro-interprovincial-del-servicio-de-animacion-vocacional-vicenciana-en-brasil\\\/#primaryimage\"},\"thumbnailUrl\":\"https:\\\/\\\/filles-de-la-charite.org\\\/wp-content\\\/uploads\\\/2025\\\/06\\\/WhatsApp-Image-2025-06-21-at-01.44.48-1.jpeg\",\"datePublished\":\"2025-06-20T23:35:00+00:00\",\"dateModified\":\"2025-06-21T23:56:09+00:00\",\"breadcrumb\":{\"@id\":\"https:\\\/\\\/filles-de-la-charite.org\\\/pt-pt\\\/x-encuentro-interprovincial-del-servicio-de-animacion-vocacional-vicenciana-en-brasil\\\/#breadcrumb\"},\"inLanguage\":\"pt-PT\",\"potentialAction\":[{\"@type\":\"ReadAction\",\"target\":[\"https:\\\/\\\/filles-de-la-charite.org\\\/pt-pt\\\/x-encuentro-interprovincial-del-servicio-de-animacion-vocacional-vicenciana-en-brasil\\\/\"]}]},{\"@type\":\"ImageObject\",\"inLanguage\":\"pt-PT\",\"@id\":\"https:\\\/\\\/filles-de-la-charite.org\\\/pt-pt\\\/x-encuentro-interprovincial-del-servicio-de-animacion-vocacional-vicenciana-en-brasil\\\/#primaryimage\",\"url\":\"https:\\\/\\\/filles-de-la-charite.org\\\/wp-content\\\/uploads\\\/2025\\\/06\\\/WhatsApp-Image-2025-06-21-at-01.44.48-1.jpeg\",\"contentUrl\":\"https:\\\/\\\/filles-de-la-charite.org\\\/wp-content\\\/uploads\\\/2025\\\/06\\\/WhatsApp-Image-2025-06-21-at-01.44.48-1.jpeg\",\"width\":1280,\"height\":960},{\"@type\":\"BreadcrumbList\",\"@id\":\"https:\\\/\\\/filles-de-la-charite.org\\\/pt-pt\\\/x-encuentro-interprovincial-del-servicio-de-animacion-vocacional-vicenciana-en-brasil\\\/#breadcrumb\",\"itemListElement\":[{\"@type\":\"ListItem\",\"position\":1,\"name\":\"Brasil\",\"item\":\"https:\\\/\\\/filles-de-la-charite.org\\\/pt-pt\\\/category\\\/brasil-pt-pt\\\/\"},{\"@type\":\"ListItem\",\"position\":2,\"name\":\"X Encontro Interprovincial do Servi\u00e7o de Anima\u00e7\u00e3o Vocacional Vicentino no Brasil\"}]},{\"@type\":\"WebSite\",\"@id\":\"https:\\\/\\\/filles-de-la-charite.org\\\/pt-pt\\\/#website\",\"url\":\"https:\\\/\\\/filles-de-la-charite.org\\\/pt-pt\\\/\",\"name\":\"Hijas de la Caridad\",\"description\":\"L\u2019amour de J\u00e9sus nous presse \u00e0 prendre soin des personnes les plus d\u00e9munies\",\"publisher\":{\"@id\":\"https:\\\/\\\/filles-de-la-charite.org\\\/pt-pt\\\/#organization\"},\"potentialAction\":[{\"@type\":\"SearchAction\",\"target\":{\"@type\":\"EntryPoint\",\"urlTemplate\":\"https:\\\/\\\/filles-de-la-charite.org\\\/pt-pt\\\/?s={search_term_string}\"},\"query-input\":{\"@type\":\"PropertyValueSpecification\",\"valueRequired\":true,\"valueName\":\"search_term_string\"}}],\"inLanguage\":\"pt-PT\"},{\"@type\":\"Organization\",\"@id\":\"https:\\\/\\\/filles-de-la-charite.org\\\/pt-pt\\\/#organization\",\"name\":\"Hijas de la Caridad\",\"url\":\"https:\\\/\\\/filles-de-la-charite.org\\\/pt-pt\\\/\",\"logo\":{\"@type\":\"ImageObject\",\"inLanguage\":\"pt-PT\",\"@id\":\"https:\\\/\\\/filles-de-la-charite.org\\\/pt-pt\\\/#\\\/schema\\\/logo\\\/image\\\/\",\"url\":\"https:\\\/\\\/filles-de-la-charite.org\\\/wp-content\\\/uploads\\\/2023\\\/03\\\/isotipo-Hijas-de-la-Caridad.png\",\"contentUrl\":\"https:\\\/\\\/filles-de-la-charite.org\\\/wp-content\\\/uploads\\\/2023\\\/03\\\/isotipo-Hijas-de-la-Caridad.png\",\"width\":1417,\"height\":1417,\"caption\":\"Hijas de la Caridad\"},\"image\":{\"@id\":\"https:\\\/\\\/filles-de-la-charite.org\\\/pt-pt\\\/#\\\/schema\\\/logo\\\/image\\\/\"}},{\"@type\":\"Person\",\"@id\":\"https:\\\/\\\/filles-de-la-charite.org\\\/pt-pt\\\/#\\\/schema\\\/person\\\/0c922b6ca71280639858d297b3a7209f\",\"name\":\"SOR MARTA\",\"image\":{\"@type\":\"ImageObject\",\"inLanguage\":\"pt-PT\",\"@id\":\"https:\\\/\\\/secure.gravatar.com\\\/avatar\\\/d2c45b0fd6bf2d3e2670ab3d112257c24ac80fa960360bba1bdc0676485d1d09?s=96&d=mm&r=g\",\"url\":\"https:\\\/\\\/secure.gravatar.com\\\/avatar\\\/d2c45b0fd6bf2d3e2670ab3d112257c24ac80fa960360bba1bdc0676485d1d09?s=96&d=mm&r=g\",\"contentUrl\":\"https:\\\/\\\/secure.gravatar.com\\\/avatar\\\/d2c45b0fd6bf2d3e2670ab3d112257c24ac80fa960360bba1bdc0676485d1d09?s=96&d=mm&r=g\",\"caption\":\"SOR MARTA\"},\"url\":\"https:\\\/\\\/filles-de-la-charite.org\\\/pt-pt\\\/author\\\/martaemn\\\/\"}]}<\/script>\n<!-- \/ Yoast SEO plugin. -->","yoast_head_json":{"title":"X Encontro Interprovincial do Servi\u00e7o de Anima\u00e7\u00e3o Vocacional Vicentino no Brasil - Filles de la Charit\u00e9","robots":{"index":"index","follow":"follow","max-snippet":"max-snippet:-1","max-image-preview":"max-image-preview:large","max-video-preview":"max-video-preview:-1"},"canonical":"https:\/\/filles-de-la-charite.org\/pt-pt\/x-encuentro-interprovincial-del-servicio-de-animacion-vocacional-vicenciana-en-brasil\/","og_locale":"pt_PT","og_type":"article","og_title":"X Encontro Interprovincial do Servi\u00e7o de Anima\u00e7\u00e3o Vocacional Vicentino no Brasil - Filles de la Charit\u00e9","og_description":"Animados pela esperan\u00e7a que n\u00e3o decepciona, representantes das seis Prov\u00edncias das Filhas da Caridade de S\u00e3o Vicente de Paulo, Padres da Congrega\u00e7\u00e3o da Miss\u00e3o, Irm\u00e3s de S\u00e3o Vicente de Paulo de Gysegem, religiosos de S\u00e3o Vicente de Paulo e membros da Fraternidade Casa de Ranquines reuniram-se na Casa Provincial Nossa Senhora das Gra\u00e7as, em Recife [&hellip;]","og_url":"https:\/\/filles-de-la-charite.org\/pt-pt\/x-encuentro-interprovincial-del-servicio-de-animacion-vocacional-vicenciana-en-brasil\/","og_site_name":"Filles de la Charit\u00e9","article_published_time":"2025-06-20T23:35:00+00:00","article_modified_time":"2025-06-21T23:56:09+00:00","og_image":[{"width":1280,"height":960,"url":"https:\/\/filles-de-la-charite.org\/wp-content\/uploads\/2025\/06\/WhatsApp-Image-2025-06-21-at-01.44.48-1.jpeg","type":"image\/jpeg"}],"author":"SOR MARTA","twitter_card":"summary_large_image","twitter_misc":{"Escrito por":"SOR MARTA","Tempo estimado de leitura":"3 minutos"},"schema":{"@context":"https:\/\/schema.org","@graph":[{"@type":"Article","@id":"https:\/\/filles-de-la-charite.org\/pt-pt\/x-encuentro-interprovincial-del-servicio-de-animacion-vocacional-vicenciana-en-brasil\/#article","isPartOf":{"@id":"https:\/\/filles-de-la-charite.org\/pt-pt\/x-encuentro-interprovincial-del-servicio-de-animacion-vocacional-vicenciana-en-brasil\/"},"author":{"name":"SOR MARTA","@id":"https:\/\/filles-de-la-charite.org\/pt-pt\/#\/schema\/person\/0c922b6ca71280639858d297b3a7209f"},"headline":"X Encontro Interprovincial do Servi\u00e7o de Anima\u00e7\u00e3o Vocacional Vicentino no Brasil","datePublished":"2025-06-20T23:35:00+00:00","dateModified":"2025-06-21T23:56:09+00:00","mainEntityOfPage":{"@id":"https:\/\/filles-de-la-charite.org\/pt-pt\/x-encuentro-interprovincial-del-servicio-de-animacion-vocacional-vicenciana-en-brasil\/"},"wordCount":681,"publisher":{"@id":"https:\/\/filles-de-la-charite.org\/pt-pt\/#organization"},"image":{"@id":"https:\/\/filles-de-la-charite.org\/pt-pt\/x-encuentro-interprovincial-del-servicio-de-animacion-vocacional-vicenciana-en-brasil\/#primaryimage"},"thumbnailUrl":"https:\/\/filles-de-la-charite.org\/wp-content\/uploads\/2025\/06\/WhatsApp-Image-2025-06-21-at-01.44.48-1.jpeg","articleSection":["Brasil"],"inLanguage":"pt-PT"},{"@type":"WebPage","@id":"https:\/\/filles-de-la-charite.org\/pt-pt\/x-encuentro-interprovincial-del-servicio-de-animacion-vocacional-vicenciana-en-brasil\/","url":"https:\/\/filles-de-la-charite.org\/pt-pt\/x-encuentro-interprovincial-del-servicio-de-animacion-vocacional-vicenciana-en-brasil\/","name":"X Encontro Interprovincial do Servi\u00e7o de Anima\u00e7\u00e3o Vocacional Vicentino no Brasil - Filles de la Charit\u00e9","isPartOf":{"@id":"https:\/\/filles-de-la-charite.org\/pt-pt\/#website"},"primaryImageOfPage":{"@id":"https:\/\/filles-de-la-charite.org\/pt-pt\/x-encuentro-interprovincial-del-servicio-de-animacion-vocacional-vicenciana-en-brasil\/#primaryimage"},"image":{"@id":"https:\/\/filles-de-la-charite.org\/pt-pt\/x-encuentro-interprovincial-del-servicio-de-animacion-vocacional-vicenciana-en-brasil\/#primaryimage"},"thumbnailUrl":"https:\/\/filles-de-la-charite.org\/wp-content\/uploads\/2025\/06\/WhatsApp-Image-2025-06-21-at-01.44.48-1.jpeg","datePublished":"2025-06-20T23:35:00+00:00","dateModified":"2025-06-21T23:56:09+00:00","breadcrumb":{"@id":"https:\/\/filles-de-la-charite.org\/pt-pt\/x-encuentro-interprovincial-del-servicio-de-animacion-vocacional-vicenciana-en-brasil\/#breadcrumb"},"inLanguage":"pt-PT","potentialAction":[{"@type":"ReadAction","target":["https:\/\/filles-de-la-charite.org\/pt-pt\/x-encuentro-interprovincial-del-servicio-de-animacion-vocacional-vicenciana-en-brasil\/"]}]},{"@type":"ImageObject","inLanguage":"pt-PT","@id":"https:\/\/filles-de-la-charite.org\/pt-pt\/x-encuentro-interprovincial-del-servicio-de-animacion-vocacional-vicenciana-en-brasil\/#primaryimage","url":"https:\/\/filles-de-la-charite.org\/wp-content\/uploads\/2025\/06\/WhatsApp-Image-2025-06-21-at-01.44.48-1.jpeg","contentUrl":"https:\/\/filles-de-la-charite.org\/wp-content\/uploads\/2025\/06\/WhatsApp-Image-2025-06-21-at-01.44.48-1.jpeg","width":1280,"height":960},{"@type":"BreadcrumbList","@id":"https:\/\/filles-de-la-charite.org\/pt-pt\/x-encuentro-interprovincial-del-servicio-de-animacion-vocacional-vicenciana-en-brasil\/#breadcrumb","itemListElement":[{"@type":"ListItem","position":1,"name":"Brasil","item":"https:\/\/filles-de-la-charite.org\/pt-pt\/category\/brasil-pt-pt\/"},{"@type":"ListItem","position":2,"name":"X Encontro Interprovincial do Servi\u00e7o de Anima\u00e7\u00e3o Vocacional Vicentino no Brasil"}]},{"@type":"WebSite","@id":"https:\/\/filles-de-la-charite.org\/pt-pt\/#website","url":"https:\/\/filles-de-la-charite.org\/pt-pt\/","name":"Hijas de la Caridad","description":"L\u2019amour de J\u00e9sus nous presse \u00e0 prendre soin des personnes les plus d\u00e9munies","publisher":{"@id":"https:\/\/filles-de-la-charite.org\/pt-pt\/#organization"},"potentialAction":[{"@type":"SearchAction","target":{"@type":"EntryPoint","urlTemplate":"https:\/\/filles-de-la-charite.org\/pt-pt\/?s={search_term_string}"},"query-input":{"@type":"PropertyValueSpecification","valueRequired":true,"valueName":"search_term_string"}}],"inLanguage":"pt-PT"},{"@type":"Organization","@id":"https:\/\/filles-de-la-charite.org\/pt-pt\/#organization","name":"Hijas de la Caridad","url":"https:\/\/filles-de-la-charite.org\/pt-pt\/","logo":{"@type":"ImageObject","inLanguage":"pt-PT","@id":"https:\/\/filles-de-la-charite.org\/pt-pt\/#\/schema\/logo\/image\/","url":"https:\/\/filles-de-la-charite.org\/wp-content\/uploads\/2023\/03\/isotipo-Hijas-de-la-Caridad.png","contentUrl":"https:\/\/filles-de-la-charite.org\/wp-content\/uploads\/2023\/03\/isotipo-Hijas-de-la-Caridad.png","width":1417,"height":1417,"caption":"Hijas de la Caridad"},"image":{"@id":"https:\/\/filles-de-la-charite.org\/pt-pt\/#\/schema\/logo\/image\/"}},{"@type":"Person","@id":"https:\/\/filles-de-la-charite.org\/pt-pt\/#\/schema\/person\/0c922b6ca71280639858d297b3a7209f","name":"SOR MARTA","image":{"@type":"ImageObject","inLanguage":"pt-PT","@id":"https:\/\/secure.gravatar.com\/avatar\/d2c45b0fd6bf2d3e2670ab3d112257c24ac80fa960360bba1bdc0676485d1d09?s=96&d=mm&r=g","url":"https:\/\/secure.gravatar.com\/avatar\/d2c45b0fd6bf2d3e2670ab3d112257c24ac80fa960360bba1bdc0676485d1d09?s=96&d=mm&r=g","contentUrl":"https:\/\/secure.gravatar.com\/avatar\/d2c45b0fd6bf2d3e2670ab3d112257c24ac80fa960360bba1bdc0676485d1d09?s=96&d=mm&r=g","caption":"SOR MARTA"},"url":"https:\/\/filles-de-la-charite.org\/pt-pt\/author\/martaemn\/"}]}},"_links":{"self":[{"href":"https:\/\/filles-de-la-charite.org\/pt-pt\/wp-json\/wp\/v2\/posts\/43888","targetHints":{"allow":["GET"]}}],"collection":[{"href":"https:\/\/filles-de-la-charite.org\/pt-pt\/wp-json\/wp\/v2\/posts"}],"about":[{"href":"https:\/\/filles-de-la-charite.org\/pt-pt\/wp-json\/wp\/v2\/types\/post"}],"author":[{"embeddable":true,"href":"https:\/\/filles-de-la-charite.org\/pt-pt\/wp-json\/wp\/v2\/users\/5"}],"replies":[{"embeddable":true,"href":"https:\/\/filles-de-la-charite.org\/pt-pt\/wp-json\/wp\/v2\/comments?post=43888"}],"version-history":[{"count":1,"href":"https:\/\/filles-de-la-charite.org\/pt-pt\/wp-json\/wp\/v2\/posts\/43888\/revisions"}],"predecessor-version":[{"id":43892,"href":"https:\/\/filles-de-la-charite.org\/pt-pt\/wp-json\/wp\/v2\/posts\/43888\/revisions\/43892"}],"wp:featuredmedia":[{"embeddable":true,"href":"https:\/\/filles-de-la-charite.org\/pt-pt\/wp-json\/wp\/v2\/media\/43879"}],"wp:attachment":[{"href":"https:\/\/filles-de-la-charite.org\/pt-pt\/wp-json\/wp\/v2\/media?parent=43888"}],"wp:term":[{"taxonomy":"category","embeddable":true,"href":"https:\/\/filles-de-la-charite.org\/pt-pt\/wp-json\/wp\/v2\/categories?post=43888"},{"taxonomy":"post_tag","embeddable":true,"href":"https:\/\/filles-de-la-charite.org\/pt-pt\/wp-json\/wp\/v2\/tags?post=43888"}],"curies":[{"name":"wp","href":"https:\/\/api.w.org\/{rel}","templated":true}]}}