{"id":44155,"date":"2025-06-30T18:34:00","date_gmt":"2025-06-30T16:34:00","guid":{"rendered":"https:\/\/filles-de-la-charite.org\/?p=44155"},"modified":"2025-06-30T18:57:17","modified_gmt":"2025-06-30T16:57:17","slug":"centro-de-acogida-vicenciano-para-y-con-personas-sin-hogar","status":"publish","type":"post","link":"https:\/\/filles-de-la-charite.org\/pt-pt\/centro-de-acogida-vicenciano-para-y-con-personas-sin-hogar\/","title":{"rendered":"La Carit\u00e0 di Santa Luisa (A Caridade de Santa Lu\u00edsa), ODV ETS, \u201cCharit\u00e9\u201d, Centro de Acolhimento vicentino para e com Pessoas sem-abrigo"},"content":{"rendered":"\n<p>Em 2024, a Associa\u00e7\u00e3o de Voluntariado \u201cLa Carit\u00e0 di Santa Luisa OdV ETS\u201d refor\u00e7ou o compromisso de criar, por meio do seu servi\u00e7o, <strong>um lugar de paz<\/strong> para as pessoas que acolhe: um espa\u00e7o pequeno e <strong>simples de vida, onde se cultivam<\/strong> <strong>boas rela\u00e7\u00f5es<\/strong> e se respira confian\u00e7a e esperan\u00e7a. Esperan\u00e7a que, como nos diz o Papa Francisco, n\u00e3o \u00e9 \u201c<em>um ef\u00eamero otimismo, mas dom de gra\u00e7a no realismo da vida<\/em>\u201d (<em>Spes non confundit<\/em>, n\u00ba 24).<\/p>\n\n\n\n<figure class=\"wp-block-image size-large\"><img loading=\"lazy\" decoding=\"async\" width=\"819\" height=\"1024\" src=\"https:\/\/filles-de-la-charite.org\/wp-content\/uploads\/2025\/06\/IMG-20250619-WA0027-819x1024.jpg\" alt=\"\" class=\"wp-image-44125\"\/><\/figure>\n\n\n\n<p>Os dados do ano evidenciam a <strong>crescente procura<\/strong> pelos servi\u00e7os, <strong>a aprecia\u00e7\u00e3o<\/strong> por parte de quem os utiliza, <strong>a cont\u00ednua novidade<\/strong> das situa\u00e7\u00f5es &#8211; pela diversidade <strong>das pessoas acolhidas<\/strong> &#8211; e pela entrada e altern\u00e2ncia de <strong>volunt\u00e1rios<\/strong>, em resposta \u00e0s urg\u00eancias apresentadas por cada trajet\u00f3ria de vida.<\/p>\n\n\n\n<figure class=\"wp-block-image size-large\"><img loading=\"lazy\" decoding=\"async\" width=\"1024\" height=\"982\" src=\"https:\/\/filles-de-la-charite.org\/wp-content\/uploads\/2025\/06\/IMG-20250619-WA0030-1024x982.jpg\" alt=\"\" class=\"wp-image-44137\" srcset=\"https:\/\/filles-de-la-charite.org\/wp-content\/uploads\/2025\/06\/IMG-20250619-WA0030-980x940.jpg 980w, https:\/\/filles-de-la-charite.org\/wp-content\/uploads\/2025\/06\/IMG-20250619-WA0030-480x460.jpg 480w\" sizes=\"(min-width: 0px) and (max-width: 480px) 480px, (min-width: 481px) and (max-width: 980px) 980px, (min-width: 981px) 1024px, 100vw\" \/><\/figure>\n\n\n\n<p>Estamos cientes de que <strong>a imediatidade<\/strong> do servi\u00e7o, oferecido \u201cno momento\u201d, exige cada vez mais <strong>efici\u00eancia efetiva e afetiva<\/strong>. E de que as <strong>condi\u00e7\u00f5es extremas<\/strong> enfrentadas requerem <strong>uma efic\u00e1cia<\/strong> moldada pela <strong>pessoa,<\/strong> suas <strong>particularidades, limites individuais e pelo contexto ambiental.<\/strong><\/p>\n\n\n\n<p>Cultivamos as <strong>rela\u00e7\u00f5es interpessoais,<\/strong> pois s\u00e3o centrais para o prosseguimento da exist\u00eancia e fundamentais \u00e0 ativa\u00e7\u00e3o <strong>de processos de ajuda<\/strong>. Desejamos despertar nas pessoas acolhidas &#8211; e <strong>tamb\u00e9m em n\u00f3s, que acolhemos &#8211; a confian\u00e7a de estar sempre em caminho de crescimento pessoal e relacional,<\/strong> e a esperan\u00e7a de reerguer-se mesmo ap\u00f3s as quedas mais devastadoras, retomando assim <strong>um percurso de integra\u00e7\u00e3o m\u00fatua.<\/strong><\/p>\n\n\n\n<figure class=\"wp-block-image size-large\"><img loading=\"lazy\" decoding=\"async\" width=\"1024\" height=\"576\" src=\"https:\/\/filles-de-la-charite.org\/wp-content\/uploads\/2025\/06\/IMG-20250619-WA0016-1024x576.jpg\" alt=\"\" class=\"wp-image-44143\" srcset=\"https:\/\/filles-de-la-charite.org\/wp-content\/uploads\/2025\/06\/IMG-20250619-WA0016-980x551.jpg 980w, https:\/\/filles-de-la-charite.org\/wp-content\/uploads\/2025\/06\/IMG-20250619-WA0016-480x270.jpg 480w\" sizes=\"(min-width: 0px) and (max-width: 480px) 480px, (min-width: 481px) and (max-width: 980px) 980px, (min-width: 981px) 1024px, 100vw\" \/><\/figure>\n\n\n\n<p>Ofrecemos <strong>soluciones concretas<\/strong> para alcanzar objetivos urgentes y para mirar la realidad global con una <strong>perspectiva m\u00e1s clara y serena<\/strong>. Orientamos y acompa\u00f1amos a las personas en la colaboraci\u00f3n con <strong>entidades competentes<\/strong> y adecuadas a sus Oferecemos <strong>pequenas respostas para alcan\u00e7ar objetivos urgentes<\/strong> e para encarar a realidade global com um olhar mais l\u00facido e sereno. Orientamos e acompanhamos as pessoas <strong>na colabora\u00e7\u00e3o com outras realidades competentes e adequadas a cada caso<\/strong>. E buscamos ser, e continuar a ser, companheiros de jornada afetuosos, a quem nossos amigos e amigas possam sempre recorrer.<\/p>\n\n\n\n<p>Muitos tomam conhecimento dos nossos servi\u00e7os por meio da internet; seja em entrevistas informais ou estruturadas de ESCUTA, ORIENTA\u00c7\u00c3O E ACOMPANHAMENTO. In\u00fameros, conforme nossa inten\u00e7\u00e3o de ser uma Comunidade em Escuta:<\/p>\n\n\n\n<ul class=\"wp-block-list\">\n<li>com aten\u00e7\u00e3o e cuidado nas rela\u00e7\u00f5es interpessoais, observa\u00e7\u00e3o e proximidade com os Amigos, no despertar da consci\u00eancia sobre sua capacidade de mudan\u00e7a;<\/li>\n\n\n\n<li>com trabalho de reconcilia\u00e7\u00e3o familiar e retomada de eventuais cuidados institucionais;<\/li>\n\n\n\n<li>com tecelagem de redes &#8211; e em rede &#8211; para propor percursos de redescoberta pessoal e resposta a situa\u00e7\u00f5es de falta de documenta\u00e7\u00e3o, irregularidade, extrema precariedade ou in\u00e9rcia;<\/li>\n\n\n\n<li>com den\u00fancias e encaminhamentos a entidades colaboradoras especializadas, segundo a individualidade de cada pessoa: cuidados de sa\u00fade, gest\u00e3o de depend\u00eancias, inclus\u00e3o em estruturas de acolhimento, solu\u00e7\u00f5es habitacionais, forma\u00e7\u00e3o e inicia\u00e7\u00e3o ou reintegra\u00e7\u00e3o no mundo do trabalho;<\/li>\n\n\n\n<li>com orienta\u00e7\u00e3o e apoio em tr\u00e2mites burocr\u00e1ticos e acompanhamento a reparti\u00e7\u00f5es p\u00fablicas, nas datas marcadas ou em situa\u00e7\u00f5es de urg\u00eancia &#8211; Registo Civil, Correios, Pol\u00edcia, ASL etc.<\/li>\n<\/ul>\n\n\n\n<p>Em 2024, havia <strong>96 volunt\u00e1rios,<\/strong> dos quais <strong>68 <\/strong>s\u00e3o <strong>s\u00f3cios da Charit\u00e9:<\/strong> 39 homens e 57 mulheres, com idades entre <strong>19 e 93 anos.<\/strong> Dos volunt\u00e1rios, 47 t\u00eam entre 19 e 54 anos, 29 entre 55 e 64, e 20 com mais de 64 anos. Nossos volunt\u00e1rios ofereceram <strong>14.639 horas de servi\u00e7o gratuito.<\/strong><\/p>\n\n\n\n<p>\u201cQuanto \u00e9 bom esperar em Deus e colocar toda a nossa confian\u00e7a Nele!\u201d, escreveu S\u00e3o Vicente de Paulo em 1657.<\/p>\n\n\n\n<figure class=\"wp-block-image size-large\"><img loading=\"lazy\" decoding=\"async\" width=\"1024\" height=\"841\" src=\"https:\/\/filles-de-la-charite.org\/wp-content\/uploads\/2025\/06\/IMG-20250619-WA0021-1024x841.jpg\" alt=\"\" class=\"wp-image-44119\" srcset=\"https:\/\/filles-de-la-charite.org\/wp-content\/uploads\/2025\/06\/IMG-20250619-WA0021-1024x841.jpg 1024w, https:\/\/filles-de-la-charite.org\/wp-content\/uploads\/2025\/06\/IMG-20250619-WA0021-980x805.jpg 980w, https:\/\/filles-de-la-charite.org\/wp-content\/uploads\/2025\/06\/IMG-20250619-WA0021-480x394.jpg 480w\" sizes=\"(min-width: 0px) and (max-width: 480px) 480px, (min-width: 481px) and (max-width: 980px) 980px, (min-width: 981px) 1024px, 100vw\" \/><\/figure>\n\n\n\n<p>Tamb\u00e9m n\u00f3s, hoje, em 2025, confiamos no Senhor, na for\u00e7a e na inspira\u00e7\u00e3o do Seu Esp\u00edrito, em sua miseric\u00f3rdia que sempre acolhe e em Sua provid\u00eancia que jamais abandona. Apropriamo-nos das palavras que o Papa Francisco dirigiu a todos os volunt\u00e1rios que vivem seu compromisso na caridade (na homilia da celebra\u00e7\u00e3o eucar\u00edstica do Jubileu dos Volunt\u00e1rios 2025):<\/p>\n\n\n\n<p><em>\u201cMuito obrigado, car\u00edssimos, porque, a exemplo de Jesus, servis o pr\u00f3ximo sem vos servirdes dele. Nas ruas e nas casas, ao lado dos doentes, dos que sofrem, dos encarcerados, com os jovens e os idosos, a vossa dedica\u00e7\u00e3o infunde esperan\u00e7a em toda a sociedade. Nos desertos da pobreza e da solid\u00e3o, tantos pequenos gestos de servi\u00e7o gratuito fazem florescer rebentos de uma nova humanidade: aquele jardim que Deus sonhou e continua a sonhar para todos n\u00f3s\u201d<\/em><em><\/em><\/p>\n\n\n\n<p>Que a Charit\u00e9, por meio de seus pequenos gestos de servi\u00e7o gratuito, continue sendo o jardim que Deus sonhou &#8211; e continua a sonhar.<\/p>\n\n\n\n<p>Irm\u00e3 Cristina Conti<\/p>\n\n\n\n<p><em>Filha da Caridade<\/em><\/p>\n","protected":false},"excerpt":{"rendered":"<p>Em 2024, a Associa\u00e7\u00e3o de Voluntariado \u201cLa Carit\u00e0 di Santa Luisa OdV ETS\u201d refor\u00e7ou o compromisso de criar, por meio do seu servi\u00e7o, um lugar de paz para as pessoas que acolhe: um espa\u00e7o pequeno e simples de vida, onde se cultivam boas rela\u00e7\u00f5es e se respira confian\u00e7a e esperan\u00e7a. Esperan\u00e7a que, como nos diz [&hellip;]<\/p>\n","protected":false},"author":5,"featured_media":44148,"comment_status":"closed","ping_status":"closed","sticky":false,"template":"","format":"standard","meta":{"_acf_changed":false,"_et_pb_use_builder":"","_et_pb_old_content":"","_et_gb_content_width":"","footnotes":"","_links_to":"","_links_to_target":""},"categories":[743],"tags":[],"class_list":["post-44155","post","type-post","status-publish","format-standard","has-post-thumbnail","hentry","category-san-vincenzo-italia-pt-pt"],"acf":[],"yoast_head":"<!-- This site is optimized with the Yoast SEO plugin v27.5 - https:\/\/yoast.com\/product\/yoast-seo-wordpress\/ -->\n<title>La Carit\u00e0 di Santa Luisa (A Caridade de Santa Lu\u00edsa), ODV ETS, \u201cCharit\u00e9\u201d, Centro de Acolhimento vicentino para e com Pessoas sem-abrigo - Filles de la Charit\u00e9<\/title>\n<meta name=\"robots\" content=\"index, follow, max-snippet:-1, max-image-preview:large, max-video-preview:-1\" \/>\n<link rel=\"canonical\" href=\"https:\/\/filles-de-la-charite.org\/pt-pt\/centro-de-acogida-vicenciano-para-y-con-personas-sin-hogar\/\" \/>\n<meta property=\"og:locale\" content=\"pt_PT\" \/>\n<meta property=\"og:type\" content=\"article\" \/>\n<meta property=\"og:title\" content=\"La Carit\u00e0 di Santa Luisa (A Caridade de Santa Lu\u00edsa), ODV ETS, \u201cCharit\u00e9\u201d, Centro de Acolhimento vicentino para e com Pessoas sem-abrigo - Filles de la Charit\u00e9\" \/>\n<meta property=\"og:description\" content=\"Em 2024, a Associa\u00e7\u00e3o de Voluntariado \u201cLa Carit\u00e0 di Santa Luisa OdV ETS\u201d refor\u00e7ou o compromisso de criar, por meio do seu servi\u00e7o, um lugar de paz para as pessoas que acolhe: um espa\u00e7o pequeno e simples de vida, onde se cultivam boas rela\u00e7\u00f5es e se respira confian\u00e7a e esperan\u00e7a. Esperan\u00e7a que, como nos diz [&hellip;]\" \/>\n<meta property=\"og:url\" content=\"https:\/\/filles-de-la-charite.org\/pt-pt\/centro-de-acogida-vicenciano-para-y-con-personas-sin-hogar\/\" \/>\n<meta property=\"og:site_name\" content=\"Filles de la Charit\u00e9\" \/>\n<meta property=\"article:published_time\" content=\"2025-06-30T16:34:00+00:00\" \/>\n<meta property=\"article:modified_time\" content=\"2025-06-30T16:57:17+00:00\" \/>\n<meta property=\"og:image\" content=\"https:\/\/filles-de-la-charite.org\/wp-content\/uploads\/2025\/06\/IMG-20250619-WA0016.jpg\" \/>\n\t<meta property=\"og:image:width\" content=\"2048\" \/>\n\t<meta property=\"og:image:height\" content=\"1152\" \/>\n\t<meta property=\"og:image:type\" content=\"image\/jpeg\" \/>\n<meta name=\"author\" content=\"SOR MARTA\" \/>\n<meta name=\"twitter:card\" content=\"summary_large_image\" \/>\n<meta name=\"twitter:label1\" content=\"Escrito por\" \/>\n\t<meta name=\"twitter:data1\" content=\"SOR MARTA\" \/>\n\t<meta name=\"twitter:label2\" content=\"Tempo estimado de leitura\" \/>\n\t<meta name=\"twitter:data2\" content=\"5 minutos\" \/>\n<script type=\"application\/ld+json\" class=\"yoast-schema-graph\">{\"@context\":\"https:\\\/\\\/schema.org\",\"@graph\":[{\"@type\":\"Article\",\"@id\":\"https:\\\/\\\/filles-de-la-charite.org\\\/pt-pt\\\/centro-de-acogida-vicenciano-para-y-con-personas-sin-hogar\\\/#article\",\"isPartOf\":{\"@id\":\"https:\\\/\\\/filles-de-la-charite.org\\\/pt-pt\\\/centro-de-acogida-vicenciano-para-y-con-personas-sin-hogar\\\/\"},\"author\":{\"name\":\"SOR MARTA\",\"@id\":\"https:\\\/\\\/filles-de-la-charite.org\\\/pt-pt\\\/#\\\/schema\\\/person\\\/0c922b6ca71280639858d297b3a7209f\"},\"headline\":\"La Carit\u00e0 di Santa Luisa (A Caridade de Santa Lu\u00edsa), ODV ETS, \u201cCharit\u00e9\u201d, Centro de Acolhimento vicentino para e com Pessoas sem-abrigo\",\"datePublished\":\"2025-06-30T16:34:00+00:00\",\"dateModified\":\"2025-06-30T16:57:17+00:00\",\"mainEntityOfPage\":{\"@id\":\"https:\\\/\\\/filles-de-la-charite.org\\\/pt-pt\\\/centro-de-acogida-vicenciano-para-y-con-personas-sin-hogar\\\/\"},\"wordCount\":806,\"publisher\":{\"@id\":\"https:\\\/\\\/filles-de-la-charite.org\\\/pt-pt\\\/#organization\"},\"image\":{\"@id\":\"https:\\\/\\\/filles-de-la-charite.org\\\/pt-pt\\\/centro-de-acogida-vicenciano-para-y-con-personas-sin-hogar\\\/#primaryimage\"},\"thumbnailUrl\":\"https:\\\/\\\/filles-de-la-charite.org\\\/wp-content\\\/uploads\\\/2025\\\/06\\\/IMG-20250619-WA0016.jpg\",\"articleSection\":[\"San Vincenzo &#8211; Italia\"],\"inLanguage\":\"pt-PT\"},{\"@type\":\"WebPage\",\"@id\":\"https:\\\/\\\/filles-de-la-charite.org\\\/pt-pt\\\/centro-de-acogida-vicenciano-para-y-con-personas-sin-hogar\\\/\",\"url\":\"https:\\\/\\\/filles-de-la-charite.org\\\/pt-pt\\\/centro-de-acogida-vicenciano-para-y-con-personas-sin-hogar\\\/\",\"name\":\"La Carit\u00e0 di Santa Luisa (A Caridade de Santa Lu\u00edsa), ODV ETS, \u201cCharit\u00e9\u201d, Centro de Acolhimento vicentino para e com Pessoas sem-abrigo - Filles de la Charit\u00e9\",\"isPartOf\":{\"@id\":\"https:\\\/\\\/filles-de-la-charite.org\\\/pt-pt\\\/#website\"},\"primaryImageOfPage\":{\"@id\":\"https:\\\/\\\/filles-de-la-charite.org\\\/pt-pt\\\/centro-de-acogida-vicenciano-para-y-con-personas-sin-hogar\\\/#primaryimage\"},\"image\":{\"@id\":\"https:\\\/\\\/filles-de-la-charite.org\\\/pt-pt\\\/centro-de-acogida-vicenciano-para-y-con-personas-sin-hogar\\\/#primaryimage\"},\"thumbnailUrl\":\"https:\\\/\\\/filles-de-la-charite.org\\\/wp-content\\\/uploads\\\/2025\\\/06\\\/IMG-20250619-WA0016.jpg\",\"datePublished\":\"2025-06-30T16:34:00+00:00\",\"dateModified\":\"2025-06-30T16:57:17+00:00\",\"breadcrumb\":{\"@id\":\"https:\\\/\\\/filles-de-la-charite.org\\\/pt-pt\\\/centro-de-acogida-vicenciano-para-y-con-personas-sin-hogar\\\/#breadcrumb\"},\"inLanguage\":\"pt-PT\",\"potentialAction\":[{\"@type\":\"ReadAction\",\"target\":[\"https:\\\/\\\/filles-de-la-charite.org\\\/pt-pt\\\/centro-de-acogida-vicenciano-para-y-con-personas-sin-hogar\\\/\"]}]},{\"@type\":\"ImageObject\",\"inLanguage\":\"pt-PT\",\"@id\":\"https:\\\/\\\/filles-de-la-charite.org\\\/pt-pt\\\/centro-de-acogida-vicenciano-para-y-con-personas-sin-hogar\\\/#primaryimage\",\"url\":\"https:\\\/\\\/filles-de-la-charite.org\\\/wp-content\\\/uploads\\\/2025\\\/06\\\/IMG-20250619-WA0016.jpg\",\"contentUrl\":\"https:\\\/\\\/filles-de-la-charite.org\\\/wp-content\\\/uploads\\\/2025\\\/06\\\/IMG-20250619-WA0016.jpg\",\"width\":2048,\"height\":1152},{\"@type\":\"BreadcrumbList\",\"@id\":\"https:\\\/\\\/filles-de-la-charite.org\\\/pt-pt\\\/centro-de-acogida-vicenciano-para-y-con-personas-sin-hogar\\\/#breadcrumb\",\"itemListElement\":[{\"@type\":\"ListItem\",\"position\":1,\"name\":\"San Vincenzo &#8211; Italia\",\"item\":\"https:\\\/\\\/filles-de-la-charite.org\\\/pt-pt\\\/category\\\/san-vincenzo-italia-pt-pt\\\/\"},{\"@type\":\"ListItem\",\"position\":2,\"name\":\"La Carit\u00e0 di Santa Luisa (A Caridade de Santa Lu\u00edsa), ODV ETS, \u201cCharit\u00e9\u201d, Centro de Acolhimento vicentino para e com Pessoas sem-abrigo\"}]},{\"@type\":\"WebSite\",\"@id\":\"https:\\\/\\\/filles-de-la-charite.org\\\/pt-pt\\\/#website\",\"url\":\"https:\\\/\\\/filles-de-la-charite.org\\\/pt-pt\\\/\",\"name\":\"Hijas de la Caridad\",\"description\":\"L\u2019amour de J\u00e9sus nous presse \u00e0 prendre soin des personnes les plus d\u00e9munies\",\"publisher\":{\"@id\":\"https:\\\/\\\/filles-de-la-charite.org\\\/pt-pt\\\/#organization\"},\"potentialAction\":[{\"@type\":\"SearchAction\",\"target\":{\"@type\":\"EntryPoint\",\"urlTemplate\":\"https:\\\/\\\/filles-de-la-charite.org\\\/pt-pt\\\/?s={search_term_string}\"},\"query-input\":{\"@type\":\"PropertyValueSpecification\",\"valueRequired\":true,\"valueName\":\"search_term_string\"}}],\"inLanguage\":\"pt-PT\"},{\"@type\":\"Organization\",\"@id\":\"https:\\\/\\\/filles-de-la-charite.org\\\/pt-pt\\\/#organization\",\"name\":\"Hijas de la Caridad\",\"url\":\"https:\\\/\\\/filles-de-la-charite.org\\\/pt-pt\\\/\",\"logo\":{\"@type\":\"ImageObject\",\"inLanguage\":\"pt-PT\",\"@id\":\"https:\\\/\\\/filles-de-la-charite.org\\\/pt-pt\\\/#\\\/schema\\\/logo\\\/image\\\/\",\"url\":\"https:\\\/\\\/filles-de-la-charite.org\\\/wp-content\\\/uploads\\\/2023\\\/03\\\/isotipo-Hijas-de-la-Caridad.png\",\"contentUrl\":\"https:\\\/\\\/filles-de-la-charite.org\\\/wp-content\\\/uploads\\\/2023\\\/03\\\/isotipo-Hijas-de-la-Caridad.png\",\"width\":1417,\"height\":1417,\"caption\":\"Hijas de la Caridad\"},\"image\":{\"@id\":\"https:\\\/\\\/filles-de-la-charite.org\\\/pt-pt\\\/#\\\/schema\\\/logo\\\/image\\\/\"}},{\"@type\":\"Person\",\"@id\":\"https:\\\/\\\/filles-de-la-charite.org\\\/pt-pt\\\/#\\\/schema\\\/person\\\/0c922b6ca71280639858d297b3a7209f\",\"name\":\"SOR MARTA\",\"image\":{\"@type\":\"ImageObject\",\"inLanguage\":\"pt-PT\",\"@id\":\"https:\\\/\\\/secure.gravatar.com\\\/avatar\\\/d2c45b0fd6bf2d3e2670ab3d112257c24ac80fa960360bba1bdc0676485d1d09?s=96&d=mm&r=g\",\"url\":\"https:\\\/\\\/secure.gravatar.com\\\/avatar\\\/d2c45b0fd6bf2d3e2670ab3d112257c24ac80fa960360bba1bdc0676485d1d09?s=96&d=mm&r=g\",\"contentUrl\":\"https:\\\/\\\/secure.gravatar.com\\\/avatar\\\/d2c45b0fd6bf2d3e2670ab3d112257c24ac80fa960360bba1bdc0676485d1d09?s=96&d=mm&r=g\",\"caption\":\"SOR MARTA\"},\"url\":\"https:\\\/\\\/filles-de-la-charite.org\\\/pt-pt\\\/author\\\/martaemn\\\/\"}]}<\/script>\n<!-- \/ Yoast SEO plugin. -->","yoast_head_json":{"title":"La Carit\u00e0 di Santa Luisa (A Caridade de Santa Lu\u00edsa), ODV ETS, \u201cCharit\u00e9\u201d, Centro de Acolhimento vicentino para e com Pessoas sem-abrigo - Filles de la Charit\u00e9","robots":{"index":"index","follow":"follow","max-snippet":"max-snippet:-1","max-image-preview":"max-image-preview:large","max-video-preview":"max-video-preview:-1"},"canonical":"https:\/\/filles-de-la-charite.org\/pt-pt\/centro-de-acogida-vicenciano-para-y-con-personas-sin-hogar\/","og_locale":"pt_PT","og_type":"article","og_title":"La Carit\u00e0 di Santa Luisa (A Caridade de Santa Lu\u00edsa), ODV ETS, \u201cCharit\u00e9\u201d, Centro de Acolhimento vicentino para e com Pessoas sem-abrigo - Filles de la Charit\u00e9","og_description":"Em 2024, a Associa\u00e7\u00e3o de Voluntariado \u201cLa Carit\u00e0 di Santa Luisa OdV ETS\u201d refor\u00e7ou o compromisso de criar, por meio do seu servi\u00e7o, um lugar de paz para as pessoas que acolhe: um espa\u00e7o pequeno e simples de vida, onde se cultivam boas rela\u00e7\u00f5es e se respira confian\u00e7a e esperan\u00e7a. Esperan\u00e7a que, como nos diz [&hellip;]","og_url":"https:\/\/filles-de-la-charite.org\/pt-pt\/centro-de-acogida-vicenciano-para-y-con-personas-sin-hogar\/","og_site_name":"Filles de la Charit\u00e9","article_published_time":"2025-06-30T16:34:00+00:00","article_modified_time":"2025-06-30T16:57:17+00:00","og_image":[{"width":2048,"height":1152,"url":"https:\/\/filles-de-la-charite.org\/wp-content\/uploads\/2025\/06\/IMG-20250619-WA0016.jpg","type":"image\/jpeg"}],"author":"SOR MARTA","twitter_card":"summary_large_image","twitter_misc":{"Escrito por":"SOR MARTA","Tempo estimado de leitura":"5 minutos"},"schema":{"@context":"https:\/\/schema.org","@graph":[{"@type":"Article","@id":"https:\/\/filles-de-la-charite.org\/pt-pt\/centro-de-acogida-vicenciano-para-y-con-personas-sin-hogar\/#article","isPartOf":{"@id":"https:\/\/filles-de-la-charite.org\/pt-pt\/centro-de-acogida-vicenciano-para-y-con-personas-sin-hogar\/"},"author":{"name":"SOR MARTA","@id":"https:\/\/filles-de-la-charite.org\/pt-pt\/#\/schema\/person\/0c922b6ca71280639858d297b3a7209f"},"headline":"La Carit\u00e0 di Santa Luisa (A Caridade de Santa Lu\u00edsa), ODV ETS, \u201cCharit\u00e9\u201d, Centro de Acolhimento vicentino para e com Pessoas sem-abrigo","datePublished":"2025-06-30T16:34:00+00:00","dateModified":"2025-06-30T16:57:17+00:00","mainEntityOfPage":{"@id":"https:\/\/filles-de-la-charite.org\/pt-pt\/centro-de-acogida-vicenciano-para-y-con-personas-sin-hogar\/"},"wordCount":806,"publisher":{"@id":"https:\/\/filles-de-la-charite.org\/pt-pt\/#organization"},"image":{"@id":"https:\/\/filles-de-la-charite.org\/pt-pt\/centro-de-acogida-vicenciano-para-y-con-personas-sin-hogar\/#primaryimage"},"thumbnailUrl":"https:\/\/filles-de-la-charite.org\/wp-content\/uploads\/2025\/06\/IMG-20250619-WA0016.jpg","articleSection":["San Vincenzo &#8211; Italia"],"inLanguage":"pt-PT"},{"@type":"WebPage","@id":"https:\/\/filles-de-la-charite.org\/pt-pt\/centro-de-acogida-vicenciano-para-y-con-personas-sin-hogar\/","url":"https:\/\/filles-de-la-charite.org\/pt-pt\/centro-de-acogida-vicenciano-para-y-con-personas-sin-hogar\/","name":"La Carit\u00e0 di Santa Luisa (A Caridade de Santa Lu\u00edsa), ODV ETS, \u201cCharit\u00e9\u201d, Centro de Acolhimento vicentino para e com Pessoas sem-abrigo - Filles de la Charit\u00e9","isPartOf":{"@id":"https:\/\/filles-de-la-charite.org\/pt-pt\/#website"},"primaryImageOfPage":{"@id":"https:\/\/filles-de-la-charite.org\/pt-pt\/centro-de-acogida-vicenciano-para-y-con-personas-sin-hogar\/#primaryimage"},"image":{"@id":"https:\/\/filles-de-la-charite.org\/pt-pt\/centro-de-acogida-vicenciano-para-y-con-personas-sin-hogar\/#primaryimage"},"thumbnailUrl":"https:\/\/filles-de-la-charite.org\/wp-content\/uploads\/2025\/06\/IMG-20250619-WA0016.jpg","datePublished":"2025-06-30T16:34:00+00:00","dateModified":"2025-06-30T16:57:17+00:00","breadcrumb":{"@id":"https:\/\/filles-de-la-charite.org\/pt-pt\/centro-de-acogida-vicenciano-para-y-con-personas-sin-hogar\/#breadcrumb"},"inLanguage":"pt-PT","potentialAction":[{"@type":"ReadAction","target":["https:\/\/filles-de-la-charite.org\/pt-pt\/centro-de-acogida-vicenciano-para-y-con-personas-sin-hogar\/"]}]},{"@type":"ImageObject","inLanguage":"pt-PT","@id":"https:\/\/filles-de-la-charite.org\/pt-pt\/centro-de-acogida-vicenciano-para-y-con-personas-sin-hogar\/#primaryimage","url":"https:\/\/filles-de-la-charite.org\/wp-content\/uploads\/2025\/06\/IMG-20250619-WA0016.jpg","contentUrl":"https:\/\/filles-de-la-charite.org\/wp-content\/uploads\/2025\/06\/IMG-20250619-WA0016.jpg","width":2048,"height":1152},{"@type":"BreadcrumbList","@id":"https:\/\/filles-de-la-charite.org\/pt-pt\/centro-de-acogida-vicenciano-para-y-con-personas-sin-hogar\/#breadcrumb","itemListElement":[{"@type":"ListItem","position":1,"name":"San Vincenzo &#8211; Italia","item":"https:\/\/filles-de-la-charite.org\/pt-pt\/category\/san-vincenzo-italia-pt-pt\/"},{"@type":"ListItem","position":2,"name":"La Carit\u00e0 di Santa Luisa (A Caridade de Santa Lu\u00edsa), ODV ETS, \u201cCharit\u00e9\u201d, Centro de Acolhimento vicentino para e com Pessoas sem-abrigo"}]},{"@type":"WebSite","@id":"https:\/\/filles-de-la-charite.org\/pt-pt\/#website","url":"https:\/\/filles-de-la-charite.org\/pt-pt\/","name":"Hijas de la Caridad","description":"L\u2019amour de J\u00e9sus nous presse \u00e0 prendre soin des personnes les plus d\u00e9munies","publisher":{"@id":"https:\/\/filles-de-la-charite.org\/pt-pt\/#organization"},"potentialAction":[{"@type":"SearchAction","target":{"@type":"EntryPoint","urlTemplate":"https:\/\/filles-de-la-charite.org\/pt-pt\/?s={search_term_string}"},"query-input":{"@type":"PropertyValueSpecification","valueRequired":true,"valueName":"search_term_string"}}],"inLanguage":"pt-PT"},{"@type":"Organization","@id":"https:\/\/filles-de-la-charite.org\/pt-pt\/#organization","name":"Hijas de la Caridad","url":"https:\/\/filles-de-la-charite.org\/pt-pt\/","logo":{"@type":"ImageObject","inLanguage":"pt-PT","@id":"https:\/\/filles-de-la-charite.org\/pt-pt\/#\/schema\/logo\/image\/","url":"https:\/\/filles-de-la-charite.org\/wp-content\/uploads\/2023\/03\/isotipo-Hijas-de-la-Caridad.png","contentUrl":"https:\/\/filles-de-la-charite.org\/wp-content\/uploads\/2023\/03\/isotipo-Hijas-de-la-Caridad.png","width":1417,"height":1417,"caption":"Hijas de la Caridad"},"image":{"@id":"https:\/\/filles-de-la-charite.org\/pt-pt\/#\/schema\/logo\/image\/"}},{"@type":"Person","@id":"https:\/\/filles-de-la-charite.org\/pt-pt\/#\/schema\/person\/0c922b6ca71280639858d297b3a7209f","name":"SOR MARTA","image":{"@type":"ImageObject","inLanguage":"pt-PT","@id":"https:\/\/secure.gravatar.com\/avatar\/d2c45b0fd6bf2d3e2670ab3d112257c24ac80fa960360bba1bdc0676485d1d09?s=96&d=mm&r=g","url":"https:\/\/secure.gravatar.com\/avatar\/d2c45b0fd6bf2d3e2670ab3d112257c24ac80fa960360bba1bdc0676485d1d09?s=96&d=mm&r=g","contentUrl":"https:\/\/secure.gravatar.com\/avatar\/d2c45b0fd6bf2d3e2670ab3d112257c24ac80fa960360bba1bdc0676485d1d09?s=96&d=mm&r=g","caption":"SOR MARTA"},"url":"https:\/\/filles-de-la-charite.org\/pt-pt\/author\/martaemn\/"}]}},"_links":{"self":[{"href":"https:\/\/filles-de-la-charite.org\/pt-pt\/wp-json\/wp\/v2\/posts\/44155","targetHints":{"allow":["GET"]}}],"collection":[{"href":"https:\/\/filles-de-la-charite.org\/pt-pt\/wp-json\/wp\/v2\/posts"}],"about":[{"href":"https:\/\/filles-de-la-charite.org\/pt-pt\/wp-json\/wp\/v2\/types\/post"}],"author":[{"embeddable":true,"href":"https:\/\/filles-de-la-charite.org\/pt-pt\/wp-json\/wp\/v2\/users\/5"}],"replies":[{"embeddable":true,"href":"https:\/\/filles-de-la-charite.org\/pt-pt\/wp-json\/wp\/v2\/comments?post=44155"}],"version-history":[{"count":1,"href":"https:\/\/filles-de-la-charite.org\/pt-pt\/wp-json\/wp\/v2\/posts\/44155\/revisions"}],"predecessor-version":[{"id":44163,"href":"https:\/\/filles-de-la-charite.org\/pt-pt\/wp-json\/wp\/v2\/posts\/44155\/revisions\/44163"}],"wp:featuredmedia":[{"embeddable":true,"href":"https:\/\/filles-de-la-charite.org\/pt-pt\/wp-json\/wp\/v2\/media\/44148"}],"wp:attachment":[{"href":"https:\/\/filles-de-la-charite.org\/pt-pt\/wp-json\/wp\/v2\/media?parent=44155"}],"wp:term":[{"taxonomy":"category","embeddable":true,"href":"https:\/\/filles-de-la-charite.org\/pt-pt\/wp-json\/wp\/v2\/categories?post=44155"},{"taxonomy":"post_tag","embeddable":true,"href":"https:\/\/filles-de-la-charite.org\/pt-pt\/wp-json\/wp\/v2\/tags?post=44155"}],"curies":[{"name":"wp","href":"https:\/\/api.w.org\/{rel}","templated":true}]}}