{"id":45284,"date":"2025-08-03T23:27:26","date_gmt":"2025-08-03T21:27:26","guid":{"rendered":"https:\/\/filles-de-la-charite.org\/venerable-teresa-tambelli-peregrina-de-esperanza-entre-los-pobres\/"},"modified":"2025-08-08T02:40:57","modified_gmt":"2025-08-08T00:40:57","slug":"venerable-teresa-tambelli-peregrina-de-esperanza-entre-los-pobres","status":"publish","type":"post","link":"https:\/\/filles-de-la-charite.org\/pt-pt\/venerable-teresa-tambelli-peregrina-de-esperanza-entre-los-pobres\/","title":{"rendered":"VENER\u00c1VEL TERESA TAMBELLI:  PEREGRINA DE ESPERAN\u00c7A ENTRE OS POBRES"},"content":{"rendered":"\n<p>No dia 20 de junho de 2025, o Vaticano reconheceu oficialmente as virtudes heroicas de Irm\u00e3 Teresa Tambelli, Filha da Caridade de S\u00e3o Vicente de Paulo. Esse decreto, autorizado pelo Papa Le\u00e3o XIV e promulgado pelo Dicast\u00e9rio para as Causas dos Santos, concedeu a ela o t\u00edtulo de Vener\u00e1vel \u2014 um passo significativo em seu processo de beatifica\u00e7\u00e3o.<\/p>\n\n\n\n<p>A partir desse reconhecimento, mergulharemos na hist\u00f3ria de vida dessa mulher consagrada e incans\u00e1vel, cuja exist\u00eancia foi marcada pela entrega generosa e pela for\u00e7a da caridade vivida com amor, esperan\u00e7a, f\u00e9 e alegria.<\/p>\n\n\n\n<h3 class=\"wp-block-heading\"><strong>Quem foi Irm\u00e3 TAMBELLI?<\/strong><\/h3>\n\n\n\n<p>Olga Tambelli nasceu em Revere, prov\u00edncia de M\u00e2ntua, na Lombardia, em 17 de janeiro de 1884, sendo a sexta de sete filhos. Sua fam\u00edlia era culta e abastada. O pai, embora advogado, decidiu n\u00e3o exercer a profiss\u00e3o e seguiu Garibaldi na c\u00e9lebre Expedi\u00e7\u00e3o dos Mil. Aos 13 anos, ficou \u00f3rf\u00e3 de ambos os pais. Estudou em Parma, com as Filhas da Cruz, e conheceu as Filhas da Caridade durante as f\u00e9rias em Ostiglia, na casa da irm\u00e3 mais velha. Ficou encantada com o comportamento simples e cordial delas. Ap\u00f3s o diploma, ingressou nas Filhas da Caridade, e sua vida passou a ser inteiramente dedicada \u00e0 miss\u00e3o ardente da caridade.<\/p>\n\n\n\n<p>Pediu para servir em miss\u00e3o no exterior, mas foi enviada \u00e0 Sardenha, outro territ\u00f3rio mission\u00e1rio da \u00e9poca, onde permaneceu por 57 anos. Na nova comunidade, demonstrava amabilidade, humildade, disponibilidade e caridade com as demais irm\u00e3s, conquistando o cora\u00e7\u00e3o de todos.<\/p>\n\n\n\n<figure class=\"wp-block-image size-large\"><img loading=\"lazy\" decoding=\"async\" width=\"1024\" height=\"437\" src=\"https:\/\/filles-de-la-charite.org\/wp-content\/uploads\/2025\/08\/Diapositiva2-1024x437.jpg\" alt=\"\" class=\"wp-image-45266\" srcset=\"https:\/\/filles-de-la-charite.org\/wp-content\/uploads\/2025\/08\/Diapositiva2-980x418.jpg 980w, https:\/\/filles-de-la-charite.org\/wp-content\/uploads\/2025\/08\/Diapositiva2-480x205.jpg 480w\" sizes=\"(min-width: 0px) and (max-width: 480px) 480px, (min-width: 481px) and (max-width: 980px) 980px, (min-width: 981px) 1024px, 100vw\" \/><\/figure>\n\n\n\n<h3 class=\"wp-block-heading\"><strong>Vida e miss\u00e3o<\/strong><\/h3>\n\n\n\n<p>A partir de 1914, ano em que Irm\u00e3 Nicoli chegou ao Asilo da Marina, a aud\u00e1cia da miss\u00e3o das duas irm\u00e3s transformou o bairro Marina. Em 1925, Irm\u00e3 Tambelli sucedeu a Irm\u00e3 Nicoli como superiora da Casa, deu continuidade ao trabalho, atualizou as escolas do Asilo segundo as novas diretrizes e inaugurou oficinas de bordado, costura e conserto. Em 1941, abriu a Escola M\u00e9dia equiparada e o curso de Magist\u00e9rio legalmente reconhecido.<\/p>\n\n\n\n<p>Mas o lugar mais especial em seu cora\u00e7\u00e3o era reservado aos Marianelli, a segunda gera\u00e7\u00e3o dos famosos <em>is piccioccus dei crobi<\/em> (meninos do cesto) de Irm\u00e3 Nicoli. Todos os domingos, enquanto a cidade ainda dormia, acompanhada de outra religiosa, percorria as vielas mal alinhadas do bairro, batendo palmas diante das portas e chamando as crian\u00e7as sonolentas para a missa das seis da manh\u00e3 na par\u00f3quia. Ap\u00f3s a missa, levava todas ao Asilo da Marina para o caf\u00e9 da manh\u00e3, com p\u00e3o e mortadela. Dava catequese com um m\u00e9todo vivo, claro e comunicativo, conquistando o cora\u00e7\u00e3o dos pequenos.<\/p>\n\n\n\n<p>Ap\u00f3s a Segunda Guerra Mundial, aventurou-se at\u00e9 as periferias mais remotas de Cagliari com jovens irm\u00e3s, caminhando com sacos de provis\u00f5es \u00e0s costas. Tinha profunda confian\u00e7a na Divina Provid\u00eancia. Duas vezes por ano, no Natal e na festa de S\u00e3o Vicente, organizava um almo\u00e7o para 1.500 pobres. Entre 1940 e 1943, abriu a Casa aos desabrigados e, ap\u00f3s 1943, toda a comunidade refugiou-se em Uras, um vilarejo no interior da Sardenha, onde montou uma cozinha popular para os pobres.<\/p>\n\n\n\n<figure class=\"wp-block-image size-large\"><img loading=\"lazy\" decoding=\"async\" width=\"1024\" height=\"439\" src=\"https:\/\/filles-de-la-charite.org\/wp-content\/uploads\/2025\/08\/Diapositiva3-1024x439.jpg\" alt=\"\" class=\"wp-image-45272\" srcset=\"https:\/\/filles-de-la-charite.org\/wp-content\/uploads\/2025\/08\/Diapositiva3-980x420.jpg 980w, https:\/\/filles-de-la-charite.org\/wp-content\/uploads\/2025\/08\/Diapositiva3-480x206.jpg 480w\" sizes=\"(min-width: 0px) and (max-width: 480px) 480px, (min-width: 481px) and (max-width: 980px) 980px, (min-width: 981px) 1024px, 100vw\" \/><\/figure>\n\n\n\n<h3 class=\"wp-block-heading\"><strong>Cal\u00fanias e persegui\u00e7\u00e3o<\/strong><\/h3>\n\n\n\n<p>Fundou uma escola m\u00e9dia e ofereceu catequese aos que se preparavam para a Primeira Comunh\u00e3o. Com outras Filhas da Caridade professoras, ministrou aulas no ensino fundamental durante todo o ano letivo.<\/p>\n\n\n\n<p>Quando foi alvo de injusti\u00e7as por parte do presidente da administra\u00e7\u00e3o &#8211; o mesmo que caluniou Irm\u00e3 Nicoli &#8211; enfrentou a prova\u00e7\u00e3o com virtude crist\u00e3 heroica. Expulsa da cidade em 1\u00ba de janeiro de 1934, viveu por nove meses entre Olbia, Turim e Mil\u00e3o, auxiliando as Irm\u00e3s onde houvesse necessidade. Em Mil\u00e3o, serviu os pobres junto ao beato Cardeal Schuster e, por onde passou, dedicava-se aos necessitados com alegria e serenidade.<\/p>\n\n\n\n<p>Em Cagliari, muitas autoridades queriam seu retorno, mas o prefeito, tendo dado sua palavra ao presidente, manteve a decis\u00e3o. Para os superiores, mesmo distante, Irm\u00e3 Teresa continuava sendo a superiora das Irm\u00e3s da Marina. Foram justamente elas, junto \u00e0s Filhas de Maria, \u00e0s Damine e a muitas m\u00e3es e alunas, que realizaram um tr\u00edduo \u00e0 Nossa Senhora de Bonaria, pedindo a gra\u00e7a de seu retorno. Em 27 de setembro, na festa de S\u00e3o Vicente de Paulo, Irm\u00e3 Teresa retornou \u00e0 cidade para a alegria de todos.<\/p>\n\n\n\n<h3 class=\"wp-block-heading\"><strong>Sua \u00faltima viagem<\/strong><\/h3>\n\n\n\n<p>No dia 23 de fevereiro de 1964, logo ap\u00f3s a missa, seu cora\u00e7\u00e3o cessou de bater repentinamente, exausta, mas com \u201cas armas nas m\u00e3os\u201d. A ora\u00e7\u00e3o que Irm\u00e3 Teresa sempre ensinava aos Marianelli: \u201cJesus, Jos\u00e9, Maria, eu vos dou meu cora\u00e7\u00e3o e minha alma; Jesus, Jos\u00e9, Maria, que meu \u00faltimo alimento seja a santa Eucaristia\u201d &#8211; foi atendida. Dizem que ningu\u00e9m saber\u00e1 como ela conseguia ajudar a todos. Permanece como testemunho aut\u00eantico da Caridade de Cristo viva em sua Igreja.<\/p>\n\n\n\n<p class=\"has-text-align-right\"><strong>Irm\u00e3 Rita Columbano, FDC<\/strong><\/p>\n","protected":false},"excerpt":{"rendered":"<p>No dia 20 de junho de 2025, o Vaticano reconheceu oficialmente as virtudes heroicas de Irm\u00e3 Teresa Tambelli, Filha da Caridade de S\u00e3o Vicente de Paulo. Esse decreto, autorizado pelo Papa Le\u00e3o XIV e promulgado pelo Dicast\u00e9rio para as Causas dos Santos, concedeu a ela o t\u00edtulo de Vener\u00e1vel \u2014 um passo significativo em seu [&hellip;]<\/p>\n","protected":false},"author":5,"featured_media":45265,"comment_status":"closed","ping_status":"closed","sticky":false,"template":"","format":"standard","meta":{"_acf_changed":false,"_et_pb_use_builder":"","_et_pb_old_content":"","_et_gb_content_width":"","footnotes":"","_links_to":"","_links_to_target":""},"categories":[743],"tags":[],"class_list":["post-45284","post","type-post","status-publish","format-standard","has-post-thumbnail","hentry","category-san-vincenzo-italia-pt-pt"],"acf":[],"yoast_head":"<!-- This site is optimized with the Yoast SEO plugin v27.5 - https:\/\/yoast.com\/product\/yoast-seo-wordpress\/ -->\n<title>VENER\u00c1VEL TERESA TAMBELLI: PEREGRINA DE ESPERAN\u00c7A ENTRE OS POBRES - Filles de la Charit\u00e9<\/title>\n<meta name=\"robots\" content=\"index, follow, max-snippet:-1, max-image-preview:large, max-video-preview:-1\" \/>\n<link rel=\"canonical\" href=\"https:\/\/filles-de-la-charite.org\/pt-pt\/venerable-teresa-tambelli-peregrina-de-esperanza-entre-los-pobres\/\" \/>\n<meta property=\"og:locale\" content=\"pt_PT\" \/>\n<meta property=\"og:type\" content=\"article\" \/>\n<meta property=\"og:title\" content=\"VENER\u00c1VEL TERESA TAMBELLI: PEREGRINA DE ESPERAN\u00c7A ENTRE OS POBRES - Filles de la Charit\u00e9\" \/>\n<meta property=\"og:description\" content=\"No dia 20 de junho de 2025, o Vaticano reconheceu oficialmente as virtudes heroicas de Irm\u00e3 Teresa Tambelli, Filha da Caridade de S\u00e3o Vicente de Paulo. Esse decreto, autorizado pelo Papa Le\u00e3o XIV e promulgado pelo Dicast\u00e9rio para as Causas dos Santos, concedeu a ela o t\u00edtulo de Vener\u00e1vel \u2014 um passo significativo em seu [&hellip;]\" \/>\n<meta property=\"og:url\" content=\"https:\/\/filles-de-la-charite.org\/pt-pt\/venerable-teresa-tambelli-peregrina-de-esperanza-entre-los-pobres\/\" \/>\n<meta property=\"og:site_name\" content=\"Filles de la Charit\u00e9\" \/>\n<meta property=\"article:published_time\" content=\"2025-08-03T21:27:26+00:00\" \/>\n<meta property=\"article:modified_time\" content=\"2025-08-08T00:40:57+00:00\" \/>\n<meta property=\"og:image\" content=\"https:\/\/filles-de-la-charite.org\/wp-content\/uploads\/2025\/08\/Diapositiva1-scaled.jpg\" \/>\n\t<meta property=\"og:image:width\" content=\"2560\" \/>\n\t<meta property=\"og:image:height\" content=\"1440\" \/>\n\t<meta property=\"og:image:type\" content=\"image\/jpeg\" \/>\n<meta name=\"author\" content=\"SOR MARTA\" \/>\n<meta name=\"twitter:card\" content=\"summary_large_image\" \/>\n<meta name=\"twitter:label1\" content=\"Escrito por\" \/>\n\t<meta name=\"twitter:data1\" content=\"SOR MARTA\" \/>\n\t<meta name=\"twitter:label2\" content=\"Tempo estimado de leitura\" \/>\n\t<meta name=\"twitter:data2\" content=\"5 minutos\" \/>\n<script type=\"application\/ld+json\" class=\"yoast-schema-graph\">{\"@context\":\"https:\\\/\\\/schema.org\",\"@graph\":[{\"@type\":\"Article\",\"@id\":\"https:\\\/\\\/filles-de-la-charite.org\\\/pt-pt\\\/venerable-teresa-tambelli-peregrina-de-esperanza-entre-los-pobres\\\/#article\",\"isPartOf\":{\"@id\":\"https:\\\/\\\/filles-de-la-charite.org\\\/pt-pt\\\/venerable-teresa-tambelli-peregrina-de-esperanza-entre-los-pobres\\\/\"},\"author\":{\"name\":\"SOR MARTA\",\"@id\":\"https:\\\/\\\/filles-de-la-charite.org\\\/pt-pt\\\/#\\\/schema\\\/person\\\/0c922b6ca71280639858d297b3a7209f\"},\"headline\":\"VENER\u00c1VEL TERESA TAMBELLI: PEREGRINA DE ESPERAN\u00c7A ENTRE OS POBRES\",\"datePublished\":\"2025-08-03T21:27:26+00:00\",\"dateModified\":\"2025-08-08T00:40:57+00:00\",\"mainEntityOfPage\":{\"@id\":\"https:\\\/\\\/filles-de-la-charite.org\\\/pt-pt\\\/venerable-teresa-tambelli-peregrina-de-esperanza-entre-los-pobres\\\/\"},\"wordCount\":832,\"publisher\":{\"@id\":\"https:\\\/\\\/filles-de-la-charite.org\\\/pt-pt\\\/#organization\"},\"image\":{\"@id\":\"https:\\\/\\\/filles-de-la-charite.org\\\/pt-pt\\\/venerable-teresa-tambelli-peregrina-de-esperanza-entre-los-pobres\\\/#primaryimage\"},\"thumbnailUrl\":\"https:\\\/\\\/filles-de-la-charite.org\\\/wp-content\\\/uploads\\\/2025\\\/08\\\/Diapositiva1-scaled.jpg\",\"articleSection\":[\"San Vincenzo &#8211; Italia\"],\"inLanguage\":\"pt-PT\"},{\"@type\":\"WebPage\",\"@id\":\"https:\\\/\\\/filles-de-la-charite.org\\\/pt-pt\\\/venerable-teresa-tambelli-peregrina-de-esperanza-entre-los-pobres\\\/\",\"url\":\"https:\\\/\\\/filles-de-la-charite.org\\\/pt-pt\\\/venerable-teresa-tambelli-peregrina-de-esperanza-entre-los-pobres\\\/\",\"name\":\"VENER\u00c1VEL TERESA TAMBELLI: PEREGRINA DE ESPERAN\u00c7A ENTRE OS POBRES - Filles de la Charit\u00e9\",\"isPartOf\":{\"@id\":\"https:\\\/\\\/filles-de-la-charite.org\\\/pt-pt\\\/#website\"},\"primaryImageOfPage\":{\"@id\":\"https:\\\/\\\/filles-de-la-charite.org\\\/pt-pt\\\/venerable-teresa-tambelli-peregrina-de-esperanza-entre-los-pobres\\\/#primaryimage\"},\"image\":{\"@id\":\"https:\\\/\\\/filles-de-la-charite.org\\\/pt-pt\\\/venerable-teresa-tambelli-peregrina-de-esperanza-entre-los-pobres\\\/#primaryimage\"},\"thumbnailUrl\":\"https:\\\/\\\/filles-de-la-charite.org\\\/wp-content\\\/uploads\\\/2025\\\/08\\\/Diapositiva1-scaled.jpg\",\"datePublished\":\"2025-08-03T21:27:26+00:00\",\"dateModified\":\"2025-08-08T00:40:57+00:00\",\"breadcrumb\":{\"@id\":\"https:\\\/\\\/filles-de-la-charite.org\\\/pt-pt\\\/venerable-teresa-tambelli-peregrina-de-esperanza-entre-los-pobres\\\/#breadcrumb\"},\"inLanguage\":\"pt-PT\",\"potentialAction\":[{\"@type\":\"ReadAction\",\"target\":[\"https:\\\/\\\/filles-de-la-charite.org\\\/pt-pt\\\/venerable-teresa-tambelli-peregrina-de-esperanza-entre-los-pobres\\\/\"]}]},{\"@type\":\"ImageObject\",\"inLanguage\":\"pt-PT\",\"@id\":\"https:\\\/\\\/filles-de-la-charite.org\\\/pt-pt\\\/venerable-teresa-tambelli-peregrina-de-esperanza-entre-los-pobres\\\/#primaryimage\",\"url\":\"https:\\\/\\\/filles-de-la-charite.org\\\/wp-content\\\/uploads\\\/2025\\\/08\\\/Diapositiva1-scaled.jpg\",\"contentUrl\":\"https:\\\/\\\/filles-de-la-charite.org\\\/wp-content\\\/uploads\\\/2025\\\/08\\\/Diapositiva1-scaled.jpg\",\"width\":2560,\"height\":1440},{\"@type\":\"BreadcrumbList\",\"@id\":\"https:\\\/\\\/filles-de-la-charite.org\\\/pt-pt\\\/venerable-teresa-tambelli-peregrina-de-esperanza-entre-los-pobres\\\/#breadcrumb\",\"itemListElement\":[{\"@type\":\"ListItem\",\"position\":1,\"name\":\"San Vincenzo &#8211; Italia\",\"item\":\"https:\\\/\\\/filles-de-la-charite.org\\\/pt-pt\\\/category\\\/san-vincenzo-italia-pt-pt\\\/\"},{\"@type\":\"ListItem\",\"position\":2,\"name\":\"VENER\u00c1VEL TERESA TAMBELLI: PEREGRINA DE ESPERAN\u00c7A ENTRE OS POBRES\"}]},{\"@type\":\"WebSite\",\"@id\":\"https:\\\/\\\/filles-de-la-charite.org\\\/pt-pt\\\/#website\",\"url\":\"https:\\\/\\\/filles-de-la-charite.org\\\/pt-pt\\\/\",\"name\":\"Hijas de la Caridad\",\"description\":\"L\u2019amour de J\u00e9sus nous presse \u00e0 prendre soin des personnes les plus d\u00e9munies\",\"publisher\":{\"@id\":\"https:\\\/\\\/filles-de-la-charite.org\\\/pt-pt\\\/#organization\"},\"potentialAction\":[{\"@type\":\"SearchAction\",\"target\":{\"@type\":\"EntryPoint\",\"urlTemplate\":\"https:\\\/\\\/filles-de-la-charite.org\\\/pt-pt\\\/?s={search_term_string}\"},\"query-input\":{\"@type\":\"PropertyValueSpecification\",\"valueRequired\":true,\"valueName\":\"search_term_string\"}}],\"inLanguage\":\"pt-PT\"},{\"@type\":\"Organization\",\"@id\":\"https:\\\/\\\/filles-de-la-charite.org\\\/pt-pt\\\/#organization\",\"name\":\"Hijas de la Caridad\",\"url\":\"https:\\\/\\\/filles-de-la-charite.org\\\/pt-pt\\\/\",\"logo\":{\"@type\":\"ImageObject\",\"inLanguage\":\"pt-PT\",\"@id\":\"https:\\\/\\\/filles-de-la-charite.org\\\/pt-pt\\\/#\\\/schema\\\/logo\\\/image\\\/\",\"url\":\"https:\\\/\\\/filles-de-la-charite.org\\\/wp-content\\\/uploads\\\/2023\\\/03\\\/isotipo-Hijas-de-la-Caridad.png\",\"contentUrl\":\"https:\\\/\\\/filles-de-la-charite.org\\\/wp-content\\\/uploads\\\/2023\\\/03\\\/isotipo-Hijas-de-la-Caridad.png\",\"width\":1417,\"height\":1417,\"caption\":\"Hijas de la Caridad\"},\"image\":{\"@id\":\"https:\\\/\\\/filles-de-la-charite.org\\\/pt-pt\\\/#\\\/schema\\\/logo\\\/image\\\/\"}},{\"@type\":\"Person\",\"@id\":\"https:\\\/\\\/filles-de-la-charite.org\\\/pt-pt\\\/#\\\/schema\\\/person\\\/0c922b6ca71280639858d297b3a7209f\",\"name\":\"SOR MARTA\",\"image\":{\"@type\":\"ImageObject\",\"inLanguage\":\"pt-PT\",\"@id\":\"https:\\\/\\\/secure.gravatar.com\\\/avatar\\\/d2c45b0fd6bf2d3e2670ab3d112257c24ac80fa960360bba1bdc0676485d1d09?s=96&d=mm&r=g\",\"url\":\"https:\\\/\\\/secure.gravatar.com\\\/avatar\\\/d2c45b0fd6bf2d3e2670ab3d112257c24ac80fa960360bba1bdc0676485d1d09?s=96&d=mm&r=g\",\"contentUrl\":\"https:\\\/\\\/secure.gravatar.com\\\/avatar\\\/d2c45b0fd6bf2d3e2670ab3d112257c24ac80fa960360bba1bdc0676485d1d09?s=96&d=mm&r=g\",\"caption\":\"SOR MARTA\"},\"url\":\"https:\\\/\\\/filles-de-la-charite.org\\\/pt-pt\\\/author\\\/martaemn\\\/\"}]}<\/script>\n<!-- \/ Yoast SEO plugin. -->","yoast_head_json":{"title":"VENER\u00c1VEL TERESA TAMBELLI: PEREGRINA DE ESPERAN\u00c7A ENTRE OS POBRES - Filles de la Charit\u00e9","robots":{"index":"index","follow":"follow","max-snippet":"max-snippet:-1","max-image-preview":"max-image-preview:large","max-video-preview":"max-video-preview:-1"},"canonical":"https:\/\/filles-de-la-charite.org\/pt-pt\/venerable-teresa-tambelli-peregrina-de-esperanza-entre-los-pobres\/","og_locale":"pt_PT","og_type":"article","og_title":"VENER\u00c1VEL TERESA TAMBELLI: PEREGRINA DE ESPERAN\u00c7A ENTRE OS POBRES - Filles de la Charit\u00e9","og_description":"No dia 20 de junho de 2025, o Vaticano reconheceu oficialmente as virtudes heroicas de Irm\u00e3 Teresa Tambelli, Filha da Caridade de S\u00e3o Vicente de Paulo. Esse decreto, autorizado pelo Papa Le\u00e3o XIV e promulgado pelo Dicast\u00e9rio para as Causas dos Santos, concedeu a ela o t\u00edtulo de Vener\u00e1vel \u2014 um passo significativo em seu [&hellip;]","og_url":"https:\/\/filles-de-la-charite.org\/pt-pt\/venerable-teresa-tambelli-peregrina-de-esperanza-entre-los-pobres\/","og_site_name":"Filles de la Charit\u00e9","article_published_time":"2025-08-03T21:27:26+00:00","article_modified_time":"2025-08-08T00:40:57+00:00","og_image":[{"width":2560,"height":1440,"url":"https:\/\/filles-de-la-charite.org\/wp-content\/uploads\/2025\/08\/Diapositiva1-scaled.jpg","type":"image\/jpeg"}],"author":"SOR MARTA","twitter_card":"summary_large_image","twitter_misc":{"Escrito por":"SOR MARTA","Tempo estimado de leitura":"5 minutos"},"schema":{"@context":"https:\/\/schema.org","@graph":[{"@type":"Article","@id":"https:\/\/filles-de-la-charite.org\/pt-pt\/venerable-teresa-tambelli-peregrina-de-esperanza-entre-los-pobres\/#article","isPartOf":{"@id":"https:\/\/filles-de-la-charite.org\/pt-pt\/venerable-teresa-tambelli-peregrina-de-esperanza-entre-los-pobres\/"},"author":{"name":"SOR MARTA","@id":"https:\/\/filles-de-la-charite.org\/pt-pt\/#\/schema\/person\/0c922b6ca71280639858d297b3a7209f"},"headline":"VENER\u00c1VEL TERESA TAMBELLI: PEREGRINA DE ESPERAN\u00c7A ENTRE OS POBRES","datePublished":"2025-08-03T21:27:26+00:00","dateModified":"2025-08-08T00:40:57+00:00","mainEntityOfPage":{"@id":"https:\/\/filles-de-la-charite.org\/pt-pt\/venerable-teresa-tambelli-peregrina-de-esperanza-entre-los-pobres\/"},"wordCount":832,"publisher":{"@id":"https:\/\/filles-de-la-charite.org\/pt-pt\/#organization"},"image":{"@id":"https:\/\/filles-de-la-charite.org\/pt-pt\/venerable-teresa-tambelli-peregrina-de-esperanza-entre-los-pobres\/#primaryimage"},"thumbnailUrl":"https:\/\/filles-de-la-charite.org\/wp-content\/uploads\/2025\/08\/Diapositiva1-scaled.jpg","articleSection":["San Vincenzo &#8211; Italia"],"inLanguage":"pt-PT"},{"@type":"WebPage","@id":"https:\/\/filles-de-la-charite.org\/pt-pt\/venerable-teresa-tambelli-peregrina-de-esperanza-entre-los-pobres\/","url":"https:\/\/filles-de-la-charite.org\/pt-pt\/venerable-teresa-tambelli-peregrina-de-esperanza-entre-los-pobres\/","name":"VENER\u00c1VEL TERESA TAMBELLI: PEREGRINA DE ESPERAN\u00c7A ENTRE OS POBRES - Filles de la Charit\u00e9","isPartOf":{"@id":"https:\/\/filles-de-la-charite.org\/pt-pt\/#website"},"primaryImageOfPage":{"@id":"https:\/\/filles-de-la-charite.org\/pt-pt\/venerable-teresa-tambelli-peregrina-de-esperanza-entre-los-pobres\/#primaryimage"},"image":{"@id":"https:\/\/filles-de-la-charite.org\/pt-pt\/venerable-teresa-tambelli-peregrina-de-esperanza-entre-los-pobres\/#primaryimage"},"thumbnailUrl":"https:\/\/filles-de-la-charite.org\/wp-content\/uploads\/2025\/08\/Diapositiva1-scaled.jpg","datePublished":"2025-08-03T21:27:26+00:00","dateModified":"2025-08-08T00:40:57+00:00","breadcrumb":{"@id":"https:\/\/filles-de-la-charite.org\/pt-pt\/venerable-teresa-tambelli-peregrina-de-esperanza-entre-los-pobres\/#breadcrumb"},"inLanguage":"pt-PT","potentialAction":[{"@type":"ReadAction","target":["https:\/\/filles-de-la-charite.org\/pt-pt\/venerable-teresa-tambelli-peregrina-de-esperanza-entre-los-pobres\/"]}]},{"@type":"ImageObject","inLanguage":"pt-PT","@id":"https:\/\/filles-de-la-charite.org\/pt-pt\/venerable-teresa-tambelli-peregrina-de-esperanza-entre-los-pobres\/#primaryimage","url":"https:\/\/filles-de-la-charite.org\/wp-content\/uploads\/2025\/08\/Diapositiva1-scaled.jpg","contentUrl":"https:\/\/filles-de-la-charite.org\/wp-content\/uploads\/2025\/08\/Diapositiva1-scaled.jpg","width":2560,"height":1440},{"@type":"BreadcrumbList","@id":"https:\/\/filles-de-la-charite.org\/pt-pt\/venerable-teresa-tambelli-peregrina-de-esperanza-entre-los-pobres\/#breadcrumb","itemListElement":[{"@type":"ListItem","position":1,"name":"San Vincenzo &#8211; Italia","item":"https:\/\/filles-de-la-charite.org\/pt-pt\/category\/san-vincenzo-italia-pt-pt\/"},{"@type":"ListItem","position":2,"name":"VENER\u00c1VEL TERESA TAMBELLI: PEREGRINA DE ESPERAN\u00c7A ENTRE OS POBRES"}]},{"@type":"WebSite","@id":"https:\/\/filles-de-la-charite.org\/pt-pt\/#website","url":"https:\/\/filles-de-la-charite.org\/pt-pt\/","name":"Hijas de la Caridad","description":"L\u2019amour de J\u00e9sus nous presse \u00e0 prendre soin des personnes les plus d\u00e9munies","publisher":{"@id":"https:\/\/filles-de-la-charite.org\/pt-pt\/#organization"},"potentialAction":[{"@type":"SearchAction","target":{"@type":"EntryPoint","urlTemplate":"https:\/\/filles-de-la-charite.org\/pt-pt\/?s={search_term_string}"},"query-input":{"@type":"PropertyValueSpecification","valueRequired":true,"valueName":"search_term_string"}}],"inLanguage":"pt-PT"},{"@type":"Organization","@id":"https:\/\/filles-de-la-charite.org\/pt-pt\/#organization","name":"Hijas de la Caridad","url":"https:\/\/filles-de-la-charite.org\/pt-pt\/","logo":{"@type":"ImageObject","inLanguage":"pt-PT","@id":"https:\/\/filles-de-la-charite.org\/pt-pt\/#\/schema\/logo\/image\/","url":"https:\/\/filles-de-la-charite.org\/wp-content\/uploads\/2023\/03\/isotipo-Hijas-de-la-Caridad.png","contentUrl":"https:\/\/filles-de-la-charite.org\/wp-content\/uploads\/2023\/03\/isotipo-Hijas-de-la-Caridad.png","width":1417,"height":1417,"caption":"Hijas de la Caridad"},"image":{"@id":"https:\/\/filles-de-la-charite.org\/pt-pt\/#\/schema\/logo\/image\/"}},{"@type":"Person","@id":"https:\/\/filles-de-la-charite.org\/pt-pt\/#\/schema\/person\/0c922b6ca71280639858d297b3a7209f","name":"SOR MARTA","image":{"@type":"ImageObject","inLanguage":"pt-PT","@id":"https:\/\/secure.gravatar.com\/avatar\/d2c45b0fd6bf2d3e2670ab3d112257c24ac80fa960360bba1bdc0676485d1d09?s=96&d=mm&r=g","url":"https:\/\/secure.gravatar.com\/avatar\/d2c45b0fd6bf2d3e2670ab3d112257c24ac80fa960360bba1bdc0676485d1d09?s=96&d=mm&r=g","contentUrl":"https:\/\/secure.gravatar.com\/avatar\/d2c45b0fd6bf2d3e2670ab3d112257c24ac80fa960360bba1bdc0676485d1d09?s=96&d=mm&r=g","caption":"SOR MARTA"},"url":"https:\/\/filles-de-la-charite.org\/pt-pt\/author\/martaemn\/"}]}},"_links":{"self":[{"href":"https:\/\/filles-de-la-charite.org\/pt-pt\/wp-json\/wp\/v2\/posts\/45284","targetHints":{"allow":["GET"]}}],"collection":[{"href":"https:\/\/filles-de-la-charite.org\/pt-pt\/wp-json\/wp\/v2\/posts"}],"about":[{"href":"https:\/\/filles-de-la-charite.org\/pt-pt\/wp-json\/wp\/v2\/types\/post"}],"author":[{"embeddable":true,"href":"https:\/\/filles-de-la-charite.org\/pt-pt\/wp-json\/wp\/v2\/users\/5"}],"replies":[{"embeddable":true,"href":"https:\/\/filles-de-la-charite.org\/pt-pt\/wp-json\/wp\/v2\/comments?post=45284"}],"version-history":[{"count":2,"href":"https:\/\/filles-de-la-charite.org\/pt-pt\/wp-json\/wp\/v2\/posts\/45284\/revisions"}],"predecessor-version":[{"id":45296,"href":"https:\/\/filles-de-la-charite.org\/pt-pt\/wp-json\/wp\/v2\/posts\/45284\/revisions\/45296"}],"wp:featuredmedia":[{"embeddable":true,"href":"https:\/\/filles-de-la-charite.org\/pt-pt\/wp-json\/wp\/v2\/media\/45265"}],"wp:attachment":[{"href":"https:\/\/filles-de-la-charite.org\/pt-pt\/wp-json\/wp\/v2\/media?parent=45284"}],"wp:term":[{"taxonomy":"category","embeddable":true,"href":"https:\/\/filles-de-la-charite.org\/pt-pt\/wp-json\/wp\/v2\/categories?post=45284"},{"taxonomy":"post_tag","embeddable":true,"href":"https:\/\/filles-de-la-charite.org\/pt-pt\/wp-json\/wp\/v2\/tags?post=45284"}],"curies":[{"name":"wp","href":"https:\/\/api.w.org\/{rel}","templated":true}]}}