{"id":45369,"date":"2025-08-08T17:52:37","date_gmt":"2025-08-08T15:52:37","guid":{"rendered":"https:\/\/filles-de-la-charite.org\/?p=45369"},"modified":"2025-08-08T14:03:05","modified_gmt":"2025-08-08T12:03:05","slug":"una-nueva-vida-en-cristo-una-esperanza-que-acoge-a-los-excluidos","status":"publish","type":"post","link":"https:\/\/filles-de-la-charite.org\/pt-pt\/una-nueva-vida-en-cristo-una-esperanza-que-acoge-a-los-excluidos\/","title":{"rendered":"Uma nova vida em Cristo: uma Esperan\u00e7a que acolhe os exclu\u00eddos"},"content":{"rendered":"\n<p><strong>\u201cEu te batizo em nome do Pai, do Filho e do Esp\u00edrito Santo!\u201d (CIC n\u00ba 1240).<\/strong> No \u00faltimo dia 22 de maio de 2025, essa frase ressoou duas vezes na Igreja de Saint-Leu-Saint-Gilles (Paris, 1\u00ba). David e V\u00e9ronique, um casal que vivia nas ruas, acabaram de entrar para a fam\u00edlia dos filhos de Deus! Nos rostos da assembleia presente lia-se a alegria de ter vivido esse momento \u00fanico e sagrado ao lado dos dois novos batizados, rodeados por entes queridos, bem como por funcion\u00e1rios, volunt\u00e1rios e pessoas acolhidas pela associa\u00e7\u00e3o <em>Aux captifs, la lib\u00e9ration<\/em>, (Aos cativos, a libera\u00e7\u00e3o) reunidos para essa ora\u00e7\u00e3o de rua fora do comum.<\/p>\n\n\n\n<figure class=\"wp-block-image size-large\"><img loading=\"lazy\" decoding=\"async\" width=\"768\" height=\"1024\" src=\"https:\/\/filles-de-la-charite.org\/wp-content\/uploads\/2025\/08\/1000022857-768x1024.jpg\" alt=\"\" class=\"wp-image-45340\"\/><\/figure>\n\n\n\n<p>O padre Arnaud Bancon, p\u00e1roco e capel\u00e3o da associa\u00e7\u00e3o <em>Aux captifs, la lib\u00e9ration<\/em>, convidou Dom Emmanuel Tois para celebrar o batismo de David e V\u00e9ronique. Este evento dinamiza a vida da sess\u00e3o de Paris Centro, unida \u00e0 par\u00f3quia de Saint-Leu-Saint-Gilles, que acompanha pessoas em situa\u00e7\u00e3o de grande precariedade desde 1983.<\/p>\n\n\n\n<p><strong>V\u00e9ronique e David<\/strong> h\u00e1 v\u00e1rios anos frequentam \u00e0 associa\u00e7\u00e3o, que acolhe pessoas em situa\u00e7\u00e3o de rua para efetuar correspond\u00eancia e tr\u00e2mites administrativos. V\u00e1rias vezes David pediu o batismo: \u201c<em>Quero reencontrar o SENHOR puro\u201d<\/em>. Os primeiros pedidos ficaram um pouco no sil\u00eancio, e decidimos, com David, encontrar-nos com o padre da par\u00f3quia. David explicou-nos que sua companheira V\u00e9ronique tamb\u00e9m desejava dar esse passo.<\/p>\n\n\n\n<p>Ambos estavam sofrendo muito, com uma vida bastante agitada. Como poderiam viver o catecumenato da Diocese, seu conte\u00fado, o ritmo dos participantes de outro meio? Dom Tois, Bispo auxiliar da Diocese, compreendeu nossa preocupa\u00e7\u00e3o e confiou em n\u00f3s a proposta de acompanhamento local.<\/p>\n\n\n\n<p><em>P<\/em>ropomos um momento de ora\u00e7\u00e3o na rua todos os meses. Nessas ocasi\u00f5es, convidamos os envolvidos a viver esses momentos como prepara\u00e7\u00e3o para o batismo, passando pelas etapas do rito. Em cada etapa, todos os participantes de rua foram protagonistas: a entrega do credo, da cruz, do Pai-Nosso, da luz&#8230;<\/p>\n\n\n\n<p><strong>Depoimentos dos batizados e acompanhantes<\/strong><\/p>\n\n\n\n<h4 class=\"wp-block-heading\"><strong>Testemunho de David<\/strong><\/h4>\n\n\n\n<p>Pe\u00e7o o batismo. \u00c9 o momento \u2014 h\u00e1 muito tempo que o desejo. N\u00e3o gosto de falar, mas, para mim, \u00e9 como um renascimento e um perd\u00e3o. Ir em frente e esquecer tudo&#8230; N\u00e3o, nunca esquecer, mas sim renascer e perdoar. Na minha vida, fui uma pessoa muito m\u00e1. Agora estou limpo como ser humano. Hoje sei que eu dependo Dele (olha para o c\u00e9u e levanta o dedo).<\/p>\n\n\n\n<figure class=\"wp-block-image size-large\"><img loading=\"lazy\" decoding=\"async\" width=\"1024\" height=\"576\" src=\"https:\/\/filles-de-la-charite.org\/wp-content\/uploads\/2025\/08\/1000023017C-1024x576.jpg\" alt=\"\" class=\"wp-image-45358\" srcset=\"https:\/\/filles-de-la-charite.org\/wp-content\/uploads\/2025\/08\/1000023017C-980x551.jpg 980w, https:\/\/filles-de-la-charite.org\/wp-content\/uploads\/2025\/08\/1000023017C-480x270.jpg 480w\" sizes=\"(min-width: 0px) and (max-width: 480px) 480px, (min-width: 481px) and (max-width: 980px) 980px, (min-width: 981px) 1024px, 100vw\" \/><\/figure>\n\n\n\n<p><strong>Testemunho de V\u00e9ronique<\/strong><\/p>\n\n\n\n<p>H\u00e1 muito tempo que pe\u00e7o o batismo. Tenho uma rela\u00e7\u00e3o muito pr\u00f3xima com o Senhor; senti-o no mais profundo de mim, na minha vida. Perdi minha m\u00e3e e senti que estava caindo no mais profundo abismo. Mas, Deus estava l\u00e1 e dizia-me: \u201c<em>N\u00e3o temas, estou contigo\u201d<\/em>. Sentia uma for\u00e7a imensur\u00e1vel no meu cora\u00e7\u00e3o e no meu esp\u00edrito. N\u00e3o estava sozinha, por\u00e9m, mais forte, sentia-me acompanhada por algu\u00e9m maior que eu, maior que a dor, a tristeza, o pesar, a raiva, o \u00f3dio, a confus\u00e3o, o desespero, o medo. Pensava muito em Deus, e Ele afastava os meus maus pensamentos, que se dissipavam como as minhas trevas.<\/p>\n\n\n\n<p>Jesus est\u00e1 em cada um de n\u00f3s, estar\u00e1 conosco at\u00e9 \u00e0 nossa eternidade \u2014 basta lembrarmo-nos disso. Penso na minha m\u00e3e; foi por ela que desejei o batismo. Ela tamb\u00e9m o desejava. Deve estar t\u00e3o feliz hoje. Obrigada ao Bispo Emmanuel, aos meus amigos t\u00e3o queridos, presentes hoje de forma especial.<\/p>\n\n\n\n<p>Obrigada a Associa\u00e7\u00e3o, \u00e0 par\u00f3quia de Saint-Leu \u2014 acolheram-nos sem julgamentos, sem cr\u00edticas. \u00c9ramos pessoas turbulentas. Esses lugares acolhem os isolados, os sofredores. Todos os tipos de mis\u00e9rias s\u00e3o bem-vindas. N\u00e3o temos fam\u00edlia, mas aqui reencontramos uma. Obrigada. Que o Senhor vos aben\u00e7oe!<\/p>\n\n\n\n<figure class=\"wp-block-image size-large\"><img loading=\"lazy\" decoding=\"async\" width=\"768\" height=\"1024\" src=\"https:\/\/filles-de-la-charite.org\/wp-content\/uploads\/2025\/08\/1000023271-768x1024.jpg\" alt=\"\" class=\"wp-image-45321\"\/><\/figure>\n\n\n\n<p><strong>Testemunho da Irm\u00e3 Solange<\/strong><\/p>\n\n\n\n<p>Voc\u00eas t\u00eam nomes que encontramos na B\u00edblia. E, em breve, pelo batismo, ser\u00e3o confirmados pelos dois nomes. David, do Antigo Testamento, foi o rei escolhido por Deus. Ele mostra que o homem nunca \u00e9 abandonado quando cumpre a tarefa que lhe foi confiada. Ver\u00f3nica, do Novo Testamento, \u00e9 uma mulher que seguiu Jesus e teve coragem de parar os guardas durante a Via-Sacra para lhe limpar o rosto.<\/p>\n\n\n\n<p>Que belas miss\u00f5es para ambos! Tive a alegria de partilhar momentos especiais com voc\u00eas durante a prepara\u00e7\u00e3o para o batismo. Fui testemunha da vossa busca por Jesus Cristo, da f\u00e9 j\u00e1 presente h\u00e1 muito tempo em suas vidas, com espa\u00e7o para a ora\u00e7\u00e3o nos momentos dif\u00edceis.<\/p>\n\n\n\n<figure class=\"wp-block-image size-large\"><img loading=\"lazy\" decoding=\"async\" width=\"1024\" height=\"576\" src=\"https:\/\/filles-de-la-charite.org\/wp-content\/uploads\/2025\/08\/1000023337C-1024x576.jpg\" alt=\"\" class=\"wp-image-45352\" srcset=\"https:\/\/filles-de-la-charite.org\/wp-content\/uploads\/2025\/08\/1000023337C-980x551.jpg 980w, https:\/\/filles-de-la-charite.org\/wp-content\/uploads\/2025\/08\/1000023337C-480x270.jpg 480w\" sizes=\"(min-width: 0px) and (max-width: 480px) 480px, (min-width: 481px) and (max-width: 980px) 980px, (min-width: 981px) 1024px, 100vw\" \/><\/figure>\n\n\n\n<p><strong>Destaco algumas frases marcantes as quais compartilho agora<\/strong><\/p>\n\n\n\n<p>\u201cGosto do salmo 26 e de o rezar nos momentos dif\u00edceis, sentia que o Senhor me tornava mais forte, era uma for\u00e7a e uma confian\u00e7a nas dificuldades\u201d.<\/p>\n\n\n\n<p>\u201cPara mim, tudo est\u00e1 no meu cora\u00e7\u00e3o, sei que Deus est\u00e1 presente, n\u00e3o sei falar, nunca me ensinaram, na rua n\u00e3o se fala\u201d.<\/p>\n\n\n\n<p>\u201cO batismo vai dar-nos um amor profundo e indestrut\u00edvel, caso contr\u00e1rio, somos um vaso vazio\u201d.<\/p>\n\n\n\n<p>\u201cO amor de DEUS \u00e9 mais forte do que o dos homens, \u00e9 Deus que nos d\u00e1 a vida\u201d.<\/p>\n\n\n\n<p>V\u00e9ronique e David, voc\u00eas escolheram os textos, os c\u00e2nticos e expressaram o sentido desse passo em suas vidas: receber o batismo. Deram um lugar particular em seus cora\u00e7\u00f5es ao amor de Deus e aos nossos irm\u00e3os. Perceberam a necessidade de viver uma nova vida ap\u00f3s os vossos sofrimentos e dificuldades.<\/p>\n\n\n\n<p>Voc\u00eas expressaram ser acolhidos numa fam\u00edlia: a Igreja Saint Leu, a Associa\u00e7\u00e3o&#8221;. Voc\u00eas sofreram com essa falta de fam\u00edlia: saibam hoje que essa fam\u00edlia os ama. Voc\u00eas ocupam um lugar especial nela.<\/p>\n\n\n\n<p>Obrigado, David e V\u00e9ronique. Nesta prepara\u00e7\u00e3o, voc\u00eas me ensinaram a prestar mais aten\u00e7\u00e3o a vida cotidiana, as perguntas que s\u00e3o feitas, os desejos, os anseios, e as d\u00favidas. Aprendi a seguir o caminho da simplicidade na minha rela\u00e7\u00e3o com Deus, com voc\u00eas, com todos os irm\u00e3os e irm\u00e3s e a estar \u00e0 escuta. Obrigado pela confian\u00e7a e amizade.<\/p>\n","protected":false},"excerpt":{"rendered":"<p>\u201cEu te batizo em nome do Pai, do Filho e do Esp\u00edrito Santo!\u201d (CIC n\u00ba 1240). No \u00faltimo dia 22 de maio de 2025, essa frase ressoou duas vezes na Igreja de Saint-Leu-Saint-Gilles (Paris, 1\u00ba). David e V\u00e9ronique, um casal que vivia nas ruas, acabaram de entrar para a fam\u00edlia dos filhos de Deus! Nos [&hellip;]<\/p>\n","protected":false},"author":5,"featured_media":45351,"comment_status":"closed","ping_status":"closed","sticky":false,"template":"","format":"standard","meta":{"_acf_changed":false,"_et_pb_use_builder":"","_et_pb_old_content":"","_et_gb_content_width":"","footnotes":"","_links_to":"","_links_to_target":""},"categories":[566],"tags":[],"class_list":["post-45369","post","type-post","status-publish","format-standard","has-post-thumbnail","hentry","category-belgica-franca-suica-pt-pt"],"acf":[],"yoast_head":"<!-- This site is optimized with the Yoast SEO plugin v27.5 - https:\/\/yoast.com\/product\/yoast-seo-wordpress\/ -->\n<title>Uma nova vida em Cristo: uma Esperan\u00e7a que acolhe os exclu\u00eddos - Filles de la Charit\u00e9<\/title>\n<meta name=\"robots\" content=\"index, follow, max-snippet:-1, max-image-preview:large, max-video-preview:-1\" \/>\n<link rel=\"canonical\" href=\"https:\/\/filles-de-la-charite.org\/pt-pt\/una-nueva-vida-en-cristo-una-esperanza-que-acoge-a-los-excluidos\/\" \/>\n<meta property=\"og:locale\" content=\"pt_PT\" \/>\n<meta property=\"og:type\" content=\"article\" \/>\n<meta property=\"og:title\" content=\"Uma nova vida em Cristo: uma Esperan\u00e7a que acolhe os exclu\u00eddos - Filles de la Charit\u00e9\" \/>\n<meta property=\"og:description\" content=\"\u201cEu te batizo em nome do Pai, do Filho e do Esp\u00edrito Santo!\u201d (CIC n\u00ba 1240). No \u00faltimo dia 22 de maio de 2025, essa frase ressoou duas vezes na Igreja de Saint-Leu-Saint-Gilles (Paris, 1\u00ba). David e V\u00e9ronique, um casal que vivia nas ruas, acabaram de entrar para a fam\u00edlia dos filhos de Deus! Nos [&hellip;]\" \/>\n<meta property=\"og:url\" content=\"https:\/\/filles-de-la-charite.org\/pt-pt\/una-nueva-vida-en-cristo-una-esperanza-que-acoge-a-los-excluidos\/\" \/>\n<meta property=\"og:site_name\" content=\"Filles de la Charit\u00e9\" \/>\n<meta property=\"article:published_time\" content=\"2025-08-08T15:52:37+00:00\" \/>\n<meta property=\"og:image\" content=\"https:\/\/filles-de-la-charite.org\/wp-content\/uploads\/2025\/08\/1000022982-copia.jpg\" \/>\n\t<meta property=\"og:image:width\" content=\"1200\" \/>\n\t<meta property=\"og:image:height\" content=\"675\" \/>\n\t<meta property=\"og:image:type\" content=\"image\/jpeg\" \/>\n<meta name=\"author\" content=\"SOR MARTA\" \/>\n<meta name=\"twitter:card\" content=\"summary_large_image\" \/>\n<meta name=\"twitter:label1\" content=\"Escrito por\" \/>\n\t<meta name=\"twitter:data1\" content=\"SOR MARTA\" \/>\n\t<meta name=\"twitter:label2\" content=\"Tempo estimado de leitura\" \/>\n\t<meta name=\"twitter:data2\" content=\"6 minutos\" \/>\n<script type=\"application\/ld+json\" class=\"yoast-schema-graph\">{\"@context\":\"https:\\\/\\\/schema.org\",\"@graph\":[{\"@type\":\"Article\",\"@id\":\"https:\\\/\\\/filles-de-la-charite.org\\\/pt-pt\\\/una-nueva-vida-en-cristo-una-esperanza-que-acoge-a-los-excluidos\\\/#article\",\"isPartOf\":{\"@id\":\"https:\\\/\\\/filles-de-la-charite.org\\\/pt-pt\\\/una-nueva-vida-en-cristo-una-esperanza-que-acoge-a-los-excluidos\\\/\"},\"author\":{\"name\":\"SOR MARTA\",\"@id\":\"https:\\\/\\\/filles-de-la-charite.org\\\/pt-pt\\\/#\\\/schema\\\/person\\\/0c922b6ca71280639858d297b3a7209f\"},\"headline\":\"Uma nova vida em Cristo: uma Esperan\u00e7a que acolhe os exclu\u00eddos\",\"datePublished\":\"2025-08-08T15:52:37+00:00\",\"mainEntityOfPage\":{\"@id\":\"https:\\\/\\\/filles-de-la-charite.org\\\/pt-pt\\\/una-nueva-vida-en-cristo-una-esperanza-que-acoge-a-los-excluidos\\\/\"},\"wordCount\":1043,\"publisher\":{\"@id\":\"https:\\\/\\\/filles-de-la-charite.org\\\/pt-pt\\\/#organization\"},\"image\":{\"@id\":\"https:\\\/\\\/filles-de-la-charite.org\\\/pt-pt\\\/una-nueva-vida-en-cristo-una-esperanza-que-acoge-a-los-excluidos\\\/#primaryimage\"},\"thumbnailUrl\":\"https:\\\/\\\/filles-de-la-charite.org\\\/wp-content\\\/uploads\\\/2025\\\/08\\\/1000022982-copia.jpg\",\"articleSection\":[\"B\u00e9lgica-Fran\u00e7a-Su\u00ed\u00e7a\"],\"inLanguage\":\"pt-PT\"},{\"@type\":\"WebPage\",\"@id\":\"https:\\\/\\\/filles-de-la-charite.org\\\/pt-pt\\\/una-nueva-vida-en-cristo-una-esperanza-que-acoge-a-los-excluidos\\\/\",\"url\":\"https:\\\/\\\/filles-de-la-charite.org\\\/pt-pt\\\/una-nueva-vida-en-cristo-una-esperanza-que-acoge-a-los-excluidos\\\/\",\"name\":\"Uma nova vida em Cristo: uma Esperan\u00e7a que acolhe os exclu\u00eddos - Filles de la Charit\u00e9\",\"isPartOf\":{\"@id\":\"https:\\\/\\\/filles-de-la-charite.org\\\/pt-pt\\\/#website\"},\"primaryImageOfPage\":{\"@id\":\"https:\\\/\\\/filles-de-la-charite.org\\\/pt-pt\\\/una-nueva-vida-en-cristo-una-esperanza-que-acoge-a-los-excluidos\\\/#primaryimage\"},\"image\":{\"@id\":\"https:\\\/\\\/filles-de-la-charite.org\\\/pt-pt\\\/una-nueva-vida-en-cristo-una-esperanza-que-acoge-a-los-excluidos\\\/#primaryimage\"},\"thumbnailUrl\":\"https:\\\/\\\/filles-de-la-charite.org\\\/wp-content\\\/uploads\\\/2025\\\/08\\\/1000022982-copia.jpg\",\"datePublished\":\"2025-08-08T15:52:37+00:00\",\"breadcrumb\":{\"@id\":\"https:\\\/\\\/filles-de-la-charite.org\\\/pt-pt\\\/una-nueva-vida-en-cristo-una-esperanza-que-acoge-a-los-excluidos\\\/#breadcrumb\"},\"inLanguage\":\"pt-PT\",\"potentialAction\":[{\"@type\":\"ReadAction\",\"target\":[\"https:\\\/\\\/filles-de-la-charite.org\\\/pt-pt\\\/una-nueva-vida-en-cristo-una-esperanza-que-acoge-a-los-excluidos\\\/\"]}]},{\"@type\":\"ImageObject\",\"inLanguage\":\"pt-PT\",\"@id\":\"https:\\\/\\\/filles-de-la-charite.org\\\/pt-pt\\\/una-nueva-vida-en-cristo-una-esperanza-que-acoge-a-los-excluidos\\\/#primaryimage\",\"url\":\"https:\\\/\\\/filles-de-la-charite.org\\\/wp-content\\\/uploads\\\/2025\\\/08\\\/1000022982-copia.jpg\",\"contentUrl\":\"https:\\\/\\\/filles-de-la-charite.org\\\/wp-content\\\/uploads\\\/2025\\\/08\\\/1000022982-copia.jpg\",\"width\":1200,\"height\":675},{\"@type\":\"BreadcrumbList\",\"@id\":\"https:\\\/\\\/filles-de-la-charite.org\\\/pt-pt\\\/una-nueva-vida-en-cristo-una-esperanza-que-acoge-a-los-excluidos\\\/#breadcrumb\",\"itemListElement\":[{\"@type\":\"ListItem\",\"position\":1,\"name\":\"B\u00e9lgica-Fran\u00e7a-Su\u00ed\u00e7a\",\"item\":\"https:\\\/\\\/filles-de-la-charite.org\\\/pt-pt\\\/category\\\/belgica-franca-suica-pt-pt\\\/\"},{\"@type\":\"ListItem\",\"position\":2,\"name\":\"Uma nova vida em Cristo: uma Esperan\u00e7a que acolhe os exclu\u00eddos\"}]},{\"@type\":\"WebSite\",\"@id\":\"https:\\\/\\\/filles-de-la-charite.org\\\/pt-pt\\\/#website\",\"url\":\"https:\\\/\\\/filles-de-la-charite.org\\\/pt-pt\\\/\",\"name\":\"Hijas de la Caridad\",\"description\":\"L\u2019amour de J\u00e9sus nous presse \u00e0 prendre soin des personnes les plus d\u00e9munies\",\"publisher\":{\"@id\":\"https:\\\/\\\/filles-de-la-charite.org\\\/pt-pt\\\/#organization\"},\"potentialAction\":[{\"@type\":\"SearchAction\",\"target\":{\"@type\":\"EntryPoint\",\"urlTemplate\":\"https:\\\/\\\/filles-de-la-charite.org\\\/pt-pt\\\/?s={search_term_string}\"},\"query-input\":{\"@type\":\"PropertyValueSpecification\",\"valueRequired\":true,\"valueName\":\"search_term_string\"}}],\"inLanguage\":\"pt-PT\"},{\"@type\":\"Organization\",\"@id\":\"https:\\\/\\\/filles-de-la-charite.org\\\/pt-pt\\\/#organization\",\"name\":\"Hijas de la Caridad\",\"url\":\"https:\\\/\\\/filles-de-la-charite.org\\\/pt-pt\\\/\",\"logo\":{\"@type\":\"ImageObject\",\"inLanguage\":\"pt-PT\",\"@id\":\"https:\\\/\\\/filles-de-la-charite.org\\\/pt-pt\\\/#\\\/schema\\\/logo\\\/image\\\/\",\"url\":\"https:\\\/\\\/filles-de-la-charite.org\\\/wp-content\\\/uploads\\\/2023\\\/03\\\/isotipo-Hijas-de-la-Caridad.png\",\"contentUrl\":\"https:\\\/\\\/filles-de-la-charite.org\\\/wp-content\\\/uploads\\\/2023\\\/03\\\/isotipo-Hijas-de-la-Caridad.png\",\"width\":1417,\"height\":1417,\"caption\":\"Hijas de la Caridad\"},\"image\":{\"@id\":\"https:\\\/\\\/filles-de-la-charite.org\\\/pt-pt\\\/#\\\/schema\\\/logo\\\/image\\\/\"}},{\"@type\":\"Person\",\"@id\":\"https:\\\/\\\/filles-de-la-charite.org\\\/pt-pt\\\/#\\\/schema\\\/person\\\/0c922b6ca71280639858d297b3a7209f\",\"name\":\"SOR MARTA\",\"image\":{\"@type\":\"ImageObject\",\"inLanguage\":\"pt-PT\",\"@id\":\"https:\\\/\\\/secure.gravatar.com\\\/avatar\\\/d2c45b0fd6bf2d3e2670ab3d112257c24ac80fa960360bba1bdc0676485d1d09?s=96&d=mm&r=g\",\"url\":\"https:\\\/\\\/secure.gravatar.com\\\/avatar\\\/d2c45b0fd6bf2d3e2670ab3d112257c24ac80fa960360bba1bdc0676485d1d09?s=96&d=mm&r=g\",\"contentUrl\":\"https:\\\/\\\/secure.gravatar.com\\\/avatar\\\/d2c45b0fd6bf2d3e2670ab3d112257c24ac80fa960360bba1bdc0676485d1d09?s=96&d=mm&r=g\",\"caption\":\"SOR MARTA\"},\"url\":\"https:\\\/\\\/filles-de-la-charite.org\\\/pt-pt\\\/author\\\/martaemn\\\/\"}]}<\/script>\n<!-- \/ Yoast SEO plugin. -->","yoast_head_json":{"title":"Uma nova vida em Cristo: uma Esperan\u00e7a que acolhe os exclu\u00eddos - Filles de la Charit\u00e9","robots":{"index":"index","follow":"follow","max-snippet":"max-snippet:-1","max-image-preview":"max-image-preview:large","max-video-preview":"max-video-preview:-1"},"canonical":"https:\/\/filles-de-la-charite.org\/pt-pt\/una-nueva-vida-en-cristo-una-esperanza-que-acoge-a-los-excluidos\/","og_locale":"pt_PT","og_type":"article","og_title":"Uma nova vida em Cristo: uma Esperan\u00e7a que acolhe os exclu\u00eddos - Filles de la Charit\u00e9","og_description":"\u201cEu te batizo em nome do Pai, do Filho e do Esp\u00edrito Santo!\u201d (CIC n\u00ba 1240). No \u00faltimo dia 22 de maio de 2025, essa frase ressoou duas vezes na Igreja de Saint-Leu-Saint-Gilles (Paris, 1\u00ba). David e V\u00e9ronique, um casal que vivia nas ruas, acabaram de entrar para a fam\u00edlia dos filhos de Deus! Nos [&hellip;]","og_url":"https:\/\/filles-de-la-charite.org\/pt-pt\/una-nueva-vida-en-cristo-una-esperanza-que-acoge-a-los-excluidos\/","og_site_name":"Filles de la Charit\u00e9","article_published_time":"2025-08-08T15:52:37+00:00","og_image":[{"width":1200,"height":675,"url":"https:\/\/filles-de-la-charite.org\/wp-content\/uploads\/2025\/08\/1000022982-copia.jpg","type":"image\/jpeg"}],"author":"SOR MARTA","twitter_card":"summary_large_image","twitter_misc":{"Escrito por":"SOR MARTA","Tempo estimado de leitura":"6 minutos"},"schema":{"@context":"https:\/\/schema.org","@graph":[{"@type":"Article","@id":"https:\/\/filles-de-la-charite.org\/pt-pt\/una-nueva-vida-en-cristo-una-esperanza-que-acoge-a-los-excluidos\/#article","isPartOf":{"@id":"https:\/\/filles-de-la-charite.org\/pt-pt\/una-nueva-vida-en-cristo-una-esperanza-que-acoge-a-los-excluidos\/"},"author":{"name":"SOR MARTA","@id":"https:\/\/filles-de-la-charite.org\/pt-pt\/#\/schema\/person\/0c922b6ca71280639858d297b3a7209f"},"headline":"Uma nova vida em Cristo: uma Esperan\u00e7a que acolhe os exclu\u00eddos","datePublished":"2025-08-08T15:52:37+00:00","mainEntityOfPage":{"@id":"https:\/\/filles-de-la-charite.org\/pt-pt\/una-nueva-vida-en-cristo-una-esperanza-que-acoge-a-los-excluidos\/"},"wordCount":1043,"publisher":{"@id":"https:\/\/filles-de-la-charite.org\/pt-pt\/#organization"},"image":{"@id":"https:\/\/filles-de-la-charite.org\/pt-pt\/una-nueva-vida-en-cristo-una-esperanza-que-acoge-a-los-excluidos\/#primaryimage"},"thumbnailUrl":"https:\/\/filles-de-la-charite.org\/wp-content\/uploads\/2025\/08\/1000022982-copia.jpg","articleSection":["B\u00e9lgica-Fran\u00e7a-Su\u00ed\u00e7a"],"inLanguage":"pt-PT"},{"@type":"WebPage","@id":"https:\/\/filles-de-la-charite.org\/pt-pt\/una-nueva-vida-en-cristo-una-esperanza-que-acoge-a-los-excluidos\/","url":"https:\/\/filles-de-la-charite.org\/pt-pt\/una-nueva-vida-en-cristo-una-esperanza-que-acoge-a-los-excluidos\/","name":"Uma nova vida em Cristo: uma Esperan\u00e7a que acolhe os exclu\u00eddos - Filles de la Charit\u00e9","isPartOf":{"@id":"https:\/\/filles-de-la-charite.org\/pt-pt\/#website"},"primaryImageOfPage":{"@id":"https:\/\/filles-de-la-charite.org\/pt-pt\/una-nueva-vida-en-cristo-una-esperanza-que-acoge-a-los-excluidos\/#primaryimage"},"image":{"@id":"https:\/\/filles-de-la-charite.org\/pt-pt\/una-nueva-vida-en-cristo-una-esperanza-que-acoge-a-los-excluidos\/#primaryimage"},"thumbnailUrl":"https:\/\/filles-de-la-charite.org\/wp-content\/uploads\/2025\/08\/1000022982-copia.jpg","datePublished":"2025-08-08T15:52:37+00:00","breadcrumb":{"@id":"https:\/\/filles-de-la-charite.org\/pt-pt\/una-nueva-vida-en-cristo-una-esperanza-que-acoge-a-los-excluidos\/#breadcrumb"},"inLanguage":"pt-PT","potentialAction":[{"@type":"ReadAction","target":["https:\/\/filles-de-la-charite.org\/pt-pt\/una-nueva-vida-en-cristo-una-esperanza-que-acoge-a-los-excluidos\/"]}]},{"@type":"ImageObject","inLanguage":"pt-PT","@id":"https:\/\/filles-de-la-charite.org\/pt-pt\/una-nueva-vida-en-cristo-una-esperanza-que-acoge-a-los-excluidos\/#primaryimage","url":"https:\/\/filles-de-la-charite.org\/wp-content\/uploads\/2025\/08\/1000022982-copia.jpg","contentUrl":"https:\/\/filles-de-la-charite.org\/wp-content\/uploads\/2025\/08\/1000022982-copia.jpg","width":1200,"height":675},{"@type":"BreadcrumbList","@id":"https:\/\/filles-de-la-charite.org\/pt-pt\/una-nueva-vida-en-cristo-una-esperanza-que-acoge-a-los-excluidos\/#breadcrumb","itemListElement":[{"@type":"ListItem","position":1,"name":"B\u00e9lgica-Fran\u00e7a-Su\u00ed\u00e7a","item":"https:\/\/filles-de-la-charite.org\/pt-pt\/category\/belgica-franca-suica-pt-pt\/"},{"@type":"ListItem","position":2,"name":"Uma nova vida em Cristo: uma Esperan\u00e7a que acolhe os exclu\u00eddos"}]},{"@type":"WebSite","@id":"https:\/\/filles-de-la-charite.org\/pt-pt\/#website","url":"https:\/\/filles-de-la-charite.org\/pt-pt\/","name":"Hijas de la Caridad","description":"L\u2019amour de J\u00e9sus nous presse \u00e0 prendre soin des personnes les plus d\u00e9munies","publisher":{"@id":"https:\/\/filles-de-la-charite.org\/pt-pt\/#organization"},"potentialAction":[{"@type":"SearchAction","target":{"@type":"EntryPoint","urlTemplate":"https:\/\/filles-de-la-charite.org\/pt-pt\/?s={search_term_string}"},"query-input":{"@type":"PropertyValueSpecification","valueRequired":true,"valueName":"search_term_string"}}],"inLanguage":"pt-PT"},{"@type":"Organization","@id":"https:\/\/filles-de-la-charite.org\/pt-pt\/#organization","name":"Hijas de la Caridad","url":"https:\/\/filles-de-la-charite.org\/pt-pt\/","logo":{"@type":"ImageObject","inLanguage":"pt-PT","@id":"https:\/\/filles-de-la-charite.org\/pt-pt\/#\/schema\/logo\/image\/","url":"https:\/\/filles-de-la-charite.org\/wp-content\/uploads\/2023\/03\/isotipo-Hijas-de-la-Caridad.png","contentUrl":"https:\/\/filles-de-la-charite.org\/wp-content\/uploads\/2023\/03\/isotipo-Hijas-de-la-Caridad.png","width":1417,"height":1417,"caption":"Hijas de la Caridad"},"image":{"@id":"https:\/\/filles-de-la-charite.org\/pt-pt\/#\/schema\/logo\/image\/"}},{"@type":"Person","@id":"https:\/\/filles-de-la-charite.org\/pt-pt\/#\/schema\/person\/0c922b6ca71280639858d297b3a7209f","name":"SOR MARTA","image":{"@type":"ImageObject","inLanguage":"pt-PT","@id":"https:\/\/secure.gravatar.com\/avatar\/d2c45b0fd6bf2d3e2670ab3d112257c24ac80fa960360bba1bdc0676485d1d09?s=96&d=mm&r=g","url":"https:\/\/secure.gravatar.com\/avatar\/d2c45b0fd6bf2d3e2670ab3d112257c24ac80fa960360bba1bdc0676485d1d09?s=96&d=mm&r=g","contentUrl":"https:\/\/secure.gravatar.com\/avatar\/d2c45b0fd6bf2d3e2670ab3d112257c24ac80fa960360bba1bdc0676485d1d09?s=96&d=mm&r=g","caption":"SOR MARTA"},"url":"https:\/\/filles-de-la-charite.org\/pt-pt\/author\/martaemn\/"}]}},"_links":{"self":[{"href":"https:\/\/filles-de-la-charite.org\/pt-pt\/wp-json\/wp\/v2\/posts\/45369","targetHints":{"allow":["GET"]}}],"collection":[{"href":"https:\/\/filles-de-la-charite.org\/pt-pt\/wp-json\/wp\/v2\/posts"}],"about":[{"href":"https:\/\/filles-de-la-charite.org\/pt-pt\/wp-json\/wp\/v2\/types\/post"}],"author":[{"embeddable":true,"href":"https:\/\/filles-de-la-charite.org\/pt-pt\/wp-json\/wp\/v2\/users\/5"}],"replies":[{"embeddable":true,"href":"https:\/\/filles-de-la-charite.org\/pt-pt\/wp-json\/wp\/v2\/comments?post=45369"}],"version-history":[{"count":1,"href":"https:\/\/filles-de-la-charite.org\/pt-pt\/wp-json\/wp\/v2\/posts\/45369\/revisions"}],"predecessor-version":[{"id":45377,"href":"https:\/\/filles-de-la-charite.org\/pt-pt\/wp-json\/wp\/v2\/posts\/45369\/revisions\/45377"}],"wp:featuredmedia":[{"embeddable":true,"href":"https:\/\/filles-de-la-charite.org\/pt-pt\/wp-json\/wp\/v2\/media\/45351"}],"wp:attachment":[{"href":"https:\/\/filles-de-la-charite.org\/pt-pt\/wp-json\/wp\/v2\/media?parent=45369"}],"wp:term":[{"taxonomy":"category","embeddable":true,"href":"https:\/\/filles-de-la-charite.org\/pt-pt\/wp-json\/wp\/v2\/categories?post=45369"},{"taxonomy":"post_tag","embeddable":true,"href":"https:\/\/filles-de-la-charite.org\/pt-pt\/wp-json\/wp\/v2\/tags?post=45369"}],"curies":[{"name":"wp","href":"https:\/\/api.w.org\/{rel}","templated":true}]}}