{"id":45929,"date":"2025-08-22T18:55:00","date_gmt":"2025-08-22T16:55:00","guid":{"rendered":"https:\/\/filles-de-la-charite.org\/?p=45929"},"modified":"2025-08-22T19:16:08","modified_gmt":"2025-08-22T17:16:08","slug":"contra-la-falta-de-vivienda-un-compromiso-vicenciano-en-la-onu-desde-2017","status":"publish","type":"post","link":"https:\/\/filles-de-la-charite.org\/pt-pt\/contra-la-falta-de-vivienda-un-compromiso-vicenciano-en-la-onu-desde-2017\/","title":{"rendered":"Contra a falta de moradia: um compromisso vicentino na ONU desde 2017"},"content":{"rendered":"\n<p>Desde 2017, as Filhas da Caridade, em conjunto com a Fam\u00edlia Vicentina, est\u00e3o fortemente comprometidas com as Na\u00e7\u00f5es Unidas para dar voz \u00e0s pessoas em situa\u00e7\u00e3o de rua, que muitas vezes s\u00e3o invis\u00edveis nas pol\u00edticas p\u00fablicas e ausentes das principais decis\u00f5es internacionais.<\/p>\n\n\n\n<p>Essa luta assumiu uma dimens\u00e3o hist\u00f3rica em 2020, quando a falta de moradia foi reconhecida como um tema priorit\u00e1rio na Comiss\u00e3o das Na\u00e7\u00f5es Unidas para o Desenvolvimento Social (CSocD). Foi a primeira vez! Gra\u00e7as \u00e0 advocacia coletiva, especialmente \u00e0 da Fam\u00edlia Vicentina, as Na\u00e7\u00f5es Unidas concordaram em considerar a falta de moradia como uma viola\u00e7\u00e3o dos direitos humanos &#8211; e n\u00e3o simplesmente como uma consequ\u00eancia da pobreza.<\/p>\n\n\n\n<h3 class=\"wp-block-heading\"><strong>Uma luta espiritual e concreta<\/strong><\/h3>\n\n\n\n<p>Para n\u00f3s, Filhas da Caridade, esse apelo n\u00e3o \u00e9 simplesmente pol\u00edtico: \u00e9 espiritual, prof\u00e9tico e profundamente evang\u00e9lico. Est\u00e1 enraizado no chamado de S\u00e3o Vicente para amar a Deus, mas \u201c<em>\u00e0 custa de nossos bra\u00e7os, com o suor do nosso rosto<\/em>\u201d <a href=\"#_ftn1\" id=\"_ftnref1\">[1]<\/a>. Viver e servir ao lado de indiv\u00edduos sem moradia est\u00e1vel significa experimentar a presen\u00e7a de Cristo naqueles que, na maioria das vezes, n\u00e3o t\u00eam \u201conde reclinar a cabe\u00e7a\u201d. Nossa presen\u00e7a na ONU nos permite desafiar os governos, participar de grupos de trabalho sobre moradia e fazer com que as vozes das comunidades locais sejam ouvidas. Essa conex\u00e3o entre o campo e os \u00f3rg\u00e3os internacionais \u00e9 um ponto forte do carisma vicentino hoje.<\/p>\n\n\n\n<figure class=\"wp-block-image size-large\"><img loading=\"lazy\" decoding=\"async\" width=\"1024\" height=\"704\" src=\"https:\/\/filles-de-la-charite.org\/wp-content\/uploads\/2025\/08\/group-diverse-kids-hands-holding-cupping-globe-balls-together-1024x704.jpg\" alt=\"\" class=\"wp-image-45906\" srcset=\"https:\/\/filles-de-la-charite.org\/wp-content\/uploads\/2025\/08\/group-diverse-kids-hands-holding-cupping-globe-balls-together-980x674.jpg 980w, https:\/\/filles-de-la-charite.org\/wp-content\/uploads\/2025\/08\/group-diverse-kids-hands-holding-cupping-globe-balls-together-480x330.jpg 480w\" sizes=\"(min-width: 0px) and (max-width: 480px) 480px, (min-width: 481px) and (max-width: 980px) 980px, (min-width: 981px) 1024px, 100vw\" \/><\/figure>\n\n\n\n<h3 class=\"wp-block-heading\"><strong>E hoje? Uma emerg\u00eancia global<\/strong><\/h3>\n\n\n\n<p>Em 2025, a falta de moradia n\u00e3o est\u00e1 diminuindo. Pelo contr\u00e1rio, est\u00e1 piorando devido a:<\/p>\n\n\n\n<ul class=\"wp-block-list\">\n<li>migra\u00e7\u00f5es for\u00e7adas por conflitos ou pelo clima;<\/li>\n\n\n\n<li>crises econ\u00f4micas p\u00f3s-COVID;<\/li>\n\n\n\n<li>aumento das desigualdades nas grandes cidades.<\/li>\n<\/ul>\n\n\n\n<p>Mas, diante desses desafios, continuamos a agir. Em muitos pa\u00edses, as Filhas da Caridade acolhem, apoiam e acompanham indiv\u00edduos sem moradia est\u00e1vel, enquanto trabalham por mudan\u00e7as estruturais.<\/p>\n\n\n\n<p>Na ONU, defendemos:<\/p>\n\n\n\n<ul class=\"wp-block-list\">\n<li>uma defini\u00e7\u00e3o global de falta de moradia, essencial para o desenvolvimento de pol\u00edticas eficazes;<\/li>\n\n\n\n<li>o reconhecimento da moradia como um direito humano fundamental;<\/li>\n\n\n\n<li>a inclus\u00e3o de indiv\u00edduos sem moradia est\u00e1vel na implementa\u00e7\u00e3o dos Objetivos de Desenvolvimento Sustent\u00e1vel (ODS), em especial o ODS 1 (Erradica\u00e7\u00e3o da pobreza) e o ODS 11 (Cidades e comunidades sustent\u00e1veis).<\/li>\n<\/ul>\n\n\n\n<figure class=\"wp-block-image size-large\"><img loading=\"lazy\" decoding=\"async\" width=\"1024\" height=\"831\" src=\"https:\/\/filles-de-la-charite.org\/wp-content\/uploads\/2025\/08\/sustainable-development-goals-still-life-1-1024x831.jpg\" alt=\"\" class=\"wp-image-45918\" srcset=\"https:\/\/filles-de-la-charite.org\/wp-content\/uploads\/2025\/08\/sustainable-development-goals-still-life-1-980x795.jpg 980w, https:\/\/filles-de-la-charite.org\/wp-content\/uploads\/2025\/08\/sustainable-development-goals-still-life-1-480x389.jpg 480w\" sizes=\"(min-width: 0px) and (max-width: 480px) 480px, (min-width: 481px) and (max-width: 980px) 980px, (min-width: 981px) 1024px, 100vw\" \/><\/figure>\n\n\n\n<p><strong>Um chamado a toda a Fam\u00edlia Vicentina<\/strong><\/p>\n\n\n\n<p>Diante dessa realidade, o compromisso de toda a Fam\u00edlia Vicentina \u00e9 mais necess\u00e1rio do que nunca. Cada comunidade, cada trabalho, cada projeto local pode fazer parte dessa din\u00e2mica global: servir, defender e transformar.<br>Ao nos comprometermos com a luta contra a falta de moradia, fazemos da caridade um verdadeiro apelo \u00e0 dignidade humana \u2014 um testemunho vivo do amor de Cristo pelos mais pobres.<\/p>\n\n\n\n<p><strong><em>\u201cO amor \u00e9 inventivo at\u00e9 o infinito\u201d<\/em> <\/strong><\/p>\n\n\n\n<p>Vamos continuar juntos a inventar caminhos de esperan\u00e7a para aqueles que vivem na aus\u00eancia de moradia segura, permanente e digna \u2014 n\u00e3o apenas na aus\u00eancia de um teto.<br>A falta de moradia n\u00e3o \u00e9 inevit\u00e1vel. \u00c9 uma injusti\u00e7a que podemos e devemos corrigir por meio da escuta, da a\u00e7\u00e3o, da solidariedade e da defesa dos direitos.<\/p>\n\n\n\n<p class=\"has-text-align-right\"><strong>Irm\u00e3 Michelle Loisel, FC<\/strong><\/p>\n\n\n\n<p class=\"has-text-align-right\"><\/p>\n\n\n\n<hr class=\"wp-block-separator has-alpha-channel-opacity\"\/>\n\n\n\n<p><em>A atua\u00e7\u00e3o das Filhas da Caridade na ONU vai muito al\u00e9m das palavras: \u00e9 presen\u00e7a, escuta e a\u00e7\u00e3o concreta em defesa dos mais vulner\u00e1veis. Quer saber como esse compromisso se traduz em iniciativas globais, projetos inspiradores e articula\u00e7\u00f5es com l\u00edderes internacionais? Visite o<a href=\"https:\/\/docunngo.com\/\"> <\/a><strong><a href=\"https:\/\/docunngo.com\/\" target=\"_blank\" rel=\"noreferrer noopener\">site das Filhas da Caridade na ONU<\/a><\/strong> e descubra como a caridade se transforma em pol\u00edtica prof\u00e9tica e esperan\u00e7a ativa no cora\u00e7\u00e3o das Na\u00e7\u00f5es Unidas.<br><\/em><\/p>\n","protected":false},"excerpt":{"rendered":"<p>Desde 2017, as Filhas da Caridade, em conjunto com a Fam\u00edlia Vicentina, est\u00e3o fortemente comprometidas com as Na\u00e7\u00f5es Unidas para dar voz \u00e0s pessoas em situa\u00e7\u00e3o de rua, que muitas vezes s\u00e3o invis\u00edveis nas pol\u00edticas p\u00fablicas e ausentes das principais decis\u00f5es internacionais. Essa luta assumiu uma dimens\u00e3o hist\u00f3rica em 2020, quando a falta de moradia [&hellip;]<\/p>\n","protected":false},"author":5,"featured_media":45905,"comment_status":"closed","ping_status":"closed","sticky":false,"template":"","format":"standard","meta":{"_acf_changed":false,"_et_pb_use_builder":"","_et_pb_old_content":"","_et_gb_content_width":"","footnotes":"","_links_to":"","_links_to_target":""},"categories":[635],"tags":[],"class_list":["post-45929","post","type-post","status-publish","format-standard","has-post-thumbnail","hentry","category-onu-pt-pt"],"acf":[],"yoast_head":"<!-- This site is optimized with the Yoast SEO plugin v27.5 - https:\/\/yoast.com\/product\/yoast-seo-wordpress\/ -->\n<title>Contra a falta de moradia: um compromisso vicentino na ONU desde 2017 - Filles de la Charit\u00e9<\/title>\n<meta name=\"robots\" content=\"index, follow, max-snippet:-1, max-image-preview:large, max-video-preview:-1\" \/>\n<link rel=\"canonical\" href=\"https:\/\/filles-de-la-charite.org\/pt-pt\/contra-la-falta-de-vivienda-un-compromiso-vicenciano-en-la-onu-desde-2017\/\" \/>\n<meta property=\"og:locale\" content=\"pt_PT\" \/>\n<meta property=\"og:type\" content=\"article\" \/>\n<meta property=\"og:title\" content=\"Contra a falta de moradia: um compromisso vicentino na ONU desde 2017 - Filles de la Charit\u00e9\" \/>\n<meta property=\"og:description\" content=\"Desde 2017, as Filhas da Caridade, em conjunto com a Fam\u00edlia Vicentina, est\u00e3o fortemente comprometidas com as Na\u00e7\u00f5es Unidas para dar voz \u00e0s pessoas em situa\u00e7\u00e3o de rua, que muitas vezes s\u00e3o invis\u00edveis nas pol\u00edticas p\u00fablicas e ausentes das principais decis\u00f5es internacionais. Essa luta assumiu uma dimens\u00e3o hist\u00f3rica em 2020, quando a falta de moradia [&hellip;]\" \/>\n<meta property=\"og:url\" content=\"https:\/\/filles-de-la-charite.org\/pt-pt\/contra-la-falta-de-vivienda-un-compromiso-vicenciano-en-la-onu-desde-2017\/\" \/>\n<meta property=\"og:site_name\" content=\"Filles de la Charit\u00e9\" \/>\n<meta property=\"article:published_time\" content=\"2025-08-22T16:55:00+00:00\" \/>\n<meta property=\"article:modified_time\" content=\"2025-08-22T17:16:08+00:00\" \/>\n<meta property=\"og:image\" content=\"https:\/\/filles-de-la-charite.org\/wp-content\/uploads\/2025\/08\/flag-united-nations-waved-highly-detailed-close-up-3d-render-scaled.jpg\" \/>\n\t<meta property=\"og:image:width\" content=\"2560\" \/>\n\t<meta property=\"og:image:height\" content=\"1493\" \/>\n\t<meta property=\"og:image:type\" content=\"image\/jpeg\" \/>\n<meta name=\"author\" content=\"SOR MARTA\" \/>\n<meta name=\"twitter:card\" content=\"summary_large_image\" \/>\n<meta name=\"twitter:label1\" content=\"Escrito por\" \/>\n\t<meta name=\"twitter:data1\" content=\"SOR MARTA\" \/>\n\t<meta name=\"twitter:label2\" content=\"Tempo estimado de leitura\" \/>\n\t<meta name=\"twitter:data2\" content=\"4 minutos\" \/>\n<script type=\"application\/ld+json\" class=\"yoast-schema-graph\">{\"@context\":\"https:\\\/\\\/schema.org\",\"@graph\":[{\"@type\":\"Article\",\"@id\":\"https:\\\/\\\/filles-de-la-charite.org\\\/pt-pt\\\/contra-la-falta-de-vivienda-un-compromiso-vicenciano-en-la-onu-desde-2017\\\/#article\",\"isPartOf\":{\"@id\":\"https:\\\/\\\/filles-de-la-charite.org\\\/pt-pt\\\/contra-la-falta-de-vivienda-un-compromiso-vicenciano-en-la-onu-desde-2017\\\/\"},\"author\":{\"name\":\"SOR MARTA\",\"@id\":\"https:\\\/\\\/filles-de-la-charite.org\\\/pt-pt\\\/#\\\/schema\\\/person\\\/0c922b6ca71280639858d297b3a7209f\"},\"headline\":\"Contra a falta de moradia: um compromisso vicentino na ONU desde 2017\",\"datePublished\":\"2025-08-22T16:55:00+00:00\",\"dateModified\":\"2025-08-22T17:16:08+00:00\",\"mainEntityOfPage\":{\"@id\":\"https:\\\/\\\/filles-de-la-charite.org\\\/pt-pt\\\/contra-la-falta-de-vivienda-un-compromiso-vicenciano-en-la-onu-desde-2017\\\/\"},\"wordCount\":624,\"publisher\":{\"@id\":\"https:\\\/\\\/filles-de-la-charite.org\\\/pt-pt\\\/#organization\"},\"image\":{\"@id\":\"https:\\\/\\\/filles-de-la-charite.org\\\/pt-pt\\\/contra-la-falta-de-vivienda-un-compromiso-vicenciano-en-la-onu-desde-2017\\\/#primaryimage\"},\"thumbnailUrl\":\"https:\\\/\\\/filles-de-la-charite.org\\\/wp-content\\\/uploads\\\/2025\\\/08\\\/flag-united-nations-waved-highly-detailed-close-up-3d-render-scaled.jpg\",\"articleSection\":[\"ONU\"],\"inLanguage\":\"pt-PT\"},{\"@type\":\"WebPage\",\"@id\":\"https:\\\/\\\/filles-de-la-charite.org\\\/pt-pt\\\/contra-la-falta-de-vivienda-un-compromiso-vicenciano-en-la-onu-desde-2017\\\/\",\"url\":\"https:\\\/\\\/filles-de-la-charite.org\\\/pt-pt\\\/contra-la-falta-de-vivienda-un-compromiso-vicenciano-en-la-onu-desde-2017\\\/\",\"name\":\"Contra a falta de moradia: um compromisso vicentino na ONU desde 2017 - Filles de la Charit\u00e9\",\"isPartOf\":{\"@id\":\"https:\\\/\\\/filles-de-la-charite.org\\\/pt-pt\\\/#website\"},\"primaryImageOfPage\":{\"@id\":\"https:\\\/\\\/filles-de-la-charite.org\\\/pt-pt\\\/contra-la-falta-de-vivienda-un-compromiso-vicenciano-en-la-onu-desde-2017\\\/#primaryimage\"},\"image\":{\"@id\":\"https:\\\/\\\/filles-de-la-charite.org\\\/pt-pt\\\/contra-la-falta-de-vivienda-un-compromiso-vicenciano-en-la-onu-desde-2017\\\/#primaryimage\"},\"thumbnailUrl\":\"https:\\\/\\\/filles-de-la-charite.org\\\/wp-content\\\/uploads\\\/2025\\\/08\\\/flag-united-nations-waved-highly-detailed-close-up-3d-render-scaled.jpg\",\"datePublished\":\"2025-08-22T16:55:00+00:00\",\"dateModified\":\"2025-08-22T17:16:08+00:00\",\"breadcrumb\":{\"@id\":\"https:\\\/\\\/filles-de-la-charite.org\\\/pt-pt\\\/contra-la-falta-de-vivienda-un-compromiso-vicenciano-en-la-onu-desde-2017\\\/#breadcrumb\"},\"inLanguage\":\"pt-PT\",\"potentialAction\":[{\"@type\":\"ReadAction\",\"target\":[\"https:\\\/\\\/filles-de-la-charite.org\\\/pt-pt\\\/contra-la-falta-de-vivienda-un-compromiso-vicenciano-en-la-onu-desde-2017\\\/\"]}]},{\"@type\":\"ImageObject\",\"inLanguage\":\"pt-PT\",\"@id\":\"https:\\\/\\\/filles-de-la-charite.org\\\/pt-pt\\\/contra-la-falta-de-vivienda-un-compromiso-vicenciano-en-la-onu-desde-2017\\\/#primaryimage\",\"url\":\"https:\\\/\\\/filles-de-la-charite.org\\\/wp-content\\\/uploads\\\/2025\\\/08\\\/flag-united-nations-waved-highly-detailed-close-up-3d-render-scaled.jpg\",\"contentUrl\":\"https:\\\/\\\/filles-de-la-charite.org\\\/wp-content\\\/uploads\\\/2025\\\/08\\\/flag-united-nations-waved-highly-detailed-close-up-3d-render-scaled.jpg\",\"width\":2560,\"height\":1493,\"caption\":\"Background with flag of\"},{\"@type\":\"BreadcrumbList\",\"@id\":\"https:\\\/\\\/filles-de-la-charite.org\\\/pt-pt\\\/contra-la-falta-de-vivienda-un-compromiso-vicenciano-en-la-onu-desde-2017\\\/#breadcrumb\",\"itemListElement\":[{\"@type\":\"ListItem\",\"position\":1,\"name\":\"ONU\",\"item\":\"https:\\\/\\\/filles-de-la-charite.org\\\/pt-pt\\\/category\\\/onu-pt-pt\\\/\"},{\"@type\":\"ListItem\",\"position\":2,\"name\":\"Contra a falta de moradia: um compromisso vicentino na ONU desde 2017\"}]},{\"@type\":\"WebSite\",\"@id\":\"https:\\\/\\\/filles-de-la-charite.org\\\/pt-pt\\\/#website\",\"url\":\"https:\\\/\\\/filles-de-la-charite.org\\\/pt-pt\\\/\",\"name\":\"Hijas de la Caridad\",\"description\":\"L\u2019amour de J\u00e9sus nous presse \u00e0 prendre soin des personnes les plus d\u00e9munies\",\"publisher\":{\"@id\":\"https:\\\/\\\/filles-de-la-charite.org\\\/pt-pt\\\/#organization\"},\"potentialAction\":[{\"@type\":\"SearchAction\",\"target\":{\"@type\":\"EntryPoint\",\"urlTemplate\":\"https:\\\/\\\/filles-de-la-charite.org\\\/pt-pt\\\/?s={search_term_string}\"},\"query-input\":{\"@type\":\"PropertyValueSpecification\",\"valueRequired\":true,\"valueName\":\"search_term_string\"}}],\"inLanguage\":\"pt-PT\"},{\"@type\":\"Organization\",\"@id\":\"https:\\\/\\\/filles-de-la-charite.org\\\/pt-pt\\\/#organization\",\"name\":\"Hijas de la Caridad\",\"url\":\"https:\\\/\\\/filles-de-la-charite.org\\\/pt-pt\\\/\",\"logo\":{\"@type\":\"ImageObject\",\"inLanguage\":\"pt-PT\",\"@id\":\"https:\\\/\\\/filles-de-la-charite.org\\\/pt-pt\\\/#\\\/schema\\\/logo\\\/image\\\/\",\"url\":\"https:\\\/\\\/filles-de-la-charite.org\\\/wp-content\\\/uploads\\\/2023\\\/03\\\/isotipo-Hijas-de-la-Caridad.png\",\"contentUrl\":\"https:\\\/\\\/filles-de-la-charite.org\\\/wp-content\\\/uploads\\\/2023\\\/03\\\/isotipo-Hijas-de-la-Caridad.png\",\"width\":1417,\"height\":1417,\"caption\":\"Hijas de la Caridad\"},\"image\":{\"@id\":\"https:\\\/\\\/filles-de-la-charite.org\\\/pt-pt\\\/#\\\/schema\\\/logo\\\/image\\\/\"}},{\"@type\":\"Person\",\"@id\":\"https:\\\/\\\/filles-de-la-charite.org\\\/pt-pt\\\/#\\\/schema\\\/person\\\/0c922b6ca71280639858d297b3a7209f\",\"name\":\"SOR MARTA\",\"image\":{\"@type\":\"ImageObject\",\"inLanguage\":\"pt-PT\",\"@id\":\"https:\\\/\\\/secure.gravatar.com\\\/avatar\\\/d2c45b0fd6bf2d3e2670ab3d112257c24ac80fa960360bba1bdc0676485d1d09?s=96&d=mm&r=g\",\"url\":\"https:\\\/\\\/secure.gravatar.com\\\/avatar\\\/d2c45b0fd6bf2d3e2670ab3d112257c24ac80fa960360bba1bdc0676485d1d09?s=96&d=mm&r=g\",\"contentUrl\":\"https:\\\/\\\/secure.gravatar.com\\\/avatar\\\/d2c45b0fd6bf2d3e2670ab3d112257c24ac80fa960360bba1bdc0676485d1d09?s=96&d=mm&r=g\",\"caption\":\"SOR MARTA\"},\"url\":\"https:\\\/\\\/filles-de-la-charite.org\\\/pt-pt\\\/author\\\/martaemn\\\/\"}]}<\/script>\n<!-- \/ Yoast SEO plugin. -->","yoast_head_json":{"title":"Contra a falta de moradia: um compromisso vicentino na ONU desde 2017 - Filles de la Charit\u00e9","robots":{"index":"index","follow":"follow","max-snippet":"max-snippet:-1","max-image-preview":"max-image-preview:large","max-video-preview":"max-video-preview:-1"},"canonical":"https:\/\/filles-de-la-charite.org\/pt-pt\/contra-la-falta-de-vivienda-un-compromiso-vicenciano-en-la-onu-desde-2017\/","og_locale":"pt_PT","og_type":"article","og_title":"Contra a falta de moradia: um compromisso vicentino na ONU desde 2017 - Filles de la Charit\u00e9","og_description":"Desde 2017, as Filhas da Caridade, em conjunto com a Fam\u00edlia Vicentina, est\u00e3o fortemente comprometidas com as Na\u00e7\u00f5es Unidas para dar voz \u00e0s pessoas em situa\u00e7\u00e3o de rua, que muitas vezes s\u00e3o invis\u00edveis nas pol\u00edticas p\u00fablicas e ausentes das principais decis\u00f5es internacionais. Essa luta assumiu uma dimens\u00e3o hist\u00f3rica em 2020, quando a falta de moradia [&hellip;]","og_url":"https:\/\/filles-de-la-charite.org\/pt-pt\/contra-la-falta-de-vivienda-un-compromiso-vicenciano-en-la-onu-desde-2017\/","og_site_name":"Filles de la Charit\u00e9","article_published_time":"2025-08-22T16:55:00+00:00","article_modified_time":"2025-08-22T17:16:08+00:00","og_image":[{"width":2560,"height":1493,"url":"https:\/\/filles-de-la-charite.org\/wp-content\/uploads\/2025\/08\/flag-united-nations-waved-highly-detailed-close-up-3d-render-scaled.jpg","type":"image\/jpeg"}],"author":"SOR MARTA","twitter_card":"summary_large_image","twitter_misc":{"Escrito por":"SOR MARTA","Tempo estimado de leitura":"4 minutos"},"schema":{"@context":"https:\/\/schema.org","@graph":[{"@type":"Article","@id":"https:\/\/filles-de-la-charite.org\/pt-pt\/contra-la-falta-de-vivienda-un-compromiso-vicenciano-en-la-onu-desde-2017\/#article","isPartOf":{"@id":"https:\/\/filles-de-la-charite.org\/pt-pt\/contra-la-falta-de-vivienda-un-compromiso-vicenciano-en-la-onu-desde-2017\/"},"author":{"name":"SOR MARTA","@id":"https:\/\/filles-de-la-charite.org\/pt-pt\/#\/schema\/person\/0c922b6ca71280639858d297b3a7209f"},"headline":"Contra a falta de moradia: um compromisso vicentino na ONU desde 2017","datePublished":"2025-08-22T16:55:00+00:00","dateModified":"2025-08-22T17:16:08+00:00","mainEntityOfPage":{"@id":"https:\/\/filles-de-la-charite.org\/pt-pt\/contra-la-falta-de-vivienda-un-compromiso-vicenciano-en-la-onu-desde-2017\/"},"wordCount":624,"publisher":{"@id":"https:\/\/filles-de-la-charite.org\/pt-pt\/#organization"},"image":{"@id":"https:\/\/filles-de-la-charite.org\/pt-pt\/contra-la-falta-de-vivienda-un-compromiso-vicenciano-en-la-onu-desde-2017\/#primaryimage"},"thumbnailUrl":"https:\/\/filles-de-la-charite.org\/wp-content\/uploads\/2025\/08\/flag-united-nations-waved-highly-detailed-close-up-3d-render-scaled.jpg","articleSection":["ONU"],"inLanguage":"pt-PT"},{"@type":"WebPage","@id":"https:\/\/filles-de-la-charite.org\/pt-pt\/contra-la-falta-de-vivienda-un-compromiso-vicenciano-en-la-onu-desde-2017\/","url":"https:\/\/filles-de-la-charite.org\/pt-pt\/contra-la-falta-de-vivienda-un-compromiso-vicenciano-en-la-onu-desde-2017\/","name":"Contra a falta de moradia: um compromisso vicentino na ONU desde 2017 - Filles de la Charit\u00e9","isPartOf":{"@id":"https:\/\/filles-de-la-charite.org\/pt-pt\/#website"},"primaryImageOfPage":{"@id":"https:\/\/filles-de-la-charite.org\/pt-pt\/contra-la-falta-de-vivienda-un-compromiso-vicenciano-en-la-onu-desde-2017\/#primaryimage"},"image":{"@id":"https:\/\/filles-de-la-charite.org\/pt-pt\/contra-la-falta-de-vivienda-un-compromiso-vicenciano-en-la-onu-desde-2017\/#primaryimage"},"thumbnailUrl":"https:\/\/filles-de-la-charite.org\/wp-content\/uploads\/2025\/08\/flag-united-nations-waved-highly-detailed-close-up-3d-render-scaled.jpg","datePublished":"2025-08-22T16:55:00+00:00","dateModified":"2025-08-22T17:16:08+00:00","breadcrumb":{"@id":"https:\/\/filles-de-la-charite.org\/pt-pt\/contra-la-falta-de-vivienda-un-compromiso-vicenciano-en-la-onu-desde-2017\/#breadcrumb"},"inLanguage":"pt-PT","potentialAction":[{"@type":"ReadAction","target":["https:\/\/filles-de-la-charite.org\/pt-pt\/contra-la-falta-de-vivienda-un-compromiso-vicenciano-en-la-onu-desde-2017\/"]}]},{"@type":"ImageObject","inLanguage":"pt-PT","@id":"https:\/\/filles-de-la-charite.org\/pt-pt\/contra-la-falta-de-vivienda-un-compromiso-vicenciano-en-la-onu-desde-2017\/#primaryimage","url":"https:\/\/filles-de-la-charite.org\/wp-content\/uploads\/2025\/08\/flag-united-nations-waved-highly-detailed-close-up-3d-render-scaled.jpg","contentUrl":"https:\/\/filles-de-la-charite.org\/wp-content\/uploads\/2025\/08\/flag-united-nations-waved-highly-detailed-close-up-3d-render-scaled.jpg","width":2560,"height":1493,"caption":"Background with flag of"},{"@type":"BreadcrumbList","@id":"https:\/\/filles-de-la-charite.org\/pt-pt\/contra-la-falta-de-vivienda-un-compromiso-vicenciano-en-la-onu-desde-2017\/#breadcrumb","itemListElement":[{"@type":"ListItem","position":1,"name":"ONU","item":"https:\/\/filles-de-la-charite.org\/pt-pt\/category\/onu-pt-pt\/"},{"@type":"ListItem","position":2,"name":"Contra a falta de moradia: um compromisso vicentino na ONU desde 2017"}]},{"@type":"WebSite","@id":"https:\/\/filles-de-la-charite.org\/pt-pt\/#website","url":"https:\/\/filles-de-la-charite.org\/pt-pt\/","name":"Hijas de la Caridad","description":"L\u2019amour de J\u00e9sus nous presse \u00e0 prendre soin des personnes les plus d\u00e9munies","publisher":{"@id":"https:\/\/filles-de-la-charite.org\/pt-pt\/#organization"},"potentialAction":[{"@type":"SearchAction","target":{"@type":"EntryPoint","urlTemplate":"https:\/\/filles-de-la-charite.org\/pt-pt\/?s={search_term_string}"},"query-input":{"@type":"PropertyValueSpecification","valueRequired":true,"valueName":"search_term_string"}}],"inLanguage":"pt-PT"},{"@type":"Organization","@id":"https:\/\/filles-de-la-charite.org\/pt-pt\/#organization","name":"Hijas de la Caridad","url":"https:\/\/filles-de-la-charite.org\/pt-pt\/","logo":{"@type":"ImageObject","inLanguage":"pt-PT","@id":"https:\/\/filles-de-la-charite.org\/pt-pt\/#\/schema\/logo\/image\/","url":"https:\/\/filles-de-la-charite.org\/wp-content\/uploads\/2023\/03\/isotipo-Hijas-de-la-Caridad.png","contentUrl":"https:\/\/filles-de-la-charite.org\/wp-content\/uploads\/2023\/03\/isotipo-Hijas-de-la-Caridad.png","width":1417,"height":1417,"caption":"Hijas de la Caridad"},"image":{"@id":"https:\/\/filles-de-la-charite.org\/pt-pt\/#\/schema\/logo\/image\/"}},{"@type":"Person","@id":"https:\/\/filles-de-la-charite.org\/pt-pt\/#\/schema\/person\/0c922b6ca71280639858d297b3a7209f","name":"SOR MARTA","image":{"@type":"ImageObject","inLanguage":"pt-PT","@id":"https:\/\/secure.gravatar.com\/avatar\/d2c45b0fd6bf2d3e2670ab3d112257c24ac80fa960360bba1bdc0676485d1d09?s=96&d=mm&r=g","url":"https:\/\/secure.gravatar.com\/avatar\/d2c45b0fd6bf2d3e2670ab3d112257c24ac80fa960360bba1bdc0676485d1d09?s=96&d=mm&r=g","contentUrl":"https:\/\/secure.gravatar.com\/avatar\/d2c45b0fd6bf2d3e2670ab3d112257c24ac80fa960360bba1bdc0676485d1d09?s=96&d=mm&r=g","caption":"SOR MARTA"},"url":"https:\/\/filles-de-la-charite.org\/pt-pt\/author\/martaemn\/"}]}},"_links":{"self":[{"href":"https:\/\/filles-de-la-charite.org\/pt-pt\/wp-json\/wp\/v2\/posts\/45929","targetHints":{"allow":["GET"]}}],"collection":[{"href":"https:\/\/filles-de-la-charite.org\/pt-pt\/wp-json\/wp\/v2\/posts"}],"about":[{"href":"https:\/\/filles-de-la-charite.org\/pt-pt\/wp-json\/wp\/v2\/types\/post"}],"author":[{"embeddable":true,"href":"https:\/\/filles-de-la-charite.org\/pt-pt\/wp-json\/wp\/v2\/users\/5"}],"replies":[{"embeddable":true,"href":"https:\/\/filles-de-la-charite.org\/pt-pt\/wp-json\/wp\/v2\/comments?post=45929"}],"version-history":[{"count":3,"href":"https:\/\/filles-de-la-charite.org\/pt-pt\/wp-json\/wp\/v2\/posts\/45929\/revisions"}],"predecessor-version":[{"id":45952,"href":"https:\/\/filles-de-la-charite.org\/pt-pt\/wp-json\/wp\/v2\/posts\/45929\/revisions\/45952"}],"wp:featuredmedia":[{"embeddable":true,"href":"https:\/\/filles-de-la-charite.org\/pt-pt\/wp-json\/wp\/v2\/media\/45905"}],"wp:attachment":[{"href":"https:\/\/filles-de-la-charite.org\/pt-pt\/wp-json\/wp\/v2\/media?parent=45929"}],"wp:term":[{"taxonomy":"category","embeddable":true,"href":"https:\/\/filles-de-la-charite.org\/pt-pt\/wp-json\/wp\/v2\/categories?post=45929"},{"taxonomy":"post_tag","embeddable":true,"href":"https:\/\/filles-de-la-charite.org\/pt-pt\/wp-json\/wp\/v2\/tags?post=45929"}],"curies":[{"name":"wp","href":"https:\/\/api.w.org\/{rel}","templated":true}]}}