{"id":46074,"date":"2025-08-28T11:11:00","date_gmt":"2025-08-28T09:11:00","guid":{"rendered":"https:\/\/filles-de-la-charite.org\/?p=46074"},"modified":"2025-08-28T13:43:48","modified_gmt":"2025-08-28T11:43:48","slug":"peregrinos-de-esperanza-con-sor-francoise-petit","status":"publish","type":"post","link":"https:\/\/filles-de-la-charite.org\/pt-pt\/peregrinos-de-esperanza-con-sor-francoise-petit\/","title":{"rendered":"Peregrinos de Esperan\u00e7a com Irm\u00e3 Fran\u00e7oise Petit"},"content":{"rendered":"\n<p>Hoje temos o prazer de ouvir a Irm\u00e3 Fran\u00e7oise Petit, Superiora Geral das Filhas da Caridade de S\u00e3o Vicente de Paulo. <\/p>\n\n\n\n<p>Ela esteve presente no Jubileu da Juventude em Roma, um grande momento para a Igreja de f\u00e9 e de esperan\u00e7a.<\/p>\n\n\n\n<p>Um testemunho simples, profundo&#8230; e uma mensagem de \u00e2nimo para os jovens de hoje.<\/p>\n\n\n\n<figure class=\"wp-block-embed is-type-video is-provider-youtube wp-block-embed-youtube wp-embed-aspect-16-9 wp-has-aspect-ratio\"><div class=\"wp-block-embed__wrapper\">\n<iframe loading=\"lazy\" title=\"Peregrinos de Esperan\u00e7a com Irm\u00e3 Fran\u00e7oise Petit - PT\" width=\"1080\" height=\"608\" src=\"https:\/\/www.youtube.com\/embed\/82lmG7Q6240?feature=oembed\"  allow=\"accelerometer; autoplay; clipboard-write; encrypted-media; gyroscope; picture-in-picture; web-share\" referrerpolicy=\"strict-origin-when-cross-origin\" allowfullscreen><\/iframe>\n<\/div><\/figure>\n","protected":false},"excerpt":{"rendered":"<p>Hoje temos o prazer de ouvir a Irm\u00e3 Fran\u00e7oise Petit, Superiora Geral das Filhas da Caridade de S\u00e3o Vicente de Paulo. Ela esteve presente no Jubileu da Juventude em Roma, um grande momento para a Igreja de f\u00e9 e de esperan\u00e7a. Um testemunho simples, profundo&#8230; e uma mensagem de \u00e2nimo para os jovens de hoje.<\/p>\n","protected":false},"author":5,"featured_media":46067,"comment_status":"closed","ping_status":"closed","sticky":false,"template":"","format":"standard","meta":{"_acf_changed":false,"_et_pb_use_builder":"","_et_pb_old_content":"","_et_gb_content_width":"","footnotes":"","_links_to":"","_links_to_target":""},"categories":[845],"tags":[],"class_list":["post-46074","post","type-post","status-publish","format-standard","has-post-thumbnail","hentry","category-internacional-pt-pt"],"acf":[],"yoast_head":"<!-- This site is optimized with the Yoast SEO plugin v27.5 - https:\/\/yoast.com\/product\/yoast-seo-wordpress\/ -->\n<title>Peregrinos de Esperan\u00e7a com Irm\u00e3 Fran\u00e7oise Petit - Filles de la Charit\u00e9<\/title>\n<meta name=\"robots\" content=\"index, follow, max-snippet:-1, max-image-preview:large, max-video-preview:-1\" \/>\n<link rel=\"canonical\" href=\"https:\/\/filles-de-la-charite.org\/pt-pt\/peregrinos-de-esperanza-con-sor-francoise-petit\/\" \/>\n<meta property=\"og:locale\" content=\"pt_PT\" \/>\n<meta property=\"og:type\" content=\"article\" \/>\n<meta property=\"og:title\" content=\"Peregrinos de Esperan\u00e7a com Irm\u00e3 Fran\u00e7oise Petit - Filles de la Charit\u00e9\" \/>\n<meta property=\"og:description\" content=\"Hoje temos o prazer de ouvir a Irm\u00e3 Fran\u00e7oise Petit, Superiora Geral das Filhas da Caridade de S\u00e3o Vicente de Paulo. Ela esteve presente no Jubileu da Juventude em Roma, um grande momento para a Igreja de f\u00e9 e de esperan\u00e7a. Um testemunho simples, profundo&#8230; e uma mensagem de \u00e2nimo para os jovens de hoje.\" \/>\n<meta property=\"og:url\" content=\"https:\/\/filles-de-la-charite.org\/pt-pt\/peregrinos-de-esperanza-con-sor-francoise-petit\/\" \/>\n<meta property=\"og:site_name\" content=\"Filles de la Charit\u00e9\" \/>\n<meta property=\"article:published_time\" content=\"2025-08-28T09:11:00+00:00\" \/>\n<meta property=\"article:modified_time\" content=\"2025-08-28T11:43:48+00:00\" \/>\n<meta property=\"og:image\" content=\"https:\/\/filles-de-la-charite.org\/wp-content\/uploads\/2025\/08\/5-2.jpg\" \/>\n\t<meta property=\"og:image:width\" content=\"1920\" \/>\n\t<meta property=\"og:image:height\" content=\"1080\" \/>\n\t<meta property=\"og:image:type\" content=\"image\/jpeg\" \/>\n<meta name=\"author\" content=\"SOR MARTA\" \/>\n<meta name=\"twitter:card\" content=\"summary_large_image\" \/>\n<meta name=\"twitter:label1\" content=\"Escrito por\" \/>\n\t<meta name=\"twitter:data1\" content=\"SOR MARTA\" \/>\n\t<meta name=\"twitter:label2\" content=\"Tempo estimado de leitura\" \/>\n\t<meta name=\"twitter:data2\" content=\"1 minuto\" \/>\n<script type=\"application\/ld+json\" class=\"yoast-schema-graph\">{\"@context\":\"https:\\\/\\\/schema.org\",\"@graph\":[{\"@type\":\"Article\",\"@id\":\"https:\\\/\\\/filles-de-la-charite.org\\\/pt-pt\\\/peregrinos-de-esperanza-con-sor-francoise-petit\\\/#article\",\"isPartOf\":{\"@id\":\"https:\\\/\\\/filles-de-la-charite.org\\\/pt-pt\\\/peregrinos-de-esperanza-con-sor-francoise-petit\\\/\"},\"author\":{\"name\":\"SOR MARTA\",\"@id\":\"https:\\\/\\\/filles-de-la-charite.org\\\/pt-pt\\\/#\\\/schema\\\/person\\\/0c922b6ca71280639858d297b3a7209f\"},\"headline\":\"Peregrinos de Esperan\u00e7a com Irm\u00e3 Fran\u00e7oise Petit\",\"datePublished\":\"2025-08-28T09:11:00+00:00\",\"dateModified\":\"2025-08-28T11:43:48+00:00\",\"mainEntityOfPage\":{\"@id\":\"https:\\\/\\\/filles-de-la-charite.org\\\/pt-pt\\\/peregrinos-de-esperanza-con-sor-francoise-petit\\\/\"},\"wordCount\":72,\"publisher\":{\"@id\":\"https:\\\/\\\/filles-de-la-charite.org\\\/pt-pt\\\/#organization\"},\"image\":{\"@id\":\"https:\\\/\\\/filles-de-la-charite.org\\\/pt-pt\\\/peregrinos-de-esperanza-con-sor-francoise-petit\\\/#primaryimage\"},\"thumbnailUrl\":\"https:\\\/\\\/filles-de-la-charite.org\\\/wp-content\\\/uploads\\\/2025\\\/08\\\/5-2.jpg\",\"articleSection\":[\"Internacional\"],\"inLanguage\":\"pt-PT\"},{\"@type\":\"WebPage\",\"@id\":\"https:\\\/\\\/filles-de-la-charite.org\\\/pt-pt\\\/peregrinos-de-esperanza-con-sor-francoise-petit\\\/\",\"url\":\"https:\\\/\\\/filles-de-la-charite.org\\\/pt-pt\\\/peregrinos-de-esperanza-con-sor-francoise-petit\\\/\",\"name\":\"Peregrinos de Esperan\u00e7a com Irm\u00e3 Fran\u00e7oise Petit - Filles de la Charit\u00e9\",\"isPartOf\":{\"@id\":\"https:\\\/\\\/filles-de-la-charite.org\\\/pt-pt\\\/#website\"},\"primaryImageOfPage\":{\"@id\":\"https:\\\/\\\/filles-de-la-charite.org\\\/pt-pt\\\/peregrinos-de-esperanza-con-sor-francoise-petit\\\/#primaryimage\"},\"image\":{\"@id\":\"https:\\\/\\\/filles-de-la-charite.org\\\/pt-pt\\\/peregrinos-de-esperanza-con-sor-francoise-petit\\\/#primaryimage\"},\"thumbnailUrl\":\"https:\\\/\\\/filles-de-la-charite.org\\\/wp-content\\\/uploads\\\/2025\\\/08\\\/5-2.jpg\",\"datePublished\":\"2025-08-28T09:11:00+00:00\",\"dateModified\":\"2025-08-28T11:43:48+00:00\",\"breadcrumb\":{\"@id\":\"https:\\\/\\\/filles-de-la-charite.org\\\/pt-pt\\\/peregrinos-de-esperanza-con-sor-francoise-petit\\\/#breadcrumb\"},\"inLanguage\":\"pt-PT\",\"potentialAction\":[{\"@type\":\"ReadAction\",\"target\":[\"https:\\\/\\\/filles-de-la-charite.org\\\/pt-pt\\\/peregrinos-de-esperanza-con-sor-francoise-petit\\\/\"]}]},{\"@type\":\"ImageObject\",\"inLanguage\":\"pt-PT\",\"@id\":\"https:\\\/\\\/filles-de-la-charite.org\\\/pt-pt\\\/peregrinos-de-esperanza-con-sor-francoise-petit\\\/#primaryimage\",\"url\":\"https:\\\/\\\/filles-de-la-charite.org\\\/wp-content\\\/uploads\\\/2025\\\/08\\\/5-2.jpg\",\"contentUrl\":\"https:\\\/\\\/filles-de-la-charite.org\\\/wp-content\\\/uploads\\\/2025\\\/08\\\/5-2.jpg\",\"width\":1920,\"height\":1080},{\"@type\":\"BreadcrumbList\",\"@id\":\"https:\\\/\\\/filles-de-la-charite.org\\\/pt-pt\\\/peregrinos-de-esperanza-con-sor-francoise-petit\\\/#breadcrumb\",\"itemListElement\":[{\"@type\":\"ListItem\",\"position\":1,\"name\":\"Internacional\",\"item\":\"https:\\\/\\\/filles-de-la-charite.org\\\/pt-pt\\\/category\\\/internacional-pt-pt\\\/\"},{\"@type\":\"ListItem\",\"position\":2,\"name\":\"Peregrinos de Esperan\u00e7a com Irm\u00e3 Fran\u00e7oise Petit\"}]},{\"@type\":\"WebSite\",\"@id\":\"https:\\\/\\\/filles-de-la-charite.org\\\/pt-pt\\\/#website\",\"url\":\"https:\\\/\\\/filles-de-la-charite.org\\\/pt-pt\\\/\",\"name\":\"Hijas de la Caridad\",\"description\":\"L\u2019amour de J\u00e9sus nous presse \u00e0 prendre soin des personnes les plus d\u00e9munies\",\"publisher\":{\"@id\":\"https:\\\/\\\/filles-de-la-charite.org\\\/pt-pt\\\/#organization\"},\"potentialAction\":[{\"@type\":\"SearchAction\",\"target\":{\"@type\":\"EntryPoint\",\"urlTemplate\":\"https:\\\/\\\/filles-de-la-charite.org\\\/pt-pt\\\/?s={search_term_string}\"},\"query-input\":{\"@type\":\"PropertyValueSpecification\",\"valueRequired\":true,\"valueName\":\"search_term_string\"}}],\"inLanguage\":\"pt-PT\"},{\"@type\":\"Organization\",\"@id\":\"https:\\\/\\\/filles-de-la-charite.org\\\/pt-pt\\\/#organization\",\"name\":\"Hijas de la Caridad\",\"url\":\"https:\\\/\\\/filles-de-la-charite.org\\\/pt-pt\\\/\",\"logo\":{\"@type\":\"ImageObject\",\"inLanguage\":\"pt-PT\",\"@id\":\"https:\\\/\\\/filles-de-la-charite.org\\\/pt-pt\\\/#\\\/schema\\\/logo\\\/image\\\/\",\"url\":\"https:\\\/\\\/filles-de-la-charite.org\\\/wp-content\\\/uploads\\\/2023\\\/03\\\/isotipo-Hijas-de-la-Caridad.png\",\"contentUrl\":\"https:\\\/\\\/filles-de-la-charite.org\\\/wp-content\\\/uploads\\\/2023\\\/03\\\/isotipo-Hijas-de-la-Caridad.png\",\"width\":1417,\"height\":1417,\"caption\":\"Hijas de la Caridad\"},\"image\":{\"@id\":\"https:\\\/\\\/filles-de-la-charite.org\\\/pt-pt\\\/#\\\/schema\\\/logo\\\/image\\\/\"}},{\"@type\":\"Person\",\"@id\":\"https:\\\/\\\/filles-de-la-charite.org\\\/pt-pt\\\/#\\\/schema\\\/person\\\/0c922b6ca71280639858d297b3a7209f\",\"name\":\"SOR MARTA\",\"image\":{\"@type\":\"ImageObject\",\"inLanguage\":\"pt-PT\",\"@id\":\"https:\\\/\\\/secure.gravatar.com\\\/avatar\\\/d2c45b0fd6bf2d3e2670ab3d112257c24ac80fa960360bba1bdc0676485d1d09?s=96&d=mm&r=g\",\"url\":\"https:\\\/\\\/secure.gravatar.com\\\/avatar\\\/d2c45b0fd6bf2d3e2670ab3d112257c24ac80fa960360bba1bdc0676485d1d09?s=96&d=mm&r=g\",\"contentUrl\":\"https:\\\/\\\/secure.gravatar.com\\\/avatar\\\/d2c45b0fd6bf2d3e2670ab3d112257c24ac80fa960360bba1bdc0676485d1d09?s=96&d=mm&r=g\",\"caption\":\"SOR MARTA\"},\"url\":\"https:\\\/\\\/filles-de-la-charite.org\\\/pt-pt\\\/author\\\/martaemn\\\/\"}]}<\/script>\n<!-- \/ Yoast SEO plugin. -->","yoast_head_json":{"title":"Peregrinos de Esperan\u00e7a com Irm\u00e3 Fran\u00e7oise Petit - Filles de la Charit\u00e9","robots":{"index":"index","follow":"follow","max-snippet":"max-snippet:-1","max-image-preview":"max-image-preview:large","max-video-preview":"max-video-preview:-1"},"canonical":"https:\/\/filles-de-la-charite.org\/pt-pt\/peregrinos-de-esperanza-con-sor-francoise-petit\/","og_locale":"pt_PT","og_type":"article","og_title":"Peregrinos de Esperan\u00e7a com Irm\u00e3 Fran\u00e7oise Petit - Filles de la Charit\u00e9","og_description":"Hoje temos o prazer de ouvir a Irm\u00e3 Fran\u00e7oise Petit, Superiora Geral das Filhas da Caridade de S\u00e3o Vicente de Paulo. Ela esteve presente no Jubileu da Juventude em Roma, um grande momento para a Igreja de f\u00e9 e de esperan\u00e7a. Um testemunho simples, profundo&#8230; e uma mensagem de \u00e2nimo para os jovens de hoje.","og_url":"https:\/\/filles-de-la-charite.org\/pt-pt\/peregrinos-de-esperanza-con-sor-francoise-petit\/","og_site_name":"Filles de la Charit\u00e9","article_published_time":"2025-08-28T09:11:00+00:00","article_modified_time":"2025-08-28T11:43:48+00:00","og_image":[{"width":1920,"height":1080,"url":"https:\/\/filles-de-la-charite.org\/wp-content\/uploads\/2025\/08\/5-2.jpg","type":"image\/jpeg"}],"author":"SOR MARTA","twitter_card":"summary_large_image","twitter_misc":{"Escrito por":"SOR MARTA","Tempo estimado de leitura":"1 minuto"},"schema":{"@context":"https:\/\/schema.org","@graph":[{"@type":"Article","@id":"https:\/\/filles-de-la-charite.org\/pt-pt\/peregrinos-de-esperanza-con-sor-francoise-petit\/#article","isPartOf":{"@id":"https:\/\/filles-de-la-charite.org\/pt-pt\/peregrinos-de-esperanza-con-sor-francoise-petit\/"},"author":{"name":"SOR MARTA","@id":"https:\/\/filles-de-la-charite.org\/pt-pt\/#\/schema\/person\/0c922b6ca71280639858d297b3a7209f"},"headline":"Peregrinos de Esperan\u00e7a com Irm\u00e3 Fran\u00e7oise Petit","datePublished":"2025-08-28T09:11:00+00:00","dateModified":"2025-08-28T11:43:48+00:00","mainEntityOfPage":{"@id":"https:\/\/filles-de-la-charite.org\/pt-pt\/peregrinos-de-esperanza-con-sor-francoise-petit\/"},"wordCount":72,"publisher":{"@id":"https:\/\/filles-de-la-charite.org\/pt-pt\/#organization"},"image":{"@id":"https:\/\/filles-de-la-charite.org\/pt-pt\/peregrinos-de-esperanza-con-sor-francoise-petit\/#primaryimage"},"thumbnailUrl":"https:\/\/filles-de-la-charite.org\/wp-content\/uploads\/2025\/08\/5-2.jpg","articleSection":["Internacional"],"inLanguage":"pt-PT"},{"@type":"WebPage","@id":"https:\/\/filles-de-la-charite.org\/pt-pt\/peregrinos-de-esperanza-con-sor-francoise-petit\/","url":"https:\/\/filles-de-la-charite.org\/pt-pt\/peregrinos-de-esperanza-con-sor-francoise-petit\/","name":"Peregrinos de Esperan\u00e7a com Irm\u00e3 Fran\u00e7oise Petit - Filles de la Charit\u00e9","isPartOf":{"@id":"https:\/\/filles-de-la-charite.org\/pt-pt\/#website"},"primaryImageOfPage":{"@id":"https:\/\/filles-de-la-charite.org\/pt-pt\/peregrinos-de-esperanza-con-sor-francoise-petit\/#primaryimage"},"image":{"@id":"https:\/\/filles-de-la-charite.org\/pt-pt\/peregrinos-de-esperanza-con-sor-francoise-petit\/#primaryimage"},"thumbnailUrl":"https:\/\/filles-de-la-charite.org\/wp-content\/uploads\/2025\/08\/5-2.jpg","datePublished":"2025-08-28T09:11:00+00:00","dateModified":"2025-08-28T11:43:48+00:00","breadcrumb":{"@id":"https:\/\/filles-de-la-charite.org\/pt-pt\/peregrinos-de-esperanza-con-sor-francoise-petit\/#breadcrumb"},"inLanguage":"pt-PT","potentialAction":[{"@type":"ReadAction","target":["https:\/\/filles-de-la-charite.org\/pt-pt\/peregrinos-de-esperanza-con-sor-francoise-petit\/"]}]},{"@type":"ImageObject","inLanguage":"pt-PT","@id":"https:\/\/filles-de-la-charite.org\/pt-pt\/peregrinos-de-esperanza-con-sor-francoise-petit\/#primaryimage","url":"https:\/\/filles-de-la-charite.org\/wp-content\/uploads\/2025\/08\/5-2.jpg","contentUrl":"https:\/\/filles-de-la-charite.org\/wp-content\/uploads\/2025\/08\/5-2.jpg","width":1920,"height":1080},{"@type":"BreadcrumbList","@id":"https:\/\/filles-de-la-charite.org\/pt-pt\/peregrinos-de-esperanza-con-sor-francoise-petit\/#breadcrumb","itemListElement":[{"@type":"ListItem","position":1,"name":"Internacional","item":"https:\/\/filles-de-la-charite.org\/pt-pt\/category\/internacional-pt-pt\/"},{"@type":"ListItem","position":2,"name":"Peregrinos de Esperan\u00e7a com Irm\u00e3 Fran\u00e7oise Petit"}]},{"@type":"WebSite","@id":"https:\/\/filles-de-la-charite.org\/pt-pt\/#website","url":"https:\/\/filles-de-la-charite.org\/pt-pt\/","name":"Hijas de la Caridad","description":"L\u2019amour de J\u00e9sus nous presse \u00e0 prendre soin des personnes les plus d\u00e9munies","publisher":{"@id":"https:\/\/filles-de-la-charite.org\/pt-pt\/#organization"},"potentialAction":[{"@type":"SearchAction","target":{"@type":"EntryPoint","urlTemplate":"https:\/\/filles-de-la-charite.org\/pt-pt\/?s={search_term_string}"},"query-input":{"@type":"PropertyValueSpecification","valueRequired":true,"valueName":"search_term_string"}}],"inLanguage":"pt-PT"},{"@type":"Organization","@id":"https:\/\/filles-de-la-charite.org\/pt-pt\/#organization","name":"Hijas de la Caridad","url":"https:\/\/filles-de-la-charite.org\/pt-pt\/","logo":{"@type":"ImageObject","inLanguage":"pt-PT","@id":"https:\/\/filles-de-la-charite.org\/pt-pt\/#\/schema\/logo\/image\/","url":"https:\/\/filles-de-la-charite.org\/wp-content\/uploads\/2023\/03\/isotipo-Hijas-de-la-Caridad.png","contentUrl":"https:\/\/filles-de-la-charite.org\/wp-content\/uploads\/2023\/03\/isotipo-Hijas-de-la-Caridad.png","width":1417,"height":1417,"caption":"Hijas de la Caridad"},"image":{"@id":"https:\/\/filles-de-la-charite.org\/pt-pt\/#\/schema\/logo\/image\/"}},{"@type":"Person","@id":"https:\/\/filles-de-la-charite.org\/pt-pt\/#\/schema\/person\/0c922b6ca71280639858d297b3a7209f","name":"SOR MARTA","image":{"@type":"ImageObject","inLanguage":"pt-PT","@id":"https:\/\/secure.gravatar.com\/avatar\/d2c45b0fd6bf2d3e2670ab3d112257c24ac80fa960360bba1bdc0676485d1d09?s=96&d=mm&r=g","url":"https:\/\/secure.gravatar.com\/avatar\/d2c45b0fd6bf2d3e2670ab3d112257c24ac80fa960360bba1bdc0676485d1d09?s=96&d=mm&r=g","contentUrl":"https:\/\/secure.gravatar.com\/avatar\/d2c45b0fd6bf2d3e2670ab3d112257c24ac80fa960360bba1bdc0676485d1d09?s=96&d=mm&r=g","caption":"SOR MARTA"},"url":"https:\/\/filles-de-la-charite.org\/pt-pt\/author\/martaemn\/"}]}},"_links":{"self":[{"href":"https:\/\/filles-de-la-charite.org\/pt-pt\/wp-json\/wp\/v2\/posts\/46074","targetHints":{"allow":["GET"]}}],"collection":[{"href":"https:\/\/filles-de-la-charite.org\/pt-pt\/wp-json\/wp\/v2\/posts"}],"about":[{"href":"https:\/\/filles-de-la-charite.org\/pt-pt\/wp-json\/wp\/v2\/types\/post"}],"author":[{"embeddable":true,"href":"https:\/\/filles-de-la-charite.org\/pt-pt\/wp-json\/wp\/v2\/users\/5"}],"replies":[{"embeddable":true,"href":"https:\/\/filles-de-la-charite.org\/pt-pt\/wp-json\/wp\/v2\/comments?post=46074"}],"version-history":[{"count":2,"href":"https:\/\/filles-de-la-charite.org\/pt-pt\/wp-json\/wp\/v2\/posts\/46074\/revisions"}],"predecessor-version":[{"id":46104,"href":"https:\/\/filles-de-la-charite.org\/pt-pt\/wp-json\/wp\/v2\/posts\/46074\/revisions\/46104"}],"wp:featuredmedia":[{"embeddable":true,"href":"https:\/\/filles-de-la-charite.org\/pt-pt\/wp-json\/wp\/v2\/media\/46067"}],"wp:attachment":[{"href":"https:\/\/filles-de-la-charite.org\/pt-pt\/wp-json\/wp\/v2\/media?parent=46074"}],"wp:term":[{"taxonomy":"category","embeddable":true,"href":"https:\/\/filles-de-la-charite.org\/pt-pt\/wp-json\/wp\/v2\/categories?post=46074"},{"taxonomy":"post_tag","embeddable":true,"href":"https:\/\/filles-de-la-charite.org\/pt-pt\/wp-json\/wp\/v2\/tags?post=46074"}],"curies":[{"name":"wp","href":"https:\/\/api.w.org\/{rel}","templated":true}]}}