{"id":47189,"date":"2025-10-05T18:17:58","date_gmt":"2025-10-05T16:17:58","guid":{"rendered":"https:\/\/filles-de-la-charite.org\/?p=47189"},"modified":"2025-10-07T01:19:11","modified_gmt":"2025-10-06T23:19:11","slug":"peregrinas-de-esperanza-con-maria-peregrinacion-a-notre-dame-de-paris","status":"publish","type":"post","link":"https:\/\/filles-de-la-charite.org\/pt-pt\/peregrinas-de-esperanza-con-maria-peregrinacion-a-notre-dame-de-paris\/","title":{"rendered":"Peregrinas de Esperan\u00e7a com Maria &#8211; Peregrina\u00e7\u00e3o \u00e0 Notre Dame de Paris"},"content":{"rendered":"\n<p>O Ano do Jubileu bateu \u00e0 nossa porta com o convite do Papa Francisco para sermos <strong>\u201cPeregrinas de Esperan\u00e7a\u201d<\/strong>. Com ele, sentimos que este Jubileu deveria ser um tempo de profunda conscientiza\u00e7\u00e3o, para reacender a esperan\u00e7a em n\u00f3s mesmas e no mundo. Sem esperan\u00e7a, a evangeliza\u00e7\u00e3o torna-se imposs\u00edvel; com esperan\u00e7a, podemos confiar na fidelidade das promessas de Deus.<\/p>\n\n\n\n<figure class=\"wp-block-image size-large\"><img loading=\"lazy\" decoding=\"async\" width=\"1024\" height=\"576\" src=\"https:\/\/filles-de-la-charite.org\/wp-content\/uploads\/2025\/09\/1-3-1024x576.jpg\" alt=\"\" class=\"wp-image-46828\" srcset=\"https:\/\/filles-de-la-charite.org\/wp-content\/uploads\/2025\/09\/1-3-980x551.jpg 980w, https:\/\/filles-de-la-charite.org\/wp-content\/uploads\/2025\/09\/1-3-480x270.jpg 480w\" sizes=\"(min-width: 0px) and (max-width: 480px) 480px, (min-width: 481px) and (max-width: 980px) 980px, (min-width: 981px) 1024px, 100vw\" \/><\/figure>\n\n\n\n<p><em>\u201cEis que estou convosco todos os dias, at\u00e9 o fim dos tempos\u201d<\/em> (Mt 28,20). <em>\u201cNem a doen\u00e7a nem a idade devem nos isentar de nossas obriga\u00e7\u00f5es crist\u00e3s.\u201d<\/em><\/p>\n\n\n\n<p>Como viajantes neste mundo, incans\u00e1veis peregrinas de esperan\u00e7a no fascinante caminho da configura\u00e7\u00e3o com Cristo, as Irm\u00e3s da Comunidade de S\u00e3o Jos\u00e9 da Casa M\u00e3e desejaram tornar essa experi\u00eancia uma realidade, respondendo com generosidade ao chamado do Papa. Quiseram fazer deste Jubileu um momento de encontro vivo e pessoal com o Senhor Jesus, a <strong>\u201cPorta da Salva\u00e7\u00e3o\u201d<\/strong>, nossa \u00fanica esperan\u00e7a.<\/p>\n\n\n\n<figure class=\"wp-block-image size-full\"><img loading=\"lazy\" decoding=\"async\" width=\"1200\" height=\"675\" src=\"https:\/\/filles-de-la-charite.org\/wp-content\/uploads\/2025\/09\/22-1.jpg\" alt=\"\" class=\"wp-image-46846\" srcset=\"https:\/\/filles-de-la-charite.org\/wp-content\/uploads\/2025\/09\/22-1.jpg 1200w, https:\/\/filles-de-la-charite.org\/wp-content\/uploads\/2025\/09\/22-1-980x551.jpg 980w, https:\/\/filles-de-la-charite.org\/wp-content\/uploads\/2025\/09\/22-1-480x270.jpg 480w\" sizes=\"(min-width: 0px) and (max-width: 480px) 480px, (min-width: 481px) and (max-width: 980px) 980px, (min-width: 981px) 1200px, 100vw\" \/><\/figure>\n\n\n\n<p>Sugerimos \u00e0s nossas Irm\u00e3s uma peregrina\u00e7\u00e3o \u00e0 Catedral de Notre Dame, em Paris, e, sem hesitar, um fogo entusiasmado acendeu-se no cora\u00e7\u00e3o de cada uma. Algo novo estava surgindo, percept\u00edvel nas express\u00f5es espont\u00e2neas:<\/p>\n\n\n\n<p><br><em>\u201cN\u00e3o vejo a hora de ir em peregrina\u00e7\u00e3o \u00e0 Notre Dame!\u201d \u201cVoc\u00ea tamb\u00e9m ir\u00e1 em peregrina\u00e7\u00e3o \u00e0 Notre Dame?\u201d \u201cIrei com minhas Irm\u00e3s da Comunidade em peregrina\u00e7\u00e3o \u00e0 Notre Dame.\u201d <\/em>Essas palavras nos motivaram profundamente.<\/p>\n\n\n\n<p>Como boas Filhas da Caridade, confiamos na Divina Provid\u00eancia, colocando tudo nas m\u00e3os de Deus. Ap\u00f3s um longo per\u00edodo de prepara\u00e7\u00e3o log\u00edstica, psicol\u00f3gica e espiritual - com leituras da confer\u00eancia de S\u00e3o Vicente sobre o Jubileu e da carta do Papa Francisco - decidimos realizar nossa peregrina\u00e7\u00e3o \u00e0 Notre Dame de Paris na festa do Santo Nome de Maria.<\/p>\n\n\n\n<figure class=\"wp-block-image size-large\"><img loading=\"lazy\" decoding=\"async\" width=\"1024\" height=\"768\" src=\"https:\/\/filles-de-la-charite.org\/wp-content\/uploads\/2025\/09\/3_1-1024x768.jpg\" alt=\"\" class=\"wp-image-46826\" srcset=\"https:\/\/filles-de-la-charite.org\/wp-content\/uploads\/2025\/09\/3_1-980x735.jpg 980w, https:\/\/filles-de-la-charite.org\/wp-content\/uploads\/2025\/09\/3_1-480x360.jpg 480w\" sizes=\"(min-width: 0px) and (max-width: 480px) 480px, (min-width: 481px) and (max-width: 980px) 980px, (min-width: 981px) 1024px, 100vw\" \/><\/figure>\n\n\n\n<p>\u00c9 imposs\u00edvel caminhar sem a M\u00e3e de Jesus, que <strong>\u201cbrilha como um \u00edcone de esperan\u00e7a para seus filhos peregrinos ao longo da hist\u00f3ria\u201d<\/strong>, sendo a primeira na caminhada e aquela que sempre nos precede.<\/p>\n\n\n\n<p>Finalmente, o t\u00e3o esperado grande dia chegou! Tudo come\u00e7ou com a Santa Missa, celebrada pelo Padre Jos\u00e9 Antonio Gonzalez, nosso Diretor Geral. Ele nos exortou a viver esse dia como um tempo de gra\u00e7a e, ao atravessarmos a Porta Santa, a expressar a Deus nosso desejo de convers\u00e3o, bem como os esfor\u00e7os di\u00e1rios necess\u00e1rios para crescer nesse processo.<\/p>\n\n\n\n<figure class=\"wp-block-image size-large\"><img loading=\"lazy\" decoding=\"async\" width=\"1024\" height=\"576\" src=\"https:\/\/filles-de-la-charite.org\/wp-content\/uploads\/2025\/09\/5-1024x576.jpg\" alt=\"\" class=\"wp-image-46834\" srcset=\"https:\/\/filles-de-la-charite.org\/wp-content\/uploads\/2025\/09\/5-1024x576.jpg 1024w, https:\/\/filles-de-la-charite.org\/wp-content\/uploads\/2025\/09\/5-980x551.jpg 980w, https:\/\/filles-de-la-charite.org\/wp-content\/uploads\/2025\/09\/5-480x270.jpg 480w\" sizes=\"(min-width: 0px) and (max-width: 480px) 480px, (min-width: 481px) and (max-width: 980px) 980px, (min-width: 981px) 1024px, 100vw\" \/><\/figure>\n\n\n\n<p>Logo ap\u00f3s a missa, a prociss\u00e3o - composta por Irm\u00e3s em cadeiras de rodas e outras em duplas - dirigiu-se ao \u00f4nibus adaptado \u00e0s nossas condi\u00e7\u00f5es f\u00edsicas, equipado com elevador para cadeiras de rodas.<\/p>\n\n\n\n<p>Durante o trajeto, rezamos o ter\u00e7o e lemos a primeira parte da celebra\u00e7\u00e3o no livreto preparado para a ocasi\u00e3o. Os momentos marcantes do dia inclu\u00edram a passagem pela Porta Santa, a descoberta da catedral restaurada, a contempla\u00e7\u00e3o diante da coroa de espinhos e, \u00e9 claro, a foto de grupo em frente \u00e0 catedral, para eternizar esse dia jubilar t\u00e3o especial.<\/p>\n\n\n\n<p>Ficamos profundamente tocadas pelo cuidado, solidariedade e respeito das volunt\u00e1rias, bem como pelas pessoas que, com delicadeza e sorrisos, abriam caminho para nossa passagem. Sentimos a fraternidade entre n\u00f3s e a alegria de caminharmos juntas.<\/p>\n\n\n\n<p>Todas ficamos radiantes! Foi t\u00e3o belo que nem percebemos o tempo passar. Todo o nosso ser come\u00e7ou a recitar os vers\u00edculos do salmo: <em>\u201cA bondade do Senhor, eu hei de ver na terra dos viventes\u201d<\/em> (Salmo 27,13).<\/p>\n\n\n\n<figure class=\"wp-block-image size-large\"><img loading=\"lazy\" decoding=\"async\" width=\"1024\" height=\"576\" src=\"https:\/\/filles-de-la-charite.org\/wp-content\/uploads\/2025\/09\/44-1024x576.jpg\" alt=\"\" class=\"wp-image-46840\" srcset=\"https:\/\/filles-de-la-charite.org\/wp-content\/uploads\/2025\/09\/44-1024x576.jpg 1024w, https:\/\/filles-de-la-charite.org\/wp-content\/uploads\/2025\/09\/44-980x551.jpg 980w, https:\/\/filles-de-la-charite.org\/wp-content\/uploads\/2025\/09\/44-480x270.jpg 480w\" sizes=\"(min-width: 0px) and (max-width: 480px) 480px, (min-width: 481px) and (max-width: 980px) 980px, (min-width: 981px) 1024px, 100vw\" \/><\/figure>\n\n\n\n<p>Nosso agradecimento a todos que tornaram esse sonho poss\u00edvel: \u00e0 Irm\u00e3 Lu\u00edsa, por sua motiva\u00e7\u00e3o; ao Padre Diretor Geral, que nos acompanhou com dedica\u00e7\u00e3o; \u00e0 Comunidade, por seu entusiasmo e compromisso; \u00e0s Irm\u00e3s e \u00e0 equipe que nos apoiaram generosamente.<\/p>\n\n\n\n<p><em>\u201cCom todo o nosso cora\u00e7\u00e3o, Senhor, n\u00f3s Vos agradecemos por Vossa infinita bondade. Obrigado por este dia de gra\u00e7a e ora\u00e7\u00e3o!\u201d.&nbsp;&nbsp;&nbsp;&nbsp;&nbsp;&nbsp;&nbsp;&nbsp;&nbsp;&nbsp;&nbsp;&nbsp;&nbsp;&nbsp;&nbsp;&nbsp;&nbsp;&nbsp;&nbsp;&nbsp;&nbsp;&nbsp;&nbsp;&nbsp;&nbsp;&nbsp;&nbsp;&nbsp;&nbsp;&nbsp;&nbsp;&nbsp;&nbsp;&nbsp;&nbsp;&nbsp;&nbsp;&nbsp;&nbsp;&nbsp;&nbsp;&nbsp;&nbsp;&nbsp;&nbsp;&nbsp;&nbsp;&nbsp;&nbsp;&nbsp;&nbsp;&nbsp;&nbsp;&nbsp;&nbsp;&nbsp;&nbsp;&nbsp;&nbsp;&nbsp;&nbsp;&nbsp;&nbsp;&nbsp;&nbsp;&nbsp;&nbsp;&nbsp;&nbsp;&nbsp;&nbsp;&nbsp;&nbsp;<\/em><\/p>\n\n\n\n<p><em>&nbsp;<\/em><strong>Irm\u00e3s da Comunidade de S\u00e3o Jos\u00e9, Casa M\u00e3e<\/strong><em><\/em><\/p>\n\n\n\n<figure class=\"wp-block-image size-large\"><img loading=\"lazy\" decoding=\"async\" width=\"1024\" height=\"768\" src=\"https:\/\/filles-de-la-charite.org\/wp-content\/uploads\/2025\/09\/6_1-1024x768.jpg\" alt=\"\" class=\"wp-image-46820\" srcset=\"https:\/\/filles-de-la-charite.org\/wp-content\/uploads\/2025\/09\/6_1-980x735.jpg 980w, https:\/\/filles-de-la-charite.org\/wp-content\/uploads\/2025\/09\/6_1-480x360.jpg 480w\" sizes=\"(min-width: 0px) and (max-width: 480px) 480px, (min-width: 481px) and (max-width: 980px) 980px, (min-width: 981px) 1024px, 100vw\" \/><\/figure>\n","protected":false},"excerpt":{"rendered":"<p>O Ano do Jubileu bateu \u00e0 nossa porta com o convite do Papa Francisco para sermos \u201cPeregrinas de Esperan\u00e7a\u201d. Com ele, sentimos que este Jubileu deveria ser um tempo de profunda conscientiza\u00e7\u00e3o, para reacender a esperan\u00e7a em n\u00f3s mesmas e no mundo. Sem esperan\u00e7a, a evangeliza\u00e7\u00e3o torna-se imposs\u00edvel; com esperan\u00e7a, podemos confiar na fidelidade das [&hellip;]<\/p>\n","protected":false},"author":5,"featured_media":47529,"comment_status":"closed","ping_status":"closed","sticky":false,"template":"","format":"standard","meta":{"_acf_changed":false,"footnotes":"","_links_to":"","_links_to_target":""},"categories":[561],"tags":[],"class_list":["post-47189","post","type-post","status-publish","format-standard","has-post-thumbnail","hentry","category-casa-mae-pt-pt"],"acf":[],"yoast_head":"<!-- This site is optimized with the Yoast SEO plugin v27.5 - https:\/\/yoast.com\/product\/yoast-seo-wordpress\/ -->\n<title>Peregrinas de Esperan\u00e7a com Maria - Peregrina\u00e7\u00e3o \u00e0 Notre Dame de Paris - Filles de la Charit\u00e9<\/title>\n<meta name=\"robots\" content=\"index, follow, max-snippet:-1, max-image-preview:large, max-video-preview:-1\" \/>\n<link rel=\"canonical\" href=\"https:\/\/filles-de-la-charite.org\/pt-pt\/peregrinas-de-esperanza-con-maria-peregrinacion-a-notre-dame-de-paris\/\" \/>\n<meta property=\"og:locale\" content=\"pt_PT\" \/>\n<meta property=\"og:type\" content=\"article\" \/>\n<meta property=\"og:title\" content=\"Peregrinas de Esperan\u00e7a com Maria - Peregrina\u00e7\u00e3o \u00e0 Notre Dame de Paris - Filles de la Charit\u00e9\" \/>\n<meta property=\"og:description\" content=\"O Ano do Jubileu bateu \u00e0 nossa porta com o convite do Papa Francisco para sermos \u201cPeregrinas de Esperan\u00e7a\u201d. Com ele, sentimos que este Jubileu deveria ser um tempo de profunda conscientiza\u00e7\u00e3o, para reacender a esperan\u00e7a em n\u00f3s mesmas e no mundo. Sem esperan\u00e7a, a evangeliza\u00e7\u00e3o torna-se imposs\u00edvel; com esperan\u00e7a, podemos confiar na fidelidade das [&hellip;]\" \/>\n<meta property=\"og:url\" content=\"https:\/\/filles-de-la-charite.org\/pt-pt\/peregrinas-de-esperanza-con-maria-peregrinacion-a-notre-dame-de-paris\/\" \/>\n<meta property=\"og:site_name\" content=\"Filles de la Charit\u00e9\" \/>\n<meta property=\"article:published_time\" content=\"2025-10-05T16:17:58+00:00\" \/>\n<meta property=\"article:modified_time\" content=\"2025-10-06T23:19:11+00:00\" \/>\n<meta property=\"og:image\" content=\"https:\/\/filles-de-la-charite.org\/wp-content\/uploads\/2025\/09\/6_1.jpg\" \/>\n\t<meta property=\"og:image:width\" content=\"1600\" \/>\n\t<meta property=\"og:image:height\" content=\"1200\" \/>\n\t<meta property=\"og:image:type\" content=\"image\/jpeg\" \/>\n<meta name=\"author\" content=\"SOR MARTA\" \/>\n<meta name=\"twitter:card\" content=\"summary_large_image\" \/>\n<meta name=\"twitter:label1\" content=\"Escrito por\" \/>\n\t<meta name=\"twitter:data1\" content=\"SOR MARTA\" \/>\n\t<meta name=\"twitter:label2\" content=\"Tempo estimado de leitura\" \/>\n\t<meta name=\"twitter:data2\" content=\"5 minutos\" \/>\n<script type=\"application\/ld+json\" class=\"yoast-schema-graph\">{\"@context\":\"https:\\\/\\\/schema.org\",\"@graph\":[{\"@type\":\"Article\",\"@id\":\"https:\\\/\\\/filles-de-la-charite.org\\\/pt-pt\\\/peregrinas-de-esperanza-con-maria-peregrinacion-a-notre-dame-de-paris\\\/#article\",\"isPartOf\":{\"@id\":\"https:\\\/\\\/filles-de-la-charite.org\\\/pt-pt\\\/peregrinas-de-esperanza-con-maria-peregrinacion-a-notre-dame-de-paris\\\/\"},\"author\":{\"name\":\"SOR MARTA\",\"@id\":\"https:\\\/\\\/filles-de-la-charite.org\\\/pt-pt\\\/#\\\/schema\\\/person\\\/0c922b6ca71280639858d297b3a7209f\"},\"headline\":\"Peregrinas de Esperan\u00e7a com Maria &#8211; Peregrina\u00e7\u00e3o \u00e0 Notre Dame de Paris\",\"datePublished\":\"2025-10-05T16:17:58+00:00\",\"dateModified\":\"2025-10-06T23:19:11+00:00\",\"mainEntityOfPage\":{\"@id\":\"https:\\\/\\\/filles-de-la-charite.org\\\/pt-pt\\\/peregrinas-de-esperanza-con-maria-peregrinacion-a-notre-dame-de-paris\\\/\"},\"wordCount\":753,\"publisher\":{\"@id\":\"https:\\\/\\\/filles-de-la-charite.org\\\/pt-pt\\\/#organization\"},\"image\":{\"@id\":\"https:\\\/\\\/filles-de-la-charite.org\\\/pt-pt\\\/peregrinas-de-esperanza-con-maria-peregrinacion-a-notre-dame-de-paris\\\/#primaryimage\"},\"thumbnailUrl\":\"https:\\\/\\\/filles-de-la-charite.org\\\/wp-content\\\/uploads\\\/2025\\\/09\\\/6_1.jpg\",\"articleSection\":[\"Casa-M\u00e3e\"],\"inLanguage\":\"pt-PT\"},{\"@type\":\"WebPage\",\"@id\":\"https:\\\/\\\/filles-de-la-charite.org\\\/pt-pt\\\/peregrinas-de-esperanza-con-maria-peregrinacion-a-notre-dame-de-paris\\\/\",\"url\":\"https:\\\/\\\/filles-de-la-charite.org\\\/pt-pt\\\/peregrinas-de-esperanza-con-maria-peregrinacion-a-notre-dame-de-paris\\\/\",\"name\":\"Peregrinas de Esperan\u00e7a com Maria - Peregrina\u00e7\u00e3o \u00e0 Notre Dame de Paris - Filles de la Charit\u00e9\",\"isPartOf\":{\"@id\":\"https:\\\/\\\/filles-de-la-charite.org\\\/pt-pt\\\/#website\"},\"primaryImageOfPage\":{\"@id\":\"https:\\\/\\\/filles-de-la-charite.org\\\/pt-pt\\\/peregrinas-de-esperanza-con-maria-peregrinacion-a-notre-dame-de-paris\\\/#primaryimage\"},\"image\":{\"@id\":\"https:\\\/\\\/filles-de-la-charite.org\\\/pt-pt\\\/peregrinas-de-esperanza-con-maria-peregrinacion-a-notre-dame-de-paris\\\/#primaryimage\"},\"thumbnailUrl\":\"https:\\\/\\\/filles-de-la-charite.org\\\/wp-content\\\/uploads\\\/2025\\\/09\\\/6_1.jpg\",\"datePublished\":\"2025-10-05T16:17:58+00:00\",\"dateModified\":\"2025-10-06T23:19:11+00:00\",\"breadcrumb\":{\"@id\":\"https:\\\/\\\/filles-de-la-charite.org\\\/pt-pt\\\/peregrinas-de-esperanza-con-maria-peregrinacion-a-notre-dame-de-paris\\\/#breadcrumb\"},\"inLanguage\":\"pt-PT\",\"potentialAction\":[{\"@type\":\"ReadAction\",\"target\":[\"https:\\\/\\\/filles-de-la-charite.org\\\/pt-pt\\\/peregrinas-de-esperanza-con-maria-peregrinacion-a-notre-dame-de-paris\\\/\"]}]},{\"@type\":\"ImageObject\",\"inLanguage\":\"pt-PT\",\"@id\":\"https:\\\/\\\/filles-de-la-charite.org\\\/pt-pt\\\/peregrinas-de-esperanza-con-maria-peregrinacion-a-notre-dame-de-paris\\\/#primaryimage\",\"url\":\"https:\\\/\\\/filles-de-la-charite.org\\\/wp-content\\\/uploads\\\/2025\\\/09\\\/6_1.jpg\",\"contentUrl\":\"https:\\\/\\\/filles-de-la-charite.org\\\/wp-content\\\/uploads\\\/2025\\\/09\\\/6_1.jpg\",\"width\":1600,\"height\":1200},{\"@type\":\"BreadcrumbList\",\"@id\":\"https:\\\/\\\/filles-de-la-charite.org\\\/pt-pt\\\/peregrinas-de-esperanza-con-maria-peregrinacion-a-notre-dame-de-paris\\\/#breadcrumb\",\"itemListElement\":[{\"@type\":\"ListItem\",\"position\":1,\"name\":\"Casa-M\u00e3e\",\"item\":\"https:\\\/\\\/filles-de-la-charite.org\\\/pt-pt\\\/category\\\/casa-mae-pt-pt\\\/\"},{\"@type\":\"ListItem\",\"position\":2,\"name\":\"Peregrinas de Esperan\u00e7a com Maria &#8211; Peregrina\u00e7\u00e3o \u00e0 Notre Dame de Paris\"}]},{\"@type\":\"WebSite\",\"@id\":\"https:\\\/\\\/filles-de-la-charite.org\\\/pt-pt\\\/#website\",\"url\":\"https:\\\/\\\/filles-de-la-charite.org\\\/pt-pt\\\/\",\"name\":\"Hijas de la Caridad\",\"description\":\"L\u2019amour de J\u00e9sus nous presse \u00e0 prendre soin des personnes les plus d\u00e9munies\",\"publisher\":{\"@id\":\"https:\\\/\\\/filles-de-la-charite.org\\\/pt-pt\\\/#organization\"},\"potentialAction\":[{\"@type\":\"SearchAction\",\"target\":{\"@type\":\"EntryPoint\",\"urlTemplate\":\"https:\\\/\\\/filles-de-la-charite.org\\\/pt-pt\\\/?s={search_term_string}\"},\"query-input\":{\"@type\":\"PropertyValueSpecification\",\"valueRequired\":true,\"valueName\":\"search_term_string\"}}],\"inLanguage\":\"pt-PT\"},{\"@type\":\"Organization\",\"@id\":\"https:\\\/\\\/filles-de-la-charite.org\\\/pt-pt\\\/#organization\",\"name\":\"Hijas de la Caridad\",\"url\":\"https:\\\/\\\/filles-de-la-charite.org\\\/pt-pt\\\/\",\"logo\":{\"@type\":\"ImageObject\",\"inLanguage\":\"pt-PT\",\"@id\":\"https:\\\/\\\/filles-de-la-charite.org\\\/pt-pt\\\/#\\\/schema\\\/logo\\\/image\\\/\",\"url\":\"https:\\\/\\\/filles-de-la-charite.org\\\/wp-content\\\/uploads\\\/2023\\\/03\\\/isotipo-Hijas-de-la-Caridad.png\",\"contentUrl\":\"https:\\\/\\\/filles-de-la-charite.org\\\/wp-content\\\/uploads\\\/2023\\\/03\\\/isotipo-Hijas-de-la-Caridad.png\",\"width\":1417,\"height\":1417,\"caption\":\"Hijas de la Caridad\"},\"image\":{\"@id\":\"https:\\\/\\\/filles-de-la-charite.org\\\/pt-pt\\\/#\\\/schema\\\/logo\\\/image\\\/\"}},{\"@type\":\"Person\",\"@id\":\"https:\\\/\\\/filles-de-la-charite.org\\\/pt-pt\\\/#\\\/schema\\\/person\\\/0c922b6ca71280639858d297b3a7209f\",\"name\":\"SOR MARTA\",\"image\":{\"@type\":\"ImageObject\",\"inLanguage\":\"pt-PT\",\"@id\":\"https:\\\/\\\/secure.gravatar.com\\\/avatar\\\/d2c45b0fd6bf2d3e2670ab3d112257c24ac80fa960360bba1bdc0676485d1d09?s=96&d=mm&r=g\",\"url\":\"https:\\\/\\\/secure.gravatar.com\\\/avatar\\\/d2c45b0fd6bf2d3e2670ab3d112257c24ac80fa960360bba1bdc0676485d1d09?s=96&d=mm&r=g\",\"contentUrl\":\"https:\\\/\\\/secure.gravatar.com\\\/avatar\\\/d2c45b0fd6bf2d3e2670ab3d112257c24ac80fa960360bba1bdc0676485d1d09?s=96&d=mm&r=g\",\"caption\":\"SOR MARTA\"},\"url\":\"https:\\\/\\\/filles-de-la-charite.org\\\/pt-pt\\\/author\\\/martaemn\\\/\"}]}<\/script>\n<!-- \/ Yoast SEO plugin. -->","yoast_head_json":{"title":"Peregrinas de Esperan\u00e7a com Maria - Peregrina\u00e7\u00e3o \u00e0 Notre Dame de Paris - Filles de la Charit\u00e9","robots":{"index":"index","follow":"follow","max-snippet":"max-snippet:-1","max-image-preview":"max-image-preview:large","max-video-preview":"max-video-preview:-1"},"canonical":"https:\/\/filles-de-la-charite.org\/pt-pt\/peregrinas-de-esperanza-con-maria-peregrinacion-a-notre-dame-de-paris\/","og_locale":"pt_PT","og_type":"article","og_title":"Peregrinas de Esperan\u00e7a com Maria - Peregrina\u00e7\u00e3o \u00e0 Notre Dame de Paris - Filles de la Charit\u00e9","og_description":"O Ano do Jubileu bateu \u00e0 nossa porta com o convite do Papa Francisco para sermos \u201cPeregrinas de Esperan\u00e7a\u201d. Com ele, sentimos que este Jubileu deveria ser um tempo de profunda conscientiza\u00e7\u00e3o, para reacender a esperan\u00e7a em n\u00f3s mesmas e no mundo. Sem esperan\u00e7a, a evangeliza\u00e7\u00e3o torna-se imposs\u00edvel; com esperan\u00e7a, podemos confiar na fidelidade das [&hellip;]","og_url":"https:\/\/filles-de-la-charite.org\/pt-pt\/peregrinas-de-esperanza-con-maria-peregrinacion-a-notre-dame-de-paris\/","og_site_name":"Filles de la Charit\u00e9","article_published_time":"2025-10-05T16:17:58+00:00","article_modified_time":"2025-10-06T23:19:11+00:00","og_image":[{"width":1600,"height":1200,"url":"https:\/\/filles-de-la-charite.org\/wp-content\/uploads\/2025\/09\/6_1.jpg","type":"image\/jpeg"}],"author":"SOR MARTA","twitter_card":"summary_large_image","twitter_misc":{"Escrito por":"SOR MARTA","Tempo estimado de leitura":"5 minutos"},"schema":{"@context":"https:\/\/schema.org","@graph":[{"@type":"Article","@id":"https:\/\/filles-de-la-charite.org\/pt-pt\/peregrinas-de-esperanza-con-maria-peregrinacion-a-notre-dame-de-paris\/#article","isPartOf":{"@id":"https:\/\/filles-de-la-charite.org\/pt-pt\/peregrinas-de-esperanza-con-maria-peregrinacion-a-notre-dame-de-paris\/"},"author":{"name":"SOR MARTA","@id":"https:\/\/filles-de-la-charite.org\/pt-pt\/#\/schema\/person\/0c922b6ca71280639858d297b3a7209f"},"headline":"Peregrinas de Esperan\u00e7a com Maria &#8211; Peregrina\u00e7\u00e3o \u00e0 Notre Dame de Paris","datePublished":"2025-10-05T16:17:58+00:00","dateModified":"2025-10-06T23:19:11+00:00","mainEntityOfPage":{"@id":"https:\/\/filles-de-la-charite.org\/pt-pt\/peregrinas-de-esperanza-con-maria-peregrinacion-a-notre-dame-de-paris\/"},"wordCount":753,"publisher":{"@id":"https:\/\/filles-de-la-charite.org\/pt-pt\/#organization"},"image":{"@id":"https:\/\/filles-de-la-charite.org\/pt-pt\/peregrinas-de-esperanza-con-maria-peregrinacion-a-notre-dame-de-paris\/#primaryimage"},"thumbnailUrl":"https:\/\/filles-de-la-charite.org\/wp-content\/uploads\/2025\/09\/6_1.jpg","articleSection":["Casa-M\u00e3e"],"inLanguage":"pt-PT"},{"@type":"WebPage","@id":"https:\/\/filles-de-la-charite.org\/pt-pt\/peregrinas-de-esperanza-con-maria-peregrinacion-a-notre-dame-de-paris\/","url":"https:\/\/filles-de-la-charite.org\/pt-pt\/peregrinas-de-esperanza-con-maria-peregrinacion-a-notre-dame-de-paris\/","name":"Peregrinas de Esperan\u00e7a com Maria - Peregrina\u00e7\u00e3o \u00e0 Notre Dame de Paris - Filles de la Charit\u00e9","isPartOf":{"@id":"https:\/\/filles-de-la-charite.org\/pt-pt\/#website"},"primaryImageOfPage":{"@id":"https:\/\/filles-de-la-charite.org\/pt-pt\/peregrinas-de-esperanza-con-maria-peregrinacion-a-notre-dame-de-paris\/#primaryimage"},"image":{"@id":"https:\/\/filles-de-la-charite.org\/pt-pt\/peregrinas-de-esperanza-con-maria-peregrinacion-a-notre-dame-de-paris\/#primaryimage"},"thumbnailUrl":"https:\/\/filles-de-la-charite.org\/wp-content\/uploads\/2025\/09\/6_1.jpg","datePublished":"2025-10-05T16:17:58+00:00","dateModified":"2025-10-06T23:19:11+00:00","breadcrumb":{"@id":"https:\/\/filles-de-la-charite.org\/pt-pt\/peregrinas-de-esperanza-con-maria-peregrinacion-a-notre-dame-de-paris\/#breadcrumb"},"inLanguage":"pt-PT","potentialAction":[{"@type":"ReadAction","target":["https:\/\/filles-de-la-charite.org\/pt-pt\/peregrinas-de-esperanza-con-maria-peregrinacion-a-notre-dame-de-paris\/"]}]},{"@type":"ImageObject","inLanguage":"pt-PT","@id":"https:\/\/filles-de-la-charite.org\/pt-pt\/peregrinas-de-esperanza-con-maria-peregrinacion-a-notre-dame-de-paris\/#primaryimage","url":"https:\/\/filles-de-la-charite.org\/wp-content\/uploads\/2025\/09\/6_1.jpg","contentUrl":"https:\/\/filles-de-la-charite.org\/wp-content\/uploads\/2025\/09\/6_1.jpg","width":1600,"height":1200},{"@type":"BreadcrumbList","@id":"https:\/\/filles-de-la-charite.org\/pt-pt\/peregrinas-de-esperanza-con-maria-peregrinacion-a-notre-dame-de-paris\/#breadcrumb","itemListElement":[{"@type":"ListItem","position":1,"name":"Casa-M\u00e3e","item":"https:\/\/filles-de-la-charite.org\/pt-pt\/category\/casa-mae-pt-pt\/"},{"@type":"ListItem","position":2,"name":"Peregrinas de Esperan\u00e7a com Maria &#8211; Peregrina\u00e7\u00e3o \u00e0 Notre Dame de Paris"}]},{"@type":"WebSite","@id":"https:\/\/filles-de-la-charite.org\/pt-pt\/#website","url":"https:\/\/filles-de-la-charite.org\/pt-pt\/","name":"Hijas de la Caridad","description":"L\u2019amour de J\u00e9sus nous presse \u00e0 prendre soin des personnes les plus d\u00e9munies","publisher":{"@id":"https:\/\/filles-de-la-charite.org\/pt-pt\/#organization"},"potentialAction":[{"@type":"SearchAction","target":{"@type":"EntryPoint","urlTemplate":"https:\/\/filles-de-la-charite.org\/pt-pt\/?s={search_term_string}"},"query-input":{"@type":"PropertyValueSpecification","valueRequired":true,"valueName":"search_term_string"}}],"inLanguage":"pt-PT"},{"@type":"Organization","@id":"https:\/\/filles-de-la-charite.org\/pt-pt\/#organization","name":"Hijas de la Caridad","url":"https:\/\/filles-de-la-charite.org\/pt-pt\/","logo":{"@type":"ImageObject","inLanguage":"pt-PT","@id":"https:\/\/filles-de-la-charite.org\/pt-pt\/#\/schema\/logo\/image\/","url":"https:\/\/filles-de-la-charite.org\/wp-content\/uploads\/2023\/03\/isotipo-Hijas-de-la-Caridad.png","contentUrl":"https:\/\/filles-de-la-charite.org\/wp-content\/uploads\/2023\/03\/isotipo-Hijas-de-la-Caridad.png","width":1417,"height":1417,"caption":"Hijas de la Caridad"},"image":{"@id":"https:\/\/filles-de-la-charite.org\/pt-pt\/#\/schema\/logo\/image\/"}},{"@type":"Person","@id":"https:\/\/filles-de-la-charite.org\/pt-pt\/#\/schema\/person\/0c922b6ca71280639858d297b3a7209f","name":"SOR MARTA","image":{"@type":"ImageObject","inLanguage":"pt-PT","@id":"https:\/\/secure.gravatar.com\/avatar\/d2c45b0fd6bf2d3e2670ab3d112257c24ac80fa960360bba1bdc0676485d1d09?s=96&d=mm&r=g","url":"https:\/\/secure.gravatar.com\/avatar\/d2c45b0fd6bf2d3e2670ab3d112257c24ac80fa960360bba1bdc0676485d1d09?s=96&d=mm&r=g","contentUrl":"https:\/\/secure.gravatar.com\/avatar\/d2c45b0fd6bf2d3e2670ab3d112257c24ac80fa960360bba1bdc0676485d1d09?s=96&d=mm&r=g","caption":"SOR MARTA"},"url":"https:\/\/filles-de-la-charite.org\/pt-pt\/author\/martaemn\/"}]}},"_links":{"self":[{"href":"https:\/\/filles-de-la-charite.org\/pt-pt\/wp-json\/wp\/v2\/posts\/47189","targetHints":{"allow":["GET"]}}],"collection":[{"href":"https:\/\/filles-de-la-charite.org\/pt-pt\/wp-json\/wp\/v2\/posts"}],"about":[{"href":"https:\/\/filles-de-la-charite.org\/pt-pt\/wp-json\/wp\/v2\/types\/post"}],"author":[{"embeddable":true,"href":"https:\/\/filles-de-la-charite.org\/pt-pt\/wp-json\/wp\/v2\/users\/5"}],"replies":[{"embeddable":true,"href":"https:\/\/filles-de-la-charite.org\/pt-pt\/wp-json\/wp\/v2\/comments?post=47189"}],"version-history":[{"count":1,"href":"https:\/\/filles-de-la-charite.org\/pt-pt\/wp-json\/wp\/v2\/posts\/47189\/revisions"}],"predecessor-version":[{"id":47193,"href":"https:\/\/filles-de-la-charite.org\/pt-pt\/wp-json\/wp\/v2\/posts\/47189\/revisions\/47193"}],"wp:featuredmedia":[{"embeddable":true,"href":"https:\/\/filles-de-la-charite.org\/pt-pt\/wp-json\/wp\/v2\/media\/47529"}],"wp:attachment":[{"href":"https:\/\/filles-de-la-charite.org\/pt-pt\/wp-json\/wp\/v2\/media?parent=47189"}],"wp:term":[{"taxonomy":"category","embeddable":true,"href":"https:\/\/filles-de-la-charite.org\/pt-pt\/wp-json\/wp\/v2\/categories?post=47189"},{"taxonomy":"post_tag","embeddable":true,"href":"https:\/\/filles-de-la-charite.org\/pt-pt\/wp-json\/wp\/v2\/tags?post=47189"}],"curies":[{"name":"wp","href":"https:\/\/api.w.org\/{rel}","templated":true}]}}