{"id":47374,"date":"2025-10-09T12:00:00","date_gmt":"2025-10-09T10:00:00","guid":{"rendered":"https:\/\/filles-de-la-charite.org\/?p=47374"},"modified":"2025-10-13T17:16:00","modified_gmt":"2025-10-13T15:16:00","slug":"dilexi-te-una-llamada-a-amar-a-los-pobres","status":"publish","type":"post","link":"https:\/\/filles-de-la-charite.org\/pt-pt\/dilexi-te-una-llamada-a-amar-a-los-pobres\/","title":{"rendered":"\u201cDILEXI TE\u201d: um apelo a amar os pobres"},"content":{"rendered":"\n<p>O Papa Le\u00e3o XIV publicou a Exorta\u00e7\u00e3o Apost\u00f3lica \"DILEXI TE, sobre o amor aos pobres\". Dando continuidade ao projeto do Papa Francisco, apresenta-a no in\u00edcio do pontificado, para que \u201ctodos os crist\u00e3os possam perceber a forte liga\u00e7\u00e3o que existe entre o amor de Cristo e o seu apelo a aproximar-se dos pobres\u201d (n. 3).<\/p>\n\n\n\n<p>O texto convida a reconhecer nos pobres o rosto do Senhor:<\/p>\n\n\n\n<p>\u201cO contacto com aqueles que n\u00e3o t\u00eam poder nem grandeza \u00e9 um modo fundamental de encontro com o Senhor da hist\u00f3ria\u201d (n. 5).<\/p>\n\n\n\n<p>Entre os testemunhos de caridade crist\u00e3, o Santo Padre menciona com gratid\u00e3o <em>as Filhas da Caridade de S\u00e3o Vicente de Paulo<\/em> e <em>Santa Lu\u00edsa de Marillac, sublinhando o seu cuidado materno pelos doentes e a sua \u201cb\u00ean\u00e7\u00e3o especial de Deus para servir os pobres doentes nos hospitais\u201d (<\/em>n. 51).<\/p>\n\n\n\n<p>Para n\u00f3s, <strong>Filhas da Caridade, DILEXI TE <\/strong>\u00e9 um <em>apelo claro a renovar a nossa voca\u00e7\u00e3o<\/em>: amar Cristo nos pobres, com ousadia, simplicidade e esperan\u00e7a.<br>Enquanto nos preparamos para as nossas <em>Assembleias Dom\u00e9sticas<\/em>, esta exorta\u00e7\u00e3o fortalece o nosso caminho comum e recorda-nos que a caridade continua a ser a fonte e o sopro da nossa miss\u00e3o.<\/p>\n\n\n\n<p><a href=\"https:\/\/www.vatican.va\/content\/leo-xiv\/pt\/apost_exhortations\/documents\/20251004-dilexi-te.html\" target=\"_blank\" rel=\"noreferrer noopener\">Texto completo \u2013 Dilexi te (Vatican.va)<\/a><\/p>\n","protected":false},"excerpt":{"rendered":"<p>O Papa Le\u00e3o XIV publicou a Exorta\u00e7\u00e3o Apost\u00f3lica &#8220;DILEXI TE, sobre o amor aos pobres&#8221;. Dando continuidade ao projeto do Papa Francisco, apresenta-a no in\u00edcio do pontificado, para que \u201ctodos os crist\u00e3os possam perceber a forte liga\u00e7\u00e3o que existe entre o amor de Cristo e o seu apelo a aproximar-se dos pobres\u201d (n. 3). O [&hellip;]<\/p>\n","protected":false},"author":5,"featured_media":47368,"comment_status":"closed","ping_status":"closed","sticky":false,"template":"","format":"standard","meta":{"_acf_changed":false,"footnotes":"","_links_to":"","_links_to_target":""},"categories":[845],"tags":[],"class_list":["post-47374","post","type-post","status-publish","format-standard","has-post-thumbnail","hentry","category-internacional-pt-pt"],"acf":[],"yoast_head":"<!-- This site is optimized with the Yoast SEO plugin v27.5 - https:\/\/yoast.com\/product\/yoast-seo-wordpress\/ -->\n<title>\u201cDILEXI TE\u201d: um apelo a amar os pobres - Filles de la Charit\u00e9<\/title>\n<meta name=\"robots\" content=\"index, follow, max-snippet:-1, max-image-preview:large, max-video-preview:-1\" \/>\n<link rel=\"canonical\" href=\"https:\/\/filles-de-la-charite.org\/pt-pt\/dilexi-te-una-llamada-a-amar-a-los-pobres\/\" \/>\n<meta property=\"og:locale\" content=\"pt_PT\" \/>\n<meta property=\"og:type\" content=\"article\" \/>\n<meta property=\"og:title\" content=\"\u201cDILEXI TE\u201d: um apelo a amar os pobres - Filles de la Charit\u00e9\" \/>\n<meta property=\"og:description\" content=\"O Papa Le\u00e3o XIV publicou a Exorta\u00e7\u00e3o Apost\u00f3lica &#8220;DILEXI TE, sobre o amor aos pobres&#8221;. Dando continuidade ao projeto do Papa Francisco, apresenta-a no in\u00edcio do pontificado, para que \u201ctodos os crist\u00e3os possam perceber a forte liga\u00e7\u00e3o que existe entre o amor de Cristo e o seu apelo a aproximar-se dos pobres\u201d (n. 3). O [&hellip;]\" \/>\n<meta property=\"og:url\" content=\"https:\/\/filles-de-la-charite.org\/pt-pt\/dilexi-te-una-llamada-a-amar-a-los-pobres\/\" \/>\n<meta property=\"og:site_name\" content=\"Filles de la Charit\u00e9\" \/>\n<meta property=\"article:published_time\" content=\"2025-10-09T10:00:00+00:00\" \/>\n<meta property=\"article:modified_time\" content=\"2025-10-13T15:16:00+00:00\" \/>\n<meta property=\"og:image\" content=\"https:\/\/filles-de-la-charite.org\/wp-content\/uploads\/2025\/10\/DILEXI-TE-scaled.jpg\" \/>\n\t<meta property=\"og:image:width\" content=\"2560\" \/>\n\t<meta property=\"og:image:height\" content=\"1440\" \/>\n\t<meta property=\"og:image:type\" content=\"image\/jpeg\" \/>\n<meta name=\"author\" content=\"SOR MARTA\" \/>\n<meta name=\"twitter:card\" content=\"summary_large_image\" \/>\n<meta name=\"twitter:label1\" content=\"Escrito por\" \/>\n\t<meta name=\"twitter:data1\" content=\"SOR MARTA\" \/>\n\t<meta name=\"twitter:label2\" content=\"Tempo estimado de leitura\" \/>\n\t<meta name=\"twitter:data2\" content=\"2 minutos\" \/>\n<script type=\"application\/ld+json\" class=\"yoast-schema-graph\">{\"@context\":\"https:\\\/\\\/schema.org\",\"@graph\":[{\"@type\":\"Article\",\"@id\":\"https:\\\/\\\/filles-de-la-charite.org\\\/pt-pt\\\/dilexi-te-una-llamada-a-amar-a-los-pobres\\\/#article\",\"isPartOf\":{\"@id\":\"https:\\\/\\\/filles-de-la-charite.org\\\/pt-pt\\\/dilexi-te-una-llamada-a-amar-a-los-pobres\\\/\"},\"author\":{\"name\":\"SOR MARTA\",\"@id\":\"https:\\\/\\\/filles-de-la-charite.org\\\/pt-pt\\\/#\\\/schema\\\/person\\\/0c922b6ca71280639858d297b3a7209f\"},\"headline\":\"\u201cDILEXI TE\u201d: um apelo a amar os pobres\",\"datePublished\":\"2025-10-09T10:00:00+00:00\",\"dateModified\":\"2025-10-13T15:16:00+00:00\",\"mainEntityOfPage\":{\"@id\":\"https:\\\/\\\/filles-de-la-charite.org\\\/pt-pt\\\/dilexi-te-una-llamada-a-amar-a-los-pobres\\\/\"},\"wordCount\":222,\"publisher\":{\"@id\":\"https:\\\/\\\/filles-de-la-charite.org\\\/pt-pt\\\/#organization\"},\"image\":{\"@id\":\"https:\\\/\\\/filles-de-la-charite.org\\\/pt-pt\\\/dilexi-te-una-llamada-a-amar-a-los-pobres\\\/#primaryimage\"},\"thumbnailUrl\":\"https:\\\/\\\/filles-de-la-charite.org\\\/wp-content\\\/uploads\\\/2025\\\/10\\\/DILEXI-TE-scaled.jpg\",\"articleSection\":[\"Internacional\"],\"inLanguage\":\"pt-PT\"},{\"@type\":\"WebPage\",\"@id\":\"https:\\\/\\\/filles-de-la-charite.org\\\/pt-pt\\\/dilexi-te-una-llamada-a-amar-a-los-pobres\\\/\",\"url\":\"https:\\\/\\\/filles-de-la-charite.org\\\/pt-pt\\\/dilexi-te-una-llamada-a-amar-a-los-pobres\\\/\",\"name\":\"\u201cDILEXI TE\u201d: um apelo a amar os pobres - Filles de la Charit\u00e9\",\"isPartOf\":{\"@id\":\"https:\\\/\\\/filles-de-la-charite.org\\\/pt-pt\\\/#website\"},\"primaryImageOfPage\":{\"@id\":\"https:\\\/\\\/filles-de-la-charite.org\\\/pt-pt\\\/dilexi-te-una-llamada-a-amar-a-los-pobres\\\/#primaryimage\"},\"image\":{\"@id\":\"https:\\\/\\\/filles-de-la-charite.org\\\/pt-pt\\\/dilexi-te-una-llamada-a-amar-a-los-pobres\\\/#primaryimage\"},\"thumbnailUrl\":\"https:\\\/\\\/filles-de-la-charite.org\\\/wp-content\\\/uploads\\\/2025\\\/10\\\/DILEXI-TE-scaled.jpg\",\"datePublished\":\"2025-10-09T10:00:00+00:00\",\"dateModified\":\"2025-10-13T15:16:00+00:00\",\"breadcrumb\":{\"@id\":\"https:\\\/\\\/filles-de-la-charite.org\\\/pt-pt\\\/dilexi-te-una-llamada-a-amar-a-los-pobres\\\/#breadcrumb\"},\"inLanguage\":\"pt-PT\",\"potentialAction\":[{\"@type\":\"ReadAction\",\"target\":[\"https:\\\/\\\/filles-de-la-charite.org\\\/pt-pt\\\/dilexi-te-una-llamada-a-amar-a-los-pobres\\\/\"]}]},{\"@type\":\"ImageObject\",\"inLanguage\":\"pt-PT\",\"@id\":\"https:\\\/\\\/filles-de-la-charite.org\\\/pt-pt\\\/dilexi-te-una-llamada-a-amar-a-los-pobres\\\/#primaryimage\",\"url\":\"https:\\\/\\\/filles-de-la-charite.org\\\/wp-content\\\/uploads\\\/2025\\\/10\\\/DILEXI-TE-scaled.jpg\",\"contentUrl\":\"https:\\\/\\\/filles-de-la-charite.org\\\/wp-content\\\/uploads\\\/2025\\\/10\\\/DILEXI-TE-scaled.jpg\",\"width\":2560,\"height\":1440},{\"@type\":\"BreadcrumbList\",\"@id\":\"https:\\\/\\\/filles-de-la-charite.org\\\/pt-pt\\\/dilexi-te-una-llamada-a-amar-a-los-pobres\\\/#breadcrumb\",\"itemListElement\":[{\"@type\":\"ListItem\",\"position\":1,\"name\":\"Internacional\",\"item\":\"https:\\\/\\\/filles-de-la-charite.org\\\/pt-pt\\\/category\\\/internacional-pt-pt\\\/\"},{\"@type\":\"ListItem\",\"position\":2,\"name\":\"\u201cDILEXI TE\u201d: um apelo a amar os pobres\"}]},{\"@type\":\"WebSite\",\"@id\":\"https:\\\/\\\/filles-de-la-charite.org\\\/pt-pt\\\/#website\",\"url\":\"https:\\\/\\\/filles-de-la-charite.org\\\/pt-pt\\\/\",\"name\":\"Hijas de la Caridad\",\"description\":\"L\u2019amour de J\u00e9sus nous presse \u00e0 prendre soin des personnes les plus d\u00e9munies\",\"publisher\":{\"@id\":\"https:\\\/\\\/filles-de-la-charite.org\\\/pt-pt\\\/#organization\"},\"potentialAction\":[{\"@type\":\"SearchAction\",\"target\":{\"@type\":\"EntryPoint\",\"urlTemplate\":\"https:\\\/\\\/filles-de-la-charite.org\\\/pt-pt\\\/?s={search_term_string}\"},\"query-input\":{\"@type\":\"PropertyValueSpecification\",\"valueRequired\":true,\"valueName\":\"search_term_string\"}}],\"inLanguage\":\"pt-PT\"},{\"@type\":\"Organization\",\"@id\":\"https:\\\/\\\/filles-de-la-charite.org\\\/pt-pt\\\/#organization\",\"name\":\"Hijas de la Caridad\",\"url\":\"https:\\\/\\\/filles-de-la-charite.org\\\/pt-pt\\\/\",\"logo\":{\"@type\":\"ImageObject\",\"inLanguage\":\"pt-PT\",\"@id\":\"https:\\\/\\\/filles-de-la-charite.org\\\/pt-pt\\\/#\\\/schema\\\/logo\\\/image\\\/\",\"url\":\"https:\\\/\\\/filles-de-la-charite.org\\\/wp-content\\\/uploads\\\/2023\\\/03\\\/isotipo-Hijas-de-la-Caridad.png\",\"contentUrl\":\"https:\\\/\\\/filles-de-la-charite.org\\\/wp-content\\\/uploads\\\/2023\\\/03\\\/isotipo-Hijas-de-la-Caridad.png\",\"width\":1417,\"height\":1417,\"caption\":\"Hijas de la Caridad\"},\"image\":{\"@id\":\"https:\\\/\\\/filles-de-la-charite.org\\\/pt-pt\\\/#\\\/schema\\\/logo\\\/image\\\/\"}},{\"@type\":\"Person\",\"@id\":\"https:\\\/\\\/filles-de-la-charite.org\\\/pt-pt\\\/#\\\/schema\\\/person\\\/0c922b6ca71280639858d297b3a7209f\",\"name\":\"SOR MARTA\",\"image\":{\"@type\":\"ImageObject\",\"inLanguage\":\"pt-PT\",\"@id\":\"https:\\\/\\\/secure.gravatar.com\\\/avatar\\\/d2c45b0fd6bf2d3e2670ab3d112257c24ac80fa960360bba1bdc0676485d1d09?s=96&d=mm&r=g\",\"url\":\"https:\\\/\\\/secure.gravatar.com\\\/avatar\\\/d2c45b0fd6bf2d3e2670ab3d112257c24ac80fa960360bba1bdc0676485d1d09?s=96&d=mm&r=g\",\"contentUrl\":\"https:\\\/\\\/secure.gravatar.com\\\/avatar\\\/d2c45b0fd6bf2d3e2670ab3d112257c24ac80fa960360bba1bdc0676485d1d09?s=96&d=mm&r=g\",\"caption\":\"SOR MARTA\"},\"url\":\"https:\\\/\\\/filles-de-la-charite.org\\\/pt-pt\\\/author\\\/martaemn\\\/\"}]}<\/script>\n<!-- \/ Yoast SEO plugin. -->","yoast_head_json":{"title":"\u201cDILEXI TE\u201d: um apelo a amar os pobres - Filles de la Charit\u00e9","robots":{"index":"index","follow":"follow","max-snippet":"max-snippet:-1","max-image-preview":"max-image-preview:large","max-video-preview":"max-video-preview:-1"},"canonical":"https:\/\/filles-de-la-charite.org\/pt-pt\/dilexi-te-una-llamada-a-amar-a-los-pobres\/","og_locale":"pt_PT","og_type":"article","og_title":"\u201cDILEXI TE\u201d: um apelo a amar os pobres - Filles de la Charit\u00e9","og_description":"O Papa Le\u00e3o XIV publicou a Exorta\u00e7\u00e3o Apost\u00f3lica &#8220;DILEXI TE, sobre o amor aos pobres&#8221;. Dando continuidade ao projeto do Papa Francisco, apresenta-a no in\u00edcio do pontificado, para que \u201ctodos os crist\u00e3os possam perceber a forte liga\u00e7\u00e3o que existe entre o amor de Cristo e o seu apelo a aproximar-se dos pobres\u201d (n. 3). O [&hellip;]","og_url":"https:\/\/filles-de-la-charite.org\/pt-pt\/dilexi-te-una-llamada-a-amar-a-los-pobres\/","og_site_name":"Filles de la Charit\u00e9","article_published_time":"2025-10-09T10:00:00+00:00","article_modified_time":"2025-10-13T15:16:00+00:00","og_image":[{"width":2560,"height":1440,"url":"https:\/\/filles-de-la-charite.org\/wp-content\/uploads\/2025\/10\/DILEXI-TE-scaled.jpg","type":"image\/jpeg"}],"author":"SOR MARTA","twitter_card":"summary_large_image","twitter_misc":{"Escrito por":"SOR MARTA","Tempo estimado de leitura":"2 minutos"},"schema":{"@context":"https:\/\/schema.org","@graph":[{"@type":"Article","@id":"https:\/\/filles-de-la-charite.org\/pt-pt\/dilexi-te-una-llamada-a-amar-a-los-pobres\/#article","isPartOf":{"@id":"https:\/\/filles-de-la-charite.org\/pt-pt\/dilexi-te-una-llamada-a-amar-a-los-pobres\/"},"author":{"name":"SOR MARTA","@id":"https:\/\/filles-de-la-charite.org\/pt-pt\/#\/schema\/person\/0c922b6ca71280639858d297b3a7209f"},"headline":"\u201cDILEXI TE\u201d: um apelo a amar os pobres","datePublished":"2025-10-09T10:00:00+00:00","dateModified":"2025-10-13T15:16:00+00:00","mainEntityOfPage":{"@id":"https:\/\/filles-de-la-charite.org\/pt-pt\/dilexi-te-una-llamada-a-amar-a-los-pobres\/"},"wordCount":222,"publisher":{"@id":"https:\/\/filles-de-la-charite.org\/pt-pt\/#organization"},"image":{"@id":"https:\/\/filles-de-la-charite.org\/pt-pt\/dilexi-te-una-llamada-a-amar-a-los-pobres\/#primaryimage"},"thumbnailUrl":"https:\/\/filles-de-la-charite.org\/wp-content\/uploads\/2025\/10\/DILEXI-TE-scaled.jpg","articleSection":["Internacional"],"inLanguage":"pt-PT"},{"@type":"WebPage","@id":"https:\/\/filles-de-la-charite.org\/pt-pt\/dilexi-te-una-llamada-a-amar-a-los-pobres\/","url":"https:\/\/filles-de-la-charite.org\/pt-pt\/dilexi-te-una-llamada-a-amar-a-los-pobres\/","name":"\u201cDILEXI TE\u201d: um apelo a amar os pobres - Filles de la Charit\u00e9","isPartOf":{"@id":"https:\/\/filles-de-la-charite.org\/pt-pt\/#website"},"primaryImageOfPage":{"@id":"https:\/\/filles-de-la-charite.org\/pt-pt\/dilexi-te-una-llamada-a-amar-a-los-pobres\/#primaryimage"},"image":{"@id":"https:\/\/filles-de-la-charite.org\/pt-pt\/dilexi-te-una-llamada-a-amar-a-los-pobres\/#primaryimage"},"thumbnailUrl":"https:\/\/filles-de-la-charite.org\/wp-content\/uploads\/2025\/10\/DILEXI-TE-scaled.jpg","datePublished":"2025-10-09T10:00:00+00:00","dateModified":"2025-10-13T15:16:00+00:00","breadcrumb":{"@id":"https:\/\/filles-de-la-charite.org\/pt-pt\/dilexi-te-una-llamada-a-amar-a-los-pobres\/#breadcrumb"},"inLanguage":"pt-PT","potentialAction":[{"@type":"ReadAction","target":["https:\/\/filles-de-la-charite.org\/pt-pt\/dilexi-te-una-llamada-a-amar-a-los-pobres\/"]}]},{"@type":"ImageObject","inLanguage":"pt-PT","@id":"https:\/\/filles-de-la-charite.org\/pt-pt\/dilexi-te-una-llamada-a-amar-a-los-pobres\/#primaryimage","url":"https:\/\/filles-de-la-charite.org\/wp-content\/uploads\/2025\/10\/DILEXI-TE-scaled.jpg","contentUrl":"https:\/\/filles-de-la-charite.org\/wp-content\/uploads\/2025\/10\/DILEXI-TE-scaled.jpg","width":2560,"height":1440},{"@type":"BreadcrumbList","@id":"https:\/\/filles-de-la-charite.org\/pt-pt\/dilexi-te-una-llamada-a-amar-a-los-pobres\/#breadcrumb","itemListElement":[{"@type":"ListItem","position":1,"name":"Internacional","item":"https:\/\/filles-de-la-charite.org\/pt-pt\/category\/internacional-pt-pt\/"},{"@type":"ListItem","position":2,"name":"\u201cDILEXI TE\u201d: um apelo a amar os pobres"}]},{"@type":"WebSite","@id":"https:\/\/filles-de-la-charite.org\/pt-pt\/#website","url":"https:\/\/filles-de-la-charite.org\/pt-pt\/","name":"Hijas de la Caridad","description":"L\u2019amour de J\u00e9sus nous presse \u00e0 prendre soin des personnes les plus d\u00e9munies","publisher":{"@id":"https:\/\/filles-de-la-charite.org\/pt-pt\/#organization"},"potentialAction":[{"@type":"SearchAction","target":{"@type":"EntryPoint","urlTemplate":"https:\/\/filles-de-la-charite.org\/pt-pt\/?s={search_term_string}"},"query-input":{"@type":"PropertyValueSpecification","valueRequired":true,"valueName":"search_term_string"}}],"inLanguage":"pt-PT"},{"@type":"Organization","@id":"https:\/\/filles-de-la-charite.org\/pt-pt\/#organization","name":"Hijas de la Caridad","url":"https:\/\/filles-de-la-charite.org\/pt-pt\/","logo":{"@type":"ImageObject","inLanguage":"pt-PT","@id":"https:\/\/filles-de-la-charite.org\/pt-pt\/#\/schema\/logo\/image\/","url":"https:\/\/filles-de-la-charite.org\/wp-content\/uploads\/2023\/03\/isotipo-Hijas-de-la-Caridad.png","contentUrl":"https:\/\/filles-de-la-charite.org\/wp-content\/uploads\/2023\/03\/isotipo-Hijas-de-la-Caridad.png","width":1417,"height":1417,"caption":"Hijas de la Caridad"},"image":{"@id":"https:\/\/filles-de-la-charite.org\/pt-pt\/#\/schema\/logo\/image\/"}},{"@type":"Person","@id":"https:\/\/filles-de-la-charite.org\/pt-pt\/#\/schema\/person\/0c922b6ca71280639858d297b3a7209f","name":"SOR MARTA","image":{"@type":"ImageObject","inLanguage":"pt-PT","@id":"https:\/\/secure.gravatar.com\/avatar\/d2c45b0fd6bf2d3e2670ab3d112257c24ac80fa960360bba1bdc0676485d1d09?s=96&d=mm&r=g","url":"https:\/\/secure.gravatar.com\/avatar\/d2c45b0fd6bf2d3e2670ab3d112257c24ac80fa960360bba1bdc0676485d1d09?s=96&d=mm&r=g","contentUrl":"https:\/\/secure.gravatar.com\/avatar\/d2c45b0fd6bf2d3e2670ab3d112257c24ac80fa960360bba1bdc0676485d1d09?s=96&d=mm&r=g","caption":"SOR MARTA"},"url":"https:\/\/filles-de-la-charite.org\/pt-pt\/author\/martaemn\/"}]}},"_links":{"self":[{"href":"https:\/\/filles-de-la-charite.org\/pt-pt\/wp-json\/wp\/v2\/posts\/47374","targetHints":{"allow":["GET"]}}],"collection":[{"href":"https:\/\/filles-de-la-charite.org\/pt-pt\/wp-json\/wp\/v2\/posts"}],"about":[{"href":"https:\/\/filles-de-la-charite.org\/pt-pt\/wp-json\/wp\/v2\/types\/post"}],"author":[{"embeddable":true,"href":"https:\/\/filles-de-la-charite.org\/pt-pt\/wp-json\/wp\/v2\/users\/5"}],"replies":[{"embeddable":true,"href":"https:\/\/filles-de-la-charite.org\/pt-pt\/wp-json\/wp\/v2\/comments?post=47374"}],"version-history":[{"count":4,"href":"https:\/\/filles-de-la-charite.org\/pt-pt\/wp-json\/wp\/v2\/posts\/47374\/revisions"}],"predecessor-version":[{"id":47412,"href":"https:\/\/filles-de-la-charite.org\/pt-pt\/wp-json\/wp\/v2\/posts\/47374\/revisions\/47412"}],"wp:featuredmedia":[{"embeddable":true,"href":"https:\/\/filles-de-la-charite.org\/pt-pt\/wp-json\/wp\/v2\/media\/47368"}],"wp:attachment":[{"href":"https:\/\/filles-de-la-charite.org\/pt-pt\/wp-json\/wp\/v2\/media?parent=47374"}],"wp:term":[{"taxonomy":"category","embeddable":true,"href":"https:\/\/filles-de-la-charite.org\/pt-pt\/wp-json\/wp\/v2\/categories?post=47374"},{"taxonomy":"post_tag","embeddable":true,"href":"https:\/\/filles-de-la-charite.org\/pt-pt\/wp-json\/wp\/v2\/tags?post=47374"}],"curies":[{"name":"wp","href":"https:\/\/api.w.org\/{rel}","templated":true}]}}